{"id":41,"date":"2019-08-14T22:00:00","date_gmt":"2019-08-14T20:00:00","guid":{"rendered":"https:\/\/hoyre.no\/lindesnes\/aktuelt\/bli_bedre_kjent_med_odd_harket_steindal\/"},"modified":"2019-08-14T22:00:00","modified_gmt":"2019-08-14T20:00:00","slug":"bli_bedre_kjent_med_odd_harket_steindal","status":"publish","type":"post","link":"https:\/\/hoyre.no\/lindesnes\/aktuelt\/bli_bedre_kjent_med_odd_harket_steindal\/","title":{"rendered":"Bli bedre kjent med Odd Harket Steindal"},"content":{"rendered":"<p class=\"preamble\">Odd Harket Steindal er p\u00e5 40. plass p\u00e5 Lindesnes H\u00f8yres liste til kommunevalget i \u00e5r. Han er innflytter fra Lillesand til Slippen i Mandal. Han er en usedvanlig blid, positiv og samfunnsengasjert kar. Han har politisk erfaring s\u00e5 det holde! Har tidligere v\u00e6rt ordf\u00f8rer i Lillesand.V\u00e6rt leder av planutvalget og oppvekstutvalget der.I tillegg var han leder av Lillesand H\u00f8yre. Herkan du bli bedre kjent med Odd. n n<\/p>\t\t\t<div class=\"post-meta wp-block teft-byline-wrapper\">\n\t\t\t\t<div class=\"top\">\n\t\t\t\t\t<div class=\"signature\">\n\t\t\t\t\t\t<div class=\"teft-byline\">\n\t\t\t\t\t\t\t\t\t\t\t\t\t\t<div>\n\t\t\t\t\t\t\t\t<h3>H\u00f8yres redaksjon<\/h3>\t\t\t\t\t\t\t\t\n\t\t\t\t\t\t\t\t\t\t\t\t\t\t\t\t\t<span class=\"date\">Sist oppdatert: 14. august 2019<\/span>\n\t\t\t\t\t\t\t\t\t\t\t\t\t\t\t\t\t\t\t\t\t\t\t\t\t<span class=\"reading-time\" itemprop=\"timeRequired\" content=\"PT2M\"><em>Ca. 2 minutter lesetid<\/em><\/span>\n\t\t\t\t\t\t\t\t\t\t\t\t\t\t\t<\/div>\n\t\t\t\t\t\t<\/div>\n\t\t\t\t\t<\/div>\n\t\t\t\t\t\t<div class=\"sharing\">\n\t\t<a class=\"share-button share-link copy-link\" data-copy=\"https:\/\/hoyre.no\/lindesnes\/aktuelt\/bli_bedre_kjent_med_odd_harket_steindal\/\" target=\"_blank\"><span class=\"screen-reader-text\">Del link<\/span><\/a>\n\t\t<a class=\"share-button share-twitter\" href=\"http:\/\/twitter.com\/share?text=Bli bedre kjent med Odd Harket Steindal&#038;url=https:\/\/hoyre.no\/lindesnes\/aktuelt\/bli_bedre_kjent_med_odd_harket_steindal\/&#038;hashtags=Hoyre\" target=\"_blank\"><span class=\"screen-reader-text\">Del p\u00e5 twitter<\/span><\/a>\n\t\t<a class=\"share-button share-facebook\" href=\"https:\/\/www.facebook.com\/sharer\/sharer.php?u=https:\/\/hoyre.no\/lindesnes\/aktuelt\/bli_bedre_kjent_med_odd_harket_steindal\/\" target=\"_blank\"><span class=\"screen-reader-text\">Del p\u00e5 facebook<\/span><\/a>\n\t<\/div>\n\t\t\t\t\t<\/div>\n\t\t\t<\/div>\n\n\t\t\t<figure class=\"hoyre-image-wrapper\"><div class=\"hoyre-image\"><img loading=\"lazy\" decoding=\"async\" width=\"851\" height=\"479\" src=\"https:\/\/hoyre.no\/content\/uploads\/sites\/26\/2020\/11\/odd_siste-16-9.jpg\" class=\"attachment-scaled size-scaled\" alt=\"\" style=\"object-position: 50% 50%\" srcset=\"https:\/\/hoyre.no\/content\/uploads\/sites\/26\/2020\/11\/odd_siste-16-9.jpg 851w, https:\/\/hoyre.no\/content\/uploads\/sites\/26\/2020\/11\/odd_siste-16-9-300x169.jpg 300w, https:\/\/hoyre.no\/content\/uploads\/sites\/26\/2020\/11\/odd_siste-16-9-768x432.jpg 768w\" sizes=\"auto, (max-width: 851px) 100vw, 851px\" \/><\/div><\/figure><div id=\"hoyre-old-article-content-wrapper\"><ol>n<\/ol>n<p><strong>Personalia:<\/strong> Odd Harket Steindal, 68 \u00e5r, er gift og bosatt p\u00e5 Slippen i Mandal. Er n\u00e5 daglig leder i Mandal Handel og Serviceforening (MHSF).<\/p>n<ol>n<\/ol>nn<p><strong>Utdanning:<\/strong> Agrotekniker og bygningsingeni\u00f8r.n<\/p>nn<ol start=\"3\">n<\/ol>n<p><strong>Jobberfaring:<\/strong> Bonde, landbrukskonsulent, jordbrukssjef, enhetsleder bygg- og eiendomsforvaltning, enhetsleder teknisk drift. <\/p>nn<h2><strong>Hvorfor politisk aktiv?<\/strong><\/h2>n<p><strong><\/strong>Jeg har alltid v\u00e6rt samfunnsengasjert. \u00d8nsker \u00e5 v\u00e6re en aktiv medspiller i samfunnsutviklingen.n<\/p>nn<h2><strong>Hva er dine hjertesaker?<\/strong><\/h2>n<p><strong><\/strong>Jeg vil arbeide for at Lindesnes fortsatt er en attraktiv kommune \u00e5 bo og jobbe i. Vi skal ha trygge oppvekstsvilk\u00e5r og skoler som gir et godt tilbud til alle elever. Det m\u00e5 legges bedre til rette for myke trafikanter i hele kommunen, og sykkelstier m\u00e5 bygges ut i et st\u00f8rre tempo enn i dag. Lindesnes skal v\u00e6re en ja-kommune der vi legger til rette for at vi bruker hele kommunen. Det skal v\u00e6re lett \u00e5 etablere nye arbeidsplasser og det skal legges til rette for et varierende botilbud. Jeg vil ogs\u00e5 arbeide for \u00e5 fjerne eiendomsskatten s\u00e5 snart som mulig.n<\/p><strong>nn<p><\/p>nn<p>n  <br \/>n<\/p><\/strong><\/div>\n<div class=\"tags\">\n\t<\/div>\n<div class=\"post-footer alignfull has-background block-editor-block-list__block\" data-align=full>\n\t<div class=\"post-footer-inner\">\n\t\t<h3>Relaterte artikler<\/h3>\n\t\t<div class=\"related-content\"><div class=\"is-card-hoyre\">\n\t<div class=\"teft-card hoyre-teft-card post-teft-card\">\n\t\t<a href=\"https:\/\/hoyre.no\/lindesnes\/aktuelt\/takk-for-et-flott-arsmote-%f0%9f%92%99\/\" class=\"teft-card__primary-action\">\n\n\t\t\t\t\t<div class=\"teft-card__media teft-card__media--16-9\">\n\t\t\t\t\t\t<img loading=\"lazy\" decoding=\"async\" width=\"768\" height=\"527\" src=\"https:\/\/hoyre.no\/content\/uploads\/sites\/26\/2025\/12\/image-768x527.png\" class=\"attachment-medium_large size-medium_large\" alt=\"\" srcset=\"https:\/\/hoyre.no\/content\/uploads\/sites\/26\/2025\/12\/image-768x527.png 768w, https:\/\/hoyre.no\/content\/uploads\/sites\/26\/2025\/12\/image-300x206.png 300w, https:\/\/hoyre.no\/content\/uploads\/sites\/26\/2025\/12\/image-1024x703.png 1024w, https:\/\/hoyre.no\/content\/uploads\/sites\/26\/2025\/12\/image-1536x1055.png 1536w, https:\/\/hoyre.no\/content\/uploads\/sites\/26\/2025\/12\/image-2048x1406.png 2048w\" sizes=\"auto, (max-width: 768px) 100vw, 768px\" \/>\t\t<\/div>\n\t\t\n\t\t\t<div class=\"teft-card__content-wrapper\">\n\t\t\t\t<div class=\"teft-card__secondary\">\n\t\t\t\t\t\n\t\t\t\t\t\t\t\t<div class=\"teft-card__meta\">\n\t\t\t\t\t\t\t\t\t<span class=\"post-date\">2. des 2025<\/span>\n\n\t\t\t\t\t\t\t\t\t<span class=\"post-category\">Ukategorisert<\/span>\t\t\t\t\t\t\t\t<\/div>\n\t\t\t\t\t\t\t\t\t\t\t<\/div>\n\n\t\t\t\t<div class=\"teft-card__primary\">\n\t\t\t\t\t<h2 class=\"teft-card__title\">Takk for et flott \u00e5rsm\u00f8te! \ud83d\udc99&nbsp;<span class=\"teft-card__primary-title-append\"><\/span><\/h2>\t\t\t\t<\/div>\n\t\t\t<\/div>\n\t\t<\/a>\n\t<\/div>\n\n\t<\/div><div class=\"is-card-hoyre\">\n\t<div class=\"teft-card hoyre-teft-card post-teft-card\">\n\t\t<a href=\"https:\/\/hoyre.no\/lindesnes\/aktuelt\/arsmote-lindesnes-hoyre\/\" class=\"teft-card__primary-action\">\n\n\t\t\t\t\t<div class=\"teft-card__media teft-card__media--16-9\">\n\t\t\t\t\t\t<img loading=\"lazy\" decoding=\"async\" width=\"768\" height=\"529\" src=\"https:\/\/hoyre.no\/content\/uploads\/sites\/26\/2022\/09\/Arsmote-1200x826-1-768x529.jpg\" class=\"attachment-medium_large size-medium_large\" alt=\"\" srcset=\"https:\/\/hoyre.no\/content\/uploads\/sites\/26\/2022\/09\/Arsmote-1200x826-1-768x529.jpg 768w, https:\/\/hoyre.no\/content\/uploads\/sites\/26\/2022\/09\/Arsmote-1200x826-1-300x207.jpg 300w, https:\/\/hoyre.no\/content\/uploads\/sites\/26\/2022\/09\/Arsmote-1200x826-1-1024x705.jpg 1024w, https:\/\/hoyre.no\/content\/uploads\/sites\/26\/2022\/09\/Arsmote-1200x826-1.jpg 1200w\" sizes=\"auto, (max-width: 768px) 100vw, 768px\" \/>\t\t<\/div>\n\t\t\n\t\t\t<div class=\"teft-card__content-wrapper\">\n\t\t\t\t<div class=\"teft-card__secondary\">\n\t\t\t\t\t\n\t\t\t\t\t\t\t\t<div class=\"teft-card__meta\">\n\t\t\t\t\t\t\t\t\t<span class=\"post-date\">23. okt 2024<\/span>\n\n\t\t\t\t\t\t\t\t\t<span class=\"post-category\">Ukategorisert<\/span>\t\t\t\t\t\t\t\t<\/div>\n\t\t\t\t\t\t\t\t\t\t\t<\/div>\n\n\t\t\t\t<div class=\"teft-card__primary\">\n\t\t\t\t\t<h2 class=\"teft-card__title\">\u00c5rsm\u00f8te-Lindesnes H\u00f8yre&nbsp;<span class=\"teft-card__primary-title-append\"><\/span><\/h2>\t\t\t\t<\/div>\n\t\t\t<\/div>\n\t\t<\/a>\n\t<\/div>\n\n\t<\/div><div class=\"is-card-hoyre\">\n\t<div class=\"teft-card hoyre-teft-card post-teft-card\">\n\t\t<a href=\"https:\/\/hoyre.no\/lindesnes\/aktuelt\/onsker-du-a-komme-i-kontakt-med-vare-utvalgsrepresentanter\/\" class=\"teft-card__primary-action\">\n\n\t\t\t\t\t<div class=\"teft-card__media teft-card__media--16-9\">\n\t\t\t\t\t\t<img loading=\"lazy\" decoding=\"async\" width=\"768\" height=\"1024\" src=\"https:\/\/hoyre.no\/content\/uploads\/sites\/26\/2023\/07\/Hoyre-mandal-bilder_2-768x1024.jpg\" class=\"attachment-medium_large size-medium_large\" alt=\"\" srcset=\"https:\/\/hoyre.no\/content\/uploads\/sites\/26\/2023\/07\/Hoyre-mandal-bilder_2-768x1024.jpg 768w, https:\/\/hoyre.no\/content\/uploads\/sites\/26\/2023\/07\/Hoyre-mandal-bilder_2-225x300.jpg 225w, https:\/\/hoyre.no\/content\/uploads\/sites\/26\/2023\/07\/Hoyre-mandal-bilder_2-1152x1536.jpg 1152w, https:\/\/hoyre.no\/content\/uploads\/sites\/26\/2023\/07\/Hoyre-mandal-bilder_2-1536x2048.jpg 1536w, https:\/\/hoyre.no\/content\/uploads\/sites\/26\/2023\/07\/Hoyre-mandal-bilder_2-scaled.jpg 1875w\" sizes=\"auto, (max-width: 768px) 100vw, 768px\" \/>\t\t<\/div>\n\t\t\n\t\t\t<div class=\"teft-card__content-wrapper\">\n\t\t\t\t<div class=\"teft-card__secondary\">\n\t\t\t\t\t\n\t\t\t\t\t\t\t\t<div class=\"teft-card__meta\">\n\t\t\t\t\t\t\t\t\t<span class=\"post-date\">22. feb 2024<\/span>\n\n\t\t\t\t\t\t\t\t\t<span class=\"post-category\">Ukategorisert<\/span>\t\t\t\t\t\t\t\t<\/div>\n\t\t\t\t\t\t\t\t\t\t\t<\/div>\n\n\t\t\t\t<div class=\"teft-card__primary\">\n\t\t\t\t\t<h2 class=\"teft-card__title\">\u00d8nsker du \u00e5 komme i kontakt med v\u00e5re utvalgsrepresentanter?&nbsp;<span class=\"teft-card__primary-title-append\"><\/span><\/h2>\t\t\t\t<\/div>\n\t\t\t<\/div>\n\t\t<\/a>\n\t<\/div>\n\n\t<\/div><\/div>\t<\/div>\n<\/div>\n","protected":false},"excerpt":{"rendered":"","protected":false},"author":0,"featured_media":0,"comment_status":"open","ping_status":"open","sticky":false,"template":"","format":"standard","meta":{"teft_cards_image_url":"https:\/\/hoyre.no\/content\/uploads\/sites\/26\/2020\/11\/odd_siste-16-9.jpg","teft_cards_custom_pretitle":"","teft_cards_image_id":40,"teft_cards_image_focal_point_x":0,"teft_cards_image_focal_point_y":0,"teft_cards_title":"","teft_cards_excerpt":"","teft_show_chapters":false,"author_display_name":"Lene R\u00f8mteland H\u00e6gbostad","footnotes":""},"category":[1],"post_tag":[],"hoyre-visibility":[],"article-type":[],"politician":[],"class_list":["post-41","post","type-post","status-publish","format-standard","hentry","category-ukategorisert"],"yoast_head":"<!-- This site is optimized with the Yoast SEO plugin v26.6 - https:\/\/yoast.com\/wordpress\/plugins\/seo\/ -->\n<title>Bli bedre kjent med Odd Harket Steindal - Lindesnes H\u00f8yre<\/title>\n<meta name=\"robots\" content=\"index, follow, max-snippet:-1, max-image-preview:large, max-video-preview:-1\" \/>\n<link rel=\"canonical\" href=\"https:\/\/hoyre.no\/lindesnes\/aktuelt\/bli_bedre_kjent_med_odd_harket_steindal\/\" \/>\n<meta property=\"og:locale\" content=\"nb_NO\" \/>\n<meta property=\"og:type\" content=\"article\" \/>\n<meta property=\"og:title\" content=\"Bli bedre kjent med Odd Harket Steindal - Lindesnes H\u00f8yre\" \/>\n<meta property=\"og:url\" content=\"https:\/\/hoyre.no\/lindesnes\/aktuelt\/bli_bedre_kjent_med_odd_harket_steindal\/\" \/>\n<meta property=\"og:site_name\" content=\"Lindesnes H\u00f8yre\" \/>\n<meta property=\"article:published_time\" content=\"2019-08-14T20:00:00+00:00\" \/>\n<meta property=\"og:image\" content=\"https:\/\/hoyre.no\/content\/uploads\/sites\/26\/2023\/07\/Hoyre-mandal-bilder_2-768x1024.jpg\" \/>\n<meta name=\"twitter:card\" content=\"summary_large_image\" \/>\n<meta name=\"twitter:label1\" content=\"Ansl. lesetid\" \/>\n\t<meta name=\"twitter:data1\" content=\"1 minutt\" \/>\n<script type=\"application\/ld+json\" class=\"yoast-schema-graph\">{\"@context\":\"https:\/\/schema.org\",\"@graph\":[{\"@type\":\"NewsArticle\",\"@id\":\"https:\/\/hoyre.no\/lindesnes\/aktuelt\/bli_bedre_kjent_med_odd_harket_steindal\/\",\"url\":\"https:\/\/hoyre.no\/lindesnes\/aktuelt\/bli_bedre_kjent_med_odd_harket_steindal\/\",\"name\":\"Bli bedre kjent med Odd Harket Steindal - Lindesnes H\u00f8yre\",\"isPartOf\":{\"@id\":\"https:\/\/hoyre.no\/lindesnes\/#website\"},\"datePublished\":\"2019-08-14T20:00:00+00:00\",\"author\":{\"@id\":\"\"},\"breadcrumb\":{\"@id\":\"https:\/\/hoyre.no\/lindesnes\/aktuelt\/bli_bedre_kjent_med_odd_harket_steindal\/#breadcrumb\"},\"inLanguage\":\"nb-NO\",\"potentialAction\":[{\"@type\":\"ReadAction\",\"target\":[\"https:\/\/hoyre.no\/lindesnes\/aktuelt\/bli_bedre_kjent_med_odd_harket_steindal\/\"]}]},{\"@type\":\"BreadcrumbList\",\"@id\":\"https:\/\/hoyre.no\/lindesnes\/aktuelt\/bli_bedre_kjent_med_odd_harket_steindal\/#breadcrumb\",\"itemListElement\":[{\"@type\":\"ListItem\",\"position\":1,\"name\":\"Til hoyre.no\",\"item\":\"https:\/\/hoyre.no\"},{\"@type\":\"ListItem\",\"position\":2,\"name\":\"Hjem\",\"item\":\"https:\/\/hoyre.no\/lindesnes\/\"},{\"@type\":\"ListItem\",\"position\":3,\"name\":\"Bli bedre kjent med Odd Harket Steindal\"}]},{\"@type\":\"WebSite\",\"@id\":\"https:\/\/hoyre.no\/lindesnes\/#website\",\"url\":\"https:\/\/hoyre.no\/lindesnes\/\",\"name\":\"Lindesnes H\u00f8yre\",\"description\":\"Bare enda et H\u00f8yres nettsteder-nettsted\",\"inLanguage\":\"nb-NO\"}]}<\/script>\n<!-- \/ Yoast SEO plugin. -->","yoast_head_json":{"title":"Bli bedre kjent med Odd Harket Steindal - Lindesnes H\u00f8yre","robots":{"index":"index","follow":"follow","max-snippet":"max-snippet:-1","max-image-preview":"max-image-preview:large","max-video-preview":"max-video-preview:-1"},"canonical":"https:\/\/hoyre.no\/lindesnes\/aktuelt\/bli_bedre_kjent_med_odd_harket_steindal\/","og_locale":"nb_NO","og_type":"article","og_title":"Bli bedre kjent med Odd Harket Steindal - Lindesnes H\u00f8yre","og_url":"https:\/\/hoyre.no\/lindesnes\/aktuelt\/bli_bedre_kjent_med_odd_harket_steindal\/","og_site_name":"Lindesnes H\u00f8yre","article_published_time":"2019-08-14T20:00:00+00:00","og_image":[{"url":"https:\/\/hoyre.no\/content\/uploads\/sites\/26\/2023\/07\/Hoyre-mandal-bilder_2-768x1024.jpg","width":"","height":"","type":""}],"twitter_card":"summary_large_image","twitter_misc":{"Ansl. lesetid":"1 minutt"},"schema":{"@context":"https:\/\/schema.org","@graph":[{"@type":"NewsArticle","@id":"https:\/\/hoyre.no\/lindesnes\/aktuelt\/bli_bedre_kjent_med_odd_harket_steindal\/","url":"https:\/\/hoyre.no\/lindesnes\/aktuelt\/bli_bedre_kjent_med_odd_harket_steindal\/","name":"Bli bedre kjent med Odd Harket Steindal - Lindesnes H\u00f8yre","isPartOf":{"@id":"https:\/\/hoyre.no\/lindesnes\/#website"},"datePublished":"2019-08-14T20:00:00+00:00","author":{"@id":""},"breadcrumb":{"@id":"https:\/\/hoyre.no\/lindesnes\/aktuelt\/bli_bedre_kjent_med_odd_harket_steindal\/#breadcrumb"},"inLanguage":"nb-NO","potentialAction":[{"@type":"ReadAction","target":["https:\/\/hoyre.no\/lindesnes\/aktuelt\/bli_bedre_kjent_med_odd_harket_steindal\/"]}]},{"@type":"BreadcrumbList","@id":"https:\/\/hoyre.no\/lindesnes\/aktuelt\/bli_bedre_kjent_med_odd_harket_steindal\/#breadcrumb","itemListElement":[{"@type":"ListItem","position":1,"name":"Til hoyre.no","item":"https:\/\/hoyre.no"},{"@type":"ListItem","position":2,"name":"Hjem","item":"https:\/\/hoyre.no\/lindesnes\/"},{"@type":"ListItem","position":3,"name":"Bli bedre kjent med Odd Harket Steindal"}]},{"@type":"WebSite","@id":"https:\/\/hoyre.no\/lindesnes\/#website","url":"https:\/\/hoyre.no\/lindesnes\/","name":"Lindesnes H\u00f8yre","description":"Bare enda et H\u00f8yres nettsteder-nettsted","inLanguage":"nb-NO"}]}},"distributor_meta":false,"distributor_terms":false,"distributor_media":false,"distributor_original_site_name":"Lindesnes H\u00f8yre","distributor_original_site_url":"https:\/\/hoyre.no\/lindesnes","push-errors":false,"_links":{"self":[{"href":"https:\/\/hoyre.no\/lindesnes\/wp-json\/wp\/v2\/posts\/41","targetHints":{"allow":["GET"]}}],"collection":[{"href":"https:\/\/hoyre.no\/lindesnes\/wp-json\/wp\/v2\/posts"}],"about":[{"href":"https:\/\/hoyre.no\/lindesnes\/wp-json\/wp\/v2\/types\/post"}],"replies":[{"embeddable":true,"href":"https:\/\/hoyre.no\/lindesnes\/wp-json\/wp\/v2\/comments?post=41"}],"version-history":[{"count":0,"href":"https:\/\/hoyre.no\/lindesnes\/wp-json\/wp\/v2\/posts\/41\/revisions"}],"wp:attachment":[{"href":"https:\/\/hoyre.no\/lindesnes\/wp-json\/wp\/v2\/media?parent=41"}],"wp:term":[{"taxonomy":"category","embeddable":true,"href":"https:\/\/hoyre.no\/lindesnes\/wp-json\/wp\/v2\/category?post=41"},{"taxonomy":"post_tag","embeddable":true,"href":"https:\/\/hoyre.no\/lindesnes\/wp-json\/wp\/v2\/post_tag?post=41"},{"taxonomy":"hoyre-visibility","embeddable":true,"href":"https:\/\/hoyre.no\/lindesnes\/wp-json\/wp\/v2\/hoyre-visibility?post=41"},{"taxonomy":"article-type","embeddable":true,"href":"https:\/\/hoyre.no\/lindesnes\/wp-json\/wp\/v2\/article-type?post=41"},{"taxonomy":"politician","embeddable":true,"href":"https:\/\/hoyre.no\/lindesnes\/wp-json\/wp\/v2\/politician?post=41"}],"curies":[{"name":"wp","href":"https:\/\/api.w.org\/{rel}","templated":true}]}}