{"id":59,"date":"2019-08-21T06:16:00","date_gmt":"2019-08-21T04:16:00","guid":{"rendered":"https:\/\/hoyre.no\/lindesnes\/aktuelt\/vi-tror-pa-lindesnes\/"},"modified":"2019-08-21T06:16:00","modified_gmt":"2019-08-21T04:16:00","slug":"vi-tror-pa-lindesnes","status":"publish","type":"post","link":"https:\/\/hoyre.no\/lindesnes\/aktuelt\/vi-tror-pa-lindesnes\/","title":{"rendered":"Vi tror p\u00e5 Lindesnes"},"content":{"rendered":"<p class=\"preamble\">Kommune- og fylkestingsvalget n\u00e6rmer seg. Her har du gode grunner til hvorfor du b\u00f8r stemme H\u00f8yre til h\u00f8sten!<\/p>\t\t\t<div class=\"post-meta wp-block teft-byline-wrapper\">\n\t\t\t\t<div class=\"top\">\n\t\t\t\t\t<div class=\"signature\">\n\t\t\t\t\t\t<div class=\"teft-byline\">\n\t\t\t\t\t\t\t\t\t\t\t\t\t\t<div>\n\t\t\t\t\t\t\t\t<h3>H\u00f8yres redaksjon<\/h3>\t\t\t\t\t\t\t\t\n\t\t\t\t\t\t\t\t\t\t\t\t\t\t\t\t\t<span class=\"date\">Sist oppdatert: 21. august 2019<\/span>\n\t\t\t\t\t\t\t\t\t\t\t\t\t\t\t\t\t\t\t\t\t\t\t\t\t<span class=\"reading-time\" itemprop=\"timeRequired\" content=\"PT2M\"><em>Ca. 2 minutter lesetid<\/em><\/span>\n\t\t\t\t\t\t\t\t\t\t\t\t\t\t\t<\/div>\n\t\t\t\t\t\t<\/div>\n\t\t\t\t\t<\/div>\n\t\t\t\t\t\t<div class=\"sharing\">\n\t\t<a class=\"share-button share-link copy-link\" data-copy=\"https:\/\/hoyre.no\/lindesnes\/aktuelt\/vi-tror-pa-lindesnes\/\" target=\"_blank\"><span class=\"screen-reader-text\">Del link<\/span><\/a>\n\t\t<a class=\"share-button share-twitter\" href=\"http:\/\/twitter.com\/share?text=Vi tror p\u00e5 Lindesnes&#038;url=https:\/\/hoyre.no\/lindesnes\/aktuelt\/vi-tror-pa-lindesnes\/&#038;hashtags=Hoyre\" target=\"_blank\"><span class=\"screen-reader-text\">Del p\u00e5 twitter<\/span><\/a>\n\t\t<a class=\"share-button share-facebook\" href=\"https:\/\/www.facebook.com\/sharer\/sharer.php?u=https:\/\/hoyre.no\/lindesnes\/aktuelt\/vi-tror-pa-lindesnes\/\" target=\"_blank\"><span class=\"screen-reader-text\">Del p\u00e5 facebook<\/span><\/a>\n\t<\/div>\n\t\t\t\t\t<\/div>\n\t\t\t<\/div>\n\n\t\t\t<figure class=\"hoyre-image-wrapper\"><div class=\"hoyre-image\"><img loading=\"lazy\" decoding=\"async\" width=\"860\" height=\"480\" src=\"https:\/\/hoyre.no\/content\/uploads\/sites\/26\/2020\/11\/lindesnes_jannefardalkristoffersen_860x480.jpg\" class=\"attachment-scaled size-scaled\" alt=\"\" style=\"object-position: 50% 50%\" srcset=\"https:\/\/hoyre.no\/content\/uploads\/sites\/26\/2020\/11\/lindesnes_jannefardalkristoffersen_860x480.jpg 860w, https:\/\/hoyre.no\/content\/uploads\/sites\/26\/2020\/11\/lindesnes_jannefardalkristoffersen_860x480-300x167.jpg 300w, https:\/\/hoyre.no\/content\/uploads\/sites\/26\/2020\/11\/lindesnes_jannefardalkristoffersen_860x480-768x429.jpg 768w\" sizes=\"auto, (max-width: 860px) 100vw, 860px\" \/><\/div><\/figure><div id=\"hoyre-old-article-content-wrapper\"><p><strong>Dette skal Lindesnes H\u00f8yre jobbe for de neste \u00e5rene:<\/strong><\/p>n<ul>n    <li>Jobbe for ny fylkesvei fra E39 mot Lindesnes.<\/li>n    <li>Holde kommunens beskatning av husholdninger og arbeidsplasser, som e-skatt og andre kommunale avgifter, p\u00e5 et s\u00e5 lavt niv\u00e5 som mulig. M\u00e5let er \u00e5 fjerne e-skatt helt.<\/li>n    <li>Legge til rette for utbygging av digital infrastruktur og utvikling av ny kommunikasjonsteknologi som reduserer avstandsulemper i distriktene.<\/li>n    <li>Prioritere barn og unge og legge til rette tiltak for at alle skal klare \u00e5 gjennomf\u00f8re skolel\u00f8pet.<\/li>n    <li>Ansette en frivillighetskoordinator for \u00e5 koordiner og stimuler frivillighetsarbeidet.<\/li>n    <li>Jobbe for \u00e5 f\u00e5 en plastfri kommune.<\/li>n    <li>Styrke kvaliteten og kapasiteten i omsorgssektoren i hele kommunen og bygge nytt helsehus i Mandal.<\/li>n    <li>Redusere administrasjonen betydelig og bruke frigjorte ressurser til \u00e5 styrke tjenester og l\u00f8se prioriterte oppgaver.<\/li>n    <li>Jobbe for \u00e5 beholde trafikkstasjon-servicen i Mandal.<\/li>n    <li>Drive en n\u00f8ktern og forutsigbar \u00f8konomistyring som holder kontroll p\u00e5 kostnader og gjeld i kommunen.<\/li>n    <li>Skape utvikling og arbeidsplasser i hele den nye kommunen.<\/li>n<\/ul>n<h3>Vi tror p\u00e5 Norge<\/h3>n<p>H\u00f8yre vil ha ja-kommuner som bidrar til gr\u00f8nn utvikling, optimisme og lokale arbeidsplasser. Vi vil ha en skole med kunnskap, der elevene mestrer hverdagen. Vi m\u00e5 hjelpe de elevene som blir hengende etter, satse p\u00e5 l\u00e6rerne og s\u00f8rge for at barna trives. Alle barn skal ha like muligheter, uansett bakgrunn. <br \/>n<br \/>nVi vil ha en eldreomsorg med mer aktivitet, der f\u00e6rre er ensomme og flere kan bo hjemme s\u00e5 lenge de \u00f8nsker. Vi er mest opptatt av god kvalitet og at du f\u00e5r velge selv. Andre er mest opptatt av hvem som skal gj\u00f8re jobben. <br \/>n<br \/>nH\u00f8yre ser etter l\u00f8sninger, der andre ser problemer. Vi tror p\u00e5 Norge. Stem H\u00f8yre.<\/p>n<p>Vi h\u00e5per du vil stemme H\u00f8yre n\u00e5r valgdagen kommer, 9. september! Har du sp\u00f8rsm\u00e5l om H\u00f8yre og v\u00e5r politikk? Da er du hjertelig velkommen til \u00e5 ta kontakt med oss, <a href=\"https:\/\/www.facebook.com\/lindesneshoyre\/\">for eksempel via Facebook<\/a>. <\/p>n<p><strong>Godt valg!<\/strong><\/p>n<h3>Les ogs\u00e5:<\/h3>n<ul>n    <li><a href=\"https:\/\/hoyre.no\/kp\/regjeringen\/agder\/\">Hva har H\u00f8yre gjort i Agder?<\/a><\/li>n    <li><a href=\"https:\/\/hoyre.no\/8-lofter-fra-hoyre-til-deg\/\">H\u00f8yres valgl\u00f8fter<\/a><\/li>n    <li><a href=\"https:\/\/hoyre.no\/kp\/10-grunner-til-a-stemme-hoyre\/\">Ti grunner til \u00e5 stemme p\u00e5 H\u00f8yre<\/a><\/li>n    <li><a href=\"https:\/\/hoyre.no\/aktuelt\/nyheter\/2019\/hoyre-kommuner-skal-vaere-ja-kommuner\/\">H\u00f8yre-kommuner skal v\u00e6re ja-kommuner<\/a><\/li>n<\/ul><\/div>\n<div class=\"tags\">\n\t<\/div>\n<div class=\"post-footer alignfull has-background block-editor-block-list__block\" data-align=full>\n\t<div class=\"post-footer-inner\">\n\t\t<h3>Relaterte artikler<\/h3>\n\t\t<div class=\"related-content\"><div class=\"is-card-hoyre\">\n\t<div class=\"teft-card hoyre-teft-card post-teft-card\">\n\t\t<a href=\"https:\/\/hoyre.no\/lindesnes\/aktuelt\/takk-for-et-flott-arsmote-%f0%9f%92%99\/\" class=\"teft-card__primary-action\">\n\n\t\t\t\t\t<div class=\"teft-card__media teft-card__media--16-9\">\n\t\t\t\t\t\t<img loading=\"lazy\" decoding=\"async\" width=\"768\" height=\"527\" src=\"https:\/\/hoyre.no\/content\/uploads\/sites\/26\/2025\/12\/image-768x527.png\" class=\"attachment-medium_large size-medium_large\" alt=\"\" srcset=\"https:\/\/hoyre.no\/content\/uploads\/sites\/26\/2025\/12\/image-768x527.png 768w, https:\/\/hoyre.no\/content\/uploads\/sites\/26\/2025\/12\/image-300x206.png 300w, https:\/\/hoyre.no\/content\/uploads\/sites\/26\/2025\/12\/image-1024x703.png 1024w, https:\/\/hoyre.no\/content\/uploads\/sites\/26\/2025\/12\/image-1536x1055.png 1536w, https:\/\/hoyre.no\/content\/uploads\/sites\/26\/2025\/12\/image-2048x1406.png 2048w\" sizes=\"auto, (max-width: 768px) 100vw, 768px\" \/>\t\t<\/div>\n\t\t\n\t\t\t<div class=\"teft-card__content-wrapper\">\n\t\t\t\t<div class=\"teft-card__secondary\">\n\t\t\t\t\t\n\t\t\t\t\t\t\t\t<div class=\"teft-card__meta\">\n\t\t\t\t\t\t\t\t\t<span class=\"post-date\">2. des 2025<\/span>\n\n\t\t\t\t\t\t\t\t\t<span class=\"post-category\">Ukategorisert<\/span>\t\t\t\t\t\t\t\t<\/div>\n\t\t\t\t\t\t\t\t\t\t\t<\/div>\n\n\t\t\t\t<div class=\"teft-card__primary\">\n\t\t\t\t\t<h2 class=\"teft-card__title\">Takk for et flott \u00e5rsm\u00f8te! \ud83d\udc99&nbsp;<span class=\"teft-card__primary-title-append\"><\/span><\/h2>\t\t\t\t<\/div>\n\t\t\t<\/div>\n\t\t<\/a>\n\t<\/div>\n\n\t<\/div><div class=\"is-card-hoyre\">\n\t<div class=\"teft-card hoyre-teft-card post-teft-card\">\n\t\t<a href=\"https:\/\/hoyre.no\/lindesnes\/aktuelt\/arsmote-lindesnes-hoyre\/\" class=\"teft-card__primary-action\">\n\n\t\t\t\t\t<div class=\"teft-card__media teft-card__media--16-9\">\n\t\t\t\t\t\t<img loading=\"lazy\" decoding=\"async\" width=\"768\" height=\"529\" src=\"https:\/\/hoyre.no\/content\/uploads\/sites\/26\/2022\/09\/Arsmote-1200x826-1-768x529.jpg\" class=\"attachment-medium_large size-medium_large\" alt=\"\" srcset=\"https:\/\/hoyre.no\/content\/uploads\/sites\/26\/2022\/09\/Arsmote-1200x826-1-768x529.jpg 768w, https:\/\/hoyre.no\/content\/uploads\/sites\/26\/2022\/09\/Arsmote-1200x826-1-300x207.jpg 300w, https:\/\/hoyre.no\/content\/uploads\/sites\/26\/2022\/09\/Arsmote-1200x826-1-1024x705.jpg 1024w, https:\/\/hoyre.no\/content\/uploads\/sites\/26\/2022\/09\/Arsmote-1200x826-1.jpg 1200w\" sizes=\"auto, (max-width: 768px) 100vw, 768px\" \/>\t\t<\/div>\n\t\t\n\t\t\t<div class=\"teft-card__content-wrapper\">\n\t\t\t\t<div class=\"teft-card__secondary\">\n\t\t\t\t\t\n\t\t\t\t\t\t\t\t<div class=\"teft-card__meta\">\n\t\t\t\t\t\t\t\t\t<span class=\"post-date\">23. okt 2024<\/span>\n\n\t\t\t\t\t\t\t\t\t<span class=\"post-category\">Ukategorisert<\/span>\t\t\t\t\t\t\t\t<\/div>\n\t\t\t\t\t\t\t\t\t\t\t<\/div>\n\n\t\t\t\t<div class=\"teft-card__primary\">\n\t\t\t\t\t<h2 class=\"teft-card__title\">\u00c5rsm\u00f8te-Lindesnes H\u00f8yre&nbsp;<span class=\"teft-card__primary-title-append\"><\/span><\/h2>\t\t\t\t<\/div>\n\t\t\t<\/div>\n\t\t<\/a>\n\t<\/div>\n\n\t<\/div><div class=\"is-card-hoyre\">\n\t<div class=\"teft-card hoyre-teft-card post-teft-card\">\n\t\t<a href=\"https:\/\/hoyre.no\/lindesnes\/aktuelt\/onsker-du-a-komme-i-kontakt-med-vare-utvalgsrepresentanter\/\" class=\"teft-card__primary-action\">\n\n\t\t\t\t\t<div class=\"teft-card__media teft-card__media--16-9\">\n\t\t\t\t\t\t<img loading=\"lazy\" decoding=\"async\" width=\"768\" height=\"1024\" src=\"https:\/\/hoyre.no\/content\/uploads\/sites\/26\/2023\/07\/Hoyre-mandal-bilder_2-768x1024.jpg\" class=\"attachment-medium_large size-medium_large\" alt=\"\" srcset=\"https:\/\/hoyre.no\/content\/uploads\/sites\/26\/2023\/07\/Hoyre-mandal-bilder_2-768x1024.jpg 768w, https:\/\/hoyre.no\/content\/uploads\/sites\/26\/2023\/07\/Hoyre-mandal-bilder_2-225x300.jpg 225w, https:\/\/hoyre.no\/content\/uploads\/sites\/26\/2023\/07\/Hoyre-mandal-bilder_2-1152x1536.jpg 1152w, https:\/\/hoyre.no\/content\/uploads\/sites\/26\/2023\/07\/Hoyre-mandal-bilder_2-1536x2048.jpg 1536w, https:\/\/hoyre.no\/content\/uploads\/sites\/26\/2023\/07\/Hoyre-mandal-bilder_2-scaled.jpg 1875w\" sizes=\"auto, (max-width: 768px) 100vw, 768px\" \/>\t\t<\/div>\n\t\t\n\t\t\t<div class=\"teft-card__content-wrapper\">\n\t\t\t\t<div class=\"teft-card__secondary\">\n\t\t\t\t\t\n\t\t\t\t\t\t\t\t<div class=\"teft-card__meta\">\n\t\t\t\t\t\t\t\t\t<span class=\"post-date\">22. feb 2024<\/span>\n\n\t\t\t\t\t\t\t\t\t<span class=\"post-category\">Ukategorisert<\/span>\t\t\t\t\t\t\t\t<\/div>\n\t\t\t\t\t\t\t\t\t\t\t<\/div>\n\n\t\t\t\t<div class=\"teft-card__primary\">\n\t\t\t\t\t<h2 class=\"teft-card__title\">\u00d8nsker du \u00e5 komme i kontakt med v\u00e5re utvalgsrepresentanter?&nbsp;<span class=\"teft-card__primary-title-append\"><\/span><\/h2>\t\t\t\t<\/div>\n\t\t\t<\/div>\n\t\t<\/a>\n\t<\/div>\n\n\t<\/div><\/div>\t<\/div>\n<\/div>\n","protected":false},"excerpt":{"rendered":"","protected":false},"author":0,"featured_media":0,"comment_status":"open","ping_status":"open","sticky":false,"template":"","format":"standard","meta":{"teft_cards_image_url":"https:\/\/hoyre.no\/content\/uploads\/sites\/26\/2020\/11\/lindesnes_jannefardalkristoffersen_860x480.jpg","teft_cards_custom_pretitle":"","teft_cards_image_id":58,"teft_cards_image_focal_point_x":0,"teft_cards_image_focal_point_y":0,"teft_cards_title":"","teft_cards_excerpt":"","teft_show_chapters":false,"author_display_name":"","footnotes":""},"category":[1],"post_tag":[],"hoyre-visibility":[],"article-type":[],"politician":[],"class_list":["post-59","post","type-post","status-publish","format-standard","hentry","category-ukategorisert"],"yoast_head":"<!-- This site is optimized with the Yoast SEO plugin v26.6 - https:\/\/yoast.com\/wordpress\/plugins\/seo\/ -->\n<title>Vi tror p\u00e5 Lindesnes - Lindesnes H\u00f8yre<\/title>\n<meta name=\"robots\" content=\"index, follow, max-snippet:-1, max-image-preview:large, max-video-preview:-1\" \/>\n<link rel=\"canonical\" href=\"https:\/\/hoyre.no\/lindesnes\/aktuelt\/vi-tror-pa-lindesnes\/\" \/>\n<meta property=\"og:locale\" content=\"nb_NO\" \/>\n<meta property=\"og:type\" content=\"article\" \/>\n<meta property=\"og:title\" content=\"Vi tror p\u00e5 Lindesnes - Lindesnes H\u00f8yre\" \/>\n<meta property=\"og:url\" content=\"https:\/\/hoyre.no\/lindesnes\/aktuelt\/vi-tror-pa-lindesnes\/\" \/>\n<meta property=\"og:site_name\" content=\"Lindesnes H\u00f8yre\" \/>\n<meta property=\"article:published_time\" content=\"2019-08-21T04:16:00+00:00\" \/>\n<meta property=\"og:image\" content=\"https:\/\/hoyre.no\/content\/uploads\/sites\/26\/2023\/07\/Hoyre-mandal-bilder_2-768x1024.jpg\" \/>\n<meta name=\"twitter:card\" content=\"summary_large_image\" \/>\n<meta name=\"twitter:label1\" content=\"Ansl. lesetid\" \/>\n\t<meta name=\"twitter:data1\" content=\"2 minutter\" \/>\n<script type=\"application\/ld+json\" class=\"yoast-schema-graph\">{\"@context\":\"https:\/\/schema.org\",\"@graph\":[{\"@type\":\"NewsArticle\",\"@id\":\"https:\/\/hoyre.no\/lindesnes\/aktuelt\/vi-tror-pa-lindesnes\/\",\"url\":\"https:\/\/hoyre.no\/lindesnes\/aktuelt\/vi-tror-pa-lindesnes\/\",\"name\":\"Vi tror p\u00e5 Lindesnes - Lindesnes H\u00f8yre\",\"isPartOf\":{\"@id\":\"https:\/\/hoyre.no\/lindesnes\/#website\"},\"datePublished\":\"2019-08-21T04:16:00+00:00\",\"author\":{\"@id\":\"\"},\"breadcrumb\":{\"@id\":\"https:\/\/hoyre.no\/lindesnes\/aktuelt\/vi-tror-pa-lindesnes\/#breadcrumb\"},\"inLanguage\":\"nb-NO\",\"potentialAction\":[{\"@type\":\"ReadAction\",\"target\":[\"https:\/\/hoyre.no\/lindesnes\/aktuelt\/vi-tror-pa-lindesnes\/\"]}]},{\"@type\":\"BreadcrumbList\",\"@id\":\"https:\/\/hoyre.no\/lindesnes\/aktuelt\/vi-tror-pa-lindesnes\/#breadcrumb\",\"itemListElement\":[{\"@type\":\"ListItem\",\"position\":1,\"name\":\"Til hoyre.no\",\"item\":\"https:\/\/hoyre.no\"},{\"@type\":\"ListItem\",\"position\":2,\"name\":\"Hjem\",\"item\":\"https:\/\/hoyre.no\/lindesnes\/\"},{\"@type\":\"ListItem\",\"position\":3,\"name\":\"Vi tror p\u00e5 Lindesnes\"}]},{\"@type\":\"WebSite\",\"@id\":\"https:\/\/hoyre.no\/lindesnes\/#website\",\"url\":\"https:\/\/hoyre.no\/lindesnes\/\",\"name\":\"Lindesnes H\u00f8yre\",\"description\":\"Bare enda et H\u00f8yres nettsteder-nettsted\",\"inLanguage\":\"nb-NO\"}]}<\/script>\n<!-- \/ Yoast SEO plugin. -->","yoast_head_json":{"title":"Vi tror p\u00e5 Lindesnes - Lindesnes H\u00f8yre","robots":{"index":"index","follow":"follow","max-snippet":"max-snippet:-1","max-image-preview":"max-image-preview:large","max-video-preview":"max-video-preview:-1"},"canonical":"https:\/\/hoyre.no\/lindesnes\/aktuelt\/vi-tror-pa-lindesnes\/","og_locale":"nb_NO","og_type":"article","og_title":"Vi tror p\u00e5 Lindesnes - Lindesnes H\u00f8yre","og_url":"https:\/\/hoyre.no\/lindesnes\/aktuelt\/vi-tror-pa-lindesnes\/","og_site_name":"Lindesnes H\u00f8yre","article_published_time":"2019-08-21T04:16:00+00:00","og_image":[{"url":"https:\/\/hoyre.no\/content\/uploads\/sites\/26\/2023\/07\/Hoyre-mandal-bilder_2-768x1024.jpg","width":"","height":"","type":""}],"twitter_card":"summary_large_image","twitter_misc":{"Ansl. lesetid":"2 minutter"},"schema":{"@context":"https:\/\/schema.org","@graph":[{"@type":"NewsArticle","@id":"https:\/\/hoyre.no\/lindesnes\/aktuelt\/vi-tror-pa-lindesnes\/","url":"https:\/\/hoyre.no\/lindesnes\/aktuelt\/vi-tror-pa-lindesnes\/","name":"Vi tror p\u00e5 Lindesnes - Lindesnes H\u00f8yre","isPartOf":{"@id":"https:\/\/hoyre.no\/lindesnes\/#website"},"datePublished":"2019-08-21T04:16:00+00:00","author":{"@id":""},"breadcrumb":{"@id":"https:\/\/hoyre.no\/lindesnes\/aktuelt\/vi-tror-pa-lindesnes\/#breadcrumb"},"inLanguage":"nb-NO","potentialAction":[{"@type":"ReadAction","target":["https:\/\/hoyre.no\/lindesnes\/aktuelt\/vi-tror-pa-lindesnes\/"]}]},{"@type":"BreadcrumbList","@id":"https:\/\/hoyre.no\/lindesnes\/aktuelt\/vi-tror-pa-lindesnes\/#breadcrumb","itemListElement":[{"@type":"ListItem","position":1,"name":"Til hoyre.no","item":"https:\/\/hoyre.no"},{"@type":"ListItem","position":2,"name":"Hjem","item":"https:\/\/hoyre.no\/lindesnes\/"},{"@type":"ListItem","position":3,"name":"Vi tror p\u00e5 Lindesnes"}]},{"@type":"WebSite","@id":"https:\/\/hoyre.no\/lindesnes\/#website","url":"https:\/\/hoyre.no\/lindesnes\/","name":"Lindesnes H\u00f8yre","description":"Bare enda et H\u00f8yres nettsteder-nettsted","inLanguage":"nb-NO"}]}},"distributor_meta":false,"distributor_terms":false,"distributor_media":false,"distributor_original_site_name":"Lindesnes H\u00f8yre","distributor_original_site_url":"https:\/\/hoyre.no\/lindesnes","push-errors":false,"_links":{"self":[{"href":"https:\/\/hoyre.no\/lindesnes\/wp-json\/wp\/v2\/posts\/59","targetHints":{"allow":["GET"]}}],"collection":[{"href":"https:\/\/hoyre.no\/lindesnes\/wp-json\/wp\/v2\/posts"}],"about":[{"href":"https:\/\/hoyre.no\/lindesnes\/wp-json\/wp\/v2\/types\/post"}],"replies":[{"embeddable":true,"href":"https:\/\/hoyre.no\/lindesnes\/wp-json\/wp\/v2\/comments?post=59"}],"version-history":[{"count":0,"href":"https:\/\/hoyre.no\/lindesnes\/wp-json\/wp\/v2\/posts\/59\/revisions"}],"wp:attachment":[{"href":"https:\/\/hoyre.no\/lindesnes\/wp-json\/wp\/v2\/media?parent=59"}],"wp:term":[{"taxonomy":"category","embeddable":true,"href":"https:\/\/hoyre.no\/lindesnes\/wp-json\/wp\/v2\/category?post=59"},{"taxonomy":"post_tag","embeddable":true,"href":"https:\/\/hoyre.no\/lindesnes\/wp-json\/wp\/v2\/post_tag?post=59"},{"taxonomy":"hoyre-visibility","embeddable":true,"href":"https:\/\/hoyre.no\/lindesnes\/wp-json\/wp\/v2\/hoyre-visibility?post=59"},{"taxonomy":"article-type","embeddable":true,"href":"https:\/\/hoyre.no\/lindesnes\/wp-json\/wp\/v2\/article-type?post=59"},{"taxonomy":"politician","embeddable":true,"href":"https:\/\/hoyre.no\/lindesnes\/wp-json\/wp\/v2\/politician?post=59"}],"curies":[{"name":"wp","href":"https:\/\/api.w.org\/{rel}","templated":true}]}}