{"id":74,"date":"2020-12-21T17:56:02","date_gmt":"2020-12-21T16:56:02","guid":{"rendered":"https:\/\/hoyre.no\/lindesnes\/?p=74"},"modified":"2020-12-21T17:56:02","modified_gmt":"2020-12-21T16:56:02","slug":"julehilsen-fra-lindesnes-hoyre","status":"publish","type":"post","link":"https:\/\/hoyre.no\/lindesnes\/aktuelt\/julehilsen-fra-lindesnes-hoyre\/","title":{"rendered":"Julehilsen fra Lindesnes H\u00f8yre"},"content":{"rendered":"\n<p class=\"preamble\">Her er en liten julehilsen fra Lindesnes H\u00f8yre med en oppsummering av det politiske \u00e5ret 2020.<\/p>\t\t\t<div class=\"post-meta wp-block teft-byline-wrapper\">\n\t\t\t\t<div class=\"top\">\n\t\t\t\t\t<div class=\"signature\">\n\t\t\t\t\t\t<div class=\"teft-byline\">\n\t\t\t\t\t\t\t\t\t\t\t\t\t\t<div>\n\t\t\t\t\t\t\t\t<h3>H\u00f8yres redaksjon<\/h3>\t\t\t\t\t\t\t\t\n\t\t\t\t\t\t\t\t\t\t\t\t\t\t\t\t\t<span class=\"date\">Sist oppdatert: 21. desember 2020<\/span>\n\t\t\t\t\t\t\t\t\t\t\t\t\t\t\t\t\t\t\t\t\t\t\t\t\t<span class=\"reading-time\" itemprop=\"timeRequired\" content=\"PT3M\"><em>Ca. 3 minutter lesetid<\/em><\/span>\n\t\t\t\t\t\t\t\t\t\t\t\t\t\t\t<\/div>\n\t\t\t\t\t\t<\/div>\n\t\t\t\t\t<\/div>\n\t\t\t\t\t\t<div class=\"sharing\">\n\t\t<a class=\"share-button share-link copy-link\" data-copy=\"https:\/\/hoyre.no\/lindesnes\/aktuelt\/julehilsen-fra-lindesnes-hoyre\/\" target=\"_blank\"><span class=\"screen-reader-text\">Del link<\/span><\/a>\n\t\t<a class=\"share-button share-twitter\" href=\"http:\/\/twitter.com\/share?text=Julehilsen fra Lindesnes H\u00f8yre&#038;url=https:\/\/hoyre.no\/lindesnes\/aktuelt\/julehilsen-fra-lindesnes-hoyre\/&#038;hashtags=Hoyre\" target=\"_blank\"><span class=\"screen-reader-text\">Del p\u00e5 twitter<\/span><\/a>\n\t\t<a class=\"share-button share-facebook\" href=\"https:\/\/www.facebook.com\/sharer\/sharer.php?u=https:\/\/hoyre.no\/lindesnes\/aktuelt\/julehilsen-fra-lindesnes-hoyre\/\" target=\"_blank\"><span class=\"screen-reader-text\">Del p\u00e5 facebook<\/span><\/a>\n\t<\/div>\n\t\t\t\t\t<\/div>\n\t\t\t<\/div>\n\n\t\t\t<figure class=\"hoyre-image-wrapper\"><div class=\"hoyre-image\"><img loading=\"lazy\" decoding=\"async\" width=\"2500\" height=\"1875\" src=\"https:\/\/hoyre.no\/content\/uploads\/sites\/26\/2020\/12\/GettyImages-175600233-scaled.jpg\" class=\"attachment-scaled size-scaled\" alt=\"\" style=\"object-position: 47% 63%\" srcset=\"https:\/\/hoyre.no\/content\/uploads\/sites\/26\/2020\/12\/GettyImages-175600233-scaled.jpg 2500w, https:\/\/hoyre.no\/content\/uploads\/sites\/26\/2020\/12\/GettyImages-175600233-300x225.jpg 300w, https:\/\/hoyre.no\/content\/uploads\/sites\/26\/2020\/12\/GettyImages-175600233-1024x768.jpg 1024w, https:\/\/hoyre.no\/content\/uploads\/sites\/26\/2020\/12\/GettyImages-175600233-768x576.jpg 768w, https:\/\/hoyre.no\/content\/uploads\/sites\/26\/2020\/12\/GettyImages-175600233-1536x1152.jpg 1536w, https:\/\/hoyre.no\/content\/uploads\/sites\/26\/2020\/12\/GettyImages-175600233-2048x1536.jpg 2048w\" sizes=\"auto, (max-width: 2500px) 100vw, 2500px\" \/><\/div><figcaption class=\"caption\">Her er en liten julehilsen fra Lindesnes H\u00f8yre med en oppsummering av det politiske \u00e5ret 2020 (Foto: Getty Images) <\/figcaption><\/figure>\n\n\n\n\n<h2 class=\"wp-block-heading\">Kj\u00e6re H\u00f8yremedlem i Lindesnes!<\/h2>\n\n\n\n<p><strong>Vi er inne i et helt spesielt \u00e5r. Personlig er jeg sv\u00e6rt forn\u00f8yd med m\u00e5ten v\u00e5r regjering har h\u00e5ndtert pandemien. Det er t\u00f8ft for oss all, men dersom alle gj\u00f8r sitt, s\u00e5 vil vi snart kunne leve normalt.<\/strong><\/p>\n\n\n\n<p>Covid 19 har ogs\u00e5 lagt en demper p\u00e5 aktiviteten i nye Lindesnes kommune. Vi har hatt f\u00e6rre m\u00f8ter og mindre aktivitet enn ellers b\u00e5de i kommunen og i partiet. Men som gruppeleder er min jobb alltid \u00e5 gj\u00f8re mitt ytterste for at v\u00e5re verdier og v\u00e5r politikk vinner frem. Vi skal alltid jobbe for st\u00f8rst mulig frihet og ansvar til enkeltmennesket! <\/p>\n\n\n\n<blockquote class=\"wp-block-quote is-layout-flow wp-block-quote-is-layout-flow\"><p>Som gruppeleder i Lindesnes H\u00f8yre er det min plikt \u00e5 ivareta og videreutvikle lokalsamfunnet for fremtidige generasjoner. Vi vil forandre for \u00e5 bevare.<\/p><cite>Janne Fardal Kristoffersen<\/cite><\/blockquote>\n\n\n\n<p>Det tar tid \u00e5 bygge en ny kommune. Jeg er ikke i tvil om at det er det riktige for fremtiden. Fortsatt er ikke ting helt p\u00e5 plass. H\u00f8yre er tydelige p\u00e5 at vi m\u00e5 bli enda bedre p\u00e5 kommunikasjon med innbyggerne og samarbeid med b\u00e5de innbyggere, brukere og ansatte.<\/p>\n\n\n\n<p>P\u00e5 \u00e5rsm\u00f8tet i desember takket vi Erik Hillesund av som lokallagsleder. Han har gjort en fantastisk god jobb. Faglig dyktig, god med mennesker og ikke minst har han s\u00e6rdeles god kjennskap til kommune\u00f8konomi etter mange \u00e5r som r\u00e5dmann. Men vi er heldige: om han ikke g\u00e5r videre som leder, er han veldig klar p\u00e5 at han skal bidra ogs\u00e5 i fremtiden.<\/p>\n\n\n\n<p>Vi har h\u00e5ndplukket v\u00e5r nye leder &#8211; Geir Gyland heter han. Han har allerede funnet seg godt til rette i partiet og han er sv\u00e6rt engasjert.<\/p>\n\n\n\n<h3 class=\"wp-block-heading\">Budsjettet for 2021 er vedtatt<\/h3>\n\n\n\n<p>Budsjettet for 2021 i Lindesnes kommune er vedtatt. Og det er \u00abregnbuealliansen\u00bb som styrer, med Ap i spissen.<\/p>\n\n\n\n<p>H\u00f8yre la frem et sv\u00e6rt godt gjennomarbeidet budsjett og \u00f8konomiplan. Vi fjernet r\u00e5dmannens \u00f8kning av eiendomsskatt i 2023 og -24. Vi fjernet flere nye tiltak som vi ikke har r\u00e5d til og vi effektiviserte administrasjon og styring betydelig. Vi har veldig fokus p\u00e5 helsehuset og det faktum at kommunen f\u00e5r veldig mange flere eldre de kommende \u00e5r. Vi skal s\u00f8rge for at kjerneoppgavene blir best mulig.<\/p>\n\n\n\n<h3 class=\"wp-block-heading\">Alle medlemmer velkommen til gruppem\u00f8ter<\/h3>\n\n\n\n<p>Lindesnes H\u00f8yre har gruppem\u00f8ter nesten hver eneste mandag. Vi setter pris p\u00e5 medlemmene v\u00e5re og i v\u00e5re m\u00f8ter blir din stemme h\u00f8rt. Normalt sett er vi p\u00e5 Blomdalen ungdomsskole, men i disse koronatider har vi alle m\u00f8ter p\u00e5 Teams. Digitale m\u00f8ter er ikke helt det samme som \u00e5 m\u00f8tes \u2013 men det fungerer fint! <\/p>\n\n\n\n<p>Jeg er utrolig glad for at du er en av v\u00e5re medlemmer. Jeg h\u00e5per du f\u00f8ler deg sett og h\u00f8rt. Vi er her for deg, s\u00e5 ta gjerne kontakt med gruppeleder eller foreningsleder om du har noe p\u00e5 hjertet.<\/p>\n\n\n\n<p><strong>Kommunestyregruppa og styret \u00f8nsker deg en fantastisk fin juleh\u00f8ytid og de beste \u00f8nsker for \u00e5ret som kommer.<\/strong><\/p>\n\n\n\n<h4 class=\"wp-block-heading\">Varme julehilsener fra Janne Fardal Kristoffersen,<br>gruppeleder i Lindesnes H\u00f8yre<\/h4>\n\n\n<div class=\"tags\">\n\t<\/div>\n<div class=\"post-footer alignfull has-background block-editor-block-list__block\" data-align=full>\n\t<div class=\"post-footer-inner\">\n\t\t<h3>Relaterte artikler<\/h3>\n\t\t<div class=\"related-content\"><div class=\"is-card-hoyre\">\n\t<div class=\"teft-card hoyre-teft-card post-teft-card\">\n\t\t<a href=\"https:\/\/hoyre.no\/lindesnes\/aktuelt\/takk-for-et-flott-arsmote-%f0%9f%92%99\/\" class=\"teft-card__primary-action\">\n\n\t\t\t\t\t<div class=\"teft-card__media teft-card__media--16-9\">\n\t\t\t\t\t\t<img loading=\"lazy\" decoding=\"async\" width=\"768\" height=\"527\" src=\"https:\/\/hoyre.no\/content\/uploads\/sites\/26\/2025\/12\/image-768x527.png\" class=\"attachment-medium_large size-medium_large\" alt=\"\" srcset=\"https:\/\/hoyre.no\/content\/uploads\/sites\/26\/2025\/12\/image-768x527.png 768w, https:\/\/hoyre.no\/content\/uploads\/sites\/26\/2025\/12\/image-300x206.png 300w, https:\/\/hoyre.no\/content\/uploads\/sites\/26\/2025\/12\/image-1024x703.png 1024w, https:\/\/hoyre.no\/content\/uploads\/sites\/26\/2025\/12\/image-1536x1055.png 1536w, https:\/\/hoyre.no\/content\/uploads\/sites\/26\/2025\/12\/image-2048x1406.png 2048w\" sizes=\"auto, (max-width: 768px) 100vw, 768px\" \/>\t\t<\/div>\n\t\t\n\t\t\t<div class=\"teft-card__content-wrapper\">\n\t\t\t\t<div class=\"teft-card__secondary\">\n\t\t\t\t\t\n\t\t\t\t\t\t\t\t<div class=\"teft-card__meta\">\n\t\t\t\t\t\t\t\t\t<span class=\"post-date\">2. des 2025<\/span>\n\n\t\t\t\t\t\t\t\t\t<span class=\"post-category\">Ukategorisert<\/span>\t\t\t\t\t\t\t\t<\/div>\n\t\t\t\t\t\t\t\t\t\t\t<\/div>\n\n\t\t\t\t<div class=\"teft-card__primary\">\n\t\t\t\t\t<h2 class=\"teft-card__title\">Takk for et flott \u00e5rsm\u00f8te! \ud83d\udc99&nbsp;<span class=\"teft-card__primary-title-append\"><\/span><\/h2>\t\t\t\t<\/div>\n\t\t\t<\/div>\n\t\t<\/a>\n\t<\/div>\n\n\t<\/div><div class=\"is-card-hoyre\">\n\t<div class=\"teft-card hoyre-teft-card post-teft-card\">\n\t\t<a href=\"https:\/\/hoyre.no\/lindesnes\/aktuelt\/arsmote-lindesnes-hoyre\/\" class=\"teft-card__primary-action\">\n\n\t\t\t\t\t<div class=\"teft-card__media teft-card__media--16-9\">\n\t\t\t\t\t\t<img loading=\"lazy\" decoding=\"async\" width=\"768\" height=\"529\" src=\"https:\/\/hoyre.no\/content\/uploads\/sites\/26\/2022\/09\/Arsmote-1200x826-1-768x529.jpg\" class=\"attachment-medium_large size-medium_large\" alt=\"\" srcset=\"https:\/\/hoyre.no\/content\/uploads\/sites\/26\/2022\/09\/Arsmote-1200x826-1-768x529.jpg 768w, https:\/\/hoyre.no\/content\/uploads\/sites\/26\/2022\/09\/Arsmote-1200x826-1-300x207.jpg 300w, https:\/\/hoyre.no\/content\/uploads\/sites\/26\/2022\/09\/Arsmote-1200x826-1-1024x705.jpg 1024w, https:\/\/hoyre.no\/content\/uploads\/sites\/26\/2022\/09\/Arsmote-1200x826-1.jpg 1200w\" sizes=\"auto, (max-width: 768px) 100vw, 768px\" \/>\t\t<\/div>\n\t\t\n\t\t\t<div class=\"teft-card__content-wrapper\">\n\t\t\t\t<div class=\"teft-card__secondary\">\n\t\t\t\t\t\n\t\t\t\t\t\t\t\t<div class=\"teft-card__meta\">\n\t\t\t\t\t\t\t\t\t<span class=\"post-date\">23. okt 2024<\/span>\n\n\t\t\t\t\t\t\t\t\t<span class=\"post-category\">Ukategorisert<\/span>\t\t\t\t\t\t\t\t<\/div>\n\t\t\t\t\t\t\t\t\t\t\t<\/div>\n\n\t\t\t\t<div class=\"teft-card__primary\">\n\t\t\t\t\t<h2 class=\"teft-card__title\">\u00c5rsm\u00f8te-Lindesnes H\u00f8yre&nbsp;<span class=\"teft-card__primary-title-append\"><\/span><\/h2>\t\t\t\t<\/div>\n\t\t\t<\/div>\n\t\t<\/a>\n\t<\/div>\n\n\t<\/div><div class=\"is-card-hoyre\">\n\t<div class=\"teft-card hoyre-teft-card post-teft-card\">\n\t\t<a href=\"https:\/\/hoyre.no\/lindesnes\/aktuelt\/onsker-du-a-komme-i-kontakt-med-vare-utvalgsrepresentanter\/\" class=\"teft-card__primary-action\">\n\n\t\t\t\t\t<div class=\"teft-card__media teft-card__media--16-9\">\n\t\t\t\t\t\t<img loading=\"lazy\" decoding=\"async\" width=\"768\" height=\"1024\" src=\"https:\/\/hoyre.no\/content\/uploads\/sites\/26\/2023\/07\/Hoyre-mandal-bilder_2-768x1024.jpg\" class=\"attachment-medium_large size-medium_large\" alt=\"\" srcset=\"https:\/\/hoyre.no\/content\/uploads\/sites\/26\/2023\/07\/Hoyre-mandal-bilder_2-768x1024.jpg 768w, https:\/\/hoyre.no\/content\/uploads\/sites\/26\/2023\/07\/Hoyre-mandal-bilder_2-225x300.jpg 225w, https:\/\/hoyre.no\/content\/uploads\/sites\/26\/2023\/07\/Hoyre-mandal-bilder_2-1152x1536.jpg 1152w, https:\/\/hoyre.no\/content\/uploads\/sites\/26\/2023\/07\/Hoyre-mandal-bilder_2-1536x2048.jpg 1536w, https:\/\/hoyre.no\/content\/uploads\/sites\/26\/2023\/07\/Hoyre-mandal-bilder_2-scaled.jpg 1875w\" sizes=\"auto, (max-width: 768px) 100vw, 768px\" \/>\t\t<\/div>\n\t\t\n\t\t\t<div class=\"teft-card__content-wrapper\">\n\t\t\t\t<div class=\"teft-card__secondary\">\n\t\t\t\t\t\n\t\t\t\t\t\t\t\t<div class=\"teft-card__meta\">\n\t\t\t\t\t\t\t\t\t<span class=\"post-date\">22. feb 2024<\/span>\n\n\t\t\t\t\t\t\t\t\t<span class=\"post-category\">Ukategorisert<\/span>\t\t\t\t\t\t\t\t<\/div>\n\t\t\t\t\t\t\t\t\t\t\t<\/div>\n\n\t\t\t\t<div class=\"teft-card__primary\">\n\t\t\t\t\t<h2 class=\"teft-card__title\">\u00d8nsker du \u00e5 komme i kontakt med v\u00e5re utvalgsrepresentanter?&nbsp;<span class=\"teft-card__primary-title-append\"><\/span><\/h2>\t\t\t\t<\/div>\n\t\t\t<\/div>\n\t\t<\/a>\n\t<\/div>\n\n\t<\/div><\/div>\t<\/div>\n<\/div>\n","protected":false},"excerpt":{"rendered":"","protected":false},"author":349,"featured_media":0,"comment_status":"closed","ping_status":"closed","sticky":false,"template":"","format":"standard","meta":{"teft_cards_image_url":"","teft_cards_custom_pretitle":"","teft_cards_image_id":0,"teft_cards_image_focal_point_x":0,"teft_cards_image_focal_point_y":0,"teft_cards_title":"","teft_cards_excerpt":"","teft_show_chapters":false,"author_display_name":"","footnotes":""},"category":[1],"post_tag":[],"hoyre-visibility":[],"article-type":[],"politician":[],"class_list":["post-74","post","type-post","status-publish","format-standard","hentry","category-ukategorisert"],"yoast_head":"<!-- This site is optimized with the Yoast SEO plugin v26.6 - https:\/\/yoast.com\/wordpress\/plugins\/seo\/ -->\n<title>Julehilsen fra Lindesnes H\u00f8yre - Lindesnes H\u00f8yre<\/title>\n<meta name=\"robots\" content=\"index, follow, max-snippet:-1, max-image-preview:large, max-video-preview:-1\" \/>\n<link rel=\"canonical\" href=\"https:\/\/hoyre.no\/lindesnes\/aktuelt\/julehilsen-fra-lindesnes-hoyre\/\" \/>\n<meta property=\"og:locale\" content=\"nb_NO\" \/>\n<meta property=\"og:type\" content=\"article\" \/>\n<meta property=\"og:title\" content=\"Julehilsen fra Lindesnes H\u00f8yre - Lindesnes H\u00f8yre\" \/>\n<meta property=\"og:url\" content=\"https:\/\/hoyre.no\/lindesnes\/aktuelt\/julehilsen-fra-lindesnes-hoyre\/\" \/>\n<meta property=\"og:site_name\" content=\"Lindesnes H\u00f8yre\" \/>\n<meta property=\"article:published_time\" content=\"2020-12-21T16:56:02+00:00\" \/>\n<meta property=\"og:image\" content=\"https:\/\/hoyre.no\/content\/uploads\/sites\/26\/2023\/07\/Hoyre-mandal-bilder_2-768x1024.jpg\" \/>\n<meta name=\"twitter:card\" content=\"summary_large_image\" \/>\n<meta name=\"twitter:label1\" content=\"Skrevet av\" \/>\n\t<meta name=\"twitter:data1\" content=\"\" \/>\n\t<meta name=\"twitter:label2\" content=\"Ansl. lesetid\" \/>\n\t<meta name=\"twitter:data2\" content=\"3 minutter\" \/>\n<script type=\"application\/ld+json\" class=\"yoast-schema-graph\">{\"@context\":\"https:\/\/schema.org\",\"@graph\":[{\"@type\":\"NewsArticle\",\"@id\":\"https:\/\/hoyre.no\/lindesnes\/aktuelt\/julehilsen-fra-lindesnes-hoyre\/\",\"url\":\"https:\/\/hoyre.no\/lindesnes\/aktuelt\/julehilsen-fra-lindesnes-hoyre\/\",\"name\":\"Julehilsen fra Lindesnes H\u00f8yre - Lindesnes H\u00f8yre\",\"isPartOf\":{\"@id\":\"https:\/\/hoyre.no\/lindesnes\/#website\"},\"datePublished\":\"2020-12-21T16:56:02+00:00\",\"author\":{\"@id\":\"\"},\"breadcrumb\":{\"@id\":\"https:\/\/hoyre.no\/lindesnes\/aktuelt\/julehilsen-fra-lindesnes-hoyre\/#breadcrumb\"},\"inLanguage\":\"nb-NO\",\"potentialAction\":[{\"@type\":\"ReadAction\",\"target\":[\"https:\/\/hoyre.no\/lindesnes\/aktuelt\/julehilsen-fra-lindesnes-hoyre\/\"]}]},{\"@type\":\"BreadcrumbList\",\"@id\":\"https:\/\/hoyre.no\/lindesnes\/aktuelt\/julehilsen-fra-lindesnes-hoyre\/#breadcrumb\",\"itemListElement\":[{\"@type\":\"ListItem\",\"position\":1,\"name\":\"Til hoyre.no\",\"item\":\"https:\/\/hoyre.no\"},{\"@type\":\"ListItem\",\"position\":2,\"name\":\"Hjem\",\"item\":\"https:\/\/hoyre.no\/lindesnes\/\"},{\"@type\":\"ListItem\",\"position\":3,\"name\":\"Julehilsen fra Lindesnes H\u00f8yre\"}]},{\"@type\":\"WebSite\",\"@id\":\"https:\/\/hoyre.no\/lindesnes\/#website\",\"url\":\"https:\/\/hoyre.no\/lindesnes\/\",\"name\":\"Lindesnes H\u00f8yre\",\"description\":\"Bare enda et H\u00f8yres nettsteder-nettsted\",\"inLanguage\":\"nb-NO\"},{\"@type\":\"Person\",\"@id\":\"\",\"url\":\"https:\/\/hoyre.no\/lindesnes\/aktuelt\/author\/\"}]}<\/script>\n<!-- \/ Yoast SEO plugin. -->","yoast_head_json":{"title":"Julehilsen fra Lindesnes H\u00f8yre - Lindesnes H\u00f8yre","robots":{"index":"index","follow":"follow","max-snippet":"max-snippet:-1","max-image-preview":"max-image-preview:large","max-video-preview":"max-video-preview:-1"},"canonical":"https:\/\/hoyre.no\/lindesnes\/aktuelt\/julehilsen-fra-lindesnes-hoyre\/","og_locale":"nb_NO","og_type":"article","og_title":"Julehilsen fra Lindesnes H\u00f8yre - Lindesnes H\u00f8yre","og_url":"https:\/\/hoyre.no\/lindesnes\/aktuelt\/julehilsen-fra-lindesnes-hoyre\/","og_site_name":"Lindesnes H\u00f8yre","article_published_time":"2020-12-21T16:56:02+00:00","og_image":[{"url":"https:\/\/hoyre.no\/content\/uploads\/sites\/26\/2023\/07\/Hoyre-mandal-bilder_2-768x1024.jpg","width":"","height":"","type":""}],"twitter_card":"summary_large_image","twitter_misc":{"Skrevet av":"","Ansl. lesetid":"3 minutter"},"schema":{"@context":"https:\/\/schema.org","@graph":[{"@type":"NewsArticle","@id":"https:\/\/hoyre.no\/lindesnes\/aktuelt\/julehilsen-fra-lindesnes-hoyre\/","url":"https:\/\/hoyre.no\/lindesnes\/aktuelt\/julehilsen-fra-lindesnes-hoyre\/","name":"Julehilsen fra Lindesnes H\u00f8yre - Lindesnes H\u00f8yre","isPartOf":{"@id":"https:\/\/hoyre.no\/lindesnes\/#website"},"datePublished":"2020-12-21T16:56:02+00:00","author":{"@id":""},"breadcrumb":{"@id":"https:\/\/hoyre.no\/lindesnes\/aktuelt\/julehilsen-fra-lindesnes-hoyre\/#breadcrumb"},"inLanguage":"nb-NO","potentialAction":[{"@type":"ReadAction","target":["https:\/\/hoyre.no\/lindesnes\/aktuelt\/julehilsen-fra-lindesnes-hoyre\/"]}]},{"@type":"BreadcrumbList","@id":"https:\/\/hoyre.no\/lindesnes\/aktuelt\/julehilsen-fra-lindesnes-hoyre\/#breadcrumb","itemListElement":[{"@type":"ListItem","position":1,"name":"Til hoyre.no","item":"https:\/\/hoyre.no"},{"@type":"ListItem","position":2,"name":"Hjem","item":"https:\/\/hoyre.no\/lindesnes\/"},{"@type":"ListItem","position":3,"name":"Julehilsen fra Lindesnes H\u00f8yre"}]},{"@type":"WebSite","@id":"https:\/\/hoyre.no\/lindesnes\/#website","url":"https:\/\/hoyre.no\/lindesnes\/","name":"Lindesnes H\u00f8yre","description":"Bare enda et H\u00f8yres nettsteder-nettsted","inLanguage":"nb-NO"},{"@type":"Person","@id":"","url":"https:\/\/hoyre.no\/lindesnes\/aktuelt\/author\/"}]}},"distributor_meta":false,"distributor_terms":false,"distributor_media":false,"distributor_original_site_name":"Lindesnes H\u00f8yre","distributor_original_site_url":"https:\/\/hoyre.no\/lindesnes","push-errors":false,"_links":{"self":[{"href":"https:\/\/hoyre.no\/lindesnes\/wp-json\/wp\/v2\/posts\/74","targetHints":{"allow":["GET"]}}],"collection":[{"href":"https:\/\/hoyre.no\/lindesnes\/wp-json\/wp\/v2\/posts"}],"about":[{"href":"https:\/\/hoyre.no\/lindesnes\/wp-json\/wp\/v2\/types\/post"}],"author":[{"embeddable":true,"href":"https:\/\/hoyre.no\/lindesnes\/wp-json\/wp\/v2\/users\/349"}],"replies":[{"embeddable":true,"href":"https:\/\/hoyre.no\/lindesnes\/wp-json\/wp\/v2\/comments?post=74"}],"version-history":[{"count":1,"href":"https:\/\/hoyre.no\/lindesnes\/wp-json\/wp\/v2\/posts\/74\/revisions"}],"predecessor-version":[{"id":76,"href":"https:\/\/hoyre.no\/lindesnes\/wp-json\/wp\/v2\/posts\/74\/revisions\/76"}],"wp:attachment":[{"href":"https:\/\/hoyre.no\/lindesnes\/wp-json\/wp\/v2\/media?parent=74"}],"wp:term":[{"taxonomy":"category","embeddable":true,"href":"https:\/\/hoyre.no\/lindesnes\/wp-json\/wp\/v2\/category?post=74"},{"taxonomy":"post_tag","embeddable":true,"href":"https:\/\/hoyre.no\/lindesnes\/wp-json\/wp\/v2\/post_tag?post=74"},{"taxonomy":"hoyre-visibility","embeddable":true,"href":"https:\/\/hoyre.no\/lindesnes\/wp-json\/wp\/v2\/hoyre-visibility?post=74"},{"taxonomy":"article-type","embeddable":true,"href":"https:\/\/hoyre.no\/lindesnes\/wp-json\/wp\/v2\/article-type?post=74"},{"taxonomy":"politician","embeddable":true,"href":"https:\/\/hoyre.no\/lindesnes\/wp-json\/wp\/v2\/politician?post=74"}],"curies":[{"name":"wp","href":"https:\/\/api.w.org\/{rel}","templated":true}]}}