{"id":85,"date":"2021-03-08T19:15:55","date_gmt":"2021-03-08T18:15:55","guid":{"rendered":"https:\/\/hoyre.no\/lindesnes\/?p=85"},"modified":"2021-03-08T19:21:31","modified_gmt":"2021-03-08T18:21:31","slug":"8-mars-fortsatt-en-viktig-dag","status":"publish","type":"post","link":"https:\/\/hoyre.no\/lindesnes\/aktuelt\/8-mars-fortsatt-en-viktig-dag\/","title":{"rendered":"8.mars fortsatt en viktig dag!"},"content":{"rendered":"\n<p class=\"preamble\"><br>Vi feirer 8.mars med \u00e5 vise frem v\u00e5re engasjerte og dyktige lokalpolitikere i Lindesnes kommunestyre. At hele befolkningen er representert i en kommune er viktig for lokaldemokratiet.<br>Vi takker Janne Fardal Kristoffersen, Line Skaar og \u00c5shild Vatne Drange for deres engasjement og bidrag i den offentlige debatten, dere er gode rollemodeller for likestillingsarbeidet.<\/p>\t\t\t<div class=\"post-meta wp-block teft-byline-wrapper\">\n\t\t\t\t<div class=\"top\">\n\t\t\t\t\t<div class=\"signature\">\n\t\t\t\t\t\t<div class=\"teft-byline\">\n\t\t\t\t\t\t\t\t\t\t\t\t\t\t<div>\n\t\t\t\t\t\t\t\t<h3>H\u00f8yres redaksjon<\/h3>\t\t\t\t\t\t\t\t\n\t\t\t\t\t\t\t\t\t\t\t\t\t\t\t\t\t<span class=\"date\">Sist oppdatert: 8. mars 2021<\/span>\n\t\t\t\t\t\t\t\t\t\t\t\t\t\t\t\t\t\t\t\t\t\t\t\t\t<span class=\"reading-time\" itemprop=\"timeRequired\" content=\"PT1M\"><em>Ca. 1 minutter lesetid<\/em><\/span>\n\t\t\t\t\t\t\t\t\t\t\t\t\t\t\t<\/div>\n\t\t\t\t\t\t<\/div>\n\t\t\t\t\t<\/div>\n\t\t\t\t\t\t<div class=\"sharing\">\n\t\t<a class=\"share-button share-link copy-link\" data-copy=\"https:\/\/hoyre.no\/lindesnes\/aktuelt\/8-mars-fortsatt-en-viktig-dag\/\" target=\"_blank\"><span class=\"screen-reader-text\">Del link<\/span><\/a>\n\t\t<a class=\"share-button share-twitter\" href=\"http:\/\/twitter.com\/share?text=8.mars fortsatt en viktig dag!&#038;url=https:\/\/hoyre.no\/lindesnes\/aktuelt\/8-mars-fortsatt-en-viktig-dag\/&#038;hashtags=Hoyre\" target=\"_blank\"><span class=\"screen-reader-text\">Del p\u00e5 twitter<\/span><\/a>\n\t\t<a class=\"share-button share-facebook\" href=\"https:\/\/www.facebook.com\/sharer\/sharer.php?u=https:\/\/hoyre.no\/lindesnes\/aktuelt\/8-mars-fortsatt-en-viktig-dag\/\" target=\"_blank\"><span class=\"screen-reader-text\">Del p\u00e5 facebook<\/span><\/a>\n\t<\/div>\n\t\t\t\t\t<\/div>\n\t\t\t<\/div>\n\n\t\t\t<figure class=\"hoyre-image-wrapper\"><div class=\"hoyre-image\"><img loading=\"lazy\" decoding=\"async\" width=\"860\" height=\"480\" src=\"https:\/\/hoyre.no\/content\/uploads\/sites\/26\/2020\/11\/lindesnes_jannefardalkristoffersen_860x480.jpg\" class=\"attachment-scaled size-scaled\" alt=\"\" style=\"object-position: 50% 50%\" srcset=\"https:\/\/hoyre.no\/content\/uploads\/sites\/26\/2020\/11\/lindesnes_jannefardalkristoffersen_860x480.jpg 860w, https:\/\/hoyre.no\/content\/uploads\/sites\/26\/2020\/11\/lindesnes_jannefardalkristoffersen_860x480-300x167.jpg 300w, https:\/\/hoyre.no\/content\/uploads\/sites\/26\/2020\/11\/lindesnes_jannefardalkristoffersen_860x480-768x429.jpg 768w\" sizes=\"auto, (max-width: 860px) 100vw, 860px\" \/><\/div><figcaption class=\"caption\">Gruppeleder Janne Fardal Kristoffersen<\/figcaption><\/figure>\n\n\n\n\n<figure class=\"wp-block-teft-gallery columns-1 count-1 rows-2 is-cropped\"><ul class=\"teft-gallery-grid\"><li class=\"teft-gallery-item \"><figure><a href=\"https:\/\/hoyre.no\/content\/uploads\/sites\/26\/2021\/03\/Line-Skaar-scaled.jpg\" data-size=\"1670x2500\"><img loading=\"lazy\" decoding=\"async\" width=\"684\" height=\"1024\" src=\"https:\/\/hoyre.no\/content\/uploads\/sites\/26\/2021\/03\/Line-Skaar-684x1024.jpg\" class=\"attachment-large size-large\" alt=\"\" srcset=\"https:\/\/hoyre.no\/content\/uploads\/sites\/26\/2021\/03\/Line-Skaar-684x1024.jpg 684w, https:\/\/hoyre.no\/content\/uploads\/sites\/26\/2021\/03\/Line-Skaar-200x300.jpg 200w, https:\/\/hoyre.no\/content\/uploads\/sites\/26\/2021\/03\/Line-Skaar-768x1150.jpg 768w, https:\/\/hoyre.no\/content\/uploads\/sites\/26\/2021\/03\/Line-Skaar-1026x1536.jpg 1026w, https:\/\/hoyre.no\/content\/uploads\/sites\/26\/2021\/03\/Line-Skaar-1368x2048.jpg 1368w, https:\/\/hoyre.no\/content\/uploads\/sites\/26\/2021\/03\/Line-Skaar-scaled.jpg 1670w\" sizes=\"auto, (max-width: 684px) 100vw, 684px\" \/ data-full-url=\"https:\/\/hoyre.no\/content\/uploads\/sites\/26\/2021\/03\/Line-Skaar-scaled.jpg\" data-id=\"87\" data-caption=\"87\"\/><\/a><\/figure><\/li><\/ul><\/figure>\n\n\n\n<figure class=\"wp-block-teft-gallery columns-1 count-1 rows-2  is-style-default\"><ul class=\"teft-gallery-grid\"><li class=\"teft-gallery-item \"><figure><a href=\"https:\/\/hoyre.no\/content\/uploads\/sites\/26\/2021\/03\/AshildVatne-Drange.jpg\" data-size=\"1200x1200\"><img loading=\"lazy\" decoding=\"async\" width=\"1024\" height=\"1024\" src=\"https:\/\/hoyre.no\/content\/uploads\/sites\/26\/2021\/03\/AshildVatne-Drange-1024x1024.jpg\" class=\"attachment-large size-large\" alt=\"\" srcset=\"https:\/\/hoyre.no\/content\/uploads\/sites\/26\/2021\/03\/AshildVatne-Drange-1024x1024.jpg 1024w, https:\/\/hoyre.no\/content\/uploads\/sites\/26\/2021\/03\/AshildVatne-Drange-300x300.jpg 300w, https:\/\/hoyre.no\/content\/uploads\/sites\/26\/2021\/03\/AshildVatne-Drange-150x150.jpg 150w, https:\/\/hoyre.no\/content\/uploads\/sites\/26\/2021\/03\/AshildVatne-Drange-768x768.jpg 768w, https:\/\/hoyre.no\/content\/uploads\/sites\/26\/2021\/03\/AshildVatne-Drange.jpg 1200w\" sizes=\"auto, (max-width: 1024px) 100vw, 1024px\" \/ data-full-url=\"https:\/\/hoyre.no\/content\/uploads\/sites\/26\/2021\/03\/AshildVatne-Drange.jpg\" data-id=\"88\" data-caption=\"88\"\/><\/a><\/figure><\/li><\/ul><\/figure>\n\n\n\n<p><\/p>\n\n\n<div class=\"tags\">\n\t<\/div>\n<div class=\"post-footer alignfull has-background block-editor-block-list__block\" data-align=full>\n\t<div class=\"post-footer-inner\">\n\t\t<h3>Relaterte artikler<\/h3>\n\t\t<div class=\"related-content\"><div class=\"is-card-hoyre\">\n\t<div class=\"teft-card hoyre-teft-card post-teft-card\">\n\t\t<a href=\"https:\/\/hoyre.no\/lindesnes\/aktuelt\/takk-for-et-flott-arsmote-%f0%9f%92%99\/\" class=\"teft-card__primary-action\">\n\n\t\t\t\t\t<div class=\"teft-card__media teft-card__media--16-9\">\n\t\t\t\t\t\t<img loading=\"lazy\" decoding=\"async\" width=\"768\" height=\"527\" src=\"https:\/\/hoyre.no\/content\/uploads\/sites\/26\/2025\/12\/image-768x527.png\" class=\"attachment-medium_large size-medium_large\" alt=\"\" srcset=\"https:\/\/hoyre.no\/content\/uploads\/sites\/26\/2025\/12\/image-768x527.png 768w, https:\/\/hoyre.no\/content\/uploads\/sites\/26\/2025\/12\/image-300x206.png 300w, https:\/\/hoyre.no\/content\/uploads\/sites\/26\/2025\/12\/image-1024x703.png 1024w, https:\/\/hoyre.no\/content\/uploads\/sites\/26\/2025\/12\/image-1536x1055.png 1536w, https:\/\/hoyre.no\/content\/uploads\/sites\/26\/2025\/12\/image-2048x1406.png 2048w\" sizes=\"auto, (max-width: 768px) 100vw, 768px\" \/>\t\t<\/div>\n\t\t\n\t\t\t<div class=\"teft-card__content-wrapper\">\n\t\t\t\t<div class=\"teft-card__secondary\">\n\t\t\t\t\t\n\t\t\t\t\t\t\t\t<div class=\"teft-card__meta\">\n\t\t\t\t\t\t\t\t\t<span class=\"post-date\">2. des 2025<\/span>\n\n\t\t\t\t\t\t\t\t\t<span class=\"post-category\">Ukategorisert<\/span>\t\t\t\t\t\t\t\t<\/div>\n\t\t\t\t\t\t\t\t\t\t\t<\/div>\n\n\t\t\t\t<div class=\"teft-card__primary\">\n\t\t\t\t\t<h2 class=\"teft-card__title\">Takk for et flott \u00e5rsm\u00f8te! \ud83d\udc99&nbsp;<span class=\"teft-card__primary-title-append\"><\/span><\/h2>\t\t\t\t<\/div>\n\t\t\t<\/div>\n\t\t<\/a>\n\t<\/div>\n\n\t<\/div><div class=\"is-card-hoyre\">\n\t<div class=\"teft-card hoyre-teft-card post-teft-card\">\n\t\t<a href=\"https:\/\/hoyre.no\/lindesnes\/aktuelt\/arsmote-lindesnes-hoyre\/\" class=\"teft-card__primary-action\">\n\n\t\t\t\t\t<div class=\"teft-card__media teft-card__media--16-9\">\n\t\t\t\t\t\t<img loading=\"lazy\" decoding=\"async\" width=\"768\" height=\"529\" src=\"https:\/\/hoyre.no\/content\/uploads\/sites\/26\/2022\/09\/Arsmote-1200x826-1-768x529.jpg\" class=\"attachment-medium_large size-medium_large\" alt=\"\" srcset=\"https:\/\/hoyre.no\/content\/uploads\/sites\/26\/2022\/09\/Arsmote-1200x826-1-768x529.jpg 768w, https:\/\/hoyre.no\/content\/uploads\/sites\/26\/2022\/09\/Arsmote-1200x826-1-300x207.jpg 300w, https:\/\/hoyre.no\/content\/uploads\/sites\/26\/2022\/09\/Arsmote-1200x826-1-1024x705.jpg 1024w, https:\/\/hoyre.no\/content\/uploads\/sites\/26\/2022\/09\/Arsmote-1200x826-1.jpg 1200w\" sizes=\"auto, (max-width: 768px) 100vw, 768px\" \/>\t\t<\/div>\n\t\t\n\t\t\t<div class=\"teft-card__content-wrapper\">\n\t\t\t\t<div class=\"teft-card__secondary\">\n\t\t\t\t\t\n\t\t\t\t\t\t\t\t<div class=\"teft-card__meta\">\n\t\t\t\t\t\t\t\t\t<span class=\"post-date\">23. okt 2024<\/span>\n\n\t\t\t\t\t\t\t\t\t<span class=\"post-category\">Ukategorisert<\/span>\t\t\t\t\t\t\t\t<\/div>\n\t\t\t\t\t\t\t\t\t\t\t<\/div>\n\n\t\t\t\t<div class=\"teft-card__primary\">\n\t\t\t\t\t<h2 class=\"teft-card__title\">\u00c5rsm\u00f8te-Lindesnes H\u00f8yre&nbsp;<span class=\"teft-card__primary-title-append\"><\/span><\/h2>\t\t\t\t<\/div>\n\t\t\t<\/div>\n\t\t<\/a>\n\t<\/div>\n\n\t<\/div><div class=\"is-card-hoyre\">\n\t<div class=\"teft-card hoyre-teft-card post-teft-card\">\n\t\t<a href=\"https:\/\/hoyre.no\/lindesnes\/aktuelt\/onsker-du-a-komme-i-kontakt-med-vare-utvalgsrepresentanter\/\" class=\"teft-card__primary-action\">\n\n\t\t\t\t\t<div class=\"teft-card__media teft-card__media--16-9\">\n\t\t\t\t\t\t<img loading=\"lazy\" decoding=\"async\" width=\"768\" height=\"1024\" src=\"https:\/\/hoyre.no\/content\/uploads\/sites\/26\/2023\/07\/Hoyre-mandal-bilder_2-768x1024.jpg\" class=\"attachment-medium_large size-medium_large\" alt=\"\" srcset=\"https:\/\/hoyre.no\/content\/uploads\/sites\/26\/2023\/07\/Hoyre-mandal-bilder_2-768x1024.jpg 768w, https:\/\/hoyre.no\/content\/uploads\/sites\/26\/2023\/07\/Hoyre-mandal-bilder_2-225x300.jpg 225w, https:\/\/hoyre.no\/content\/uploads\/sites\/26\/2023\/07\/Hoyre-mandal-bilder_2-1152x1536.jpg 1152w, https:\/\/hoyre.no\/content\/uploads\/sites\/26\/2023\/07\/Hoyre-mandal-bilder_2-1536x2048.jpg 1536w, https:\/\/hoyre.no\/content\/uploads\/sites\/26\/2023\/07\/Hoyre-mandal-bilder_2-scaled.jpg 1875w\" sizes=\"auto, (max-width: 768px) 100vw, 768px\" \/>\t\t<\/div>\n\t\t\n\t\t\t<div class=\"teft-card__content-wrapper\">\n\t\t\t\t<div class=\"teft-card__secondary\">\n\t\t\t\t\t\n\t\t\t\t\t\t\t\t<div class=\"teft-card__meta\">\n\t\t\t\t\t\t\t\t\t<span class=\"post-date\">22. feb 2024<\/span>\n\n\t\t\t\t\t\t\t\t\t<span class=\"post-category\">Ukategorisert<\/span>\t\t\t\t\t\t\t\t<\/div>\n\t\t\t\t\t\t\t\t\t\t\t<\/div>\n\n\t\t\t\t<div class=\"teft-card__primary\">\n\t\t\t\t\t<h2 class=\"teft-card__title\">\u00d8nsker du \u00e5 komme i kontakt med v\u00e5re utvalgsrepresentanter?&nbsp;<span class=\"teft-card__primary-title-append\"><\/span><\/h2>\t\t\t\t<\/div>\n\t\t\t<\/div>\n\t\t<\/a>\n\t<\/div>\n\n\t<\/div><\/div>\t<\/div>\n<\/div>\n","protected":false},"excerpt":{"rendered":"","protected":false},"author":308,"featured_media":0,"comment_status":"closed","ping_status":"closed","sticky":false,"template":"","format":"standard","meta":{"teft_cards_image_url":"","teft_cards_custom_pretitle":"","teft_cards_image_id":58,"teft_cards_image_focal_point_x":0.5,"teft_cards_image_focal_point_y":0.5,"teft_cards_title":"","teft_cards_excerpt":"","teft_show_chapters":false,"author_display_name":"","footnotes":""},"category":[1],"post_tag":[],"hoyre-visibility":[],"article-type":[],"politician":[],"class_list":["post-85","post","type-post","status-publish","format-standard","hentry","category-ukategorisert"],"yoast_head":"<!-- This site is optimized with the Yoast SEO plugin v26.6 - https:\/\/yoast.com\/wordpress\/plugins\/seo\/ -->\n<title>8.mars fortsatt en viktig dag! - Lindesnes H\u00f8yre<\/title>\n<meta name=\"robots\" content=\"index, follow, max-snippet:-1, max-image-preview:large, max-video-preview:-1\" \/>\n<link rel=\"canonical\" href=\"https:\/\/hoyre.no\/lindesnes\/aktuelt\/8-mars-fortsatt-en-viktig-dag\/\" \/>\n<meta property=\"og:locale\" content=\"nb_NO\" \/>\n<meta property=\"og:type\" content=\"article\" \/>\n<meta property=\"og:title\" content=\"8.mars fortsatt en viktig dag! - Lindesnes H\u00f8yre\" \/>\n<meta property=\"og:url\" content=\"https:\/\/hoyre.no\/lindesnes\/aktuelt\/8-mars-fortsatt-en-viktig-dag\/\" \/>\n<meta property=\"og:site_name\" content=\"Lindesnes H\u00f8yre\" \/>\n<meta property=\"article:published_time\" content=\"2021-03-08T18:15:55+00:00\" \/>\n<meta property=\"article:modified_time\" content=\"2021-03-08T18:21:31+00:00\" \/>\n<meta property=\"og:image\" content=\"https:\/\/hoyre.no\/content\/uploads\/sites\/26\/2023\/07\/Hoyre-mandal-bilder_2-768x1024.jpg\" \/>\n<meta name=\"twitter:card\" content=\"summary_large_image\" \/>\n<meta name=\"twitter:label1\" content=\"Skrevet av\" \/>\n\t<meta name=\"twitter:data1\" content=\"\" \/>\n<script type=\"application\/ld+json\" class=\"yoast-schema-graph\">{\"@context\":\"https:\/\/schema.org\",\"@graph\":[{\"@type\":\"NewsArticle\",\"@id\":\"https:\/\/hoyre.no\/lindesnes\/aktuelt\/8-mars-fortsatt-en-viktig-dag\/\",\"url\":\"https:\/\/hoyre.no\/lindesnes\/aktuelt\/8-mars-fortsatt-en-viktig-dag\/\",\"name\":\"8.mars fortsatt en viktig dag! - Lindesnes H\u00f8yre\",\"isPartOf\":{\"@id\":\"https:\/\/hoyre.no\/lindesnes\/#website\"},\"datePublished\":\"2021-03-08T18:15:55+00:00\",\"dateModified\":\"2021-03-08T18:21:31+00:00\",\"author\":{\"@id\":\"\"},\"breadcrumb\":{\"@id\":\"https:\/\/hoyre.no\/lindesnes\/aktuelt\/8-mars-fortsatt-en-viktig-dag\/#breadcrumb\"},\"inLanguage\":\"nb-NO\",\"potentialAction\":[{\"@type\":\"ReadAction\",\"target\":[\"https:\/\/hoyre.no\/lindesnes\/aktuelt\/8-mars-fortsatt-en-viktig-dag\/\"]}]},{\"@type\":\"BreadcrumbList\",\"@id\":\"https:\/\/hoyre.no\/lindesnes\/aktuelt\/8-mars-fortsatt-en-viktig-dag\/#breadcrumb\",\"itemListElement\":[{\"@type\":\"ListItem\",\"position\":1,\"name\":\"Til hoyre.no\",\"item\":\"https:\/\/hoyre.no\"},{\"@type\":\"ListItem\",\"position\":2,\"name\":\"Hjem\",\"item\":\"https:\/\/hoyre.no\/lindesnes\/\"},{\"@type\":\"ListItem\",\"position\":3,\"name\":\"8.mars fortsatt en viktig dag!\"}]},{\"@type\":\"WebSite\",\"@id\":\"https:\/\/hoyre.no\/lindesnes\/#website\",\"url\":\"https:\/\/hoyre.no\/lindesnes\/\",\"name\":\"Lindesnes H\u00f8yre\",\"description\":\"Bare enda et H\u00f8yres nettsteder-nettsted\",\"inLanguage\":\"nb-NO\"},{\"@type\":\"Person\",\"@id\":\"\",\"url\":\"https:\/\/hoyre.no\/lindesnes\/aktuelt\/author\/\"}]}<\/script>\n<!-- \/ Yoast SEO plugin. -->","yoast_head_json":{"title":"8.mars fortsatt en viktig dag! - Lindesnes H\u00f8yre","robots":{"index":"index","follow":"follow","max-snippet":"max-snippet:-1","max-image-preview":"max-image-preview:large","max-video-preview":"max-video-preview:-1"},"canonical":"https:\/\/hoyre.no\/lindesnes\/aktuelt\/8-mars-fortsatt-en-viktig-dag\/","og_locale":"nb_NO","og_type":"article","og_title":"8.mars fortsatt en viktig dag! - Lindesnes H\u00f8yre","og_url":"https:\/\/hoyre.no\/lindesnes\/aktuelt\/8-mars-fortsatt-en-viktig-dag\/","og_site_name":"Lindesnes H\u00f8yre","article_published_time":"2021-03-08T18:15:55+00:00","article_modified_time":"2021-03-08T18:21:31+00:00","og_image":[{"url":"https:\/\/hoyre.no\/content\/uploads\/sites\/26\/2023\/07\/Hoyre-mandal-bilder_2-768x1024.jpg","width":"","height":"","type":""}],"twitter_card":"summary_large_image","twitter_misc":{"Skrevet av":""},"schema":{"@context":"https:\/\/schema.org","@graph":[{"@type":"NewsArticle","@id":"https:\/\/hoyre.no\/lindesnes\/aktuelt\/8-mars-fortsatt-en-viktig-dag\/","url":"https:\/\/hoyre.no\/lindesnes\/aktuelt\/8-mars-fortsatt-en-viktig-dag\/","name":"8.mars fortsatt en viktig dag! - Lindesnes H\u00f8yre","isPartOf":{"@id":"https:\/\/hoyre.no\/lindesnes\/#website"},"datePublished":"2021-03-08T18:15:55+00:00","dateModified":"2021-03-08T18:21:31+00:00","author":{"@id":""},"breadcrumb":{"@id":"https:\/\/hoyre.no\/lindesnes\/aktuelt\/8-mars-fortsatt-en-viktig-dag\/#breadcrumb"},"inLanguage":"nb-NO","potentialAction":[{"@type":"ReadAction","target":["https:\/\/hoyre.no\/lindesnes\/aktuelt\/8-mars-fortsatt-en-viktig-dag\/"]}]},{"@type":"BreadcrumbList","@id":"https:\/\/hoyre.no\/lindesnes\/aktuelt\/8-mars-fortsatt-en-viktig-dag\/#breadcrumb","itemListElement":[{"@type":"ListItem","position":1,"name":"Til hoyre.no","item":"https:\/\/hoyre.no"},{"@type":"ListItem","position":2,"name":"Hjem","item":"https:\/\/hoyre.no\/lindesnes\/"},{"@type":"ListItem","position":3,"name":"8.mars fortsatt en viktig dag!"}]},{"@type":"WebSite","@id":"https:\/\/hoyre.no\/lindesnes\/#website","url":"https:\/\/hoyre.no\/lindesnes\/","name":"Lindesnes H\u00f8yre","description":"Bare enda et H\u00f8yres nettsteder-nettsted","inLanguage":"nb-NO"},{"@type":"Person","@id":"","url":"https:\/\/hoyre.no\/lindesnes\/aktuelt\/author\/"}]}},"distributor_meta":false,"distributor_terms":false,"distributor_media":false,"distributor_original_site_name":"Lindesnes H\u00f8yre","distributor_original_site_url":"https:\/\/hoyre.no\/lindesnes","push-errors":false,"_links":{"self":[{"href":"https:\/\/hoyre.no\/lindesnes\/wp-json\/wp\/v2\/posts\/85","targetHints":{"allow":["GET"]}}],"collection":[{"href":"https:\/\/hoyre.no\/lindesnes\/wp-json\/wp\/v2\/posts"}],"about":[{"href":"https:\/\/hoyre.no\/lindesnes\/wp-json\/wp\/v2\/types\/post"}],"author":[{"embeddable":true,"href":"https:\/\/hoyre.no\/lindesnes\/wp-json\/wp\/v2\/users\/308"}],"replies":[{"embeddable":true,"href":"https:\/\/hoyre.no\/lindesnes\/wp-json\/wp\/v2\/comments?post=85"}],"version-history":[{"count":1,"href":"https:\/\/hoyre.no\/lindesnes\/wp-json\/wp\/v2\/posts\/85\/revisions"}],"predecessor-version":[{"id":89,"href":"https:\/\/hoyre.no\/lindesnes\/wp-json\/wp\/v2\/posts\/85\/revisions\/89"}],"wp:attachment":[{"href":"https:\/\/hoyre.no\/lindesnes\/wp-json\/wp\/v2\/media?parent=85"}],"wp:term":[{"taxonomy":"category","embeddable":true,"href":"https:\/\/hoyre.no\/lindesnes\/wp-json\/wp\/v2\/category?post=85"},{"taxonomy":"post_tag","embeddable":true,"href":"https:\/\/hoyre.no\/lindesnes\/wp-json\/wp\/v2\/post_tag?post=85"},{"taxonomy":"hoyre-visibility","embeddable":true,"href":"https:\/\/hoyre.no\/lindesnes\/wp-json\/wp\/v2\/hoyre-visibility?post=85"},{"taxonomy":"article-type","embeddable":true,"href":"https:\/\/hoyre.no\/lindesnes\/wp-json\/wp\/v2\/article-type?post=85"},{"taxonomy":"politician","embeddable":true,"href":"https:\/\/hoyre.no\/lindesnes\/wp-json\/wp\/v2\/politician?post=85"}],"curies":[{"name":"wp","href":"https:\/\/api.w.org\/{rel}","templated":true}]}}