{"id":44,"date":"2023-08-17T18:04:48","date_gmt":"2023-08-17T16:04:48","guid":{"rendered":"https:\/\/hoyre.no\/lodingen\/?p=44"},"modified":"2023-08-17T18:04:49","modified_gmt":"2023-08-17T16:04:49","slug":"program-lodingen-hoyre-2023-2027","status":"publish","type":"post","link":"https:\/\/hoyre.no\/lodingen\/aktuelt\/program-lodingen-hoyre-2023-2027\/","title":{"rendered":"Program L\u00f8dingen H\u00f8yre 2023-2027"},"content":{"rendered":"\n<figure class=\"hoyre-image-wrapper\"><div class=\"hoyre-image\"><img loading=\"lazy\" decoding=\"async\" width=\"946\" height=\"2048\" src=\"https:\/\/hoyre.no\/content\/uploads\/sites\/134\/2023\/08\/IMG_5508.jpeg\" class=\"attachment-scaled size-scaled\" alt=\"\" style=\"object-position: 50% 50%\" srcset=\"https:\/\/hoyre.no\/content\/uploads\/sites\/134\/2023\/08\/IMG_5508.jpeg 946w, https:\/\/hoyre.no\/content\/uploads\/sites\/134\/2023\/08\/IMG_5508-139x300.jpeg 139w, https:\/\/hoyre.no\/content\/uploads\/sites\/134\/2023\/08\/IMG_5508-473x1024.jpeg 473w, https:\/\/hoyre.no\/content\/uploads\/sites\/134\/2023\/08\/IMG_5508-768x1663.jpeg 768w, https:\/\/hoyre.no\/content\/uploads\/sites\/134\/2023\/08\/IMG_5508-710x1536.jpeg 710w\" sizes=\"auto, (max-width: 946px) 100vw, 946px\" \/><\/div><figcaption class=\"caption\">Ordf\u00f8rer kandidat Thomas Moelv.<\/figcaption><\/figure>\n\n\n\n<div class=\"wp-block-teft-file icon-link-block\"><a href=\"https:\/\/hoyre.no\/content\/uploads\/sites\/134\/2023\/08\/Program-valg-2023-1.pdf\" download><span class=\"file-title\">Program-valg-2023-1<\/span><span class=\"file-name\"><\/span><\/a><\/div>\n\n\n\n\n<p><\/p>\n\n\n<div class=\"tags\">\n\t<\/div>\n<div class=\"post-footer alignfull has-background block-editor-block-list__block\" data-align=full>\n\t<div class=\"post-footer-inner\">\n\t\t<h3>Relaterte artikler<\/h3>\n\t\t<div class=\"related-content\"><div class=\"is-card-hoyre\">\n\t<div class=\"teft-card hoyre-teft-card post-teft-card\">\n\t\t<a href=\"https:\/\/hoyre.no\/lodingen\/aktuelt\/vi-er-stolte-av-a-ha-en-skulptur-av-anish-kapoor-i-kommunen-men-har-kommunen-sett-potensiale-i-den\/\" class=\"teft-card__primary-action\">\n\n\t\t\t<div class=\"teft-card__media teft-card__media--16-9 no-image\"><\/div>\n\t\t\t<div class=\"teft-card__content-wrapper\">\n\t\t\t\t<div class=\"teft-card__secondary\">\n\t\t\t\t\t\n\t\t\t\t\t\t\t\t<div class=\"teft-card__meta\">\n\t\t\t\t\t\t\t\t\t<span class=\"post-date\">11. sep 2023<\/span>\n\n\t\t\t\t\t\t\t\t\t\t\t\t\t\t\t\t\t<\/div>\n\t\t\t\t\t\t\t\t\t\t\t<\/div>\n\n\t\t\t\t<div class=\"teft-card__primary\">\n\t\t\t\t\t<h2 class=\"teft-card__title\">Vi er stolte av \u00e5 ha en skulptur av Anish Kapoor i kommunen &#8211; men har kommunen sett potensiale i den?&nbsp;<span class=\"teft-card__primary-title-append\"><\/span><\/h2>\t\t\t\t<\/div>\n\t\t\t<\/div>\n\t\t<\/a>\n\t<\/div>\n\n\t<\/div><div class=\"is-card-hoyre\">\n\t<div class=\"teft-card hoyre-teft-card post-teft-card\">\n\t\t<a href=\"https:\/\/hoyre.no\/lodingen\/aktuelt\/stand-i-havna-lordag-19-august-2023\/\" class=\"teft-card__primary-action\">\n\n\t\t\t<div class=\"teft-card__media teft-card__media--16-9 no-image\"><\/div>\n\t\t\t<div class=\"teft-card__content-wrapper\">\n\t\t\t\t<div class=\"teft-card__secondary\">\n\t\t\t\t\t\n\t\t\t\t\t\t\t\t<div class=\"teft-card__meta\">\n\t\t\t\t\t\t\t\t\t<span class=\"post-date\">19. aug 2023<\/span>\n\n\t\t\t\t\t\t\t\t\t\t\t\t\t\t\t\t\t<\/div>\n\t\t\t\t\t\t\t\t\t\t\t<\/div>\n\n\t\t\t\t<div class=\"teft-card__primary\">\n\t\t\t\t\t<h2 class=\"teft-card__title\">Stand i Havna l\u00f8rdag 19.august.2023&nbsp;<span class=\"teft-card__primary-title-append\"><\/span><\/h2>\t\t\t\t<\/div>\n\t\t\t<\/div>\n\t\t<\/a>\n\t<\/div>\n\n\t<\/div><\/div>\t<\/div>\n<\/div>\n","protected":false},"excerpt":{"rendered":"","protected":false},"author":4588,"featured_media":0,"comment_status":"closed","ping_status":"closed","sticky":false,"template":"","format":"standard","meta":{"teft_cards_image_url":"","teft_cards_custom_pretitle":"","teft_cards_image_id":0,"teft_cards_image_focal_point_x":0,"teft_cards_image_focal_point_y":0,"teft_cards_title":"","teft_cards_excerpt":"","teft_show_chapters":false,"author_display_name":"","footnotes":""},"category":[1],"post_tag":[],"hoyre-visibility":[],"article-type":[],"politician":[],"class_list":["post-44","post","type-post","status-publish","format-standard","hentry","category-ukategorisert"],"yoast_head":"<!-- This site is optimized with the Yoast SEO plugin v26.6 - https:\/\/yoast.com\/wordpress\/plugins\/seo\/ -->\n<title>Program L\u00f8dingen H\u00f8yre 2023-2027 - L\u00f8dingen H\u00f8yre<\/title>\n<meta name=\"robots\" content=\"index, follow, max-snippet:-1, max-image-preview:large, max-video-preview:-1\" \/>\n<link rel=\"canonical\" href=\"https:\/\/hoyre.no\/lodingen\/aktuelt\/program-lodingen-hoyre-2023-2027\/\" \/>\n<meta property=\"og:locale\" content=\"nb_NO\" \/>\n<meta property=\"og:type\" content=\"article\" \/>\n<meta property=\"og:title\" content=\"Program L\u00f8dingen H\u00f8yre 2023-2027 - L\u00f8dingen H\u00f8yre\" \/>\n<meta property=\"og:url\" content=\"https:\/\/hoyre.no\/lodingen\/aktuelt\/program-lodingen-hoyre-2023-2027\/\" \/>\n<meta property=\"og:site_name\" content=\"L\u00f8dingen H\u00f8yre\" \/>\n<meta property=\"article:author\" content=\"https:\/\/www.facebook.com\/angellstoro\" \/>\n<meta property=\"article:published_time\" content=\"2023-08-17T16:04:48+00:00\" \/>\n<meta property=\"article:modified_time\" content=\"2023-08-17T16:04:49+00:00\" \/>\n<meta property=\"og:image\" content=\"https:\/\/hoyre.no\/content\/uploads\/sites\/134\/2022\/11\/Hoyres-logo.png\" \/>\n\t<meta property=\"og:image:width\" content=\"1000\" \/>\n\t<meta property=\"og:image:height\" content=\"1000\" \/>\n\t<meta property=\"og:image:type\" content=\"image\/png\" \/>\n<meta name=\"author\" content=\"Tom Rune Angell-Stor\u00f8 Juliussen\" \/>\n<meta name=\"twitter:card\" content=\"summary_large_image\" \/>\n<meta name=\"twitter:label1\" content=\"Skrevet av\" \/>\n\t<meta name=\"twitter:data1\" content=\"Tom Rune Angell-Stor\u00f8 Juliussen\" \/>\n\t<meta name=\"twitter:label2\" content=\"Ansl. lesetid\" \/>\n\t<meta name=\"twitter:data2\" content=\"1 minutt\" \/>\n<script type=\"application\/ld+json\" class=\"yoast-schema-graph\">{\"@context\":\"https:\/\/schema.org\",\"@graph\":[{\"@type\":\"NewsArticle\",\"@id\":\"https:\/\/hoyre.no\/lodingen\/aktuelt\/program-lodingen-hoyre-2023-2027\/\",\"url\":\"https:\/\/hoyre.no\/lodingen\/aktuelt\/program-lodingen-hoyre-2023-2027\/\",\"name\":\"Program L\u00f8dingen H\u00f8yre 2023-2027 - L\u00f8dingen H\u00f8yre\",\"isPartOf\":{\"@id\":\"https:\/\/hoyre.no\/lodingen\/#website\"},\"datePublished\":\"2023-08-17T16:04:48+00:00\",\"dateModified\":\"2023-08-17T16:04:49+00:00\",\"author\":{\"@id\":\"https:\/\/hoyre.no\/lodingen\/#\/schema\/person\/b7d1d5bf18669453b96aa4ed08bc05d1\"},\"breadcrumb\":{\"@id\":\"https:\/\/hoyre.no\/lodingen\/aktuelt\/program-lodingen-hoyre-2023-2027\/#breadcrumb\"},\"inLanguage\":\"nb-NO\",\"potentialAction\":[{\"@type\":\"ReadAction\",\"target\":[\"https:\/\/hoyre.no\/lodingen\/aktuelt\/program-lodingen-hoyre-2023-2027\/\"]}]},{\"@type\":\"BreadcrumbList\",\"@id\":\"https:\/\/hoyre.no\/lodingen\/aktuelt\/program-lodingen-hoyre-2023-2027\/#breadcrumb\",\"itemListElement\":[{\"@type\":\"ListItem\",\"position\":1,\"name\":\"Til hoyre.no\",\"item\":\"https:\/\/hoyre.no\"},{\"@type\":\"ListItem\",\"position\":2,\"name\":\"Hjem\",\"item\":\"https:\/\/hoyre.no\/lodingen\/\"},{\"@type\":\"ListItem\",\"position\":3,\"name\":\"Program L\u00f8dingen H\u00f8yre 2023-2027\"}]},{\"@type\":\"WebSite\",\"@id\":\"https:\/\/hoyre.no\/lodingen\/#website\",\"url\":\"https:\/\/hoyre.no\/lodingen\/\",\"name\":\"L\u00f8dingen H\u00f8yre\",\"description\":\"Bare enda et H\u00f8yres nettsteder-nettsted\",\"inLanguage\":\"nb-NO\"},{\"@type\":\"Person\",\"@id\":\"https:\/\/hoyre.no\/lodingen\/#\/schema\/person\/b7d1d5bf18669453b96aa4ed08bc05d1\",\"name\":\"Tom Rune Angell-Stor\u00f8 Juliussen\",\"image\":{\"@type\":\"ImageObject\",\"inLanguage\":\"nb-NO\",\"@id\":\"https:\/\/hoyre.no\/lodingen\/#\/schema\/person\/image\/\",\"url\":\"https:\/\/secure.gravatar.com\/avatar\/024e6bc79880a3825b3d4fa96bdb488a8d21cdd96da986d07eb749db0e76aeed?s=96&d=mm&r=g\",\"contentUrl\":\"https:\/\/secure.gravatar.com\/avatar\/024e6bc79880a3825b3d4fa96bdb488a8d21cdd96da986d07eb749db0e76aeed?s=96&d=mm&r=g\",\"caption\":\"Tom Rune Angell-Stor\u00f8 Juliussen\"},\"sameAs\":[\"https:\/\/www.facebook.com\/angellstoro\",\"https:\/\/www.linkedin.com\/in\/tom-rune-juliussen-2a7bba182\/\"],\"url\":\"https:\/\/hoyre.no\/lodingen\/aktuelt\/author\/m51942159\/\"}]}<\/script>\n<!-- \/ Yoast SEO plugin. -->","yoast_head_json":{"title":"Program L\u00f8dingen H\u00f8yre 2023-2027 - L\u00f8dingen H\u00f8yre","robots":{"index":"index","follow":"follow","max-snippet":"max-snippet:-1","max-image-preview":"max-image-preview:large","max-video-preview":"max-video-preview:-1"},"canonical":"https:\/\/hoyre.no\/lodingen\/aktuelt\/program-lodingen-hoyre-2023-2027\/","og_locale":"nb_NO","og_type":"article","og_title":"Program L\u00f8dingen H\u00f8yre 2023-2027 - L\u00f8dingen H\u00f8yre","og_url":"https:\/\/hoyre.no\/lodingen\/aktuelt\/program-lodingen-hoyre-2023-2027\/","og_site_name":"L\u00f8dingen H\u00f8yre","article_author":"https:\/\/www.facebook.com\/angellstoro","article_published_time":"2023-08-17T16:04:48+00:00","article_modified_time":"2023-08-17T16:04:49+00:00","og_image":[{"width":1000,"height":1000,"url":"https:\/\/hoyre.no\/content\/uploads\/sites\/134\/2022\/11\/Hoyres-logo.png","type":"image\/png"}],"author":"Tom Rune Angell-Stor\u00f8 Juliussen","twitter_card":"summary_large_image","twitter_misc":{"Skrevet av":"Tom Rune Angell-Stor\u00f8 Juliussen","Ansl. lesetid":"1 minutt"},"schema":{"@context":"https:\/\/schema.org","@graph":[{"@type":"NewsArticle","@id":"https:\/\/hoyre.no\/lodingen\/aktuelt\/program-lodingen-hoyre-2023-2027\/","url":"https:\/\/hoyre.no\/lodingen\/aktuelt\/program-lodingen-hoyre-2023-2027\/","name":"Program L\u00f8dingen H\u00f8yre 2023-2027 - L\u00f8dingen H\u00f8yre","isPartOf":{"@id":"https:\/\/hoyre.no\/lodingen\/#website"},"datePublished":"2023-08-17T16:04:48+00:00","dateModified":"2023-08-17T16:04:49+00:00","author":{"@id":"https:\/\/hoyre.no\/lodingen\/#\/schema\/person\/b7d1d5bf18669453b96aa4ed08bc05d1"},"breadcrumb":{"@id":"https:\/\/hoyre.no\/lodingen\/aktuelt\/program-lodingen-hoyre-2023-2027\/#breadcrumb"},"inLanguage":"nb-NO","potentialAction":[{"@type":"ReadAction","target":["https:\/\/hoyre.no\/lodingen\/aktuelt\/program-lodingen-hoyre-2023-2027\/"]}]},{"@type":"BreadcrumbList","@id":"https:\/\/hoyre.no\/lodingen\/aktuelt\/program-lodingen-hoyre-2023-2027\/#breadcrumb","itemListElement":[{"@type":"ListItem","position":1,"name":"Til hoyre.no","item":"https:\/\/hoyre.no"},{"@type":"ListItem","position":2,"name":"Hjem","item":"https:\/\/hoyre.no\/lodingen\/"},{"@type":"ListItem","position":3,"name":"Program L\u00f8dingen H\u00f8yre 2023-2027"}]},{"@type":"WebSite","@id":"https:\/\/hoyre.no\/lodingen\/#website","url":"https:\/\/hoyre.no\/lodingen\/","name":"L\u00f8dingen H\u00f8yre","description":"Bare enda et H\u00f8yres nettsteder-nettsted","inLanguage":"nb-NO"},{"@type":"Person","@id":"https:\/\/hoyre.no\/lodingen\/#\/schema\/person\/b7d1d5bf18669453b96aa4ed08bc05d1","name":"Tom Rune Angell-Stor\u00f8 Juliussen","image":{"@type":"ImageObject","inLanguage":"nb-NO","@id":"https:\/\/hoyre.no\/lodingen\/#\/schema\/person\/image\/","url":"https:\/\/secure.gravatar.com\/avatar\/024e6bc79880a3825b3d4fa96bdb488a8d21cdd96da986d07eb749db0e76aeed?s=96&d=mm&r=g","contentUrl":"https:\/\/secure.gravatar.com\/avatar\/024e6bc79880a3825b3d4fa96bdb488a8d21cdd96da986d07eb749db0e76aeed?s=96&d=mm&r=g","caption":"Tom Rune Angell-Stor\u00f8 Juliussen"},"sameAs":["https:\/\/www.facebook.com\/angellstoro","https:\/\/www.linkedin.com\/in\/tom-rune-juliussen-2a7bba182\/"],"url":"https:\/\/hoyre.no\/lodingen\/aktuelt\/author\/m51942159\/"}]}},"distributor_meta":false,"distributor_terms":false,"distributor_media":false,"distributor_original_site_name":"L\u00f8dingen H\u00f8yre","distributor_original_site_url":"https:\/\/hoyre.no\/lodingen","push-errors":false,"_links":{"self":[{"href":"https:\/\/hoyre.no\/lodingen\/wp-json\/wp\/v2\/posts\/44","targetHints":{"allow":["GET"]}}],"collection":[{"href":"https:\/\/hoyre.no\/lodingen\/wp-json\/wp\/v2\/posts"}],"about":[{"href":"https:\/\/hoyre.no\/lodingen\/wp-json\/wp\/v2\/types\/post"}],"author":[{"embeddable":true,"href":"https:\/\/hoyre.no\/lodingen\/wp-json\/wp\/v2\/users\/4588"}],"replies":[{"embeddable":true,"href":"https:\/\/hoyre.no\/lodingen\/wp-json\/wp\/v2\/comments?post=44"}],"version-history":[{"count":2,"href":"https:\/\/hoyre.no\/lodingen\/wp-json\/wp\/v2\/posts\/44\/revisions"}],"predecessor-version":[{"id":48,"href":"https:\/\/hoyre.no\/lodingen\/wp-json\/wp\/v2\/posts\/44\/revisions\/48"}],"wp:attachment":[{"href":"https:\/\/hoyre.no\/lodingen\/wp-json\/wp\/v2\/media?parent=44"}],"wp:term":[{"taxonomy":"category","embeddable":true,"href":"https:\/\/hoyre.no\/lodingen\/wp-json\/wp\/v2\/category?post=44"},{"taxonomy":"post_tag","embeddable":true,"href":"https:\/\/hoyre.no\/lodingen\/wp-json\/wp\/v2\/post_tag?post=44"},{"taxonomy":"hoyre-visibility","embeddable":true,"href":"https:\/\/hoyre.no\/lodingen\/wp-json\/wp\/v2\/hoyre-visibility?post=44"},{"taxonomy":"article-type","embeddable":true,"href":"https:\/\/hoyre.no\/lodingen\/wp-json\/wp\/v2\/article-type?post=44"},{"taxonomy":"politician","embeddable":true,"href":"https:\/\/hoyre.no\/lodingen\/wp-json\/wp\/v2\/politician?post=44"}],"curies":[{"name":"wp","href":"https:\/\/api.w.org\/{rel}","templated":true}]}}