{"id":49,"date":"2023-08-19T18:23:27","date_gmt":"2023-08-19T16:23:27","guid":{"rendered":"https:\/\/hoyre.no\/lodingen\/?p=49"},"modified":"2023-08-19T18:23:28","modified_gmt":"2023-08-19T16:23:28","slug":"stand-i-havna-lordag-19-august-2023","status":"publish","type":"post","link":"https:\/\/hoyre.no\/lodingen\/aktuelt\/stand-i-havna-lordag-19-august-2023\/","title":{"rendered":"Stand i Havna l\u00f8rdag 19.august.2023"},"content":{"rendered":"\n<p class=\"preamble\">V\u00e5r andre stand i \u00e5rets valkamp var et trivelig m\u00f8te med engasjerte velgere &#8211; gav oss enn\u00e5 mere styrke for \u00e5 arbeide mot en ny kurs for L\u00f8dingen. <\/p>\t\t\t<div class=\"post-meta wp-block teft-byline-wrapper\">\n\t\t\t\t<div class=\"top\">\n\t\t\t\t\t<div class=\"signature\">\n\t\t\t\t\t\t<div class=\"teft-byline\">\n\t\t\t\t\t\t\t\t\t\t\t\t\t\t<div>\n\t\t\t\t\t\t\t\t<h3>H\u00f8yres redaksjon<\/h3>\t\t\t\t\t\t\t\t\n\t\t\t\t\t\t\t\t\t\t\t\t\t\t\t\t\t<span class=\"date\">Sist oppdatert: 19. august 2023<\/span>\n\t\t\t\t\t\t\t\t\t\t\t\t\t\t\t\t\t\t\t\t\t\t\t\t\t<span class=\"reading-time\" itemprop=\"timeRequired\" content=\"PT1M\"><em>Ca. 1 minutter lesetid<\/em><\/span>\n\t\t\t\t\t\t\t\t\t\t\t\t\t\t\t<\/div>\n\t\t\t\t\t\t<\/div>\n\t\t\t\t\t<\/div>\n\t\t\t\t\t\t<div class=\"sharing\">\n\t\t<a class=\"share-button share-link copy-link\" data-copy=\"https:\/\/hoyre.no\/lodingen\/aktuelt\/stand-i-havna-lordag-19-august-2023\/\" target=\"_blank\"><span class=\"screen-reader-text\">Del link<\/span><\/a>\n\t\t<a class=\"share-button share-twitter\" href=\"http:\/\/twitter.com\/share?text=Stand i Havna l\u00f8rdag 19.august.2023&#038;url=https:\/\/hoyre.no\/lodingen\/aktuelt\/stand-i-havna-lordag-19-august-2023\/&#038;hashtags=Hoyre\" target=\"_blank\"><span class=\"screen-reader-text\">Del p\u00e5 twitter<\/span><\/a>\n\t\t<a class=\"share-button share-facebook\" href=\"https:\/\/www.facebook.com\/sharer\/sharer.php?u=https:\/\/hoyre.no\/lodingen\/aktuelt\/stand-i-havna-lordag-19-august-2023\/\" target=\"_blank\"><span class=\"screen-reader-text\">Del p\u00e5 facebook<\/span><\/a>\n\t<\/div>\n\t\t\t\t\t<\/div>\n\t\t\t<\/div>\n\n\t\t\t<figure class=\"hoyre-image-wrapper\"><div class=\"hoyre-image\"><img loading=\"lazy\" decoding=\"async\" width=\"2500\" height=\"1670\" src=\"https:\/\/hoyre.no\/content\/uploads\/sites\/134\/2023\/08\/20230819-L1002649-scaled.jpg\" class=\"attachment-scaled size-scaled\" alt=\"\" style=\"object-position: 50% 50%\" srcset=\"https:\/\/hoyre.no\/content\/uploads\/sites\/134\/2023\/08\/20230819-L1002649-scaled.jpg 2500w, https:\/\/hoyre.no\/content\/uploads\/sites\/134\/2023\/08\/20230819-L1002649-300x200.jpg 300w, https:\/\/hoyre.no\/content\/uploads\/sites\/134\/2023\/08\/20230819-L1002649-1024x684.jpg 1024w, https:\/\/hoyre.no\/content\/uploads\/sites\/134\/2023\/08\/20230819-L1002649-768x513.jpg 768w, https:\/\/hoyre.no\/content\/uploads\/sites\/134\/2023\/08\/20230819-L1002649-1536x1026.jpg 1536w, https:\/\/hoyre.no\/content\/uploads\/sites\/134\/2023\/08\/20230819-L1002649-2048x1368.jpg 2048w\" sizes=\"auto, (max-width: 2500px) 100vw, 2500px\" \/><\/div><figcaption class=\"caption\">Foto: Tom Rune Angell-Stor\u00f6 Juliussen<\/figcaption><\/figure>\n\n\n\n\n<p><\/p>\n\n\n\n<figure class=\"wp-block-image size-large\"><img loading=\"lazy\" decoding=\"async\" width=\"684\" height=\"1024\" src=\"https:\/\/hoyre.no\/content\/uploads\/sites\/134\/2023\/08\/20230819-L1002702-1-684x1024.jpg\" alt=\"\" class=\"wp-image-56\" srcset=\"https:\/\/hoyre.no\/content\/uploads\/sites\/134\/2023\/08\/20230819-L1002702-1-684x1024.jpg 684w, https:\/\/hoyre.no\/content\/uploads\/sites\/134\/2023\/08\/20230819-L1002702-1-200x300.jpg 200w, https:\/\/hoyre.no\/content\/uploads\/sites\/134\/2023\/08\/20230819-L1002702-1-768x1150.jpg 768w, https:\/\/hoyre.no\/content\/uploads\/sites\/134\/2023\/08\/20230819-L1002702-1-1026x1536.jpg 1026w, https:\/\/hoyre.no\/content\/uploads\/sites\/134\/2023\/08\/20230819-L1002702-1-1368x2048.jpg 1368w, https:\/\/hoyre.no\/content\/uploads\/sites\/134\/2023\/08\/20230819-L1002702-1-scaled.jpg 1670w\" sizes=\"auto, (max-width: 684px) 100vw, 684px\" \/><\/figure>\n\n\n\n<figure class=\"wp-block-image size-large\"><img loading=\"lazy\" decoding=\"async\" width=\"1024\" height=\"684\" src=\"https:\/\/hoyre.no\/content\/uploads\/sites\/134\/2023\/08\/20230819-L1002675-1-1024x684.jpg\" alt=\"\" class=\"wp-image-57\" srcset=\"https:\/\/hoyre.no\/content\/uploads\/sites\/134\/2023\/08\/20230819-L1002675-1-1024x684.jpg 1024w, https:\/\/hoyre.no\/content\/uploads\/sites\/134\/2023\/08\/20230819-L1002675-1-300x200.jpg 300w, https:\/\/hoyre.no\/content\/uploads\/sites\/134\/2023\/08\/20230819-L1002675-1-768x513.jpg 768w, https:\/\/hoyre.no\/content\/uploads\/sites\/134\/2023\/08\/20230819-L1002675-1-1536x1026.jpg 1536w, https:\/\/hoyre.no\/content\/uploads\/sites\/134\/2023\/08\/20230819-L1002675-1-2048x1368.jpg 2048w\" sizes=\"auto, (max-width: 1024px) 100vw, 1024px\" \/><\/figure>\n\n\n\n<figure class=\"wp-block-image size-large\"><img loading=\"lazy\" decoding=\"async\" width=\"649\" height=\"1024\" src=\"https:\/\/hoyre.no\/content\/uploads\/sites\/134\/2023\/08\/20230819-L1002611-2-1-649x1024.jpg\" alt=\"\" class=\"wp-image-58\" srcset=\"https:\/\/hoyre.no\/content\/uploads\/sites\/134\/2023\/08\/20230819-L1002611-2-1-649x1024.jpg 649w, https:\/\/hoyre.no\/content\/uploads\/sites\/134\/2023\/08\/20230819-L1002611-2-1-190x300.jpg 190w, https:\/\/hoyre.no\/content\/uploads\/sites\/134\/2023\/08\/20230819-L1002611-2-1-768x1212.jpg 768w, https:\/\/hoyre.no\/content\/uploads\/sites\/134\/2023\/08\/20230819-L1002611-2-1-973x1536.jpg 973w, https:\/\/hoyre.no\/content\/uploads\/sites\/134\/2023\/08\/20230819-L1002611-2-1-1298x2048.jpg 1298w, https:\/\/hoyre.no\/content\/uploads\/sites\/134\/2023\/08\/20230819-L1002611-2-1-scaled.jpg 1584w\" sizes=\"auto, (max-width: 649px) 100vw, 649px\" \/><\/figure>\n\n\n\n<figure class=\"wp-block-image size-large\"><img loading=\"lazy\" decoding=\"async\" width=\"1024\" height=\"604\" src=\"https:\/\/hoyre.no\/content\/uploads\/sites\/134\/2023\/08\/20230819-L1002665-1024x604.jpg\" alt=\"\" class=\"wp-image-59\" srcset=\"https:\/\/hoyre.no\/content\/uploads\/sites\/134\/2023\/08\/20230819-L1002665-1024x604.jpg 1024w, https:\/\/hoyre.no\/content\/uploads\/sites\/134\/2023\/08\/20230819-L1002665-300x177.jpg 300w, https:\/\/hoyre.no\/content\/uploads\/sites\/134\/2023\/08\/20230819-L1002665-768x453.jpg 768w, https:\/\/hoyre.no\/content\/uploads\/sites\/134\/2023\/08\/20230819-L1002665-1536x907.jpg 1536w, https:\/\/hoyre.no\/content\/uploads\/sites\/134\/2023\/08\/20230819-L1002665-2048x1209.jpg 2048w\" sizes=\"auto, (max-width: 1024px) 100vw, 1024px\" \/><\/figure>\n\n\n\n<figure class=\"wp-block-image size-large\"><img loading=\"lazy\" decoding=\"async\" width=\"1024\" height=\"684\" src=\"https:\/\/hoyre.no\/content\/uploads\/sites\/134\/2023\/08\/20230819-L1002612-1-1024x684.jpg\" alt=\"\" class=\"wp-image-60\" srcset=\"https:\/\/hoyre.no\/content\/uploads\/sites\/134\/2023\/08\/20230819-L1002612-1-1024x684.jpg 1024w, https:\/\/hoyre.no\/content\/uploads\/sites\/134\/2023\/08\/20230819-L1002612-1-300x200.jpg 300w, https:\/\/hoyre.no\/content\/uploads\/sites\/134\/2023\/08\/20230819-L1002612-1-768x513.jpg 768w, https:\/\/hoyre.no\/content\/uploads\/sites\/134\/2023\/08\/20230819-L1002612-1-1536x1026.jpg 1536w, https:\/\/hoyre.no\/content\/uploads\/sites\/134\/2023\/08\/20230819-L1002612-1-2048x1368.jpg 2048w\" sizes=\"auto, (max-width: 1024px) 100vw, 1024px\" \/><\/figure>\n\n\n<div class=\"tags\">\n\t<\/div>\n<div class=\"post-footer alignfull has-background block-editor-block-list__block\" data-align=full>\n\t<div class=\"post-footer-inner\">\n\t\t<h3>Relaterte artikler<\/h3>\n\t\t<div class=\"related-content\"><div class=\"is-card-hoyre\">\n\t<div class=\"teft-card hoyre-teft-card post-teft-card\">\n\t\t<a href=\"https:\/\/hoyre.no\/lodingen\/aktuelt\/vi-er-stolte-av-a-ha-en-skulptur-av-anish-kapoor-i-kommunen-men-har-kommunen-sett-potensiale-i-den\/\" class=\"teft-card__primary-action\">\n\n\t\t\t<div class=\"teft-card__media teft-card__media--16-9 no-image\"><\/div>\n\t\t\t<div class=\"teft-card__content-wrapper\">\n\t\t\t\t<div class=\"teft-card__secondary\">\n\t\t\t\t\t\n\t\t\t\t\t\t\t\t<div class=\"teft-card__meta\">\n\t\t\t\t\t\t\t\t\t<span class=\"post-date\">11. sep 2023<\/span>\n\n\t\t\t\t\t\t\t\t\t\t\t\t\t\t\t\t\t<\/div>\n\t\t\t\t\t\t\t\t\t\t\t<\/div>\n\n\t\t\t\t<div class=\"teft-card__primary\">\n\t\t\t\t\t<h2 class=\"teft-card__title\">Vi er stolte av \u00e5 ha en skulptur av Anish Kapoor i kommunen &#8211; men har kommunen sett potensiale i den?&nbsp;<span class=\"teft-card__primary-title-append\"><\/span><\/h2>\t\t\t\t<\/div>\n\t\t\t<\/div>\n\t\t<\/a>\n\t<\/div>\n\n\t<\/div><div class=\"is-card-hoyre\">\n\t<div class=\"teft-card hoyre-teft-card post-teft-card\">\n\t\t<a href=\"https:\/\/hoyre.no\/lodingen\/aktuelt\/program-lodingen-hoyre-2023-2027\/\" class=\"teft-card__primary-action\">\n\n\t\t\t<div class=\"teft-card__media teft-card__media--16-9 no-image\"><\/div>\n\t\t\t<div class=\"teft-card__content-wrapper\">\n\t\t\t\t<div class=\"teft-card__secondary\">\n\t\t\t\t\t\n\t\t\t\t\t\t\t\t<div class=\"teft-card__meta\">\n\t\t\t\t\t\t\t\t\t<span class=\"post-date\">17. aug 2023<\/span>\n\n\t\t\t\t\t\t\t\t\t\t\t\t\t\t\t\t\t<\/div>\n\t\t\t\t\t\t\t\t\t\t\t<\/div>\n\n\t\t\t\t<div class=\"teft-card__primary\">\n\t\t\t\t\t<h2 class=\"teft-card__title\">Program L\u00f8dingen H\u00f8yre 2023-2027&nbsp;<span class=\"teft-card__primary-title-append\"><\/span><\/h2>\t\t\t\t<\/div>\n\t\t\t<\/div>\n\t\t<\/a>\n\t<\/div>\n\n\t<\/div><\/div>\t<\/div>\n<\/div>\n","protected":false},"excerpt":{"rendered":"","protected":false},"author":4588,"featured_media":0,"comment_status":"closed","ping_status":"closed","sticky":false,"template":"","format":"standard","meta":{"teft_cards_image_url":"","teft_cards_custom_pretitle":"","teft_cards_image_id":0,"teft_cards_image_focal_point_x":0,"teft_cards_image_focal_point_y":0,"teft_cards_title":"","teft_cards_excerpt":"","teft_show_chapters":false,"author_display_name":"","footnotes":""},"category":[1],"post_tag":[],"hoyre-visibility":[],"article-type":[],"politician":[],"class_list":["post-49","post","type-post","status-publish","format-standard","hentry","category-ukategorisert"],"yoast_head":"<!-- This site is optimized with the Yoast SEO plugin v26.6 - https:\/\/yoast.com\/wordpress\/plugins\/seo\/ -->\n<title>Stand i Havna l\u00f8rdag 19.august.2023 - L\u00f8dingen H\u00f8yre<\/title>\n<meta name=\"robots\" content=\"index, follow, max-snippet:-1, max-image-preview:large, max-video-preview:-1\" \/>\n<link rel=\"canonical\" href=\"https:\/\/hoyre.no\/lodingen\/aktuelt\/stand-i-havna-lordag-19-august-2023\/\" \/>\n<meta property=\"og:locale\" content=\"nb_NO\" \/>\n<meta property=\"og:type\" content=\"article\" \/>\n<meta property=\"og:title\" content=\"Stand i Havna l\u00f8rdag 19.august.2023 - L\u00f8dingen H\u00f8yre\" \/>\n<meta property=\"og:url\" content=\"https:\/\/hoyre.no\/lodingen\/aktuelt\/stand-i-havna-lordag-19-august-2023\/\" \/>\n<meta property=\"og:site_name\" content=\"L\u00f8dingen H\u00f8yre\" \/>\n<meta property=\"article:author\" content=\"https:\/\/www.facebook.com\/angellstoro\" \/>\n<meta property=\"article:published_time\" content=\"2023-08-19T16:23:27+00:00\" \/>\n<meta property=\"article:modified_time\" content=\"2023-08-19T16:23:28+00:00\" \/>\n<meta property=\"og:image\" content=\"https:\/\/hoyre.no\/content\/uploads\/sites\/134\/2023\/08\/20230819-L1002702-1-684x1024.jpg\" \/>\n<meta name=\"author\" content=\"Tom Rune Angell-Stor\u00f8 Juliussen\" \/>\n<meta name=\"twitter:card\" content=\"summary_large_image\" \/>\n<meta name=\"twitter:label1\" content=\"Skrevet av\" \/>\n\t<meta name=\"twitter:data1\" content=\"Tom Rune Angell-Stor\u00f8 Juliussen\" \/>\n\t<meta name=\"twitter:label2\" content=\"Ansl. lesetid\" \/>\n\t<meta name=\"twitter:data2\" content=\"2 minutter\" \/>\n<script type=\"application\/ld+json\" class=\"yoast-schema-graph\">{\"@context\":\"https:\/\/schema.org\",\"@graph\":[{\"@type\":\"NewsArticle\",\"@id\":\"https:\/\/hoyre.no\/lodingen\/aktuelt\/stand-i-havna-lordag-19-august-2023\/\",\"url\":\"https:\/\/hoyre.no\/lodingen\/aktuelt\/stand-i-havna-lordag-19-august-2023\/\",\"name\":\"Stand i Havna l\u00f8rdag 19.august.2023 - L\u00f8dingen H\u00f8yre\",\"isPartOf\":{\"@id\":\"https:\/\/hoyre.no\/lodingen\/#website\"},\"image\":{\"@id\":\"https:\/\/hoyre.no\/lodingen\/aktuelt\/stand-i-havna-lordag-19-august-2023\/#primaryimage\"},\"thumbnailUrl\":\"https:\/\/hoyre.no\/content\/uploads\/sites\/134\/2023\/08\/20230819-L1002702-1-684x1024.jpg\",\"datePublished\":\"2023-08-19T16:23:27+00:00\",\"dateModified\":\"2023-08-19T16:23:28+00:00\",\"author\":{\"@id\":\"https:\/\/hoyre.no\/lodingen\/#\/schema\/person\/b7d1d5bf18669453b96aa4ed08bc05d1\"},\"breadcrumb\":{\"@id\":\"https:\/\/hoyre.no\/lodingen\/aktuelt\/stand-i-havna-lordag-19-august-2023\/#breadcrumb\"},\"inLanguage\":\"nb-NO\",\"potentialAction\":[{\"@type\":\"ReadAction\",\"target\":[\"https:\/\/hoyre.no\/lodingen\/aktuelt\/stand-i-havna-lordag-19-august-2023\/\"]}]},{\"@type\":\"ImageObject\",\"inLanguage\":\"nb-NO\",\"@id\":\"https:\/\/hoyre.no\/lodingen\/aktuelt\/stand-i-havna-lordag-19-august-2023\/#primaryimage\",\"url\":\"https:\/\/hoyre.no\/content\/uploads\/sites\/134\/2023\/08\/20230819-L1002702-1-684x1024.jpg\",\"contentUrl\":\"https:\/\/hoyre.no\/content\/uploads\/sites\/134\/2023\/08\/20230819-L1002702-1-684x1024.jpg\"},{\"@type\":\"BreadcrumbList\",\"@id\":\"https:\/\/hoyre.no\/lodingen\/aktuelt\/stand-i-havna-lordag-19-august-2023\/#breadcrumb\",\"itemListElement\":[{\"@type\":\"ListItem\",\"position\":1,\"name\":\"Til hoyre.no\",\"item\":\"https:\/\/hoyre.no\"},{\"@type\":\"ListItem\",\"position\":2,\"name\":\"Hjem\",\"item\":\"https:\/\/hoyre.no\/lodingen\/\"},{\"@type\":\"ListItem\",\"position\":3,\"name\":\"Stand i Havna l\u00f8rdag 19.august.2023\"}]},{\"@type\":\"WebSite\",\"@id\":\"https:\/\/hoyre.no\/lodingen\/#website\",\"url\":\"https:\/\/hoyre.no\/lodingen\/\",\"name\":\"L\u00f8dingen H\u00f8yre\",\"description\":\"Bare enda et H\u00f8yres nettsteder-nettsted\",\"inLanguage\":\"nb-NO\"},{\"@type\":\"Person\",\"@id\":\"https:\/\/hoyre.no\/lodingen\/#\/schema\/person\/b7d1d5bf18669453b96aa4ed08bc05d1\",\"name\":\"Tom Rune Angell-Stor\u00f8 Juliussen\",\"image\":{\"@type\":\"ImageObject\",\"inLanguage\":\"nb-NO\",\"@id\":\"https:\/\/hoyre.no\/lodingen\/#\/schema\/person\/image\/\",\"url\":\"https:\/\/secure.gravatar.com\/avatar\/024e6bc79880a3825b3d4fa96bdb488a8d21cdd96da986d07eb749db0e76aeed?s=96&d=mm&r=g\",\"contentUrl\":\"https:\/\/secure.gravatar.com\/avatar\/024e6bc79880a3825b3d4fa96bdb488a8d21cdd96da986d07eb749db0e76aeed?s=96&d=mm&r=g\",\"caption\":\"Tom Rune Angell-Stor\u00f8 Juliussen\"},\"sameAs\":[\"https:\/\/www.facebook.com\/angellstoro\",\"https:\/\/www.linkedin.com\/in\/tom-rune-juliussen-2a7bba182\/\"],\"url\":\"https:\/\/hoyre.no\/lodingen\/aktuelt\/author\/m51942159\/\"}]}<\/script>\n<!-- \/ Yoast SEO plugin. -->","yoast_head_json":{"title":"Stand i Havna l\u00f8rdag 19.august.2023 - L\u00f8dingen H\u00f8yre","robots":{"index":"index","follow":"follow","max-snippet":"max-snippet:-1","max-image-preview":"max-image-preview:large","max-video-preview":"max-video-preview:-1"},"canonical":"https:\/\/hoyre.no\/lodingen\/aktuelt\/stand-i-havna-lordag-19-august-2023\/","og_locale":"nb_NO","og_type":"article","og_title":"Stand i Havna l\u00f8rdag 19.august.2023 - L\u00f8dingen H\u00f8yre","og_url":"https:\/\/hoyre.no\/lodingen\/aktuelt\/stand-i-havna-lordag-19-august-2023\/","og_site_name":"L\u00f8dingen H\u00f8yre","article_author":"https:\/\/www.facebook.com\/angellstoro","article_published_time":"2023-08-19T16:23:27+00:00","article_modified_time":"2023-08-19T16:23:28+00:00","og_image":[{"url":"https:\/\/hoyre.no\/content\/uploads\/sites\/134\/2023\/08\/20230819-L1002702-1-684x1024.jpg","type":"","width":"","height":""}],"author":"Tom Rune Angell-Stor\u00f8 Juliussen","twitter_card":"summary_large_image","twitter_misc":{"Skrevet av":"Tom Rune Angell-Stor\u00f8 Juliussen","Ansl. lesetid":"2 minutter"},"schema":{"@context":"https:\/\/schema.org","@graph":[{"@type":"NewsArticle","@id":"https:\/\/hoyre.no\/lodingen\/aktuelt\/stand-i-havna-lordag-19-august-2023\/","url":"https:\/\/hoyre.no\/lodingen\/aktuelt\/stand-i-havna-lordag-19-august-2023\/","name":"Stand i Havna l\u00f8rdag 19.august.2023 - L\u00f8dingen H\u00f8yre","isPartOf":{"@id":"https:\/\/hoyre.no\/lodingen\/#website"},"image":{"@id":"https:\/\/hoyre.no\/lodingen\/aktuelt\/stand-i-havna-lordag-19-august-2023\/#primaryimage"},"thumbnailUrl":"https:\/\/hoyre.no\/content\/uploads\/sites\/134\/2023\/08\/20230819-L1002702-1-684x1024.jpg","datePublished":"2023-08-19T16:23:27+00:00","dateModified":"2023-08-19T16:23:28+00:00","author":{"@id":"https:\/\/hoyre.no\/lodingen\/#\/schema\/person\/b7d1d5bf18669453b96aa4ed08bc05d1"},"breadcrumb":{"@id":"https:\/\/hoyre.no\/lodingen\/aktuelt\/stand-i-havna-lordag-19-august-2023\/#breadcrumb"},"inLanguage":"nb-NO","potentialAction":[{"@type":"ReadAction","target":["https:\/\/hoyre.no\/lodingen\/aktuelt\/stand-i-havna-lordag-19-august-2023\/"]}]},{"@type":"ImageObject","inLanguage":"nb-NO","@id":"https:\/\/hoyre.no\/lodingen\/aktuelt\/stand-i-havna-lordag-19-august-2023\/#primaryimage","url":"https:\/\/hoyre.no\/content\/uploads\/sites\/134\/2023\/08\/20230819-L1002702-1-684x1024.jpg","contentUrl":"https:\/\/hoyre.no\/content\/uploads\/sites\/134\/2023\/08\/20230819-L1002702-1-684x1024.jpg"},{"@type":"BreadcrumbList","@id":"https:\/\/hoyre.no\/lodingen\/aktuelt\/stand-i-havna-lordag-19-august-2023\/#breadcrumb","itemListElement":[{"@type":"ListItem","position":1,"name":"Til hoyre.no","item":"https:\/\/hoyre.no"},{"@type":"ListItem","position":2,"name":"Hjem","item":"https:\/\/hoyre.no\/lodingen\/"},{"@type":"ListItem","position":3,"name":"Stand i Havna l\u00f8rdag 19.august.2023"}]},{"@type":"WebSite","@id":"https:\/\/hoyre.no\/lodingen\/#website","url":"https:\/\/hoyre.no\/lodingen\/","name":"L\u00f8dingen H\u00f8yre","description":"Bare enda et H\u00f8yres nettsteder-nettsted","inLanguage":"nb-NO"},{"@type":"Person","@id":"https:\/\/hoyre.no\/lodingen\/#\/schema\/person\/b7d1d5bf18669453b96aa4ed08bc05d1","name":"Tom Rune Angell-Stor\u00f8 Juliussen","image":{"@type":"ImageObject","inLanguage":"nb-NO","@id":"https:\/\/hoyre.no\/lodingen\/#\/schema\/person\/image\/","url":"https:\/\/secure.gravatar.com\/avatar\/024e6bc79880a3825b3d4fa96bdb488a8d21cdd96da986d07eb749db0e76aeed?s=96&d=mm&r=g","contentUrl":"https:\/\/secure.gravatar.com\/avatar\/024e6bc79880a3825b3d4fa96bdb488a8d21cdd96da986d07eb749db0e76aeed?s=96&d=mm&r=g","caption":"Tom Rune Angell-Stor\u00f8 Juliussen"},"sameAs":["https:\/\/www.facebook.com\/angellstoro","https:\/\/www.linkedin.com\/in\/tom-rune-juliussen-2a7bba182\/"],"url":"https:\/\/hoyre.no\/lodingen\/aktuelt\/author\/m51942159\/"}]}},"distributor_meta":false,"distributor_terms":false,"distributor_media":false,"distributor_original_site_name":"L\u00f8dingen H\u00f8yre","distributor_original_site_url":"https:\/\/hoyre.no\/lodingen","push-errors":false,"_links":{"self":[{"href":"https:\/\/hoyre.no\/lodingen\/wp-json\/wp\/v2\/posts\/49","targetHints":{"allow":["GET"]}}],"collection":[{"href":"https:\/\/hoyre.no\/lodingen\/wp-json\/wp\/v2\/posts"}],"about":[{"href":"https:\/\/hoyre.no\/lodingen\/wp-json\/wp\/v2\/types\/post"}],"author":[{"embeddable":true,"href":"https:\/\/hoyre.no\/lodingen\/wp-json\/wp\/v2\/users\/4588"}],"replies":[{"embeddable":true,"href":"https:\/\/hoyre.no\/lodingen\/wp-json\/wp\/v2\/comments?post=49"}],"version-history":[{"count":3,"href":"https:\/\/hoyre.no\/lodingen\/wp-json\/wp\/v2\/posts\/49\/revisions"}],"predecessor-version":[{"id":63,"href":"https:\/\/hoyre.no\/lodingen\/wp-json\/wp\/v2\/posts\/49\/revisions\/63"}],"wp:attachment":[{"href":"https:\/\/hoyre.no\/lodingen\/wp-json\/wp\/v2\/media?parent=49"}],"wp:term":[{"taxonomy":"category","embeddable":true,"href":"https:\/\/hoyre.no\/lodingen\/wp-json\/wp\/v2\/category?post=49"},{"taxonomy":"post_tag","embeddable":true,"href":"https:\/\/hoyre.no\/lodingen\/wp-json\/wp\/v2\/post_tag?post=49"},{"taxonomy":"hoyre-visibility","embeddable":true,"href":"https:\/\/hoyre.no\/lodingen\/wp-json\/wp\/v2\/hoyre-visibility?post=49"},{"taxonomy":"article-type","embeddable":true,"href":"https:\/\/hoyre.no\/lodingen\/wp-json\/wp\/v2\/article-type?post=49"},{"taxonomy":"politician","embeddable":true,"href":"https:\/\/hoyre.no\/lodingen\/wp-json\/wp\/v2\/politician?post=49"}],"curies":[{"name":"wp","href":"https:\/\/api.w.org\/{rel}","templated":true}]}}