{"id":65,"date":"2023-09-11T00:16:10","date_gmt":"2023-09-10T22:16:10","guid":{"rendered":"https:\/\/hoyre.no\/lodingen\/?p=65"},"modified":"2023-09-11T00:24:24","modified_gmt":"2023-09-10T22:24:24","slug":"vi-er-stolte-av-a-ha-en-skulptur-av-anish-kapoor-i-kommunen-men-har-kommunen-sett-potensiale-i-den","status":"publish","type":"post","link":"https:\/\/hoyre.no\/lodingen\/aktuelt\/vi-er-stolte-av-a-ha-en-skulptur-av-anish-kapoor-i-kommunen-men-har-kommunen-sett-potensiale-i-den\/","title":{"rendered":"Vi er stolte av \u00e5 ha en skulptur av Anish Kapoor i kommunen &#8211; men har kommunen sett potensiale i den?"},"content":{"rendered":"\n<p>Skulpturlandskap Nordland er et usedvanlig prosjekt i kunstverden &#8211; \u00e5 f\u00e5 36 kommuner til \u00e5 samarbeide om et felles m\u00e5l innen kultursektoren er enest\u00e5ende. Kunstneren A.K.Dolven lanserte ideen i 1988 i samarbeid med Fylkeskultursjef Aaslaug Vaa &#8211; en lang vandring var startet f\u00f8r de 36 skulpturene var ferdig utplassert i 2015. I L\u00f8dingen var den Indisk\/Britiske kunstneren Anish Kapoor &#8211; vinner av blant annet Turner prisen, kunstverdens Nobelpris &#8211; utvalgt til \u00e5 utf\u00f8re skulpturen. I 1998 var skulpturen en realitet &#8211; \u00d8ye i stein &#8211; en monumental skulptur p\u00e5 37 tonn, utf\u00f8rt av L\u00f8dingen Steinindustri, som har opparbeidet seg et internasjonalt ry for sitt arbeid.<\/p>\n\n\n\n<p>L\u00f8rdag var det 25 \u00e5rs jubileum for verket, L\u00f8dingen Kystlag var initiativtaker. Dagen brakte et ruskev\u00e6r med regn og vind, men det la ikke en demper p\u00e5 markeringen. Oppimot 100 deltaker trosset v\u00e6ret og var med i vandringen mot sj\u00f8kanten p\u00e5 Hustad &#8211; \u00e5 st\u00e5 overfor ett av Anish Kapoors hovedverker er en fantastisk opplevelse og f\u00e5r betrakteren til \u00e5 oppleve storheten i naturen p\u00e5 en nye m\u00e5te for hvert bes\u00f8k. Skulpturens plassering i flom\u00e5let, former granittens farge og overflate etter regn, sn\u00f8, sol og vind.<\/p>\n\n\n\n<p>P\u00e5 kysthuset i Voje ble vi m\u00f8tt av Vestbygd Skole og Amat\u00f8rkorps. Velfylte kakebord og fine samtaler.<\/p>\n\n\n\n<p>Aaslaug Vaa og fhv kultursjef Helene Ribe var blant talerne om arbeidet med oppf\u00f8ringen av \u00d8ye i stein.<\/p>\n\n\n\n<p>\u00c5 v\u00e6re v\u00e6rtskommune for et kunstverk i verdensklasse er en krevende oppgave, men ogs\u00e5 en oppgave som kan tiltrekke seg bes\u00f8kende fra hele verden &#8211; her har L\u00f8dingen ikke tatt den resursen vi har i Kapoors verk tilstrekkelig i bruk.<\/p>\n\n\n\n<p>P\u00e5 de 25 \u00e5rene har kommunen i sv\u00e6rt liten grad brukt den til markedsf\u00f8ring av kommunen.<\/p>\n\n\n\n<p>Ser vi B\u00f8 kommune er Kjell Erik Kili Olsens bidrag Mannen fra havet blitt et synonym med B\u00f8 &#8211; gjennom god merkede stier, oppslagstavler med informasjon om prosjektet, benker, t-skjorter osv har B\u00f8 bygget seg en merkevare. Her har L\u00f8dingen ikke arbeidet m\u00e5lrettet for \u00e5 marker seg.<\/p>\n\n\n\n<p>\u00c5 komme seg til skulpturen er vanskelig og for en bevegelseshemmet en umulighet &#8211; under dagens vandring bisto bonden p\u00e5 Hustad velvillig med terrengkj\u00f8ret\u00f8y, men her m\u00e5 kommunen se sitt ansvar bevist \u00e5 tilrettelegging for alle.<\/p>\n\n\n\n<p>Hvor fint ville det ikke v\u00e6re \u00e5 sitte p\u00e5 en benk \u00e5 betrakte skulpturen. Her har vi en mulighet til \u00e5 synliggj\u00f8re kommunen &#8211; den muligheten \u00f8nsker vi i L\u00f8dingen H\u00f8yre \u00e5 jobbe aktivt for.<\/p>\n\n\n\n<p>Tom Rune Angell-Stor\u00f6 Juliussen.<\/p>\n\n\n\n<figure class=\"hoyre-image-wrapper\"><div class=\"hoyre-image\"><img loading=\"lazy\" decoding=\"async\" width=\"2500\" height=\"1670\" src=\"https:\/\/hoyre.no\/content\/uploads\/sites\/134\/2023\/09\/20230909-L1003034-scaled.jpg\" class=\"attachment-scaled size-scaled\" alt=\"\" style=\"object-position: 50% 50%\" srcset=\"https:\/\/hoyre.no\/content\/uploads\/sites\/134\/2023\/09\/20230909-L1003034-scaled.jpg 2500w, https:\/\/hoyre.no\/content\/uploads\/sites\/134\/2023\/09\/20230909-L1003034-300x200.jpg 300w, https:\/\/hoyre.no\/content\/uploads\/sites\/134\/2023\/09\/20230909-L1003034-1024x684.jpg 1024w, https:\/\/hoyre.no\/content\/uploads\/sites\/134\/2023\/09\/20230909-L1003034-768x513.jpg 768w, https:\/\/hoyre.no\/content\/uploads\/sites\/134\/2023\/09\/20230909-L1003034-1536x1026.jpg 1536w, https:\/\/hoyre.no\/content\/uploads\/sites\/134\/2023\/09\/20230909-L1003034-2048x1368.jpg 2048w\" sizes=\"auto, (max-width: 2500px) 100vw, 2500px\" \/><\/div><\/figure>\n\n\n\n\n<p><\/p>\n\n\n<div class=\"tags\">\n\t<\/div>\n<div class=\"post-footer alignfull has-background block-editor-block-list__block\" data-align=full>\n\t<div class=\"post-footer-inner\">\n\t\t<h3>Relaterte artikler<\/h3>\n\t\t<div class=\"related-content\"><div class=\"is-card-hoyre\">\n\t<div class=\"teft-card hoyre-teft-card post-teft-card\">\n\t\t<a href=\"https:\/\/hoyre.no\/lodingen\/aktuelt\/stand-i-havna-lordag-19-august-2023\/\" class=\"teft-card__primary-action\">\n\n\t\t\t<div class=\"teft-card__media teft-card__media--16-9 no-image\"><\/div>\n\t\t\t<div class=\"teft-card__content-wrapper\">\n\t\t\t\t<div class=\"teft-card__secondary\">\n\t\t\t\t\t\n\t\t\t\t\t\t\t\t<div class=\"teft-card__meta\">\n\t\t\t\t\t\t\t\t\t<span class=\"post-date\">19. aug 2023<\/span>\n\n\t\t\t\t\t\t\t\t\t\t\t\t\t\t\t\t\t<\/div>\n\t\t\t\t\t\t\t\t\t\t\t<\/div>\n\n\t\t\t\t<div class=\"teft-card__primary\">\n\t\t\t\t\t<h2 class=\"teft-card__title\">Stand i Havna l\u00f8rdag 19.august.2023&nbsp;<span class=\"teft-card__primary-title-append\"><\/span><\/h2>\t\t\t\t<\/div>\n\t\t\t<\/div>\n\t\t<\/a>\n\t<\/div>\n\n\t<\/div><div class=\"is-card-hoyre\">\n\t<div class=\"teft-card hoyre-teft-card post-teft-card\">\n\t\t<a href=\"https:\/\/hoyre.no\/lodingen\/aktuelt\/program-lodingen-hoyre-2023-2027\/\" class=\"teft-card__primary-action\">\n\n\t\t\t<div class=\"teft-card__media teft-card__media--16-9 no-image\"><\/div>\n\t\t\t<div class=\"teft-card__content-wrapper\">\n\t\t\t\t<div class=\"teft-card__secondary\">\n\t\t\t\t\t\n\t\t\t\t\t\t\t\t<div class=\"teft-card__meta\">\n\t\t\t\t\t\t\t\t\t<span class=\"post-date\">17. aug 2023<\/span>\n\n\t\t\t\t\t\t\t\t\t\t\t\t\t\t\t\t\t<\/div>\n\t\t\t\t\t\t\t\t\t\t\t<\/div>\n\n\t\t\t\t<div class=\"teft-card__primary\">\n\t\t\t\t\t<h2 class=\"teft-card__title\">Program L\u00f8dingen H\u00f8yre 2023-2027&nbsp;<span class=\"teft-card__primary-title-append\"><\/span><\/h2>\t\t\t\t<\/div>\n\t\t\t<\/div>\n\t\t<\/a>\n\t<\/div>\n\n\t<\/div><\/div>\t<\/div>\n<\/div>\n","protected":false},"excerpt":{"rendered":"<p>Skulpturlandskap Nordland er et usedvanlig prosjekt i kunstverden &#8211; \u00e5 f\u00e5 36 kommuner til \u00e5 samarbeide om et felles m\u00e5l innen kultursektoren er enest\u00e5ende. Kunstneren A.K.Dolven lanserte ideen i 1988 i samarbeid med Fylkeskultursjef Aaslaug Vaa &#8211; en lang vandring var startet f\u00f8r de 36 skulpturene var ferdig utplassert i 2015. I L\u00f8dingen var den [&hellip;]<\/p>\n","protected":false},"author":4588,"featured_media":0,"comment_status":"closed","ping_status":"closed","sticky":false,"template":"","format":"standard","meta":{"teft_cards_image_url":"","teft_cards_custom_pretitle":"","teft_cards_image_id":0,"teft_cards_image_focal_point_x":0,"teft_cards_image_focal_point_y":0,"teft_cards_title":"","teft_cards_excerpt":"","teft_show_chapters":false,"author_display_name":"","footnotes":""},"category":[1],"post_tag":[],"hoyre-visibility":[],"article-type":[],"politician":[],"class_list":["post-65","post","type-post","status-publish","format-standard","hentry","category-ukategorisert"],"yoast_head":"<!-- This site is optimized with the Yoast SEO plugin v26.6 - https:\/\/yoast.com\/wordpress\/plugins\/seo\/ -->\n<title>Vi er stolte av \u00e5 ha en skulptur av Anish Kapoor i kommunen - men har kommunen sett potensiale i den? - L\u00f8dingen H\u00f8yre<\/title>\n<meta name=\"robots\" content=\"index, follow, max-snippet:-1, max-image-preview:large, max-video-preview:-1\" \/>\n<link rel=\"canonical\" href=\"https:\/\/hoyre.no\/lodingen\/aktuelt\/vi-er-stolte-av-a-ha-en-skulptur-av-anish-kapoor-i-kommunen-men-har-kommunen-sett-potensiale-i-den\/\" \/>\n<meta property=\"og:locale\" content=\"nb_NO\" \/>\n<meta property=\"og:type\" content=\"article\" \/>\n<meta property=\"og:title\" content=\"Vi er stolte av \u00e5 ha en skulptur av Anish Kapoor i kommunen - men har kommunen sett potensiale i den? - L\u00f8dingen H\u00f8yre\" \/>\n<meta property=\"og:description\" content=\"Skulpturlandskap Nordland er et usedvanlig prosjekt i kunstverden &#8211; \u00e5 f\u00e5 36 kommuner til \u00e5 samarbeide om et felles m\u00e5l innen kultursektoren er enest\u00e5ende. Kunstneren A.K.Dolven lanserte ideen i 1988 i samarbeid med Fylkeskultursjef Aaslaug Vaa &#8211; en lang vandring var startet f\u00f8r de 36 skulpturene var ferdig utplassert i 2015. I L\u00f8dingen var den [&hellip;]\" \/>\n<meta property=\"og:url\" content=\"https:\/\/hoyre.no\/lodingen\/aktuelt\/vi-er-stolte-av-a-ha-en-skulptur-av-anish-kapoor-i-kommunen-men-har-kommunen-sett-potensiale-i-den\/\" \/>\n<meta property=\"og:site_name\" content=\"L\u00f8dingen H\u00f8yre\" \/>\n<meta property=\"article:author\" content=\"https:\/\/www.facebook.com\/angellstoro\" \/>\n<meta property=\"article:published_time\" content=\"2023-09-10T22:16:10+00:00\" \/>\n<meta property=\"article:modified_time\" content=\"2023-09-10T22:24:24+00:00\" \/>\n<meta property=\"og:image\" content=\"https:\/\/hoyre.no\/content\/uploads\/sites\/134\/2022\/11\/Hoyres-logo.png\" \/>\n\t<meta property=\"og:image:width\" content=\"1000\" \/>\n\t<meta property=\"og:image:height\" content=\"1000\" \/>\n\t<meta property=\"og:image:type\" content=\"image\/png\" \/>\n<meta name=\"author\" content=\"Tom Rune Angell-Stor\u00f8 Juliussen\" \/>\n<meta name=\"twitter:card\" content=\"summary_large_image\" \/>\n<meta name=\"twitter:label1\" content=\"Skrevet av\" \/>\n\t<meta name=\"twitter:data1\" content=\"Tom Rune Angell-Stor\u00f8 Juliussen\" \/>\n\t<meta name=\"twitter:label2\" content=\"Ansl. lesetid\" \/>\n\t<meta name=\"twitter:data2\" content=\"3 minutter\" \/>\n<script type=\"application\/ld+json\" class=\"yoast-schema-graph\">{\"@context\":\"https:\/\/schema.org\",\"@graph\":[{\"@type\":\"NewsArticle\",\"@id\":\"https:\/\/hoyre.no\/lodingen\/aktuelt\/vi-er-stolte-av-a-ha-en-skulptur-av-anish-kapoor-i-kommunen-men-har-kommunen-sett-potensiale-i-den\/\",\"url\":\"https:\/\/hoyre.no\/lodingen\/aktuelt\/vi-er-stolte-av-a-ha-en-skulptur-av-anish-kapoor-i-kommunen-men-har-kommunen-sett-potensiale-i-den\/\",\"name\":\"Vi er stolte av \u00e5 ha en skulptur av Anish Kapoor i kommunen - men har kommunen sett potensiale i den? - L\u00f8dingen H\u00f8yre\",\"isPartOf\":{\"@id\":\"https:\/\/hoyre.no\/lodingen\/#website\"},\"datePublished\":\"2023-09-10T22:16:10+00:00\",\"dateModified\":\"2023-09-10T22:24:24+00:00\",\"author\":{\"@id\":\"https:\/\/hoyre.no\/lodingen\/#\/schema\/person\/b7d1d5bf18669453b96aa4ed08bc05d1\"},\"breadcrumb\":{\"@id\":\"https:\/\/hoyre.no\/lodingen\/aktuelt\/vi-er-stolte-av-a-ha-en-skulptur-av-anish-kapoor-i-kommunen-men-har-kommunen-sett-potensiale-i-den\/#breadcrumb\"},\"inLanguage\":\"nb-NO\",\"potentialAction\":[{\"@type\":\"ReadAction\",\"target\":[\"https:\/\/hoyre.no\/lodingen\/aktuelt\/vi-er-stolte-av-a-ha-en-skulptur-av-anish-kapoor-i-kommunen-men-har-kommunen-sett-potensiale-i-den\/\"]}]},{\"@type\":\"BreadcrumbList\",\"@id\":\"https:\/\/hoyre.no\/lodingen\/aktuelt\/vi-er-stolte-av-a-ha-en-skulptur-av-anish-kapoor-i-kommunen-men-har-kommunen-sett-potensiale-i-den\/#breadcrumb\",\"itemListElement\":[{\"@type\":\"ListItem\",\"position\":1,\"name\":\"Til hoyre.no\",\"item\":\"https:\/\/hoyre.no\"},{\"@type\":\"ListItem\",\"position\":2,\"name\":\"Hjem\",\"item\":\"https:\/\/hoyre.no\/lodingen\/\"},{\"@type\":\"ListItem\",\"position\":3,\"name\":\"Vi er stolte av \u00e5 ha en skulptur av Anish Kapoor i kommunen &#8211; men har kommunen sett potensiale i den?\"}]},{\"@type\":\"WebSite\",\"@id\":\"https:\/\/hoyre.no\/lodingen\/#website\",\"url\":\"https:\/\/hoyre.no\/lodingen\/\",\"name\":\"L\u00f8dingen H\u00f8yre\",\"description\":\"Bare enda et H\u00f8yres nettsteder-nettsted\",\"inLanguage\":\"nb-NO\"},{\"@type\":\"Person\",\"@id\":\"https:\/\/hoyre.no\/lodingen\/#\/schema\/person\/b7d1d5bf18669453b96aa4ed08bc05d1\",\"name\":\"Tom Rune Angell-Stor\u00f8 Juliussen\",\"image\":{\"@type\":\"ImageObject\",\"inLanguage\":\"nb-NO\",\"@id\":\"https:\/\/hoyre.no\/lodingen\/#\/schema\/person\/image\/\",\"url\":\"https:\/\/secure.gravatar.com\/avatar\/024e6bc79880a3825b3d4fa96bdb488a8d21cdd96da986d07eb749db0e76aeed?s=96&d=mm&r=g\",\"contentUrl\":\"https:\/\/secure.gravatar.com\/avatar\/024e6bc79880a3825b3d4fa96bdb488a8d21cdd96da986d07eb749db0e76aeed?s=96&d=mm&r=g\",\"caption\":\"Tom Rune Angell-Stor\u00f8 Juliussen\"},\"sameAs\":[\"https:\/\/www.facebook.com\/angellstoro\",\"https:\/\/www.linkedin.com\/in\/tom-rune-juliussen-2a7bba182\/\"],\"url\":\"https:\/\/hoyre.no\/lodingen\/aktuelt\/author\/m51942159\/\"}]}<\/script>\n<!-- \/ Yoast SEO plugin. -->","yoast_head_json":{"title":"Vi er stolte av \u00e5 ha en skulptur av Anish Kapoor i kommunen - men har kommunen sett potensiale i den? - L\u00f8dingen H\u00f8yre","robots":{"index":"index","follow":"follow","max-snippet":"max-snippet:-1","max-image-preview":"max-image-preview:large","max-video-preview":"max-video-preview:-1"},"canonical":"https:\/\/hoyre.no\/lodingen\/aktuelt\/vi-er-stolte-av-a-ha-en-skulptur-av-anish-kapoor-i-kommunen-men-har-kommunen-sett-potensiale-i-den\/","og_locale":"nb_NO","og_type":"article","og_title":"Vi er stolte av \u00e5 ha en skulptur av Anish Kapoor i kommunen - men har kommunen sett potensiale i den? - L\u00f8dingen H\u00f8yre","og_description":"Skulpturlandskap Nordland er et usedvanlig prosjekt i kunstverden &#8211; \u00e5 f\u00e5 36 kommuner til \u00e5 samarbeide om et felles m\u00e5l innen kultursektoren er enest\u00e5ende. Kunstneren A.K.Dolven lanserte ideen i 1988 i samarbeid med Fylkeskultursjef Aaslaug Vaa &#8211; en lang vandring var startet f\u00f8r de 36 skulpturene var ferdig utplassert i 2015. I L\u00f8dingen var den [&hellip;]","og_url":"https:\/\/hoyre.no\/lodingen\/aktuelt\/vi-er-stolte-av-a-ha-en-skulptur-av-anish-kapoor-i-kommunen-men-har-kommunen-sett-potensiale-i-den\/","og_site_name":"L\u00f8dingen H\u00f8yre","article_author":"https:\/\/www.facebook.com\/angellstoro","article_published_time":"2023-09-10T22:16:10+00:00","article_modified_time":"2023-09-10T22:24:24+00:00","og_image":[{"width":1000,"height":1000,"url":"https:\/\/hoyre.no\/content\/uploads\/sites\/134\/2022\/11\/Hoyres-logo.png","type":"image\/png"}],"author":"Tom Rune Angell-Stor\u00f8 Juliussen","twitter_card":"summary_large_image","twitter_misc":{"Skrevet av":"Tom Rune Angell-Stor\u00f8 Juliussen","Ansl. lesetid":"3 minutter"},"schema":{"@context":"https:\/\/schema.org","@graph":[{"@type":"NewsArticle","@id":"https:\/\/hoyre.no\/lodingen\/aktuelt\/vi-er-stolte-av-a-ha-en-skulptur-av-anish-kapoor-i-kommunen-men-har-kommunen-sett-potensiale-i-den\/","url":"https:\/\/hoyre.no\/lodingen\/aktuelt\/vi-er-stolte-av-a-ha-en-skulptur-av-anish-kapoor-i-kommunen-men-har-kommunen-sett-potensiale-i-den\/","name":"Vi er stolte av \u00e5 ha en skulptur av Anish Kapoor i kommunen - men har kommunen sett potensiale i den? - L\u00f8dingen H\u00f8yre","isPartOf":{"@id":"https:\/\/hoyre.no\/lodingen\/#website"},"datePublished":"2023-09-10T22:16:10+00:00","dateModified":"2023-09-10T22:24:24+00:00","author":{"@id":"https:\/\/hoyre.no\/lodingen\/#\/schema\/person\/b7d1d5bf18669453b96aa4ed08bc05d1"},"breadcrumb":{"@id":"https:\/\/hoyre.no\/lodingen\/aktuelt\/vi-er-stolte-av-a-ha-en-skulptur-av-anish-kapoor-i-kommunen-men-har-kommunen-sett-potensiale-i-den\/#breadcrumb"},"inLanguage":"nb-NO","potentialAction":[{"@type":"ReadAction","target":["https:\/\/hoyre.no\/lodingen\/aktuelt\/vi-er-stolte-av-a-ha-en-skulptur-av-anish-kapoor-i-kommunen-men-har-kommunen-sett-potensiale-i-den\/"]}]},{"@type":"BreadcrumbList","@id":"https:\/\/hoyre.no\/lodingen\/aktuelt\/vi-er-stolte-av-a-ha-en-skulptur-av-anish-kapoor-i-kommunen-men-har-kommunen-sett-potensiale-i-den\/#breadcrumb","itemListElement":[{"@type":"ListItem","position":1,"name":"Til hoyre.no","item":"https:\/\/hoyre.no"},{"@type":"ListItem","position":2,"name":"Hjem","item":"https:\/\/hoyre.no\/lodingen\/"},{"@type":"ListItem","position":3,"name":"Vi er stolte av \u00e5 ha en skulptur av Anish Kapoor i kommunen &#8211; men har kommunen sett potensiale i den?"}]},{"@type":"WebSite","@id":"https:\/\/hoyre.no\/lodingen\/#website","url":"https:\/\/hoyre.no\/lodingen\/","name":"L\u00f8dingen H\u00f8yre","description":"Bare enda et H\u00f8yres nettsteder-nettsted","inLanguage":"nb-NO"},{"@type":"Person","@id":"https:\/\/hoyre.no\/lodingen\/#\/schema\/person\/b7d1d5bf18669453b96aa4ed08bc05d1","name":"Tom Rune Angell-Stor\u00f8 Juliussen","image":{"@type":"ImageObject","inLanguage":"nb-NO","@id":"https:\/\/hoyre.no\/lodingen\/#\/schema\/person\/image\/","url":"https:\/\/secure.gravatar.com\/avatar\/024e6bc79880a3825b3d4fa96bdb488a8d21cdd96da986d07eb749db0e76aeed?s=96&d=mm&r=g","contentUrl":"https:\/\/secure.gravatar.com\/avatar\/024e6bc79880a3825b3d4fa96bdb488a8d21cdd96da986d07eb749db0e76aeed?s=96&d=mm&r=g","caption":"Tom Rune Angell-Stor\u00f8 Juliussen"},"sameAs":["https:\/\/www.facebook.com\/angellstoro","https:\/\/www.linkedin.com\/in\/tom-rune-juliussen-2a7bba182\/"],"url":"https:\/\/hoyre.no\/lodingen\/aktuelt\/author\/m51942159\/"}]}},"distributor_meta":false,"distributor_terms":false,"distributor_media":false,"distributor_original_site_name":"L\u00f8dingen H\u00f8yre","distributor_original_site_url":"https:\/\/hoyre.no\/lodingen","push-errors":false,"_links":{"self":[{"href":"https:\/\/hoyre.no\/lodingen\/wp-json\/wp\/v2\/posts\/65","targetHints":{"allow":["GET"]}}],"collection":[{"href":"https:\/\/hoyre.no\/lodingen\/wp-json\/wp\/v2\/posts"}],"about":[{"href":"https:\/\/hoyre.no\/lodingen\/wp-json\/wp\/v2\/types\/post"}],"author":[{"embeddable":true,"href":"https:\/\/hoyre.no\/lodingen\/wp-json\/wp\/v2\/users\/4588"}],"replies":[{"embeddable":true,"href":"https:\/\/hoyre.no\/lodingen\/wp-json\/wp\/v2\/comments?post=65"}],"version-history":[{"count":3,"href":"https:\/\/hoyre.no\/lodingen\/wp-json\/wp\/v2\/posts\/65\/revisions"}],"predecessor-version":[{"id":72,"href":"https:\/\/hoyre.no\/lodingen\/wp-json\/wp\/v2\/posts\/65\/revisions\/72"}],"wp:attachment":[{"href":"https:\/\/hoyre.no\/lodingen\/wp-json\/wp\/v2\/media?parent=65"}],"wp:term":[{"taxonomy":"category","embeddable":true,"href":"https:\/\/hoyre.no\/lodingen\/wp-json\/wp\/v2\/category?post=65"},{"taxonomy":"post_tag","embeddable":true,"href":"https:\/\/hoyre.no\/lodingen\/wp-json\/wp\/v2\/post_tag?post=65"},{"taxonomy":"hoyre-visibility","embeddable":true,"href":"https:\/\/hoyre.no\/lodingen\/wp-json\/wp\/v2\/hoyre-visibility?post=65"},{"taxonomy":"article-type","embeddable":true,"href":"https:\/\/hoyre.no\/lodingen\/wp-json\/wp\/v2\/article-type?post=65"},{"taxonomy":"politician","embeddable":true,"href":"https:\/\/hoyre.no\/lodingen\/wp-json\/wp\/v2\/politician?post=65"}],"curies":[{"name":"wp","href":"https:\/\/api.w.org\/{rel}","templated":true}]}}