{"id":195,"date":"2022-05-09T21:52:21","date_gmt":"2022-05-09T19:52:21","guid":{"rendered":"https:\/\/hoyre.no\/lorenskog\/?p=195"},"modified":"2022-05-10T09:56:40","modified_gmt":"2022-05-10T07:56:40","slug":"invitasjon-til-apent-mote-med-tema-utvikling-av-fjellhamar","status":"publish","type":"post","link":"https:\/\/hoyre.no\/lorenskog\/aktuelt\/invitasjon-til-apent-mote-med-tema-utvikling-av-fjellhamar\/","title":{"rendered":"Invitasjon til \u00e5pent m\u00f8te med tema:                       Utvikling av Fjellhamar"},"content":{"rendered":"\n<p class=\"preamble\">L\u00f8renskog H\u00f8yre inviterer til \u00e5pent medlemsm\u00f8te <strong>Tirsdag 31\/5-22 kl. 1900 i Nitors lokaler, Kjennveien 153.<\/strong><br><br><strong>Tema for m\u00f8tet: Utviklingen av Fjellhamar.<\/strong><br><br>Utviklingen av Fjellhamar sentrum har f\u00e5tt mye oppmerksomhet i media, spesielt basert p\u00e5 en skisse fra Solon. Det er sv\u00e6rt viktig at Fjellhamar utvikles slik at det blir gode bomilj\u00f8er b\u00e5de der hvor det bygges nytt, men ogs\u00e5 for alle dem som allerede bor p\u00e5 Fjellhamar<br><br><strong>Agenda:<\/strong><br><br>&#8211; Orientering om kommunens arbeid med utviklingen av  Fjellhamar ved kommunedirekt\u00f8r Ragnar Christoffersen.<br><br>&#8211;  H\u00f8yres syn p\u00e5 utviklingen av Fjellhamar ved gruppeleder Amine Mabel Andresen<br><br>&#8211; Diskusjon<br><br>Det blir lett servering<br><br>Vel m\u00f8tt.<\/p>\t\t\t<div class=\"post-meta wp-block teft-byline-wrapper\">\n\t\t\t\t<div class=\"top\">\n\t\t\t\t\t<div class=\"signature\">\n\t\t\t\t\t\t<div class=\"teft-byline\">\n\t\t\t\t\t\t\t\t\t\t\t\t\t\t<div>\n\t\t\t\t\t\t\t\t<h3>H\u00f8yres redaksjon<\/h3>\t\t\t\t\t\t\t\t\n\t\t\t\t\t\t\t\t\t\t\t\t\t\t\t\t\t<span class=\"date\">Sist oppdatert: 10. mai 2022<\/span>\n\t\t\t\t\t\t\t\t\t\t\t\t\t\t\t\t\t\t\t\t\t\t\t\t\t<span class=\"reading-time\" itemprop=\"timeRequired\" content=\"PT1M\"><em>Ca. 1 minutter lesetid<\/em><\/span>\n\t\t\t\t\t\t\t\t\t\t\t\t\t\t\t<\/div>\n\t\t\t\t\t\t<\/div>\n\t\t\t\t\t<\/div>\n\t\t\t\t\t\t<div class=\"sharing\">\n\t\t<a class=\"share-button share-link copy-link\" data-copy=\"https:\/\/hoyre.no\/lorenskog\/aktuelt\/invitasjon-til-apent-mote-med-tema-utvikling-av-fjellhamar\/\" target=\"_blank\"><span class=\"screen-reader-text\">Del link<\/span><\/a>\n\t\t<a class=\"share-button share-twitter\" href=\"http:\/\/twitter.com\/share?text=Invitasjon til \u00e5pent m\u00f8te med tema:                       Utvikling av Fjellhamar&#038;url=https:\/\/hoyre.no\/lorenskog\/aktuelt\/invitasjon-til-apent-mote-med-tema-utvikling-av-fjellhamar\/&#038;hashtags=Hoyre\" target=\"_blank\"><span class=\"screen-reader-text\">Del p\u00e5 twitter<\/span><\/a>\n\t\t<a class=\"share-button share-facebook\" href=\"https:\/\/www.facebook.com\/sharer\/sharer.php?u=https:\/\/hoyre.no\/lorenskog\/aktuelt\/invitasjon-til-apent-mote-med-tema-utvikling-av-fjellhamar\/\" target=\"_blank\"><span class=\"screen-reader-text\">Del p\u00e5 facebook<\/span><\/a>\n\t<\/div>\n\t\t\t\t\t<\/div>\n\t\t\t<\/div>\n\n\t\t\t<figure class=\"hoyre-image-wrapper\"><div class=\"hoyre-image\"><img loading=\"lazy\" decoding=\"async\" width=\"1408\" height=\"2500\" src=\"https:\/\/hoyre.no\/content\/uploads\/sites\/178\/2022\/05\/20220418_200855-scaled.jpg\" class=\"attachment-scaled size-scaled\" alt=\"\" style=\"object-position: 60% 36%\" srcset=\"https:\/\/hoyre.no\/content\/uploads\/sites\/178\/2022\/05\/20220418_200855-scaled.jpg 1408w, https:\/\/hoyre.no\/content\/uploads\/sites\/178\/2022\/05\/20220418_200855-169x300.jpg 169w, https:\/\/hoyre.no\/content\/uploads\/sites\/178\/2022\/05\/20220418_200855-577x1024.jpg 577w, https:\/\/hoyre.no\/content\/uploads\/sites\/178\/2022\/05\/20220418_200855-768x1364.jpg 768w, https:\/\/hoyre.no\/content\/uploads\/sites\/178\/2022\/05\/20220418_200855-865x1536.jpg 865w, https:\/\/hoyre.no\/content\/uploads\/sites\/178\/2022\/05\/20220418_200855-1153x2048.jpg 1153w\" sizes=\"auto, (max-width: 1408px) 100vw, 1408px\" \/><\/div><\/figure>\n\n\n\n\n<p><\/p>\n\n\n<div class=\"tags\">\n\t<\/div>\n<div class=\"post-footer alignfull has-background block-editor-block-list__block\" data-align=full>\n\t<div class=\"post-footer-inner\">\n\t\t<h3>Relaterte artikler<\/h3>\n\t\t<div class=\"related-content\"><div class=\"is-card-hoyre\">\n\t<div class=\"teft-card hoyre-teft-card post-teft-card\">\n\t\t<a href=\"https:\/\/hoyre.no\/lorenskog\/aktuelt\/lorenskog-hoyre-kommet-til-enighet-om-en-felles-plattform\/\" class=\"teft-card__primary-action\">\n\n\t\t\t\t\t<div class=\"teft-card__media teft-card__media--16-9\">\n\t\t\t\t\t\t<img loading=\"lazy\" decoding=\"async\" width=\"759\" height=\"802\" src=\"https:\/\/hoyre.no\/content\/uploads\/sites\/178\/2023\/09\/2023-09-30-01_26_15-Recent-Google-Drive-Brave.png\" class=\"attachment-medium_large size-medium_large\" alt=\"\" srcset=\"https:\/\/hoyre.no\/content\/uploads\/sites\/178\/2023\/09\/2023-09-30-01_26_15-Recent-Google-Drive-Brave.png 759w, https:\/\/hoyre.no\/content\/uploads\/sites\/178\/2023\/09\/2023-09-30-01_26_15-Recent-Google-Drive-Brave-284x300.png 284w\" sizes=\"auto, (max-width: 759px) 100vw, 759px\" \/>\t\t<\/div>\n\t\t\n\t\t\t<div class=\"teft-card__content-wrapper\">\n\t\t\t\t<div class=\"teft-card__secondary\">\n\t\t\t\t\t\n\t\t\t\t\t\t\t\t<div class=\"teft-card__meta\">\n\t\t\t\t\t\t\t\t\t<span class=\"post-date\">30. sep 2023<\/span>\n\n\t\t\t\t\t\t\t\t\t\t\t\t\t\t\t\t\t<\/div>\n\t\t\t\t\t\t\t\t\t\t\t<\/div>\n\n\t\t\t\t<div class=\"teft-card__primary\">\n\t\t\t\t\t<h2 class=\"teft-card__title\">L\u00f8renskog H\u00f8yre kommet til enighet om en felles plattform&nbsp;<span class=\"teft-card__primary-title-append\"><\/span><\/h2>\t\t\t\t<\/div>\n\t\t\t<\/div>\n\t\t<\/a>\n\t<\/div>\n\n\t<\/div><div class=\"is-card-hoyre\">\n\t<div class=\"teft-card hoyre-teft-card post-teft-card\">\n\t\t<a href=\"https:\/\/hoyre.no\/lorenskog\/aktuelt\/inkalling-til-et-kombinert-arsmote-og-nominasjonsmote-i-lorenskog-hoyre\/\" class=\"teft-card__primary-action\">\n\n\t\t\t\t\t<div class=\"teft-card__media teft-card__media--16-9\">\n\t\t\t\t\t\t<img loading=\"lazy\" decoding=\"async\" width=\"768\" height=\"432\" src=\"https:\/\/hoyre.no\/content\/uploads\/sites\/178\/2022\/07\/20220702_213855-768x432.jpg\" class=\"attachment-medium_large size-medium_large\" alt=\"\" srcset=\"https:\/\/hoyre.no\/content\/uploads\/sites\/178\/2022\/07\/20220702_213855-768x432.jpg 768w, https:\/\/hoyre.no\/content\/uploads\/sites\/178\/2022\/07\/20220702_213855-300x169.jpg 300w, https:\/\/hoyre.no\/content\/uploads\/sites\/178\/2022\/07\/20220702_213855-1024x576.jpg 1024w, https:\/\/hoyre.no\/content\/uploads\/sites\/178\/2022\/07\/20220702_213855-1536x864.jpg 1536w, https:\/\/hoyre.no\/content\/uploads\/sites\/178\/2022\/07\/20220702_213855.jpg 1729w\" sizes=\"auto, (max-width: 768px) 100vw, 768px\" \/>\t\t<\/div>\n\t\t\n\t\t\t<div class=\"teft-card__content-wrapper\">\n\t\t\t\t<div class=\"teft-card__secondary\">\n\t\t\t\t\t\n\t\t\t\t\t\t\t\t<div class=\"teft-card__meta\">\n\t\t\t\t\t\t\t\t\t<span class=\"post-date\">9. nov 2022<\/span>\n\n\t\t\t\t\t\t\t\t\t\t\t\t\t\t\t\t\t<\/div>\n\t\t\t\t\t\t\t\t\t\t\t<\/div>\n\n\t\t\t\t<div class=\"teft-card__primary\">\n\t\t\t\t\t<h2 class=\"teft-card__title\">Inkalling til et kombinert \u00e5rsm\u00f8te og nominasjonsm\u00f8te i L\u00f8renskog H\u00f8yre.&nbsp;<span class=\"teft-card__primary-title-append\"><\/span><\/h2>\t\t\t\t<\/div>\n\t\t\t<\/div>\n\t\t<\/a>\n\t<\/div>\n\n\t<\/div><div class=\"is-card-hoyre\">\n\t<div class=\"teft-card hoyre-teft-card post-teft-card\">\n\t\t<a href=\"https:\/\/hoyre.no\/lorenskog\/aktuelt\/lorenskog-hoyre-star-pa-stand-pa-losbydagene\/\" class=\"teft-card__primary-action\">\n\n\t\t\t\t\t<div class=\"teft-card__media teft-card__media--16-9\">\n\t\t\t\t\t\t<img loading=\"lazy\" decoding=\"async\" width=\"768\" height=\"512\" src=\"https:\/\/hoyre.no\/content\/uploads\/sites\/178\/2022\/08\/DSC08116-768x512.jpg\" class=\"attachment-medium_large size-medium_large\" alt=\"\" srcset=\"https:\/\/hoyre.no\/content\/uploads\/sites\/178\/2022\/08\/DSC08116-768x512.jpg 768w, https:\/\/hoyre.no\/content\/uploads\/sites\/178\/2022\/08\/DSC08116-300x200.jpg 300w, https:\/\/hoyre.no\/content\/uploads\/sites\/178\/2022\/08\/DSC08116-1024x683.jpg 1024w, https:\/\/hoyre.no\/content\/uploads\/sites\/178\/2022\/08\/DSC08116-1536x1024.jpg 1536w, https:\/\/hoyre.no\/content\/uploads\/sites\/178\/2022\/08\/DSC08116-2048x1366.jpg 2048w\" sizes=\"auto, (max-width: 768px) 100vw, 768px\" \/>\t\t<\/div>\n\t\t\n\t\t\t<div class=\"teft-card__content-wrapper\">\n\t\t\t\t<div class=\"teft-card__secondary\">\n\t\t\t\t\t\n\t\t\t\t\t\t\t\t<div class=\"teft-card__meta\">\n\t\t\t\t\t\t\t\t\t<span class=\"post-date\">25. aug 2022<\/span>\n\n\t\t\t\t\t\t\t\t\t\t\t\t\t\t\t\t\t<\/div>\n\t\t\t\t\t\t\t\t\t\t\t<\/div>\n\n\t\t\t\t<div class=\"teft-card__primary\">\n\t\t\t\t\t<h2 class=\"teft-card__title\">Vi st\u00e5r p\u00e5 stand p\u00e5 Losbydagene&nbsp;<span class=\"teft-card__primary-title-append\"><\/span><\/h2>\t\t\t\t<\/div>\n\t\t\t<\/div>\n\t\t<\/a>\n\t<\/div>\n\n\t<\/div><\/div>\t<\/div>\n<\/div>\n","protected":false},"excerpt":{"rendered":"","protected":false},"author":31440,"featured_media":0,"comment_status":"closed","ping_status":"closed","sticky":false,"template":"","format":"standard","meta":{"teft_cards_image_url":"","teft_cards_custom_pretitle":"","teft_cards_image_id":191,"teft_cards_image_focal_point_x":0.69,"teft_cards_image_focal_point_y":0.38,"teft_cards_title":"","teft_cards_excerpt":"","teft_show_chapters":false,"author_display_name":"","footnotes":""},"category":[1],"post_tag":[],"hoyre-visibility":[],"article-type":[],"politician":[],"class_list":["post-195","post","type-post","status-publish","format-standard","hentry","category-ukategorisert"],"yoast_head":"<!-- This site is optimized with the Yoast SEO plugin v26.6 - https:\/\/yoast.com\/wordpress\/plugins\/seo\/ -->\n<title>Invitasjon til \u00e5pent m\u00f8te med tema:            Utvikling av Fjellhamar - L\u00f8renskog H\u00f8yre<\/title>\n<meta name=\"robots\" content=\"index, follow, max-snippet:-1, max-image-preview:large, max-video-preview:-1\" \/>\n<link rel=\"canonical\" href=\"https:\/\/hoyre.no\/lorenskog\/aktuelt\/invitasjon-til-apent-mote-med-tema-utvikling-av-fjellhamar\/\" \/>\n<meta property=\"og:locale\" content=\"nb_NO\" \/>\n<meta property=\"og:type\" content=\"article\" \/>\n<meta property=\"og:title\" content=\"Invitasjon til \u00e5pent m\u00f8te med tema:            Utvikling av Fjellhamar - L\u00f8renskog H\u00f8yre\" \/>\n<meta property=\"og:url\" content=\"https:\/\/hoyre.no\/lorenskog\/aktuelt\/invitasjon-til-apent-mote-med-tema-utvikling-av-fjellhamar\/\" \/>\n<meta property=\"og:site_name\" content=\"L\u00f8renskog H\u00f8yre\" \/>\n<meta property=\"article:published_time\" content=\"2022-05-09T19:52:21+00:00\" \/>\n<meta property=\"article:modified_time\" content=\"2022-05-10T07:56:40+00:00\" \/>\n<meta property=\"og:image\" content=\"https:\/\/hoyre.no\/content\/uploads\/sites\/178\/2022\/08\/DSC08116-1024x683.jpg\" \/>\n<meta name=\"author\" content=\"Roshan Qandeel Azhar\" \/>\n<meta name=\"twitter:card\" content=\"summary_large_image\" \/>\n<meta name=\"twitter:label1\" content=\"Skrevet av\" \/>\n\t<meta name=\"twitter:data1\" content=\"Roshan Qandeel Azhar\" \/>\n\t<meta name=\"twitter:label2\" content=\"Ansl. lesetid\" \/>\n\t<meta name=\"twitter:data2\" content=\"1 minutt\" \/>\n<script type=\"application\/ld+json\" class=\"yoast-schema-graph\">{\"@context\":\"https:\/\/schema.org\",\"@graph\":[{\"@type\":\"NewsArticle\",\"@id\":\"https:\/\/hoyre.no\/lorenskog\/aktuelt\/invitasjon-til-apent-mote-med-tema-utvikling-av-fjellhamar\/\",\"url\":\"https:\/\/hoyre.no\/lorenskog\/aktuelt\/invitasjon-til-apent-mote-med-tema-utvikling-av-fjellhamar\/\",\"name\":\"Invitasjon til \u00e5pent m\u00f8te med tema: Utvikling av Fjellhamar - L\u00f8renskog H\u00f8yre\",\"isPartOf\":{\"@id\":\"https:\/\/hoyre.no\/lorenskog\/#website\"},\"datePublished\":\"2022-05-09T19:52:21+00:00\",\"dateModified\":\"2022-05-10T07:56:40+00:00\",\"author\":{\"@id\":\"https:\/\/hoyre.no\/lorenskog\/#\/schema\/person\/5134bb52d28ffec00005ee5c7c070115\"},\"breadcrumb\":{\"@id\":\"https:\/\/hoyre.no\/lorenskog\/aktuelt\/invitasjon-til-apent-mote-med-tema-utvikling-av-fjellhamar\/#breadcrumb\"},\"inLanguage\":\"nb-NO\",\"potentialAction\":[{\"@type\":\"ReadAction\",\"target\":[\"https:\/\/hoyre.no\/lorenskog\/aktuelt\/invitasjon-til-apent-mote-med-tema-utvikling-av-fjellhamar\/\"]}]},{\"@type\":\"BreadcrumbList\",\"@id\":\"https:\/\/hoyre.no\/lorenskog\/aktuelt\/invitasjon-til-apent-mote-med-tema-utvikling-av-fjellhamar\/#breadcrumb\",\"itemListElement\":[{\"@type\":\"ListItem\",\"position\":1,\"name\":\"Til hoyre.no\",\"item\":\"https:\/\/hoyre.no\"},{\"@type\":\"ListItem\",\"position\":2,\"name\":\"Hjem\",\"item\":\"https:\/\/hoyre.no\/lorenskog\/\"},{\"@type\":\"ListItem\",\"position\":3,\"name\":\"Invitasjon til \u00e5pent m\u00f8te med tema: Utvikling av Fjellhamar\"}]},{\"@type\":\"WebSite\",\"@id\":\"https:\/\/hoyre.no\/lorenskog\/#website\",\"url\":\"https:\/\/hoyre.no\/lorenskog\/\",\"name\":\"L\u00f8renskog H\u00f8yre\",\"description\":\"Bare enda et H\u00f8yres nettsteder-nettsted\",\"inLanguage\":\"nb-NO\"},{\"@type\":\"Person\",\"@id\":\"https:\/\/hoyre.no\/lorenskog\/#\/schema\/person\/5134bb52d28ffec00005ee5c7c070115\",\"name\":\"Roshan Qandeel Azhar\",\"image\":{\"@type\":\"ImageObject\",\"inLanguage\":\"nb-NO\",\"@id\":\"https:\/\/hoyre.no\/lorenskog\/#\/schema\/person\/image\/\",\"url\":\"https:\/\/secure.gravatar.com\/avatar\/7be315e3a3d7bf4841b4892f207087d53c460350959568461df7121b7f8587cd?s=96&d=mm&r=g\",\"contentUrl\":\"https:\/\/secure.gravatar.com\/avatar\/7be315e3a3d7bf4841b4892f207087d53c460350959568461df7121b7f8587cd?s=96&d=mm&r=g\",\"caption\":\"Roshan Qandeel Azhar\"},\"url\":\"https:\/\/hoyre.no\/lorenskog\/aktuelt\/author\/m50089036\/\"}]}<\/script>\n<!-- \/ Yoast SEO plugin. -->","yoast_head_json":{"title":"Invitasjon til \u00e5pent m\u00f8te med tema:            Utvikling av Fjellhamar - L\u00f8renskog H\u00f8yre","robots":{"index":"index","follow":"follow","max-snippet":"max-snippet:-1","max-image-preview":"max-image-preview:large","max-video-preview":"max-video-preview:-1"},"canonical":"https:\/\/hoyre.no\/lorenskog\/aktuelt\/invitasjon-til-apent-mote-med-tema-utvikling-av-fjellhamar\/","og_locale":"nb_NO","og_type":"article","og_title":"Invitasjon til \u00e5pent m\u00f8te med tema:            Utvikling av Fjellhamar - L\u00f8renskog H\u00f8yre","og_url":"https:\/\/hoyre.no\/lorenskog\/aktuelt\/invitasjon-til-apent-mote-med-tema-utvikling-av-fjellhamar\/","og_site_name":"L\u00f8renskog H\u00f8yre","article_published_time":"2022-05-09T19:52:21+00:00","article_modified_time":"2022-05-10T07:56:40+00:00","og_image":[{"url":"https:\/\/hoyre.no\/content\/uploads\/sites\/178\/2022\/08\/DSC08116-1024x683.jpg","width":"","height":"","type":""}],"author":"Roshan Qandeel Azhar","twitter_card":"summary_large_image","twitter_misc":{"Skrevet av":"Roshan Qandeel Azhar","Ansl. lesetid":"1 minutt"},"schema":{"@context":"https:\/\/schema.org","@graph":[{"@type":"NewsArticle","@id":"https:\/\/hoyre.no\/lorenskog\/aktuelt\/invitasjon-til-apent-mote-med-tema-utvikling-av-fjellhamar\/","url":"https:\/\/hoyre.no\/lorenskog\/aktuelt\/invitasjon-til-apent-mote-med-tema-utvikling-av-fjellhamar\/","name":"Invitasjon til \u00e5pent m\u00f8te med tema: Utvikling av Fjellhamar - L\u00f8renskog H\u00f8yre","isPartOf":{"@id":"https:\/\/hoyre.no\/lorenskog\/#website"},"datePublished":"2022-05-09T19:52:21+00:00","dateModified":"2022-05-10T07:56:40+00:00","author":{"@id":"https:\/\/hoyre.no\/lorenskog\/#\/schema\/person\/5134bb52d28ffec00005ee5c7c070115"},"breadcrumb":{"@id":"https:\/\/hoyre.no\/lorenskog\/aktuelt\/invitasjon-til-apent-mote-med-tema-utvikling-av-fjellhamar\/#breadcrumb"},"inLanguage":"nb-NO","potentialAction":[{"@type":"ReadAction","target":["https:\/\/hoyre.no\/lorenskog\/aktuelt\/invitasjon-til-apent-mote-med-tema-utvikling-av-fjellhamar\/"]}]},{"@type":"BreadcrumbList","@id":"https:\/\/hoyre.no\/lorenskog\/aktuelt\/invitasjon-til-apent-mote-med-tema-utvikling-av-fjellhamar\/#breadcrumb","itemListElement":[{"@type":"ListItem","position":1,"name":"Til hoyre.no","item":"https:\/\/hoyre.no"},{"@type":"ListItem","position":2,"name":"Hjem","item":"https:\/\/hoyre.no\/lorenskog\/"},{"@type":"ListItem","position":3,"name":"Invitasjon til \u00e5pent m\u00f8te med tema: Utvikling av Fjellhamar"}]},{"@type":"WebSite","@id":"https:\/\/hoyre.no\/lorenskog\/#website","url":"https:\/\/hoyre.no\/lorenskog\/","name":"L\u00f8renskog H\u00f8yre","description":"Bare enda et H\u00f8yres nettsteder-nettsted","inLanguage":"nb-NO"},{"@type":"Person","@id":"https:\/\/hoyre.no\/lorenskog\/#\/schema\/person\/5134bb52d28ffec00005ee5c7c070115","name":"Roshan Qandeel Azhar","image":{"@type":"ImageObject","inLanguage":"nb-NO","@id":"https:\/\/hoyre.no\/lorenskog\/#\/schema\/person\/image\/","url":"https:\/\/secure.gravatar.com\/avatar\/7be315e3a3d7bf4841b4892f207087d53c460350959568461df7121b7f8587cd?s=96&d=mm&r=g","contentUrl":"https:\/\/secure.gravatar.com\/avatar\/7be315e3a3d7bf4841b4892f207087d53c460350959568461df7121b7f8587cd?s=96&d=mm&r=g","caption":"Roshan Qandeel Azhar"},"url":"https:\/\/hoyre.no\/lorenskog\/aktuelt\/author\/m50089036\/"}]}},"distributor_meta":false,"distributor_terms":false,"distributor_media":false,"distributor_original_site_name":"L\u00f8renskog H\u00f8yre","distributor_original_site_url":"https:\/\/hoyre.no\/lorenskog","push-errors":false,"_links":{"self":[{"href":"https:\/\/hoyre.no\/lorenskog\/wp-json\/wp\/v2\/posts\/195","targetHints":{"allow":["GET"]}}],"collection":[{"href":"https:\/\/hoyre.no\/lorenskog\/wp-json\/wp\/v2\/posts"}],"about":[{"href":"https:\/\/hoyre.no\/lorenskog\/wp-json\/wp\/v2\/types\/post"}],"author":[{"embeddable":true,"href":"https:\/\/hoyre.no\/lorenskog\/wp-json\/wp\/v2\/users\/31440"}],"replies":[{"embeddable":true,"href":"https:\/\/hoyre.no\/lorenskog\/wp-json\/wp\/v2\/comments?post=195"}],"version-history":[{"count":8,"href":"https:\/\/hoyre.no\/lorenskog\/wp-json\/wp\/v2\/posts\/195\/revisions"}],"predecessor-version":[{"id":204,"href":"https:\/\/hoyre.no\/lorenskog\/wp-json\/wp\/v2\/posts\/195\/revisions\/204"}],"wp:attachment":[{"href":"https:\/\/hoyre.no\/lorenskog\/wp-json\/wp\/v2\/media?parent=195"}],"wp:term":[{"taxonomy":"category","embeddable":true,"href":"https:\/\/hoyre.no\/lorenskog\/wp-json\/wp\/v2\/category?post=195"},{"taxonomy":"post_tag","embeddable":true,"href":"https:\/\/hoyre.no\/lorenskog\/wp-json\/wp\/v2\/post_tag?post=195"},{"taxonomy":"hoyre-visibility","embeddable":true,"href":"https:\/\/hoyre.no\/lorenskog\/wp-json\/wp\/v2\/hoyre-visibility?post=195"},{"taxonomy":"article-type","embeddable":true,"href":"https:\/\/hoyre.no\/lorenskog\/wp-json\/wp\/v2\/article-type?post=195"},{"taxonomy":"politician","embeddable":true,"href":"https:\/\/hoyre.no\/lorenskog\/wp-json\/wp\/v2\/politician?post=195"}],"curies":[{"name":"wp","href":"https:\/\/api.w.org\/{rel}","templated":true}]}}