{"id":41,"date":"2022-06-14T22:54:26","date_gmt":"2022-06-14T20:54:26","guid":{"rendered":"https:\/\/hoyre.no\/lyngdal\/?p=41"},"modified":"2022-11-14T13:15:53","modified_gmt":"2022-11-14T12:15:53","slug":"nominasjonsprosess-kommunestyrevalget-2023-3","status":"publish","type":"post","link":"https:\/\/hoyre.no\/lyngdal\/aktuelt\/nominasjonsprosess-kommunestyrevalget-2023-3\/","title":{"rendered":"Nominasjonsprosess Kommunestyrevalget 2023"},"content":{"rendered":"\n<p class=\"preamble\">Nominasjonskomiteen i Lyngdal H\u00f8yre har de siste m\u00e5nedene jobbet for \u00e5 finne den beste ordf\u00f8rerkandidaten til kommunestyrevalget 2023.<br>Det er en enstemmig komit\u00e9 som stiller seg bak Bernt Mushom som partiets neste ordf\u00f8rerkandidat.<\/p>\t\t\t<div class=\"post-meta wp-block teft-byline-wrapper\">\n\t\t\t\t<div class=\"top\">\n\t\t\t\t\t<div class=\"signature\">\n\t\t\t\t\t\t<div class=\"teft-byline\">\n\t\t\t\t\t\t\t\t\t\t\t\t\t\t<div>\n\t\t\t\t\t\t\t\t<h3>H\u00f8yres redaksjon<\/h3>\t\t\t\t\t\t\t\t\n\t\t\t\t\t\t\t\t\t\t\t\t\t\t\t\t\t<span class=\"date\">Sist oppdatert: 14. november 2022<\/span>\n\t\t\t\t\t\t\t\t\t\t\t\t\t\t\t\t\t\t\t\t\t\t\t\t\t<span class=\"reading-time\" itemprop=\"timeRequired\" content=\"PT1M\"><em>Ca. 1 minutter lesetid<\/em><\/span>\n\t\t\t\t\t\t\t\t\t\t\t\t\t\t\t<\/div>\n\t\t\t\t\t\t<\/div>\n\t\t\t\t\t<\/div>\n\t\t\t\t\t\t<div class=\"sharing\">\n\t\t<a class=\"share-button share-link copy-link\" data-copy=\"https:\/\/hoyre.no\/lyngdal\/aktuelt\/nominasjonsprosess-kommunestyrevalget-2023-3\/\" target=\"_blank\"><span class=\"screen-reader-text\">Del link<\/span><\/a>\n\t\t<a class=\"share-button share-twitter\" href=\"http:\/\/twitter.com\/share?text=Nominasjonsprosess Kommunestyrevalget 2023&#038;url=https:\/\/hoyre.no\/lyngdal\/aktuelt\/nominasjonsprosess-kommunestyrevalget-2023-3\/&#038;hashtags=Hoyre\" target=\"_blank\"><span class=\"screen-reader-text\">Del p\u00e5 twitter<\/span><\/a>\n\t\t<a class=\"share-button share-facebook\" href=\"https:\/\/www.facebook.com\/sharer\/sharer.php?u=https:\/\/hoyre.no\/lyngdal\/aktuelt\/nominasjonsprosess-kommunestyrevalget-2023-3\/\" target=\"_blank\"><span class=\"screen-reader-text\">Del p\u00e5 facebook<\/span><\/a>\n\t<\/div>\n\t\t\t\t\t<\/div>\n\t\t\t<\/div>\n\n\t\t\t<figure class=\"hoyre-image-wrapper\"><div class=\"hoyre-image\"><img loading=\"lazy\" decoding=\"async\" width=\"1200\" height=\"1200\" src=\"https:\/\/hoyre.no\/content\/uploads\/sites\/25\/2022\/06\/1c65f857f24a9ed0dae58a1551aabcc9.jpg\" class=\"attachment-scaled size-scaled\" alt=\"\" style=\"object-position: 42% 10%\" srcset=\"https:\/\/hoyre.no\/content\/uploads\/sites\/25\/2022\/06\/1c65f857f24a9ed0dae58a1551aabcc9.jpg 1200w, https:\/\/hoyre.no\/content\/uploads\/sites\/25\/2022\/06\/1c65f857f24a9ed0dae58a1551aabcc9-300x300.jpg 300w, https:\/\/hoyre.no\/content\/uploads\/sites\/25\/2022\/06\/1c65f857f24a9ed0dae58a1551aabcc9-1024x1024.jpg 1024w, https:\/\/hoyre.no\/content\/uploads\/sites\/25\/2022\/06\/1c65f857f24a9ed0dae58a1551aabcc9-150x150.jpg 150w, https:\/\/hoyre.no\/content\/uploads\/sites\/25\/2022\/06\/1c65f857f24a9ed0dae58a1551aabcc9-768x768.jpg 768w\" sizes=\"auto, (max-width: 1200px) 100vw, 1200px\" \/><\/div><figcaption class=\"caption\">Bernt Mushom (Foto: Privat)<\/figcaption><\/figure>\n\n\n\n\n<p>Bernt er en kunnskapsrik og dyktig politiker med lang erfaring i<br>kommunestyret. Han har fungert som leder for utvalg for Barn<br>og oppvekst fra 2015 til 2019 og den siste perioden har han<br>fungert som leder for utvalg for Milj\u00f8, plan og teknisk.<br>Komiteen er overbevist om at Bernt er en god kandidat til \u00e5<br>overta etter Jan Kristensen og som kan sikre h\u00f8yre ordf\u00f8reren i<br>2023.<\/p>\n\n\n\n<p><br>Nominasjonsm\u00f8tet skal treffe den endelige beslutningen p\u00e5<br>m\u00f8te 28. juni. Samtidig s\u00e5 fortsetter arbeidet med \u00e5 f\u00e5 p\u00e5 plass<br>den fullstendige listen til kommunestyret i 2023, som skal<br>legges frem p\u00e5 nominasjonsm\u00f8te den 9. Januar 2023.<\/p>\n\n\n\n<p><\/p>\n\n\n\n<p><\/p>\n\n\n\n<p><\/p>\n\n\n\n<p><\/p>\n\n\n\n<p>Mvh<br>Nominasjonskomiteen<br>v\/ leder Tommy Svensson<\/p>\n\n\n\n<p><\/p>\n\n\n\n<p><\/p>\n\n\n\n<p><\/p>\n\n\n\n<p><\/p>\n\n\n<div class=\"tags\">\n\t<\/div>\n<div class=\"post-footer alignfull has-background block-editor-block-list__block\" data-align=full>\n\t<div class=\"post-footer-inner\">\n\t\t<h3>Relaterte artikler<\/h3>\n\t\t<div class=\"related-content\"><div class=\"is-card-hoyre\">\n\t<div class=\"teft-card hoyre-teft-card post-teft-card\">\n\t\t<a href=\"https:\/\/hoyre.no\/lyngdal\/aktuelt\/motedatoer-lyngdal-hoyre\/\" class=\"teft-card__primary-action\">\n\n\t\t\t<div class=\"teft-card__media teft-card__media--16-9 no-image\"><\/div>\n\t\t\t<div class=\"teft-card__content-wrapper\">\n\t\t\t\t<div class=\"teft-card__secondary\">\n\t\t\t\t\t\n\t\t\t\t\t\t\t\t<div class=\"teft-card__meta\">\n\t\t\t\t\t\t\t\t\t<span class=\"post-date\">3. jan 2023<\/span>\n\n\t\t\t\t\t\t\t\t\t\t\t\t\t\t\t\t\t<\/div>\n\t\t\t\t\t\t\t\t\t\t\t<\/div>\n\n\t\t\t\t<div class=\"teft-card__primary\">\n\t\t\t\t\t<h2 class=\"teft-card__title\">M\u00f8tedatoer Lyngdal H\u00f8yre&nbsp;<span class=\"teft-card__primary-title-append\"><\/span><\/h2>\t\t\t\t<\/div>\n\t\t\t<\/div>\n\t\t<\/a>\n\t<\/div>\n\n\t<\/div><div class=\"is-card-hoyre\">\n\t<div class=\"teft-card hoyre-teft-card post-teft-card\">\n\t\t<a href=\"https:\/\/hoyre.no\/lyngdal\/aktuelt\/nominasjonsprosess-kommunestyrevalget-2023-2\/\" class=\"teft-card__primary-action\">\n\n\t\t\t<div class=\"teft-card__media teft-card__media--16-9 no-image\"><\/div>\n\t\t\t<div class=\"teft-card__content-wrapper\">\n\t\t\t\t<div class=\"teft-card__secondary\">\n\t\t\t\t\t\n\t\t\t\t\t\t\t\t<div class=\"teft-card__meta\">\n\t\t\t\t\t\t\t\t\t<span class=\"post-date\">5. mai 2022<\/span>\n\n\t\t\t\t\t\t\t\t\t\t\t\t\t\t\t\t\t<\/div>\n\t\t\t\t\t\t\t\t\t\t\t<\/div>\n\n\t\t\t\t<div class=\"teft-card__primary\">\n\t\t\t\t\t<h2 class=\"teft-card__title\">Datoplan for nominasjonsprosessen til Kommunestyrevalget 2023&nbsp;<span class=\"teft-card__primary-title-append\"><\/span><\/h2>\t\t\t\t<\/div>\n\t\t\t<\/div>\n\t\t<\/a>\n\t<\/div>\n\n\t<\/div><div class=\"is-card-hoyre\">\n\t<div class=\"teft-card hoyre-teft-card post-teft-card\">\n\t\t<a href=\"https:\/\/hoyre.no\/lyngdal\/aktuelt\/nominasjonsprosess-kommunestyrevalget-2023\/\" class=\"teft-card__primary-action\">\n\n\t\t\t<div class=\"teft-card__media teft-card__media--16-9 no-image\"><\/div>\n\t\t\t<div class=\"teft-card__content-wrapper\">\n\t\t\t\t<div class=\"teft-card__secondary\">\n\t\t\t\t\t\n\t\t\t\t\t\t\t\t<div class=\"teft-card__meta\">\n\t\t\t\t\t\t\t\t\t<span class=\"post-date\">5. mai 2022<\/span>\n\n\t\t\t\t\t\t\t\t\t\t\t\t\t\t\t\t\t<\/div>\n\t\t\t\t\t\t\t\t\t\t\t<\/div>\n\n\t\t\t\t<div class=\"teft-card__primary\">\n\t\t\t\t\t<h2 class=\"teft-card__title\">Offentliggj\u00f8ring av nominasjonskomiteen til kommunestyrevalget 2023&nbsp;<span class=\"teft-card__primary-title-append\"><\/span><\/h2>\t\t\t\t<\/div>\n\t\t\t<\/div>\n\t\t<\/a>\n\t<\/div>\n\n\t<\/div><\/div>\t<\/div>\n<\/div>\n","protected":false},"excerpt":{"rendered":"","protected":false},"author":14951,"featured_media":0,"comment_status":"closed","ping_status":"closed","sticky":false,"template":"","format":"standard","meta":{"teft_cards_image_url":"","teft_cards_custom_pretitle":"","teft_cards_image_id":0,"teft_cards_image_focal_point_x":0,"teft_cards_image_focal_point_y":0,"teft_cards_title":"","teft_cards_excerpt":"","teft_show_chapters":false,"author_display_name":"Tommy Svensson \/\/ Ariel F\u00e5land","footnotes":""},"category":[1],"post_tag":[],"hoyre-visibility":[],"article-type":[],"politician":[],"class_list":["post-41","post","type-post","status-publish","format-standard","hentry","category-ukategorisert"],"yoast_head":"<!-- This site is optimized with the Yoast SEO plugin v26.6 - https:\/\/yoast.com\/wordpress\/plugins\/seo\/ -->\n<title>Nominasjonsprosess Kommunestyrevalget 2023 - Lyngdal H\u00f8yre<\/title>\n<meta name=\"robots\" content=\"index, follow, max-snippet:-1, max-image-preview:large, max-video-preview:-1\" \/>\n<link rel=\"canonical\" href=\"https:\/\/hoyre.no\/lyngdal\/aktuelt\/nominasjonsprosess-kommunestyrevalget-2023-3\/\" \/>\n<meta property=\"og:locale\" content=\"nb_NO\" \/>\n<meta property=\"og:type\" content=\"article\" \/>\n<meta property=\"og:title\" content=\"Nominasjonsprosess Kommunestyrevalget 2023 - Lyngdal H\u00f8yre\" \/>\n<meta property=\"og:url\" content=\"https:\/\/hoyre.no\/lyngdal\/aktuelt\/nominasjonsprosess-kommunestyrevalget-2023-3\/\" \/>\n<meta property=\"og:site_name\" content=\"Lyngdal H\u00f8yre\" \/>\n<meta property=\"article:published_time\" content=\"2022-06-14T20:54:26+00:00\" \/>\n<meta property=\"article:modified_time\" content=\"2022-11-14T12:15:53+00:00\" \/>\n<meta property=\"og:image\" content=\"https:\/\/hoyre.no\/content\/uploads\/sites\/25\/2022\/11\/2020_RGB_hoyre_logo_profilbilde_011.png\" \/>\n\t<meta property=\"og:image:width\" content=\"1000\" \/>\n\t<meta property=\"og:image:height\" content=\"1000\" \/>\n\t<meta property=\"og:image:type\" content=\"image\/png\" \/>\n<meta name=\"author\" content=\"Ariel F\u00e5land\" \/>\n<meta name=\"twitter:card\" content=\"summary_large_image\" \/>\n<meta name=\"twitter:label1\" content=\"Skrevet av\" \/>\n\t<meta name=\"twitter:data1\" content=\"Ariel F\u00e5land\" \/>\n\t<meta name=\"twitter:label2\" content=\"Ansl. lesetid\" \/>\n\t<meta name=\"twitter:data2\" content=\"1 minutt\" \/>\n<script type=\"application\/ld+json\" class=\"yoast-schema-graph\">{\"@context\":\"https:\/\/schema.org\",\"@graph\":[{\"@type\":\"NewsArticle\",\"@id\":\"https:\/\/hoyre.no\/lyngdal\/aktuelt\/nominasjonsprosess-kommunestyrevalget-2023-3\/\",\"url\":\"https:\/\/hoyre.no\/lyngdal\/aktuelt\/nominasjonsprosess-kommunestyrevalget-2023-3\/\",\"name\":\"Nominasjonsprosess Kommunestyrevalget 2023 - Lyngdal H\u00f8yre\",\"isPartOf\":{\"@id\":\"https:\/\/hoyre.no\/lyngdal\/#website\"},\"datePublished\":\"2022-06-14T20:54:26+00:00\",\"dateModified\":\"2022-11-14T12:15:53+00:00\",\"author\":{\"@id\":\"https:\/\/hoyre.no\/lyngdal\/#\/schema\/person\/b2c71ce3a3d9dc5e94899e5eb56b46b4\"},\"breadcrumb\":{\"@id\":\"https:\/\/hoyre.no\/lyngdal\/aktuelt\/nominasjonsprosess-kommunestyrevalget-2023-3\/#breadcrumb\"},\"inLanguage\":\"nb-NO\",\"potentialAction\":[{\"@type\":\"ReadAction\",\"target\":[\"https:\/\/hoyre.no\/lyngdal\/aktuelt\/nominasjonsprosess-kommunestyrevalget-2023-3\/\"]}]},{\"@type\":\"BreadcrumbList\",\"@id\":\"https:\/\/hoyre.no\/lyngdal\/aktuelt\/nominasjonsprosess-kommunestyrevalget-2023-3\/#breadcrumb\",\"itemListElement\":[{\"@type\":\"ListItem\",\"position\":1,\"name\":\"Til hoyre.no\",\"item\":\"https:\/\/hoyre.no\"},{\"@type\":\"ListItem\",\"position\":2,\"name\":\"Hjem\",\"item\":\"https:\/\/hoyre.no\/lyngdal\/\"},{\"@type\":\"ListItem\",\"position\":3,\"name\":\"Nominasjonsprosess Kommunestyrevalget 2023\"}]},{\"@type\":\"WebSite\",\"@id\":\"https:\/\/hoyre.no\/lyngdal\/#website\",\"url\":\"https:\/\/hoyre.no\/lyngdal\/\",\"name\":\"Lyngdal H\u00f8yre\",\"description\":\"Bare enda et H\u00f8yres nettsteder-nettsted\",\"inLanguage\":\"nb-NO\"},{\"@type\":\"Person\",\"@id\":\"https:\/\/hoyre.no\/lyngdal\/#\/schema\/person\/b2c71ce3a3d9dc5e94899e5eb56b46b4\",\"name\":\"Ariel F\u00e5land\",\"image\":{\"@type\":\"ImageObject\",\"inLanguage\":\"nb-NO\",\"@id\":\"https:\/\/hoyre.no\/lyngdal\/#\/schema\/person\/image\/\",\"url\":\"https:\/\/secure.gravatar.com\/avatar\/cf66544f6698a951e3b1b4f7d2ba3fe25e2b30ce6c950ee2945604c7b872352b?s=96&d=mm&r=g\",\"contentUrl\":\"https:\/\/secure.gravatar.com\/avatar\/cf66544f6698a951e3b1b4f7d2ba3fe25e2b30ce6c950ee2945604c7b872352b?s=96&d=mm&r=g\",\"caption\":\"Ariel F\u00e5land\"},\"url\":\"https:\/\/hoyre.no\/lyngdal\/aktuelt\/author\/m52035490\/\"}]}<\/script>\n<!-- \/ Yoast SEO plugin. -->","yoast_head_json":{"title":"Nominasjonsprosess Kommunestyrevalget 2023 - Lyngdal H\u00f8yre","robots":{"index":"index","follow":"follow","max-snippet":"max-snippet:-1","max-image-preview":"max-image-preview:large","max-video-preview":"max-video-preview:-1"},"canonical":"https:\/\/hoyre.no\/lyngdal\/aktuelt\/nominasjonsprosess-kommunestyrevalget-2023-3\/","og_locale":"nb_NO","og_type":"article","og_title":"Nominasjonsprosess Kommunestyrevalget 2023 - Lyngdal H\u00f8yre","og_url":"https:\/\/hoyre.no\/lyngdal\/aktuelt\/nominasjonsprosess-kommunestyrevalget-2023-3\/","og_site_name":"Lyngdal H\u00f8yre","article_published_time":"2022-06-14T20:54:26+00:00","article_modified_time":"2022-11-14T12:15:53+00:00","og_image":[{"width":1000,"height":1000,"url":"https:\/\/hoyre.no\/content\/uploads\/sites\/25\/2022\/11\/2020_RGB_hoyre_logo_profilbilde_011.png","type":"image\/png"}],"author":"Ariel F\u00e5land","twitter_card":"summary_large_image","twitter_misc":{"Skrevet av":"Ariel F\u00e5land","Ansl. lesetid":"1 minutt"},"schema":{"@context":"https:\/\/schema.org","@graph":[{"@type":"NewsArticle","@id":"https:\/\/hoyre.no\/lyngdal\/aktuelt\/nominasjonsprosess-kommunestyrevalget-2023-3\/","url":"https:\/\/hoyre.no\/lyngdal\/aktuelt\/nominasjonsprosess-kommunestyrevalget-2023-3\/","name":"Nominasjonsprosess Kommunestyrevalget 2023 - Lyngdal H\u00f8yre","isPartOf":{"@id":"https:\/\/hoyre.no\/lyngdal\/#website"},"datePublished":"2022-06-14T20:54:26+00:00","dateModified":"2022-11-14T12:15:53+00:00","author":{"@id":"https:\/\/hoyre.no\/lyngdal\/#\/schema\/person\/b2c71ce3a3d9dc5e94899e5eb56b46b4"},"breadcrumb":{"@id":"https:\/\/hoyre.no\/lyngdal\/aktuelt\/nominasjonsprosess-kommunestyrevalget-2023-3\/#breadcrumb"},"inLanguage":"nb-NO","potentialAction":[{"@type":"ReadAction","target":["https:\/\/hoyre.no\/lyngdal\/aktuelt\/nominasjonsprosess-kommunestyrevalget-2023-3\/"]}]},{"@type":"BreadcrumbList","@id":"https:\/\/hoyre.no\/lyngdal\/aktuelt\/nominasjonsprosess-kommunestyrevalget-2023-3\/#breadcrumb","itemListElement":[{"@type":"ListItem","position":1,"name":"Til hoyre.no","item":"https:\/\/hoyre.no"},{"@type":"ListItem","position":2,"name":"Hjem","item":"https:\/\/hoyre.no\/lyngdal\/"},{"@type":"ListItem","position":3,"name":"Nominasjonsprosess Kommunestyrevalget 2023"}]},{"@type":"WebSite","@id":"https:\/\/hoyre.no\/lyngdal\/#website","url":"https:\/\/hoyre.no\/lyngdal\/","name":"Lyngdal H\u00f8yre","description":"Bare enda et H\u00f8yres nettsteder-nettsted","inLanguage":"nb-NO"},{"@type":"Person","@id":"https:\/\/hoyre.no\/lyngdal\/#\/schema\/person\/b2c71ce3a3d9dc5e94899e5eb56b46b4","name":"Ariel F\u00e5land","image":{"@type":"ImageObject","inLanguage":"nb-NO","@id":"https:\/\/hoyre.no\/lyngdal\/#\/schema\/person\/image\/","url":"https:\/\/secure.gravatar.com\/avatar\/cf66544f6698a951e3b1b4f7d2ba3fe25e2b30ce6c950ee2945604c7b872352b?s=96&d=mm&r=g","contentUrl":"https:\/\/secure.gravatar.com\/avatar\/cf66544f6698a951e3b1b4f7d2ba3fe25e2b30ce6c950ee2945604c7b872352b?s=96&d=mm&r=g","caption":"Ariel F\u00e5land"},"url":"https:\/\/hoyre.no\/lyngdal\/aktuelt\/author\/m52035490\/"}]}},"distributor_meta":false,"distributor_terms":false,"distributor_media":false,"distributor_original_site_name":"Lyngdal H\u00f8yre","distributor_original_site_url":"https:\/\/hoyre.no\/lyngdal","push-errors":false,"_links":{"self":[{"href":"https:\/\/hoyre.no\/lyngdal\/wp-json\/wp\/v2\/posts\/41","targetHints":{"allow":["GET"]}}],"collection":[{"href":"https:\/\/hoyre.no\/lyngdal\/wp-json\/wp\/v2\/posts"}],"about":[{"href":"https:\/\/hoyre.no\/lyngdal\/wp-json\/wp\/v2\/types\/post"}],"author":[{"embeddable":true,"href":"https:\/\/hoyre.no\/lyngdal\/wp-json\/wp\/v2\/users\/14951"}],"replies":[{"embeddable":true,"href":"https:\/\/hoyre.no\/lyngdal\/wp-json\/wp\/v2\/comments?post=41"}],"version-history":[{"count":8,"href":"https:\/\/hoyre.no\/lyngdal\/wp-json\/wp\/v2\/posts\/41\/revisions"}],"predecessor-version":[{"id":55,"href":"https:\/\/hoyre.no\/lyngdal\/wp-json\/wp\/v2\/posts\/41\/revisions\/55"}],"wp:attachment":[{"href":"https:\/\/hoyre.no\/lyngdal\/wp-json\/wp\/v2\/media?parent=41"}],"wp:term":[{"taxonomy":"category","embeddable":true,"href":"https:\/\/hoyre.no\/lyngdal\/wp-json\/wp\/v2\/category?post=41"},{"taxonomy":"post_tag","embeddable":true,"href":"https:\/\/hoyre.no\/lyngdal\/wp-json\/wp\/v2\/post_tag?post=41"},{"taxonomy":"hoyre-visibility","embeddable":true,"href":"https:\/\/hoyre.no\/lyngdal\/wp-json\/wp\/v2\/hoyre-visibility?post=41"},{"taxonomy":"article-type","embeddable":true,"href":"https:\/\/hoyre.no\/lyngdal\/wp-json\/wp\/v2\/article-type?post=41"},{"taxonomy":"politician","embeddable":true,"href":"https:\/\/hoyre.no\/lyngdal\/wp-json\/wp\/v2\/politician?post=41"}],"curies":[{"name":"wp","href":"https:\/\/api.w.org\/{rel}","templated":true}]}}