{"id":15,"date":"2015-08-28T16:47:43","date_gmt":"2015-08-28T14:47:43","guid":{"rendered":"https:\/\/hoyre.no\/marker\/aktuelt\/hyttekommunen\/"},"modified":"2015-08-28T16:47:43","modified_gmt":"2015-08-28T14:47:43","slug":"hyttekommunen","status":"publish","type":"post","link":"https:\/\/hoyre.no\/marker\/aktuelt\/hyttekommunen\/","title":{"rendered":"Hytte-kommunen"},"content":{"rendered":"<p class=\"preamble\">Marker er attraktiv for b\u00e5de faste innbyggere og hyttebrukere, og Marker H\u00f8yre vil ta vare p\u00e5 begge grupper. Vi er glade i v\u00e5re hytteboere, og vi har b\u00e5de arealer og hjerterom for fler.<\/p>\t\t\t<div class=\"post-meta wp-block teft-byline-wrapper\">\n\t\t\t\t<div class=\"top\">\n\t\t\t\t\t<div class=\"signature\">\n\t\t\t\t\t\t<div class=\"teft-byline\">\n\t\t\t\t\t\t\t\t\t\t\t\t\t\t<div>\n\t\t\t\t\t\t\t\t<h3>H\u00f8yres redaksjon<\/h3>\t\t\t\t\t\t\t\t\n\t\t\t\t\t\t\t\t\t\t\t\t\t\t\t\t\t<span class=\"date\">Sist oppdatert: 28. august 2015<\/span>\n\t\t\t\t\t\t\t\t\t\t\t\t\t\t\t\t\t\t\t\t\t\t\t\t\t<span class=\"reading-time\" itemprop=\"timeRequired\" content=\"PT2M\"><em>Ca. 2 minutter lesetid<\/em><\/span>\n\t\t\t\t\t\t\t\t\t\t\t\t\t\t\t<\/div>\n\t\t\t\t\t\t<\/div>\n\t\t\t\t\t<\/div>\n\t\t\t\t\t\t<div class=\"sharing\">\n\t\t<a class=\"share-button share-link copy-link\" data-copy=\"https:\/\/hoyre.no\/marker\/aktuelt\/hyttekommunen\/\" target=\"_blank\"><span class=\"screen-reader-text\">Del link<\/span><\/a>\n\t\t<a class=\"share-button share-twitter\" href=\"http:\/\/twitter.com\/share?text=Hytte-kommunen&#038;url=https:\/\/hoyre.no\/marker\/aktuelt\/hyttekommunen\/&#038;hashtags=Hoyre\" target=\"_blank\"><span class=\"screen-reader-text\">Del p\u00e5 twitter<\/span><\/a>\n\t\t<a class=\"share-button share-facebook\" href=\"https:\/\/www.facebook.com\/sharer\/sharer.php?u=https:\/\/hoyre.no\/marker\/aktuelt\/hyttekommunen\/\" target=\"_blank\"><span class=\"screen-reader-text\">Del p\u00e5 facebook<\/span><\/a>\n\t<\/div>\n\t\t\t\t\t<\/div>\n\t\t\t<\/div>\n\n\t\t\t<figure class=\"hoyre-image-wrapper\"><div class=\"hoyre-image\"><img loading=\"lazy\" decoding=\"async\" width=\"400\" height=\"300\" src=\"https:\/\/hoyre.no\/content\/uploads\/sites\/177\/2020\/11\/hytta.jpg\" class=\"attachment-scaled size-scaled\" alt=\"\" style=\"object-position: 50% 50%\" srcset=\"https:\/\/hoyre.no\/content\/uploads\/sites\/177\/2020\/11\/hytta.jpg 400w, https:\/\/hoyre.no\/content\/uploads\/sites\/177\/2020\/11\/hytta-300x225.jpg 300w\" sizes=\"auto, (max-width: 400px) 100vw, 400px\" \/><\/div><\/figure><div id=\"hoyre-old-article-content-wrapper\"><h3><br><\/h3><p><br><\/p><p>Samtidig er vi \u00e5pne om at flere interesser m\u00e5 veies mot hverandre, og vi er villige til \u00e5 ta standpunkter i sp\u00f8rsm\u00e5let om hyttebygging.<\/p><p>Telemarksforsking i samarbeid med Agderforskning og Senter for \u00f8konomisk analyse har i TF-rapport nr. 349 \u00abInntekter og utgifter i hyttekommuner\u00bb, januar 2015 analysert de \u00f8konomiske virkninger av hytter i hyttekommuner. Rapportens konklusjon er i korthet at hytteboerne kan bidra til positive ringvirkninger for n\u00e6ringsdrivende i hyttekommunen, noe som i sin tur f\u00f8rer til \u00f8kt skatteinngang til kommunen. P\u00e5 den andre side sier rapporten at kommunene over lengre tid taper penger p\u00e5 \u00e5 ha hytter. \u00c5rsakene er at hytteboerne har krav p\u00e5 helse- og omsorgstjenester, og de er storforbrukere av kommunale tjenester som plan- og byggesaksbehandling, VAR-tjenester og beredskap. Hytteeiernes formuesskatt og eventuelt eiendomsskatt dekker ikke utgiftene. Heller ikke den estimerte \u00f8kning i n\u00e6ringsdrivendes skattebidrag. Det er derfor ikke for pengenes skyld vi \u00e5pner armene for n\u00e5v\u00e6rende og kommende hytteboere \u2013 men vi vil dele de naturgitte goder som vi er s\u00e5 rike p\u00e5.<\/p><p>Vi opptatt av \u00e5 ta vare p\u00e5 det vakre natur- og kulturlandskapet i kommunen, slik at vi ikke nedbygger nettopp de kvaliteter som drar fritidsboere til oss. Vi m\u00e5 ikke glemme at idylliske skogomr\u00e5der som regel er n\u00e6ringsgrunnlag for en av kommunens skogbrukere.<\/p><p>Marker H\u00f8yre vil ta imot et begrenset antall nye hytter innenfor omr\u00e5der som er avsatt til det i arealplaner, helst reguleringsplaner. Men hyttebygging m\u00e5 ikke g\u00e5 p\u00e5 bekostning av arealer som er drivverdige til jordbruk eller skogbruk eller plasseres slik at hyttebruken er til ulempe for n\u00e6ringsdriften.<\/p><p>Marker trenger et retningsskifte \u2013 Stem H\u00f8yre!<\/p><p><br><\/p><hr><br><\/div>\n<div class=\"tags\">\n\t<\/div>\n<div class=\"post-footer alignfull has-background block-editor-block-list__block\" data-align=full>\n\t<div class=\"post-footer-inner\">\n\t\t<h3>Relaterte artikler<\/h3>\n\t\t<div class=\"related-content\"><div class=\"is-card-hoyre\">\n\t<div class=\"teft-card hoyre-teft-card post-teft-card\">\n\t\t<a href=\"https:\/\/hoyre.no\/marker\/aktuelt\/hvorfor-far-jeg-ikke-vaere-med-bussen\/\" class=\"teft-card__primary-action\">\n\n\t\t\t<div class=\"teft-card__media teft-card__media--16-9 no-image\"><\/div>\n\t\t\t<div class=\"teft-card__content-wrapper\">\n\t\t\t\t<div class=\"teft-card__secondary\">\n\t\t\t\t\t\n\t\t\t\t\t\t\t\t<div class=\"teft-card__meta\">\n\t\t\t\t\t\t\t\t\t<span class=\"post-date\">28. nov 2022<\/span>\n\n\t\t\t\t\t\t\t\t\t<span class=\"post-category\">Ukategorisert<\/span>\t\t\t\t\t\t\t\t<\/div>\n\t\t\t\t\t\t\t\t\t\t\t<\/div>\n\n\t\t\t\t<div class=\"teft-card__primary\">\n\t\t\t\t\t<h2 class=\"teft-card__title\">Hvorfor f\u00e5r jeg ikke v\u00e6re med bussen?&nbsp;<span class=\"teft-card__primary-title-append\"><\/span><\/h2>\t\t\t\t<\/div>\n\t\t\t<\/div>\n\t\t<\/a>\n\t<\/div>\n\n\t<\/div><div class=\"is-card-hoyre\">\n\t<div class=\"teft-card hoyre-teft-card post-teft-card\">\n\t\t<a href=\"https:\/\/hoyre.no\/marker\/aktuelt\/politikk_og_sp_spesielt\/\" class=\"teft-card__primary-action\">\n\n\t\t\t<div class=\"teft-card__media teft-card__media--16-9 no-image\"><\/div>\n\t\t\t<div class=\"teft-card__content-wrapper\">\n\t\t\t\t<div class=\"teft-card__secondary\">\n\t\t\t\t\t\n\t\t\t\t\t\t\t\t<div class=\"teft-card__meta\">\n\t\t\t\t\t\t\t\t\t<span class=\"post-date\">18. jun 2019<\/span>\n\n\t\t\t\t\t\t\t\t\t\t\t\t\t\t\t\t\t<\/div>\n\t\t\t\t\t\t\t\t\t\t\t<\/div>\n\n\t\t\t\t<div class=\"teft-card__primary\">\n\t\t\t\t\t<h2 class=\"teft-card__title\">Politikk og SP spesielt&nbsp;<span class=\"teft-card__primary-title-append\"><\/span><\/h2>\t\t\t\t<\/div>\n\t\t\t<\/div>\n\t\t<\/a>\n\t<\/div>\n\n\t<\/div><div class=\"is-card-hoyre\">\n\t<div class=\"teft-card hoyre-teft-card post-teft-card\">\n\t\t<a href=\"https:\/\/hoyre.no\/marker\/aktuelt\/innkjopsreglementet_i_marker_kommune\/\" class=\"teft-card__primary-action\">\n\n\t\t\t\t\t<div class=\"teft-card__media teft-card__media--16-9\">\n\t\t\t\t\t\t<img loading=\"lazy\" decoding=\"async\" width=\"768\" height=\"429\" src=\"https:\/\/hoyre.no\/content\/uploads\/sites\/177\/2020\/11\/kommunevapen-768x429.png\" class=\"attachment-medium_large size-medium_large\" alt=\"\" srcset=\"https:\/\/hoyre.no\/content\/uploads\/sites\/177\/2020\/11\/kommunevapen-768x429.png 768w, https:\/\/hoyre.no\/content\/uploads\/sites\/177\/2020\/11\/kommunevapen-300x167.png 300w, https:\/\/hoyre.no\/content\/uploads\/sites\/177\/2020\/11\/kommunevapen.png 860w\" sizes=\"auto, (max-width: 768px) 100vw, 768px\" \/>\t\t<\/div>\n\t\t\n\t\t\t<div class=\"teft-card__content-wrapper\">\n\t\t\t\t<div class=\"teft-card__secondary\">\n\t\t\t\t\t\n\t\t\t\t\t\t\t\t<div class=\"teft-card__meta\">\n\t\t\t\t\t\t\t\t\t<span class=\"post-date\">17. sep 2018<\/span>\n\n\t\t\t\t\t\t\t\t\t\t\t\t\t\t\t\t\t<\/div>\n\t\t\t\t\t\t\t\t\t\t\t<\/div>\n\n\t\t\t\t<div class=\"teft-card__primary\">\n\t\t\t\t\t<h2 class=\"teft-card__title\">Innkj\u00f8psreglementet i Marker kommune&nbsp;<span class=\"teft-card__primary-title-append\"><\/span><\/h2>\t\t\t\t<\/div>\n\t\t\t<\/div>\n\t\t<\/a>\n\t<\/div>\n\n\t<\/div><\/div>\t<\/div>\n<\/div>\n","protected":false},"excerpt":{"rendered":"","protected":false},"author":0,"featured_media":0,"comment_status":"closed","ping_status":"closed","sticky":false,"template":"","format":"standard","meta":{"teft_cards_image_url":"https:\/\/hoyre.no\/content\/uploads\/sites\/177\/2020\/11\/hytta.jpg","teft_cards_custom_pretitle":"","teft_cards_image_id":14,"teft_cards_image_focal_point_x":0,"teft_cards_image_focal_point_y":0,"teft_cards_title":"","teft_cards_excerpt":"","teft_show_chapters":false,"author_display_name":"Marker H\u00f8yre","footnotes":""},"category":[1],"post_tag":[],"hoyre-visibility":[],"article-type":[],"politician":[],"class_list":["post-15","post","type-post","status-publish","format-standard","hentry","category-ukategorisert"],"yoast_head":"<!-- This site is optimized with the Yoast SEO plugin v26.6 - https:\/\/yoast.com\/wordpress\/plugins\/seo\/ -->\n<title>Hytte-kommunen - Marker H\u00f8yre<\/title>\n<meta name=\"robots\" content=\"index, follow, max-snippet:-1, max-image-preview:large, max-video-preview:-1\" \/>\n<link rel=\"canonical\" href=\"https:\/\/hoyre.no\/marker\/aktuelt\/hyttekommunen\/\" \/>\n<meta property=\"og:locale\" content=\"nb_NO\" \/>\n<meta property=\"og:type\" content=\"article\" \/>\n<meta property=\"og:title\" content=\"Hytte-kommunen - Marker H\u00f8yre\" \/>\n<meta property=\"og:url\" content=\"https:\/\/hoyre.no\/marker\/aktuelt\/hyttekommunen\/\" \/>\n<meta property=\"og:site_name\" content=\"Marker H\u00f8yre\" \/>\n<meta property=\"article:published_time\" content=\"2015-08-28T14:47:43+00:00\" \/>\n<meta property=\"og:image\" content=\"https:\/\/hoyre.no\/content\/uploads\/sites\/177\/2020\/11\/kommunevapen.png\" \/>\n<meta name=\"twitter:card\" content=\"summary_large_image\" \/>\n<meta name=\"twitter:label1\" content=\"Ansl. lesetid\" \/>\n\t<meta name=\"twitter:data1\" content=\"2 minutter\" \/>\n<script type=\"application\/ld+json\" class=\"yoast-schema-graph\">{\"@context\":\"https:\/\/schema.org\",\"@graph\":[{\"@type\":\"NewsArticle\",\"@id\":\"https:\/\/hoyre.no\/marker\/aktuelt\/hyttekommunen\/\",\"url\":\"https:\/\/hoyre.no\/marker\/aktuelt\/hyttekommunen\/\",\"name\":\"Hytte-kommunen - Marker H\u00f8yre\",\"isPartOf\":{\"@id\":\"https:\/\/hoyre.no\/marker\/#website\"},\"datePublished\":\"2015-08-28T14:47:43+00:00\",\"author\":{\"@id\":\"\"},\"breadcrumb\":{\"@id\":\"https:\/\/hoyre.no\/marker\/aktuelt\/hyttekommunen\/#breadcrumb\"},\"inLanguage\":\"nb-NO\",\"potentialAction\":[{\"@type\":\"ReadAction\",\"target\":[\"https:\/\/hoyre.no\/marker\/aktuelt\/hyttekommunen\/\"]}]},{\"@type\":\"BreadcrumbList\",\"@id\":\"https:\/\/hoyre.no\/marker\/aktuelt\/hyttekommunen\/#breadcrumb\",\"itemListElement\":[{\"@type\":\"ListItem\",\"position\":1,\"name\":\"Til hoyre.no\",\"item\":\"https:\/\/hoyre.no\"},{\"@type\":\"ListItem\",\"position\":2,\"name\":\"Hjem\",\"item\":\"https:\/\/hoyre.no\/marker\/\"},{\"@type\":\"ListItem\",\"position\":3,\"name\":\"Hytte-kommunen\"}]},{\"@type\":\"WebSite\",\"@id\":\"https:\/\/hoyre.no\/marker\/#website\",\"url\":\"https:\/\/hoyre.no\/marker\/\",\"name\":\"Marker H\u00f8yre\",\"description\":\"Bare enda et H\u00f8yres nettsteder-nettsted\",\"inLanguage\":\"nb-NO\"}]}<\/script>\n<!-- \/ Yoast SEO plugin. -->","yoast_head_json":{"title":"Hytte-kommunen - Marker H\u00f8yre","robots":{"index":"index","follow":"follow","max-snippet":"max-snippet:-1","max-image-preview":"max-image-preview:large","max-video-preview":"max-video-preview:-1"},"canonical":"https:\/\/hoyre.no\/marker\/aktuelt\/hyttekommunen\/","og_locale":"nb_NO","og_type":"article","og_title":"Hytte-kommunen - Marker H\u00f8yre","og_url":"https:\/\/hoyre.no\/marker\/aktuelt\/hyttekommunen\/","og_site_name":"Marker H\u00f8yre","article_published_time":"2015-08-28T14:47:43+00:00","og_image":[{"url":"https:\/\/hoyre.no\/content\/uploads\/sites\/177\/2020\/11\/kommunevapen.png","width":"","height":"","type":""}],"twitter_card":"summary_large_image","twitter_misc":{"Ansl. lesetid":"2 minutter"},"schema":{"@context":"https:\/\/schema.org","@graph":[{"@type":"NewsArticle","@id":"https:\/\/hoyre.no\/marker\/aktuelt\/hyttekommunen\/","url":"https:\/\/hoyre.no\/marker\/aktuelt\/hyttekommunen\/","name":"Hytte-kommunen - Marker H\u00f8yre","isPartOf":{"@id":"https:\/\/hoyre.no\/marker\/#website"},"datePublished":"2015-08-28T14:47:43+00:00","author":{"@id":""},"breadcrumb":{"@id":"https:\/\/hoyre.no\/marker\/aktuelt\/hyttekommunen\/#breadcrumb"},"inLanguage":"nb-NO","potentialAction":[{"@type":"ReadAction","target":["https:\/\/hoyre.no\/marker\/aktuelt\/hyttekommunen\/"]}]},{"@type":"BreadcrumbList","@id":"https:\/\/hoyre.no\/marker\/aktuelt\/hyttekommunen\/#breadcrumb","itemListElement":[{"@type":"ListItem","position":1,"name":"Til hoyre.no","item":"https:\/\/hoyre.no"},{"@type":"ListItem","position":2,"name":"Hjem","item":"https:\/\/hoyre.no\/marker\/"},{"@type":"ListItem","position":3,"name":"Hytte-kommunen"}]},{"@type":"WebSite","@id":"https:\/\/hoyre.no\/marker\/#website","url":"https:\/\/hoyre.no\/marker\/","name":"Marker H\u00f8yre","description":"Bare enda et H\u00f8yres nettsteder-nettsted","inLanguage":"nb-NO"}]}},"distributor_meta":false,"distributor_terms":false,"distributor_media":false,"distributor_original_site_name":"Marker H\u00f8yre","distributor_original_site_url":"https:\/\/hoyre.no\/marker","push-errors":false,"_links":{"self":[{"href":"https:\/\/hoyre.no\/marker\/wp-json\/wp\/v2\/posts\/15","targetHints":{"allow":["GET"]}}],"collection":[{"href":"https:\/\/hoyre.no\/marker\/wp-json\/wp\/v2\/posts"}],"about":[{"href":"https:\/\/hoyre.no\/marker\/wp-json\/wp\/v2\/types\/post"}],"replies":[{"embeddable":true,"href":"https:\/\/hoyre.no\/marker\/wp-json\/wp\/v2\/comments?post=15"}],"version-history":[{"count":0,"href":"https:\/\/hoyre.no\/marker\/wp-json\/wp\/v2\/posts\/15\/revisions"}],"wp:attachment":[{"href":"https:\/\/hoyre.no\/marker\/wp-json\/wp\/v2\/media?parent=15"}],"wp:term":[{"taxonomy":"category","embeddable":true,"href":"https:\/\/hoyre.no\/marker\/wp-json\/wp\/v2\/category?post=15"},{"taxonomy":"post_tag","embeddable":true,"href":"https:\/\/hoyre.no\/marker\/wp-json\/wp\/v2\/post_tag?post=15"},{"taxonomy":"hoyre-visibility","embeddable":true,"href":"https:\/\/hoyre.no\/marker\/wp-json\/wp\/v2\/hoyre-visibility?post=15"},{"taxonomy":"article-type","embeddable":true,"href":"https:\/\/hoyre.no\/marker\/wp-json\/wp\/v2\/article-type?post=15"},{"taxonomy":"politician","embeddable":true,"href":"https:\/\/hoyre.no\/marker\/wp-json\/wp\/v2\/politician?post=15"}],"curies":[{"name":"wp","href":"https:\/\/api.w.org\/{rel}","templated":true}]}}