{"id":17,"date":"2018-09-17T22:00:00","date_gmt":"2018-09-17T20:00:00","guid":{"rendered":"https:\/\/hoyre.no\/marker\/aktuelt\/innkjopsreglementet_i_marker_kommune\/"},"modified":"2018-09-17T22:00:00","modified_gmt":"2018-09-17T20:00:00","slug":"innkjopsreglementet_i_marker_kommune","status":"publish","type":"post","link":"https:\/\/hoyre.no\/marker\/aktuelt\/innkjopsreglementet_i_marker_kommune\/","title":{"rendered":"Innkj\u00f8psreglementet i Marker kommune"},"content":{"rendered":"<p class=\"preamble\">Marker kommunestyre har i siste m\u00f8te vedtatt innkj\u00f8psreglement og innkj\u00f8psstrategi for de kommende 4 \u00e5r. Reglementet er langt p\u00e5 vei lovbestemt, men Marker H\u00f8yre fikk enstemmig tilslutning til et forslag om \u00e5 ta inn i reglementet en bestemmelse om at reisetid og reiseutgifter skal tas med i vurderingen ved all kommunens kj\u00f8p av varer og tjenester. Bestemmelsen b\u00f8r f\u00f8re til bedre ivaretakelse av klima og milj\u00f8, men ogs\u00e5 mer rettferdig konkurranse mellom leverand\u00f8rer. Vi vet om eksempler p\u00e5 at tjenesteleverand\u00f8rer fra Ytre \u00d8stfold reiser hit for \u00e5 yte tjenester som lokale h\u00e5ndverkere kunne gjort like bra. N\u00e5 skal det bli konkurranse p\u00e5 vilk\u00e5r hvor reisetid tas med i vurderingen. I Marker H\u00f8yre oppfattes dette som sunn fornuft.Vi er opptatt av \u00e5 legge forholdene til rette og styrke lokalt n\u00e6ringsliv i bygda v\u00e5r.N\u00e5 blir det opp til Markers h\u00e5ndverkere og handlende \u00e5 f\u00f8lge opp. Gi beskjed til kommunen eller til oss omdet skulle forekomme feil i etterlevelse av reglementet. Vivil f\u00f8lge opp.<\/p>\t\t\t<div class=\"post-meta wp-block teft-byline-wrapper\">\n\t\t\t\t<div class=\"top\">\n\t\t\t\t\t<div class=\"signature\">\n\t\t\t\t\t\t<div class=\"teft-byline\">\n\t\t\t\t\t\t\t\t\t\t\t\t\t\t<div>\n\t\t\t\t\t\t\t\t<h3>H\u00f8yres redaksjon<\/h3>\t\t\t\t\t\t\t\t\n\t\t\t\t\t\t\t\t\t\t\t\t\t\t\t\t\t<span class=\"date\">Sist oppdatert: 17. september 2018<\/span>\n\t\t\t\t\t\t\t\t\t\t\t\t\t\t\t\t\t\t\t\t\t\t\t\t\t<span class=\"reading-time\" itemprop=\"timeRequired\" content=\"PT2M\"><em>Ca. 2 minutter lesetid<\/em><\/span>\n\t\t\t\t\t\t\t\t\t\t\t\t\t\t\t<\/div>\n\t\t\t\t\t\t<\/div>\n\t\t\t\t\t<\/div>\n\t\t\t\t\t\t<div class=\"sharing\">\n\t\t<a class=\"share-button share-link copy-link\" data-copy=\"https:\/\/hoyre.no\/marker\/aktuelt\/innkjopsreglementet_i_marker_kommune\/\" target=\"_blank\"><span class=\"screen-reader-text\">Del link<\/span><\/a>\n\t\t<a class=\"share-button share-twitter\" href=\"http:\/\/twitter.com\/share?text=Innkj\u00f8psreglementet i Marker kommune&#038;url=https:\/\/hoyre.no\/marker\/aktuelt\/innkjopsreglementet_i_marker_kommune\/&#038;hashtags=Hoyre\" target=\"_blank\"><span class=\"screen-reader-text\">Del p\u00e5 twitter<\/span><\/a>\n\t\t<a class=\"share-button share-facebook\" href=\"https:\/\/www.facebook.com\/sharer\/sharer.php?u=https:\/\/hoyre.no\/marker\/aktuelt\/innkjopsreglementet_i_marker_kommune\/\" target=\"_blank\"><span class=\"screen-reader-text\">Del p\u00e5 facebook<\/span><\/a>\n\t<\/div>\n\t\t\t\t\t<\/div>\n\t\t\t<\/div>\n\n\t\t\t<figure class=\"hoyre-image-wrapper\"><div class=\"hoyre-image\"><img loading=\"lazy\" decoding=\"async\" width=\"860\" height=\"480\" src=\"https:\/\/hoyre.no\/content\/uploads\/sites\/177\/2020\/11\/kommunevapen.png\" class=\"attachment-scaled size-scaled\" alt=\"\" style=\"object-position: 50% 50%\" srcset=\"https:\/\/hoyre.no\/content\/uploads\/sites\/177\/2020\/11\/kommunevapen.png 860w, https:\/\/hoyre.no\/content\/uploads\/sites\/177\/2020\/11\/kommunevapen-300x167.png 300w, https:\/\/hoyre.no\/content\/uploads\/sites\/177\/2020\/11\/kommunevapen-768x429.png 768w\" sizes=\"auto, (max-width: 860px) 100vw, 860px\" \/><\/div><\/figure><div id=\"hoyre-old-article-content-wrapper\"><p><br \/><\/p><\/div>\n<div class=\"tags\">\n\t<\/div>\n<div class=\"post-footer alignfull has-background block-editor-block-list__block\" data-align=full>\n\t<div class=\"post-footer-inner\">\n\t\t<h3>Relaterte artikler<\/h3>\n\t\t<div class=\"related-content\"><div class=\"is-card-hoyre\">\n\t<div class=\"teft-card hoyre-teft-card post-teft-card\">\n\t\t<a href=\"https:\/\/hoyre.no\/marker\/aktuelt\/hvorfor-far-jeg-ikke-vaere-med-bussen\/\" class=\"teft-card__primary-action\">\n\n\t\t\t<div class=\"teft-card__media teft-card__media--16-9 no-image\"><\/div>\n\t\t\t<div class=\"teft-card__content-wrapper\">\n\t\t\t\t<div class=\"teft-card__secondary\">\n\t\t\t\t\t\n\t\t\t\t\t\t\t\t<div class=\"teft-card__meta\">\n\t\t\t\t\t\t\t\t\t<span class=\"post-date\">28. nov 2022<\/span>\n\n\t\t\t\t\t\t\t\t\t<span class=\"post-category\">Ukategorisert<\/span>\t\t\t\t\t\t\t\t<\/div>\n\t\t\t\t\t\t\t\t\t\t\t<\/div>\n\n\t\t\t\t<div class=\"teft-card__primary\">\n\t\t\t\t\t<h2 class=\"teft-card__title\">Hvorfor f\u00e5r jeg ikke v\u00e6re med bussen?&nbsp;<span class=\"teft-card__primary-title-append\"><\/span><\/h2>\t\t\t\t<\/div>\n\t\t\t<\/div>\n\t\t<\/a>\n\t<\/div>\n\n\t<\/div><div class=\"is-card-hoyre\">\n\t<div class=\"teft-card hoyre-teft-card post-teft-card\">\n\t\t<a href=\"https:\/\/hoyre.no\/marker\/aktuelt\/politikk_og_sp_spesielt\/\" class=\"teft-card__primary-action\">\n\n\t\t\t<div class=\"teft-card__media teft-card__media--16-9 no-image\"><\/div>\n\t\t\t<div class=\"teft-card__content-wrapper\">\n\t\t\t\t<div class=\"teft-card__secondary\">\n\t\t\t\t\t\n\t\t\t\t\t\t\t\t<div class=\"teft-card__meta\">\n\t\t\t\t\t\t\t\t\t<span class=\"post-date\">18. jun 2019<\/span>\n\n\t\t\t\t\t\t\t\t\t\t\t\t\t\t\t\t\t<\/div>\n\t\t\t\t\t\t\t\t\t\t\t<\/div>\n\n\t\t\t\t<div class=\"teft-card__primary\">\n\t\t\t\t\t<h2 class=\"teft-card__title\">Politikk og SP spesielt&nbsp;<span class=\"teft-card__primary-title-append\"><\/span><\/h2>\t\t\t\t<\/div>\n\t\t\t<\/div>\n\t\t<\/a>\n\t<\/div>\n\n\t<\/div><div class=\"is-card-hoyre\">\n\t<div class=\"teft-card hoyre-teft-card post-teft-card\">\n\t\t<a href=\"https:\/\/hoyre.no\/marker\/aktuelt\/la-frem-alternativt\/\" class=\"teft-card__primary-action\">\n\n\t\t\t\t\t<div class=\"teft-card__media teft-card__media--16-9\">\n\t\t\t\t\t\t<img loading=\"lazy\" decoding=\"async\" width=\"768\" height=\"576\" src=\"https:\/\/hoyre.no\/content\/uploads\/sites\/177\/2020\/11\/budsjettbilde-768x576.jpg\" class=\"attachment-medium_large size-medium_large\" alt=\"\" srcset=\"https:\/\/hoyre.no\/content\/uploads\/sites\/177\/2020\/11\/budsjettbilde-768x576.jpg 768w, https:\/\/hoyre.no\/content\/uploads\/sites\/177\/2020\/11\/budsjettbilde-300x225.jpg 300w, https:\/\/hoyre.no\/content\/uploads\/sites\/177\/2020\/11\/budsjettbilde-1024x768.jpg 1024w, https:\/\/hoyre.no\/content\/uploads\/sites\/177\/2020\/11\/budsjettbilde-1536x1152.jpg 1536w, https:\/\/hoyre.no\/content\/uploads\/sites\/177\/2020\/11\/budsjettbilde.jpg 1632w\" sizes=\"auto, (max-width: 768px) 100vw, 768px\" \/>\t\t<\/div>\n\t\t\n\t\t\t<div class=\"teft-card__content-wrapper\">\n\t\t\t\t<div class=\"teft-card__secondary\">\n\t\t\t\t\t\n\t\t\t\t\t\t\t\t<div class=\"teft-card__meta\">\n\t\t\t\t\t\t\t\t\t<span class=\"post-date\">17. nov 2016<\/span>\n\n\t\t\t\t\t\t\t\t\t\t\t\t\t\t\t\t\t<\/div>\n\t\t\t\t\t\t\t\t\t\t\t<\/div>\n\n\t\t\t\t<div class=\"teft-card__primary\">\n\t\t\t\t\t<h2 class=\"teft-card__title\">La frem alternativt budsjett&nbsp;<span class=\"teft-card__primary-title-append\"><\/span><\/h2>\t\t\t\t<\/div>\n\t\t\t<\/div>\n\t\t<\/a>\n\t<\/div>\n\n\t<\/div><\/div>\t<\/div>\n<\/div>\n","protected":false},"excerpt":{"rendered":"","protected":false},"author":0,"featured_media":0,"comment_status":"closed","ping_status":"closed","sticky":false,"template":"","format":"standard","meta":{"teft_cards_image_url":"https:\/\/hoyre.no\/content\/uploads\/sites\/177\/2020\/11\/kommunevapen.png","teft_cards_custom_pretitle":"","teft_cards_image_id":16,"teft_cards_image_focal_point_x":0,"teft_cards_image_focal_point_y":0,"teft_cards_title":"","teft_cards_excerpt":"","teft_show_chapters":false,"author_display_name":"Marker H\u00f8yre","footnotes":""},"category":[1],"post_tag":[],"hoyre-visibility":[],"article-type":[],"politician":[],"class_list":["post-17","post","type-post","status-publish","format-standard","hentry","category-ukategorisert"],"yoast_head":"<!-- This site is optimized with the Yoast SEO plugin v26.6 - https:\/\/yoast.com\/wordpress\/plugins\/seo\/ -->\n<title>Innkj\u00f8psreglementet i Marker kommune - Marker H\u00f8yre<\/title>\n<meta name=\"robots\" content=\"index, follow, max-snippet:-1, max-image-preview:large, max-video-preview:-1\" \/>\n<link rel=\"canonical\" href=\"https:\/\/hoyre.no\/marker\/aktuelt\/innkjopsreglementet_i_marker_kommune\/\" \/>\n<meta property=\"og:locale\" content=\"nb_NO\" \/>\n<meta property=\"og:type\" content=\"article\" \/>\n<meta property=\"og:title\" content=\"Innkj\u00f8psreglementet i Marker kommune - Marker H\u00f8yre\" \/>\n<meta property=\"og:url\" content=\"https:\/\/hoyre.no\/marker\/aktuelt\/innkjopsreglementet_i_marker_kommune\/\" \/>\n<meta property=\"og:site_name\" content=\"Marker H\u00f8yre\" \/>\n<meta property=\"article:published_time\" content=\"2018-09-17T20:00:00+00:00\" \/>\n<meta property=\"og:image\" content=\"https:\/\/hoyre.no\/content\/uploads\/sites\/177\/2020\/11\/budsjettbilde-1024x768.jpg\" \/>\n<meta name=\"twitter:card\" content=\"summary_large_image\" \/>\n<meta name=\"twitter:label1\" content=\"Ansl. lesetid\" \/>\n\t<meta name=\"twitter:data1\" content=\"1 minutt\" \/>\n<script type=\"application\/ld+json\" class=\"yoast-schema-graph\">{\"@context\":\"https:\/\/schema.org\",\"@graph\":[{\"@type\":\"NewsArticle\",\"@id\":\"https:\/\/hoyre.no\/marker\/aktuelt\/innkjopsreglementet_i_marker_kommune\/\",\"url\":\"https:\/\/hoyre.no\/marker\/aktuelt\/innkjopsreglementet_i_marker_kommune\/\",\"name\":\"Innkj\u00f8psreglementet i Marker kommune - Marker H\u00f8yre\",\"isPartOf\":{\"@id\":\"https:\/\/hoyre.no\/marker\/#website\"},\"datePublished\":\"2018-09-17T20:00:00+00:00\",\"author\":{\"@id\":\"\"},\"breadcrumb\":{\"@id\":\"https:\/\/hoyre.no\/marker\/aktuelt\/innkjopsreglementet_i_marker_kommune\/#breadcrumb\"},\"inLanguage\":\"nb-NO\",\"potentialAction\":[{\"@type\":\"ReadAction\",\"target\":[\"https:\/\/hoyre.no\/marker\/aktuelt\/innkjopsreglementet_i_marker_kommune\/\"]}]},{\"@type\":\"BreadcrumbList\",\"@id\":\"https:\/\/hoyre.no\/marker\/aktuelt\/innkjopsreglementet_i_marker_kommune\/#breadcrumb\",\"itemListElement\":[{\"@type\":\"ListItem\",\"position\":1,\"name\":\"Til hoyre.no\",\"item\":\"https:\/\/hoyre.no\"},{\"@type\":\"ListItem\",\"position\":2,\"name\":\"Hjem\",\"item\":\"https:\/\/hoyre.no\/marker\/\"},{\"@type\":\"ListItem\",\"position\":3,\"name\":\"Innkj\u00f8psreglementet i Marker kommune\"}]},{\"@type\":\"WebSite\",\"@id\":\"https:\/\/hoyre.no\/marker\/#website\",\"url\":\"https:\/\/hoyre.no\/marker\/\",\"name\":\"Marker H\u00f8yre\",\"description\":\"Bare enda et H\u00f8yres nettsteder-nettsted\",\"inLanguage\":\"nb-NO\"}]}<\/script>\n<!-- \/ Yoast SEO plugin. -->","yoast_head_json":{"title":"Innkj\u00f8psreglementet i Marker kommune - Marker H\u00f8yre","robots":{"index":"index","follow":"follow","max-snippet":"max-snippet:-1","max-image-preview":"max-image-preview:large","max-video-preview":"max-video-preview:-1"},"canonical":"https:\/\/hoyre.no\/marker\/aktuelt\/innkjopsreglementet_i_marker_kommune\/","og_locale":"nb_NO","og_type":"article","og_title":"Innkj\u00f8psreglementet i Marker kommune - Marker H\u00f8yre","og_url":"https:\/\/hoyre.no\/marker\/aktuelt\/innkjopsreglementet_i_marker_kommune\/","og_site_name":"Marker H\u00f8yre","article_published_time":"2018-09-17T20:00:00+00:00","og_image":[{"url":"https:\/\/hoyre.no\/content\/uploads\/sites\/177\/2020\/11\/budsjettbilde-1024x768.jpg","width":"","height":"","type":""}],"twitter_card":"summary_large_image","twitter_misc":{"Ansl. lesetid":"1 minutt"},"schema":{"@context":"https:\/\/schema.org","@graph":[{"@type":"NewsArticle","@id":"https:\/\/hoyre.no\/marker\/aktuelt\/innkjopsreglementet_i_marker_kommune\/","url":"https:\/\/hoyre.no\/marker\/aktuelt\/innkjopsreglementet_i_marker_kommune\/","name":"Innkj\u00f8psreglementet i Marker kommune - Marker H\u00f8yre","isPartOf":{"@id":"https:\/\/hoyre.no\/marker\/#website"},"datePublished":"2018-09-17T20:00:00+00:00","author":{"@id":""},"breadcrumb":{"@id":"https:\/\/hoyre.no\/marker\/aktuelt\/innkjopsreglementet_i_marker_kommune\/#breadcrumb"},"inLanguage":"nb-NO","potentialAction":[{"@type":"ReadAction","target":["https:\/\/hoyre.no\/marker\/aktuelt\/innkjopsreglementet_i_marker_kommune\/"]}]},{"@type":"BreadcrumbList","@id":"https:\/\/hoyre.no\/marker\/aktuelt\/innkjopsreglementet_i_marker_kommune\/#breadcrumb","itemListElement":[{"@type":"ListItem","position":1,"name":"Til hoyre.no","item":"https:\/\/hoyre.no"},{"@type":"ListItem","position":2,"name":"Hjem","item":"https:\/\/hoyre.no\/marker\/"},{"@type":"ListItem","position":3,"name":"Innkj\u00f8psreglementet i Marker kommune"}]},{"@type":"WebSite","@id":"https:\/\/hoyre.no\/marker\/#website","url":"https:\/\/hoyre.no\/marker\/","name":"Marker H\u00f8yre","description":"Bare enda et H\u00f8yres nettsteder-nettsted","inLanguage":"nb-NO"}]}},"distributor_meta":false,"distributor_terms":false,"distributor_media":false,"distributor_original_site_name":"Marker H\u00f8yre","distributor_original_site_url":"https:\/\/hoyre.no\/marker","push-errors":false,"_links":{"self":[{"href":"https:\/\/hoyre.no\/marker\/wp-json\/wp\/v2\/posts\/17","targetHints":{"allow":["GET"]}}],"collection":[{"href":"https:\/\/hoyre.no\/marker\/wp-json\/wp\/v2\/posts"}],"about":[{"href":"https:\/\/hoyre.no\/marker\/wp-json\/wp\/v2\/types\/post"}],"replies":[{"embeddable":true,"href":"https:\/\/hoyre.no\/marker\/wp-json\/wp\/v2\/comments?post=17"}],"version-history":[{"count":0,"href":"https:\/\/hoyre.no\/marker\/wp-json\/wp\/v2\/posts\/17\/revisions"}],"wp:attachment":[{"href":"https:\/\/hoyre.no\/marker\/wp-json\/wp\/v2\/media?parent=17"}],"wp:term":[{"taxonomy":"category","embeddable":true,"href":"https:\/\/hoyre.no\/marker\/wp-json\/wp\/v2\/category?post=17"},{"taxonomy":"post_tag","embeddable":true,"href":"https:\/\/hoyre.no\/marker\/wp-json\/wp\/v2\/post_tag?post=17"},{"taxonomy":"hoyre-visibility","embeddable":true,"href":"https:\/\/hoyre.no\/marker\/wp-json\/wp\/v2\/hoyre-visibility?post=17"},{"taxonomy":"article-type","embeddable":true,"href":"https:\/\/hoyre.no\/marker\/wp-json\/wp\/v2\/article-type?post=17"},{"taxonomy":"politician","embeddable":true,"href":"https:\/\/hoyre.no\/marker\/wp-json\/wp\/v2\/politician?post=17"}],"curies":[{"name":"wp","href":"https:\/\/api.w.org\/{rel}","templated":true}]}}