{"id":21,"date":"2015-06-12T19:30:00","date_gmt":"2015-06-12T17:30:00","guid":{"rendered":"https:\/\/hoyre.no\/marker\/aktuelt\/marker-skole\/"},"modified":"2015-06-12T19:30:00","modified_gmt":"2015-06-12T17:30:00","slug":"marker-skole","status":"publish","type":"post","link":"https:\/\/hoyre.no\/marker\/aktuelt\/marker-skole\/","title":{"rendered":"Politisk bes\u00f8k p\u00e5 Marker skole"},"content":{"rendered":"<p class=\"preamble\">Marker partiene m\u00f8ttes i dag p\u00e5 Marker skole for \u00e5 fortelle 16 \u00e5ringene litt om sin politikk, og fortelle hvor viktig det er \u00e5 bruke stemmeretten sin.<\/p>\t\t\t<div class=\"post-meta wp-block teft-byline-wrapper\">\n\t\t\t\t<div class=\"top\">\n\t\t\t\t\t<div class=\"signature\">\n\t\t\t\t\t\t<div class=\"teft-byline\">\n\t\t\t\t\t\t\t\t\t\t\t\t\t\t<div>\n\t\t\t\t\t\t\t\t<h3>H\u00f8yres redaksjon<\/h3>\t\t\t\t\t\t\t\t\n\t\t\t\t\t\t\t\t\t\t\t\t\t\t\t\t\t<span class=\"date\">Sist oppdatert: 12. juni 2015<\/span>\n\t\t\t\t\t\t\t\t\t\t\t\t\t\t\t\t\t\t\t\t\t\t\t\t\t<span class=\"reading-time\" itemprop=\"timeRequired\" content=\"PT1M\"><em>Ca. 1 minutter lesetid<\/em><\/span>\n\t\t\t\t\t\t\t\t\t\t\t\t\t\t\t<\/div>\n\t\t\t\t\t\t<\/div>\n\t\t\t\t\t<\/div>\n\t\t\t\t\t\t<div class=\"sharing\">\n\t\t<a class=\"share-button share-link copy-link\" data-copy=\"https:\/\/hoyre.no\/marker\/aktuelt\/marker-skole\/\" target=\"_blank\"><span class=\"screen-reader-text\">Del link<\/span><\/a>\n\t\t<a class=\"share-button share-twitter\" href=\"http:\/\/twitter.com\/share?text=Politisk bes\u00f8k p\u00e5 Marker skole&#038;url=https:\/\/hoyre.no\/marker\/aktuelt\/marker-skole\/&#038;hashtags=Hoyre\" target=\"_blank\"><span class=\"screen-reader-text\">Del p\u00e5 twitter<\/span><\/a>\n\t\t<a class=\"share-button share-facebook\" href=\"https:\/\/www.facebook.com\/sharer\/sharer.php?u=https:\/\/hoyre.no\/marker\/aktuelt\/marker-skole\/\" target=\"_blank\"><span class=\"screen-reader-text\">Del p\u00e5 facebook<\/span><\/a>\n\t<\/div>\n\t\t\t\t\t<\/div>\n\t\t\t<\/div>\n\n\t\t\t<figure class=\"hoyre-image-wrapper\"><div class=\"hoyre-image\"><img loading=\"lazy\" decoding=\"async\" width=\"635\" height=\"476\" src=\"https:\/\/hoyre.no\/content\/uploads\/sites\/177\/2020\/11\/skolen-400x300-1.jpg\" class=\"attachment-scaled size-scaled\" alt=\"\" style=\"object-position: 50% 50%\" srcset=\"https:\/\/hoyre.no\/content\/uploads\/sites\/177\/2020\/11\/skolen-400x300-1.jpg 635w, https:\/\/hoyre.no\/content\/uploads\/sites\/177\/2020\/11\/skolen-400x300-1-300x225.jpg 300w\" sizes=\"auto, (max-width: 635px) 100vw, 635px\" \/><\/div><\/figure><div id=\"hoyre-old-article-content-wrapper\"><p>Pernille M. Westlie var h\u00f8yres representant p\u00e5 bes\u00f8ket. Temaer som engasjerer ungdommen er tilbudene som st\u00e5r i fare n\u00e5r kommunen n\u00e5 jobber med innsparinger. Flere sp\u00f8rsm\u00e5l dreide seg om hva politikere tenker og ikke minst jobber med for \u00e5 bevare tilbudene som ungdommen har i dag, og hvordan man skal f\u00e5 kommunens \u00f8konomi i balanse. Marker H\u00f8yre \u00f8nsker \u00e5 fremme ungdommens saker og bevare de tilbud ungdommen har i bygda og har dette som egen sak i programmet.<\/p><p>Link: <a href=\"~\/link.aspx?_id=8618E496080D4F76879173EF36296C87&#038;&#038;_z=z\">Ungdommen er viktige for oss<\/a><\/p><\/div>\n<div class=\"tags\">\n\t<\/div>\n<div class=\"post-footer alignfull has-background block-editor-block-list__block\" data-align=full>\n\t<div class=\"post-footer-inner\">\n\t\t<h3>Relaterte artikler<\/h3>\n\t\t<div class=\"related-content\"><div class=\"is-card-hoyre\">\n\t<div class=\"teft-card hoyre-teft-card post-teft-card\">\n\t\t<a href=\"https:\/\/hoyre.no\/marker\/aktuelt\/hvorfor-far-jeg-ikke-vaere-med-bussen\/\" class=\"teft-card__primary-action\">\n\n\t\t\t<div class=\"teft-card__media teft-card__media--16-9 no-image\"><\/div>\n\t\t\t<div class=\"teft-card__content-wrapper\">\n\t\t\t\t<div class=\"teft-card__secondary\">\n\t\t\t\t\t\n\t\t\t\t\t\t\t\t<div class=\"teft-card__meta\">\n\t\t\t\t\t\t\t\t\t<span class=\"post-date\">28. nov 2022<\/span>\n\n\t\t\t\t\t\t\t\t\t<span class=\"post-category\">Ukategorisert<\/span>\t\t\t\t\t\t\t\t<\/div>\n\t\t\t\t\t\t\t\t\t\t\t<\/div>\n\n\t\t\t\t<div class=\"teft-card__primary\">\n\t\t\t\t\t<h2 class=\"teft-card__title\">Hvorfor f\u00e5r jeg ikke v\u00e6re med bussen?&nbsp;<span class=\"teft-card__primary-title-append\"><\/span><\/h2>\t\t\t\t<\/div>\n\t\t\t<\/div>\n\t\t<\/a>\n\t<\/div>\n\n\t<\/div><div class=\"is-card-hoyre\">\n\t<div class=\"teft-card hoyre-teft-card post-teft-card\">\n\t\t<a href=\"https:\/\/hoyre.no\/marker\/aktuelt\/politikk_og_sp_spesielt\/\" class=\"teft-card__primary-action\">\n\n\t\t\t<div class=\"teft-card__media teft-card__media--16-9 no-image\"><\/div>\n\t\t\t<div class=\"teft-card__content-wrapper\">\n\t\t\t\t<div class=\"teft-card__secondary\">\n\t\t\t\t\t\n\t\t\t\t\t\t\t\t<div class=\"teft-card__meta\">\n\t\t\t\t\t\t\t\t\t<span class=\"post-date\">18. jun 2019<\/span>\n\n\t\t\t\t\t\t\t\t\t\t\t\t\t\t\t\t\t<\/div>\n\t\t\t\t\t\t\t\t\t\t\t<\/div>\n\n\t\t\t\t<div class=\"teft-card__primary\">\n\t\t\t\t\t<h2 class=\"teft-card__title\">Politikk og SP spesielt&nbsp;<span class=\"teft-card__primary-title-append\"><\/span><\/h2>\t\t\t\t<\/div>\n\t\t\t<\/div>\n\t\t<\/a>\n\t<\/div>\n\n\t<\/div><div class=\"is-card-hoyre\">\n\t<div class=\"teft-card hoyre-teft-card post-teft-card\">\n\t\t<a href=\"https:\/\/hoyre.no\/marker\/aktuelt\/innkjopsreglementet_i_marker_kommune\/\" class=\"teft-card__primary-action\">\n\n\t\t\t\t\t<div class=\"teft-card__media teft-card__media--16-9\">\n\t\t\t\t\t\t<img loading=\"lazy\" decoding=\"async\" width=\"768\" height=\"429\" src=\"https:\/\/hoyre.no\/content\/uploads\/sites\/177\/2020\/11\/kommunevapen-768x429.png\" class=\"attachment-medium_large size-medium_large\" alt=\"\" srcset=\"https:\/\/hoyre.no\/content\/uploads\/sites\/177\/2020\/11\/kommunevapen-768x429.png 768w, https:\/\/hoyre.no\/content\/uploads\/sites\/177\/2020\/11\/kommunevapen-300x167.png 300w, https:\/\/hoyre.no\/content\/uploads\/sites\/177\/2020\/11\/kommunevapen.png 860w\" sizes=\"auto, (max-width: 768px) 100vw, 768px\" \/>\t\t<\/div>\n\t\t\n\t\t\t<div class=\"teft-card__content-wrapper\">\n\t\t\t\t<div class=\"teft-card__secondary\">\n\t\t\t\t\t\n\t\t\t\t\t\t\t\t<div class=\"teft-card__meta\">\n\t\t\t\t\t\t\t\t\t<span class=\"post-date\">17. sep 2018<\/span>\n\n\t\t\t\t\t\t\t\t\t\t\t\t\t\t\t\t\t<\/div>\n\t\t\t\t\t\t\t\t\t\t\t<\/div>\n\n\t\t\t\t<div class=\"teft-card__primary\">\n\t\t\t\t\t<h2 class=\"teft-card__title\">Innkj\u00f8psreglementet i Marker kommune&nbsp;<span class=\"teft-card__primary-title-append\"><\/span><\/h2>\t\t\t\t<\/div>\n\t\t\t<\/div>\n\t\t<\/a>\n\t<\/div>\n\n\t<\/div><\/div>\t<\/div>\n<\/div>\n","protected":false},"excerpt":{"rendered":"","protected":false},"author":0,"featured_media":0,"comment_status":"closed","ping_status":"closed","sticky":false,"template":"","format":"standard","meta":{"teft_cards_image_url":"https:\/\/hoyre.no\/content\/uploads\/sites\/177\/2020\/11\/skolen-400x300-1.jpg","teft_cards_custom_pretitle":"","teft_cards_image_id":20,"teft_cards_image_focal_point_x":0,"teft_cards_image_focal_point_y":0,"teft_cards_title":"","teft_cards_excerpt":"","teft_show_chapters":false,"author_display_name":"Kristian H. Fog","footnotes":""},"category":[1],"post_tag":[],"hoyre-visibility":[],"article-type":[],"politician":[],"class_list":["post-21","post","type-post","status-publish","format-standard","hentry","category-ukategorisert"],"yoast_head":"<!-- This site is optimized with the Yoast SEO plugin v26.6 - https:\/\/yoast.com\/wordpress\/plugins\/seo\/ -->\n<title>Politisk bes\u00f8k p\u00e5 Marker skole - Marker H\u00f8yre<\/title>\n<meta name=\"robots\" content=\"index, follow, max-snippet:-1, max-image-preview:large, max-video-preview:-1\" \/>\n<link rel=\"canonical\" href=\"https:\/\/hoyre.no\/marker\/aktuelt\/marker-skole\/\" \/>\n<meta property=\"og:locale\" content=\"nb_NO\" \/>\n<meta property=\"og:type\" content=\"article\" \/>\n<meta property=\"og:title\" content=\"Politisk bes\u00f8k p\u00e5 Marker skole - Marker H\u00f8yre\" \/>\n<meta property=\"og:url\" content=\"https:\/\/hoyre.no\/marker\/aktuelt\/marker-skole\/\" \/>\n<meta property=\"og:site_name\" content=\"Marker H\u00f8yre\" \/>\n<meta property=\"article:published_time\" content=\"2015-06-12T17:30:00+00:00\" \/>\n<meta property=\"og:image\" content=\"https:\/\/hoyre.no\/content\/uploads\/sites\/177\/2020\/11\/kommunevapen.png\" \/>\n<meta name=\"twitter:card\" content=\"summary_large_image\" \/>\n<meta name=\"twitter:label1\" content=\"Ansl. lesetid\" \/>\n\t<meta name=\"twitter:data1\" content=\"1 minutt\" \/>\n<script type=\"application\/ld+json\" class=\"yoast-schema-graph\">{\"@context\":\"https:\/\/schema.org\",\"@graph\":[{\"@type\":\"NewsArticle\",\"@id\":\"https:\/\/hoyre.no\/marker\/aktuelt\/marker-skole\/\",\"url\":\"https:\/\/hoyre.no\/marker\/aktuelt\/marker-skole\/\",\"name\":\"Politisk bes\u00f8k p\u00e5 Marker skole - Marker H\u00f8yre\",\"isPartOf\":{\"@id\":\"https:\/\/hoyre.no\/marker\/#website\"},\"datePublished\":\"2015-06-12T17:30:00+00:00\",\"author\":{\"@id\":\"\"},\"breadcrumb\":{\"@id\":\"https:\/\/hoyre.no\/marker\/aktuelt\/marker-skole\/#breadcrumb\"},\"inLanguage\":\"nb-NO\",\"potentialAction\":[{\"@type\":\"ReadAction\",\"target\":[\"https:\/\/hoyre.no\/marker\/aktuelt\/marker-skole\/\"]}]},{\"@type\":\"BreadcrumbList\",\"@id\":\"https:\/\/hoyre.no\/marker\/aktuelt\/marker-skole\/#breadcrumb\",\"itemListElement\":[{\"@type\":\"ListItem\",\"position\":1,\"name\":\"Til hoyre.no\",\"item\":\"https:\/\/hoyre.no\"},{\"@type\":\"ListItem\",\"position\":2,\"name\":\"Hjem\",\"item\":\"https:\/\/hoyre.no\/marker\/\"},{\"@type\":\"ListItem\",\"position\":3,\"name\":\"Politisk bes\u00f8k p\u00e5 Marker skole\"}]},{\"@type\":\"WebSite\",\"@id\":\"https:\/\/hoyre.no\/marker\/#website\",\"url\":\"https:\/\/hoyre.no\/marker\/\",\"name\":\"Marker H\u00f8yre\",\"description\":\"Bare enda et H\u00f8yres nettsteder-nettsted\",\"inLanguage\":\"nb-NO\"}]}<\/script>\n<!-- \/ Yoast SEO plugin. -->","yoast_head_json":{"title":"Politisk bes\u00f8k p\u00e5 Marker skole - Marker H\u00f8yre","robots":{"index":"index","follow":"follow","max-snippet":"max-snippet:-1","max-image-preview":"max-image-preview:large","max-video-preview":"max-video-preview:-1"},"canonical":"https:\/\/hoyre.no\/marker\/aktuelt\/marker-skole\/","og_locale":"nb_NO","og_type":"article","og_title":"Politisk bes\u00f8k p\u00e5 Marker skole - Marker H\u00f8yre","og_url":"https:\/\/hoyre.no\/marker\/aktuelt\/marker-skole\/","og_site_name":"Marker H\u00f8yre","article_published_time":"2015-06-12T17:30:00+00:00","og_image":[{"url":"https:\/\/hoyre.no\/content\/uploads\/sites\/177\/2020\/11\/kommunevapen.png","width":"","height":"","type":""}],"twitter_card":"summary_large_image","twitter_misc":{"Ansl. lesetid":"1 minutt"},"schema":{"@context":"https:\/\/schema.org","@graph":[{"@type":"NewsArticle","@id":"https:\/\/hoyre.no\/marker\/aktuelt\/marker-skole\/","url":"https:\/\/hoyre.no\/marker\/aktuelt\/marker-skole\/","name":"Politisk bes\u00f8k p\u00e5 Marker skole - Marker H\u00f8yre","isPartOf":{"@id":"https:\/\/hoyre.no\/marker\/#website"},"datePublished":"2015-06-12T17:30:00+00:00","author":{"@id":""},"breadcrumb":{"@id":"https:\/\/hoyre.no\/marker\/aktuelt\/marker-skole\/#breadcrumb"},"inLanguage":"nb-NO","potentialAction":[{"@type":"ReadAction","target":["https:\/\/hoyre.no\/marker\/aktuelt\/marker-skole\/"]}]},{"@type":"BreadcrumbList","@id":"https:\/\/hoyre.no\/marker\/aktuelt\/marker-skole\/#breadcrumb","itemListElement":[{"@type":"ListItem","position":1,"name":"Til hoyre.no","item":"https:\/\/hoyre.no"},{"@type":"ListItem","position":2,"name":"Hjem","item":"https:\/\/hoyre.no\/marker\/"},{"@type":"ListItem","position":3,"name":"Politisk bes\u00f8k p\u00e5 Marker skole"}]},{"@type":"WebSite","@id":"https:\/\/hoyre.no\/marker\/#website","url":"https:\/\/hoyre.no\/marker\/","name":"Marker H\u00f8yre","description":"Bare enda et H\u00f8yres nettsteder-nettsted","inLanguage":"nb-NO"}]}},"distributor_meta":false,"distributor_terms":false,"distributor_media":false,"distributor_original_site_name":"Marker H\u00f8yre","distributor_original_site_url":"https:\/\/hoyre.no\/marker","push-errors":false,"_links":{"self":[{"href":"https:\/\/hoyre.no\/marker\/wp-json\/wp\/v2\/posts\/21","targetHints":{"allow":["GET"]}}],"collection":[{"href":"https:\/\/hoyre.no\/marker\/wp-json\/wp\/v2\/posts"}],"about":[{"href":"https:\/\/hoyre.no\/marker\/wp-json\/wp\/v2\/types\/post"}],"replies":[{"embeddable":true,"href":"https:\/\/hoyre.no\/marker\/wp-json\/wp\/v2\/comments?post=21"}],"version-history":[{"count":0,"href":"https:\/\/hoyre.no\/marker\/wp-json\/wp\/v2\/posts\/21\/revisions"}],"wp:attachment":[{"href":"https:\/\/hoyre.no\/marker\/wp-json\/wp\/v2\/media?parent=21"}],"wp:term":[{"taxonomy":"category","embeddable":true,"href":"https:\/\/hoyre.no\/marker\/wp-json\/wp\/v2\/category?post=21"},{"taxonomy":"post_tag","embeddable":true,"href":"https:\/\/hoyre.no\/marker\/wp-json\/wp\/v2\/post_tag?post=21"},{"taxonomy":"hoyre-visibility","embeddable":true,"href":"https:\/\/hoyre.no\/marker\/wp-json\/wp\/v2\/hoyre-visibility?post=21"},{"taxonomy":"article-type","embeddable":true,"href":"https:\/\/hoyre.no\/marker\/wp-json\/wp\/v2\/article-type?post=21"},{"taxonomy":"politician","embeddable":true,"href":"https:\/\/hoyre.no\/marker\/wp-json\/wp\/v2\/politician?post=21"}],"curies":[{"name":"wp","href":"https:\/\/api.w.org\/{rel}","templated":true}]}}