{"id":24,"date":"2019-06-18T22:00:00","date_gmt":"2019-06-18T20:00:00","guid":{"rendered":"https:\/\/hoyre.no\/marker\/aktuelt\/politikk_og_sp_spesielt\/"},"modified":"2019-06-18T22:00:00","modified_gmt":"2019-06-18T20:00:00","slug":"politikk_og_sp_spesielt","status":"publish","type":"post","link":"https:\/\/hoyre.no\/marker\/aktuelt\/politikk_og_sp_spesielt\/","title":{"rendered":"Politikk og SP spesielt"},"content":{"rendered":"<div id=\"hoyre-old-article-content-wrapper\"><p>  Marker Sp viser i leserinnlegg 13.juni total mangel av d\u00f8mmekraft og sunn fornuft da de i et fors\u00f8k p\u00e5 \u00e5 overbevise Markers innbyggere om at fortsatt eiendomsskatt er l\u00f8sningen for Marker kommunes \u00f8konomi. Dette ved \u00e5 kritisere Ap og H for respektl\u00f8shet fordi disse partiene n\u00e5 mener tiden er inne for en gradvis nedtrapping av eiendomsskattesatsene. Alle partiene var enige om at dette skulle v\u00e6re en midlertidig ordning. At Ap og H n\u00e5, etter mye jobbing og grundig analyse av budsjetter og \u00f8konomi gjennom flere \u00e5r, finner det riktig \u00e5 starte en nedtrapping, m\u00e5 respekteres som v\u00e5r konklusjon. H\u00f8yre mener helt klart at dette hadde vi heller ikke klart uten vilje og p\u00e5gangsmot fra de ansatte i kommunen. All \u00e6re til dem. Vi politikere er helt avhengig av et godt samarbeid med administrasjonen og de ansatte. Det kommer til \u00e5 bli mange t\u00f8ffe utfordringer i \u00e5rene foran oss. \u00c5 kalle dette respektl\u00f8st og \u00e5  kritisere AP og H for \u00e5 sette kommunens \u00f8konomi p\u00e5 spill, samtidig ogs\u00e5 mene at vi ikke viser godt lederskap , forteller oss at de har  total mangel p\u00e5 respekt for andre. Dette understrekes ogs\u00e5 med p\u00e5standen om at det er Sp som setter kommunen f\u00f8rst. Vi h\u00e5per og tror at alle politikere jobber mot et felles m\u00e5l om \u00e5 kunne tilby det beste for kommunens innbyggere. <\/p><p>Vi kunne selvf\u00f8lgelig svart opp p\u00e5standene som representantene Brandsrud og Mauritzen har kommet med, men vi velger \u00e5 jobbe med egen politikk framfor \u00e5 bruke spalteplass p\u00e5 diskusjoner med Sp som uansett ikke f\u00f8rer noe positivt med seg. Marker H\u00f8yre har n\u00e5 i juni distribuert sitt valgprogram i alle postkasser i kommunen. Det er derfor bedre \u00e5 lese hva H\u00f8yre st\u00e5r for der mht. eiendomsskatt og \u00f8konomistyring.<\/p><p>Marker H\u00f8yre har som opposisjonsparti samarbeidet godt med Ap og Krf i innev\u00e6rende valgperiode. Vi f\u00f8ler at det har v\u00e6rt gjensidig respekt tross ulike syn i saker. Vi har hatt gode diskusjoner og kunnet p\u00e5virke beslutningene. Vi synes det er beklagelig at Krf ikke stiller liste i neste periode. Takk for positivt samarbeid.<\/p><p>Vi g\u00e5r et spennende valg i m\u00f8te i september. Hva som synes temmelig sikkert er at ikke noe parti vil kunne greie flertall aleine. At Sp s\u00e5 tidlig i valgkampen velger angrep p\u00e5 Ap og H lover ikke det beste for et politisk samarbeidsklima, men det er enn\u00e5 nesten 3 m\u00e5neder til valget. Vi \u00f8nsker lykke til videre, eller kanskje det er mer riktig \u00e5 \u00f8nske god bedring. Til slutt vil vi informere innbyggerne i Marker om at de kan lese hele v\u00e5rt program 2019-23 p\u00e5  H\u00f8yre sin facebook side og p\u00e5 Instagram ( markerhoyre). <\/p><p>Vi t\u00f8r, vi vil, vi f\u00e5r det til \u2013 sammen!<\/p><p><\/p><p>Kenneth Sirev\u00e5g<\/p><p>Formannskapsmedlem  og Ordf\u00f8rerkandidat 2019 Marker H\u00f8yre<\/p><p>\u00c5smund Degnes<\/p><p>3 Listekandidat Marker H\u00f8yre<\/p><p><\/p><p><\/p><p><br \/><\/p><\/div>\n<div class=\"tags\">\n\t<\/div>\n<div class=\"post-footer alignfull has-background block-editor-block-list__block\" data-align=full>\n\t<div class=\"post-footer-inner\">\n\t\t<h3>Relaterte artikler<\/h3>\n\t\t<div class=\"related-content\"><div class=\"is-card-hoyre\">\n\t<div class=\"teft-card hoyre-teft-card post-teft-card\">\n\t\t<a href=\"https:\/\/hoyre.no\/marker\/aktuelt\/hvorfor-far-jeg-ikke-vaere-med-bussen\/\" class=\"teft-card__primary-action\">\n\n\t\t\t<div class=\"teft-card__media teft-card__media--16-9 no-image\"><\/div>\n\t\t\t<div class=\"teft-card__content-wrapper\">\n\t\t\t\t<div class=\"teft-card__secondary\">\n\t\t\t\t\t\n\t\t\t\t\t\t\t\t<div class=\"teft-card__meta\">\n\t\t\t\t\t\t\t\t\t<span class=\"post-date\">28. nov 2022<\/span>\n\n\t\t\t\t\t\t\t\t\t<span class=\"post-category\">Ukategorisert<\/span>\t\t\t\t\t\t\t\t<\/div>\n\t\t\t\t\t\t\t\t\t\t\t<\/div>\n\n\t\t\t\t<div class=\"teft-card__primary\">\n\t\t\t\t\t<h2 class=\"teft-card__title\">Hvorfor f\u00e5r jeg ikke v\u00e6re med bussen?&nbsp;<span class=\"teft-card__primary-title-append\"><\/span><\/h2>\t\t\t\t<\/div>\n\t\t\t<\/div>\n\t\t<\/a>\n\t<\/div>\n\n\t<\/div><div class=\"is-card-hoyre\">\n\t<div class=\"teft-card hoyre-teft-card post-teft-card\">\n\t\t<a href=\"https:\/\/hoyre.no\/marker\/aktuelt\/innkjopsreglementet_i_marker_kommune\/\" class=\"teft-card__primary-action\">\n\n\t\t\t\t\t<div class=\"teft-card__media teft-card__media--16-9\">\n\t\t\t\t\t\t<img loading=\"lazy\" decoding=\"async\" width=\"768\" height=\"429\" src=\"https:\/\/hoyre.no\/content\/uploads\/sites\/177\/2020\/11\/kommunevapen-768x429.png\" class=\"attachment-medium_large size-medium_large\" alt=\"\" srcset=\"https:\/\/hoyre.no\/content\/uploads\/sites\/177\/2020\/11\/kommunevapen-768x429.png 768w, https:\/\/hoyre.no\/content\/uploads\/sites\/177\/2020\/11\/kommunevapen-300x167.png 300w, https:\/\/hoyre.no\/content\/uploads\/sites\/177\/2020\/11\/kommunevapen.png 860w\" sizes=\"auto, (max-width: 768px) 100vw, 768px\" \/>\t\t<\/div>\n\t\t\n\t\t\t<div class=\"teft-card__content-wrapper\">\n\t\t\t\t<div class=\"teft-card__secondary\">\n\t\t\t\t\t\n\t\t\t\t\t\t\t\t<div class=\"teft-card__meta\">\n\t\t\t\t\t\t\t\t\t<span class=\"post-date\">17. sep 2018<\/span>\n\n\t\t\t\t\t\t\t\t\t\t\t\t\t\t\t\t\t<\/div>\n\t\t\t\t\t\t\t\t\t\t\t<\/div>\n\n\t\t\t\t<div class=\"teft-card__primary\">\n\t\t\t\t\t<h2 class=\"teft-card__title\">Innkj\u00f8psreglementet i Marker kommune&nbsp;<span class=\"teft-card__primary-title-append\"><\/span><\/h2>\t\t\t\t<\/div>\n\t\t\t<\/div>\n\t\t<\/a>\n\t<\/div>\n\n\t<\/div><div class=\"is-card-hoyre\">\n\t<div class=\"teft-card hoyre-teft-card post-teft-card\">\n\t\t<a href=\"https:\/\/hoyre.no\/marker\/aktuelt\/la-frem-alternativt\/\" class=\"teft-card__primary-action\">\n\n\t\t\t\t\t<div class=\"teft-card__media teft-card__media--16-9\">\n\t\t\t\t\t\t<img loading=\"lazy\" decoding=\"async\" width=\"768\" height=\"576\" src=\"https:\/\/hoyre.no\/content\/uploads\/sites\/177\/2020\/11\/budsjettbilde-768x576.jpg\" class=\"attachment-medium_large size-medium_large\" alt=\"\" srcset=\"https:\/\/hoyre.no\/content\/uploads\/sites\/177\/2020\/11\/budsjettbilde-768x576.jpg 768w, https:\/\/hoyre.no\/content\/uploads\/sites\/177\/2020\/11\/budsjettbilde-300x225.jpg 300w, https:\/\/hoyre.no\/content\/uploads\/sites\/177\/2020\/11\/budsjettbilde-1024x768.jpg 1024w, https:\/\/hoyre.no\/content\/uploads\/sites\/177\/2020\/11\/budsjettbilde-1536x1152.jpg 1536w, https:\/\/hoyre.no\/content\/uploads\/sites\/177\/2020\/11\/budsjettbilde.jpg 1632w\" sizes=\"auto, (max-width: 768px) 100vw, 768px\" \/>\t\t<\/div>\n\t\t\n\t\t\t<div class=\"teft-card__content-wrapper\">\n\t\t\t\t<div class=\"teft-card__secondary\">\n\t\t\t\t\t\n\t\t\t\t\t\t\t\t<div class=\"teft-card__meta\">\n\t\t\t\t\t\t\t\t\t<span class=\"post-date\">17. nov 2016<\/span>\n\n\t\t\t\t\t\t\t\t\t\t\t\t\t\t\t\t\t<\/div>\n\t\t\t\t\t\t\t\t\t\t\t<\/div>\n\n\t\t\t\t<div class=\"teft-card__primary\">\n\t\t\t\t\t<h2 class=\"teft-card__title\">La frem alternativt budsjett&nbsp;<span class=\"teft-card__primary-title-append\"><\/span><\/h2>\t\t\t\t<\/div>\n\t\t\t<\/div>\n\t\t<\/a>\n\t<\/div>\n\n\t<\/div><\/div>\t<\/div>\n<\/div>\n","protected":false},"excerpt":{"rendered":"","protected":false},"author":0,"featured_media":0,"comment_status":"closed","ping_status":"closed","sticky":false,"template":"","format":"standard","meta":{"teft_cards_image_url":"","teft_cards_custom_pretitle":"","teft_cards_image_id":0,"teft_cards_image_focal_point_x":0,"teft_cards_image_focal_point_y":0,"teft_cards_title":"","teft_cards_excerpt":"","teft_show_chapters":false,"author_display_name":"","footnotes":""},"category":[1],"post_tag":[],"hoyre-visibility":[],"article-type":[],"politician":[],"class_list":["post-24","post","type-post","status-publish","format-standard","hentry","category-ukategorisert"],"yoast_head":"<!-- This site is optimized with the Yoast SEO plugin v26.6 - https:\/\/yoast.com\/wordpress\/plugins\/seo\/ -->\n<title>Politikk og SP spesielt - Marker H\u00f8yre<\/title>\n<meta name=\"robots\" content=\"index, follow, max-snippet:-1, max-image-preview:large, max-video-preview:-1\" \/>\n<link rel=\"canonical\" href=\"https:\/\/hoyre.no\/marker\/aktuelt\/politikk_og_sp_spesielt\/\" \/>\n<meta property=\"og:locale\" content=\"nb_NO\" \/>\n<meta property=\"og:type\" content=\"article\" \/>\n<meta property=\"og:title\" content=\"Politikk og SP spesielt - Marker H\u00f8yre\" \/>\n<meta property=\"og:url\" content=\"https:\/\/hoyre.no\/marker\/aktuelt\/politikk_og_sp_spesielt\/\" \/>\n<meta property=\"og:site_name\" content=\"Marker H\u00f8yre\" \/>\n<meta property=\"article:published_time\" content=\"2019-06-18T20:00:00+00:00\" \/>\n<meta property=\"og:image\" content=\"https:\/\/hoyre.no\/content\/uploads\/sites\/177\/2020\/11\/budsjettbilde-1024x768.jpg\" \/>\n<meta name=\"twitter:card\" content=\"summary_large_image\" \/>\n<meta name=\"twitter:label1\" content=\"Ansl. lesetid\" \/>\n\t<meta name=\"twitter:data1\" content=\"2 minutter\" \/>\n<script type=\"application\/ld+json\" class=\"yoast-schema-graph\">{\"@context\":\"https:\/\/schema.org\",\"@graph\":[{\"@type\":\"NewsArticle\",\"@id\":\"https:\/\/hoyre.no\/marker\/aktuelt\/politikk_og_sp_spesielt\/\",\"url\":\"https:\/\/hoyre.no\/marker\/aktuelt\/politikk_og_sp_spesielt\/\",\"name\":\"Politikk og SP spesielt - Marker H\u00f8yre\",\"isPartOf\":{\"@id\":\"https:\/\/hoyre.no\/marker\/#website\"},\"datePublished\":\"2019-06-18T20:00:00+00:00\",\"author\":{\"@id\":\"\"},\"breadcrumb\":{\"@id\":\"https:\/\/hoyre.no\/marker\/aktuelt\/politikk_og_sp_spesielt\/#breadcrumb\"},\"inLanguage\":\"nb-NO\",\"potentialAction\":[{\"@type\":\"ReadAction\",\"target\":[\"https:\/\/hoyre.no\/marker\/aktuelt\/politikk_og_sp_spesielt\/\"]}]},{\"@type\":\"BreadcrumbList\",\"@id\":\"https:\/\/hoyre.no\/marker\/aktuelt\/politikk_og_sp_spesielt\/#breadcrumb\",\"itemListElement\":[{\"@type\":\"ListItem\",\"position\":1,\"name\":\"Til hoyre.no\",\"item\":\"https:\/\/hoyre.no\"},{\"@type\":\"ListItem\",\"position\":2,\"name\":\"Hjem\",\"item\":\"https:\/\/hoyre.no\/marker\/\"},{\"@type\":\"ListItem\",\"position\":3,\"name\":\"Politikk og SP spesielt\"}]},{\"@type\":\"WebSite\",\"@id\":\"https:\/\/hoyre.no\/marker\/#website\",\"url\":\"https:\/\/hoyre.no\/marker\/\",\"name\":\"Marker H\u00f8yre\",\"description\":\"Bare enda et H\u00f8yres nettsteder-nettsted\",\"inLanguage\":\"nb-NO\"}]}<\/script>\n<!-- \/ Yoast SEO plugin. -->","yoast_head_json":{"title":"Politikk og SP spesielt - Marker H\u00f8yre","robots":{"index":"index","follow":"follow","max-snippet":"max-snippet:-1","max-image-preview":"max-image-preview:large","max-video-preview":"max-video-preview:-1"},"canonical":"https:\/\/hoyre.no\/marker\/aktuelt\/politikk_og_sp_spesielt\/","og_locale":"nb_NO","og_type":"article","og_title":"Politikk og SP spesielt - Marker H\u00f8yre","og_url":"https:\/\/hoyre.no\/marker\/aktuelt\/politikk_og_sp_spesielt\/","og_site_name":"Marker H\u00f8yre","article_published_time":"2019-06-18T20:00:00+00:00","og_image":[{"url":"https:\/\/hoyre.no\/content\/uploads\/sites\/177\/2020\/11\/budsjettbilde-1024x768.jpg","width":"","height":"","type":""}],"twitter_card":"summary_large_image","twitter_misc":{"Ansl. lesetid":"2 minutter"},"schema":{"@context":"https:\/\/schema.org","@graph":[{"@type":"NewsArticle","@id":"https:\/\/hoyre.no\/marker\/aktuelt\/politikk_og_sp_spesielt\/","url":"https:\/\/hoyre.no\/marker\/aktuelt\/politikk_og_sp_spesielt\/","name":"Politikk og SP spesielt - Marker H\u00f8yre","isPartOf":{"@id":"https:\/\/hoyre.no\/marker\/#website"},"datePublished":"2019-06-18T20:00:00+00:00","author":{"@id":""},"breadcrumb":{"@id":"https:\/\/hoyre.no\/marker\/aktuelt\/politikk_og_sp_spesielt\/#breadcrumb"},"inLanguage":"nb-NO","potentialAction":[{"@type":"ReadAction","target":["https:\/\/hoyre.no\/marker\/aktuelt\/politikk_og_sp_spesielt\/"]}]},{"@type":"BreadcrumbList","@id":"https:\/\/hoyre.no\/marker\/aktuelt\/politikk_og_sp_spesielt\/#breadcrumb","itemListElement":[{"@type":"ListItem","position":1,"name":"Til hoyre.no","item":"https:\/\/hoyre.no"},{"@type":"ListItem","position":2,"name":"Hjem","item":"https:\/\/hoyre.no\/marker\/"},{"@type":"ListItem","position":3,"name":"Politikk og SP spesielt"}]},{"@type":"WebSite","@id":"https:\/\/hoyre.no\/marker\/#website","url":"https:\/\/hoyre.no\/marker\/","name":"Marker H\u00f8yre","description":"Bare enda et H\u00f8yres nettsteder-nettsted","inLanguage":"nb-NO"}]}},"distributor_meta":false,"distributor_terms":false,"distributor_media":false,"distributor_original_site_name":"Marker H\u00f8yre","distributor_original_site_url":"https:\/\/hoyre.no\/marker","push-errors":false,"_links":{"self":[{"href":"https:\/\/hoyre.no\/marker\/wp-json\/wp\/v2\/posts\/24","targetHints":{"allow":["GET"]}}],"collection":[{"href":"https:\/\/hoyre.no\/marker\/wp-json\/wp\/v2\/posts"}],"about":[{"href":"https:\/\/hoyre.no\/marker\/wp-json\/wp\/v2\/types\/post"}],"replies":[{"embeddable":true,"href":"https:\/\/hoyre.no\/marker\/wp-json\/wp\/v2\/comments?post=24"}],"version-history":[{"count":0,"href":"https:\/\/hoyre.no\/marker\/wp-json\/wp\/v2\/posts\/24\/revisions"}],"wp:attachment":[{"href":"https:\/\/hoyre.no\/marker\/wp-json\/wp\/v2\/media?parent=24"}],"wp:term":[{"taxonomy":"category","embeddable":true,"href":"https:\/\/hoyre.no\/marker\/wp-json\/wp\/v2\/category?post=24"},{"taxonomy":"post_tag","embeddable":true,"href":"https:\/\/hoyre.no\/marker\/wp-json\/wp\/v2\/post_tag?post=24"},{"taxonomy":"hoyre-visibility","embeddable":true,"href":"https:\/\/hoyre.no\/marker\/wp-json\/wp\/v2\/hoyre-visibility?post=24"},{"taxonomy":"article-type","embeddable":true,"href":"https:\/\/hoyre.no\/marker\/wp-json\/wp\/v2\/article-type?post=24"},{"taxonomy":"politician","embeddable":true,"href":"https:\/\/hoyre.no\/marker\/wp-json\/wp\/v2\/politician?post=24"}],"curies":[{"name":"wp","href":"https:\/\/api.w.org\/{rel}","templated":true}]}}