{"id":25,"date":"2015-03-27T23:00:00","date_gmt":"2015-03-27T22:00:00","guid":{"rendered":"https:\/\/hoyre.no\/marker\/aktuelt\/program-2015-2019-ma\/"},"modified":"2015-03-27T23:00:00","modified_gmt":"2015-03-27T22:00:00","slug":"program-2015-2019-ma","status":"publish","type":"post","link":"https:\/\/hoyre.no\/marker\/aktuelt\/program-2015-2019-ma\/","title":{"rendered":"Program 2015-2019 -Marker H\u00f8yre"},"content":{"rendered":"<div id=\"hoyre-old-article-content-wrapper\"><p><strong>Marker H\u00f8yre \u00f8nsker \u00e5 fremme ungdommens saker, og bevare de tilbud ungdommen har i kommunen<\/strong><\/p><p><em>Ungdommen er fremtiden. Vi vil lytte til v\u00e5re unge \u00e5 gi dem grunnlag for \u00e5 skape sin fremtid her<\/em><\/p><p><\/p><p><strong>Marker H\u00f8yre \u00f8nsker \u00e5 beholde et levende lokalsamfunn med gode tjenester for alle innbyggerne<\/strong><\/p><p><em>Vi vil ha gode lokale barnehager, skole og helsetilbud<\/em><\/p><p><em><\/em><\/p><p><strong>Marker H\u00f8yre \u00f8nsker vekst og n\u00e6ringsetablering i kommunen, og vi er imot n\u00e6ringsskatt<\/strong><\/p><p><em>Vi st\u00f8tter opp om det lokale n\u00e6ringslivet, og vi vil legge til rette for utvikling og nyetableringer. <\/em><\/p><p><em>Vi vil til enhver tid ha n\u00e6ringstomt til salgs. <\/em><\/p><p><em>Vi vil etablere og ha aktivt n\u00e6ringsfond<\/em><\/p><p><em><\/em><\/p><p><strong>Marker H\u00f8yre \u00f8nsker \u00e5 opprettholde og bedre kollektivtilbudet <\/strong><\/p><p><em>Vi \u00f8nsker et bedre transporttilbud til de gruppene som trenger det, spesielt unge, eldre og pendlere<\/em><\/p><p><em><\/em><\/p><p><strong>Marker H\u00f8yre \u00f8nsker 4-felts motorvei p\u00e5 strekningen \u00d8rje-Melleby<\/strong><\/p><p><em><\/em><\/p><p><strong>Marker H\u00f8yre skal bidra med nye ideer og bedre l\u00f8sninger for kommune\u00f8konomien i Marker kommune<\/strong><\/p><p><strong>Snakk om menneskene <em>IKKE<\/em> pengene<\/strong><\/p><p>Vi skal ikke bruke penger vi ikke har<\/p><p>Vi \u00f8nsker ikke eiendomsskatt til drift av kommunen<\/p><p>Vi vil gjennomg\u00e5 kommunens organisering og revidere kommunens delegeringsreglement (fullmakter)<\/p><p>Vi vil ha fokus p\u00e5 godt lederskap, arbeidsmilj\u00f8 og trivsel for \u00e5 f\u00e5 ned sykefrav\u00e6ret<\/p><p>Vi vil vurdere private l\u00f8sninger<\/p><p><\/p><p><strong>Marker h\u00f8yre \u00f8nsker en ny sentrumsn\u00e6r barnehage for \u00e5 m\u00f8te fremtidens behov<\/strong><\/p><p><\/p><p><strong>Marker H\u00f8yre \u00f8nsker \u00e5 tilrettelegge for hytteutbygging p\u00e5 regulerte omr\u00e5der i kommunen<\/strong><\/p><p><em>Vi skal ta vel imot v\u00e5re hytteboere, men samtidig ha kontroll over utbyggingen<\/em><\/p><p><em><\/em><\/p><p><strong><em>Marker H\u00f8yre \u00f8nsker \u00e5 ivareta et levende og idyllisk sentrum, hvor turister vil stoppe og innbyggere vil samles<\/em><\/strong><\/p><p><em>Marker H\u00f8yre \u00f8nsker \u00e5 opprette et utvalg som kontinuerlig skal jobbe for \u00e5 ivareta og utvikle \u00d8rje sentrum<\/em><\/p><p><em>Marker H\u00f8yre \u00f8nsker en fremtidsrettet sentrumsplan som samtidig bevarer historiske verdier<\/em><\/p><p><em><\/em><\/p><p><em><\/em><\/p><p><em><\/em><\/p><p><\/p><\/div>\n<div class=\"tags\">\n\t<\/div>\n<div class=\"post-footer alignfull has-background block-editor-block-list__block\" data-align=full>\n\t<div class=\"post-footer-inner\">\n\t\t<h3>Relaterte artikler<\/h3>\n\t\t<div class=\"related-content\"><div class=\"is-card-hoyre\">\n\t<div class=\"teft-card hoyre-teft-card post-teft-card\">\n\t\t<a href=\"https:\/\/hoyre.no\/marker\/aktuelt\/hvorfor-far-jeg-ikke-vaere-med-bussen\/\" class=\"teft-card__primary-action\">\n\n\t\t\t<div class=\"teft-card__media teft-card__media--16-9 no-image\"><\/div>\n\t\t\t<div class=\"teft-card__content-wrapper\">\n\t\t\t\t<div class=\"teft-card__secondary\">\n\t\t\t\t\t\n\t\t\t\t\t\t\t\t<div class=\"teft-card__meta\">\n\t\t\t\t\t\t\t\t\t<span class=\"post-date\">28. nov 2022<\/span>\n\n\t\t\t\t\t\t\t\t\t<span class=\"post-category\">Ukategorisert<\/span>\t\t\t\t\t\t\t\t<\/div>\n\t\t\t\t\t\t\t\t\t\t\t<\/div>\n\n\t\t\t\t<div class=\"teft-card__primary\">\n\t\t\t\t\t<h2 class=\"teft-card__title\">Hvorfor f\u00e5r jeg ikke v\u00e6re med bussen?&nbsp;<span class=\"teft-card__primary-title-append\"><\/span><\/h2>\t\t\t\t<\/div>\n\t\t\t<\/div>\n\t\t<\/a>\n\t<\/div>\n\n\t<\/div><div class=\"is-card-hoyre\">\n\t<div class=\"teft-card hoyre-teft-card post-teft-card\">\n\t\t<a href=\"https:\/\/hoyre.no\/marker\/aktuelt\/politikk_og_sp_spesielt\/\" class=\"teft-card__primary-action\">\n\n\t\t\t<div class=\"teft-card__media teft-card__media--16-9 no-image\"><\/div>\n\t\t\t<div class=\"teft-card__content-wrapper\">\n\t\t\t\t<div class=\"teft-card__secondary\">\n\t\t\t\t\t\n\t\t\t\t\t\t\t\t<div class=\"teft-card__meta\">\n\t\t\t\t\t\t\t\t\t<span class=\"post-date\">18. jun 2019<\/span>\n\n\t\t\t\t\t\t\t\t\t\t\t\t\t\t\t\t\t<\/div>\n\t\t\t\t\t\t\t\t\t\t\t<\/div>\n\n\t\t\t\t<div class=\"teft-card__primary\">\n\t\t\t\t\t<h2 class=\"teft-card__title\">Politikk og SP spesielt&nbsp;<span class=\"teft-card__primary-title-append\"><\/span><\/h2>\t\t\t\t<\/div>\n\t\t\t<\/div>\n\t\t<\/a>\n\t<\/div>\n\n\t<\/div><div class=\"is-card-hoyre\">\n\t<div class=\"teft-card hoyre-teft-card post-teft-card\">\n\t\t<a href=\"https:\/\/hoyre.no\/marker\/aktuelt\/innkjopsreglementet_i_marker_kommune\/\" class=\"teft-card__primary-action\">\n\n\t\t\t\t\t<div class=\"teft-card__media teft-card__media--16-9\">\n\t\t\t\t\t\t<img loading=\"lazy\" decoding=\"async\" width=\"768\" height=\"429\" src=\"https:\/\/hoyre.no\/content\/uploads\/sites\/177\/2020\/11\/kommunevapen-768x429.png\" class=\"attachment-medium_large size-medium_large\" alt=\"\" srcset=\"https:\/\/hoyre.no\/content\/uploads\/sites\/177\/2020\/11\/kommunevapen-768x429.png 768w, https:\/\/hoyre.no\/content\/uploads\/sites\/177\/2020\/11\/kommunevapen-300x167.png 300w, https:\/\/hoyre.no\/content\/uploads\/sites\/177\/2020\/11\/kommunevapen.png 860w\" sizes=\"auto, (max-width: 768px) 100vw, 768px\" \/>\t\t<\/div>\n\t\t\n\t\t\t<div class=\"teft-card__content-wrapper\">\n\t\t\t\t<div class=\"teft-card__secondary\">\n\t\t\t\t\t\n\t\t\t\t\t\t\t\t<div class=\"teft-card__meta\">\n\t\t\t\t\t\t\t\t\t<span class=\"post-date\">17. sep 2018<\/span>\n\n\t\t\t\t\t\t\t\t\t\t\t\t\t\t\t\t\t<\/div>\n\t\t\t\t\t\t\t\t\t\t\t<\/div>\n\n\t\t\t\t<div class=\"teft-card__primary\">\n\t\t\t\t\t<h2 class=\"teft-card__title\">Innkj\u00f8psreglementet i Marker kommune&nbsp;<span class=\"teft-card__primary-title-append\"><\/span><\/h2>\t\t\t\t<\/div>\n\t\t\t<\/div>\n\t\t<\/a>\n\t<\/div>\n\n\t<\/div><\/div>\t<\/div>\n<\/div>\n","protected":false},"excerpt":{"rendered":"","protected":false},"author":0,"featured_media":0,"comment_status":"closed","ping_status":"closed","sticky":false,"template":"","format":"standard","meta":{"teft_cards_image_url":"","teft_cards_custom_pretitle":"","teft_cards_image_id":0,"teft_cards_image_focal_point_x":0,"teft_cards_image_focal_point_y":0,"teft_cards_title":"","teft_cards_excerpt":"","teft_show_chapters":false,"author_display_name":"Kristian H. Fog","footnotes":""},"category":[1],"post_tag":[],"hoyre-visibility":[],"article-type":[],"politician":[],"class_list":["post-25","post","type-post","status-publish","format-standard","hentry","category-ukategorisert"],"yoast_head":"<!-- This site is optimized with the Yoast SEO plugin v26.6 - https:\/\/yoast.com\/wordpress\/plugins\/seo\/ -->\n<title>Program 2015-2019 -Marker H\u00f8yre - Marker H\u00f8yre<\/title>\n<meta name=\"robots\" content=\"index, follow, max-snippet:-1, max-image-preview:large, max-video-preview:-1\" \/>\n<link rel=\"canonical\" href=\"https:\/\/hoyre.no\/marker\/aktuelt\/program-2015-2019-ma\/\" \/>\n<meta property=\"og:locale\" content=\"nb_NO\" \/>\n<meta property=\"og:type\" content=\"article\" \/>\n<meta property=\"og:title\" content=\"Program 2015-2019 -Marker H\u00f8yre - Marker H\u00f8yre\" \/>\n<meta property=\"og:url\" content=\"https:\/\/hoyre.no\/marker\/aktuelt\/program-2015-2019-ma\/\" \/>\n<meta property=\"og:site_name\" content=\"Marker H\u00f8yre\" \/>\n<meta property=\"article:published_time\" content=\"2015-03-27T22:00:00+00:00\" \/>\n<meta property=\"og:image\" content=\"https:\/\/hoyre.no\/content\/uploads\/sites\/177\/2020\/11\/kommunevapen.png\" \/>\n<meta name=\"twitter:card\" content=\"summary_large_image\" \/>\n<meta name=\"twitter:label1\" content=\"Ansl. lesetid\" \/>\n\t<meta name=\"twitter:data1\" content=\"1 minutt\" \/>\n<script type=\"application\/ld+json\" class=\"yoast-schema-graph\">{\"@context\":\"https:\/\/schema.org\",\"@graph\":[{\"@type\":\"NewsArticle\",\"@id\":\"https:\/\/hoyre.no\/marker\/aktuelt\/program-2015-2019-ma\/\",\"url\":\"https:\/\/hoyre.no\/marker\/aktuelt\/program-2015-2019-ma\/\",\"name\":\"Program 2015-2019 -Marker H\u00f8yre - Marker H\u00f8yre\",\"isPartOf\":{\"@id\":\"https:\/\/hoyre.no\/marker\/#website\"},\"datePublished\":\"2015-03-27T22:00:00+00:00\",\"author\":{\"@id\":\"\"},\"breadcrumb\":{\"@id\":\"https:\/\/hoyre.no\/marker\/aktuelt\/program-2015-2019-ma\/#breadcrumb\"},\"inLanguage\":\"nb-NO\",\"potentialAction\":[{\"@type\":\"ReadAction\",\"target\":[\"https:\/\/hoyre.no\/marker\/aktuelt\/program-2015-2019-ma\/\"]}]},{\"@type\":\"BreadcrumbList\",\"@id\":\"https:\/\/hoyre.no\/marker\/aktuelt\/program-2015-2019-ma\/#breadcrumb\",\"itemListElement\":[{\"@type\":\"ListItem\",\"position\":1,\"name\":\"Til hoyre.no\",\"item\":\"https:\/\/hoyre.no\"},{\"@type\":\"ListItem\",\"position\":2,\"name\":\"Hjem\",\"item\":\"https:\/\/hoyre.no\/marker\/\"},{\"@type\":\"ListItem\",\"position\":3,\"name\":\"Program 2015-2019 -Marker H\u00f8yre\"}]},{\"@type\":\"WebSite\",\"@id\":\"https:\/\/hoyre.no\/marker\/#website\",\"url\":\"https:\/\/hoyre.no\/marker\/\",\"name\":\"Marker H\u00f8yre\",\"description\":\"Bare enda et H\u00f8yres nettsteder-nettsted\",\"inLanguage\":\"nb-NO\"}]}<\/script>\n<!-- \/ Yoast SEO plugin. -->","yoast_head_json":{"title":"Program 2015-2019 -Marker H\u00f8yre - Marker H\u00f8yre","robots":{"index":"index","follow":"follow","max-snippet":"max-snippet:-1","max-image-preview":"max-image-preview:large","max-video-preview":"max-video-preview:-1"},"canonical":"https:\/\/hoyre.no\/marker\/aktuelt\/program-2015-2019-ma\/","og_locale":"nb_NO","og_type":"article","og_title":"Program 2015-2019 -Marker H\u00f8yre - Marker H\u00f8yre","og_url":"https:\/\/hoyre.no\/marker\/aktuelt\/program-2015-2019-ma\/","og_site_name":"Marker H\u00f8yre","article_published_time":"2015-03-27T22:00:00+00:00","og_image":[{"url":"https:\/\/hoyre.no\/content\/uploads\/sites\/177\/2020\/11\/kommunevapen.png","width":"","height":"","type":""}],"twitter_card":"summary_large_image","twitter_misc":{"Ansl. lesetid":"1 minutt"},"schema":{"@context":"https:\/\/schema.org","@graph":[{"@type":"NewsArticle","@id":"https:\/\/hoyre.no\/marker\/aktuelt\/program-2015-2019-ma\/","url":"https:\/\/hoyre.no\/marker\/aktuelt\/program-2015-2019-ma\/","name":"Program 2015-2019 -Marker H\u00f8yre - Marker H\u00f8yre","isPartOf":{"@id":"https:\/\/hoyre.no\/marker\/#website"},"datePublished":"2015-03-27T22:00:00+00:00","author":{"@id":""},"breadcrumb":{"@id":"https:\/\/hoyre.no\/marker\/aktuelt\/program-2015-2019-ma\/#breadcrumb"},"inLanguage":"nb-NO","potentialAction":[{"@type":"ReadAction","target":["https:\/\/hoyre.no\/marker\/aktuelt\/program-2015-2019-ma\/"]}]},{"@type":"BreadcrumbList","@id":"https:\/\/hoyre.no\/marker\/aktuelt\/program-2015-2019-ma\/#breadcrumb","itemListElement":[{"@type":"ListItem","position":1,"name":"Til hoyre.no","item":"https:\/\/hoyre.no"},{"@type":"ListItem","position":2,"name":"Hjem","item":"https:\/\/hoyre.no\/marker\/"},{"@type":"ListItem","position":3,"name":"Program 2015-2019 -Marker H\u00f8yre"}]},{"@type":"WebSite","@id":"https:\/\/hoyre.no\/marker\/#website","url":"https:\/\/hoyre.no\/marker\/","name":"Marker H\u00f8yre","description":"Bare enda et H\u00f8yres nettsteder-nettsted","inLanguage":"nb-NO"}]}},"distributor_meta":false,"distributor_terms":false,"distributor_media":false,"distributor_original_site_name":"Marker H\u00f8yre","distributor_original_site_url":"https:\/\/hoyre.no\/marker","push-errors":false,"_links":{"self":[{"href":"https:\/\/hoyre.no\/marker\/wp-json\/wp\/v2\/posts\/25","targetHints":{"allow":["GET"]}}],"collection":[{"href":"https:\/\/hoyre.no\/marker\/wp-json\/wp\/v2\/posts"}],"about":[{"href":"https:\/\/hoyre.no\/marker\/wp-json\/wp\/v2\/types\/post"}],"replies":[{"embeddable":true,"href":"https:\/\/hoyre.no\/marker\/wp-json\/wp\/v2\/comments?post=25"}],"version-history":[{"count":0,"href":"https:\/\/hoyre.no\/marker\/wp-json\/wp\/v2\/posts\/25\/revisions"}],"wp:attachment":[{"href":"https:\/\/hoyre.no\/marker\/wp-json\/wp\/v2\/media?parent=25"}],"wp:term":[{"taxonomy":"category","embeddable":true,"href":"https:\/\/hoyre.no\/marker\/wp-json\/wp\/v2\/category?post=25"},{"taxonomy":"post_tag","embeddable":true,"href":"https:\/\/hoyre.no\/marker\/wp-json\/wp\/v2\/post_tag?post=25"},{"taxonomy":"hoyre-visibility","embeddable":true,"href":"https:\/\/hoyre.no\/marker\/wp-json\/wp\/v2\/hoyre-visibility?post=25"},{"taxonomy":"article-type","embeddable":true,"href":"https:\/\/hoyre.no\/marker\/wp-json\/wp\/v2\/article-type?post=25"},{"taxonomy":"politician","embeddable":true,"href":"https:\/\/hoyre.no\/marker\/wp-json\/wp\/v2\/politician?post=25"}],"curies":[{"name":"wp","href":"https:\/\/api.w.org\/{rel}","templated":true}]}}