{"id":29,"date":"2015-08-29T09:05:54","date_gmt":"2015-08-29T07:05:54","guid":{"rendered":"https:\/\/hoyre.no\/marker\/aktuelt\/ungdom\/"},"modified":"2015-08-29T09:05:54","modified_gmt":"2015-08-29T07:05:54","slug":"ungdom","status":"publish","type":"post","link":"https:\/\/hoyre.no\/marker\/aktuelt\/ungdom\/","title":{"rendered":"Sats p\u00e5 de unge!"},"content":{"rendered":"<p class=\"preamble\">Marker kan v\u00e6re stolte av UKH (Ungdommens Kultur Hus). Til tross for sine ca. 3500 innbyggere er vi i Eliteserien n\u00e5r det gjelder ungdomsarbeid. Vi n\u00f8ler ikke med \u00e5 gi honn\u00f8r for det arbeidet som kommunen og de ansatte p\u00e5 UKH har lagt ned.<\/p>\t\t\t<div class=\"post-meta wp-block teft-byline-wrapper\">\n\t\t\t\t<div class=\"top\">\n\t\t\t\t\t<div class=\"signature\">\n\t\t\t\t\t\t<div class=\"teft-byline\">\n\t\t\t\t\t\t\t\t\t\t\t\t\t\t<div>\n\t\t\t\t\t\t\t\t<h3>H\u00f8yres redaksjon<\/h3>\t\t\t\t\t\t\t\t\n\t\t\t\t\t\t\t\t\t\t\t\t\t\t\t\t\t<span class=\"date\">Sist oppdatert: 29. august 2015<\/span>\n\t\t\t\t\t\t\t\t\t\t\t\t\t\t\t\t\t\t\t\t\t\t\t\t\t<span class=\"reading-time\" itemprop=\"timeRequired\" content=\"PT1M\"><em>Ca. 1 minutter lesetid<\/em><\/span>\n\t\t\t\t\t\t\t\t\t\t\t\t\t\t\t<\/div>\n\t\t\t\t\t\t<\/div>\n\t\t\t\t\t<\/div>\n\t\t\t\t\t\t<div class=\"sharing\">\n\t\t<a class=\"share-button share-link copy-link\" data-copy=\"https:\/\/hoyre.no\/marker\/aktuelt\/ungdom\/\" target=\"_blank\"><span class=\"screen-reader-text\">Del link<\/span><\/a>\n\t\t<a class=\"share-button share-twitter\" href=\"http:\/\/twitter.com\/share?text=Sats p\u00e5 de unge!&#038;url=https:\/\/hoyre.no\/marker\/aktuelt\/ungdom\/&#038;hashtags=Hoyre\" target=\"_blank\"><span class=\"screen-reader-text\">Del p\u00e5 twitter<\/span><\/a>\n\t\t<a class=\"share-button share-facebook\" href=\"https:\/\/www.facebook.com\/sharer\/sharer.php?u=https:\/\/hoyre.no\/marker\/aktuelt\/ungdom\/\" target=\"_blank\"><span class=\"screen-reader-text\">Del p\u00e5 facebook<\/span><\/a>\n\t<\/div>\n\t\t\t\t\t<\/div>\n\t\t\t<\/div>\n\n\t\t\t<figure class=\"hoyre-image-wrapper\"><div class=\"hoyre-image\"><img loading=\"lazy\" decoding=\"async\" width=\"400\" height=\"300\" src=\"https:\/\/hoyre.no\/content\/uploads\/sites\/177\/2020\/11\/ukh-400x300-1.png\" class=\"attachment-scaled size-scaled\" alt=\"\" style=\"object-position: 50% 50%\" srcset=\"https:\/\/hoyre.no\/content\/uploads\/sites\/177\/2020\/11\/ukh-400x300-1.png 400w, https:\/\/hoyre.no\/content\/uploads\/sites\/177\/2020\/11\/ukh-400x300-1-300x225.png 300w\" sizes=\"auto, (max-width: 400px) 100vw, 400px\" \/><\/div><\/figure><div id=\"hoyre-old-article-content-wrapper\"><h3>Marker H\u00f8yre \u00f8nsker \u00e5 beholde UKH som i dag. Vi \u00f8nsker ikke nedskj\u00e6ringer. Ungdommen er v\u00e5r og landets framtid. Vi \u00f8nsker \u00e5 ta godt vare p\u00e5 ungdommen og alle de positive ringvirkningene UKH bidrar til. Vi \u00f8nsker \u00e5 skape sunne ungdommer som vil vende tilbake til kommunen, som ga dem gode oppvekstforhold, n\u00e5r de skal etablere seg etter endt utdannelse.<\/h3><p>Klarer vi \u00e5 hindre en ungdom fra drop out er kostnadene til UKH vel anvendte penger. Vi mener det derfor er feil med reduksjoner\/nedskj\u00e6ringer. Men vi vil, dersom vi kommer i posisjon, se p\u00e5 kostnader og disponering av penger for \u00e5 se p\u00e5 disponeringer og muligheten for \u00e5 f\u00e5 mer for pengene. Men \u00e5 redusere sier vi nei til.<\/p><p>UKH favner ikke alle ungdommene i kommunen. Mange er tilsluttet lag og foreninger. Marker H\u00f8yre \u00f8nsker et aktivt og blomstrende liv for alle kulturaktivitetene og ser positivt p\u00e5 alt initiativ. Dette \u00f8nsker vi \u00e5 st\u00f8tte. Marker trenger et retningsskifte. Stem H\u00f8yre!<\/p><p><br><\/p><\/div>\n<div class=\"tags\">\n\t<\/div>\n<div class=\"post-footer alignfull has-background block-editor-block-list__block\" data-align=full>\n\t<div class=\"post-footer-inner\">\n\t\t<h3>Relaterte artikler<\/h3>\n\t\t<div class=\"related-content\"><div class=\"is-card-hoyre\">\n\t<div class=\"teft-card hoyre-teft-card post-teft-card\">\n\t\t<a href=\"https:\/\/hoyre.no\/marker\/aktuelt\/hvorfor-far-jeg-ikke-vaere-med-bussen\/\" class=\"teft-card__primary-action\">\n\n\t\t\t<div class=\"teft-card__media teft-card__media--16-9 no-image\"><\/div>\n\t\t\t<div class=\"teft-card__content-wrapper\">\n\t\t\t\t<div class=\"teft-card__secondary\">\n\t\t\t\t\t\n\t\t\t\t\t\t\t\t<div class=\"teft-card__meta\">\n\t\t\t\t\t\t\t\t\t<span class=\"post-date\">28. nov 2022<\/span>\n\n\t\t\t\t\t\t\t\t\t<span class=\"post-category\">Ukategorisert<\/span>\t\t\t\t\t\t\t\t<\/div>\n\t\t\t\t\t\t\t\t\t\t\t<\/div>\n\n\t\t\t\t<div class=\"teft-card__primary\">\n\t\t\t\t\t<h2 class=\"teft-card__title\">Hvorfor f\u00e5r jeg ikke v\u00e6re med bussen?&nbsp;<span class=\"teft-card__primary-title-append\"><\/span><\/h2>\t\t\t\t<\/div>\n\t\t\t<\/div>\n\t\t<\/a>\n\t<\/div>\n\n\t<\/div><div class=\"is-card-hoyre\">\n\t<div class=\"teft-card hoyre-teft-card post-teft-card\">\n\t\t<a href=\"https:\/\/hoyre.no\/marker\/aktuelt\/politikk_og_sp_spesielt\/\" class=\"teft-card__primary-action\">\n\n\t\t\t<div class=\"teft-card__media teft-card__media--16-9 no-image\"><\/div>\n\t\t\t<div class=\"teft-card__content-wrapper\">\n\t\t\t\t<div class=\"teft-card__secondary\">\n\t\t\t\t\t\n\t\t\t\t\t\t\t\t<div class=\"teft-card__meta\">\n\t\t\t\t\t\t\t\t\t<span class=\"post-date\">18. jun 2019<\/span>\n\n\t\t\t\t\t\t\t\t\t\t\t\t\t\t\t\t\t<\/div>\n\t\t\t\t\t\t\t\t\t\t\t<\/div>\n\n\t\t\t\t<div class=\"teft-card__primary\">\n\t\t\t\t\t<h2 class=\"teft-card__title\">Politikk og SP spesielt&nbsp;<span class=\"teft-card__primary-title-append\"><\/span><\/h2>\t\t\t\t<\/div>\n\t\t\t<\/div>\n\t\t<\/a>\n\t<\/div>\n\n\t<\/div><div class=\"is-card-hoyre\">\n\t<div class=\"teft-card hoyre-teft-card post-teft-card\">\n\t\t<a href=\"https:\/\/hoyre.no\/marker\/aktuelt\/innkjopsreglementet_i_marker_kommune\/\" class=\"teft-card__primary-action\">\n\n\t\t\t\t\t<div class=\"teft-card__media teft-card__media--16-9\">\n\t\t\t\t\t\t<img loading=\"lazy\" decoding=\"async\" width=\"768\" height=\"429\" src=\"https:\/\/hoyre.no\/content\/uploads\/sites\/177\/2020\/11\/kommunevapen-768x429.png\" class=\"attachment-medium_large size-medium_large\" alt=\"\" srcset=\"https:\/\/hoyre.no\/content\/uploads\/sites\/177\/2020\/11\/kommunevapen-768x429.png 768w, https:\/\/hoyre.no\/content\/uploads\/sites\/177\/2020\/11\/kommunevapen-300x167.png 300w, https:\/\/hoyre.no\/content\/uploads\/sites\/177\/2020\/11\/kommunevapen.png 860w\" sizes=\"auto, (max-width: 768px) 100vw, 768px\" \/>\t\t<\/div>\n\t\t\n\t\t\t<div class=\"teft-card__content-wrapper\">\n\t\t\t\t<div class=\"teft-card__secondary\">\n\t\t\t\t\t\n\t\t\t\t\t\t\t\t<div class=\"teft-card__meta\">\n\t\t\t\t\t\t\t\t\t<span class=\"post-date\">17. sep 2018<\/span>\n\n\t\t\t\t\t\t\t\t\t\t\t\t\t\t\t\t\t<\/div>\n\t\t\t\t\t\t\t\t\t\t\t<\/div>\n\n\t\t\t\t<div class=\"teft-card__primary\">\n\t\t\t\t\t<h2 class=\"teft-card__title\">Innkj\u00f8psreglementet i Marker kommune&nbsp;<span class=\"teft-card__primary-title-append\"><\/span><\/h2>\t\t\t\t<\/div>\n\t\t\t<\/div>\n\t\t<\/a>\n\t<\/div>\n\n\t<\/div><\/div>\t<\/div>\n<\/div>\n","protected":false},"excerpt":{"rendered":"","protected":false},"author":0,"featured_media":0,"comment_status":"closed","ping_status":"closed","sticky":false,"template":"","format":"standard","meta":{"teft_cards_image_url":"https:\/\/hoyre.no\/content\/uploads\/sites\/177\/2020\/11\/ukh-400x300-1.png","teft_cards_custom_pretitle":"","teft_cards_image_id":28,"teft_cards_image_focal_point_x":0,"teft_cards_image_focal_point_y":0,"teft_cards_title":"","teft_cards_excerpt":"","teft_show_chapters":false,"author_display_name":"Tekst: Marker H\u00f8yre\u00a0 Bilde: mot.no","footnotes":""},"category":[1],"post_tag":[],"hoyre-visibility":[],"article-type":[],"politician":[],"class_list":["post-29","post","type-post","status-publish","format-standard","hentry","category-ukategorisert"],"yoast_head":"<!-- This site is optimized with the Yoast SEO plugin v26.6 - https:\/\/yoast.com\/wordpress\/plugins\/seo\/ -->\n<title>Sats p\u00e5 de unge! - Marker H\u00f8yre<\/title>\n<meta name=\"robots\" content=\"index, follow, max-snippet:-1, max-image-preview:large, max-video-preview:-1\" \/>\n<link rel=\"canonical\" href=\"https:\/\/hoyre.no\/marker\/aktuelt\/ungdom\/\" \/>\n<meta property=\"og:locale\" content=\"nb_NO\" \/>\n<meta property=\"og:type\" content=\"article\" \/>\n<meta property=\"og:title\" content=\"Sats p\u00e5 de unge! - Marker H\u00f8yre\" \/>\n<meta property=\"og:url\" content=\"https:\/\/hoyre.no\/marker\/aktuelt\/ungdom\/\" \/>\n<meta property=\"og:site_name\" content=\"Marker H\u00f8yre\" \/>\n<meta property=\"article:published_time\" content=\"2015-08-29T07:05:54+00:00\" \/>\n<meta property=\"og:image\" content=\"https:\/\/hoyre.no\/content\/uploads\/sites\/177\/2020\/11\/kommunevapen.png\" \/>\n<meta name=\"twitter:card\" content=\"summary_large_image\" \/>\n<meta name=\"twitter:label1\" content=\"Ansl. lesetid\" \/>\n\t<meta name=\"twitter:data1\" content=\"1 minutt\" \/>\n<script type=\"application\/ld+json\" class=\"yoast-schema-graph\">{\"@context\":\"https:\/\/schema.org\",\"@graph\":[{\"@type\":\"NewsArticle\",\"@id\":\"https:\/\/hoyre.no\/marker\/aktuelt\/ungdom\/\",\"url\":\"https:\/\/hoyre.no\/marker\/aktuelt\/ungdom\/\",\"name\":\"Sats p\u00e5 de unge! - Marker H\u00f8yre\",\"isPartOf\":{\"@id\":\"https:\/\/hoyre.no\/marker\/#website\"},\"datePublished\":\"2015-08-29T07:05:54+00:00\",\"author\":{\"@id\":\"\"},\"breadcrumb\":{\"@id\":\"https:\/\/hoyre.no\/marker\/aktuelt\/ungdom\/#breadcrumb\"},\"inLanguage\":\"nb-NO\",\"potentialAction\":[{\"@type\":\"ReadAction\",\"target\":[\"https:\/\/hoyre.no\/marker\/aktuelt\/ungdom\/\"]}]},{\"@type\":\"BreadcrumbList\",\"@id\":\"https:\/\/hoyre.no\/marker\/aktuelt\/ungdom\/#breadcrumb\",\"itemListElement\":[{\"@type\":\"ListItem\",\"position\":1,\"name\":\"Til hoyre.no\",\"item\":\"https:\/\/hoyre.no\"},{\"@type\":\"ListItem\",\"position\":2,\"name\":\"Hjem\",\"item\":\"https:\/\/hoyre.no\/marker\/\"},{\"@type\":\"ListItem\",\"position\":3,\"name\":\"Sats p\u00e5 de unge!\"}]},{\"@type\":\"WebSite\",\"@id\":\"https:\/\/hoyre.no\/marker\/#website\",\"url\":\"https:\/\/hoyre.no\/marker\/\",\"name\":\"Marker H\u00f8yre\",\"description\":\"Bare enda et H\u00f8yres nettsteder-nettsted\",\"inLanguage\":\"nb-NO\"}]}<\/script>\n<!-- \/ Yoast SEO plugin. -->","yoast_head_json":{"title":"Sats p\u00e5 de unge! - Marker H\u00f8yre","robots":{"index":"index","follow":"follow","max-snippet":"max-snippet:-1","max-image-preview":"max-image-preview:large","max-video-preview":"max-video-preview:-1"},"canonical":"https:\/\/hoyre.no\/marker\/aktuelt\/ungdom\/","og_locale":"nb_NO","og_type":"article","og_title":"Sats p\u00e5 de unge! - Marker H\u00f8yre","og_url":"https:\/\/hoyre.no\/marker\/aktuelt\/ungdom\/","og_site_name":"Marker H\u00f8yre","article_published_time":"2015-08-29T07:05:54+00:00","og_image":[{"url":"https:\/\/hoyre.no\/content\/uploads\/sites\/177\/2020\/11\/kommunevapen.png","width":"","height":"","type":""}],"twitter_card":"summary_large_image","twitter_misc":{"Ansl. lesetid":"1 minutt"},"schema":{"@context":"https:\/\/schema.org","@graph":[{"@type":"NewsArticle","@id":"https:\/\/hoyre.no\/marker\/aktuelt\/ungdom\/","url":"https:\/\/hoyre.no\/marker\/aktuelt\/ungdom\/","name":"Sats p\u00e5 de unge! - Marker H\u00f8yre","isPartOf":{"@id":"https:\/\/hoyre.no\/marker\/#website"},"datePublished":"2015-08-29T07:05:54+00:00","author":{"@id":""},"breadcrumb":{"@id":"https:\/\/hoyre.no\/marker\/aktuelt\/ungdom\/#breadcrumb"},"inLanguage":"nb-NO","potentialAction":[{"@type":"ReadAction","target":["https:\/\/hoyre.no\/marker\/aktuelt\/ungdom\/"]}]},{"@type":"BreadcrumbList","@id":"https:\/\/hoyre.no\/marker\/aktuelt\/ungdom\/#breadcrumb","itemListElement":[{"@type":"ListItem","position":1,"name":"Til hoyre.no","item":"https:\/\/hoyre.no"},{"@type":"ListItem","position":2,"name":"Hjem","item":"https:\/\/hoyre.no\/marker\/"},{"@type":"ListItem","position":3,"name":"Sats p\u00e5 de unge!"}]},{"@type":"WebSite","@id":"https:\/\/hoyre.no\/marker\/#website","url":"https:\/\/hoyre.no\/marker\/","name":"Marker H\u00f8yre","description":"Bare enda et H\u00f8yres nettsteder-nettsted","inLanguage":"nb-NO"}]}},"distributor_meta":false,"distributor_terms":false,"distributor_media":false,"distributor_original_site_name":"Marker H\u00f8yre","distributor_original_site_url":"https:\/\/hoyre.no\/marker","push-errors":false,"_links":{"self":[{"href":"https:\/\/hoyre.no\/marker\/wp-json\/wp\/v2\/posts\/29","targetHints":{"allow":["GET"]}}],"collection":[{"href":"https:\/\/hoyre.no\/marker\/wp-json\/wp\/v2\/posts"}],"about":[{"href":"https:\/\/hoyre.no\/marker\/wp-json\/wp\/v2\/types\/post"}],"replies":[{"embeddable":true,"href":"https:\/\/hoyre.no\/marker\/wp-json\/wp\/v2\/comments?post=29"}],"version-history":[{"count":0,"href":"https:\/\/hoyre.no\/marker\/wp-json\/wp\/v2\/posts\/29\/revisions"}],"wp:attachment":[{"href":"https:\/\/hoyre.no\/marker\/wp-json\/wp\/v2\/media?parent=29"}],"wp:term":[{"taxonomy":"category","embeddable":true,"href":"https:\/\/hoyre.no\/marker\/wp-json\/wp\/v2\/category?post=29"},{"taxonomy":"post_tag","embeddable":true,"href":"https:\/\/hoyre.no\/marker\/wp-json\/wp\/v2\/post_tag?post=29"},{"taxonomy":"hoyre-visibility","embeddable":true,"href":"https:\/\/hoyre.no\/marker\/wp-json\/wp\/v2\/hoyre-visibility?post=29"},{"taxonomy":"article-type","embeddable":true,"href":"https:\/\/hoyre.no\/marker\/wp-json\/wp\/v2\/article-type?post=29"},{"taxonomy":"politician","embeddable":true,"href":"https:\/\/hoyre.no\/marker\/wp-json\/wp\/v2\/politician?post=29"}],"curies":[{"name":"wp","href":"https:\/\/api.w.org\/{rel}","templated":true}]}}