{"id":31,"date":"2016-05-04T18:36:06","date_gmt":"2016-05-04T16:36:06","guid":{"rendered":"https:\/\/hoyre.no\/marker\/aktuelt\/vanskelige-venstre\/"},"modified":"2016-05-04T18:36:06","modified_gmt":"2016-05-04T16:36:06","slug":"vanskelige-venstre","status":"publish","type":"post","link":"https:\/\/hoyre.no\/marker\/aktuelt\/vanskelige-venstre\/","title":{"rendered":"Vanskelige venstre"},"content":{"rendered":"<p class=\"preamble\">Tre vanskelige temaer preger kommunepolitikken i Marker i denne periode: Kommunesammensl\u00e5ing, vindm\u00f8ller og Marker Venstre. De to f\u00f8rstnevnte saker karakteriseres av divergerende synspunkter og respektfull opptreden. I forholdet til Marker Venstre er det h\u00f8y grad av enighet blant \u00f8vrige partier om at aktsomhet er n\u00f8dvendig. Vi er vant med at v\u00e5re politikere har ulike synspunkter \u2013 ja, til tider sv\u00e6rt ulike \u2013 men vi er innforst\u00e5tt med at hver og \u00e9n argumenterer for sitt syn ut fra hva man mener er best for innbyggerne v\u00e5re.<\/p>\t\t\t<div class=\"post-meta wp-block teft-byline-wrapper\">\n\t\t\t\t<div class=\"top\">\n\t\t\t\t\t<div class=\"signature\">\n\t\t\t\t\t\t<div class=\"teft-byline\">\n\t\t\t\t\t\t\t\t\t\t\t\t\t\t<div>\n\t\t\t\t\t\t\t\t<h3>H\u00f8yres redaksjon<\/h3>\t\t\t\t\t\t\t\t\n\t\t\t\t\t\t\t\t\t\t\t\t\t\t\t\t\t<span class=\"date\">Sist oppdatert: 4. mai 2016<\/span>\n\t\t\t\t\t\t\t\t\t\t\t\t\t\t\t\t\t\t\t\t\t\t\t\t\t<span class=\"reading-time\" itemprop=\"timeRequired\" content=\"PT2M\"><em>Ca. 2 minutter lesetid<\/em><\/span>\n\t\t\t\t\t\t\t\t\t\t\t\t\t\t\t<\/div>\n\t\t\t\t\t\t<\/div>\n\t\t\t\t\t<\/div>\n\t\t\t\t\t\t<div class=\"sharing\">\n\t\t<a class=\"share-button share-link copy-link\" data-copy=\"https:\/\/hoyre.no\/marker\/aktuelt\/vanskelige-venstre\/\" target=\"_blank\"><span class=\"screen-reader-text\">Del link<\/span><\/a>\n\t\t<a class=\"share-button share-twitter\" href=\"http:\/\/twitter.com\/share?text=Vanskelige venstre&#038;url=https:\/\/hoyre.no\/marker\/aktuelt\/vanskelige-venstre\/&#038;hashtags=Hoyre\" target=\"_blank\"><span class=\"screen-reader-text\">Del p\u00e5 twitter<\/span><\/a>\n\t\t<a class=\"share-button share-facebook\" href=\"https:\/\/www.facebook.com\/sharer\/sharer.php?u=https:\/\/hoyre.no\/marker\/aktuelt\/vanskelige-venstre\/\" target=\"_blank\"><span class=\"screen-reader-text\">Del p\u00e5 facebook<\/span><\/a>\n\t<\/div>\n\t\t\t\t\t<\/div>\n\t\t\t<\/div>\n\n\t\t\t<figure class=\"hoyre-image-wrapper\"><div class=\"hoyre-image\"><img loading=\"lazy\" decoding=\"async\" width=\"625\" height=\"517\" src=\"https:\/\/hoyre.no\/content\/uploads\/sites\/177\/2020\/11\/markerbedre-400x300-1.jpg\" class=\"attachment-scaled size-scaled\" alt=\"\" style=\"object-position: 50% 50%\" srcset=\"https:\/\/hoyre.no\/content\/uploads\/sites\/177\/2020\/11\/markerbedre-400x300-1.jpg 625w, https:\/\/hoyre.no\/content\/uploads\/sites\/177\/2020\/11\/markerbedre-400x300-1-300x248.jpg 300w\" sizes=\"auto, (max-width: 625px) 100vw, 625px\" \/><\/div><\/figure><div id=\"hoyre-old-article-content-wrapper\"><p>N\u00e5 opplever vi at Venstre arbeider med metoder, som etter v\u00e5re vurderinger iblant er p\u00e5 kanten av redelighet, uten at vi kan skimte noe annet form\u00e5l enn \u00e5 skape uro og splittelse. Visst kan det v\u00e6re sunt at noen rusker litt opp i inngrodde vaner, men det b\u00f8r skje med respekt for demokratiske regler. Vi tror ikke at noen av oss er ufeilbarlige. Derfor samarbeider vi om det vi kan bli enige om, og s\u00f8ker \u00e5 v\u00e6re konstruktive n\u00e5r vi er uenige.<\/p><p>Vi vet at tillit er noe man m\u00e5 gj\u00f8re seg fortjent til. Vi h\u00e5per Marker Venstre vil l\u00e6re seg politikkens etiske spilleregler og fortsette arbeidet for sine hjertesaker p\u00e5 en ordentlig m\u00e5te. Bare slik kan Venstre klare \u00e5 bygge opp tillit og respekt og bidra til \u00e5 skape gode forhold for kommunens innbyggere. Hvor var Venstre da vi behandlet kommunebudsjettet i h\u00f8st?<\/p><p>I saken om lovlighetsklage, hvor Venstre senest har markert seg, er ingen av oss enige i Venstres gjengivelse av sakens innhold eller sakens behandling. Vi mener ogs\u00e5 det er urimelig \u00e5 dra kommunens ansatte inn i det politiske spillet. Vi kommenterer ikke saken ytterligere s\u00e5 lenge den ligger til avgj\u00f8relse hos Fylkesmannen.<\/p><p><br><\/p><p><br><\/p><\/div>\n<div class=\"tags\">\n\t<\/div>\n<div class=\"post-footer alignfull has-background block-editor-block-list__block\" data-align=full>\n\t<div class=\"post-footer-inner\">\n\t\t<h3>Relaterte artikler<\/h3>\n\t\t<div class=\"related-content\"><div class=\"is-card-hoyre\">\n\t<div class=\"teft-card hoyre-teft-card post-teft-card\">\n\t\t<a href=\"https:\/\/hoyre.no\/marker\/aktuelt\/hvorfor-far-jeg-ikke-vaere-med-bussen\/\" class=\"teft-card__primary-action\">\n\n\t\t\t<div class=\"teft-card__media teft-card__media--16-9 no-image\"><\/div>\n\t\t\t<div class=\"teft-card__content-wrapper\">\n\t\t\t\t<div class=\"teft-card__secondary\">\n\t\t\t\t\t\n\t\t\t\t\t\t\t\t<div class=\"teft-card__meta\">\n\t\t\t\t\t\t\t\t\t<span class=\"post-date\">28. nov 2022<\/span>\n\n\t\t\t\t\t\t\t\t\t<span class=\"post-category\">Ukategorisert<\/span>\t\t\t\t\t\t\t\t<\/div>\n\t\t\t\t\t\t\t\t\t\t\t<\/div>\n\n\t\t\t\t<div class=\"teft-card__primary\">\n\t\t\t\t\t<h2 class=\"teft-card__title\">Hvorfor f\u00e5r jeg ikke v\u00e6re med bussen?&nbsp;<span class=\"teft-card__primary-title-append\"><\/span><\/h2>\t\t\t\t<\/div>\n\t\t\t<\/div>\n\t\t<\/a>\n\t<\/div>\n\n\t<\/div><div class=\"is-card-hoyre\">\n\t<div class=\"teft-card hoyre-teft-card post-teft-card\">\n\t\t<a href=\"https:\/\/hoyre.no\/marker\/aktuelt\/politikk_og_sp_spesielt\/\" class=\"teft-card__primary-action\">\n\n\t\t\t<div class=\"teft-card__media teft-card__media--16-9 no-image\"><\/div>\n\t\t\t<div class=\"teft-card__content-wrapper\">\n\t\t\t\t<div class=\"teft-card__secondary\">\n\t\t\t\t\t\n\t\t\t\t\t\t\t\t<div class=\"teft-card__meta\">\n\t\t\t\t\t\t\t\t\t<span class=\"post-date\">18. jun 2019<\/span>\n\n\t\t\t\t\t\t\t\t\t\t\t\t\t\t\t\t\t<\/div>\n\t\t\t\t\t\t\t\t\t\t\t<\/div>\n\n\t\t\t\t<div class=\"teft-card__primary\">\n\t\t\t\t\t<h2 class=\"teft-card__title\">Politikk og SP spesielt&nbsp;<span class=\"teft-card__primary-title-append\"><\/span><\/h2>\t\t\t\t<\/div>\n\t\t\t<\/div>\n\t\t<\/a>\n\t<\/div>\n\n\t<\/div><div class=\"is-card-hoyre\">\n\t<div class=\"teft-card hoyre-teft-card post-teft-card\">\n\t\t<a href=\"https:\/\/hoyre.no\/marker\/aktuelt\/innkjopsreglementet_i_marker_kommune\/\" class=\"teft-card__primary-action\">\n\n\t\t\t\t\t<div class=\"teft-card__media teft-card__media--16-9\">\n\t\t\t\t\t\t<img loading=\"lazy\" decoding=\"async\" width=\"768\" height=\"429\" src=\"https:\/\/hoyre.no\/content\/uploads\/sites\/177\/2020\/11\/kommunevapen-768x429.png\" class=\"attachment-medium_large size-medium_large\" alt=\"\" srcset=\"https:\/\/hoyre.no\/content\/uploads\/sites\/177\/2020\/11\/kommunevapen-768x429.png 768w, https:\/\/hoyre.no\/content\/uploads\/sites\/177\/2020\/11\/kommunevapen-300x167.png 300w, https:\/\/hoyre.no\/content\/uploads\/sites\/177\/2020\/11\/kommunevapen.png 860w\" sizes=\"auto, (max-width: 768px) 100vw, 768px\" \/>\t\t<\/div>\n\t\t\n\t\t\t<div class=\"teft-card__content-wrapper\">\n\t\t\t\t<div class=\"teft-card__secondary\">\n\t\t\t\t\t\n\t\t\t\t\t\t\t\t<div class=\"teft-card__meta\">\n\t\t\t\t\t\t\t\t\t<span class=\"post-date\">17. sep 2018<\/span>\n\n\t\t\t\t\t\t\t\t\t\t\t\t\t\t\t\t\t<\/div>\n\t\t\t\t\t\t\t\t\t\t\t<\/div>\n\n\t\t\t\t<div class=\"teft-card__primary\">\n\t\t\t\t\t<h2 class=\"teft-card__title\">Innkj\u00f8psreglementet i Marker kommune&nbsp;<span class=\"teft-card__primary-title-append\"><\/span><\/h2>\t\t\t\t<\/div>\n\t\t\t<\/div>\n\t\t<\/a>\n\t<\/div>\n\n\t<\/div><\/div>\t<\/div>\n<\/div>\n","protected":false},"excerpt":{"rendered":"","protected":false},"author":0,"featured_media":0,"comment_status":"closed","ping_status":"closed","sticky":false,"template":"","format":"standard","meta":{"teft_cards_image_url":"https:\/\/hoyre.no\/content\/uploads\/sites\/177\/2020\/11\/markerbedre-400x300-1.jpg","teft_cards_custom_pretitle":"","teft_cards_image_id":30,"teft_cards_image_focal_point_x":0,"teft_cards_image_focal_point_y":0,"teft_cards_title":"","teft_cards_excerpt":"","teft_show_chapters":false,"author_display_name":"Kenneth Sirev\u00e5g, Karen Eg Taraldrud, Barbro E. Kvaal og \u00c5smund Degnes","footnotes":""},"category":[1],"post_tag":[],"hoyre-visibility":[],"article-type":[],"politician":[],"class_list":["post-31","post","type-post","status-publish","format-standard","hentry","category-ukategorisert"],"yoast_head":"<!-- This site is optimized with the Yoast SEO plugin v26.6 - https:\/\/yoast.com\/wordpress\/plugins\/seo\/ -->\n<title>Vanskelige venstre - Marker H\u00f8yre<\/title>\n<meta name=\"robots\" content=\"index, follow, max-snippet:-1, max-image-preview:large, max-video-preview:-1\" \/>\n<link rel=\"canonical\" href=\"https:\/\/hoyre.no\/marker\/aktuelt\/vanskelige-venstre\/\" \/>\n<meta property=\"og:locale\" content=\"nb_NO\" \/>\n<meta property=\"og:type\" content=\"article\" \/>\n<meta property=\"og:title\" content=\"Vanskelige venstre - Marker H\u00f8yre\" \/>\n<meta property=\"og:url\" content=\"https:\/\/hoyre.no\/marker\/aktuelt\/vanskelige-venstre\/\" \/>\n<meta property=\"og:site_name\" content=\"Marker H\u00f8yre\" \/>\n<meta property=\"article:published_time\" content=\"2016-05-04T16:36:06+00:00\" \/>\n<meta property=\"og:image\" content=\"https:\/\/hoyre.no\/content\/uploads\/sites\/177\/2020\/11\/kommunevapen.png\" \/>\n<meta name=\"twitter:card\" content=\"summary_large_image\" \/>\n<meta name=\"twitter:label1\" content=\"Ansl. lesetid\" \/>\n\t<meta name=\"twitter:data1\" content=\"2 minutter\" \/>\n<script type=\"application\/ld+json\" class=\"yoast-schema-graph\">{\"@context\":\"https:\/\/schema.org\",\"@graph\":[{\"@type\":\"NewsArticle\",\"@id\":\"https:\/\/hoyre.no\/marker\/aktuelt\/vanskelige-venstre\/\",\"url\":\"https:\/\/hoyre.no\/marker\/aktuelt\/vanskelige-venstre\/\",\"name\":\"Vanskelige venstre - Marker H\u00f8yre\",\"isPartOf\":{\"@id\":\"https:\/\/hoyre.no\/marker\/#website\"},\"datePublished\":\"2016-05-04T16:36:06+00:00\",\"author\":{\"@id\":\"\"},\"breadcrumb\":{\"@id\":\"https:\/\/hoyre.no\/marker\/aktuelt\/vanskelige-venstre\/#breadcrumb\"},\"inLanguage\":\"nb-NO\",\"potentialAction\":[{\"@type\":\"ReadAction\",\"target\":[\"https:\/\/hoyre.no\/marker\/aktuelt\/vanskelige-venstre\/\"]}]},{\"@type\":\"BreadcrumbList\",\"@id\":\"https:\/\/hoyre.no\/marker\/aktuelt\/vanskelige-venstre\/#breadcrumb\",\"itemListElement\":[{\"@type\":\"ListItem\",\"position\":1,\"name\":\"Til hoyre.no\",\"item\":\"https:\/\/hoyre.no\"},{\"@type\":\"ListItem\",\"position\":2,\"name\":\"Hjem\",\"item\":\"https:\/\/hoyre.no\/marker\/\"},{\"@type\":\"ListItem\",\"position\":3,\"name\":\"Vanskelige venstre\"}]},{\"@type\":\"WebSite\",\"@id\":\"https:\/\/hoyre.no\/marker\/#website\",\"url\":\"https:\/\/hoyre.no\/marker\/\",\"name\":\"Marker H\u00f8yre\",\"description\":\"Bare enda et H\u00f8yres nettsteder-nettsted\",\"inLanguage\":\"nb-NO\"}]}<\/script>\n<!-- \/ Yoast SEO plugin. -->","yoast_head_json":{"title":"Vanskelige venstre - Marker H\u00f8yre","robots":{"index":"index","follow":"follow","max-snippet":"max-snippet:-1","max-image-preview":"max-image-preview:large","max-video-preview":"max-video-preview:-1"},"canonical":"https:\/\/hoyre.no\/marker\/aktuelt\/vanskelige-venstre\/","og_locale":"nb_NO","og_type":"article","og_title":"Vanskelige venstre - Marker H\u00f8yre","og_url":"https:\/\/hoyre.no\/marker\/aktuelt\/vanskelige-venstre\/","og_site_name":"Marker H\u00f8yre","article_published_time":"2016-05-04T16:36:06+00:00","og_image":[{"url":"https:\/\/hoyre.no\/content\/uploads\/sites\/177\/2020\/11\/kommunevapen.png","width":"","height":"","type":""}],"twitter_card":"summary_large_image","twitter_misc":{"Ansl. lesetid":"2 minutter"},"schema":{"@context":"https:\/\/schema.org","@graph":[{"@type":"NewsArticle","@id":"https:\/\/hoyre.no\/marker\/aktuelt\/vanskelige-venstre\/","url":"https:\/\/hoyre.no\/marker\/aktuelt\/vanskelige-venstre\/","name":"Vanskelige venstre - Marker H\u00f8yre","isPartOf":{"@id":"https:\/\/hoyre.no\/marker\/#website"},"datePublished":"2016-05-04T16:36:06+00:00","author":{"@id":""},"breadcrumb":{"@id":"https:\/\/hoyre.no\/marker\/aktuelt\/vanskelige-venstre\/#breadcrumb"},"inLanguage":"nb-NO","potentialAction":[{"@type":"ReadAction","target":["https:\/\/hoyre.no\/marker\/aktuelt\/vanskelige-venstre\/"]}]},{"@type":"BreadcrumbList","@id":"https:\/\/hoyre.no\/marker\/aktuelt\/vanskelige-venstre\/#breadcrumb","itemListElement":[{"@type":"ListItem","position":1,"name":"Til hoyre.no","item":"https:\/\/hoyre.no"},{"@type":"ListItem","position":2,"name":"Hjem","item":"https:\/\/hoyre.no\/marker\/"},{"@type":"ListItem","position":3,"name":"Vanskelige venstre"}]},{"@type":"WebSite","@id":"https:\/\/hoyre.no\/marker\/#website","url":"https:\/\/hoyre.no\/marker\/","name":"Marker H\u00f8yre","description":"Bare enda et H\u00f8yres nettsteder-nettsted","inLanguage":"nb-NO"}]}},"distributor_meta":false,"distributor_terms":false,"distributor_media":false,"distributor_original_site_name":"Marker H\u00f8yre","distributor_original_site_url":"https:\/\/hoyre.no\/marker","push-errors":false,"_links":{"self":[{"href":"https:\/\/hoyre.no\/marker\/wp-json\/wp\/v2\/posts\/31","targetHints":{"allow":["GET"]}}],"collection":[{"href":"https:\/\/hoyre.no\/marker\/wp-json\/wp\/v2\/posts"}],"about":[{"href":"https:\/\/hoyre.no\/marker\/wp-json\/wp\/v2\/types\/post"}],"replies":[{"embeddable":true,"href":"https:\/\/hoyre.no\/marker\/wp-json\/wp\/v2\/comments?post=31"}],"version-history":[{"count":0,"href":"https:\/\/hoyre.no\/marker\/wp-json\/wp\/v2\/posts\/31\/revisions"}],"wp:attachment":[{"href":"https:\/\/hoyre.no\/marker\/wp-json\/wp\/v2\/media?parent=31"}],"wp:term":[{"taxonomy":"category","embeddable":true,"href":"https:\/\/hoyre.no\/marker\/wp-json\/wp\/v2\/category?post=31"},{"taxonomy":"post_tag","embeddable":true,"href":"https:\/\/hoyre.no\/marker\/wp-json\/wp\/v2\/post_tag?post=31"},{"taxonomy":"hoyre-visibility","embeddable":true,"href":"https:\/\/hoyre.no\/marker\/wp-json\/wp\/v2\/hoyre-visibility?post=31"},{"taxonomy":"article-type","embeddable":true,"href":"https:\/\/hoyre.no\/marker\/wp-json\/wp\/v2\/article-type?post=31"},{"taxonomy":"politician","embeddable":true,"href":"https:\/\/hoyre.no\/marker\/wp-json\/wp\/v2\/politician?post=31"}],"curies":[{"name":"wp","href":"https:\/\/api.w.org\/{rel}","templated":true}]}}