{"id":1862,"date":"2026-04-23T18:05:19","date_gmt":"2026-04-23T16:05:19","guid":{"rendered":"https:\/\/hoyre.no\/melhus\/?p=1862"},"modified":"2026-04-28T11:04:30","modified_gmt":"2026-04-28T09:04:30","slug":"informasjon-om-nominasjonsprosessen-i-melhus-hoyre-2","status":"publish","type":"post","link":"https:\/\/hoyre.no\/melhus\/aktuelt\/informasjon-om-nominasjonsprosessen-i-melhus-hoyre-2\/","title":{"rendered":"Informasjon om nominasjonsprosessen i Melhus H\u00f8yre"},"content":{"rendered":"\n<p class=\"preamble\">Melhus H\u00f8yre er i gang med nominasjonsprosessen fram mot kommunestyrevalget i 2027. Her finner du mer informasjon om denne viktige prosessen.<\/p>\t\t\t<div class=\"post-meta wp-block teft-byline-wrapper\">\n\t\t\t\t<div class=\"top\">\n\t\t\t\t\t<div class=\"signature\">\n\t\t\t\t\t\t<div class=\"teft-byline\">\n\t\t\t\t\t\t\t\t\t\t\t\t\t\t<div>\n\t\t\t\t\t\t\t\t<h3>H\u00f8yres redaksjon<\/h3>\t\t\t\t\t\t\t\t\n\t\t\t\t\t\t\t\t\t\t\t\t\t\t\t\t\t<span class=\"date\">Sist oppdatert: 28. april 2026<\/span>\n\t\t\t\t\t\t\t\t\t\t\t\t\t\t\t\t\t\t\t\t\t\t\t\t\t<span class=\"reading-time\" itemprop=\"timeRequired\" content=\"PT2M\"><em>Ca. 2 minutter lesetid<\/em><\/span>\n\t\t\t\t\t\t\t\t\t\t\t\t\t\t\t<\/div>\n\t\t\t\t\t\t<\/div>\n\t\t\t\t\t<\/div>\n\t\t\t\t\t\t<div class=\"sharing\">\n\t\t<a class=\"share-button share-link copy-link\" data-copy=\"https:\/\/hoyre.no\/melhus\/aktuelt\/informasjon-om-nominasjonsprosessen-i-melhus-hoyre-2\/\" target=\"_blank\"><span class=\"screen-reader-text\">Del link<\/span><\/a>\n\t\t<a class=\"share-button share-twitter\" href=\"http:\/\/twitter.com\/share?text=Informasjon om nominasjonsprosessen i Melhus H\u00f8yre&#038;url=https:\/\/hoyre.no\/melhus\/aktuelt\/informasjon-om-nominasjonsprosessen-i-melhus-hoyre-2\/&#038;hashtags=Hoyre\" target=\"_blank\"><span class=\"screen-reader-text\">Del p\u00e5 twitter<\/span><\/a>\n\t\t<a class=\"share-button share-facebook\" href=\"https:\/\/www.facebook.com\/sharer\/sharer.php?u=https:\/\/hoyre.no\/melhus\/aktuelt\/informasjon-om-nominasjonsprosessen-i-melhus-hoyre-2\/\" target=\"_blank\"><span class=\"screen-reader-text\">Del p\u00e5 facebook<\/span><\/a>\n\t<\/div>\n\t\t\t\t\t<\/div>\n\t\t\t<\/div>\n\n\t\t\t<figure class=\"hoyre-image-wrapper\"><div class=\"hoyre-image\"><img loading=\"lazy\" decoding=\"async\" width=\"2500\" height=\"1667\" src=\"https:\/\/hoyre.no\/content\/uploads\/sites\/293\/2026\/04\/DSC04265-1-scaled.jpg\" class=\"attachment-scaled size-scaled\" alt=\"Oversiktsbilde over Hovin.\" style=\"object-position: 50% 50%\" srcset=\"https:\/\/hoyre.no\/content\/uploads\/sites\/293\/2026\/04\/DSC04265-1-scaled.jpg 2500w, https:\/\/hoyre.no\/content\/uploads\/sites\/293\/2026\/04\/DSC04265-1-300x200.jpg 300w, https:\/\/hoyre.no\/content\/uploads\/sites\/293\/2026\/04\/DSC04265-1-1024x683.jpg 1024w, https:\/\/hoyre.no\/content\/uploads\/sites\/293\/2026\/04\/DSC04265-1-768x512.jpg 768w, https:\/\/hoyre.no\/content\/uploads\/sites\/293\/2026\/04\/DSC04265-1-1536x1024.jpg 1536w, https:\/\/hoyre.no\/content\/uploads\/sites\/293\/2026\/04\/DSC04265-1-2048x1365.jpg 2048w\" sizes=\"auto, (max-width: 2500px) 100vw, 2500px\" \/><\/div><figcaption class=\"caption\">Illustrasjonsbilde.<\/figcaption><\/figure>\n\n\n\n\n<p>Som de to foreg\u00e5ende nominasjonsprosessene skal Melhus H\u00f8yre ogs\u00e5 i \u00e5r gjennomf\u00f8re en todelt nominasjon, med tidlig nominasjon av ordf\u00f8rerkandidat. Dette inneb\u00e6rer at ordf\u00f8rerkandidat velges p\u00e5 et nominasjonsm\u00f8te f\u00f8r resten av lista velges p\u00e5 et senere nominasjonsm\u00f8te.<\/p>\n\n\n\n<p><strong>Nominasjonsm\u00f8te for valg av ordf\u00f8rerkandidat er fastsatt til tirsdag 23. juni 2026 kl. 19.00.<\/strong> <a href=\"https:\/\/hoyre.no\/melhus\/arrangementer\/nominasjonsmote-1-valg-av-ordforerkandidat\/\">Se arrangement her.<\/a><\/p>\n\n\n\n<p><em>Dato for f\u00f8rste nominasjonsm\u00f8te er slik berammet og bekjentgjort senest to m\u00e5neder f\u00f8r m\u00f8tedato.<\/em><\/p>\n\n\n\n<p>Nominasjonsm\u00f8te for valg av resten av lista vil bli gjennomf\u00f8rt til h\u00f8sten. Dato for det kunngj\u00f8res minst to m\u00e5neder f\u00f8r gjennomf\u00f8ring av m\u00f8tet.<\/p>\n\n\n\n<p>Mer informasjon om sted, program og nominasjonskomiteens innstilling kunngj\u00f8res i forkant av m\u00f8tene.<\/p>\n\n\n\n<p><em>NB! Ved behov for \u00e5 endre fastsatt dato for nominasjonsm\u00f8te vil det bli sendt ut egen beskjed om det og ny dato gj\u00f8res kjent minst to m\u00e5neder f\u00f8r m\u00f8tet.<\/em><\/p>\n\n\n\n<h2 class=\"wp-block-heading\">Nominasjonskomiteen<\/h2>\n\n\n\n<p>Foreningsstyret har oppnevnt Melhus H\u00f8yres nominasjonskomit\u00e9, som er i gang med sitt arbeid og ledes av <a href=\"https:\/\/hoyre.no\/personprofiler\/lars-magnar-hogset\/\">Lars Magnar H\u00f8gset<\/a>.<\/p>\n\n\n\n<h2 class=\"wp-block-heading\">Send inn forslag til kandidater<\/h2>\n\n\n\n<p>Melhus H\u00f8yre kj\u00f8rer en \u00e5pen nominasjonsprosess, og er sv\u00e6rt interessert i innspill p\u00e5 kandidater. H\u00f8yre \u00f8nsker kandidater som har evne til b\u00e5de \u00e5 vinne valg og representere H\u00f8yre p\u00e5 en tillitsvekkende m\u00e5te, herunder nye kandidater for \u00e5 sikre fornyelse.<\/p>\n\n\n\n<p>Du kan sende inn forslag til kandidater enten gjennom <a href=\"https:\/\/hoyre.no\/kandidater\">dette skjemaet<\/a> eller direkte til <a href=\"mailto:l-hoegse@online.no\" target=\"_blank\" rel=\"noreferrer noopener\">l-hoegse@online.no<\/a> \/ 90992900.<\/p>\n\n\n\n<h2 class=\"wp-block-heading\">Mer om nominasjonsprosessen<\/h2>\n\n\n\n<p>Nominasjon til kommunestyrevalget er en av Melhus H\u00f8yres aller viktigste oppgaver. Hvert fjerde \u00e5r skal vi finne laget som skal vinne valget og drive frem god H\u00f8yre-politikk i kommende periode.<\/p>\n\n\n\n<p>Hele nominasjonsprosessen skal ende med en rangert liste over navn p\u00e5 personer som \u00f8nsker \u00e5 stille til valg for H\u00f8yre i Melhus. Nominasjonskomiteens innstilling til henholdsvis ordf\u00f8rerkandidat og liste vil foreligge og offentliggj\u00f8res senest 14 dager f\u00f8r hvert nominasjonsm\u00f8te.<\/p>\n\n\n\n<p>Det er nominasjonsm\u00f8tene som til slutt vedtar henholdsvis ordf\u00f8rerkandidat og det endelige listeforslaget. For \u00e5 ha stemmerett der m\u00e5 man ha v\u00e6rt medlem i minst fire uker og ha betalt kontingent til foreningen eller til en av sideorganisasjonene f\u00f8r m\u00f8tet begynner, og i tillegg ha stemmerett ved kommunestyrevalget i Melhus i 2027.<\/p>\n\n\n\n<p><em>Hold deg oppdatert om nominasjonsprosessen her p\u00e5 v\u00e5r nettside.<\/em><\/p>\n\n\n<div class=\"tags\">\n\t\t<div class=\"wp-block-tag-cloud\">\n\t\t\t\t\t<a href=\"https:\/\/hoyre.no\/melhus\/aktuelt\/tag\/valg-2027\/\" class=\"tag-cloud-link\">valg 2027<\/a>\n\t\t\t<\/div>\n\t<\/div>\n<div class=\"post-footer alignfull has-background block-editor-block-list__block\" data-align=full>\n\t<div class=\"post-footer-inner\">\n\t\t<h3>Relaterte artikler<\/h3>\n\t\t<div class=\"related-content\"><div class=\"is-card-hoyre\">\n\t<div class=\"teft-card hoyre-teft-card post-teft-card\">\n\t\t<a href=\"https:\/\/hoyre.no\/melhus\/aktuelt\/apne-moter-om-kommuneplanens-arealdel-kpa\/\" class=\"teft-card__primary-action\">\n\n\t\t\t\t\t<div class=\"teft-card__media teft-card__media--16-9\">\n\t\t\t\t\t\t<img loading=\"lazy\" decoding=\"async\" width=\"768\" height=\"1024\" src=\"https:\/\/hoyre.no\/content\/uploads\/sites\/293\/2026\/04\/368072093_978627550135279_6829229128321403547_n-768x1024.jpg\" class=\"attachment-medium_large size-medium_large\" alt=\"\" srcset=\"https:\/\/hoyre.no\/content\/uploads\/sites\/293\/2026\/04\/368072093_978627550135279_6829229128321403547_n-768x1024.jpg 768w, https:\/\/hoyre.no\/content\/uploads\/sites\/293\/2026\/04\/368072093_978627550135279_6829229128321403547_n-225x300.jpg 225w, https:\/\/hoyre.no\/content\/uploads\/sites\/293\/2026\/04\/368072093_978627550135279_6829229128321403547_n-1152x1536.jpg 1152w, https:\/\/hoyre.no\/content\/uploads\/sites\/293\/2026\/04\/368072093_978627550135279_6829229128321403547_n.jpg 1500w\" sizes=\"auto, (max-width: 768px) 100vw, 768px\" \/>\t\t<\/div>\n\t\t\n\t\t\t<div class=\"teft-card__content-wrapper\">\n\t\t\t\t<div class=\"teft-card__secondary\">\n\t\t\t\t\t\n\t\t\t\t\t\t\t\t<div class=\"teft-card__meta\">\n\t\t\t\t\t\t\t\t\t<span class=\"post-date\">14. apr 2026<\/span>\n\n\t\t\t\t\t\t\t\t\t<span class=\"post-category\">Nyhetsartikler<\/span>\t\t\t\t\t\t\t\t<\/div>\n\t\t\t\t\t\t\t\t\t\t\t<\/div>\n\n\t\t\t\t<div class=\"teft-card__primary\">\n\t\t\t\t\t<h2 class=\"teft-card__title\">\u00c5pne m\u00f8ter om kommuneplanens arealdel (KPA)&nbsp;<span class=\"teft-card__primary-title-append\"><\/span><\/h2>\t\t\t\t<\/div>\n\t\t\t<\/div>\n\t\t<\/a>\n\t<\/div>\n\n\t<\/div><div class=\"is-card-hoyre\">\n\t<div class=\"teft-card hoyre-teft-card post-teft-card\">\n\t\t<a href=\"https:\/\/hoyre.no\/melhus\/aktuelt\/sporsmal-om-asfaltering-ved-driftssentralen\/\" class=\"teft-card__primary-action\">\n\n\t\t\t\t\t<div class=\"teft-card__media teft-card__media--16-9\">\n\t\t\t\t\t\t<img loading=\"lazy\" decoding=\"async\" width=\"768\" height=\"1364\" src=\"https:\/\/hoyre.no\/content\/uploads\/sites\/293\/2026\/01\/2024-02-13-16.43.56-768x1364.jpg\" class=\"attachment-medium_large size-medium_large\" alt=\"Bilde av fasaden til Melhus kommunes driftssentral.\" srcset=\"https:\/\/hoyre.no\/content\/uploads\/sites\/293\/2026\/01\/2024-02-13-16.43.56-768x1364.jpg 768w, https:\/\/hoyre.no\/content\/uploads\/sites\/293\/2026\/01\/2024-02-13-16.43.56-169x300.jpg 169w, https:\/\/hoyre.no\/content\/uploads\/sites\/293\/2026\/01\/2024-02-13-16.43.56-577x1024.jpg 577w, https:\/\/hoyre.no\/content\/uploads\/sites\/293\/2026\/01\/2024-02-13-16.43.56-865x1536.jpg 865w, https:\/\/hoyre.no\/content\/uploads\/sites\/293\/2026\/01\/2024-02-13-16.43.56-1153x2048.jpg 1153w, https:\/\/hoyre.no\/content\/uploads\/sites\/293\/2026\/01\/2024-02-13-16.43.56-scaled.jpg 1408w\" sizes=\"auto, (max-width: 768px) 100vw, 768px\" \/>\t\t<\/div>\n\t\t\n\t\t\t<div class=\"teft-card__content-wrapper\">\n\t\t\t\t<div class=\"teft-card__secondary\">\n\t\t\t\t\t\n\t\t\t\t\t\t\t\t<div class=\"teft-card__meta\">\n\t\t\t\t\t\t\t\t\t<span class=\"post-date\">9. sep 2025<\/span>\n\n\t\t\t\t\t\t\t\t\t<span class=\"post-category\">Sp\u00f8rsm\u00e5l til ordf\u00f8rer<\/span>\t\t\t\t\t\t\t\t<\/div>\n\t\t\t\t\t\t\t\t\t\t\t<\/div>\n\n\t\t\t\t<div class=\"teft-card__primary\">\n\t\t\t\t\t<h2 class=\"teft-card__title\">Sp\u00f8rsm\u00e5l om asfaltering ved Driftssentralen&nbsp;<span class=\"teft-card__primary-title-append\"><\/span><\/h2>\t\t\t\t<\/div>\n\t\t\t<\/div>\n\t\t<\/a>\n\t<\/div>\n\n\t<\/div><div class=\"is-card-hoyre\">\n\t<div class=\"teft-card hoyre-teft-card post-teft-card\">\n\t\t<a href=\"https:\/\/hoyre.no\/melhus\/aktuelt\/regjeringen-sulteforer-veiutbyggere-i-trondelag\/\" class=\"teft-card__primary-action\">\n\n\t\t\t\t\t<div class=\"teft-card__media teft-card__media--16-9\">\n\t\t\t\t\t\t<img loading=\"lazy\" decoding=\"async\" width=\"768\" height=\"960\" src=\"https:\/\/hoyre.no\/content\/uploads\/sites\/293\/2025\/12\/54595914375_44cf009f47_b-768x960.jpg\" class=\"attachment-medium_large size-medium_large\" alt=\"Portrettfoto av Henrik Kierulf.\" srcset=\"https:\/\/hoyre.no\/content\/uploads\/sites\/293\/2025\/12\/54595914375_44cf009f47_b-768x960.jpg 768w, https:\/\/hoyre.no\/content\/uploads\/sites\/293\/2025\/12\/54595914375_44cf009f47_b-240x300.jpg 240w, https:\/\/hoyre.no\/content\/uploads\/sites\/293\/2025\/12\/54595914375_44cf009f47_b.jpg 819w\" sizes=\"auto, (max-width: 768px) 100vw, 768px\" \/>\t\t<\/div>\n\t\t\n\t\t\t<div class=\"teft-card__content-wrapper\">\n\t\t\t\t<div class=\"teft-card__secondary\">\n\t\t\t\t\t\n\t\t\t\t\t\t\t\t<div class=\"teft-card__meta\">\n\t\t\t\t\t\t\t\t\t<span class=\"post-date\">7. sep 2025<\/span>\n\n\t\t\t\t\t\t\t\t\t<span class=\"post-category\">Debattinnlegg<\/span>\t\t\t\t\t\t\t\t<\/div>\n\t\t\t\t\t\t\t\t\t\t\t<\/div>\n\n\t\t\t\t<div class=\"teft-card__primary\">\n\t\t\t\t\t<h2 class=\"teft-card__title\">Regjeringen sulteforer veiutbyggere i Tr\u00f8ndelag&nbsp;<span class=\"teft-card__primary-title-append\"><\/span><\/h2>\t\t\t\t<\/div>\n\t\t\t<\/div>\n\t\t<\/a>\n\t<\/div>\n\n\t<\/div><\/div>\t<\/div>\n<\/div>\n","protected":false},"excerpt":{"rendered":"","protected":false},"author":220,"featured_media":0,"comment_status":"closed","ping_status":"closed","sticky":false,"template":"","format":"standard","meta":{"teft_cards_image_url":"","teft_cards_custom_pretitle":"","teft_cards_image_id":1863,"teft_cards_image_focal_point_x":0.5,"teft_cards_image_focal_point_y":0.5,"teft_cards_title":"","teft_cards_excerpt":"","teft_show_chapters":false,"author_display_name":"","footnotes":""},"category":[5],"post_tag":[50],"hoyre-visibility":[],"article-type":[],"politician":[],"class_list":["post-1862","post","type-post","status-publish","format-standard","hentry","category-nyhetsartikler","tag-valg-2027"],"yoast_head":"<!-- This site is optimized with the Yoast SEO plugin v26.6 - https:\/\/yoast.com\/wordpress\/plugins\/seo\/ -->\n<title>Informasjon om nominasjonsprosessen i Melhus H\u00f8yre - Melhus H\u00f8yre<\/title>\n<meta name=\"robots\" content=\"index, follow, max-snippet:-1, max-image-preview:large, max-video-preview:-1\" \/>\n<link rel=\"canonical\" href=\"https:\/\/hoyre.no\/melhus\/aktuelt\/informasjon-om-nominasjonsprosessen-i-melhus-hoyre-2\/\" \/>\n<meta property=\"og:locale\" content=\"nb_NO\" \/>\n<meta property=\"og:type\" content=\"article\" \/>\n<meta property=\"og:title\" content=\"Informasjon om nominasjonsprosessen i Melhus H\u00f8yre - Melhus H\u00f8yre\" \/>\n<meta property=\"og:url\" content=\"https:\/\/hoyre.no\/melhus\/aktuelt\/informasjon-om-nominasjonsprosessen-i-melhus-hoyre-2\/\" \/>\n<meta property=\"og:site_name\" content=\"Melhus H\u00f8yre\" \/>\n<meta property=\"article:published_time\" content=\"2026-04-23T16:05:19+00:00\" \/>\n<meta property=\"article:modified_time\" content=\"2026-04-28T09:04:30+00:00\" \/>\n<meta property=\"og:image\" content=\"https:\/\/hoyre.no\/content\/uploads\/sites\/293\/2025\/12\/54595914375_44cf009f47_b.jpg\" \/>\n<meta name=\"author\" content=\"Marius Krogstad Aune\" \/>\n<meta name=\"twitter:card\" content=\"summary_large_image\" \/>\n<meta name=\"twitter:label1\" content=\"Skrevet av\" \/>\n\t<meta name=\"twitter:data1\" content=\"Marius Krogstad Aune\" \/>\n\t<meta name=\"twitter:label2\" content=\"Ansl. lesetid\" \/>\n\t<meta name=\"twitter:data2\" content=\"3 minutter\" \/>\n<script type=\"application\/ld+json\" class=\"yoast-schema-graph\">{\"@context\":\"https:\/\/schema.org\",\"@graph\":[{\"@type\":\"NewsArticle\",\"@id\":\"https:\/\/hoyre.no\/melhus\/aktuelt\/informasjon-om-nominasjonsprosessen-i-melhus-hoyre-2\/\",\"url\":\"https:\/\/hoyre.no\/melhus\/aktuelt\/informasjon-om-nominasjonsprosessen-i-melhus-hoyre-2\/\",\"name\":\"Informasjon om nominasjonsprosessen i Melhus H\u00f8yre - Melhus H\u00f8yre\",\"isPartOf\":{\"@id\":\"https:\/\/hoyre.no\/melhus\/#website\"},\"datePublished\":\"2026-04-23T16:05:19+00:00\",\"dateModified\":\"2026-04-28T09:04:30+00:00\",\"author\":{\"@id\":\"https:\/\/hoyre.no\/melhus\/#\/schema\/person\/c34ebda6e678cb85341c38d43f3ffe2c\"},\"breadcrumb\":{\"@id\":\"https:\/\/hoyre.no\/melhus\/aktuelt\/informasjon-om-nominasjonsprosessen-i-melhus-hoyre-2\/#breadcrumb\"},\"inLanguage\":\"nb-NO\",\"potentialAction\":[{\"@type\":\"ReadAction\",\"target\":[\"https:\/\/hoyre.no\/melhus\/aktuelt\/informasjon-om-nominasjonsprosessen-i-melhus-hoyre-2\/\"]}]},{\"@type\":\"BreadcrumbList\",\"@id\":\"https:\/\/hoyre.no\/melhus\/aktuelt\/informasjon-om-nominasjonsprosessen-i-melhus-hoyre-2\/#breadcrumb\",\"itemListElement\":[{\"@type\":\"ListItem\",\"position\":1,\"name\":\"Til hoyre.no\",\"item\":\"https:\/\/hoyre.no\"},{\"@type\":\"ListItem\",\"position\":2,\"name\":\"Hjem\",\"item\":\"https:\/\/hoyre.no\/melhus\/\"},{\"@type\":\"ListItem\",\"position\":3,\"name\":\"Informasjon om nominasjonsprosessen i Melhus H\u00f8yre\"}]},{\"@type\":\"WebSite\",\"@id\":\"https:\/\/hoyre.no\/melhus\/#website\",\"url\":\"https:\/\/hoyre.no\/melhus\/\",\"name\":\"Melhus H\u00f8yre\",\"description\":\"Bare enda et H\u00f8yres nettsteder-nettsted\",\"inLanguage\":\"nb-NO\"},{\"@type\":\"Person\",\"@id\":\"https:\/\/hoyre.no\/melhus\/#\/schema\/person\/c34ebda6e678cb85341c38d43f3ffe2c\",\"name\":\"Marius Krogstad Aune\",\"image\":{\"@type\":\"ImageObject\",\"inLanguage\":\"nb-NO\",\"@id\":\"https:\/\/hoyre.no\/melhus\/#\/schema\/person\/image\/\",\"url\":\"https:\/\/secure.gravatar.com\/avatar\/ca20e5ec5616f43111201905811d2753385e1a29b0d5ad399cbd4f23bafae2fa?s=96&d=mm&r=g\",\"contentUrl\":\"https:\/\/secure.gravatar.com\/avatar\/ca20e5ec5616f43111201905811d2753385e1a29b0d5ad399cbd4f23bafae2fa?s=96&d=mm&r=g\",\"caption\":\"Marius Krogstad Aune\"},\"url\":\"https:\/\/hoyre.no\/melhus\/aktuelt\/author\/m50527159\/\"}]}<\/script>\n<!-- \/ Yoast SEO plugin. -->","yoast_head_json":{"title":"Informasjon om nominasjonsprosessen i Melhus H\u00f8yre - Melhus H\u00f8yre","robots":{"index":"index","follow":"follow","max-snippet":"max-snippet:-1","max-image-preview":"max-image-preview:large","max-video-preview":"max-video-preview:-1"},"canonical":"https:\/\/hoyre.no\/melhus\/aktuelt\/informasjon-om-nominasjonsprosessen-i-melhus-hoyre-2\/","og_locale":"nb_NO","og_type":"article","og_title":"Informasjon om nominasjonsprosessen i Melhus H\u00f8yre - Melhus H\u00f8yre","og_url":"https:\/\/hoyre.no\/melhus\/aktuelt\/informasjon-om-nominasjonsprosessen-i-melhus-hoyre-2\/","og_site_name":"Melhus H\u00f8yre","article_published_time":"2026-04-23T16:05:19+00:00","article_modified_time":"2026-04-28T09:04:30+00:00","og_image":[{"url":"https:\/\/hoyre.no\/content\/uploads\/sites\/293\/2025\/12\/54595914375_44cf009f47_b.jpg","width":"","height":"","type":""}],"author":"Marius Krogstad Aune","twitter_card":"summary_large_image","twitter_misc":{"Skrevet av":"Marius Krogstad Aune","Ansl. lesetid":"3 minutter"},"schema":{"@context":"https:\/\/schema.org","@graph":[{"@type":"NewsArticle","@id":"https:\/\/hoyre.no\/melhus\/aktuelt\/informasjon-om-nominasjonsprosessen-i-melhus-hoyre-2\/","url":"https:\/\/hoyre.no\/melhus\/aktuelt\/informasjon-om-nominasjonsprosessen-i-melhus-hoyre-2\/","name":"Informasjon om nominasjonsprosessen i Melhus H\u00f8yre - Melhus H\u00f8yre","isPartOf":{"@id":"https:\/\/hoyre.no\/melhus\/#website"},"datePublished":"2026-04-23T16:05:19+00:00","dateModified":"2026-04-28T09:04:30+00:00","author":{"@id":"https:\/\/hoyre.no\/melhus\/#\/schema\/person\/c34ebda6e678cb85341c38d43f3ffe2c"},"breadcrumb":{"@id":"https:\/\/hoyre.no\/melhus\/aktuelt\/informasjon-om-nominasjonsprosessen-i-melhus-hoyre-2\/#breadcrumb"},"inLanguage":"nb-NO","potentialAction":[{"@type":"ReadAction","target":["https:\/\/hoyre.no\/melhus\/aktuelt\/informasjon-om-nominasjonsprosessen-i-melhus-hoyre-2\/"]}]},{"@type":"BreadcrumbList","@id":"https:\/\/hoyre.no\/melhus\/aktuelt\/informasjon-om-nominasjonsprosessen-i-melhus-hoyre-2\/#breadcrumb","itemListElement":[{"@type":"ListItem","position":1,"name":"Til hoyre.no","item":"https:\/\/hoyre.no"},{"@type":"ListItem","position":2,"name":"Hjem","item":"https:\/\/hoyre.no\/melhus\/"},{"@type":"ListItem","position":3,"name":"Informasjon om nominasjonsprosessen i Melhus H\u00f8yre"}]},{"@type":"WebSite","@id":"https:\/\/hoyre.no\/melhus\/#website","url":"https:\/\/hoyre.no\/melhus\/","name":"Melhus H\u00f8yre","description":"Bare enda et H\u00f8yres nettsteder-nettsted","inLanguage":"nb-NO"},{"@type":"Person","@id":"https:\/\/hoyre.no\/melhus\/#\/schema\/person\/c34ebda6e678cb85341c38d43f3ffe2c","name":"Marius Krogstad Aune","image":{"@type":"ImageObject","inLanguage":"nb-NO","@id":"https:\/\/hoyre.no\/melhus\/#\/schema\/person\/image\/","url":"https:\/\/secure.gravatar.com\/avatar\/ca20e5ec5616f43111201905811d2753385e1a29b0d5ad399cbd4f23bafae2fa?s=96&d=mm&r=g","contentUrl":"https:\/\/secure.gravatar.com\/avatar\/ca20e5ec5616f43111201905811d2753385e1a29b0d5ad399cbd4f23bafae2fa?s=96&d=mm&r=g","caption":"Marius Krogstad Aune"},"url":"https:\/\/hoyre.no\/melhus\/aktuelt\/author\/m50527159\/"}]}},"distributor_meta":false,"distributor_terms":false,"distributor_media":false,"distributor_original_site_name":"Melhus H\u00f8yre","distributor_original_site_url":"https:\/\/hoyre.no\/melhus","push-errors":false,"_links":{"self":[{"href":"https:\/\/hoyre.no\/melhus\/wp-json\/wp\/v2\/posts\/1862","targetHints":{"allow":["GET"]}}],"collection":[{"href":"https:\/\/hoyre.no\/melhus\/wp-json\/wp\/v2\/posts"}],"about":[{"href":"https:\/\/hoyre.no\/melhus\/wp-json\/wp\/v2\/types\/post"}],"author":[{"embeddable":true,"href":"https:\/\/hoyre.no\/melhus\/wp-json\/wp\/v2\/users\/220"}],"replies":[{"embeddable":true,"href":"https:\/\/hoyre.no\/melhus\/wp-json\/wp\/v2\/comments?post=1862"}],"version-history":[{"count":3,"href":"https:\/\/hoyre.no\/melhus\/wp-json\/wp\/v2\/posts\/1862\/revisions"}],"predecessor-version":[{"id":1871,"href":"https:\/\/hoyre.no\/melhus\/wp-json\/wp\/v2\/posts\/1862\/revisions\/1871"}],"wp:attachment":[{"href":"https:\/\/hoyre.no\/melhus\/wp-json\/wp\/v2\/media?parent=1862"}],"wp:term":[{"taxonomy":"category","embeddable":true,"href":"https:\/\/hoyre.no\/melhus\/wp-json\/wp\/v2\/category?post=1862"},{"taxonomy":"post_tag","embeddable":true,"href":"https:\/\/hoyre.no\/melhus\/wp-json\/wp\/v2\/post_tag?post=1862"},{"taxonomy":"hoyre-visibility","embeddable":true,"href":"https:\/\/hoyre.no\/melhus\/wp-json\/wp\/v2\/hoyre-visibility?post=1862"},{"taxonomy":"article-type","embeddable":true,"href":"https:\/\/hoyre.no\/melhus\/wp-json\/wp\/v2\/article-type?post=1862"},{"taxonomy":"politician","embeddable":true,"href":"https:\/\/hoyre.no\/melhus\/wp-json\/wp\/v2\/politician?post=1862"}],"curies":[{"name":"wp","href":"https:\/\/api.w.org\/{rel}","templated":true}]}}