{"id":659,"date":"2023-05-23T23:35:00","date_gmt":"2023-05-23T21:35:00","guid":{"rendered":"https:\/\/hoyre.no\/melhus\/?p=659"},"modified":"2023-07-10T17:10:20","modified_gmt":"2023-07-10T15:10:20","slug":"kommunestyremote-med-kollektivtrafikk-barnevern-og-jobber-i-sentrum","status":"publish","type":"post","link":"https:\/\/hoyre.no\/melhus\/aktuelt\/kommunestyremote-med-kollektivtrafikk-barnevern-og-jobber-i-sentrum\/","title":{"rendered":"Kommunestyrem\u00f8te med kollektivtrafikk, barnevern og jobber i sentrum"},"content":{"rendered":"\n<p class=\"preamble\">I kommunestyrem\u00f8tet 23. mai 2023 ble flere viktige saker diskutert og besluttet, som vil p\u00e5virke utviklingen av Melhus kommune i \u00e5rene som kommer.<\/p>\t\t\t<div class=\"post-meta wp-block teft-byline-wrapper\">\n\t\t\t\t<div class=\"top\">\n\t\t\t\t\t<div class=\"signature\">\n\t\t\t\t\t\t<div class=\"teft-byline\">\n\t\t\t\t\t\t\t\t\t\t\t\t\t\t<div>\n\t\t\t\t\t\t\t\t<h3>H\u00f8yres redaksjon<\/h3>\t\t\t\t\t\t\t\t\n\t\t\t\t\t\t\t\t\t\t\t\t\t\t\t\t\t<span class=\"date\">Sist oppdatert: 10. juli 2023<\/span>\n\t\t\t\t\t\t\t\t\t\t\t\t\t\t\t\t\t\t\t\t\t\t\t\t\t<span class=\"reading-time\" itemprop=\"timeRequired\" content=\"PT3M\"><em>Ca. 3 minutter lesetid<\/em><\/span>\n\t\t\t\t\t\t\t\t\t\t\t\t\t\t\t<\/div>\n\t\t\t\t\t\t<\/div>\n\t\t\t\t\t<\/div>\n\t\t\t\t\t\t<div class=\"sharing\">\n\t\t<a class=\"share-button share-link copy-link\" data-copy=\"https:\/\/hoyre.no\/melhus\/aktuelt\/kommunestyremote-med-kollektivtrafikk-barnevern-og-jobber-i-sentrum\/\" target=\"_blank\"><span class=\"screen-reader-text\">Del link<\/span><\/a>\n\t\t<a class=\"share-button share-twitter\" href=\"http:\/\/twitter.com\/share?text=Kommunestyrem\u00f8te med kollektivtrafikk, barnevern og jobber i sentrum&#038;url=https:\/\/hoyre.no\/melhus\/aktuelt\/kommunestyremote-med-kollektivtrafikk-barnevern-og-jobber-i-sentrum\/&#038;hashtags=Hoyre\" target=\"_blank\"><span class=\"screen-reader-text\">Del p\u00e5 twitter<\/span><\/a>\n\t\t<a class=\"share-button share-facebook\" href=\"https:\/\/www.facebook.com\/sharer\/sharer.php?u=https:\/\/hoyre.no\/melhus\/aktuelt\/kommunestyremote-med-kollektivtrafikk-barnevern-og-jobber-i-sentrum\/\" target=\"_blank\"><span class=\"screen-reader-text\">Del p\u00e5 facebook<\/span><\/a>\n\t<\/div>\n\t\t\t\t\t<\/div>\n\t\t\t<\/div>\n\n\t\t\t<figure class=\"hoyre-image-wrapper\"><div class=\"hoyre-image\"><img loading=\"lazy\" decoding=\"async\" width=\"1406\" height=\"1081\" src=\"https:\/\/hoyre.no\/content\/uploads\/sites\/293\/2023\/07\/2023-05-23-20.30.58-scaled-e1688908048643.jpg\" class=\"attachment-scaled size-scaled\" alt=\"\" style=\"object-position: 50% 50%\" srcset=\"https:\/\/hoyre.no\/content\/uploads\/sites\/293\/2023\/07\/2023-05-23-20.30.58-scaled-e1688908048643.jpg 1406w, https:\/\/hoyre.no\/content\/uploads\/sites\/293\/2023\/07\/2023-05-23-20.30.58-scaled-e1688908048643-300x231.jpg 300w, https:\/\/hoyre.no\/content\/uploads\/sites\/293\/2023\/07\/2023-05-23-20.30.58-scaled-e1688908048643-1024x787.jpg 1024w, https:\/\/hoyre.no\/content\/uploads\/sites\/293\/2023\/07\/2023-05-23-20.30.58-scaled-e1688908048643-768x590.jpg 768w\" sizes=\"auto, (max-width: 1406px) 100vw, 1406px\" \/><\/div><figcaption class=\"caption\">Varaordf\u00f8rer Stine Estenstad p\u00e5 talerstolen under kommunestyrem\u00f8tet.<\/figcaption><\/figure>\n\n\n\n\n<p>Her er en oppsummering av noen av de viktigste sakene som ble diskutert:<\/p>\n\n\n\n<h2 class=\"wp-block-heading\">Detaljreguleringsplan Krysningsspor Melhus sentrum<\/h2>\n\n\n\n<p>En av de mest fremtredende sakene p\u00e5 agendaen var detaljreguleringsplan for krysningsspor i Melhus sentrum. Det er et av flere tiltak som gj\u00f8re det mulig \u00e5 kj\u00f8re to tog i timen p\u00e5 Tr\u00f8nderbanen. Dette vil bety \u00f8kt kollektivtilbud og bedre forbindelser for innbyggerne i Melhus. Bane NOR er utbyggeren av prosjektet, og det ble understreket at de m\u00e5 v\u00e6re en aktiv bidragsyter i utviklingen av hele stasjonsomr\u00e5det rundt Melhus stasjon.<\/p>\n\n\n\n<p>\u2013 Dette inkluderer n\u00f8dvendige tiltak for tilrettelegging av parkeringsplasser, tilgjengelighet, og generell infrastruktur rundt stasjonen,i tillegg til nye bygg i omr\u00e5det. Kommunestyret var enig i viktigheten av at Bane NOR er med for \u00e5 sikre en helhetlig utvikling av omr\u00e5det, sier varaordf\u00f8rer Stine Estenstad.<\/p>\n\n\n\n<h2 class=\"wp-block-heading\">Mobilitetsanbud Stor-Trondheim 2029 (MST2029)<\/h2>\n\n\n\n<p>En annen viktig sak som ble tatt opp var planene for busstilbudet i Stor-Trondheim fra 2029. Melhus H\u00f8yre understreket betydningen av \u00e5 utvide tilbudet i stedet for \u00e5 bruke alle pengene p\u00e5 lavere billettpriser.<\/p>\n\n\n\n<p>\u2013 Noen g\u00e5r til valg p\u00e5 \u00e5 prioritere kun lavere billettpris, vi \u00f8nsker ogs\u00e5 en utvidelse av busstilbudet, som vil gi innbyggerne bedre tilgang til kollektivtransport og dermed bidra til \u00e5 knytte kommunen sammen og kan redusere biltrafikken i omr\u00e5det. Dette vil da ogs\u00e5 v\u00e6re et positivt tiltak for milj\u00f8et og bidra til \u00e5 oppn\u00e5 klimam\u00e5lsetningene for regionen, sier Marius Krogstad Aune.<\/p>\n\n\n\n<h2 class=\"wp-block-heading\">Tilstandsrapport barneverntjenesten i Melhus og Skaun 2023<\/h2>\n\n\n\n<p>Kommunestyret fikk ogs\u00e5 presentert tilstandsrapport for barneverntjenesten i Melhus og Skaun. Rapporten viste at det gj\u00f8res mye bra arbeid innen barnevernet i Melhus, men samtidig ble det p\u00e5pekt at det fortsatt er utfordringer som m\u00e5 l\u00f8ses for \u00e5 sikre at alle barn f\u00e5r en god start i livet. Kommunestyret erkjente viktigheten av \u00e5 fortsette \u00e5 styrke og forbedre barneverntjenesten og sikre at barna i Melhus og Skaun blir tatt vare p\u00e5 p\u00e5 best mulig m\u00e5te.<\/p>\n\n\n\n<h2 class=\"wp-block-heading\">S\u00f8knad om fast skjenkebevilling<\/h2>\n\n\n\n<p>To s\u00f8knader om fast skjenkebevilling ble ogs\u00e5 diskutert under m\u00f8tet. S\u00f8knaden representerte et initiativ til \u00e5 etablere attraktive tilbud i Melhus sentrum, som igjen ville bidra til verdiskaping og skape nye arbeidsplasser. Fast skjenkebevilling ble innvilget b\u00e5de til Kompis og Sabrura sine nye restauranter i nye Melhustorget.<\/p>\n\n\n\n<h2 class=\"wp-block-heading\">Vekst og trivsel i Melhus<\/h2>\n\n\n\n<p>Melhus H\u00f8yre er forn\u00f8yd med kommunestyrem\u00f8tet og mener at beslutningene som ble tatt vil bidra til \u00e5 utvikle Melhus kommune p\u00e5 en positiv m\u00e5te. Partiet ser frem til \u00e5 fortsette arbeidet med \u00e5 skape gode rammebetingelser for innbyggerne og legge til rette for b\u00e6rekraftig vekst og trivsel i kommunen.<\/p>\n\n\n\n<div class=\"wp-block-teft-accentuated-link undefined has-image\"><div class=\"kf-link__wrapper\"><div class=\"kf-link__tagline\">LES SAKSPAPIRENE FRA M\u00d8TET<\/div><a class=\"kf-link__link\" href=\"https:\/\/www.melhus.kommune.no\/offentlig-mote-kommunestyret-23-05-2023.5826082-354784.html?moteid=175414.59f0eabb09\" rel=\"noreferrer noopener\" target=\"_blank\">M\u00f8te i Kommunestyret den 23.05.2023<span class=\"kf-link__link-source\">www.melhus.kommune.no<\/span><\/a><\/div><figure class=\"hoyre-image-wrapper\"><div class=\"hoyre-image\"><img loading=\"lazy\" decoding=\"async\" width=\"2560\" height=\"1707\" src=\"https:\/\/hoyre.no\/content\/uploads\/sites\/293\/2020\/11\/img_2488-scaled.jpg\" class=\"attachment-scaled size-scaled\" alt=\"\" style=\"object-position: 50% 50%\" srcset=\"https:\/\/hoyre.no\/content\/uploads\/sites\/293\/2020\/11\/img_2488-scaled.jpg 2560w, https:\/\/hoyre.no\/content\/uploads\/sites\/293\/2020\/11\/img_2488-300x200.jpg 300w, https:\/\/hoyre.no\/content\/uploads\/sites\/293\/2020\/11\/img_2488-1024x683.jpg 1024w, https:\/\/hoyre.no\/content\/uploads\/sites\/293\/2020\/11\/img_2488-768x512.jpg 768w, https:\/\/hoyre.no\/content\/uploads\/sites\/293\/2020\/11\/img_2488-1536x1024.jpg 1536w, https:\/\/hoyre.no\/content\/uploads\/sites\/293\/2020\/11\/img_2488-2048x1365.jpg 2048w\" sizes=\"auto, (max-width: 2560px) 100vw, 2560px\" \/><\/div><\/figure><\/div>\n\n\n<div class=\"tags\">\n\t\t<div class=\"wp-block-tag-cloud\">\n\t\t\t\t\t<a href=\"https:\/\/hoyre.no\/melhus\/aktuelt\/tag\/kommunestyre\/\" class=\"tag-cloud-link\">kommunestyre<\/a>\n\t\t\t<\/div>\n\t<\/div>\n<div class=\"post-footer alignfull has-background block-editor-block-list__block\" data-align=full>\n\t<div class=\"post-footer-inner\">\n\t\t<h3>Relaterte artikler<\/h3>\n\t\t<div class=\"related-content\"><div class=\"is-card-hoyre\">\n\t<div class=\"teft-card hoyre-teft-card post-teft-card\">\n\t\t<a href=\"https:\/\/hoyre.no\/melhus\/aktuelt\/informasjon-om-nominasjonsprosessen-i-melhus-hoyre-2\/\" class=\"teft-card__primary-action\">\n\n\t\t\t\t\t<div class=\"teft-card__media teft-card__media--16-9\">\n\t\t\t\t\t\t<img loading=\"lazy\" decoding=\"async\" width=\"768\" height=\"512\" src=\"https:\/\/hoyre.no\/content\/uploads\/sites\/293\/2026\/04\/DSC04265-1-768x512.jpg\" class=\"attachment-medium_large size-medium_large\" alt=\"Oversiktsbilde over Hovin.\" srcset=\"https:\/\/hoyre.no\/content\/uploads\/sites\/293\/2026\/04\/DSC04265-1-768x512.jpg 768w, https:\/\/hoyre.no\/content\/uploads\/sites\/293\/2026\/04\/DSC04265-1-300x200.jpg 300w, https:\/\/hoyre.no\/content\/uploads\/sites\/293\/2026\/04\/DSC04265-1-1024x683.jpg 1024w, https:\/\/hoyre.no\/content\/uploads\/sites\/293\/2026\/04\/DSC04265-1-1536x1024.jpg 1536w, https:\/\/hoyre.no\/content\/uploads\/sites\/293\/2026\/04\/DSC04265-1-2048x1365.jpg 2048w\" sizes=\"auto, (max-width: 768px) 100vw, 768px\" \/>\t\t<\/div>\n\t\t\n\t\t\t<div class=\"teft-card__content-wrapper\">\n\t\t\t\t<div class=\"teft-card__secondary\">\n\t\t\t\t\t\n\t\t\t\t\t\t\t\t<div class=\"teft-card__meta\">\n\t\t\t\t\t\t\t\t\t<span class=\"post-date\">23. apr 2026<\/span>\n\n\t\t\t\t\t\t\t\t\t<span class=\"post-category\">Nyhetsartikler<\/span>\t\t\t\t\t\t\t\t<\/div>\n\t\t\t\t\t\t\t\t\t\t\t<\/div>\n\n\t\t\t\t<div class=\"teft-card__primary\">\n\t\t\t\t\t<h2 class=\"teft-card__title\">Informasjon om nominasjonsprosessen i Melhus H\u00f8yre&nbsp;<span class=\"teft-card__primary-title-append\"><\/span><\/h2>\t\t\t\t<\/div>\n\t\t\t<\/div>\n\t\t<\/a>\n\t<\/div>\n\n\t<\/div><div class=\"is-card-hoyre\">\n\t<div class=\"teft-card hoyre-teft-card post-teft-card\">\n\t\t<a href=\"https:\/\/hoyre.no\/melhus\/aktuelt\/apne-moter-om-kommuneplanens-arealdel-kpa\/\" class=\"teft-card__primary-action\">\n\n\t\t\t\t\t<div class=\"teft-card__media teft-card__media--16-9\">\n\t\t\t\t\t\t<img loading=\"lazy\" decoding=\"async\" width=\"768\" height=\"1024\" src=\"https:\/\/hoyre.no\/content\/uploads\/sites\/293\/2026\/04\/368072093_978627550135279_6829229128321403547_n-768x1024.jpg\" class=\"attachment-medium_large size-medium_large\" alt=\"\" srcset=\"https:\/\/hoyre.no\/content\/uploads\/sites\/293\/2026\/04\/368072093_978627550135279_6829229128321403547_n-768x1024.jpg 768w, https:\/\/hoyre.no\/content\/uploads\/sites\/293\/2026\/04\/368072093_978627550135279_6829229128321403547_n-225x300.jpg 225w, https:\/\/hoyre.no\/content\/uploads\/sites\/293\/2026\/04\/368072093_978627550135279_6829229128321403547_n-1152x1536.jpg 1152w, https:\/\/hoyre.no\/content\/uploads\/sites\/293\/2026\/04\/368072093_978627550135279_6829229128321403547_n.jpg 1500w\" sizes=\"auto, (max-width: 768px) 100vw, 768px\" \/>\t\t<\/div>\n\t\t\n\t\t\t<div class=\"teft-card__content-wrapper\">\n\t\t\t\t<div class=\"teft-card__secondary\">\n\t\t\t\t\t\n\t\t\t\t\t\t\t\t<div class=\"teft-card__meta\">\n\t\t\t\t\t\t\t\t\t<span class=\"post-date\">14. apr 2026<\/span>\n\n\t\t\t\t\t\t\t\t\t<span class=\"post-category\">Nyhetsartikler<\/span>\t\t\t\t\t\t\t\t<\/div>\n\t\t\t\t\t\t\t\t\t\t\t<\/div>\n\n\t\t\t\t<div class=\"teft-card__primary\">\n\t\t\t\t\t<h2 class=\"teft-card__title\">\u00c5pne m\u00f8ter om kommuneplanens arealdel (KPA)&nbsp;<span class=\"teft-card__primary-title-append\"><\/span><\/h2>\t\t\t\t<\/div>\n\t\t\t<\/div>\n\t\t<\/a>\n\t<\/div>\n\n\t<\/div><div class=\"is-card-hoyre\">\n\t<div class=\"teft-card hoyre-teft-card post-teft-card\">\n\t\t<a href=\"https:\/\/hoyre.no\/melhus\/aktuelt\/sporsmal-om-asfaltering-ved-driftssentralen\/\" class=\"teft-card__primary-action\">\n\n\t\t\t\t\t<div class=\"teft-card__media teft-card__media--16-9\">\n\t\t\t\t\t\t<img loading=\"lazy\" decoding=\"async\" width=\"768\" height=\"1364\" src=\"https:\/\/hoyre.no\/content\/uploads\/sites\/293\/2026\/01\/2024-02-13-16.43.56-768x1364.jpg\" class=\"attachment-medium_large size-medium_large\" alt=\"Bilde av fasaden til Melhus kommunes driftssentral.\" srcset=\"https:\/\/hoyre.no\/content\/uploads\/sites\/293\/2026\/01\/2024-02-13-16.43.56-768x1364.jpg 768w, https:\/\/hoyre.no\/content\/uploads\/sites\/293\/2026\/01\/2024-02-13-16.43.56-169x300.jpg 169w, https:\/\/hoyre.no\/content\/uploads\/sites\/293\/2026\/01\/2024-02-13-16.43.56-577x1024.jpg 577w, https:\/\/hoyre.no\/content\/uploads\/sites\/293\/2026\/01\/2024-02-13-16.43.56-865x1536.jpg 865w, https:\/\/hoyre.no\/content\/uploads\/sites\/293\/2026\/01\/2024-02-13-16.43.56-1153x2048.jpg 1153w, https:\/\/hoyre.no\/content\/uploads\/sites\/293\/2026\/01\/2024-02-13-16.43.56-scaled.jpg 1408w\" sizes=\"auto, (max-width: 768px) 100vw, 768px\" \/>\t\t<\/div>\n\t\t\n\t\t\t<div class=\"teft-card__content-wrapper\">\n\t\t\t\t<div class=\"teft-card__secondary\">\n\t\t\t\t\t\n\t\t\t\t\t\t\t\t<div class=\"teft-card__meta\">\n\t\t\t\t\t\t\t\t\t<span class=\"post-date\">9. sep 2025<\/span>\n\n\t\t\t\t\t\t\t\t\t<span class=\"post-category\">Sp\u00f8rsm\u00e5l til ordf\u00f8rer<\/span>\t\t\t\t\t\t\t\t<\/div>\n\t\t\t\t\t\t\t\t\t\t\t<\/div>\n\n\t\t\t\t<div class=\"teft-card__primary\">\n\t\t\t\t\t<h2 class=\"teft-card__title\">Sp\u00f8rsm\u00e5l om asfaltering ved Driftssentralen&nbsp;<span class=\"teft-card__primary-title-append\"><\/span><\/h2>\t\t\t\t<\/div>\n\t\t\t<\/div>\n\t\t<\/a>\n\t<\/div>\n\n\t<\/div><\/div>\t<\/div>\n<\/div>\n","protected":false},"excerpt":{"rendered":"","protected":false},"author":220,"featured_media":0,"comment_status":"closed","ping_status":"closed","sticky":false,"template":"","format":"standard","meta":{"teft_cards_image_url":"","teft_cards_custom_pretitle":"","teft_cards_image_id":660,"teft_cards_image_focal_point_x":0.57,"teft_cards_image_focal_point_y":0.3,"teft_cards_title":"","teft_cards_excerpt":"","teft_show_chapters":false,"author_display_name":"","footnotes":""},"category":[5],"post_tag":[13],"hoyre-visibility":[],"article-type":[],"politician":[],"class_list":["post-659","post","type-post","status-publish","format-standard","hentry","category-nyhetsartikler","tag-kommunestyre"],"yoast_head":"<!-- This site is optimized with the Yoast SEO plugin v26.6 - https:\/\/yoast.com\/wordpress\/plugins\/seo\/ -->\n<title>Kommunestyrem\u00f8te med kollektivtrafikk, barnevern og jobber i sentrum - Melhus H\u00f8yre<\/title>\n<meta name=\"robots\" content=\"index, follow, max-snippet:-1, max-image-preview:large, max-video-preview:-1\" \/>\n<link rel=\"canonical\" href=\"https:\/\/hoyre.no\/melhus\/aktuelt\/kommunestyremote-med-kollektivtrafikk-barnevern-og-jobber-i-sentrum\/\" \/>\n<meta property=\"og:locale\" content=\"nb_NO\" \/>\n<meta property=\"og:type\" content=\"article\" \/>\n<meta property=\"og:title\" content=\"Kommunestyrem\u00f8te med kollektivtrafikk, barnevern og jobber i sentrum - Melhus H\u00f8yre\" \/>\n<meta property=\"og:url\" content=\"https:\/\/hoyre.no\/melhus\/aktuelt\/kommunestyremote-med-kollektivtrafikk-barnevern-og-jobber-i-sentrum\/\" \/>\n<meta property=\"og:site_name\" content=\"Melhus H\u00f8yre\" \/>\n<meta property=\"article:published_time\" content=\"2023-05-23T21:35:00+00:00\" \/>\n<meta property=\"article:modified_time\" content=\"2023-07-10T15:10:20+00:00\" \/>\n<meta property=\"og:image\" content=\"https:\/\/hoyre.no\/content\/uploads\/sites\/293\/2026\/01\/2024-02-13-16.43.56-577x1024.jpg\" \/>\n<meta name=\"author\" content=\"Marius Krogstad Aune\" \/>\n<meta name=\"twitter:card\" content=\"summary_large_image\" \/>\n<meta name=\"twitter:label1\" content=\"Skrevet av\" \/>\n\t<meta name=\"twitter:data1\" content=\"Marius Krogstad Aune\" \/>\n\t<meta name=\"twitter:label2\" content=\"Ansl. lesetid\" \/>\n\t<meta name=\"twitter:data2\" content=\"3 minutter\" \/>\n<script type=\"application\/ld+json\" class=\"yoast-schema-graph\">{\"@context\":\"https:\/\/schema.org\",\"@graph\":[{\"@type\":\"NewsArticle\",\"@id\":\"https:\/\/hoyre.no\/melhus\/aktuelt\/kommunestyremote-med-kollektivtrafikk-barnevern-og-jobber-i-sentrum\/\",\"url\":\"https:\/\/hoyre.no\/melhus\/aktuelt\/kommunestyremote-med-kollektivtrafikk-barnevern-og-jobber-i-sentrum\/\",\"name\":\"Kommunestyrem\u00f8te med kollektivtrafikk, barnevern og jobber i sentrum - Melhus H\u00f8yre\",\"isPartOf\":{\"@id\":\"https:\/\/hoyre.no\/melhus\/#website\"},\"datePublished\":\"2023-05-23T21:35:00+00:00\",\"dateModified\":\"2023-07-10T15:10:20+00:00\",\"author\":{\"@id\":\"https:\/\/hoyre.no\/melhus\/#\/schema\/person\/c34ebda6e678cb85341c38d43f3ffe2c\"},\"breadcrumb\":{\"@id\":\"https:\/\/hoyre.no\/melhus\/aktuelt\/kommunestyremote-med-kollektivtrafikk-barnevern-og-jobber-i-sentrum\/#breadcrumb\"},\"inLanguage\":\"nb-NO\",\"potentialAction\":[{\"@type\":\"ReadAction\",\"target\":[\"https:\/\/hoyre.no\/melhus\/aktuelt\/kommunestyremote-med-kollektivtrafikk-barnevern-og-jobber-i-sentrum\/\"]}]},{\"@type\":\"BreadcrumbList\",\"@id\":\"https:\/\/hoyre.no\/melhus\/aktuelt\/kommunestyremote-med-kollektivtrafikk-barnevern-og-jobber-i-sentrum\/#breadcrumb\",\"itemListElement\":[{\"@type\":\"ListItem\",\"position\":1,\"name\":\"Til hoyre.no\",\"item\":\"https:\/\/hoyre.no\"},{\"@type\":\"ListItem\",\"position\":2,\"name\":\"Hjem\",\"item\":\"https:\/\/hoyre.no\/melhus\/\"},{\"@type\":\"ListItem\",\"position\":3,\"name\":\"Kommunestyrem\u00f8te med kollektivtrafikk, barnevern og jobber i sentrum\"}]},{\"@type\":\"WebSite\",\"@id\":\"https:\/\/hoyre.no\/melhus\/#website\",\"url\":\"https:\/\/hoyre.no\/melhus\/\",\"name\":\"Melhus H\u00f8yre\",\"description\":\"Bare enda et H\u00f8yres nettsteder-nettsted\",\"inLanguage\":\"nb-NO\"},{\"@type\":\"Person\",\"@id\":\"https:\/\/hoyre.no\/melhus\/#\/schema\/person\/c34ebda6e678cb85341c38d43f3ffe2c\",\"name\":\"Marius Krogstad Aune\",\"image\":{\"@type\":\"ImageObject\",\"inLanguage\":\"nb-NO\",\"@id\":\"https:\/\/hoyre.no\/melhus\/#\/schema\/person\/image\/\",\"url\":\"https:\/\/secure.gravatar.com\/avatar\/ca20e5ec5616f43111201905811d2753385e1a29b0d5ad399cbd4f23bafae2fa?s=96&d=mm&r=g\",\"contentUrl\":\"https:\/\/secure.gravatar.com\/avatar\/ca20e5ec5616f43111201905811d2753385e1a29b0d5ad399cbd4f23bafae2fa?s=96&d=mm&r=g\",\"caption\":\"Marius Krogstad Aune\"},\"url\":\"https:\/\/hoyre.no\/melhus\/aktuelt\/author\/m50527159\/\"}]}<\/script>\n<!-- \/ Yoast SEO plugin. -->","yoast_head_json":{"title":"Kommunestyrem\u00f8te med kollektivtrafikk, barnevern og jobber i sentrum - Melhus H\u00f8yre","robots":{"index":"index","follow":"follow","max-snippet":"max-snippet:-1","max-image-preview":"max-image-preview:large","max-video-preview":"max-video-preview:-1"},"canonical":"https:\/\/hoyre.no\/melhus\/aktuelt\/kommunestyremote-med-kollektivtrafikk-barnevern-og-jobber-i-sentrum\/","og_locale":"nb_NO","og_type":"article","og_title":"Kommunestyrem\u00f8te med kollektivtrafikk, barnevern og jobber i sentrum - Melhus H\u00f8yre","og_url":"https:\/\/hoyre.no\/melhus\/aktuelt\/kommunestyremote-med-kollektivtrafikk-barnevern-og-jobber-i-sentrum\/","og_site_name":"Melhus H\u00f8yre","article_published_time":"2023-05-23T21:35:00+00:00","article_modified_time":"2023-07-10T15:10:20+00:00","og_image":[{"url":"https:\/\/hoyre.no\/content\/uploads\/sites\/293\/2026\/01\/2024-02-13-16.43.56-577x1024.jpg","width":"","height":"","type":""}],"author":"Marius Krogstad Aune","twitter_card":"summary_large_image","twitter_misc":{"Skrevet av":"Marius Krogstad Aune","Ansl. lesetid":"3 minutter"},"schema":{"@context":"https:\/\/schema.org","@graph":[{"@type":"NewsArticle","@id":"https:\/\/hoyre.no\/melhus\/aktuelt\/kommunestyremote-med-kollektivtrafikk-barnevern-og-jobber-i-sentrum\/","url":"https:\/\/hoyre.no\/melhus\/aktuelt\/kommunestyremote-med-kollektivtrafikk-barnevern-og-jobber-i-sentrum\/","name":"Kommunestyrem\u00f8te med kollektivtrafikk, barnevern og jobber i sentrum - Melhus H\u00f8yre","isPartOf":{"@id":"https:\/\/hoyre.no\/melhus\/#website"},"datePublished":"2023-05-23T21:35:00+00:00","dateModified":"2023-07-10T15:10:20+00:00","author":{"@id":"https:\/\/hoyre.no\/melhus\/#\/schema\/person\/c34ebda6e678cb85341c38d43f3ffe2c"},"breadcrumb":{"@id":"https:\/\/hoyre.no\/melhus\/aktuelt\/kommunestyremote-med-kollektivtrafikk-barnevern-og-jobber-i-sentrum\/#breadcrumb"},"inLanguage":"nb-NO","potentialAction":[{"@type":"ReadAction","target":["https:\/\/hoyre.no\/melhus\/aktuelt\/kommunestyremote-med-kollektivtrafikk-barnevern-og-jobber-i-sentrum\/"]}]},{"@type":"BreadcrumbList","@id":"https:\/\/hoyre.no\/melhus\/aktuelt\/kommunestyremote-med-kollektivtrafikk-barnevern-og-jobber-i-sentrum\/#breadcrumb","itemListElement":[{"@type":"ListItem","position":1,"name":"Til hoyre.no","item":"https:\/\/hoyre.no"},{"@type":"ListItem","position":2,"name":"Hjem","item":"https:\/\/hoyre.no\/melhus\/"},{"@type":"ListItem","position":3,"name":"Kommunestyrem\u00f8te med kollektivtrafikk, barnevern og jobber i sentrum"}]},{"@type":"WebSite","@id":"https:\/\/hoyre.no\/melhus\/#website","url":"https:\/\/hoyre.no\/melhus\/","name":"Melhus H\u00f8yre","description":"Bare enda et H\u00f8yres nettsteder-nettsted","inLanguage":"nb-NO"},{"@type":"Person","@id":"https:\/\/hoyre.no\/melhus\/#\/schema\/person\/c34ebda6e678cb85341c38d43f3ffe2c","name":"Marius Krogstad Aune","image":{"@type":"ImageObject","inLanguage":"nb-NO","@id":"https:\/\/hoyre.no\/melhus\/#\/schema\/person\/image\/","url":"https:\/\/secure.gravatar.com\/avatar\/ca20e5ec5616f43111201905811d2753385e1a29b0d5ad399cbd4f23bafae2fa?s=96&d=mm&r=g","contentUrl":"https:\/\/secure.gravatar.com\/avatar\/ca20e5ec5616f43111201905811d2753385e1a29b0d5ad399cbd4f23bafae2fa?s=96&d=mm&r=g","caption":"Marius Krogstad Aune"},"url":"https:\/\/hoyre.no\/melhus\/aktuelt\/author\/m50527159\/"}]}},"distributor_meta":false,"distributor_terms":false,"distributor_media":false,"distributor_original_site_name":"Melhus H\u00f8yre","distributor_original_site_url":"https:\/\/hoyre.no\/melhus","push-errors":false,"_links":{"self":[{"href":"https:\/\/hoyre.no\/melhus\/wp-json\/wp\/v2\/posts\/659","targetHints":{"allow":["GET"]}}],"collection":[{"href":"https:\/\/hoyre.no\/melhus\/wp-json\/wp\/v2\/posts"}],"about":[{"href":"https:\/\/hoyre.no\/melhus\/wp-json\/wp\/v2\/types\/post"}],"author":[{"embeddable":true,"href":"https:\/\/hoyre.no\/melhus\/wp-json\/wp\/v2\/users\/220"}],"replies":[{"embeddable":true,"href":"https:\/\/hoyre.no\/melhus\/wp-json\/wp\/v2\/comments?post=659"}],"version-history":[{"count":2,"href":"https:\/\/hoyre.no\/melhus\/wp-json\/wp\/v2\/posts\/659\/revisions"}],"predecessor-version":[{"id":662,"href":"https:\/\/hoyre.no\/melhus\/wp-json\/wp\/v2\/posts\/659\/revisions\/662"}],"wp:attachment":[{"href":"https:\/\/hoyre.no\/melhus\/wp-json\/wp\/v2\/media?parent=659"}],"wp:term":[{"taxonomy":"category","embeddable":true,"href":"https:\/\/hoyre.no\/melhus\/wp-json\/wp\/v2\/category?post=659"},{"taxonomy":"post_tag","embeddable":true,"href":"https:\/\/hoyre.no\/melhus\/wp-json\/wp\/v2\/post_tag?post=659"},{"taxonomy":"hoyre-visibility","embeddable":true,"href":"https:\/\/hoyre.no\/melhus\/wp-json\/wp\/v2\/hoyre-visibility?post=659"},{"taxonomy":"article-type","embeddable":true,"href":"https:\/\/hoyre.no\/melhus\/wp-json\/wp\/v2\/article-type?post=659"},{"taxonomy":"politician","embeddable":true,"href":"https:\/\/hoyre.no\/melhus\/wp-json\/wp\/v2\/politician?post=659"}],"curies":[{"name":"wp","href":"https:\/\/api.w.org\/{rel}","templated":true}]}}