{"id":33,"date":"2018-12-20T23:00:00","date_gmt":"2018-12-20T22:00:00","guid":{"rendered":"https:\/\/hoyre.no\/molde\/aktuelt\/listen_til_kommunevalget_2019_nye_molde_hoyre\/"},"modified":"2018-12-20T23:00:00","modified_gmt":"2018-12-20T22:00:00","slug":"listen_til_kommunevalget_2019_nye_molde_hoyre","status":"publish","type":"post","link":"https:\/\/hoyre.no\/molde\/aktuelt\/listen_til_kommunevalget_2019_nye_molde_hoyre\/","title":{"rendered":"Listen til kommunevalget 2019 Nye Molde H\u00f8yre"},"content":{"rendered":"<p class=\"preamble\">Her er nominasjonskomiteens innstilling til valgliste Nye Molde H\u00f8yre til valget 2019!<\/p>\t\t\t<div class=\"post-meta wp-block teft-byline-wrapper\">\n\t\t\t\t<div class=\"top\">\n\t\t\t\t\t<div class=\"signature\">\n\t\t\t\t\t\t<div class=\"teft-byline\">\n\t\t\t\t\t\t\t\t\t\t\t\t\t\t<div>\n\t\t\t\t\t\t\t\t<h3>H\u00f8yres redaksjon<\/h3>\t\t\t\t\t\t\t\t\n\t\t\t\t\t\t\t\t\t\t\t\t\t\t\t\t\t<span class=\"date\">Sist oppdatert: 20. desember 2018<\/span>\n\t\t\t\t\t\t\t\t\t\t\t\t\t\t\t\t\t\t\t\t\t\t\t\t\t<span class=\"reading-time\" itemprop=\"timeRequired\" content=\"PT2M\"><em>Ca. 2 minutter lesetid<\/em><\/span>\n\t\t\t\t\t\t\t\t\t\t\t\t\t\t\t<\/div>\n\t\t\t\t\t\t<\/div>\n\t\t\t\t\t<\/div>\n\t\t\t\t\t\t<div class=\"sharing\">\n\t\t<a class=\"share-button share-link copy-link\" data-copy=\"https:\/\/hoyre.no\/molde\/aktuelt\/listen_til_kommunevalget_2019_nye_molde_hoyre\/\" target=\"_blank\"><span class=\"screen-reader-text\">Del link<\/span><\/a>\n\t\t<a class=\"share-button share-twitter\" href=\"http:\/\/twitter.com\/share?text=Listen til kommunevalget 2019 Nye Molde H\u00f8yre&#038;url=https:\/\/hoyre.no\/molde\/aktuelt\/listen_til_kommunevalget_2019_nye_molde_hoyre\/&#038;hashtags=Hoyre\" target=\"_blank\"><span class=\"screen-reader-text\">Del p\u00e5 twitter<\/span><\/a>\n\t\t<a class=\"share-button share-facebook\" href=\"https:\/\/www.facebook.com\/sharer\/sharer.php?u=https:\/\/hoyre.no\/molde\/aktuelt\/listen_til_kommunevalget_2019_nye_molde_hoyre\/\" target=\"_blank\"><span class=\"screen-reader-text\">Del p\u00e5 facebook<\/span><\/a>\n\t<\/div>\n\t\t\t\t\t<\/div>\n\t\t\t<\/div>\n\n\t\t\t<figure class=\"hoyre-image-wrapper\"><div class=\"hoyre-image\"><img loading=\"lazy\" decoding=\"async\" width=\"960\" height=\"640\" src=\"https:\/\/hoyre.no\/content\/uploads\/sites\/102\/2020\/11\/e92eb014_a471_457f_8.jpg\" class=\"attachment-scaled size-scaled\" alt=\"\" style=\"object-position: 50% 50%\" srcset=\"https:\/\/hoyre.no\/content\/uploads\/sites\/102\/2020\/11\/e92eb014_a471_457f_8.jpg 960w, https:\/\/hoyre.no\/content\/uploads\/sites\/102\/2020\/11\/e92eb014_a471_457f_8-300x200.jpg 300w, https:\/\/hoyre.no\/content\/uploads\/sites\/102\/2020\/11\/e92eb014_a471_457f_8-768x512.jpg 768w\" sizes=\"auto, (max-width: 960px) 100vw, 960px\" \/><\/div><\/figure><div id=\"hoyre-old-article-content-wrapper\"><table width=\"380\" border=\"0\" cellspacing=\"0\" cellpadding=\"0\"><colgroup><col width=\"28\" \/><col width=\"271\" \/><col width=\"81\" \/><\/colgroup><tbody><tr height=\"18\"><td width=\"28\" height=\"53\" rowspan=\"2\"><strong><\/strong><br \/><\/td><td width=\"271\" rowspan=\"2\"><strong>Navn<\/strong><\/td><td width=\"81\" rowspan=\"2\"><strong>Kommune<\/strong><\/td><\/tr><tr height=\"35\"><\/tr><tr height=\"23\"><td width=\"28\" height=\"23\">1 K<\/td><td width=\"271\">Torgeir Dahl<\/td><td width=\"81\">Molde<\/td><\/tr><tr height=\"20\"><td width=\"28\" height=\"20\">2 K<\/td><td width=\"271\">Inger Lise Tr\u00f8nningsdal<\/td><td width=\"81\">Midsund<\/td><\/tr><tr height=\"20\"><td width=\"28\" height=\"20\">3 K<\/td><td width=\"271\">Rolf Jonas Hurlen<\/td><td width=\"81\">Nesset<\/td><\/tr><tr height=\"19\"><td width=\"28\" height=\"19\">4<\/td><td width=\"271\">Nerland Celine (UH)<\/td><td width=\"81\">Molde<\/td><\/tr><tr height=\"19\"><td width=\"28\" height=\"19\">5<\/td><td width=\"271\">S\u00f8rlie Adrian <\/td><td width=\"81\">Midsund<\/td><\/tr><tr height=\"19\"><td width=\"28\" height=\"19\">6<\/td><td width=\"271\">Tenn\u00f8y Britt Janne<\/td><td width=\"81\">Molde<\/td><\/tr><tr height=\"20\"><td width=\"28\" height=\"20\">7<\/td><td width=\"271\">Blakstad Geir<\/td><td width=\"81\">Molde<\/td><\/tr><tr height=\"19\"><td width=\"28\" height=\"19\">8<\/td><td width=\"271\">Dahl Kristine Gautvik<\/td><td width=\"81\">Molde<\/td><\/tr><tr height=\"20\"><td width=\"28\" height=\"20\">9<\/td><td width=\"271\">Grydeland Trygve <\/td><td width=\"81\">Molde<\/td><\/tr><tr height=\"19\"><td width=\"28\" height=\"19\">10<\/td><td>Sj\u00f8li Anne Karin <\/td><td>Nesset<\/td><\/tr><tr height=\"19\"><td width=\"28\" height=\"19\">11<\/td><td>Aasan Leif Erling<\/td><td width=\"81\">Nesset<\/td><\/tr><tr height=\"19\"><td width=\"28\" height=\"19\">12<\/td><td width=\"271\">Dyrkorn Torunn <\/td><td width=\"81\">Molde<\/td><\/tr><tr height=\"21\"><td width=\"28\" height=\"21\">13<\/td><td width=\"271\">Talleraas Anders <\/td><td width=\"81\">Molde<\/td><\/tr><tr height=\"19\"><td width=\"28\" height=\"19\">14<\/td><td width=\"271\">Mauset Eva Brit<\/td><td width=\"81\">Molde<\/td><\/tr><tr height=\"19\"><td width=\"28\" height=\"19\">15<\/td><td width=\"271\">R\u00f8sberg Rolf Helge<\/td><td width=\"81\">Molde<\/td><\/tr><tr height=\"19\"><td width=\"28\" height=\"19\">16<\/td><td width=\"271\">Monge M\u00e5lfrid Oddny<\/td><td width=\"81\">Molde<\/td><\/tr><tr height=\"19\"><td width=\"28\" height=\"19\">17<\/td><td width=\"271\">\u00d8verb\u00f8 Per<\/td><td width=\"81\">Molde<\/td><\/tr><tr height=\"19\"><td width=\"28\" height=\"19\">18<\/td><td width=\"271\">Forset Ellen Ingeborg<\/td><td width=\"81\">Molde<\/td><\/tr><tr height=\"20\"><td width=\"28\" height=\"20\">19<\/td><td width=\"271\">Witz\u00f8e Olav Erik <\/td><td width=\"81\">Molde<\/td><\/tr><tr height=\"19\"><td width=\"28\" height=\"19\">20<\/td><td width=\"271\">Bergset H\u00e5kon (UH)<\/td><td width=\"81\">Molde<\/td><\/tr><tr height=\"19\"><td width=\"28\" height=\"19\">21<\/td><td width=\"271\">Bugge Knut Arne<\/td><td width=\"81\">Nesset<\/td><\/tr><tr height=\"19\"><td width=\"28\" height=\"19\">22<\/td><td>Danielsen Kjell Harrald<\/td><td>Molde<\/td><\/tr><tr height=\"19\"><td width=\"28\" height=\"19\">23<\/td><td>Edvardsen Sissel H\u00f8gset<\/td><td>Midsund<\/td><\/tr><tr height=\"19\"><td width=\"28\" height=\"19\">24<\/td><td width=\"271\">Fev\u00e5g Ingrid Kruse<\/td><td width=\"81\">Molde<\/td><\/tr><tr height=\"20\"><td width=\"28\" height=\"20\">25<\/td><td>Finnset Rune<\/td><td>Nesset<\/td><\/tr><tr height=\"19\"><td width=\"28\" height=\"19\">26<\/td><td>Gjerland Olav<\/td><td>Molde<\/td><\/tr><tr height=\"19\"><td width=\"28\" height=\"19\">27<\/td><td>Gussi\u00e5s Kristine<\/td><td>Nesset<\/td><\/tr><tr height=\"19\"><td width=\"28\" height=\"19\">28<\/td><td>Haukeb\u00f8 Torgeir<\/td><td>Molde<\/td><\/tr><tr height=\"20\"><td width=\"28\" height=\"20\">29<\/td><td>Hjelset Trygve<\/td><td>Molde<\/td><\/tr><tr height=\"19\"><td width=\"28\" height=\"19\">30<\/td><td>Hoddevik Rune<\/td><td>Molde<\/td><\/tr><tr height=\"19\"><td width=\"28\" height=\"19\">31<\/td><td width=\"271\">H\u00e5nes Andrea Volden<\/td><td width=\"81\">Midsund<\/td><\/tr><tr height=\"20\"><td width=\"28\" height=\"20\">32<\/td><td width=\"271\">Langset Odd Arne<\/td><td width=\"81\">Molde<\/td><\/tr><tr height=\"19\"><td width=\"28\" height=\"19\">33<\/td><td>Listaul Vigdis<\/td><td>Nesset<\/td><\/tr><tr height=\"19\"><td width=\"28\" height=\"19\">34<\/td><td width=\"271\">Midthaug Rune<\/td><td width=\"81\">Molde<\/td><\/tr><tr height=\"19\"><td width=\"28\" height=\"19\">35<\/td><td width=\"271\">Molton Joakim<\/td><td width=\"81\">Nesset<\/td><\/tr><tr height=\"19\"><td width=\"28\" height=\"19\">36<\/td><td>Nerli Elisabeth<\/td><td>Molde<\/td><\/tr><tr height=\"20\"><td width=\"28\" height=\"20\">37<\/td><td width=\"271\">Olsen Einar<\/td><td width=\"81\">Nesset<\/td><\/tr><tr height=\"19\"><td width=\"28\" height=\"19\">38<\/td><td>Oppig\u00e5rd Hilde<\/td><td>Molde<\/td><\/tr><tr height=\"20\"><td width=\"28\" height=\"20\">39<\/td><td>Opstad Terje Silset<\/td><td>Midsund<\/td><\/tr><tr height=\"19\"><td width=\"28\" height=\"19\">40<\/td><td width=\"271\">Orset Hans Arne<\/td><td width=\"81\">Molde<\/td><\/tr><tr height=\"20\"><td width=\"28\" height=\"20\">41<\/td><td width=\"271\">Rakv\u00e5g Fredrik<\/td><td width=\"81\">Molde<\/td><\/tr><tr height=\"20\"><td width=\"28\" height=\"20\">42<\/td><td>Rotaru Svetlana<\/td><td>Molde<\/td><\/tr><tr height=\"19\"><td width=\"28\" height=\"19\">43<\/td><td>R\u00f8berg Arnfinn<\/td><td>Midsund<\/td><\/tr><tr height=\"19\"><td width=\"28\" height=\"19\">44<\/td><td>Silseth Stig Bjarne<\/td><td>Nesset<\/td><\/tr><tr height=\"20\"><td width=\"28\" height=\"20\">45<\/td><td>Simonsen Anne Lise<\/td><td>Molde<\/td><\/tr><tr height=\"20\"><td width=\"28\" height=\"20\">46<\/td><td>Skj\u00f8rs\u00e6ther Erik<\/td><td>Nesset<\/td><\/tr><tr height=\"20\"><td width=\"28\" height=\"20\">47<\/td><td>Skj\u00f8rs\u00e6ther Tone<\/td><td>Nesset<\/td><\/tr><tr height=\"19\"><td width=\"28\" height=\"19\">48<\/td><td>Stenseth Eivind<\/td><td>Molde<\/td><\/tr><tr height=\"19\"><td width=\"28\" height=\"19\">49<\/td><td width=\"271\">Strand Inger Siri<\/td><td width=\"81\">Molde<\/td><\/tr><tr height=\"19\"><td width=\"28\" height=\"19\">50<\/td><td width=\"271\">St\u00f8len Kolbj\u00f8rn Ove<\/td><td width=\"81\">Midsund<\/td><\/tr><tr height=\"19\"><td width=\"28\" height=\"19\">51<\/td><td>S\u00f8rlie Mats Remi<\/td><td>Midsund<\/td><\/tr><tr height=\"19\"><td width=\"28\" height=\"19\">52<\/td><td>Vestad \u00c5smund<\/td><td>Molde<\/td><\/tr><tr height=\"19\"><td width=\"28\" height=\"19\">53<\/td><td>Vevang Tor Olav<\/td><td>Nesset<\/td><\/tr><tr height=\"19\"><td width=\"28\" height=\"19\">54<\/td><td>Volden Gunnar<\/td><td>Molde<\/td><\/tr><tr height=\"20\"><td width=\"28\" height=\"20\">55<\/td><td width=\"271\">Wold Cecilie<\/td><td width=\"81\">Molde<\/td><\/tr><tr height=\"19\"><td width=\"28\" height=\"19\">57<\/td><td width=\"271\">\u00d8veraas Amund<\/td><td width=\"81\">Nesset<\/td><\/tr><\/tbody><\/table><br \/>Nominasjonskomiteen har best\u00e5tt av;<p> Frank Gerald Lien, leder (Molde)<br \/> Sigrunn Talsethagen (Molde, senior H\u00f8yre)<br \/> Svein Arild S\u00e6ttem (Molde)<br \/> Aslaug Jenset Sanden (Midsund)<br \/> Randi Anna H\u00e5nes (Midsund)<br \/> Falk Daniler L\u00e5mar \u00d8veraas (Unge H\u00f8yre)<br \/> Rune Skj\u00f8rsether (Nesset) <\/p><p> P\u00e5 bildet: v\u00e5r alles kj\u00e6re ordf\u00f8rer og ordf\u00f8rerkandidat til neste periode, Torgeir Dahl <\/p><p>(K foran navnet betyr at kandidatene er kumulert. I dette tilfellet for \u00e5 s\u00f8rge for at kandidater fra de tre kommunene blir representert p\u00e5 toppen av listen i nye Molde H\u00f8yre i nye Molde kommune)<\/p><p><br \/><\/p><\/div>\n<div class=\"tags\">\n\t<\/div>\n<div class=\"post-footer alignfull has-background block-editor-block-list__block\" data-align=full>\n\t<div class=\"post-footer-inner\">\n\t\t<h3>Relaterte artikler<\/h3>\n\t\t<div class=\"related-content\"><div class=\"is-card-hoyre\">\n\t<div class=\"teft-card hoyre-teft-card post-teft-card\">\n\t\t<a href=\"https:\/\/hoyre.no\/molde\/aktuelt\/nominasjons-komite-til-kommunevalget-i-2027\/\" class=\"teft-card__primary-action\">\n\n\t\t\t<div class=\"teft-card__media teft-card__media--16-9 no-image\"><\/div>\n\t\t\t<div class=\"teft-card__content-wrapper\">\n\t\t\t\t<div class=\"teft-card__secondary\">\n\t\t\t\t\t\n\t\t\t\t\t\t\t\t<div class=\"teft-card__meta\">\n\t\t\t\t\t\t\t\t\t<span class=\"post-date\">24. mar 2026<\/span>\n\n\t\t\t\t\t\t\t\t\t\t\t\t\t\t\t\t\t<\/div>\n\t\t\t\t\t\t\t\t\t\t\t<\/div>\n\n\t\t\t\t<div class=\"teft-card__primary\">\n\t\t\t\t\t<h2 class=\"teft-card__title\">Nominasjons-komite til kommunevalget i 2027&nbsp;<span class=\"teft-card__primary-title-append\"><\/span><\/h2>\t\t\t\t<\/div>\n\t\t\t<\/div>\n\t\t<\/a>\n\t<\/div>\n\n\t<\/div><div class=\"is-card-hoyre\">\n\t<div class=\"teft-card hoyre-teft-card post-teft-card\">\n\t\t<a href=\"https:\/\/hoyre.no\/molde\/aktuelt\/politisk-regnskap\/\" class=\"teft-card__primary-action\">\n\n\t\t\t\t\t<div class=\"teft-card__media teft-card__media--16-9\">\n\t\t\t\t\t\t<img loading=\"lazy\" decoding=\"async\" width=\"768\" height=\"432\" src=\"https:\/\/hoyre.no\/content\/uploads\/sites\/102\/2023\/08\/Molde-sentrum_sjofronten_rosa_september-2022-Molde-kommune-768x432.jpg\" class=\"attachment-medium_large size-medium_large\" alt=\"\" srcset=\"https:\/\/hoyre.no\/content\/uploads\/sites\/102\/2023\/08\/Molde-sentrum_sjofronten_rosa_september-2022-Molde-kommune-768x432.jpg 768w, https:\/\/hoyre.no\/content\/uploads\/sites\/102\/2023\/08\/Molde-sentrum_sjofronten_rosa_september-2022-Molde-kommune-300x169.jpg 300w, https:\/\/hoyre.no\/content\/uploads\/sites\/102\/2023\/08\/Molde-sentrum_sjofronten_rosa_september-2022-Molde-kommune-1024x576.jpg 1024w, https:\/\/hoyre.no\/content\/uploads\/sites\/102\/2023\/08\/Molde-sentrum_sjofronten_rosa_september-2022-Molde-kommune-1536x864.jpg 1536w, https:\/\/hoyre.no\/content\/uploads\/sites\/102\/2023\/08\/Molde-sentrum_sjofronten_rosa_september-2022-Molde-kommune-2048x1152.jpg 2048w\" sizes=\"auto, (max-width: 768px) 100vw, 768px\" \/>\t\t<\/div>\n\t\t\n\t\t\t<div class=\"teft-card__content-wrapper\">\n\t\t\t\t<div class=\"teft-card__secondary\">\n\t\t\t\t\t\n\t\t\t\t\t\t\t\t<div class=\"teft-card__meta\">\n\t\t\t\t\t\t\t\t\t<span class=\"post-date\">29. aug 2023<\/span>\n\n\t\t\t\t\t\t\t\t\t\t\t\t\t\t\t\t\t<\/div>\n\t\t\t\t\t\t\t\t\t\t\t<\/div>\n\n\t\t\t\t<div class=\"teft-card__primary\">\n\t\t\t\t\t<h2 class=\"teft-card__title\">Politisk regnskap for Molde H\u00f8yre&nbsp;<span class=\"teft-card__primary-title-append\"><\/span><\/h2>\t\t\t\t<\/div>\n\t\t\t<\/div>\n\t\t<\/a>\n\t<\/div>\n\n\t<\/div><div class=\"is-card-hoyre\">\n\t<div class=\"teft-card hoyre-teft-card post-teft-card\">\n\t\t<a href=\"https:\/\/hoyre.no\/molde\/aktuelt\/les-hele-programmet-vart\/\" class=\"teft-card__primary-action\">\n\n\t\t\t<div class=\"teft-card__media teft-card__media--16-9 no-image\"><\/div>\n\t\t\t<div class=\"teft-card__content-wrapper\">\n\t\t\t\t<div class=\"teft-card__secondary\">\n\t\t\t\t\t\n\t\t\t\t\t\t\t\t<div class=\"teft-card__meta\">\n\t\t\t\t\t\t\t\t\t<span class=\"post-date\">17. aug 2023<\/span>\n\n\t\t\t\t\t\t\t\t\t\t\t\t\t\t\t\t\t<\/div>\n\t\t\t\t\t\t\t\t\t\t\t<\/div>\n\n\t\t\t\t<div class=\"teft-card__primary\">\n\t\t\t\t\t<h2 class=\"teft-card__title\">Les hele programmet v\u00e5rt!&nbsp;<span class=\"teft-card__primary-title-append\"><\/span><\/h2>\t\t\t\t<\/div>\n\t\t\t<\/div>\n\t\t<\/a>\n\t<\/div>\n\n\t<\/div><\/div>\t<\/div>\n<\/div>\n","protected":false},"excerpt":{"rendered":"","protected":false},"author":0,"featured_media":0,"comment_status":"closed","ping_status":"closed","sticky":false,"template":"","format":"standard","meta":{"teft_cards_image_url":"https:\/\/hoyre.no\/content\/uploads\/sites\/102\/2020\/11\/e92eb014_a471_457f_8.jpg","teft_cards_custom_pretitle":"","teft_cards_image_id":32,"teft_cards_image_focal_point_x":0,"teft_cards_image_focal_point_y":0,"teft_cards_title":"","teft_cards_excerpt":"","teft_show_chapters":false,"author_display_name":"Nye Molde H\u00f8yre","footnotes":""},"category":[1],"post_tag":[],"hoyre-visibility":[],"article-type":[],"politician":[],"class_list":["post-33","post","type-post","status-publish","format-standard","hentry","category-ukategorisert"],"yoast_head":"<!-- This site is optimized with the Yoast SEO plugin v26.6 - https:\/\/yoast.com\/wordpress\/plugins\/seo\/ -->\n<title>Listen til kommunevalget 2019 Nye Molde H\u00f8yre - Molde H\u00f8yre<\/title>\n<meta name=\"robots\" content=\"index, follow, max-snippet:-1, max-image-preview:large, max-video-preview:-1\" \/>\n<link rel=\"canonical\" href=\"https:\/\/hoyre.no\/molde\/aktuelt\/listen_til_kommunevalget_2019_nye_molde_hoyre\/\" \/>\n<meta property=\"og:locale\" content=\"nb_NO\" \/>\n<meta property=\"og:type\" content=\"article\" \/>\n<meta property=\"og:title\" content=\"Listen til kommunevalget 2019 Nye Molde H\u00f8yre - Molde H\u00f8yre\" \/>\n<meta property=\"og:url\" content=\"https:\/\/hoyre.no\/molde\/aktuelt\/listen_til_kommunevalget_2019_nye_molde_hoyre\/\" \/>\n<meta property=\"og:site_name\" content=\"Molde H\u00f8yre\" \/>\n<meta property=\"article:author\" content=\"https:\/\/www.facebook.com\/trygveg\" \/>\n<meta property=\"article:published_time\" content=\"2018-12-20T22:00:00+00:00\" \/>\n<meta property=\"og:image\" content=\"https:\/\/hoyre.no\/content\/uploads\/sites\/102\/2022\/11\/Hoyres-logo.png\" \/>\n\t<meta property=\"og:image:width\" content=\"1000\" \/>\n\t<meta property=\"og:image:height\" content=\"1000\" \/>\n\t<meta property=\"og:image:type\" content=\"image\/png\" \/>\n<meta name=\"twitter:card\" content=\"summary_large_image\" \/>\n<meta name=\"twitter:label1\" content=\"Ansl. lesetid\" \/>\n\t<meta name=\"twitter:data1\" content=\"1 minutt\" \/>\n<script type=\"application\/ld+json\" class=\"yoast-schema-graph\">{\"@context\":\"https:\/\/schema.org\",\"@graph\":[{\"@type\":\"NewsArticle\",\"@id\":\"https:\/\/hoyre.no\/molde\/aktuelt\/listen_til_kommunevalget_2019_nye_molde_hoyre\/\",\"url\":\"https:\/\/hoyre.no\/molde\/aktuelt\/listen_til_kommunevalget_2019_nye_molde_hoyre\/\",\"name\":\"Listen til kommunevalget 2019 Nye Molde H\u00f8yre - Molde H\u00f8yre\",\"isPartOf\":{\"@id\":\"https:\/\/hoyre.no\/molde\/#website\"},\"datePublished\":\"2018-12-20T22:00:00+00:00\",\"author\":{\"@id\":\"\"},\"breadcrumb\":{\"@id\":\"https:\/\/hoyre.no\/molde\/aktuelt\/listen_til_kommunevalget_2019_nye_molde_hoyre\/#breadcrumb\"},\"inLanguage\":\"nb-NO\",\"potentialAction\":[{\"@type\":\"ReadAction\",\"target\":[\"https:\/\/hoyre.no\/molde\/aktuelt\/listen_til_kommunevalget_2019_nye_molde_hoyre\/\"]}]},{\"@type\":\"BreadcrumbList\",\"@id\":\"https:\/\/hoyre.no\/molde\/aktuelt\/listen_til_kommunevalget_2019_nye_molde_hoyre\/#breadcrumb\",\"itemListElement\":[{\"@type\":\"ListItem\",\"position\":1,\"name\":\"Til hoyre.no\",\"item\":\"https:\/\/hoyre.no\"},{\"@type\":\"ListItem\",\"position\":2,\"name\":\"Hjem\",\"item\":\"https:\/\/hoyre.no\/molde\/\"},{\"@type\":\"ListItem\",\"position\":3,\"name\":\"Listen til kommunevalget 2019 Nye Molde H\u00f8yre\"}]},{\"@type\":\"WebSite\",\"@id\":\"https:\/\/hoyre.no\/molde\/#website\",\"url\":\"https:\/\/hoyre.no\/molde\/\",\"name\":\"Molde H\u00f8yre\",\"description\":\"Bare enda et H\u00f8yres nettsteder-nettsted\",\"inLanguage\":\"nb-NO\"}]}<\/script>\n<!-- \/ Yoast SEO plugin. -->","yoast_head_json":{"title":"Listen til kommunevalget 2019 Nye Molde H\u00f8yre - Molde H\u00f8yre","robots":{"index":"index","follow":"follow","max-snippet":"max-snippet:-1","max-image-preview":"max-image-preview:large","max-video-preview":"max-video-preview:-1"},"canonical":"https:\/\/hoyre.no\/molde\/aktuelt\/listen_til_kommunevalget_2019_nye_molde_hoyre\/","og_locale":"nb_NO","og_type":"article","og_title":"Listen til kommunevalget 2019 Nye Molde H\u00f8yre - Molde H\u00f8yre","og_url":"https:\/\/hoyre.no\/molde\/aktuelt\/listen_til_kommunevalget_2019_nye_molde_hoyre\/","og_site_name":"Molde H\u00f8yre","article_author":"https:\/\/www.facebook.com\/trygveg","article_published_time":"2018-12-20T22:00:00+00:00","og_image":[{"width":1000,"height":1000,"url":"https:\/\/hoyre.no\/content\/uploads\/sites\/102\/2022\/11\/Hoyres-logo.png","type":"image\/png"}],"twitter_card":"summary_large_image","twitter_misc":{"Ansl. lesetid":"1 minutt"},"schema":{"@context":"https:\/\/schema.org","@graph":[{"@type":"NewsArticle","@id":"https:\/\/hoyre.no\/molde\/aktuelt\/listen_til_kommunevalget_2019_nye_molde_hoyre\/","url":"https:\/\/hoyre.no\/molde\/aktuelt\/listen_til_kommunevalget_2019_nye_molde_hoyre\/","name":"Listen til kommunevalget 2019 Nye Molde H\u00f8yre - Molde H\u00f8yre","isPartOf":{"@id":"https:\/\/hoyre.no\/molde\/#website"},"datePublished":"2018-12-20T22:00:00+00:00","author":{"@id":""},"breadcrumb":{"@id":"https:\/\/hoyre.no\/molde\/aktuelt\/listen_til_kommunevalget_2019_nye_molde_hoyre\/#breadcrumb"},"inLanguage":"nb-NO","potentialAction":[{"@type":"ReadAction","target":["https:\/\/hoyre.no\/molde\/aktuelt\/listen_til_kommunevalget_2019_nye_molde_hoyre\/"]}]},{"@type":"BreadcrumbList","@id":"https:\/\/hoyre.no\/molde\/aktuelt\/listen_til_kommunevalget_2019_nye_molde_hoyre\/#breadcrumb","itemListElement":[{"@type":"ListItem","position":1,"name":"Til hoyre.no","item":"https:\/\/hoyre.no"},{"@type":"ListItem","position":2,"name":"Hjem","item":"https:\/\/hoyre.no\/molde\/"},{"@type":"ListItem","position":3,"name":"Listen til kommunevalget 2019 Nye Molde H\u00f8yre"}]},{"@type":"WebSite","@id":"https:\/\/hoyre.no\/molde\/#website","url":"https:\/\/hoyre.no\/molde\/","name":"Molde H\u00f8yre","description":"Bare enda et H\u00f8yres nettsteder-nettsted","inLanguage":"nb-NO"}]}},"distributor_meta":false,"distributor_terms":false,"distributor_media":false,"distributor_original_site_name":"Molde H\u00f8yre","distributor_original_site_url":"https:\/\/hoyre.no\/molde","push-errors":false,"_links":{"self":[{"href":"https:\/\/hoyre.no\/molde\/wp-json\/wp\/v2\/posts\/33","targetHints":{"allow":["GET"]}}],"collection":[{"href":"https:\/\/hoyre.no\/molde\/wp-json\/wp\/v2\/posts"}],"about":[{"href":"https:\/\/hoyre.no\/molde\/wp-json\/wp\/v2\/types\/post"}],"replies":[{"embeddable":true,"href":"https:\/\/hoyre.no\/molde\/wp-json\/wp\/v2\/comments?post=33"}],"version-history":[{"count":0,"href":"https:\/\/hoyre.no\/molde\/wp-json\/wp\/v2\/posts\/33\/revisions"}],"wp:attachment":[{"href":"https:\/\/hoyre.no\/molde\/wp-json\/wp\/v2\/media?parent=33"}],"wp:term":[{"taxonomy":"category","embeddable":true,"href":"https:\/\/hoyre.no\/molde\/wp-json\/wp\/v2\/category?post=33"},{"taxonomy":"post_tag","embeddable":true,"href":"https:\/\/hoyre.no\/molde\/wp-json\/wp\/v2\/post_tag?post=33"},{"taxonomy":"hoyre-visibility","embeddable":true,"href":"https:\/\/hoyre.no\/molde\/wp-json\/wp\/v2\/hoyre-visibility?post=33"},{"taxonomy":"article-type","embeddable":true,"href":"https:\/\/hoyre.no\/molde\/wp-json\/wp\/v2\/article-type?post=33"},{"taxonomy":"politician","embeddable":true,"href":"https:\/\/hoyre.no\/molde\/wp-json\/wp\/v2\/politician?post=33"}],"curies":[{"name":"wp","href":"https:\/\/api.w.org\/{rel}","templated":true}]}}