{"id":41,"date":"2017-05-25T22:00:00","date_gmt":"2017-05-25T20:00:00","guid":{"rendered":"https:\/\/hoyre.no\/molde\/aktuelt\/molde-kommune-tar-ut\/"},"modified":"2017-05-25T22:00:00","modified_gmt":"2017-05-25T20:00:00","slug":"molde-kommune-tar-ut","status":"publish","type":"post","link":"https:\/\/hoyre.no\/molde\/aktuelt\/molde-kommune-tar-ut\/","title":{"rendered":"Molde kommune tar utfordringen! Flytter middagsserveringen til middagstid"},"content":{"rendered":"<p class=\"preamble\">En viktig sak for helseminister Bent H\u00f8ie og for Molde H\u00f8yre, er at de eldre serveres god og ern\u00e6ringsrik mat, &#8211; til riktig tid. N\u00e5 er eldreinstitusjonene v\u00e5re allerede i gang med omlegging av rutiner. Servering av middag kl. 16, ikke kl. 13. Uten ekstra kostnader og investeringer!<\/p>\t\t\t<div class=\"post-meta wp-block teft-byline-wrapper\">\n\t\t\t\t<div class=\"top\">\n\t\t\t\t\t<div class=\"signature\">\n\t\t\t\t\t\t<div class=\"teft-byline\">\n\t\t\t\t\t\t\t\t\t\t\t\t\t\t<div>\n\t\t\t\t\t\t\t\t<h3>H\u00f8yres redaksjon<\/h3>\t\t\t\t\t\t\t\t\n\t\t\t\t\t\t\t\t\t\t\t\t\t\t\t\t\t<span class=\"date\">Sist oppdatert: 25. mai 2017<\/span>\n\t\t\t\t\t\t\t\t\t\t\t\t\t\t\t\t\t\t\t\t\t\t\t\t\t<span class=\"reading-time\" itemprop=\"timeRequired\" content=\"PT3M\"><em>Ca. 3 minutter lesetid<\/em><\/span>\n\t\t\t\t\t\t\t\t\t\t\t\t\t\t\t<\/div>\n\t\t\t\t\t\t<\/div>\n\t\t\t\t\t<\/div>\n\t\t\t\t\t\t<div class=\"sharing\">\n\t\t<a class=\"share-button share-link copy-link\" data-copy=\"https:\/\/hoyre.no\/molde\/aktuelt\/molde-kommune-tar-ut\/\" target=\"_blank\"><span class=\"screen-reader-text\">Del link<\/span><\/a>\n\t\t<a class=\"share-button share-twitter\" href=\"http:\/\/twitter.com\/share?text=Molde kommune tar utfordringen! Flytter middagsserveringen til middagstid&#038;url=https:\/\/hoyre.no\/molde\/aktuelt\/molde-kommune-tar-ut\/&#038;hashtags=Hoyre\" target=\"_blank\"><span class=\"screen-reader-text\">Del p\u00e5 twitter<\/span><\/a>\n\t\t<a class=\"share-button share-facebook\" href=\"https:\/\/www.facebook.com\/sharer\/sharer.php?u=https:\/\/hoyre.no\/molde\/aktuelt\/molde-kommune-tar-ut\/\" target=\"_blank\"><span class=\"screen-reader-text\">Del p\u00e5 facebook<\/span><\/a>\n\t<\/div>\n\t\t\t\t\t<\/div>\n\t\t\t<\/div>\n\n\t\t\t<figure class=\"hoyre-image-wrapper\"><div class=\"hoyre-image\"><img loading=\"lazy\" decoding=\"async\" width=\"2560\" height=\"1919\" src=\"https:\/\/hoyre.no\/content\/uploads\/sites\/102\/2020\/11\/img-0708_1-scaled.jpg\" class=\"attachment-scaled size-scaled\" alt=\"\" style=\"object-position: 50% 50%\" srcset=\"https:\/\/hoyre.no\/content\/uploads\/sites\/102\/2020\/11\/img-0708_1-scaled.jpg 2560w, https:\/\/hoyre.no\/content\/uploads\/sites\/102\/2020\/11\/img-0708_1-300x225.jpg 300w, https:\/\/hoyre.no\/content\/uploads\/sites\/102\/2020\/11\/img-0708_1-1024x767.jpg 1024w, https:\/\/hoyre.no\/content\/uploads\/sites\/102\/2020\/11\/img-0708_1-768x576.jpg 768w, https:\/\/hoyre.no\/content\/uploads\/sites\/102\/2020\/11\/img-0708_1-1536x1151.jpg 1536w, https:\/\/hoyre.no\/content\/uploads\/sites\/102\/2020\/11\/img-0708_1-2048x1535.jpg 2048w\" sizes=\"auto, (max-width: 2560px) 100vw, 2560px\" \/><\/div><\/figure><div id=\"hoyre-old-article-content-wrapper\"><p>Vi m\u00e5 se p\u00e5 n\u00e5r middagen serveres i v\u00e5re eldreinstitusjoner.Dette fordi det kommer frem at mange kommuner har servert middag til lunsjtider, dette gjelder ogs\u00e5 i Molde kommune. N\u00e5r de eldre har f\u00e5tt sin middagstallerken foran seg tidlig p\u00e5 dagen, like etter frokost kl. 11, rekker de kanskje ikke \u00e5 bli sultne f\u00f8r ny servering og maten kan bli st\u00e5ende ur\u00f8rt foran dem. <br \/><\/p><p>Helseminister Bent H\u00f8ie har utfordret kommunene til \u00e5 ta tak i denne utfordringen. Som medlem i drift- og forvaltingsutvalget videreformidlet jeg denne utfordringen til R\u00e5dmannen tidlig p\u00e5 denne siden av \u00e5ret. Dette er noe jeg brenner for, fordi jeg tror dette er til det beste for beboerne med hensyn til ern\u00e6ring, trivsel og livskvalitet. <\/p><p>Vi kan lett sette oss inn i situasjonen selv siden de fleste av oss ikke spiser middag midt p\u00e5 dagen. N\u00e5r middagen flyttes fra formiddag til ettermiddag rekker de eldre \u00e5 bli sultne, og de vil f\u00e5 mer tid til aktiviteter, noe som piffer opp b\u00e5deappetitten og \u00f8ker trivselen. Erfaring fra andre steder viser at beboerne spiser mer, legger p\u00e5 seg og har h\u00f8yrere trivsel i hverdagen.  <br \/><\/p><p>Jeg er b\u00e5de glad og imponert over at vi allerede har kommet i gang med dette prosjektet p\u00e5 flere av v\u00e5re omsorgssenter. Og de andre er ogs\u00e5 i &laquo;kj\u00f8mda&raquo; har jeg f\u00e5tt vite. Bra! <\/p><p>Kleive Sjukehjem og Omsorgssenter, samt Sk\u00e5la Omsorgssenter har v\u00e6rt i gang siden mars. Bergmo Omsorgssenter skal starte opp i august. <\/p><p>Endringen som har blitt gjort p\u00e5 Sk\u00e5la og Kleive har ikke kostet ei krone mer. Bergmo skal innf\u00f8re endringen uten investeringer og uten ekstra kostnader. Kun endring av rutiner. <\/p><p>Det klinger meget godt i mine politiker\u00f8rer at de lager maten helt fra grunnen av (inklusiv all fiskemat) og serverer de eldre skikkelig god og ern\u00e6ringsrik husmannskost, og har tenkt \u00e5 fortsette med det ogs\u00e5 etter omleggingen. <\/p><p>Mat og m\u00e5ltid er viktig for energiniv\u00e5 og trivsel.<\/p><p>Jeg stakk innom kj\u00f8kkensjefen p\u00e5 Bergmo Omsorgssenter torsdag morgen,  og fikk god informasjon p\u00e5 hvordan hun og resten av \u00abmat-teamet\u00bb tenker. Og til kaffen f\u00e5r de servert fersk, hjemmelaget formkake. <\/p><p>Torsdag stod det hjemmelaget potetball med &laquo;dott&raquo; p\u00e5 menyen. (Dott = kj\u00f8tt\/flesk som puttes inn i potetballen) <\/p><p>Britt Janne Tenn\u00f8y, kommunestyrerepresentant Molde H\u00f8yre. Drif- og forvaltningsutvalget og formannskap. <\/p><p>Les gjerne artikkelen p\u00e5 rbnett.no som ble publisert 25. mai. <\/p><p><br \/><\/p><p><br \/><\/p><\/div>\n<div class=\"tags\">\n\t<\/div>\n<div class=\"post-footer alignfull has-background block-editor-block-list__block\" data-align=full>\n\t<div class=\"post-footer-inner\">\n\t\t<h3>Relaterte artikler<\/h3>\n\t\t<div class=\"related-content\"><div class=\"is-card-hoyre\">\n\t<div class=\"teft-card hoyre-teft-card post-teft-card\">\n\t\t<a href=\"https:\/\/hoyre.no\/molde\/aktuelt\/nominasjons-komite-til-kommunevalget-i-2027\/\" class=\"teft-card__primary-action\">\n\n\t\t\t<div class=\"teft-card__media teft-card__media--16-9 no-image\"><\/div>\n\t\t\t<div class=\"teft-card__content-wrapper\">\n\t\t\t\t<div class=\"teft-card__secondary\">\n\t\t\t\t\t\n\t\t\t\t\t\t\t\t<div class=\"teft-card__meta\">\n\t\t\t\t\t\t\t\t\t<span class=\"post-date\">24. mar 2026<\/span>\n\n\t\t\t\t\t\t\t\t\t\t\t\t\t\t\t\t\t<\/div>\n\t\t\t\t\t\t\t\t\t\t\t<\/div>\n\n\t\t\t\t<div class=\"teft-card__primary\">\n\t\t\t\t\t<h2 class=\"teft-card__title\">Nominasjons-komite til kommunevalget i 2027&nbsp;<span class=\"teft-card__primary-title-append\"><\/span><\/h2>\t\t\t\t<\/div>\n\t\t\t<\/div>\n\t\t<\/a>\n\t<\/div>\n\n\t<\/div><div class=\"is-card-hoyre\">\n\t<div class=\"teft-card hoyre-teft-card post-teft-card\">\n\t\t<a href=\"https:\/\/hoyre.no\/molde\/aktuelt\/politisk-regnskap\/\" class=\"teft-card__primary-action\">\n\n\t\t\t\t\t<div class=\"teft-card__media teft-card__media--16-9\">\n\t\t\t\t\t\t<img loading=\"lazy\" decoding=\"async\" width=\"768\" height=\"432\" src=\"https:\/\/hoyre.no\/content\/uploads\/sites\/102\/2023\/08\/Molde-sentrum_sjofronten_rosa_september-2022-Molde-kommune-768x432.jpg\" class=\"attachment-medium_large size-medium_large\" alt=\"\" srcset=\"https:\/\/hoyre.no\/content\/uploads\/sites\/102\/2023\/08\/Molde-sentrum_sjofronten_rosa_september-2022-Molde-kommune-768x432.jpg 768w, https:\/\/hoyre.no\/content\/uploads\/sites\/102\/2023\/08\/Molde-sentrum_sjofronten_rosa_september-2022-Molde-kommune-300x169.jpg 300w, https:\/\/hoyre.no\/content\/uploads\/sites\/102\/2023\/08\/Molde-sentrum_sjofronten_rosa_september-2022-Molde-kommune-1024x576.jpg 1024w, https:\/\/hoyre.no\/content\/uploads\/sites\/102\/2023\/08\/Molde-sentrum_sjofronten_rosa_september-2022-Molde-kommune-1536x864.jpg 1536w, https:\/\/hoyre.no\/content\/uploads\/sites\/102\/2023\/08\/Molde-sentrum_sjofronten_rosa_september-2022-Molde-kommune-2048x1152.jpg 2048w\" sizes=\"auto, (max-width: 768px) 100vw, 768px\" \/>\t\t<\/div>\n\t\t\n\t\t\t<div class=\"teft-card__content-wrapper\">\n\t\t\t\t<div class=\"teft-card__secondary\">\n\t\t\t\t\t\n\t\t\t\t\t\t\t\t<div class=\"teft-card__meta\">\n\t\t\t\t\t\t\t\t\t<span class=\"post-date\">29. aug 2023<\/span>\n\n\t\t\t\t\t\t\t\t\t\t\t\t\t\t\t\t\t<\/div>\n\t\t\t\t\t\t\t\t\t\t\t<\/div>\n\n\t\t\t\t<div class=\"teft-card__primary\">\n\t\t\t\t\t<h2 class=\"teft-card__title\">Politisk regnskap for Molde H\u00f8yre&nbsp;<span class=\"teft-card__primary-title-append\"><\/span><\/h2>\t\t\t\t<\/div>\n\t\t\t<\/div>\n\t\t<\/a>\n\t<\/div>\n\n\t<\/div><div class=\"is-card-hoyre\">\n\t<div class=\"teft-card hoyre-teft-card post-teft-card\">\n\t\t<a href=\"https:\/\/hoyre.no\/molde\/aktuelt\/les-hele-programmet-vart\/\" class=\"teft-card__primary-action\">\n\n\t\t\t<div class=\"teft-card__media teft-card__media--16-9 no-image\"><\/div>\n\t\t\t<div class=\"teft-card__content-wrapper\">\n\t\t\t\t<div class=\"teft-card__secondary\">\n\t\t\t\t\t\n\t\t\t\t\t\t\t\t<div class=\"teft-card__meta\">\n\t\t\t\t\t\t\t\t\t<span class=\"post-date\">17. aug 2023<\/span>\n\n\t\t\t\t\t\t\t\t\t\t\t\t\t\t\t\t\t<\/div>\n\t\t\t\t\t\t\t\t\t\t\t<\/div>\n\n\t\t\t\t<div class=\"teft-card__primary\">\n\t\t\t\t\t<h2 class=\"teft-card__title\">Les hele programmet v\u00e5rt!&nbsp;<span class=\"teft-card__primary-title-append\"><\/span><\/h2>\t\t\t\t<\/div>\n\t\t\t<\/div>\n\t\t<\/a>\n\t<\/div>\n\n\t<\/div><\/div>\t<\/div>\n<\/div>\n","protected":false},"excerpt":{"rendered":"","protected":false},"author":0,"featured_media":0,"comment_status":"closed","ping_status":"closed","sticky":false,"template":"","format":"standard","meta":{"teft_cards_image_url":"https:\/\/hoyre.no\/content\/uploads\/sites\/102\/2020\/11\/img-0708_1-scaled.jpg","teft_cards_custom_pretitle":"","teft_cards_image_id":40,"teft_cards_image_focal_point_x":0,"teft_cards_image_focal_point_y":0,"teft_cards_title":"","teft_cards_excerpt":"","teft_show_chapters":false,"author_display_name":"Britt Janne Tenn\u00f8y, Molde H\u00f8yre","footnotes":""},"category":[1],"post_tag":[],"hoyre-visibility":[],"article-type":[],"politician":[],"class_list":["post-41","post","type-post","status-publish","format-standard","hentry","category-ukategorisert"],"yoast_head":"<!-- This site is optimized with the Yoast SEO plugin v26.6 - https:\/\/yoast.com\/wordpress\/plugins\/seo\/ -->\n<title>Molde kommune tar utfordringen! Flytter middagsserveringen til middagstid - Molde H\u00f8yre<\/title>\n<meta name=\"robots\" content=\"index, follow, max-snippet:-1, max-image-preview:large, max-video-preview:-1\" \/>\n<link rel=\"canonical\" href=\"https:\/\/hoyre.no\/molde\/aktuelt\/molde-kommune-tar-ut\/\" \/>\n<meta property=\"og:locale\" content=\"nb_NO\" \/>\n<meta property=\"og:type\" content=\"article\" \/>\n<meta property=\"og:title\" content=\"Molde kommune tar utfordringen! Flytter middagsserveringen til middagstid - Molde H\u00f8yre\" \/>\n<meta property=\"og:url\" content=\"https:\/\/hoyre.no\/molde\/aktuelt\/molde-kommune-tar-ut\/\" \/>\n<meta property=\"og:site_name\" content=\"Molde H\u00f8yre\" \/>\n<meta property=\"article:author\" content=\"https:\/\/www.facebook.com\/trygveg\" \/>\n<meta property=\"article:published_time\" content=\"2017-05-25T20:00:00+00:00\" \/>\n<meta property=\"og:image\" content=\"https:\/\/hoyre.no\/content\/uploads\/sites\/102\/2022\/11\/Hoyres-logo.png\" \/>\n\t<meta property=\"og:image:width\" content=\"1000\" \/>\n\t<meta property=\"og:image:height\" content=\"1000\" \/>\n\t<meta property=\"og:image:type\" content=\"image\/png\" \/>\n<meta name=\"twitter:card\" content=\"summary_large_image\" \/>\n<meta name=\"twitter:label1\" content=\"Ansl. lesetid\" \/>\n\t<meta name=\"twitter:data1\" content=\"2 minutter\" \/>\n<script type=\"application\/ld+json\" class=\"yoast-schema-graph\">{\"@context\":\"https:\/\/schema.org\",\"@graph\":[{\"@type\":\"NewsArticle\",\"@id\":\"https:\/\/hoyre.no\/molde\/aktuelt\/molde-kommune-tar-ut\/\",\"url\":\"https:\/\/hoyre.no\/molde\/aktuelt\/molde-kommune-tar-ut\/\",\"name\":\"Molde kommune tar utfordringen! Flytter middagsserveringen til middagstid - Molde H\u00f8yre\",\"isPartOf\":{\"@id\":\"https:\/\/hoyre.no\/molde\/#website\"},\"datePublished\":\"2017-05-25T20:00:00+00:00\",\"author\":{\"@id\":\"\"},\"breadcrumb\":{\"@id\":\"https:\/\/hoyre.no\/molde\/aktuelt\/molde-kommune-tar-ut\/#breadcrumb\"},\"inLanguage\":\"nb-NO\",\"potentialAction\":[{\"@type\":\"ReadAction\",\"target\":[\"https:\/\/hoyre.no\/molde\/aktuelt\/molde-kommune-tar-ut\/\"]}]},{\"@type\":\"BreadcrumbList\",\"@id\":\"https:\/\/hoyre.no\/molde\/aktuelt\/molde-kommune-tar-ut\/#breadcrumb\",\"itemListElement\":[{\"@type\":\"ListItem\",\"position\":1,\"name\":\"Til hoyre.no\",\"item\":\"https:\/\/hoyre.no\"},{\"@type\":\"ListItem\",\"position\":2,\"name\":\"Hjem\",\"item\":\"https:\/\/hoyre.no\/molde\/\"},{\"@type\":\"ListItem\",\"position\":3,\"name\":\"Molde kommune tar utfordringen! Flytter middagsserveringen til middagstid\"}]},{\"@type\":\"WebSite\",\"@id\":\"https:\/\/hoyre.no\/molde\/#website\",\"url\":\"https:\/\/hoyre.no\/molde\/\",\"name\":\"Molde H\u00f8yre\",\"description\":\"Bare enda et H\u00f8yres nettsteder-nettsted\",\"inLanguage\":\"nb-NO\"}]}<\/script>\n<!-- \/ Yoast SEO plugin. -->","yoast_head_json":{"title":"Molde kommune tar utfordringen! Flytter middagsserveringen til middagstid - Molde H\u00f8yre","robots":{"index":"index","follow":"follow","max-snippet":"max-snippet:-1","max-image-preview":"max-image-preview:large","max-video-preview":"max-video-preview:-1"},"canonical":"https:\/\/hoyre.no\/molde\/aktuelt\/molde-kommune-tar-ut\/","og_locale":"nb_NO","og_type":"article","og_title":"Molde kommune tar utfordringen! Flytter middagsserveringen til middagstid - Molde H\u00f8yre","og_url":"https:\/\/hoyre.no\/molde\/aktuelt\/molde-kommune-tar-ut\/","og_site_name":"Molde H\u00f8yre","article_author":"https:\/\/www.facebook.com\/trygveg","article_published_time":"2017-05-25T20:00:00+00:00","og_image":[{"width":1000,"height":1000,"url":"https:\/\/hoyre.no\/content\/uploads\/sites\/102\/2022\/11\/Hoyres-logo.png","type":"image\/png"}],"twitter_card":"summary_large_image","twitter_misc":{"Ansl. lesetid":"2 minutter"},"schema":{"@context":"https:\/\/schema.org","@graph":[{"@type":"NewsArticle","@id":"https:\/\/hoyre.no\/molde\/aktuelt\/molde-kommune-tar-ut\/","url":"https:\/\/hoyre.no\/molde\/aktuelt\/molde-kommune-tar-ut\/","name":"Molde kommune tar utfordringen! Flytter middagsserveringen til middagstid - Molde H\u00f8yre","isPartOf":{"@id":"https:\/\/hoyre.no\/molde\/#website"},"datePublished":"2017-05-25T20:00:00+00:00","author":{"@id":""},"breadcrumb":{"@id":"https:\/\/hoyre.no\/molde\/aktuelt\/molde-kommune-tar-ut\/#breadcrumb"},"inLanguage":"nb-NO","potentialAction":[{"@type":"ReadAction","target":["https:\/\/hoyre.no\/molde\/aktuelt\/molde-kommune-tar-ut\/"]}]},{"@type":"BreadcrumbList","@id":"https:\/\/hoyre.no\/molde\/aktuelt\/molde-kommune-tar-ut\/#breadcrumb","itemListElement":[{"@type":"ListItem","position":1,"name":"Til hoyre.no","item":"https:\/\/hoyre.no"},{"@type":"ListItem","position":2,"name":"Hjem","item":"https:\/\/hoyre.no\/molde\/"},{"@type":"ListItem","position":3,"name":"Molde kommune tar utfordringen! Flytter middagsserveringen til middagstid"}]},{"@type":"WebSite","@id":"https:\/\/hoyre.no\/molde\/#website","url":"https:\/\/hoyre.no\/molde\/","name":"Molde H\u00f8yre","description":"Bare enda et H\u00f8yres nettsteder-nettsted","inLanguage":"nb-NO"}]}},"distributor_meta":false,"distributor_terms":false,"distributor_media":false,"distributor_original_site_name":"Molde H\u00f8yre","distributor_original_site_url":"https:\/\/hoyre.no\/molde","push-errors":false,"_links":{"self":[{"href":"https:\/\/hoyre.no\/molde\/wp-json\/wp\/v2\/posts\/41","targetHints":{"allow":["GET"]}}],"collection":[{"href":"https:\/\/hoyre.no\/molde\/wp-json\/wp\/v2\/posts"}],"about":[{"href":"https:\/\/hoyre.no\/molde\/wp-json\/wp\/v2\/types\/post"}],"replies":[{"embeddable":true,"href":"https:\/\/hoyre.no\/molde\/wp-json\/wp\/v2\/comments?post=41"}],"version-history":[{"count":0,"href":"https:\/\/hoyre.no\/molde\/wp-json\/wp\/v2\/posts\/41\/revisions"}],"wp:attachment":[{"href":"https:\/\/hoyre.no\/molde\/wp-json\/wp\/v2\/media?parent=41"}],"wp:term":[{"taxonomy":"category","embeddable":true,"href":"https:\/\/hoyre.no\/molde\/wp-json\/wp\/v2\/category?post=41"},{"taxonomy":"post_tag","embeddable":true,"href":"https:\/\/hoyre.no\/molde\/wp-json\/wp\/v2\/post_tag?post=41"},{"taxonomy":"hoyre-visibility","embeddable":true,"href":"https:\/\/hoyre.no\/molde\/wp-json\/wp\/v2\/hoyre-visibility?post=41"},{"taxonomy":"article-type","embeddable":true,"href":"https:\/\/hoyre.no\/molde\/wp-json\/wp\/v2\/article-type?post=41"},{"taxonomy":"politician","embeddable":true,"href":"https:\/\/hoyre.no\/molde\/wp-json\/wp\/v2\/politician?post=41"}],"curies":[{"name":"wp","href":"https:\/\/api.w.org\/{rel}","templated":true}]}}