{"id":49,"date":"2019-01-10T23:00:00","date_gmt":"2019-01-10T22:00:00","guid":{"rendered":"https:\/\/hoyre.no\/molde\/aktuelt\/nye_molde_hoyres_liste_til_kommunevalget_vedtatt\/"},"modified":"2019-01-10T23:00:00","modified_gmt":"2019-01-10T22:00:00","slug":"nye_molde_hoyres_liste_til_kommunevalget_vedtatt","status":"publish","type":"post","link":"https:\/\/hoyre.no\/molde\/aktuelt\/nye_molde_hoyres_liste_til_kommunevalget_vedtatt\/","title":{"rendered":"Nye Molde H\u00f8yres liste til kommunevalget vedtatt"},"content":{"rendered":"<p class=\"preamble\">Molde H\u00f8yre holdt sitt nominasjonsm\u00f8te onsdag 9. januar p\u00e5 Syd i Molde,og er stolte over \u00e5 kunne presentere en liste som b\u00e5de i kj\u00f8nn, alder,kompetanse og geografi speiler hele den nye kommunen vi sammen skal utvikle fra01.01.2020.<\/p>\t\t\t<div class=\"post-meta wp-block teft-byline-wrapper\">\n\t\t\t\t<div class=\"top\">\n\t\t\t\t\t<div class=\"signature\">\n\t\t\t\t\t\t<div class=\"teft-byline\">\n\t\t\t\t\t\t\t\t\t\t\t\t\t\t<div>\n\t\t\t\t\t\t\t\t<h3>H\u00f8yres redaksjon<\/h3>\t\t\t\t\t\t\t\t\n\t\t\t\t\t\t\t\t\t\t\t\t\t\t\t\t\t<span class=\"date\">Sist oppdatert: 10. januar 2019<\/span>\n\t\t\t\t\t\t\t\t\t\t\t\t\t\t\t\t\t\t\t\t\t\t\t\t\t<span class=\"reading-time\" itemprop=\"timeRequired\" content=\"PT3M\"><em>Ca. 3 minutter lesetid<\/em><\/span>\n\t\t\t\t\t\t\t\t\t\t\t\t\t\t\t<\/div>\n\t\t\t\t\t\t<\/div>\n\t\t\t\t\t<\/div>\n\t\t\t\t\t\t<div class=\"sharing\">\n\t\t<a class=\"share-button share-link copy-link\" data-copy=\"https:\/\/hoyre.no\/molde\/aktuelt\/nye_molde_hoyres_liste_til_kommunevalget_vedtatt\/\" target=\"_blank\"><span class=\"screen-reader-text\">Del link<\/span><\/a>\n\t\t<a class=\"share-button share-twitter\" href=\"http:\/\/twitter.com\/share?text=Nye Molde H\u00f8yres liste til kommunevalget vedtatt&#038;url=https:\/\/hoyre.no\/molde\/aktuelt\/nye_molde_hoyres_liste_til_kommunevalget_vedtatt\/&#038;hashtags=Hoyre\" target=\"_blank\"><span class=\"screen-reader-text\">Del p\u00e5 twitter<\/span><\/a>\n\t\t<a class=\"share-button share-facebook\" href=\"https:\/\/www.facebook.com\/sharer\/sharer.php?u=https:\/\/hoyre.no\/molde\/aktuelt\/nye_molde_hoyres_liste_til_kommunevalget_vedtatt\/\" target=\"_blank\"><span class=\"screen-reader-text\">Del p\u00e5 facebook<\/span><\/a>\n\t<\/div>\n\t\t\t\t\t<\/div>\n\t\t\t<\/div>\n\n\t\t\t<figure class=\"hoyre-image-wrapper\"><div class=\"hoyre-image\"><img loading=\"lazy\" decoding=\"async\" width=\"2560\" height=\"2207\" src=\"https:\/\/hoyre.no\/content\/uploads\/sites\/102\/2020\/11\/img_0154-scaled.jpg\" class=\"attachment-scaled size-scaled\" alt=\"\" style=\"object-position: 50% 50%\" srcset=\"https:\/\/hoyre.no\/content\/uploads\/sites\/102\/2020\/11\/img_0154-scaled.jpg 2560w, https:\/\/hoyre.no\/content\/uploads\/sites\/102\/2020\/11\/img_0154-300x259.jpg 300w, https:\/\/hoyre.no\/content\/uploads\/sites\/102\/2020\/11\/img_0154-1024x883.jpg 1024w, https:\/\/hoyre.no\/content\/uploads\/sites\/102\/2020\/11\/img_0154-768x662.jpg 768w, https:\/\/hoyre.no\/content\/uploads\/sites\/102\/2020\/11\/img_0154-1536x1324.jpg 1536w, https:\/\/hoyre.no\/content\/uploads\/sites\/102\/2020\/11\/img_0154-2048x1766.jpg 2048w\" sizes=\"auto, (max-width: 2560px) 100vw, 2560px\" \/><\/div><\/figure><div id=\"hoyre-old-article-content-wrapper\"><p>  Vi er glade for at det finnes mange dyktige og engasjerte mennesker som \u00f8nsker \u00e5 stille p\u00e5 liste for H\u00f8yre til kommunevalget i \u00e5r, og vi vet at alle sammen \u00f8nsker \u00e5 arbeide for \u00e5 oppfylle avtalen som er inng\u00e5tt mellom de tre kommunene som skal bli til en.<\/p><p>Ordf\u00f8rerkandidat for Nye Molde H\u00f8yre, Torgeir Dahl, sier at han gleder seg til \u00e5 starte valgkamp, og at vi har f\u00e5tt mange gode innspill fra b\u00e5de organisasjoner og enkeltpersoner til v\u00e5rt valgprogram.<\/p><p>Molde H\u00f8yre stiller med et lag som kan bidra p\u00e5 ulike m\u00e5ter til utvikling av v\u00e5r nye felles kommune, og vil ha fokus p\u00e5 gode tjenester til alle v\u00e5re innbyggere og n\u00e6ringslivet i kommunen. <\/p><p>N\u00e5 er det opp til innbyggerne \u00e5 velge. Vi har som tradisjon \u00e5 kumulere f\u00e6rrest mulig, nettopp med det som grunnlag, men synes likevel det var viktig at de tre \u00f8verste kandidatene som representerer hver sin kommune kumuleres. I tillegg er vi sv\u00e6rt stolte over at nominasjonsm\u00f8tet ogs\u00e5 enstemmig \u00f8nsket at Celine Nerland (18 \u00e5r) fra Unge H\u00f8yre (p\u00e5 fjerdeplass), skulle sikres h\u00f8yt p\u00e5 listen. <\/p><table width=\"221\" border=\"0\" cellspacing=\"0\" cellpadding=\"0\"><colgroup><col width=\"28\" \/><col width=\"193\" \/><\/colgroup><tbody><tr height=\"19\"><td width=\"28\" height=\"54\" rowspan=\"2\"><strong><\/strong><br \/><\/td><td width=\"193\" rowspan=\"2\"><strong>Navn<\/strong><\/td><\/tr><tr height=\"35\"><\/tr><tr height=\"22\"><td width=\"28\" height=\"22\">1 K<\/td><td width=\"193\">Torgeir Dahl<\/td><\/tr><tr height=\"17\"><td width=\"28\" height=\"17\">2 K<\/td><td width=\"193\">Inger Lise Tr\u00f8nningsdal<\/td><\/tr><tr height=\"21\"><td width=\"28\" height=\"21\">3 K<\/td><td width=\"193\">Rolf Jonas Hurlen<\/td><\/tr><tr height=\"20\"><td width=\"28\" height=\"20\">4 K<\/td><td width=\"193\">Nerland Celine (UH)<\/td><\/tr><tr height=\"19\"><td width=\"28\" height=\"19\">5<\/td><td width=\"193\">S\u00f8rlie Adrian <\/td><\/tr><tr height=\"19\"><td width=\"28\" height=\"19\">6<\/td><td width=\"193\">Tenn\u00f8y, Britt Janne<\/td><\/tr><tr height=\"21\"><td width=\"28\" height=\"21\">7<\/td><td width=\"193\">Blakstad Geir<\/td><\/tr><tr height=\"19\"><td width=\"28\" height=\"19\">8<\/td><td width=\"193\">Dahl Kristine Gautvik<\/td><\/tr><tr height=\"21\"><td width=\"28\" height=\"21\">9<\/td><td width=\"193\">Grydeland Trygve <\/td><\/tr><tr height=\"19\"><td width=\"28\" height=\"19\">10<\/td><td>Sj\u00f8li Anne Karin <\/td><\/tr><tr height=\"19\"><td width=\"28\" height=\"19\">11<\/td><td>Knut Arne Bugge<\/td><\/tr><tr height=\"19\"><td width=\"28\" height=\"19\">12<\/td><td width=\"193\">Dyrkorn Torunn <\/td><\/tr><tr height=\"21\"><td width=\"28\" height=\"21\">13<\/td><td width=\"193\">Talleraas Anders <\/td><\/tr><tr height=\"19\"><td width=\"28\" height=\"19\">14<\/td><td width=\"193\">Mauset Eva Brit<\/td><\/tr><tr height=\"19\"><td width=\"28\" height=\"19\">15<\/td><td width=\"193\">R\u00f8sberg Rolf Helge<\/td><\/tr><tr height=\"19\"><td width=\"28\" height=\"19\">16<\/td><td width=\"193\">Monge M\u00e5lfrid Oddny<\/td><\/tr><tr height=\"19\"><td width=\"28\" height=\"19\">17<\/td><td width=\"193\">\u00d8verb\u00f8 Per<\/td><\/tr><tr height=\"19\"><td width=\"28\" height=\"19\">18<\/td><td width=\"193\">Forseth, Ingeborg Ellen<\/td><\/tr><tr height=\"21\"><td width=\"28\" height=\"21\">19<\/td><td width=\"193\">Witz\u00f8e Olav Erik <\/td><\/tr><tr height=\"19\"><td width=\"28\" height=\"19\">20<\/td><td width=\"193\">Bergset H\u00e5kon (UH)<\/td><\/tr><tr height=\"19\"><td width=\"28\" height=\"19\">21<\/td><td>Danielsen Kjell Harald<\/td><\/tr><tr height=\"19\"><td width=\"28\" height=\"19\">22<\/td><td>Edvardsen Sissel H\u00f8gset<\/td><\/tr><tr height=\"19\"><td width=\"28\" height=\"19\">23<\/td><td width=\"193\">Fev\u00e5g Ingrid Kruse<\/td><\/tr><tr height=\"19\"><td width=\"28\" height=\"19\">24<\/td><td>Finnset Rune Hallgeir<\/td><\/tr><tr height=\"21\"><td width=\"28\" height=\"21\">25<\/td><td>Gjerland Olav<\/td><\/tr><tr height=\"19\"><td width=\"28\" height=\"19\">26<\/td><td>Gussi\u00e5s Kristine<\/td><\/tr><tr height=\"19\"><td width=\"28\" height=\"19\">27<\/td><td>Haukeb\u00f8 Torgeir<\/td><\/tr><tr height=\"19\"><td width=\"28\" height=\"19\">28<\/td><td>Hjelset Trygve<\/td><\/tr><tr height=\"21\"><td width=\"28\" height=\"21\">29<\/td><td>Hoddevik Rune<\/td><\/tr><tr height=\"19\"><td width=\"28\" height=\"19\">30<\/td><td width=\"193\">H\u00e5nes Andrea Volden<\/td><\/tr><tr height=\"19\"><td width=\"28\" height=\"19\">31<\/td><td width=\"193\">Langset, Odd Arne<\/td><\/tr><tr height=\"21\"><td width=\"28\" height=\"21\">32<\/td><td>Listaul Vigdis<\/td><\/tr><tr height=\"19\"><td width=\"28\" height=\"19\">33<\/td><td width=\"193\">Midthaug Rune<\/td><\/tr><tr height=\"19\"><td width=\"28\" height=\"19\">34<\/td><td width=\"193\">Molton Joachim Sverdrup<\/td><\/tr><tr height=\"19\"><td width=\"28\" height=\"19\">35<\/td><td>Nerli Elisabeth<\/td><\/tr><tr height=\"19\"><td width=\"28\" height=\"19\">36<\/td><td width=\"193\">Olsen Einar<\/td><\/tr><tr height=\"21\"><td width=\"28\" height=\"21\">37<\/td><td>Oppig\u00e5rd Hilde<\/td><\/tr><tr height=\"19\"><td width=\"28\" height=\"19\">38<\/td><td>Opstad Terje Silset<\/td><\/tr><tr height=\"21\"><td width=\"28\" height=\"21\">39<\/td><td width=\"193\">Orset Hans Arne<\/td><\/tr><tr height=\"19\"><td width=\"28\" height=\"19\">40<\/td><td width=\"193\">Rakv\u00e5g Fredrik<\/td><\/tr><tr height=\"21\"><td width=\"28\" height=\"21\">41<\/td><td>Rotaru Svetlana<\/td><\/tr><tr height=\"21\"><td width=\"28\" height=\"21\">42<\/td><td>R\u00f8berg Arnfinn<\/td><\/tr><tr height=\"19\"><td width=\"28\" height=\"19\">43<\/td><td>Silseth Stig Bjarne<\/td><\/tr><tr height=\"19\"><td width=\"28\" height=\"19\">44<\/td><td>Simonsen Anne Lise<\/td><\/tr><tr height=\"21\"><td width=\"28\" height=\"21\">45<\/td><td>Skj\u00f8rs\u00e6ther Erik<\/td><\/tr><tr height=\"21\"><td width=\"28\" height=\"21\">46<\/td><td>Skj\u00f8rs\u00e6ther Tone<\/td><\/tr><tr height=\"21\"><td width=\"28\" height=\"21\">47<\/td><td>Stenseth Eivind<\/td><\/tr><tr height=\"19\"><td width=\"28\" height=\"19\">48<\/td><td width=\"193\">Strand Inger Siri<\/td><\/tr><tr height=\"19\"><td width=\"28\" height=\"19\">49<\/td><td width=\"193\">St\u00f8len Kolbj\u00f8rn Ove<\/td><\/tr><tr height=\"19\"><td width=\"28\" height=\"19\">50<\/td><td>S\u00f8rlie Mats Remi<\/td><\/tr><tr height=\"19\"><td width=\"28\" height=\"19\">51<\/td><td>Vestad \u00c5smund<\/td><\/tr><tr height=\"19\"><td width=\"28\" height=\"19\">52<\/td><td>Vevang Tor Olav<\/td><\/tr><tr height=\"19\"><td width=\"28\" height=\"19\">53<\/td><td>Volden Gunnar<\/td><\/tr><tr height=\"19\"><td width=\"28\" height=\"19\">54<\/td><td width=\"193\">Wold Cecilie<\/td><\/tr><tr height=\"21\"><td width=\"28\" height=\"21\">55<\/td><td width=\"193\">\u00d8veraas Amund<\/td><\/tr><tr height=\"19\"><td width=\"28\" height=\"19\">57<\/td><td width=\"193\">Leif Erling Aasan<\/td><\/tr><\/tbody><\/table><p>Leder i nominasjonskomiteen: Frank Gerald Lien<\/p><p><br \/><\/p><\/div>\n<div class=\"tags\">\n\t<\/div>\n<div class=\"post-footer alignfull has-background block-editor-block-list__block\" data-align=full>\n\t<div class=\"post-footer-inner\">\n\t\t<h3>Relaterte artikler<\/h3>\n\t\t<div class=\"related-content\"><div class=\"is-card-hoyre\">\n\t<div class=\"teft-card hoyre-teft-card post-teft-card\">\n\t\t<a href=\"https:\/\/hoyre.no\/molde\/aktuelt\/nominasjons-komite-til-kommunevalget-i-2027\/\" class=\"teft-card__primary-action\">\n\n\t\t\t<div class=\"teft-card__media teft-card__media--16-9 no-image\"><\/div>\n\t\t\t<div class=\"teft-card__content-wrapper\">\n\t\t\t\t<div class=\"teft-card__secondary\">\n\t\t\t\t\t\n\t\t\t\t\t\t\t\t<div class=\"teft-card__meta\">\n\t\t\t\t\t\t\t\t\t<span class=\"post-date\">24. mar 2026<\/span>\n\n\t\t\t\t\t\t\t\t\t\t\t\t\t\t\t\t\t<\/div>\n\t\t\t\t\t\t\t\t\t\t\t<\/div>\n\n\t\t\t\t<div class=\"teft-card__primary\">\n\t\t\t\t\t<h2 class=\"teft-card__title\">Nominasjons-komite til kommunevalget i 2027&nbsp;<span class=\"teft-card__primary-title-append\"><\/span><\/h2>\t\t\t\t<\/div>\n\t\t\t<\/div>\n\t\t<\/a>\n\t<\/div>\n\n\t<\/div><div class=\"is-card-hoyre\">\n\t<div class=\"teft-card hoyre-teft-card post-teft-card\">\n\t\t<a href=\"https:\/\/hoyre.no\/molde\/aktuelt\/politisk-regnskap\/\" class=\"teft-card__primary-action\">\n\n\t\t\t\t\t<div class=\"teft-card__media teft-card__media--16-9\">\n\t\t\t\t\t\t<img loading=\"lazy\" decoding=\"async\" width=\"768\" height=\"432\" src=\"https:\/\/hoyre.no\/content\/uploads\/sites\/102\/2023\/08\/Molde-sentrum_sjofronten_rosa_september-2022-Molde-kommune-768x432.jpg\" class=\"attachment-medium_large size-medium_large\" alt=\"\" srcset=\"https:\/\/hoyre.no\/content\/uploads\/sites\/102\/2023\/08\/Molde-sentrum_sjofronten_rosa_september-2022-Molde-kommune-768x432.jpg 768w, https:\/\/hoyre.no\/content\/uploads\/sites\/102\/2023\/08\/Molde-sentrum_sjofronten_rosa_september-2022-Molde-kommune-300x169.jpg 300w, https:\/\/hoyre.no\/content\/uploads\/sites\/102\/2023\/08\/Molde-sentrum_sjofronten_rosa_september-2022-Molde-kommune-1024x576.jpg 1024w, https:\/\/hoyre.no\/content\/uploads\/sites\/102\/2023\/08\/Molde-sentrum_sjofronten_rosa_september-2022-Molde-kommune-1536x864.jpg 1536w, https:\/\/hoyre.no\/content\/uploads\/sites\/102\/2023\/08\/Molde-sentrum_sjofronten_rosa_september-2022-Molde-kommune-2048x1152.jpg 2048w\" sizes=\"auto, (max-width: 768px) 100vw, 768px\" \/>\t\t<\/div>\n\t\t\n\t\t\t<div class=\"teft-card__content-wrapper\">\n\t\t\t\t<div class=\"teft-card__secondary\">\n\t\t\t\t\t\n\t\t\t\t\t\t\t\t<div class=\"teft-card__meta\">\n\t\t\t\t\t\t\t\t\t<span class=\"post-date\">29. aug 2023<\/span>\n\n\t\t\t\t\t\t\t\t\t\t\t\t\t\t\t\t\t<\/div>\n\t\t\t\t\t\t\t\t\t\t\t<\/div>\n\n\t\t\t\t<div class=\"teft-card__primary\">\n\t\t\t\t\t<h2 class=\"teft-card__title\">Politisk regnskap for Molde H\u00f8yre&nbsp;<span class=\"teft-card__primary-title-append\"><\/span><\/h2>\t\t\t\t<\/div>\n\t\t\t<\/div>\n\t\t<\/a>\n\t<\/div>\n\n\t<\/div><div class=\"is-card-hoyre\">\n\t<div class=\"teft-card hoyre-teft-card post-teft-card\">\n\t\t<a href=\"https:\/\/hoyre.no\/molde\/aktuelt\/les-hele-programmet-vart\/\" class=\"teft-card__primary-action\">\n\n\t\t\t<div class=\"teft-card__media teft-card__media--16-9 no-image\"><\/div>\n\t\t\t<div class=\"teft-card__content-wrapper\">\n\t\t\t\t<div class=\"teft-card__secondary\">\n\t\t\t\t\t\n\t\t\t\t\t\t\t\t<div class=\"teft-card__meta\">\n\t\t\t\t\t\t\t\t\t<span class=\"post-date\">17. aug 2023<\/span>\n\n\t\t\t\t\t\t\t\t\t\t\t\t\t\t\t\t\t<\/div>\n\t\t\t\t\t\t\t\t\t\t\t<\/div>\n\n\t\t\t\t<div class=\"teft-card__primary\">\n\t\t\t\t\t<h2 class=\"teft-card__title\">Les hele programmet v\u00e5rt!&nbsp;<span class=\"teft-card__primary-title-append\"><\/span><\/h2>\t\t\t\t<\/div>\n\t\t\t<\/div>\n\t\t<\/a>\n\t<\/div>\n\n\t<\/div><\/div>\t<\/div>\n<\/div>\n","protected":false},"excerpt":{"rendered":"","protected":false},"author":0,"featured_media":0,"comment_status":"closed","ping_status":"closed","sticky":false,"template":"","format":"standard","meta":{"teft_cards_image_url":"https:\/\/hoyre.no\/content\/uploads\/sites\/102\/2020\/11\/img_0154-scaled.jpg","teft_cards_custom_pretitle":"","teft_cards_image_id":48,"teft_cards_image_focal_point_x":0,"teft_cards_image_focal_point_y":0,"teft_cards_title":"","teft_cards_excerpt":"","teft_show_chapters":false,"author_display_name":"Nye Molde H\u00f8yre","footnotes":""},"category":[1],"post_tag":[],"hoyre-visibility":[],"article-type":[],"politician":[],"class_list":["post-49","post","type-post","status-publish","format-standard","hentry","category-ukategorisert"],"yoast_head":"<!-- This site is optimized with the Yoast SEO plugin v26.6 - https:\/\/yoast.com\/wordpress\/plugins\/seo\/ -->\n<title>Nye Molde H\u00f8yres liste til kommunevalget vedtatt - Molde H\u00f8yre<\/title>\n<meta name=\"robots\" content=\"index, follow, max-snippet:-1, max-image-preview:large, max-video-preview:-1\" \/>\n<link rel=\"canonical\" href=\"https:\/\/hoyre.no\/molde\/aktuelt\/nye_molde_hoyres_liste_til_kommunevalget_vedtatt\/\" \/>\n<meta property=\"og:locale\" content=\"nb_NO\" \/>\n<meta property=\"og:type\" content=\"article\" \/>\n<meta property=\"og:title\" content=\"Nye Molde H\u00f8yres liste til kommunevalget vedtatt - Molde H\u00f8yre\" \/>\n<meta property=\"og:url\" content=\"https:\/\/hoyre.no\/molde\/aktuelt\/nye_molde_hoyres_liste_til_kommunevalget_vedtatt\/\" \/>\n<meta property=\"og:site_name\" content=\"Molde H\u00f8yre\" \/>\n<meta property=\"article:author\" content=\"https:\/\/www.facebook.com\/trygveg\" \/>\n<meta property=\"article:published_time\" content=\"2019-01-10T22:00:00+00:00\" \/>\n<meta property=\"og:image\" content=\"https:\/\/hoyre.no\/content\/uploads\/sites\/102\/2022\/11\/Hoyres-logo.png\" \/>\n\t<meta property=\"og:image:width\" content=\"1000\" \/>\n\t<meta property=\"og:image:height\" content=\"1000\" \/>\n\t<meta property=\"og:image:type\" content=\"image\/png\" \/>\n<meta name=\"twitter:card\" content=\"summary_large_image\" \/>\n<meta name=\"twitter:label1\" content=\"Ansl. lesetid\" \/>\n\t<meta name=\"twitter:data1\" content=\"2 minutter\" \/>\n<script type=\"application\/ld+json\" class=\"yoast-schema-graph\">{\"@context\":\"https:\/\/schema.org\",\"@graph\":[{\"@type\":\"NewsArticle\",\"@id\":\"https:\/\/hoyre.no\/molde\/aktuelt\/nye_molde_hoyres_liste_til_kommunevalget_vedtatt\/\",\"url\":\"https:\/\/hoyre.no\/molde\/aktuelt\/nye_molde_hoyres_liste_til_kommunevalget_vedtatt\/\",\"name\":\"Nye Molde H\u00f8yres liste til kommunevalget vedtatt - Molde H\u00f8yre\",\"isPartOf\":{\"@id\":\"https:\/\/hoyre.no\/molde\/#website\"},\"datePublished\":\"2019-01-10T22:00:00+00:00\",\"author\":{\"@id\":\"\"},\"breadcrumb\":{\"@id\":\"https:\/\/hoyre.no\/molde\/aktuelt\/nye_molde_hoyres_liste_til_kommunevalget_vedtatt\/#breadcrumb\"},\"inLanguage\":\"nb-NO\",\"potentialAction\":[{\"@type\":\"ReadAction\",\"target\":[\"https:\/\/hoyre.no\/molde\/aktuelt\/nye_molde_hoyres_liste_til_kommunevalget_vedtatt\/\"]}]},{\"@type\":\"BreadcrumbList\",\"@id\":\"https:\/\/hoyre.no\/molde\/aktuelt\/nye_molde_hoyres_liste_til_kommunevalget_vedtatt\/#breadcrumb\",\"itemListElement\":[{\"@type\":\"ListItem\",\"position\":1,\"name\":\"Til hoyre.no\",\"item\":\"https:\/\/hoyre.no\"},{\"@type\":\"ListItem\",\"position\":2,\"name\":\"Hjem\",\"item\":\"https:\/\/hoyre.no\/molde\/\"},{\"@type\":\"ListItem\",\"position\":3,\"name\":\"Nye Molde H\u00f8yres liste til kommunevalget vedtatt\"}]},{\"@type\":\"WebSite\",\"@id\":\"https:\/\/hoyre.no\/molde\/#website\",\"url\":\"https:\/\/hoyre.no\/molde\/\",\"name\":\"Molde H\u00f8yre\",\"description\":\"Bare enda et H\u00f8yres nettsteder-nettsted\",\"inLanguage\":\"nb-NO\"}]}<\/script>\n<!-- \/ Yoast SEO plugin. -->","yoast_head_json":{"title":"Nye Molde H\u00f8yres liste til kommunevalget vedtatt - Molde H\u00f8yre","robots":{"index":"index","follow":"follow","max-snippet":"max-snippet:-1","max-image-preview":"max-image-preview:large","max-video-preview":"max-video-preview:-1"},"canonical":"https:\/\/hoyre.no\/molde\/aktuelt\/nye_molde_hoyres_liste_til_kommunevalget_vedtatt\/","og_locale":"nb_NO","og_type":"article","og_title":"Nye Molde H\u00f8yres liste til kommunevalget vedtatt - Molde H\u00f8yre","og_url":"https:\/\/hoyre.no\/molde\/aktuelt\/nye_molde_hoyres_liste_til_kommunevalget_vedtatt\/","og_site_name":"Molde H\u00f8yre","article_author":"https:\/\/www.facebook.com\/trygveg","article_published_time":"2019-01-10T22:00:00+00:00","og_image":[{"width":1000,"height":1000,"url":"https:\/\/hoyre.no\/content\/uploads\/sites\/102\/2022\/11\/Hoyres-logo.png","type":"image\/png"}],"twitter_card":"summary_large_image","twitter_misc":{"Ansl. lesetid":"2 minutter"},"schema":{"@context":"https:\/\/schema.org","@graph":[{"@type":"NewsArticle","@id":"https:\/\/hoyre.no\/molde\/aktuelt\/nye_molde_hoyres_liste_til_kommunevalget_vedtatt\/","url":"https:\/\/hoyre.no\/molde\/aktuelt\/nye_molde_hoyres_liste_til_kommunevalget_vedtatt\/","name":"Nye Molde H\u00f8yres liste til kommunevalget vedtatt - Molde H\u00f8yre","isPartOf":{"@id":"https:\/\/hoyre.no\/molde\/#website"},"datePublished":"2019-01-10T22:00:00+00:00","author":{"@id":""},"breadcrumb":{"@id":"https:\/\/hoyre.no\/molde\/aktuelt\/nye_molde_hoyres_liste_til_kommunevalget_vedtatt\/#breadcrumb"},"inLanguage":"nb-NO","potentialAction":[{"@type":"ReadAction","target":["https:\/\/hoyre.no\/molde\/aktuelt\/nye_molde_hoyres_liste_til_kommunevalget_vedtatt\/"]}]},{"@type":"BreadcrumbList","@id":"https:\/\/hoyre.no\/molde\/aktuelt\/nye_molde_hoyres_liste_til_kommunevalget_vedtatt\/#breadcrumb","itemListElement":[{"@type":"ListItem","position":1,"name":"Til hoyre.no","item":"https:\/\/hoyre.no"},{"@type":"ListItem","position":2,"name":"Hjem","item":"https:\/\/hoyre.no\/molde\/"},{"@type":"ListItem","position":3,"name":"Nye Molde H\u00f8yres liste til kommunevalget vedtatt"}]},{"@type":"WebSite","@id":"https:\/\/hoyre.no\/molde\/#website","url":"https:\/\/hoyre.no\/molde\/","name":"Molde H\u00f8yre","description":"Bare enda et H\u00f8yres nettsteder-nettsted","inLanguage":"nb-NO"}]}},"distributor_meta":false,"distributor_terms":false,"distributor_media":false,"distributor_original_site_name":"Molde H\u00f8yre","distributor_original_site_url":"https:\/\/hoyre.no\/molde","push-errors":false,"_links":{"self":[{"href":"https:\/\/hoyre.no\/molde\/wp-json\/wp\/v2\/posts\/49","targetHints":{"allow":["GET"]}}],"collection":[{"href":"https:\/\/hoyre.no\/molde\/wp-json\/wp\/v2\/posts"}],"about":[{"href":"https:\/\/hoyre.no\/molde\/wp-json\/wp\/v2\/types\/post"}],"replies":[{"embeddable":true,"href":"https:\/\/hoyre.no\/molde\/wp-json\/wp\/v2\/comments?post=49"}],"version-history":[{"count":0,"href":"https:\/\/hoyre.no\/molde\/wp-json\/wp\/v2\/posts\/49\/revisions"}],"wp:attachment":[{"href":"https:\/\/hoyre.no\/molde\/wp-json\/wp\/v2\/media?parent=49"}],"wp:term":[{"taxonomy":"category","embeddable":true,"href":"https:\/\/hoyre.no\/molde\/wp-json\/wp\/v2\/category?post=49"},{"taxonomy":"post_tag","embeddable":true,"href":"https:\/\/hoyre.no\/molde\/wp-json\/wp\/v2\/post_tag?post=49"},{"taxonomy":"hoyre-visibility","embeddable":true,"href":"https:\/\/hoyre.no\/molde\/wp-json\/wp\/v2\/hoyre-visibility?post=49"},{"taxonomy":"article-type","embeddable":true,"href":"https:\/\/hoyre.no\/molde\/wp-json\/wp\/v2\/article-type?post=49"},{"taxonomy":"politician","embeddable":true,"href":"https:\/\/hoyre.no\/molde\/wp-json\/wp\/v2\/politician?post=49"}],"curies":[{"name":"wp","href":"https:\/\/api.w.org\/{rel}","templated":true}]}}