{"id":102,"date":"2019-10-15T22:00:00","date_gmt":"2019-10-15T20:00:00","guid":{"rendered":"https:\/\/hoyre.no\/moreogromsdal\/aktuelt\/na_er_det_hennes_tur\/"},"modified":"2019-10-15T22:00:00","modified_gmt":"2019-10-15T20:00:00","slug":"na_er_det_hennes_tur","status":"publish","type":"post","link":"https:\/\/hoyre.no\/more-og-romsdal\/aktuelt\/na_er_det_hennes_tur\/","title":{"rendered":"N\u00e5 er det hennes tur"},"content":{"rendered":"<p class=\"preamble\">S\u00f8ndag er det TV-aksjonen NRK. I \u00e5r g\u00e5r innsamlingen til Cares arbeid for \u00e5 skape et bedre liv for kvinner i noen av verdens mest s\u00e5rbare omr\u00e5der. TV-aksjonen skal gi kvinner mulighet til \u00e5 tjene sine egne penger, bestemme over egen kropp og f\u00e5 sin stemme h\u00f8rt.<\/p>\t\t\t<div class=\"post-meta wp-block teft-byline-wrapper\">\n\t\t\t\t<div class=\"top\">\n\t\t\t\t\t<div class=\"signature\">\n\t\t\t\t\t\t<div class=\"teft-byline\">\n\t\t\t\t\t\t\t\t\t\t\t\t\t\t<div>\n\t\t\t\t\t\t\t\t<h3>H\u00f8yres redaksjon<\/h3>\t\t\t\t\t\t\t\t\n\t\t\t\t\t\t\t\t\t\t\t\t\t\t\t\t\t<span class=\"date\">Sist oppdatert: 15. oktober 2019<\/span>\n\t\t\t\t\t\t\t\t\t\t\t\t\t\t\t\t\t\t\t\t\t\t\t\t\t<span class=\"reading-time\" itemprop=\"timeRequired\" content=\"PT2M\"><em>Ca. 2 minutter lesetid<\/em><\/span>\n\t\t\t\t\t\t\t\t\t\t\t\t\t\t\t<\/div>\n\t\t\t\t\t\t<\/div>\n\t\t\t\t\t<\/div>\n\t\t\t\t\t\t<div class=\"sharing\">\n\t\t<a class=\"share-button share-link copy-link\" data-copy=\"https:\/\/hoyre.no\/more-og-romsdal\/aktuelt\/na_er_det_hennes_tur\/\" target=\"_blank\"><span class=\"screen-reader-text\">Del link<\/span><\/a>\n\t\t<a class=\"share-button share-twitter\" href=\"http:\/\/twitter.com\/share?text=N\u00e5 er det hennes tur&#038;url=https:\/\/hoyre.no\/more-og-romsdal\/aktuelt\/na_er_det_hennes_tur\/&#038;hashtags=Hoyre\" target=\"_blank\"><span class=\"screen-reader-text\">Del p\u00e5 twitter<\/span><\/a>\n\t\t<a class=\"share-button share-facebook\" href=\"https:\/\/www.facebook.com\/sharer\/sharer.php?u=https:\/\/hoyre.no\/more-og-romsdal\/aktuelt\/na_er_det_hennes_tur\/\" target=\"_blank\"><span class=\"screen-reader-text\">Del p\u00e5 facebook<\/span><\/a>\n\t<\/div>\n\t\t\t\t\t<\/div>\n\t\t\t<\/div>\n\n\t\t\t<figure class=\"hoyre-image-wrapper\"><div class=\"hoyre-image\"><img loading=\"lazy\" decoding=\"async\" width=\"2367\" height=\"1331\" src=\"https:\/\/hoyre.no\/content\/uploads\/sites\/8\/2020\/11\/bj_bilde_det_er_henn_16x9.jpg\" class=\"attachment-scaled size-scaled\" alt=\"\" style=\"object-position: 50% 50%\" srcset=\"https:\/\/hoyre.no\/content\/uploads\/sites\/8\/2020\/11\/bj_bilde_det_er_henn_16x9.jpg 2367w, https:\/\/hoyre.no\/content\/uploads\/sites\/8\/2020\/11\/bj_bilde_det_er_henn_16x9-300x169.jpg 300w, https:\/\/hoyre.no\/content\/uploads\/sites\/8\/2020\/11\/bj_bilde_det_er_henn_16x9-1024x576.jpg 1024w, https:\/\/hoyre.no\/content\/uploads\/sites\/8\/2020\/11\/bj_bilde_det_er_henn_16x9-768x432.jpg 768w, https:\/\/hoyre.no\/content\/uploads\/sites\/8\/2020\/11\/bj_bilde_det_er_henn_16x9-1536x864.jpg 1536w, https:\/\/hoyre.no\/content\/uploads\/sites\/8\/2020\/11\/bj_bilde_det_er_henn_16x9-2048x1152.jpg 2048w\" sizes=\"auto, (max-width: 2367px) 100vw, 2367px\" \/><\/div><\/figure><div id=\"hoyre-old-article-content-wrapper\"><p>  Det er dessverre kvinner og barn som rammes hardest av fattigdom, og i hele 104 land finnes det faktisk lover som forbyr kvinner \u00e5 ta enkelte jobber. Kvinneforum i M\u00f8re og Romsdal H\u00f8yre er glad for at TV-aksjonen i \u00e5r g\u00e5r til Care. De gj\u00f8r en fantastisk jobb for \u00e5 bidra til at kvinner f\u00e5r mulighet til \u00e5 skape et bedre liv for seg selv og sin familie.<\/p><p><\/p><p>Cares m\u00e5l er \u00e5 gi minst 400\u202f000 kvinner mulighet til \u00e5 starte egen bedrift, f\u00e5 egen inntekt, starte egne spare- og l\u00e5negrupper, og f\u00e5 en stemme i politikken og i lokalsamfunnet. F\u00e5r kvinnene disse mulighetene, vil det gi positive ringvirkninger for 1,5 millioner mennesker i noen av verdens fattigste land. Kvinner gir tilbake til familien og lokalsamfunnet. Likestilling er ikke bare viktig for kvinnen selv, men ogs\u00e5 for \u00e5 redusere fattigdom lokalt og nasjonalt.<\/p><p><\/p><p>Kvinneforum i M\u00f8re og Romsdal H\u00f8yre engasjerer seg i \u00e5rets TV-aksjon fordi likestilling er en menneskerett. Det er ogs\u00e5 en effektiv fattigdomsbekjempelse, da de aller fattigste ofte er kvinner. Vi vil at alle kvinner skal f\u00e5 lov til \u00e5 bestemme over sin egen kropp og f\u00e5 oppl\u00e6ring i seksuell helse og m\u00f8drehelse. Vi er ogs\u00e5 opptatt av at alle uansett kj\u00f8nn og etnisitet skal f\u00e5 sin stemme h\u00f8rt, og delta i beslutninger som ang\u00e5r dem selv.<\/p><p><\/p><p>S\u00f8ndag har vi alle en unik sjanse til \u00e5 hjelpe alle de sterke kvinnene som hver dag kjemper for sine rettigheter, og for \u00e5 sikre seg og sine familier et verdig liv. Du kan v\u00e6re med som b\u00f8sseb\u00e6rer eller som den blide og rause giveren som \u00e5pner d\u00f8ren n\u00e5r det ringer p\u00e5.<\/p><p><\/p><p>Bli med p\u00e5 \u00e5rets viktigst s\u00f8ndagstur \u2013 som b\u00f8sseb\u00e6rer eller det blide ansiktet som \u00e5pner d\u00f8ren og putter i penger i b\u00f8ssen. Du kan melde deg p\u00e5 ved \u00e5 registrere deg p\u00e5 blimed.no <\/p><p><\/p><p><\/p><p>Britt Janne Tenn\u00f8y<\/p><p>Leder i Kvinnforum M\u00f8re ogRomsdal H\u00f8yre <\/p><p><br \/><\/p><\/div>\n<div class=\"tags\">\n\t<\/div>\n<div class=\"post-footer alignfull has-background block-editor-block-list__block\" data-align=full>\n\t<div class=\"post-footer-inner\">\n\t\t<h3>Relaterte artikler<\/h3>\n\t\t<div class=\"related-content\"><div class=\"is-card-hoyre\">\n\t<div class=\"teft-card hoyre-teft-card post-teft-card\">\n\t\t<a href=\"https:\/\/hoyre.no\/more-og-romsdal\/aktuelt\/dato-for-nominasjonsmotet\/\" class=\"teft-card__primary-action\">\n\n\t\t\t\t\t<div class=\"teft-card__media teft-card__media--16-9\">\n\t\t\t\t\t\t<img loading=\"lazy\" decoding=\"async\" width=\"768\" height=\"512\" src=\"https:\/\/hoyre.no\/content\/uploads\/sites\/8\/2026\/03\/51263499731_5bc9dc325f_k-768x512.jpg\" class=\"attachment-medium_large size-medium_large\" alt=\"\" srcset=\"https:\/\/hoyre.no\/content\/uploads\/sites\/8\/2026\/03\/51263499731_5bc9dc325f_k-768x512.jpg 768w, https:\/\/hoyre.no\/content\/uploads\/sites\/8\/2026\/03\/51263499731_5bc9dc325f_k-300x200.jpg 300w, https:\/\/hoyre.no\/content\/uploads\/sites\/8\/2026\/03\/51263499731_5bc9dc325f_k-1024x683.jpg 1024w, https:\/\/hoyre.no\/content\/uploads\/sites\/8\/2026\/03\/51263499731_5bc9dc325f_k-1536x1024.jpg 1536w, https:\/\/hoyre.no\/content\/uploads\/sites\/8\/2026\/03\/51263499731_5bc9dc325f_k.jpg 2047w\" sizes=\"auto, (max-width: 768px) 100vw, 768px\" \/>\t\t<\/div>\n\t\t\n\t\t\t<div class=\"teft-card__content-wrapper\">\n\t\t\t\t<div class=\"teft-card__secondary\">\n\t\t\t\t\t\n\t\t\t\t\t\t\t\t<div class=\"teft-card__meta\">\n\t\t\t\t\t\t\t\t\t<span class=\"post-date\">13. apr 2026<\/span>\n\n\t\t\t\t\t\t\t\t\t\t\t\t\t\t\t\t\t<\/div>\n\t\t\t\t\t\t\t\t\t\t\t<\/div>\n\n\t\t\t\t<div class=\"teft-card__primary\">\n\t\t\t\t\t<h2 class=\"teft-card__title\">Dato for nominasjonsm\u00f8tet&nbsp;<span class=\"teft-card__primary-title-append\"><\/span><\/h2>\t\t\t\t<\/div>\n\t\t\t<\/div>\n\t\t<\/a>\n\t<\/div>\n\n\t<\/div><div class=\"is-card-hoyre\">\n\t<div class=\"teft-card hoyre-teft-card post-teft-card\">\n\t\t<a href=\"https:\/\/hoyre.no\/more-og-romsdal\/aktuelt\/fylkestings-representanter-som-onsker-a-stille-til-valg-neste-periode\/\" class=\"teft-card__primary-action\">\n\n\t\t\t<div class=\"teft-card__media teft-card__media--16-9 no-image\"><\/div>\n\t\t\t<div class=\"teft-card__content-wrapper\">\n\t\t\t\t<div class=\"teft-card__secondary\">\n\t\t\t\t\t\n\t\t\t\t\t\t\t\t<div class=\"teft-card__meta\">\n\t\t\t\t\t\t\t\t\t<span class=\"post-date\">19. mar 2026<\/span>\n\n\t\t\t\t\t\t\t\t\t\t\t\t\t\t\t\t\t<\/div>\n\t\t\t\t\t\t\t\t\t\t\t<\/div>\n\n\t\t\t\t<div class=\"teft-card__primary\">\n\t\t\t\t\t<h2 class=\"teft-card__title\">Fylkestings-representanter som \u00f8nsker \u00e5 stille til valg neste periode.&nbsp;<span class=\"teft-card__primary-title-append\"><\/span><\/h2>\t\t\t\t<\/div>\n\t\t\t<\/div>\n\t\t<\/a>\n\t<\/div>\n\n\t<\/div><div class=\"is-card-hoyre\">\n\t<div class=\"teft-card hoyre-teft-card post-teft-card\">\n\t\t<a href=\"https:\/\/hoyre.no\/more-og-romsdal\/aktuelt\/nominasjonskomite-til-fylkestingsvalget-i-2027\/\" class=\"teft-card__primary-action\">\n\n\t\t\t\t\t<div class=\"teft-card__media teft-card__media--16-9\">\n\t\t\t\t\t\t<img loading=\"lazy\" decoding=\"async\" width=\"400\" height=\"354\" src=\"https:\/\/hoyre.no\/content\/uploads\/sites\/8\/2026\/03\/Helge-Orten-pa-Aksla.jpg\" class=\"attachment-medium_large size-medium_large\" alt=\"\" srcset=\"https:\/\/hoyre.no\/content\/uploads\/sites\/8\/2026\/03\/Helge-Orten-pa-Aksla.jpg 400w, https:\/\/hoyre.no\/content\/uploads\/sites\/8\/2026\/03\/Helge-Orten-pa-Aksla-300x266.jpg 300w\" sizes=\"auto, (max-width: 400px) 100vw, 400px\" \/>\t\t<\/div>\n\t\t\n\t\t\t<div class=\"teft-card__content-wrapper\">\n\t\t\t\t<div class=\"teft-card__secondary\">\n\t\t\t\t\t\n\t\t\t\t\t\t\t\t<div class=\"teft-card__meta\">\n\t\t\t\t\t\t\t\t\t<span class=\"post-date\">4. mar 2026<\/span>\n\n\t\t\t\t\t\t\t\t\t<span class=\"post-category\">Nyheiter<\/span>\t\t\t\t\t\t\t\t<\/div>\n\t\t\t\t\t\t\t\t\t\t\t<\/div>\n\n\t\t\t\t<div class=\"teft-card__primary\">\n\t\t\t\t\t<h2 class=\"teft-card__title\">Nominasjons-komite til fylkestingsvalget i 2027&nbsp;<span class=\"teft-card__primary-title-append\"><\/span><\/h2>\t\t\t\t<\/div>\n\t\t\t<\/div>\n\t\t<\/a>\n\t<\/div>\n\n\t<\/div><\/div>\t<\/div>\n<\/div>\n","protected":false},"excerpt":{"rendered":"","protected":false},"author":0,"featured_media":0,"comment_status":"closed","ping_status":"closed","sticky":false,"template":"","format":"standard","meta":{"teft_cards_image_url":"https:\/\/hoyre.no\/content\/uploads\/sites\/8\/2020\/11\/bj_bilde_det_er_henn_16x9.jpg","teft_cards_custom_pretitle":"","teft_cards_image_id":101,"teft_cards_image_focal_point_x":0,"teft_cards_image_focal_point_y":0,"teft_cards_title":"","teft_cards_excerpt":"","teft_show_chapters":false,"author_display_name":"Britt Janne Tenn\u00f8y, leder Kvinneforum M\u00f8re og Romsdal H\u00f8yre","footnotes":""},"category":[1],"post_tag":[],"hoyre-visibility":[],"article-type":[],"politician":[],"class_list":["post-102","post","type-post","status-publish","format-standard","hentry","category-nyheiter"],"yoast_head":"<!-- This site is optimized with the Yoast SEO plugin v26.6 - https:\/\/yoast.com\/wordpress\/plugins\/seo\/ -->\n<title>N\u00e5 er det hennes tur - M\u00f8re og Romsdal H\u00f8yre<\/title>\n<meta name=\"robots\" content=\"index, follow, max-snippet:-1, max-image-preview:large, max-video-preview:-1\" \/>\n<link rel=\"canonical\" href=\"https:\/\/hoyre.no\/more-og-romsdal\/aktuelt\/na_er_det_hennes_tur\/\" \/>\n<meta property=\"og:locale\" content=\"nn_NO\" \/>\n<meta property=\"og:type\" content=\"article\" \/>\n<meta property=\"og:title\" content=\"N\u00e5 er det hennes tur - M\u00f8re og Romsdal H\u00f8yre\" \/>\n<meta property=\"og:url\" content=\"https:\/\/hoyre.no\/more-og-romsdal\/aktuelt\/na_er_det_hennes_tur\/\" \/>\n<meta property=\"og:site_name\" content=\"M\u00f8re og Romsdal H\u00f8yre\" \/>\n<meta property=\"article:published_time\" content=\"2019-10-15T20:00:00+00:00\" \/>\n<meta property=\"og:image\" content=\"https:\/\/hoyre.no\/content\/uploads\/sites\/8\/2026\/03\/Helge-Orten-pa-Aksla.jpg\" \/>\n<meta name=\"twitter:card\" content=\"summary_large_image\" \/>\n<meta name=\"twitter:label1\" content=\"Est. reading time\" \/>\n\t<meta name=\"twitter:data1\" content=\"2 minutt\" \/>\n<script type=\"application\/ld+json\" class=\"yoast-schema-graph\">{\"@context\":\"https:\/\/schema.org\",\"@graph\":[{\"@type\":\"NewsArticle\",\"@id\":\"https:\/\/hoyre.no\/more-og-romsdal\/aktuelt\/na_er_det_hennes_tur\/\",\"url\":\"https:\/\/hoyre.no\/more-og-romsdal\/aktuelt\/na_er_det_hennes_tur\/\",\"name\":\"N\u00e5 er det hennes tur - M\u00f8re og Romsdal H\u00f8yre\",\"isPartOf\":{\"@id\":\"https:\/\/hoyre.no\/more-og-romsdal\/#website\"},\"datePublished\":\"2019-10-15T20:00:00+00:00\",\"author\":{\"@id\":\"\"},\"breadcrumb\":{\"@id\":\"https:\/\/hoyre.no\/more-og-romsdal\/aktuelt\/na_er_det_hennes_tur\/#breadcrumb\"},\"inLanguage\":\"nn-NO\",\"potentialAction\":[{\"@type\":\"ReadAction\",\"target\":[\"https:\/\/hoyre.no\/more-og-romsdal\/aktuelt\/na_er_det_hennes_tur\/\"]}]},{\"@type\":\"BreadcrumbList\",\"@id\":\"https:\/\/hoyre.no\/more-og-romsdal\/aktuelt\/na_er_det_hennes_tur\/#breadcrumb\",\"itemListElement\":[{\"@type\":\"ListItem\",\"position\":1,\"name\":\"Til hoyre.no\",\"item\":\"https:\/\/hoyre.no\"},{\"@type\":\"ListItem\",\"position\":2,\"name\":\"Hjem\",\"item\":\"https:\/\/hoyre.no\/more-og-romsdal\/\"},{\"@type\":\"ListItem\",\"position\":3,\"name\":\"N\u00e5 er det hennes tur\"}]},{\"@type\":\"WebSite\",\"@id\":\"https:\/\/hoyre.no\/more-og-romsdal\/#website\",\"url\":\"https:\/\/hoyre.no\/more-og-romsdal\/\",\"name\":\"M\u00f8re og Romsdal H\u00f8yre\",\"description\":\"Bare enda et H\u00f8yres nettsteder-nettsted\",\"inLanguage\":\"nn-NO\"}]}<\/script>\n<!-- \/ Yoast SEO plugin. -->","yoast_head_json":{"title":"N\u00e5 er det hennes tur - M\u00f8re og Romsdal H\u00f8yre","robots":{"index":"index","follow":"follow","max-snippet":"max-snippet:-1","max-image-preview":"max-image-preview:large","max-video-preview":"max-video-preview:-1"},"canonical":"https:\/\/hoyre.no\/more-og-romsdal\/aktuelt\/na_er_det_hennes_tur\/","og_locale":"nn_NO","og_type":"article","og_title":"N\u00e5 er det hennes tur - M\u00f8re og Romsdal H\u00f8yre","og_url":"https:\/\/hoyre.no\/more-og-romsdal\/aktuelt\/na_er_det_hennes_tur\/","og_site_name":"M\u00f8re og Romsdal H\u00f8yre","article_published_time":"2019-10-15T20:00:00+00:00","og_image":[{"url":"https:\/\/hoyre.no\/content\/uploads\/sites\/8\/2026\/03\/Helge-Orten-pa-Aksla.jpg","width":"","height":"","type":""}],"twitter_card":"summary_large_image","twitter_misc":{"Est. reading time":"2 minutt"},"schema":{"@context":"https:\/\/schema.org","@graph":[{"@type":"NewsArticle","@id":"https:\/\/hoyre.no\/more-og-romsdal\/aktuelt\/na_er_det_hennes_tur\/","url":"https:\/\/hoyre.no\/more-og-romsdal\/aktuelt\/na_er_det_hennes_tur\/","name":"N\u00e5 er det hennes tur - M\u00f8re og Romsdal H\u00f8yre","isPartOf":{"@id":"https:\/\/hoyre.no\/more-og-romsdal\/#website"},"datePublished":"2019-10-15T20:00:00+00:00","author":{"@id":""},"breadcrumb":{"@id":"https:\/\/hoyre.no\/more-og-romsdal\/aktuelt\/na_er_det_hennes_tur\/#breadcrumb"},"inLanguage":"nn-NO","potentialAction":[{"@type":"ReadAction","target":["https:\/\/hoyre.no\/more-og-romsdal\/aktuelt\/na_er_det_hennes_tur\/"]}]},{"@type":"BreadcrumbList","@id":"https:\/\/hoyre.no\/more-og-romsdal\/aktuelt\/na_er_det_hennes_tur\/#breadcrumb","itemListElement":[{"@type":"ListItem","position":1,"name":"Til hoyre.no","item":"https:\/\/hoyre.no"},{"@type":"ListItem","position":2,"name":"Hjem","item":"https:\/\/hoyre.no\/more-og-romsdal\/"},{"@type":"ListItem","position":3,"name":"N\u00e5 er det hennes tur"}]},{"@type":"WebSite","@id":"https:\/\/hoyre.no\/more-og-romsdal\/#website","url":"https:\/\/hoyre.no\/more-og-romsdal\/","name":"M\u00f8re og Romsdal H\u00f8yre","description":"Bare enda et H\u00f8yres nettsteder-nettsted","inLanguage":"nn-NO"}]}},"distributor_meta":false,"distributor_terms":false,"distributor_media":false,"distributor_original_site_name":"M\u00f8re og Romsdal H\u00f8yre","distributor_original_site_url":"https:\/\/hoyre.no\/more-og-romsdal","push-errors":false,"_links":{"self":[{"href":"https:\/\/hoyre.no\/more-og-romsdal\/wp-json\/wp\/v2\/posts\/102","targetHints":{"allow":["GET"]}}],"collection":[{"href":"https:\/\/hoyre.no\/more-og-romsdal\/wp-json\/wp\/v2\/posts"}],"about":[{"href":"https:\/\/hoyre.no\/more-og-romsdal\/wp-json\/wp\/v2\/types\/post"}],"replies":[{"embeddable":true,"href":"https:\/\/hoyre.no\/more-og-romsdal\/wp-json\/wp\/v2\/comments?post=102"}],"version-history":[{"count":0,"href":"https:\/\/hoyre.no\/more-og-romsdal\/wp-json\/wp\/v2\/posts\/102\/revisions"}],"wp:attachment":[{"href":"https:\/\/hoyre.no\/more-og-romsdal\/wp-json\/wp\/v2\/media?parent=102"}],"wp:term":[{"taxonomy":"category","embeddable":true,"href":"https:\/\/hoyre.no\/more-og-romsdal\/wp-json\/wp\/v2\/category?post=102"},{"taxonomy":"post_tag","embeddable":true,"href":"https:\/\/hoyre.no\/more-og-romsdal\/wp-json\/wp\/v2\/post_tag?post=102"},{"taxonomy":"hoyre-visibility","embeddable":true,"href":"https:\/\/hoyre.no\/more-og-romsdal\/wp-json\/wp\/v2\/hoyre-visibility?post=102"},{"taxonomy":"article-type","embeddable":true,"href":"https:\/\/hoyre.no\/more-og-romsdal\/wp-json\/wp\/v2\/article-type?post=102"},{"taxonomy":"politician","embeddable":true,"href":"https:\/\/hoyre.no\/more-og-romsdal\/wp-json\/wp\/v2\/politician?post=102"}],"curies":[{"name":"wp","href":"https:\/\/api.w.org\/{rel}","templated":true}]}}