{"id":161,"date":"2020-10-07T16:52:00","date_gmt":"2020-10-07T14:52:00","guid":{"rendered":"https:\/\/hoyre.no\/more-og-romsdal\/?p=161"},"modified":"2020-12-04T16:55:18","modified_gmt":"2020-12-04T15:55:18","slug":"statsbudsjettet-2021-more-og-romsdal","status":"publish","type":"post","link":"https:\/\/hoyre.no\/more-og-romsdal\/aktuelt\/statsbudsjettet-2021-more-og-romsdal\/","title":{"rendered":"Statsbudsjettet 2021: M\u00f8re og Romsdal"},"content":{"rendered":"\n<p class=\"preamble\">Budsjettet for 2021 vil bidra til \u00e5 ta Norge ut av koronakrisen. I 2020 har Norge opplevd det kraftigste \u00f8konomiske tilbakeslaget i fredstid. Det viktigste for M\u00f8re og Romsdal er at vi skal skape mer og inkludere flere. <br><br>Vi skal ogs\u00e5 sikre godt smittevern og behandling i helsetjenesten, samtidig som vi skal svare p\u00e5 de langsiktige utfordringene Norge m\u00f8ter.\u00a0<\/p>\t\t\t<div class=\"post-meta wp-block teft-byline-wrapper\">\n\t\t\t\t<div class=\"top\">\n\t\t\t\t\t<div class=\"signature\">\n\t\t\t\t\t\t<div class=\"teft-byline\">\n\t\t\t\t\t\t\t\t\t\t\t\t\t\t<div>\n\t\t\t\t\t\t\t\t<h3>H\u00f8yres redaksjon<\/h3>\t\t\t\t\t\t\t\t\n\t\t\t\t\t\t\t\t\t\t\t\t\t\t\t\t\t<span class=\"date\">Sist oppdatert: 4. desember 2020<\/span>\n\t\t\t\t\t\t\t\t\t\t\t\t\t\t\t\t\t\t\t\t\t\t\t\t\t<span class=\"reading-time\" itemprop=\"timeRequired\" content=\"PT7M\"><em>Ca. 7 minutter lesetid<\/em><\/span>\n\t\t\t\t\t\t\t\t\t\t\t\t\t\t\t<\/div>\n\t\t\t\t\t\t<\/div>\n\t\t\t\t\t<\/div>\n\t\t\t\t\t\t<div class=\"sharing\">\n\t\t<a class=\"share-button share-link copy-link\" data-copy=\"https:\/\/hoyre.no\/more-og-romsdal\/aktuelt\/statsbudsjettet-2021-more-og-romsdal\/\" target=\"_blank\"><span class=\"screen-reader-text\">Del link<\/span><\/a>\n\t\t<a class=\"share-button share-twitter\" href=\"http:\/\/twitter.com\/share?text=Statsbudsjettet 2021: M\u00f8re og Romsdal&#038;url=https:\/\/hoyre.no\/more-og-romsdal\/aktuelt\/statsbudsjettet-2021-more-og-romsdal\/&#038;hashtags=Hoyre\" target=\"_blank\"><span class=\"screen-reader-text\">Del p\u00e5 twitter<\/span><\/a>\n\t\t<a class=\"share-button share-facebook\" href=\"https:\/\/www.facebook.com\/sharer\/sharer.php?u=https:\/\/hoyre.no\/more-og-romsdal\/aktuelt\/statsbudsjettet-2021-more-og-romsdal\/\" target=\"_blank\"><span class=\"screen-reader-text\">Del p\u00e5 facebook<\/span><\/a>\n\t<\/div>\n\t\t\t\t\t<\/div>\n\t\t\t<\/div>\n\n\t\t\t<figure class=\"hoyre-image-wrapper\"><div class=\"hoyre-image\"><img loading=\"lazy\" decoding=\"async\" width=\"860\" height=\"483\" src=\"https:\/\/hoyre.no\/content\/uploads\/sites\/8\/2020\/12\/vi_tror_pa_more_og_r_16x9.jpg\" class=\"attachment-scaled size-scaled\" alt=\"\" style=\"object-position: 50% 50%\" srcset=\"https:\/\/hoyre.no\/content\/uploads\/sites\/8\/2020\/12\/vi_tror_pa_more_og_r_16x9.jpg 860w, https:\/\/hoyre.no\/content\/uploads\/sites\/8\/2020\/12\/vi_tror_pa_more_og_r_16x9-300x168.jpg 300w, https:\/\/hoyre.no\/content\/uploads\/sites\/8\/2020\/12\/vi_tror_pa_more_og_r_16x9-768x431.jpg 768w\" sizes=\"auto, (max-width: 860px) 100vw, 860px\" \/><\/div><\/figure>\n\n\n\n\n<p>\u2013 Dette er et godt budsjett for M\u00f8re og Romsdal, med store satsinger p\u00e5 samferdsel, arbeid, kunnskap og forskning og innovasjon. Jeg er spesielt glad for at vi f\u00e5r startet opp et nytt samferdselsprosjekt p\u00e5 E39. I tillegg \u00f8kes sykehusbudsjettet og fly- og kollektivtilbudet sikres, sier stortingsrepresentant fra M\u00f8re og Romsdal, Helge Orten&nbsp;<\/p>\n\n\n\n<p>Statsbudsjettet for 2021 inneholder mange positive saker for vanlige folk. En vanlig familie kommer til \u00e5 betale om lag 14 000 kroner mindre i skatt med regjeringens forslag. I tillegg foresl\u00e5r vi tiltak mot arbeidsledighet, vi \u00f8ker barnetrygden med 3600 kroner for de minste, kutter eiendomsskatten fra fem til fire promille og \u00f8ker frikortgrensen til 60 000 kroner.&nbsp;<br><br>Vi utvider ogs\u00e5 ordningen med inntektsgradert foreldrebetaling til \u00e5 gjelde 3.-4. trinn, slik at flere barn f\u00e5r mulighet til \u00e5 g\u00e5 p\u00e5 SFO. Fortsatt skal ingen betale mer enn seks prosent av samlet inntekt for en barnehageplass. Vi fortsetter ogs\u00e5 ordningen med gratis kjernetid for barn i alderen to til fem \u00e5r fra familier med lav inntekt.&nbsp;<br><br>Budsjettet legger et godt grunnlag for trygghet, \u00f8kt livskvalitet og mer inkludering.<br>&nbsp;<br>Her f\u00e5r du oversikt over hva noen av satsingene i statsbudsjettet betyr for M\u00f8re og Romsdal:<\/p>\n\n\n\n<h4 class=\"wp-block-heading\">Samferdsel&nbsp;<\/h4>\n\n\n\n<p>Vei&nbsp;<br><br>E39 \u00d8rskogfjellet, krabbefelt, \u00c5lesund og Vestnes kommune&nbsp;<br>Regjeringen foresl\u00e5r \u00e5 bruke midler til anleggsstart for byggingen av forbikj\u00f8ringsfelt p\u00e5 E39 ved \u00d8rskogfjellet.&nbsp;<\/p>\n\n\n\n<p>E39 L\u00f8nset\u2013Hjelset, Molde kommune&nbsp;<br>Regjeringen foresl\u00e5r \u00e5 bruke midler til forberedende arbeider og mulig anleggsstart v\u00e5ren 2021 for prosjektet. Det er vedtatt \u00e5 bygge nytt sykehus for Nordm\u00f8re og Romsdal p\u00e5 Hjelset. Sykehuset er planlagt \u00e5pnet i 2024. Tilfredsstillende trafikkavvikling til og fra sykehuset forutsetter at strekningen p\u00e5 E39 mellom L\u00f8nset og Hjelset utbedres. Prosjektet ventes \u00e5pnet for trafikk i 2024.&nbsp;<\/p>\n\n\n\n<p>Diverse tiltak&nbsp;<\/p>\n\n\n\n<p>Regjeringen foresl\u00e5r \u00e5 bruke midler til trafikksikkerhetstiltak, utbedringstiltak og tiltak for g\u00e5ende og syklende. Det foresl\u00e5s blant annet av midler til:&nbsp;<\/p>\n\n\n\n<ul class=\"wp-block-list\"><li>Utbedring av ferjekaier p\u00e5 E39 i forbindelse med nye kontrakter for \u00e5 drive ferjesamband.&nbsp;<\/li><li>Utbedring av Rosethorntunnelen p\u00e5 E39, Volda kommune.&nbsp;<\/li><li>Utbedring av Gjemnessundbrua p\u00e5 E39, Gjemnes kommune.&nbsp;<\/li><\/ul>\n\n\n\n<p>Planlegging&nbsp;&nbsp;<\/p>\n\n\n\n<p>Regjeringen foresl\u00e5r \u00e5 bruke midler til blant annet kommunedelplan for E39 over Halsafjorden, Sulafjorden og Vartdalsfjorden og til arbeidet med reguleringsplaner for E39 p\u00e5 strekningen \u00c5lesund\u2013Molde.&nbsp;<br><br>Kyst&nbsp;<br><br>Overf\u00f8ring av ansvaret for fiskerihavneanleggene til fylkene&nbsp;<br><br>I forbindelse regionreformen skal fylkene overta ansvaret for fiskerihavneanleggene fra staten. En del fylker har allerede overtatt ansvaret, mens det gjenst\u00e5r \u00e5 inng\u00e5 avtale med blant andre M\u00f8re og Romsdal. M\u00e5let er \u00e5 f\u00e5 p\u00e5 plass avtale om overf\u00f8ring i l\u00f8pet av 2021. Statlige midler for \u00e5 ivareta ansvaret blir fordelt mellom fylkene n\u00e5r ansvaret er overf\u00f8rt.&nbsp;<br><br>Luftfart&nbsp;<br><br>FOT-ruter&nbsp;<br><br>Regjeringen foresl\u00e5r 690 millioner kroner til statlig kj\u00f8p av regionale flyruter i 2021. I M\u00f8re og Romsdal er f\u00f8lgende rute omfattet av ordningen, med kontrakt som gjelder til 31. mars 2024:&nbsp;<br>&#8211; \u00d8rsta-Volda\u2013Bergen t\/r.&nbsp;<br><br>Ordningen med statlig kj\u00f8p av flyruter skal overf\u00f8res til fylkeskommunene som en del av regionreformen. Ansvaret for ruten i M\u00f8re og Romsdal vil bli overf\u00f8rt til M\u00f8re og Romsdal fylkeskommune n\u00e5r den gjeldende avtalen for S\u00f8r-Norge utl\u00f8per 31. mars 2024.&nbsp;<\/p>\n\n\n\n<h4 class=\"wp-block-heading\">Bredb\u00e5nd&nbsp;&nbsp;<\/h4>\n\n\n\n<p>Regjeringen foresl\u00e5r \u00e5 bevilge 264,1 millioner kroner i tilskudd til \u00e5 bygge ut bredb\u00e5nd i omr\u00e5der der det ikke er kommersielt grunnlag for utbygging. Midlene skal fordeles til fylkene etter en fordelingsn\u00f8kkel som vil bli fastsatt av Kommunal- og moderniseringsdepartementet.&nbsp;<\/p>\n\n\n\n<h4 class=\"wp-block-heading\">Eldreombud&nbsp;&nbsp;<\/h4>\n\n\n\n<p>Regjeringen foresl\u00e5r \u00e5 bevilge 3 millioner til driftsutgifter for det nye Eldreombudet i \u00c5lesund.&nbsp;&nbsp;<\/p>\n\n\n\n<h4 class=\"wp-block-heading\">Flom- og skredsikring&nbsp;<\/h4>\n\n\n\n<p>Regjeringen foresl\u00e5r \u00e5 bevilge om lag 500 millioner kroner til \u00e5 fortsette arbeidet med forebygging av flom- og skredskader, gjennom kartlegging av nye flom- og skredutsatte omr\u00e5der, sikringstiltak, overv\u00e5king, varsling og bistand til kommunenes arealplanlegging og arbeidet med overvann.&nbsp;<br><br>Om lag 300 millioner kroner av dette g\u00e5r til arbeidet med kartlegging og gjennomf\u00f8ring av sikringstiltak. Forel\u00f8pig oversikt viser at ogs\u00e5 sikringstiltak i M\u00f8re og Romsdal vil bli prioritert i 2021. Det vil arbeides med videref\u00f8ring og oppstart av flere flomsikringsprosjekter.&nbsp;<br><br>Det er sju fjell i Norge som er vurdert \u00e5 utgj\u00f8re en s\u00e5 h\u00f8y risiko at de overv\u00e5kes kontinuerlig, herunder \u00c5knes, Hegguraksla og Mannen i M\u00f8re og Romsdal. Form\u00e5let er \u00e5 kunne varsle beredskapsmyndighetene i god tid slik at befolkningen kan evakueres f\u00f8r eventuelle fjellskred.&nbsp;<\/p>\n\n\n\n<h4 class=\"wp-block-heading\">Kultur&nbsp;<\/h4>\n\n\n\n<p>\u00d8kte tilskudd til kulturinstitusjoner i forbindelse med koronapandemien&nbsp;&nbsp;<br><br>Regjeringen foresl\u00e5r \u00e5 \u00f8ke tilskuddene til de offentlig finansierte institusjonene som faller utenfor de \u00f8vrige stimuleringsordningene som er etablert for kultursektoren i forbindelse med pandemien. Regjeringen foresl\u00e5r i tilknytning til dette \u00e5 \u00f8ke tilskuddene til Teatret V\u00e5rt (1,7 millioner kroner), Operaen i Kristiansund (980 000 kroner), Musea p\u00e5 Sunnm\u00f8re (1,3 millioner kroner), Nordm\u00f8re museum (200 000 kroner), Nynorsk kultursentrum (0,6 millioner kroner) og Romsdalsmuseet (1,1 millioner kroner).&nbsp;&nbsp;<br><br>Musikk og scenekunst&nbsp;<br>Regjeringen foresl\u00e5r \u00e5 \u00f8ke tilskuddet til Operaen i Kristiansund (0,5 millioner kroner til Operakor Ung og kulturproduksjon for og med barn og unge) som del av regjeringens satsing p\u00e5 kulturtiltak for barn og unge.&nbsp;<\/p>\n\n\n\n<h4 class=\"wp-block-heading\">Nasjonalt tilsyn med \u00f8konomi i private barnehager&nbsp;<\/h4>\n\n\n\n<p>Regjeringen foresl\u00e5r \u00e5 \u00f8ke bevilgningen med 10 millioner kroner, slik at tilsynet f\u00e5r 20 millioner kroner i 2021. Tilsynet skal lokaliseres til Molde.&nbsp;<\/p>\n\n\n\n<h4 class=\"wp-block-heading\">Politi<\/h4>\n\n\n\n<p>Regjeringen foresl\u00e5r en historisk \u00f8kning av politibudsjettet med nesten en halv milliard for \u00e5 gj\u00f8re de 400 stillingene som ble opprettet i v\u00e5r permanente. Dette er en varig \u00f8kning, som skal overf\u00f8res til de geografiske driftsenhetene i politidistriktene og vil derfor komme politiet i M\u00f8re og Romsdal til gode.&nbsp; &nbsp;<\/p>\n\n\n\n<h4 class=\"wp-block-heading\">Regionale utviklingsmidler&nbsp;&nbsp;<\/h4>\n\n\n\n<p>Regjeringen foresl\u00e5r \u00e5 bevilge 62,12 millioner kroner til M\u00f8re og Romsdal fylkeskommune&nbsp;<\/p>\n\n\n\n<h4 class=\"wp-block-heading\">Sj\u00f8holt folkeh\u00f8gskole&nbsp;<\/h4>\n\n\n\n<p>Sj\u00f8holt Folkeh\u00f8gskole skulle etter planen starte opp h\u00f8sten 2020, men har f\u00e5tt utsatt oppstarten til h\u00f8sten 2021. Skolen skal v\u00e6re et tilbud for ungdom fra 16 \u00e5r og oppover som ikke er klare for, eller faller fra, videreg\u00e5ende oppl\u00e6ring, og m\u00e5let er \u00e5 motivere og klargj\u00f8re elevene for videre skolegang.&nbsp;<\/p>\n\n\n\n<h4 class=\"wp-block-heading\">Tilskuddsordningen for sysselsetting av sj\u00f8folk&nbsp;<\/h4>\n\n\n\n<p>Regjeringen foresl\u00e5r \u00e5 bevilge om lag 1,9 milliarder kroner til tiltak for sysselsetting av sj\u00f8folk i 2020. Regjeringen foresl\u00e5r \u00e5 innf\u00f8re et makstak i ordningen, og en avvikling av tilskuddsmodellen for lasteskip i NIS i utenriksfart. Tilskuddsordningen for sysselsetting av sj\u00f8folk skal bidra til norsk maritim kompetanse, rekruttering av norske sj\u00f8folk og konkurransedyktige rammevilk\u00e5r for rederier med skip i NOR og NIS.&nbsp;<br><br>I 2019 var om lag 2440 sj\u00f8folk i M\u00f8re og Romsdal omfattet av tilskuddsordningen for sysselsetting av sj\u00f8folk.&nbsp;&nbsp;<\/p>\n\n\n\n<h4 class=\"wp-block-heading\">Forskning og innovasjon i n\u00e6ringslivet&nbsp;<\/h4>\n\n\n\n<p>Bevilgningene til forskning og innovasjon er betydelig styrket siden regjeringen tiltr\u00e5dte i 2013. I regjeringens forslag til statsbudsjett for 2021 ansl\u00e5s bevilgningen til n\u00e6ringsrettet forskning og innovasjon over N\u00e6rings- og fiskeridepartementets budsjett til mer enn 9 milliarder. kroner. Inkludert i denne summen er Skattefunn-ordningen (som gir bedrifter som driver med forskning og utvikling skattefradrag), og skatteinsentiv-ordningen som gir skattefradrag ved langsiktige investeringer i oppstartsselskaper.&nbsp;&nbsp;<br><br>Bevilgningene vil bidra til at n\u00e6ringslivet blir gr\u00f8nnere, smartere og mer nyskapende. Mer forskning og utvikling i n\u00e6ringslivet gir nye produkter og tjenester, som igjen gir ny verdiskaping og vekst for norsk \u00f8konomi. Det kommer norske arbeidsplasser til gode, og legger til rette for et b\u00e6rekraftig velferdssamfunn. Bedrifter i M\u00f8re og Romsdal kan s\u00f8ke om penger i alle disse programmene.&nbsp;<\/p>\n\n\n\n<h4 class=\"wp-block-heading\">Vekst i frie inntekter fra 2020 til 2021<\/h4>\n\n\n\n<p>Fra 2020 til 2021 er det p\u00e5 landsbasis en nominell vekst i de frie inntektene til kommunene p\u00e5 3,0 prosent, regnet fra anslag p\u00e5 regnskap for 2020. Det er ansl\u00e5tt at kommunene i M\u00f8re og Romsdal samlet sett vil f\u00e5 en nominell vekst i de frie inntektene p\u00e5 3,0 prosent.<\/p>\n\n\n<div class=\"tags\">\n\t<\/div>\n<div class=\"post-footer alignfull has-background block-editor-block-list__block\" data-align=full>\n\t<div class=\"post-footer-inner\">\n\t\t<h3>Relaterte artikler<\/h3>\n\t\t<div class=\"related-content\"><div class=\"is-card-hoyre\">\n\t<div class=\"teft-card hoyre-teft-card post-teft-card\">\n\t\t<a href=\"https:\/\/hoyre.no\/more-og-romsdal\/aktuelt\/dato-for-nominasjonsmotet\/\" class=\"teft-card__primary-action\">\n\n\t\t\t\t\t<div class=\"teft-card__media teft-card__media--16-9\">\n\t\t\t\t\t\t<img loading=\"lazy\" decoding=\"async\" width=\"768\" height=\"512\" src=\"https:\/\/hoyre.no\/content\/uploads\/sites\/8\/2026\/03\/51263499731_5bc9dc325f_k-768x512.jpg\" class=\"attachment-medium_large size-medium_large\" alt=\"\" srcset=\"https:\/\/hoyre.no\/content\/uploads\/sites\/8\/2026\/03\/51263499731_5bc9dc325f_k-768x512.jpg 768w, https:\/\/hoyre.no\/content\/uploads\/sites\/8\/2026\/03\/51263499731_5bc9dc325f_k-300x200.jpg 300w, https:\/\/hoyre.no\/content\/uploads\/sites\/8\/2026\/03\/51263499731_5bc9dc325f_k-1024x683.jpg 1024w, https:\/\/hoyre.no\/content\/uploads\/sites\/8\/2026\/03\/51263499731_5bc9dc325f_k-1536x1024.jpg 1536w, https:\/\/hoyre.no\/content\/uploads\/sites\/8\/2026\/03\/51263499731_5bc9dc325f_k.jpg 2047w\" sizes=\"auto, (max-width: 768px) 100vw, 768px\" \/>\t\t<\/div>\n\t\t\n\t\t\t<div class=\"teft-card__content-wrapper\">\n\t\t\t\t<div class=\"teft-card__secondary\">\n\t\t\t\t\t\n\t\t\t\t\t\t\t\t<div class=\"teft-card__meta\">\n\t\t\t\t\t\t\t\t\t<span class=\"post-date\">13. apr 2026<\/span>\n\n\t\t\t\t\t\t\t\t\t\t\t\t\t\t\t\t\t<\/div>\n\t\t\t\t\t\t\t\t\t\t\t<\/div>\n\n\t\t\t\t<div class=\"teft-card__primary\">\n\t\t\t\t\t<h2 class=\"teft-card__title\">Dato for nominasjonsm\u00f8tet&nbsp;<span class=\"teft-card__primary-title-append\"><\/span><\/h2>\t\t\t\t<\/div>\n\t\t\t<\/div>\n\t\t<\/a>\n\t<\/div>\n\n\t<\/div><div class=\"is-card-hoyre\">\n\t<div class=\"teft-card hoyre-teft-card post-teft-card\">\n\t\t<a href=\"https:\/\/hoyre.no\/more-og-romsdal\/aktuelt\/fylkestings-representanter-som-onsker-a-stille-til-valg-neste-periode\/\" class=\"teft-card__primary-action\">\n\n\t\t\t<div class=\"teft-card__media teft-card__media--16-9 no-image\"><\/div>\n\t\t\t<div class=\"teft-card__content-wrapper\">\n\t\t\t\t<div class=\"teft-card__secondary\">\n\t\t\t\t\t\n\t\t\t\t\t\t\t\t<div class=\"teft-card__meta\">\n\t\t\t\t\t\t\t\t\t<span class=\"post-date\">19. mar 2026<\/span>\n\n\t\t\t\t\t\t\t\t\t\t\t\t\t\t\t\t\t<\/div>\n\t\t\t\t\t\t\t\t\t\t\t<\/div>\n\n\t\t\t\t<div class=\"teft-card__primary\">\n\t\t\t\t\t<h2 class=\"teft-card__title\">Fylkestings-representanter som \u00f8nsker \u00e5 stille til valg neste periode.&nbsp;<span class=\"teft-card__primary-title-append\"><\/span><\/h2>\t\t\t\t<\/div>\n\t\t\t<\/div>\n\t\t<\/a>\n\t<\/div>\n\n\t<\/div><div class=\"is-card-hoyre\">\n\t<div class=\"teft-card hoyre-teft-card post-teft-card\">\n\t\t<a href=\"https:\/\/hoyre.no\/more-og-romsdal\/aktuelt\/nominasjonskomite-til-fylkestingsvalget-i-2027\/\" class=\"teft-card__primary-action\">\n\n\t\t\t\t\t<div class=\"teft-card__media teft-card__media--16-9\">\n\t\t\t\t\t\t<img loading=\"lazy\" decoding=\"async\" width=\"400\" height=\"354\" src=\"https:\/\/hoyre.no\/content\/uploads\/sites\/8\/2026\/03\/Helge-Orten-pa-Aksla.jpg\" class=\"attachment-medium_large size-medium_large\" alt=\"\" srcset=\"https:\/\/hoyre.no\/content\/uploads\/sites\/8\/2026\/03\/Helge-Orten-pa-Aksla.jpg 400w, https:\/\/hoyre.no\/content\/uploads\/sites\/8\/2026\/03\/Helge-Orten-pa-Aksla-300x266.jpg 300w\" sizes=\"auto, (max-width: 400px) 100vw, 400px\" \/>\t\t<\/div>\n\t\t\n\t\t\t<div class=\"teft-card__content-wrapper\">\n\t\t\t\t<div class=\"teft-card__secondary\">\n\t\t\t\t\t\n\t\t\t\t\t\t\t\t<div class=\"teft-card__meta\">\n\t\t\t\t\t\t\t\t\t<span class=\"post-date\">4. mar 2026<\/span>\n\n\t\t\t\t\t\t\t\t\t<span class=\"post-category\">Nyheiter<\/span>\t\t\t\t\t\t\t\t<\/div>\n\t\t\t\t\t\t\t\t\t\t\t<\/div>\n\n\t\t\t\t<div class=\"teft-card__primary\">\n\t\t\t\t\t<h2 class=\"teft-card__title\">Nominasjons-komite til fylkestingsvalget i 2027&nbsp;<span class=\"teft-card__primary-title-append\"><\/span><\/h2>\t\t\t\t<\/div>\n\t\t\t<\/div>\n\t\t<\/a>\n\t<\/div>\n\n\t<\/div><\/div>\t<\/div>\n<\/div>\n","protected":false},"excerpt":{"rendered":"","protected":false},"author":51320,"featured_media":0,"comment_status":"closed","ping_status":"closed","sticky":false,"template":"","format":"standard","meta":{"teft_cards_image_url":"","teft_cards_custom_pretitle":"","teft_cards_image_id":162,"teft_cards_image_focal_point_x":0.5,"teft_cards_image_focal_point_y":0.5,"teft_cards_title":"","teft_cards_excerpt":"","teft_show_chapters":false,"author_display_name":"","footnotes":""},"category":[4],"post_tag":[],"hoyre-visibility":[],"article-type":[],"politician":[],"class_list":["post-161","post","type-post","status-publish","format-standard","hentry","category-okonomi"],"yoast_head":"<!-- This site is optimized with the Yoast SEO plugin v26.6 - https:\/\/yoast.com\/wordpress\/plugins\/seo\/ -->\n<title>Statsbudsjettet 2021: M\u00f8re og Romsdal - M\u00f8re og Romsdal H\u00f8yre<\/title>\n<meta name=\"robots\" content=\"index, follow, max-snippet:-1, max-image-preview:large, max-video-preview:-1\" \/>\n<link rel=\"canonical\" href=\"https:\/\/hoyre.no\/more-og-romsdal\/aktuelt\/statsbudsjettet-2021-more-og-romsdal\/\" \/>\n<meta property=\"og:locale\" content=\"nn_NO\" \/>\n<meta property=\"og:type\" content=\"article\" \/>\n<meta property=\"og:title\" content=\"Statsbudsjettet 2021: M\u00f8re og Romsdal - M\u00f8re og Romsdal H\u00f8yre\" \/>\n<meta property=\"og:url\" content=\"https:\/\/hoyre.no\/more-og-romsdal\/aktuelt\/statsbudsjettet-2021-more-og-romsdal\/\" \/>\n<meta property=\"og:site_name\" content=\"M\u00f8re og Romsdal H\u00f8yre\" \/>\n<meta property=\"article:published_time\" content=\"2020-10-07T14:52:00+00:00\" \/>\n<meta property=\"article:modified_time\" content=\"2020-12-04T15:55:18+00:00\" \/>\n<meta property=\"og:image\" content=\"https:\/\/hoyre.no\/content\/uploads\/sites\/8\/2026\/03\/Helge-Orten-pa-Aksla.jpg\" \/>\n<meta name=\"author\" content=\"Cecilie Tofteng\" \/>\n<meta name=\"twitter:card\" content=\"summary_large_image\" \/>\n<meta name=\"twitter:label1\" content=\"Written by\" \/>\n\t<meta name=\"twitter:data1\" content=\"Cecilie Tofteng\" \/>\n\t<meta name=\"twitter:label2\" content=\"Est. reading time\" \/>\n\t<meta name=\"twitter:data2\" content=\"7 minutt\" \/>\n<script type=\"application\/ld+json\" class=\"yoast-schema-graph\">{\"@context\":\"https:\/\/schema.org\",\"@graph\":[{\"@type\":\"NewsArticle\",\"@id\":\"https:\/\/hoyre.no\/more-og-romsdal\/aktuelt\/statsbudsjettet-2021-more-og-romsdal\/\",\"url\":\"https:\/\/hoyre.no\/more-og-romsdal\/aktuelt\/statsbudsjettet-2021-more-og-romsdal\/\",\"name\":\"Statsbudsjettet 2021: M\u00f8re og Romsdal - M\u00f8re og Romsdal H\u00f8yre\",\"isPartOf\":{\"@id\":\"https:\/\/hoyre.no\/more-og-romsdal\/#website\"},\"datePublished\":\"2020-10-07T14:52:00+00:00\",\"dateModified\":\"2020-12-04T15:55:18+00:00\",\"author\":{\"@id\":\"https:\/\/hoyre.no\/more-og-romsdal\/#\/schema\/person\/0bf433749e315dcb10f0af58dd183b2a\"},\"breadcrumb\":{\"@id\":\"https:\/\/hoyre.no\/more-og-romsdal\/aktuelt\/statsbudsjettet-2021-more-og-romsdal\/#breadcrumb\"},\"inLanguage\":\"nn-NO\",\"potentialAction\":[{\"@type\":\"ReadAction\",\"target\":[\"https:\/\/hoyre.no\/more-og-romsdal\/aktuelt\/statsbudsjettet-2021-more-og-romsdal\/\"]}]},{\"@type\":\"BreadcrumbList\",\"@id\":\"https:\/\/hoyre.no\/more-og-romsdal\/aktuelt\/statsbudsjettet-2021-more-og-romsdal\/#breadcrumb\",\"itemListElement\":[{\"@type\":\"ListItem\",\"position\":1,\"name\":\"Til hoyre.no\",\"item\":\"https:\/\/hoyre.no\"},{\"@type\":\"ListItem\",\"position\":2,\"name\":\"Hjem\",\"item\":\"https:\/\/hoyre.no\/more-og-romsdal\/\"},{\"@type\":\"ListItem\",\"position\":3,\"name\":\"Statsbudsjettet 2021: M\u00f8re og Romsdal\"}]},{\"@type\":\"WebSite\",\"@id\":\"https:\/\/hoyre.no\/more-og-romsdal\/#website\",\"url\":\"https:\/\/hoyre.no\/more-og-romsdal\/\",\"name\":\"M\u00f8re og Romsdal H\u00f8yre\",\"description\":\"Bare enda et H\u00f8yres nettsteder-nettsted\",\"inLanguage\":\"nn-NO\"},{\"@type\":\"Person\",\"@id\":\"https:\/\/hoyre.no\/more-og-romsdal\/#\/schema\/person\/0bf433749e315dcb10f0af58dd183b2a\",\"name\":\"Cecilie Tofteng\",\"image\":{\"@type\":\"ImageObject\",\"inLanguage\":\"nn-NO\",\"@id\":\"https:\/\/hoyre.no\/more-og-romsdal\/#\/schema\/person\/image\/\",\"url\":\"https:\/\/secure.gravatar.com\/avatar\/694d56caca63f6821e9843b24b8c7aba0cb29dd0c5ef0ea904de3cebe07ae31d?s=96&d=mm&r=g\",\"contentUrl\":\"https:\/\/secure.gravatar.com\/avatar\/694d56caca63f6821e9843b24b8c7aba0cb29dd0c5ef0ea904de3cebe07ae31d?s=96&d=mm&r=g\",\"caption\":\"Cecilie Tofteng\"},\"url\":\"https:\/\/hoyre.no\/more-og-romsdal\/aktuelt\/author\/m60000393\/\"}]}<\/script>\n<!-- \/ Yoast SEO plugin. -->","yoast_head_json":{"title":"Statsbudsjettet 2021: M\u00f8re og Romsdal - M\u00f8re og Romsdal H\u00f8yre","robots":{"index":"index","follow":"follow","max-snippet":"max-snippet:-1","max-image-preview":"max-image-preview:large","max-video-preview":"max-video-preview:-1"},"canonical":"https:\/\/hoyre.no\/more-og-romsdal\/aktuelt\/statsbudsjettet-2021-more-og-romsdal\/","og_locale":"nn_NO","og_type":"article","og_title":"Statsbudsjettet 2021: M\u00f8re og Romsdal - M\u00f8re og Romsdal H\u00f8yre","og_url":"https:\/\/hoyre.no\/more-og-romsdal\/aktuelt\/statsbudsjettet-2021-more-og-romsdal\/","og_site_name":"M\u00f8re og Romsdal H\u00f8yre","article_published_time":"2020-10-07T14:52:00+00:00","article_modified_time":"2020-12-04T15:55:18+00:00","og_image":[{"url":"https:\/\/hoyre.no\/content\/uploads\/sites\/8\/2026\/03\/Helge-Orten-pa-Aksla.jpg","width":"","height":"","type":""}],"author":"Cecilie Tofteng","twitter_card":"summary_large_image","twitter_misc":{"Written by":"Cecilie Tofteng","Est. reading time":"7 minutt"},"schema":{"@context":"https:\/\/schema.org","@graph":[{"@type":"NewsArticle","@id":"https:\/\/hoyre.no\/more-og-romsdal\/aktuelt\/statsbudsjettet-2021-more-og-romsdal\/","url":"https:\/\/hoyre.no\/more-og-romsdal\/aktuelt\/statsbudsjettet-2021-more-og-romsdal\/","name":"Statsbudsjettet 2021: M\u00f8re og Romsdal - M\u00f8re og Romsdal H\u00f8yre","isPartOf":{"@id":"https:\/\/hoyre.no\/more-og-romsdal\/#website"},"datePublished":"2020-10-07T14:52:00+00:00","dateModified":"2020-12-04T15:55:18+00:00","author":{"@id":"https:\/\/hoyre.no\/more-og-romsdal\/#\/schema\/person\/0bf433749e315dcb10f0af58dd183b2a"},"breadcrumb":{"@id":"https:\/\/hoyre.no\/more-og-romsdal\/aktuelt\/statsbudsjettet-2021-more-og-romsdal\/#breadcrumb"},"inLanguage":"nn-NO","potentialAction":[{"@type":"ReadAction","target":["https:\/\/hoyre.no\/more-og-romsdal\/aktuelt\/statsbudsjettet-2021-more-og-romsdal\/"]}]},{"@type":"BreadcrumbList","@id":"https:\/\/hoyre.no\/more-og-romsdal\/aktuelt\/statsbudsjettet-2021-more-og-romsdal\/#breadcrumb","itemListElement":[{"@type":"ListItem","position":1,"name":"Til hoyre.no","item":"https:\/\/hoyre.no"},{"@type":"ListItem","position":2,"name":"Hjem","item":"https:\/\/hoyre.no\/more-og-romsdal\/"},{"@type":"ListItem","position":3,"name":"Statsbudsjettet 2021: M\u00f8re og Romsdal"}]},{"@type":"WebSite","@id":"https:\/\/hoyre.no\/more-og-romsdal\/#website","url":"https:\/\/hoyre.no\/more-og-romsdal\/","name":"M\u00f8re og Romsdal H\u00f8yre","description":"Bare enda et H\u00f8yres nettsteder-nettsted","inLanguage":"nn-NO"},{"@type":"Person","@id":"https:\/\/hoyre.no\/more-og-romsdal\/#\/schema\/person\/0bf433749e315dcb10f0af58dd183b2a","name":"Cecilie Tofteng","image":{"@type":"ImageObject","inLanguage":"nn-NO","@id":"https:\/\/hoyre.no\/more-og-romsdal\/#\/schema\/person\/image\/","url":"https:\/\/secure.gravatar.com\/avatar\/694d56caca63f6821e9843b24b8c7aba0cb29dd0c5ef0ea904de3cebe07ae31d?s=96&d=mm&r=g","contentUrl":"https:\/\/secure.gravatar.com\/avatar\/694d56caca63f6821e9843b24b8c7aba0cb29dd0c5ef0ea904de3cebe07ae31d?s=96&d=mm&r=g","caption":"Cecilie Tofteng"},"url":"https:\/\/hoyre.no\/more-og-romsdal\/aktuelt\/author\/m60000393\/"}]}},"distributor_meta":false,"distributor_terms":false,"distributor_media":false,"distributor_original_site_name":"M\u00f8re og Romsdal H\u00f8yre","distributor_original_site_url":"https:\/\/hoyre.no\/more-og-romsdal","push-errors":false,"_links":{"self":[{"href":"https:\/\/hoyre.no\/more-og-romsdal\/wp-json\/wp\/v2\/posts\/161","targetHints":{"allow":["GET"]}}],"collection":[{"href":"https:\/\/hoyre.no\/more-og-romsdal\/wp-json\/wp\/v2\/posts"}],"about":[{"href":"https:\/\/hoyre.no\/more-og-romsdal\/wp-json\/wp\/v2\/types\/post"}],"author":[{"embeddable":true,"href":"https:\/\/hoyre.no\/more-og-romsdal\/wp-json\/wp\/v2\/users\/51320"}],"replies":[{"embeddable":true,"href":"https:\/\/hoyre.no\/more-og-romsdal\/wp-json\/wp\/v2\/comments?post=161"}],"version-history":[{"count":1,"href":"https:\/\/hoyre.no\/more-og-romsdal\/wp-json\/wp\/v2\/posts\/161\/revisions"}],"predecessor-version":[{"id":163,"href":"https:\/\/hoyre.no\/more-og-romsdal\/wp-json\/wp\/v2\/posts\/161\/revisions\/163"}],"wp:attachment":[{"href":"https:\/\/hoyre.no\/more-og-romsdal\/wp-json\/wp\/v2\/media?parent=161"}],"wp:term":[{"taxonomy":"category","embeddable":true,"href":"https:\/\/hoyre.no\/more-og-romsdal\/wp-json\/wp\/v2\/category?post=161"},{"taxonomy":"post_tag","embeddable":true,"href":"https:\/\/hoyre.no\/more-og-romsdal\/wp-json\/wp\/v2\/post_tag?post=161"},{"taxonomy":"hoyre-visibility","embeddable":true,"href":"https:\/\/hoyre.no\/more-og-romsdal\/wp-json\/wp\/v2\/hoyre-visibility?post=161"},{"taxonomy":"article-type","embeddable":true,"href":"https:\/\/hoyre.no\/more-og-romsdal\/wp-json\/wp\/v2\/article-type?post=161"},{"taxonomy":"politician","embeddable":true,"href":"https:\/\/hoyre.no\/more-og-romsdal\/wp-json\/wp\/v2\/politician?post=161"}],"curies":[{"name":"wp","href":"https:\/\/api.w.org\/{rel}","templated":true}]}}