{"id":461,"date":"2023-05-16T13:14:24","date_gmt":"2023-05-16T11:14:24","guid":{"rendered":"https:\/\/hoyre.no\/more-og-romsdal\/?p=461"},"modified":"2023-05-16T13:14:25","modified_gmt":"2023-05-16T11:14:25","slug":"unge-usikre-og-ungdomshelse-felles-team-for-bedre-ungdomshelse","status":"publish","type":"post","link":"https:\/\/hoyre.no\/more-og-romsdal\/aktuelt\/unge-usikre-og-ungdomshelse-felles-team-for-bedre-ungdomshelse\/","title":{"rendered":"Unge usikre og ungdomshelse: Felles team for bedre ungdomshelse"},"content":{"rendered":"\n<p class=\"preamble\"><br>\u00c5 v\u00e6re ungdom i dagens samfunn kan v\u00e6re utfordrende. Mange unge sliter med usikkerhet, angst og depresjon. Dette kan v\u00e6re ekstra vanskelig for unge som er p\u00e5 vei ut av skapet og trenger st\u00f8tte fra trygge personer.<br><img decoding=\"async\" src=\"https:\/\/vcdn.polarismedia.no\/96e63a25-3d25-4448-9677-8be18119036f?fit=clip&amp;h=700&amp;q=80&amp;tight=false&amp;w=1000\" alt=\"foto\"><br>H\u00f8yre.\u00a0<strong>FOTO:<\/strong>\u00a0HANS KRISTIAN THORBJ\u00d8RNSEN<br><br><strong>Tone Klev, nyvalgt Utvalgsmedlem i \u00c5pne H\u00f8yre og og Odd J\u00f8rgen Nilssen, ordf\u00f8rer i Aukra kommune<\/strong><br><br>Som en transkvinne som har levd \u00e5pent siden 2015, \u00f8nsker jeg \u00e5 sette lys p\u00e5 utfordringene unge usikre kan m\u00f8te og hvordan vi kan jobbe sammen for \u00e5 bedre ungdomshelsen.<br>Jeg bor i en liten kommune som heter Aukra, hvor det kan v\u00e6re vanskelig for unge \u00e5 finne trygge personer \u00e5 snakke med n\u00e5r de er p\u00e5 vei ut av skapet. Det er viktig at unge har ressurspersoner med erfaring i \u00e5 st\u00f8tte og snakke med personer som er p\u00e5 vei ut av skapet. Dessverre kan det v\u00e6re en utfordring i sm\u00e5 kommuner som Aukra. Det jeg har erfart er at det ofte kan v\u00e6re enklere \u00e5 betro seg til personer utenfor kommunen n\u00e5r man er p\u00e5 vei ut av skapet.<br><br><img decoding=\"async\" src=\"https:\/\/vcdn.polarismedia.no\/47dd4c83-3d48-413b-ad32-f10578bed890?fit=clip&amp;h=1800&amp;q=80&amp;tight=false&amp;w=800\" alt=\"foto\"><br><em>Tone Klev og Odd J\u00f8rgen Nilssen, ordf\u00f8rer i Aukra kommune under Molde Pride i 2022. &#8211; Det \u00e5 delta i Pride tog skal ikke undervurderes, det f\u00f8ltes utrolig mektig \u00e5 g\u00e5 gjennom Molde By og f\u00f8le at \u00aballe\u00bb heiet p\u00e5 oss. Det at s\u00e5kalt \u00abvanlige\u00bb folk blir med p\u00e5 slike markeringer betyr utrolig mye. Jeg satte virkelig pris p\u00e5 at mange aktive politikere som ikke selv er skeiv allikevel valgte \u00e5 stille opp for \u00e5 vise at det faktisk er helt greit \u00e5 v\u00e6re skeiv. Det var for \u00f8vrig min f\u00f8rste Pride, og jeg var ekstra stolt over at den ble akkurat i Molde By som har betydd mye for meg i min egen vei ut av skapet. Den ga meg trygghet til \u00e5 ha tro p\u00e5 meg selv &#8211; og da jeg ble spurt om \u00e5 bli med i \u00c5pne H\u00f8yre s\u00e5 sa jeg ja til \u00e5 stille som kandidat. <strong>FOTO:<\/strong>\u00a0PRIVAT<\/em><br><br><br>En l\u00f8sning p\u00e5 dette kan v\u00e6re \u00e5 opprette interkommunale samarbeid, der sm\u00e5 kommuner kan samarbeide med st\u00f8rre kommuner for \u00e5 tilby skeive ungdommer tilgang til st\u00f8ttepersoner og trygge rom. Dette kan v\u00e6re med p\u00e5 \u00e5 skape et milj\u00f8 der ungdommene kan f\u00f8le seg inkludert og st\u00f8ttet, og der de kan finne den hjelpen de trenger for \u00e5 h\u00e5ndtere sine utfordringer p\u00e5 en god m\u00e5te.<br>En annen utfordring som unge usikre kan m\u00f8te, er m\u00f8ter med personer p\u00e5 nettet som er skr\u00e5sikre og kan bidra til \u00e5 \u00f8ke usikkerheten. Derfor er det viktig at unge har ressurspersoner rundt seg de kan dr\u00f8fte sin usikkerhet med og som kan gi dem r\u00e5d og st\u00f8tte p\u00e5 en trygg og ansvarlig m\u00e5te. Vi trenger et felles team som jobber for \u00e5 bedre ungdomshelsen, der b\u00e5de helsepersonell, l\u00e6rere og andre ressurspersoner kan samarbeide for \u00e5 sikre at unge f\u00e5r den st\u00f8tten de trenger for \u00e5 h\u00e5ndtere utfordringene de m\u00f8ter.<br>Ungdom som vokser opp i sm\u00e5 kommuner som Aukra, trenger \u00e5 ha trygge mennesker de kan snakke med og som kan st\u00f8tte dem p\u00e5 veien til \u00e5 akseptere og elske seg selv for den de er. Vi kan alle bidra til \u00e5 bedre ungdomshelsen ved \u00e5 v\u00e6re bevisste p\u00e5 v\u00e5rt ansvar som ressurspersoner og ved \u00e5 samarbeide p\u00e5 tvers av kommuner og yrkesgrupper for \u00e5 sikre at unge f\u00e5r den st\u00f8tten de trenger. Sammen kan vi skape et trygt og inkluderende samfunn for alle unge.<br><\/p>\n\n\n\n\n<p><\/p>\n\n\n<div class=\"tags\">\n\t<\/div>\n<div class=\"post-footer alignfull has-background block-editor-block-list__block\" data-align=full>\n\t<div class=\"post-footer-inner\">\n\t\t<h3>Relaterte artikler<\/h3>\n\t\t<div class=\"related-content\"><div class=\"is-card-hoyre\">\n\t<div class=\"teft-card hoyre-teft-card post-teft-card\">\n\t\t<a href=\"https:\/\/hoyre.no\/more-og-romsdal\/aktuelt\/dato-for-nominasjonsmotet\/\" class=\"teft-card__primary-action\">\n\n\t\t\t\t\t<div class=\"teft-card__media teft-card__media--16-9\">\n\t\t\t\t\t\t<img loading=\"lazy\" decoding=\"async\" width=\"768\" height=\"512\" src=\"https:\/\/hoyre.no\/content\/uploads\/sites\/8\/2026\/03\/51263499731_5bc9dc325f_k-768x512.jpg\" class=\"attachment-medium_large size-medium_large\" alt=\"\" srcset=\"https:\/\/hoyre.no\/content\/uploads\/sites\/8\/2026\/03\/51263499731_5bc9dc325f_k-768x512.jpg 768w, https:\/\/hoyre.no\/content\/uploads\/sites\/8\/2026\/03\/51263499731_5bc9dc325f_k-300x200.jpg 300w, https:\/\/hoyre.no\/content\/uploads\/sites\/8\/2026\/03\/51263499731_5bc9dc325f_k-1024x683.jpg 1024w, https:\/\/hoyre.no\/content\/uploads\/sites\/8\/2026\/03\/51263499731_5bc9dc325f_k-1536x1024.jpg 1536w, https:\/\/hoyre.no\/content\/uploads\/sites\/8\/2026\/03\/51263499731_5bc9dc325f_k.jpg 2047w\" sizes=\"auto, (max-width: 768px) 100vw, 768px\" \/>\t\t<\/div>\n\t\t\n\t\t\t<div class=\"teft-card__content-wrapper\">\n\t\t\t\t<div class=\"teft-card__secondary\">\n\t\t\t\t\t\n\t\t\t\t\t\t\t\t<div class=\"teft-card__meta\">\n\t\t\t\t\t\t\t\t\t<span class=\"post-date\">13. apr 2026<\/span>\n\n\t\t\t\t\t\t\t\t\t\t\t\t\t\t\t\t\t<\/div>\n\t\t\t\t\t\t\t\t\t\t\t<\/div>\n\n\t\t\t\t<div class=\"teft-card__primary\">\n\t\t\t\t\t<h2 class=\"teft-card__title\">Dato for nominasjonsm\u00f8tet&nbsp;<span class=\"teft-card__primary-title-append\"><\/span><\/h2>\t\t\t\t<\/div>\n\t\t\t<\/div>\n\t\t<\/a>\n\t<\/div>\n\n\t<\/div><div class=\"is-card-hoyre\">\n\t<div class=\"teft-card hoyre-teft-card post-teft-card\">\n\t\t<a href=\"https:\/\/hoyre.no\/more-og-romsdal\/aktuelt\/fylkestings-representanter-som-onsker-a-stille-til-valg-neste-periode\/\" class=\"teft-card__primary-action\">\n\n\t\t\t<div class=\"teft-card__media teft-card__media--16-9 no-image\"><\/div>\n\t\t\t<div class=\"teft-card__content-wrapper\">\n\t\t\t\t<div class=\"teft-card__secondary\">\n\t\t\t\t\t\n\t\t\t\t\t\t\t\t<div class=\"teft-card__meta\">\n\t\t\t\t\t\t\t\t\t<span class=\"post-date\">19. mar 2026<\/span>\n\n\t\t\t\t\t\t\t\t\t\t\t\t\t\t\t\t\t<\/div>\n\t\t\t\t\t\t\t\t\t\t\t<\/div>\n\n\t\t\t\t<div class=\"teft-card__primary\">\n\t\t\t\t\t<h2 class=\"teft-card__title\">Fylkestings-representanter som \u00f8nsker \u00e5 stille til valg neste periode.&nbsp;<span class=\"teft-card__primary-title-append\"><\/span><\/h2>\t\t\t\t<\/div>\n\t\t\t<\/div>\n\t\t<\/a>\n\t<\/div>\n\n\t<\/div><div class=\"is-card-hoyre\">\n\t<div class=\"teft-card hoyre-teft-card post-teft-card\">\n\t\t<a href=\"https:\/\/hoyre.no\/more-og-romsdal\/aktuelt\/nominasjonskomite-til-fylkestingsvalget-i-2027\/\" class=\"teft-card__primary-action\">\n\n\t\t\t\t\t<div class=\"teft-card__media teft-card__media--16-9\">\n\t\t\t\t\t\t<img loading=\"lazy\" decoding=\"async\" width=\"400\" height=\"354\" src=\"https:\/\/hoyre.no\/content\/uploads\/sites\/8\/2026\/03\/Helge-Orten-pa-Aksla.jpg\" class=\"attachment-medium_large size-medium_large\" alt=\"\" srcset=\"https:\/\/hoyre.no\/content\/uploads\/sites\/8\/2026\/03\/Helge-Orten-pa-Aksla.jpg 400w, https:\/\/hoyre.no\/content\/uploads\/sites\/8\/2026\/03\/Helge-Orten-pa-Aksla-300x266.jpg 300w\" sizes=\"auto, (max-width: 400px) 100vw, 400px\" \/>\t\t<\/div>\n\t\t\n\t\t\t<div class=\"teft-card__content-wrapper\">\n\t\t\t\t<div class=\"teft-card__secondary\">\n\t\t\t\t\t\n\t\t\t\t\t\t\t\t<div class=\"teft-card__meta\">\n\t\t\t\t\t\t\t\t\t<span class=\"post-date\">4. mar 2026<\/span>\n\n\t\t\t\t\t\t\t\t\t<span class=\"post-category\">Nyheiter<\/span>\t\t\t\t\t\t\t\t<\/div>\n\t\t\t\t\t\t\t\t\t\t\t<\/div>\n\n\t\t\t\t<div class=\"teft-card__primary\">\n\t\t\t\t\t<h2 class=\"teft-card__title\">Nominasjons-komite til fylkestingsvalget i 2027&nbsp;<span class=\"teft-card__primary-title-append\"><\/span><\/h2>\t\t\t\t<\/div>\n\t\t\t<\/div>\n\t\t<\/a>\n\t<\/div>\n\n\t<\/div><\/div>\t<\/div>\n<\/div>\n","protected":false},"excerpt":{"rendered":"","protected":false},"author":446,"featured_media":0,"comment_status":"closed","ping_status":"closed","sticky":false,"template":"","format":"standard","meta":{"teft_cards_image_url":"","teft_cards_custom_pretitle":"","teft_cards_image_id":465,"teft_cards_image_focal_point_x":0.5,"teft_cards_image_focal_point_y":0.5,"teft_cards_title":"","teft_cards_excerpt":"","teft_show_chapters":false,"author_display_name":"","footnotes":""},"category":[1],"post_tag":[],"hoyre-visibility":[],"article-type":[],"politician":[],"class_list":["post-461","post","type-post","status-publish","format-standard","hentry","category-nyheiter"],"yoast_head":"<!-- This site is optimized with the Yoast SEO plugin v26.6 - https:\/\/yoast.com\/wordpress\/plugins\/seo\/ -->\n<title>Unge usikre og ungdomshelse: Felles team for bedre ungdomshelse - M\u00f8re og Romsdal H\u00f8yre<\/title>\n<meta name=\"robots\" content=\"index, follow, max-snippet:-1, max-image-preview:large, max-video-preview:-1\" \/>\n<link rel=\"canonical\" href=\"https:\/\/hoyre.no\/more-og-romsdal\/aktuelt\/unge-usikre-og-ungdomshelse-felles-team-for-bedre-ungdomshelse\/\" \/>\n<meta property=\"og:locale\" content=\"nn_NO\" \/>\n<meta property=\"og:type\" content=\"article\" \/>\n<meta property=\"og:title\" content=\"Unge usikre og ungdomshelse: Felles team for bedre ungdomshelse - M\u00f8re og Romsdal H\u00f8yre\" \/>\n<meta property=\"og:url\" content=\"https:\/\/hoyre.no\/more-og-romsdal\/aktuelt\/unge-usikre-og-ungdomshelse-felles-team-for-bedre-ungdomshelse\/\" \/>\n<meta property=\"og:site_name\" content=\"M\u00f8re og Romsdal H\u00f8yre\" \/>\n<meta property=\"article:published_time\" content=\"2023-05-16T11:14:24+00:00\" \/>\n<meta property=\"article:modified_time\" content=\"2023-05-16T11:14:25+00:00\" \/>\n<meta property=\"og:image\" content=\"https:\/\/hoyre.no\/content\/uploads\/sites\/8\/2026\/03\/Helge-Orten-pa-Aksla.jpg\" \/>\n<meta name=\"author\" content=\"Odd Harald Karlsen\" \/>\n<meta name=\"twitter:card\" content=\"summary_large_image\" \/>\n<meta name=\"twitter:label1\" content=\"Written by\" \/>\n\t<meta name=\"twitter:data1\" content=\"Odd Harald Karlsen\" \/>\n\t<meta name=\"twitter:label2\" content=\"Est. reading time\" \/>\n\t<meta name=\"twitter:data2\" content=\"4 minutt\" \/>\n<script type=\"application\/ld+json\" class=\"yoast-schema-graph\">{\"@context\":\"https:\/\/schema.org\",\"@graph\":[{\"@type\":\"NewsArticle\",\"@id\":\"https:\/\/hoyre.no\/more-og-romsdal\/aktuelt\/unge-usikre-og-ungdomshelse-felles-team-for-bedre-ungdomshelse\/\",\"url\":\"https:\/\/hoyre.no\/more-og-romsdal\/aktuelt\/unge-usikre-og-ungdomshelse-felles-team-for-bedre-ungdomshelse\/\",\"name\":\"Unge usikre og ungdomshelse: Felles team for bedre ungdomshelse - M\u00f8re og Romsdal H\u00f8yre\",\"isPartOf\":{\"@id\":\"https:\/\/hoyre.no\/more-og-romsdal\/#website\"},\"image\":{\"@id\":\"https:\/\/hoyre.no\/more-og-romsdal\/aktuelt\/unge-usikre-og-ungdomshelse-felles-team-for-bedre-ungdomshelse\/#primaryimage\"},\"thumbnailUrl\":\"https:\/\/vcdn.polarismedia.no\/96e63a25-3d25-4448-9677-8be18119036f?fit=clip&amp;h=700&amp;q=80&amp;tight=false&amp;w=1000\",\"datePublished\":\"2023-05-16T11:14:24+00:00\",\"dateModified\":\"2023-05-16T11:14:25+00:00\",\"author\":{\"@id\":\"https:\/\/hoyre.no\/more-og-romsdal\/#\/schema\/person\/004c22d72679f89c0b23c65ef6308b71\"},\"breadcrumb\":{\"@id\":\"https:\/\/hoyre.no\/more-og-romsdal\/aktuelt\/unge-usikre-og-ungdomshelse-felles-team-for-bedre-ungdomshelse\/#breadcrumb\"},\"inLanguage\":\"nn-NO\",\"potentialAction\":[{\"@type\":\"ReadAction\",\"target\":[\"https:\/\/hoyre.no\/more-og-romsdal\/aktuelt\/unge-usikre-og-ungdomshelse-felles-team-for-bedre-ungdomshelse\/\"]}]},{\"@type\":\"ImageObject\",\"inLanguage\":\"nn-NO\",\"@id\":\"https:\/\/hoyre.no\/more-og-romsdal\/aktuelt\/unge-usikre-og-ungdomshelse-felles-team-for-bedre-ungdomshelse\/#primaryimage\",\"url\":\"https:\/\/vcdn.polarismedia.no\/96e63a25-3d25-4448-9677-8be18119036f?fit=clip&amp;h=700&amp;q=80&amp;tight=false&amp;w=1000\",\"contentUrl\":\"https:\/\/vcdn.polarismedia.no\/96e63a25-3d25-4448-9677-8be18119036f?fit=clip&amp;h=700&amp;q=80&amp;tight=false&amp;w=1000\"},{\"@type\":\"BreadcrumbList\",\"@id\":\"https:\/\/hoyre.no\/more-og-romsdal\/aktuelt\/unge-usikre-og-ungdomshelse-felles-team-for-bedre-ungdomshelse\/#breadcrumb\",\"itemListElement\":[{\"@type\":\"ListItem\",\"position\":1,\"name\":\"Til hoyre.no\",\"item\":\"https:\/\/hoyre.no\"},{\"@type\":\"ListItem\",\"position\":2,\"name\":\"Hjem\",\"item\":\"https:\/\/hoyre.no\/more-og-romsdal\/\"},{\"@type\":\"ListItem\",\"position\":3,\"name\":\"Unge usikre og ungdomshelse: Felles team for bedre ungdomshelse\"}]},{\"@type\":\"WebSite\",\"@id\":\"https:\/\/hoyre.no\/more-og-romsdal\/#website\",\"url\":\"https:\/\/hoyre.no\/more-og-romsdal\/\",\"name\":\"M\u00f8re og Romsdal H\u00f8yre\",\"description\":\"Bare enda et H\u00f8yres nettsteder-nettsted\",\"inLanguage\":\"nn-NO\"},{\"@type\":\"Person\",\"@id\":\"https:\/\/hoyre.no\/more-og-romsdal\/#\/schema\/person\/004c22d72679f89c0b23c65ef6308b71\",\"name\":\"Odd Harald Karlsen\",\"image\":{\"@type\":\"ImageObject\",\"inLanguage\":\"nn-NO\",\"@id\":\"https:\/\/hoyre.no\/more-og-romsdal\/#\/schema\/person\/image\/\",\"url\":\"https:\/\/secure.gravatar.com\/avatar\/b3a5be904666f9ee847e1a882d6f442dffff2ac52768b0f9f2b4256f5d1ef28b?s=96&d=mm&r=g\",\"contentUrl\":\"https:\/\/secure.gravatar.com\/avatar\/b3a5be904666f9ee847e1a882d6f442dffff2ac52768b0f9f2b4256f5d1ef28b?s=96&d=mm&r=g\",\"caption\":\"Odd Harald Karlsen\"},\"url\":\"https:\/\/hoyre.no\/more-og-romsdal\/aktuelt\/author\/m51852150\/\"}]}<\/script>\n<!-- \/ Yoast SEO plugin. -->","yoast_head_json":{"title":"Unge usikre og ungdomshelse: Felles team for bedre ungdomshelse - M\u00f8re og Romsdal H\u00f8yre","robots":{"index":"index","follow":"follow","max-snippet":"max-snippet:-1","max-image-preview":"max-image-preview:large","max-video-preview":"max-video-preview:-1"},"canonical":"https:\/\/hoyre.no\/more-og-romsdal\/aktuelt\/unge-usikre-og-ungdomshelse-felles-team-for-bedre-ungdomshelse\/","og_locale":"nn_NO","og_type":"article","og_title":"Unge usikre og ungdomshelse: Felles team for bedre ungdomshelse - M\u00f8re og Romsdal H\u00f8yre","og_url":"https:\/\/hoyre.no\/more-og-romsdal\/aktuelt\/unge-usikre-og-ungdomshelse-felles-team-for-bedre-ungdomshelse\/","og_site_name":"M\u00f8re og Romsdal H\u00f8yre","article_published_time":"2023-05-16T11:14:24+00:00","article_modified_time":"2023-05-16T11:14:25+00:00","og_image":[{"url":"https:\/\/hoyre.no\/content\/uploads\/sites\/8\/2026\/03\/Helge-Orten-pa-Aksla.jpg","width":"","height":"","type":""}],"author":"Odd Harald Karlsen","twitter_card":"summary_large_image","twitter_misc":{"Written by":"Odd Harald Karlsen","Est. reading time":"4 minutt"},"schema":{"@context":"https:\/\/schema.org","@graph":[{"@type":"NewsArticle","@id":"https:\/\/hoyre.no\/more-og-romsdal\/aktuelt\/unge-usikre-og-ungdomshelse-felles-team-for-bedre-ungdomshelse\/","url":"https:\/\/hoyre.no\/more-og-romsdal\/aktuelt\/unge-usikre-og-ungdomshelse-felles-team-for-bedre-ungdomshelse\/","name":"Unge usikre og ungdomshelse: Felles team for bedre ungdomshelse - M\u00f8re og Romsdal H\u00f8yre","isPartOf":{"@id":"https:\/\/hoyre.no\/more-og-romsdal\/#website"},"image":{"@id":"https:\/\/hoyre.no\/more-og-romsdal\/aktuelt\/unge-usikre-og-ungdomshelse-felles-team-for-bedre-ungdomshelse\/#primaryimage"},"thumbnailUrl":"https:\/\/vcdn.polarismedia.no\/96e63a25-3d25-4448-9677-8be18119036f?fit=clip&amp;h=700&amp;q=80&amp;tight=false&amp;w=1000","datePublished":"2023-05-16T11:14:24+00:00","dateModified":"2023-05-16T11:14:25+00:00","author":{"@id":"https:\/\/hoyre.no\/more-og-romsdal\/#\/schema\/person\/004c22d72679f89c0b23c65ef6308b71"},"breadcrumb":{"@id":"https:\/\/hoyre.no\/more-og-romsdal\/aktuelt\/unge-usikre-og-ungdomshelse-felles-team-for-bedre-ungdomshelse\/#breadcrumb"},"inLanguage":"nn-NO","potentialAction":[{"@type":"ReadAction","target":["https:\/\/hoyre.no\/more-og-romsdal\/aktuelt\/unge-usikre-og-ungdomshelse-felles-team-for-bedre-ungdomshelse\/"]}]},{"@type":"ImageObject","inLanguage":"nn-NO","@id":"https:\/\/hoyre.no\/more-og-romsdal\/aktuelt\/unge-usikre-og-ungdomshelse-felles-team-for-bedre-ungdomshelse\/#primaryimage","url":"https:\/\/vcdn.polarismedia.no\/96e63a25-3d25-4448-9677-8be18119036f?fit=clip&amp;h=700&amp;q=80&amp;tight=false&amp;w=1000","contentUrl":"https:\/\/vcdn.polarismedia.no\/96e63a25-3d25-4448-9677-8be18119036f?fit=clip&amp;h=700&amp;q=80&amp;tight=false&amp;w=1000"},{"@type":"BreadcrumbList","@id":"https:\/\/hoyre.no\/more-og-romsdal\/aktuelt\/unge-usikre-og-ungdomshelse-felles-team-for-bedre-ungdomshelse\/#breadcrumb","itemListElement":[{"@type":"ListItem","position":1,"name":"Til hoyre.no","item":"https:\/\/hoyre.no"},{"@type":"ListItem","position":2,"name":"Hjem","item":"https:\/\/hoyre.no\/more-og-romsdal\/"},{"@type":"ListItem","position":3,"name":"Unge usikre og ungdomshelse: Felles team for bedre ungdomshelse"}]},{"@type":"WebSite","@id":"https:\/\/hoyre.no\/more-og-romsdal\/#website","url":"https:\/\/hoyre.no\/more-og-romsdal\/","name":"M\u00f8re og Romsdal H\u00f8yre","description":"Bare enda et H\u00f8yres nettsteder-nettsted","inLanguage":"nn-NO"},{"@type":"Person","@id":"https:\/\/hoyre.no\/more-og-romsdal\/#\/schema\/person\/004c22d72679f89c0b23c65ef6308b71","name":"Odd Harald Karlsen","image":{"@type":"ImageObject","inLanguage":"nn-NO","@id":"https:\/\/hoyre.no\/more-og-romsdal\/#\/schema\/person\/image\/","url":"https:\/\/secure.gravatar.com\/avatar\/b3a5be904666f9ee847e1a882d6f442dffff2ac52768b0f9f2b4256f5d1ef28b?s=96&d=mm&r=g","contentUrl":"https:\/\/secure.gravatar.com\/avatar\/b3a5be904666f9ee847e1a882d6f442dffff2ac52768b0f9f2b4256f5d1ef28b?s=96&d=mm&r=g","caption":"Odd Harald Karlsen"},"url":"https:\/\/hoyre.no\/more-og-romsdal\/aktuelt\/author\/m51852150\/"}]}},"distributor_meta":false,"distributor_terms":false,"distributor_media":false,"distributor_original_site_name":"M\u00f8re og Romsdal H\u00f8yre","distributor_original_site_url":"https:\/\/hoyre.no\/more-og-romsdal","push-errors":false,"_links":{"self":[{"href":"https:\/\/hoyre.no\/more-og-romsdal\/wp-json\/wp\/v2\/posts\/461","targetHints":{"allow":["GET"]}}],"collection":[{"href":"https:\/\/hoyre.no\/more-og-romsdal\/wp-json\/wp\/v2\/posts"}],"about":[{"href":"https:\/\/hoyre.no\/more-og-romsdal\/wp-json\/wp\/v2\/types\/post"}],"author":[{"embeddable":true,"href":"https:\/\/hoyre.no\/more-og-romsdal\/wp-json\/wp\/v2\/users\/446"}],"replies":[{"embeddable":true,"href":"https:\/\/hoyre.no\/more-og-romsdal\/wp-json\/wp\/v2\/comments?post=461"}],"version-history":[{"count":1,"href":"https:\/\/hoyre.no\/more-og-romsdal\/wp-json\/wp\/v2\/posts\/461\/revisions"}],"predecessor-version":[{"id":466,"href":"https:\/\/hoyre.no\/more-og-romsdal\/wp-json\/wp\/v2\/posts\/461\/revisions\/466"}],"wp:attachment":[{"href":"https:\/\/hoyre.no\/more-og-romsdal\/wp-json\/wp\/v2\/media?parent=461"}],"wp:term":[{"taxonomy":"category","embeddable":true,"href":"https:\/\/hoyre.no\/more-og-romsdal\/wp-json\/wp\/v2\/category?post=461"},{"taxonomy":"post_tag","embeddable":true,"href":"https:\/\/hoyre.no\/more-og-romsdal\/wp-json\/wp\/v2\/post_tag?post=461"},{"taxonomy":"hoyre-visibility","embeddable":true,"href":"https:\/\/hoyre.no\/more-og-romsdal\/wp-json\/wp\/v2\/hoyre-visibility?post=461"},{"taxonomy":"article-type","embeddable":true,"href":"https:\/\/hoyre.no\/more-og-romsdal\/wp-json\/wp\/v2\/article-type?post=461"},{"taxonomy":"politician","embeddable":true,"href":"https:\/\/hoyre.no\/more-og-romsdal\/wp-json\/wp\/v2\/politician?post=461"}],"curies":[{"name":"wp","href":"https:\/\/api.w.org\/{rel}","templated":true}]}}