{"id":64,"date":"2017-01-27T23:00:00","date_gmt":"2017-01-27T22:00:00","guid":{"rendered":"https:\/\/hoyre.no\/moreogromsdal\/aktuelt\/fylkesarsmote-more-o\/"},"modified":"2017-01-27T23:00:00","modified_gmt":"2017-01-27T22:00:00","slug":"fylkesarsmote-more-o","status":"publish","type":"post","link":"https:\/\/hoyre.no\/more-og-romsdal\/aktuelt\/fylkesarsmote-more-o\/","title":{"rendered":"Fylkes\u00e5rsm\u00f8te M\u00f8re og Romsdal H\u00f8yre 28-29 januar 2017"},"content":{"rendered":"<p class=\"preamble\">28-29 januar blir det avholdt \u00e5rsm\u00f8te p\u00e5 Quality Alexandra i Molde. Her blir det mange spennende foredrag og diskusjoner om politikk. Jan Tore Sanner kommer, kommer du?<\/p>\t\t\t<div class=\"post-meta wp-block teft-byline-wrapper\">\n\t\t\t\t<div class=\"top\">\n\t\t\t\t\t<div class=\"signature\">\n\t\t\t\t\t\t<div class=\"teft-byline\">\n\t\t\t\t\t\t\t\t\t\t\t\t\t\t<div>\n\t\t\t\t\t\t\t\t<h3>H\u00f8yres redaksjon<\/h3>\t\t\t\t\t\t\t\t\n\t\t\t\t\t\t\t\t\t\t\t\t\t\t\t\t\t<span class=\"date\">Sist oppdatert: 27. januar 2017<\/span>\n\t\t\t\t\t\t\t\t\t\t\t\t\t\t\t\t\t\t\t\t\t\t\t\t\t<span class=\"reading-time\" itemprop=\"timeRequired\" content=\"PT3M\"><em>Ca. 3 minutter lesetid<\/em><\/span>\n\t\t\t\t\t\t\t\t\t\t\t\t\t\t\t<\/div>\n\t\t\t\t\t\t<\/div>\n\t\t\t\t\t<\/div>\n\t\t\t\t\t\t<div class=\"sharing\">\n\t\t<a class=\"share-button share-link copy-link\" data-copy=\"https:\/\/hoyre.no\/more-og-romsdal\/aktuelt\/fylkesarsmote-more-o\/\" target=\"_blank\"><span class=\"screen-reader-text\">Del link<\/span><\/a>\n\t\t<a class=\"share-button share-twitter\" href=\"http:\/\/twitter.com\/share?text=Fylkes\u00e5rsm\u00f8te M\u00f8re og Romsdal H\u00f8yre 28-29 januar 2017&#038;url=https:\/\/hoyre.no\/more-og-romsdal\/aktuelt\/fylkesarsmote-more-o\/&#038;hashtags=Hoyre\" target=\"_blank\"><span class=\"screen-reader-text\">Del p\u00e5 twitter<\/span><\/a>\n\t\t<a class=\"share-button share-facebook\" href=\"https:\/\/www.facebook.com\/sharer\/sharer.php?u=https:\/\/hoyre.no\/more-og-romsdal\/aktuelt\/fylkesarsmote-more-o\/\" target=\"_blank\"><span class=\"screen-reader-text\">Del p\u00e5 facebook<\/span><\/a>\n\t<\/div>\n\t\t\t\t\t<\/div>\n\t\t\t<\/div>\n\n\t\t\t<figure class=\"hoyre-image-wrapper\"><div class=\"hoyre-image\"><img loading=\"lazy\" decoding=\"async\" width=\"2560\" height=\"1707\" src=\"https:\/\/hoyre.no\/content\/uploads\/sites\/8\/2020\/11\/jan-tore-scaled.jpg\" class=\"attachment-scaled size-scaled\" alt=\"\" style=\"object-position: 50% 50%\" srcset=\"https:\/\/hoyre.no\/content\/uploads\/sites\/8\/2020\/11\/jan-tore-scaled.jpg 2560w, https:\/\/hoyre.no\/content\/uploads\/sites\/8\/2020\/11\/jan-tore-300x200.jpg 300w, https:\/\/hoyre.no\/content\/uploads\/sites\/8\/2020\/11\/jan-tore-1024x683.jpg 1024w, https:\/\/hoyre.no\/content\/uploads\/sites\/8\/2020\/11\/jan-tore-768x512.jpg 768w, https:\/\/hoyre.no\/content\/uploads\/sites\/8\/2020\/11\/jan-tore-1536x1024.jpg 1536w, https:\/\/hoyre.no\/content\/uploads\/sites\/8\/2020\/11\/jan-tore-2048x1365.jpg 2048w\" sizes=\"auto, (max-width: 2560px) 100vw, 2560px\" \/><\/div><\/figure><div id=\"hoyre-old-article-content-wrapper\"><p> Program <b>f\u00f8r <\/b>Fylkes\u00e5rsm\u00f8te l\u00f8rdag 28. januar 2016<\/p><p><\/p><p>1000 \u2013 1130      <strong> Hvordan drive en god lokalforening<\/strong><\/p><p>Deltagere: Lokallagsleder og de med interesse. Deltagelse er ikke obligatorisk, men det er \u00f8nske om en s\u00e5 bred deltagelse som mulig.<\/p><p>                            Per Are S\u00f8rheim, \u00d8rsta H\u00f8yre<\/p><p>                            Sisel Standal, \u00c5lesund H\u00f8yre<\/p><p>                            Randi Borgenhaugen, Kvinneforum<\/p><p><\/p><p>1000 \u2013 1130     <strong>  Kampanjeledersamling, arbeid frem til valget<\/strong><\/p><p>                            Deltagere: Kampanjeledere, det sendes egen innkalling til disse<\/p><p>                            Monica Molv\u00e6r, kampanjemedarbeider<\/p><p>                            Carl-Henrik  Bastiansen, kampanjemedarbeider<\/p><p><\/p><p>Program for Fylkes\u00e5rsm\u00f8tet M\u00f8re og Romsdal H\u00f8yre <br \/><\/p><p>28. og 29. januar 2017<\/p><p><\/p><p><b>L\u00f8rdag 28. januar<\/b><\/p><p>Program:<\/p><p>1200     Registering og lunsj<\/p><p> 1245     Velkommen til Molde, Ordf\u00f8rer Torgeir Dahl<\/p><p>Fylkesleder Geir Ove Vegsund \u00f8nsker velkommen<\/p><p>              -Konstituering<\/p><p>              -Allsang \u00abNordmannen\u00bb <\/p><p> 1300     M\u00f8re og Romsdal H\u00f8yres toppkandidater<\/p><p>              -Helge Orten<\/p><p>              -Marianne Synnes<\/p><p>              -Vetle Wang Soleim<\/p><p> 1330     Jan Tore Sanner<\/p><p>1430     Pause<\/p><p>1445     Presentasjon resolusjonskomiteen og arbeidsform<\/p><p> 1500     Syver Hanken<\/p><p>              Ungdomsfylket M\u00f8te og Romsdal<\/p><p>1545     Pause<\/p><p>1600     <br \/><\/p><table border=\"1\" cellspacing=\"0\" cellpadding=\"0\"><tbody><tr><td width=\"461\" valign=\"top\"><p>Del 1<\/p><\/td><td width=\"461\" valign=\"top\"><p>Del 2<\/p><\/td><\/tr><tr><td width=\"461\" valign=\"top\"><p><b>Retorikk seminar<\/b><\/p><p>Hvordan skrive og snakke<\/p><p><b>Ansvarlig:<\/b><\/p><p>Rolf Erik Tveten<\/p><\/td><td width=\"461\" valign=\"top\"><p><b>Sosiale media, praktisk tiln\u00e6rming<\/b><\/p><p>Bruk av sosiale media<\/p><p>Bruk av nettsider<\/p><p><b>Ansvarlig: <\/b><\/p><p>Carl-Henrik Bastiansen<\/p><p>Britt Janne Tenn\u00f8y<\/p><p>Monica Molv\u00e6r<\/p><p>Trude Fj\u00e6rli Gisk\u00e5s<\/p><p>Vetle Wang Soleim<\/p><\/td><\/tr><\/tbody><\/table><p><\/p><p>1800     Forhandlingene avsluttes<\/p><p> 1930     Vordrink<\/p><p> 2000     Festmiddag<\/p><p><b><\/b><br \/><\/p><p><b>S\u00f8ndag, 29. januar<\/b><\/p><p>0900     M\u00f8re og Romsdal H\u00f8yres arbeid frem til valget 2017 <br \/><\/p><p> 0915     Resolusjonsarbeid<\/p><p> 1115     Pause<\/p><p>1130     Endringer, innovasjon og tilpassninger  i n\u00e6ringslivet <br \/><\/p><p>Robotek AS ved Arne Tande<\/p><p>1215     Ordin\u00e6re \u00e5rsm\u00f8tesaker <br \/><\/p><p>1400     Avslutning<\/p><p>              Lunsjpose <\/p><p><br \/><\/p><p>Det tas forbehold om endringer i program og kj\u00f8replan.<\/p><p><br \/><\/p><\/div>\n<div class=\"tags\">\n\t<\/div>\n<div class=\"post-footer alignfull has-background block-editor-block-list__block\" data-align=full>\n\t<div class=\"post-footer-inner\">\n\t\t<h3>Relaterte artikler<\/h3>\n\t\t<div class=\"related-content\"><div class=\"is-card-hoyre\">\n\t<div class=\"teft-card hoyre-teft-card post-teft-card\">\n\t\t<a href=\"https:\/\/hoyre.no\/more-og-romsdal\/aktuelt\/dato-for-nominasjonsmotet\/\" class=\"teft-card__primary-action\">\n\n\t\t\t\t\t<div class=\"teft-card__media teft-card__media--16-9\">\n\t\t\t\t\t\t<img loading=\"lazy\" decoding=\"async\" width=\"768\" height=\"512\" src=\"https:\/\/hoyre.no\/content\/uploads\/sites\/8\/2026\/03\/51263499731_5bc9dc325f_k-768x512.jpg\" class=\"attachment-medium_large size-medium_large\" alt=\"\" srcset=\"https:\/\/hoyre.no\/content\/uploads\/sites\/8\/2026\/03\/51263499731_5bc9dc325f_k-768x512.jpg 768w, https:\/\/hoyre.no\/content\/uploads\/sites\/8\/2026\/03\/51263499731_5bc9dc325f_k-300x200.jpg 300w, https:\/\/hoyre.no\/content\/uploads\/sites\/8\/2026\/03\/51263499731_5bc9dc325f_k-1024x683.jpg 1024w, https:\/\/hoyre.no\/content\/uploads\/sites\/8\/2026\/03\/51263499731_5bc9dc325f_k-1536x1024.jpg 1536w, https:\/\/hoyre.no\/content\/uploads\/sites\/8\/2026\/03\/51263499731_5bc9dc325f_k.jpg 2047w\" sizes=\"auto, (max-width: 768px) 100vw, 768px\" \/>\t\t<\/div>\n\t\t\n\t\t\t<div class=\"teft-card__content-wrapper\">\n\t\t\t\t<div class=\"teft-card__secondary\">\n\t\t\t\t\t\n\t\t\t\t\t\t\t\t<div class=\"teft-card__meta\">\n\t\t\t\t\t\t\t\t\t<span class=\"post-date\">13. apr 2026<\/span>\n\n\t\t\t\t\t\t\t\t\t\t\t\t\t\t\t\t\t<\/div>\n\t\t\t\t\t\t\t\t\t\t\t<\/div>\n\n\t\t\t\t<div class=\"teft-card__primary\">\n\t\t\t\t\t<h2 class=\"teft-card__title\">Dato for nominasjonsm\u00f8tet&nbsp;<span class=\"teft-card__primary-title-append\"><\/span><\/h2>\t\t\t\t<\/div>\n\t\t\t<\/div>\n\t\t<\/a>\n\t<\/div>\n\n\t<\/div><div class=\"is-card-hoyre\">\n\t<div class=\"teft-card hoyre-teft-card post-teft-card\">\n\t\t<a href=\"https:\/\/hoyre.no\/more-og-romsdal\/aktuelt\/fylkestings-representanter-som-onsker-a-stille-til-valg-neste-periode\/\" class=\"teft-card__primary-action\">\n\n\t\t\t<div class=\"teft-card__media teft-card__media--16-9 no-image\"><\/div>\n\t\t\t<div class=\"teft-card__content-wrapper\">\n\t\t\t\t<div class=\"teft-card__secondary\">\n\t\t\t\t\t\n\t\t\t\t\t\t\t\t<div class=\"teft-card__meta\">\n\t\t\t\t\t\t\t\t\t<span class=\"post-date\">19. mar 2026<\/span>\n\n\t\t\t\t\t\t\t\t\t\t\t\t\t\t\t\t\t<\/div>\n\t\t\t\t\t\t\t\t\t\t\t<\/div>\n\n\t\t\t\t<div class=\"teft-card__primary\">\n\t\t\t\t\t<h2 class=\"teft-card__title\">Fylkestings-representanter som \u00f8nsker \u00e5 stille til valg neste periode.&nbsp;<span class=\"teft-card__primary-title-append\"><\/span><\/h2>\t\t\t\t<\/div>\n\t\t\t<\/div>\n\t\t<\/a>\n\t<\/div>\n\n\t<\/div><div class=\"is-card-hoyre\">\n\t<div class=\"teft-card hoyre-teft-card post-teft-card\">\n\t\t<a href=\"https:\/\/hoyre.no\/more-og-romsdal\/aktuelt\/nominasjonskomite-til-fylkestingsvalget-i-2027\/\" class=\"teft-card__primary-action\">\n\n\t\t\t\t\t<div class=\"teft-card__media teft-card__media--16-9\">\n\t\t\t\t\t\t<img loading=\"lazy\" decoding=\"async\" width=\"400\" height=\"354\" src=\"https:\/\/hoyre.no\/content\/uploads\/sites\/8\/2026\/03\/Helge-Orten-pa-Aksla.jpg\" class=\"attachment-medium_large size-medium_large\" alt=\"\" srcset=\"https:\/\/hoyre.no\/content\/uploads\/sites\/8\/2026\/03\/Helge-Orten-pa-Aksla.jpg 400w, https:\/\/hoyre.no\/content\/uploads\/sites\/8\/2026\/03\/Helge-Orten-pa-Aksla-300x266.jpg 300w\" sizes=\"auto, (max-width: 400px) 100vw, 400px\" \/>\t\t<\/div>\n\t\t\n\t\t\t<div class=\"teft-card__content-wrapper\">\n\t\t\t\t<div class=\"teft-card__secondary\">\n\t\t\t\t\t\n\t\t\t\t\t\t\t\t<div class=\"teft-card__meta\">\n\t\t\t\t\t\t\t\t\t<span class=\"post-date\">4. mar 2026<\/span>\n\n\t\t\t\t\t\t\t\t\t<span class=\"post-category\">Nyheiter<\/span>\t\t\t\t\t\t\t\t<\/div>\n\t\t\t\t\t\t\t\t\t\t\t<\/div>\n\n\t\t\t\t<div class=\"teft-card__primary\">\n\t\t\t\t\t<h2 class=\"teft-card__title\">Nominasjons-komite til fylkestingsvalget i 2027&nbsp;<span class=\"teft-card__primary-title-append\"><\/span><\/h2>\t\t\t\t<\/div>\n\t\t\t<\/div>\n\t\t<\/a>\n\t<\/div>\n\n\t<\/div><\/div>\t<\/div>\n<\/div>\n","protected":false},"excerpt":{"rendered":"","protected":false},"author":0,"featured_media":0,"comment_status":"closed","ping_status":"closed","sticky":false,"template":"","format":"standard","meta":{"teft_cards_image_url":"https:\/\/hoyre.no\/content\/uploads\/sites\/8\/2020\/11\/jan-tore-scaled.jpg","teft_cards_custom_pretitle":"","teft_cards_image_id":63,"teft_cards_image_focal_point_x":0,"teft_cards_image_focal_point_y":0,"teft_cards_title":"","teft_cards_excerpt":"","teft_show_chapters":false,"author_display_name":"Monica Molv\u00e6r","footnotes":""},"category":[1],"post_tag":[],"hoyre-visibility":[],"article-type":[],"politician":[],"class_list":["post-64","post","type-post","status-publish","format-standard","hentry","category-nyheiter"],"yoast_head":"<!-- This site is optimized with the Yoast SEO plugin v26.6 - https:\/\/yoast.com\/wordpress\/plugins\/seo\/ -->\n<title>Fylkes\u00e5rsm\u00f8te M\u00f8re og Romsdal H\u00f8yre 28-29 januar 2017 - M\u00f8re og Romsdal H\u00f8yre<\/title>\n<meta name=\"robots\" content=\"index, follow, max-snippet:-1, max-image-preview:large, max-video-preview:-1\" \/>\n<link rel=\"canonical\" href=\"https:\/\/hoyre.no\/more-og-romsdal\/aktuelt\/fylkesarsmote-more-o\/\" \/>\n<meta property=\"og:locale\" content=\"nn_NO\" \/>\n<meta property=\"og:type\" content=\"article\" \/>\n<meta property=\"og:title\" content=\"Fylkes\u00e5rsm\u00f8te M\u00f8re og Romsdal H\u00f8yre 28-29 januar 2017 - M\u00f8re og Romsdal H\u00f8yre\" \/>\n<meta property=\"og:url\" content=\"https:\/\/hoyre.no\/more-og-romsdal\/aktuelt\/fylkesarsmote-more-o\/\" \/>\n<meta property=\"og:site_name\" content=\"M\u00f8re og Romsdal H\u00f8yre\" \/>\n<meta property=\"article:published_time\" content=\"2017-01-27T22:00:00+00:00\" \/>\n<meta property=\"og:image\" content=\"https:\/\/hoyre.no\/content\/uploads\/sites\/8\/2026\/03\/Helge-Orten-pa-Aksla.jpg\" \/>\n<meta name=\"twitter:card\" content=\"summary_large_image\" \/>\n<meta name=\"twitter:label1\" content=\"Est. reading time\" \/>\n\t<meta name=\"twitter:data1\" content=\"1 minutt\" \/>\n<script type=\"application\/ld+json\" class=\"yoast-schema-graph\">{\"@context\":\"https:\/\/schema.org\",\"@graph\":[{\"@type\":\"NewsArticle\",\"@id\":\"https:\/\/hoyre.no\/more-og-romsdal\/aktuelt\/fylkesarsmote-more-o\/\",\"url\":\"https:\/\/hoyre.no\/more-og-romsdal\/aktuelt\/fylkesarsmote-more-o\/\",\"name\":\"Fylkes\u00e5rsm\u00f8te M\u00f8re og Romsdal H\u00f8yre 28-29 januar 2017 - M\u00f8re og Romsdal H\u00f8yre\",\"isPartOf\":{\"@id\":\"https:\/\/hoyre.no\/more-og-romsdal\/#website\"},\"datePublished\":\"2017-01-27T22:00:00+00:00\",\"author\":{\"@id\":\"\"},\"breadcrumb\":{\"@id\":\"https:\/\/hoyre.no\/more-og-romsdal\/aktuelt\/fylkesarsmote-more-o\/#breadcrumb\"},\"inLanguage\":\"nn-NO\",\"potentialAction\":[{\"@type\":\"ReadAction\",\"target\":[\"https:\/\/hoyre.no\/more-og-romsdal\/aktuelt\/fylkesarsmote-more-o\/\"]}]},{\"@type\":\"BreadcrumbList\",\"@id\":\"https:\/\/hoyre.no\/more-og-romsdal\/aktuelt\/fylkesarsmote-more-o\/#breadcrumb\",\"itemListElement\":[{\"@type\":\"ListItem\",\"position\":1,\"name\":\"Til hoyre.no\",\"item\":\"https:\/\/hoyre.no\"},{\"@type\":\"ListItem\",\"position\":2,\"name\":\"Hjem\",\"item\":\"https:\/\/hoyre.no\/more-og-romsdal\/\"},{\"@type\":\"ListItem\",\"position\":3,\"name\":\"Fylkes\u00e5rsm\u00f8te M\u00f8re og Romsdal H\u00f8yre 28-29 januar 2017\"}]},{\"@type\":\"WebSite\",\"@id\":\"https:\/\/hoyre.no\/more-og-romsdal\/#website\",\"url\":\"https:\/\/hoyre.no\/more-og-romsdal\/\",\"name\":\"M\u00f8re og Romsdal H\u00f8yre\",\"description\":\"Bare enda et H\u00f8yres nettsteder-nettsted\",\"inLanguage\":\"nn-NO\"}]}<\/script>\n<!-- \/ Yoast SEO plugin. -->","yoast_head_json":{"title":"Fylkes\u00e5rsm\u00f8te M\u00f8re og Romsdal H\u00f8yre 28-29 januar 2017 - M\u00f8re og Romsdal H\u00f8yre","robots":{"index":"index","follow":"follow","max-snippet":"max-snippet:-1","max-image-preview":"max-image-preview:large","max-video-preview":"max-video-preview:-1"},"canonical":"https:\/\/hoyre.no\/more-og-romsdal\/aktuelt\/fylkesarsmote-more-o\/","og_locale":"nn_NO","og_type":"article","og_title":"Fylkes\u00e5rsm\u00f8te M\u00f8re og Romsdal H\u00f8yre 28-29 januar 2017 - M\u00f8re og Romsdal H\u00f8yre","og_url":"https:\/\/hoyre.no\/more-og-romsdal\/aktuelt\/fylkesarsmote-more-o\/","og_site_name":"M\u00f8re og Romsdal H\u00f8yre","article_published_time":"2017-01-27T22:00:00+00:00","og_image":[{"url":"https:\/\/hoyre.no\/content\/uploads\/sites\/8\/2026\/03\/Helge-Orten-pa-Aksla.jpg","width":"","height":"","type":""}],"twitter_card":"summary_large_image","twitter_misc":{"Est. reading time":"1 minutt"},"schema":{"@context":"https:\/\/schema.org","@graph":[{"@type":"NewsArticle","@id":"https:\/\/hoyre.no\/more-og-romsdal\/aktuelt\/fylkesarsmote-more-o\/","url":"https:\/\/hoyre.no\/more-og-romsdal\/aktuelt\/fylkesarsmote-more-o\/","name":"Fylkes\u00e5rsm\u00f8te M\u00f8re og Romsdal H\u00f8yre 28-29 januar 2017 - M\u00f8re og Romsdal H\u00f8yre","isPartOf":{"@id":"https:\/\/hoyre.no\/more-og-romsdal\/#website"},"datePublished":"2017-01-27T22:00:00+00:00","author":{"@id":""},"breadcrumb":{"@id":"https:\/\/hoyre.no\/more-og-romsdal\/aktuelt\/fylkesarsmote-more-o\/#breadcrumb"},"inLanguage":"nn-NO","potentialAction":[{"@type":"ReadAction","target":["https:\/\/hoyre.no\/more-og-romsdal\/aktuelt\/fylkesarsmote-more-o\/"]}]},{"@type":"BreadcrumbList","@id":"https:\/\/hoyre.no\/more-og-romsdal\/aktuelt\/fylkesarsmote-more-o\/#breadcrumb","itemListElement":[{"@type":"ListItem","position":1,"name":"Til hoyre.no","item":"https:\/\/hoyre.no"},{"@type":"ListItem","position":2,"name":"Hjem","item":"https:\/\/hoyre.no\/more-og-romsdal\/"},{"@type":"ListItem","position":3,"name":"Fylkes\u00e5rsm\u00f8te M\u00f8re og Romsdal H\u00f8yre 28-29 januar 2017"}]},{"@type":"WebSite","@id":"https:\/\/hoyre.no\/more-og-romsdal\/#website","url":"https:\/\/hoyre.no\/more-og-romsdal\/","name":"M\u00f8re og Romsdal H\u00f8yre","description":"Bare enda et H\u00f8yres nettsteder-nettsted","inLanguage":"nn-NO"}]}},"distributor_meta":false,"distributor_terms":false,"distributor_media":false,"distributor_original_site_name":"M\u00f8re og Romsdal H\u00f8yre","distributor_original_site_url":"https:\/\/hoyre.no\/more-og-romsdal","push-errors":false,"_links":{"self":[{"href":"https:\/\/hoyre.no\/more-og-romsdal\/wp-json\/wp\/v2\/posts\/64","targetHints":{"allow":["GET"]}}],"collection":[{"href":"https:\/\/hoyre.no\/more-og-romsdal\/wp-json\/wp\/v2\/posts"}],"about":[{"href":"https:\/\/hoyre.no\/more-og-romsdal\/wp-json\/wp\/v2\/types\/post"}],"replies":[{"embeddable":true,"href":"https:\/\/hoyre.no\/more-og-romsdal\/wp-json\/wp\/v2\/comments?post=64"}],"version-history":[{"count":0,"href":"https:\/\/hoyre.no\/more-og-romsdal\/wp-json\/wp\/v2\/posts\/64\/revisions"}],"wp:attachment":[{"href":"https:\/\/hoyre.no\/more-og-romsdal\/wp-json\/wp\/v2\/media?parent=64"}],"wp:term":[{"taxonomy":"category","embeddable":true,"href":"https:\/\/hoyre.no\/more-og-romsdal\/wp-json\/wp\/v2\/category?post=64"},{"taxonomy":"post_tag","embeddable":true,"href":"https:\/\/hoyre.no\/more-og-romsdal\/wp-json\/wp\/v2\/post_tag?post=64"},{"taxonomy":"hoyre-visibility","embeddable":true,"href":"https:\/\/hoyre.no\/more-og-romsdal\/wp-json\/wp\/v2\/hoyre-visibility?post=64"},{"taxonomy":"article-type","embeddable":true,"href":"https:\/\/hoyre.no\/more-og-romsdal\/wp-json\/wp\/v2\/article-type?post=64"},{"taxonomy":"politician","embeddable":true,"href":"https:\/\/hoyre.no\/more-og-romsdal\/wp-json\/wp\/v2\/politician?post=64"}],"curies":[{"name":"wp","href":"https:\/\/api.w.org\/{rel}","templated":true}]}}