{"id":111,"date":"2026-04-22T19:55:56","date_gmt":"2026-04-22T17:55:56","guid":{"rendered":"https:\/\/hoyre.no\/nannestad\/?p=111"},"modified":"2026-04-22T20:17:58","modified_gmt":"2026-04-22T18:17:58","slug":"christian-bendz-er-ordforerkandidat-for-2027-2031","status":"publish","type":"post","link":"https:\/\/hoyre.no\/nannestad\/aktuelt\/christian-bendz-er-ordforerkandidat-for-2027-2031\/","title":{"rendered":"Christian er gjenvalgt som ordf\u00f8rerkandidat til valget i 2027"},"content":{"rendered":"\n<p class=\"preamble\">Et enstemmig nominasjonsm\u00f8te i Nannestad H\u00f8yre har valgt Christian Bendz som ordf\u00f8rerkandidat til valget i 2027. <\/p>\t\t\t<div class=\"post-meta wp-block teft-byline-wrapper\">\n\t\t\t\t<div class=\"top\">\n\t\t\t\t\t<div class=\"signature\">\n\t\t\t\t\t\t<div class=\"teft-byline\">\n\t\t\t\t\t\t\t\t\t\t\t\t\t\t<div>\n\t\t\t\t\t\t\t\t<h3>H\u00f8yres redaksjon<\/h3>\t\t\t\t\t\t\t\t\n\t\t\t\t\t\t\t\t\t\t\t\t\t\t\t\t\t<span class=\"date\">Sist oppdatert: 22. april 2026<\/span>\n\t\t\t\t\t\t\t\t\t\t\t\t\t\t\t\t\t\t\t\t\t\t\t\t\t<span class=\"reading-time\" itemprop=\"timeRequired\" content=\"PT5M\"><em>Ca. 5 minutter lesetid<\/em><\/span>\n\t\t\t\t\t\t\t\t\t\t\t\t\t\t\t<\/div>\n\t\t\t\t\t\t<\/div>\n\t\t\t\t\t<\/div>\n\t\t\t\t\t\t<div class=\"sharing\">\n\t\t<a class=\"share-button share-link copy-link\" data-copy=\"https:\/\/hoyre.no\/nannestad\/aktuelt\/christian-bendz-er-ordforerkandidat-for-2027-2031\/\" target=\"_blank\"><span class=\"screen-reader-text\">Del link<\/span><\/a>\n\t\t<a class=\"share-button share-twitter\" href=\"http:\/\/twitter.com\/share?text=Christian er gjenvalgt som ordf\u00f8rerkandidat til valget i 2027&#038;url=https:\/\/hoyre.no\/nannestad\/aktuelt\/christian-bendz-er-ordforerkandidat-for-2027-2031\/&#038;hashtags=Hoyre\" target=\"_blank\"><span class=\"screen-reader-text\">Del p\u00e5 twitter<\/span><\/a>\n\t\t<a class=\"share-button share-facebook\" href=\"https:\/\/www.facebook.com\/sharer\/sharer.php?u=https:\/\/hoyre.no\/nannestad\/aktuelt\/christian-bendz-er-ordforerkandidat-for-2027-2031\/\" target=\"_blank\"><span class=\"screen-reader-text\">Del p\u00e5 facebook<\/span><\/a>\n\t<\/div>\n\t\t\t\t\t<\/div>\n\t\t\t<\/div>\n\n\t\t\t<figure class=\"hoyre-image-wrapper\"><div class=\"hoyre-image\"><img loading=\"lazy\" decoding=\"async\" width=\"2500\" height=\"1667\" src=\"https:\/\/hoyre.no\/content\/uploads\/sites\/174\/2023\/10\/ordforer_nannestad-06-scaled.jpg\" class=\"attachment-scaled size-scaled\" alt=\"Nyvalgt ordf\u00f8rer Christian Bendz\" style=\"object-position: 50% 50%\" srcset=\"https:\/\/hoyre.no\/content\/uploads\/sites\/174\/2023\/10\/ordforer_nannestad-06-scaled.jpg 2500w, https:\/\/hoyre.no\/content\/uploads\/sites\/174\/2023\/10\/ordforer_nannestad-06-300x200.jpg 300w, https:\/\/hoyre.no\/content\/uploads\/sites\/174\/2023\/10\/ordforer_nannestad-06-1024x683.jpg 1024w, https:\/\/hoyre.no\/content\/uploads\/sites\/174\/2023\/10\/ordforer_nannestad-06-768x512.jpg 768w, https:\/\/hoyre.no\/content\/uploads\/sites\/174\/2023\/10\/ordforer_nannestad-06-1536x1024.jpg 1536w, https:\/\/hoyre.no\/content\/uploads\/sites\/174\/2023\/10\/ordforer_nannestad-06-2048x1365.jpg 2048w\" sizes=\"auto, (max-width: 2500px) 100vw, 2500px\" \/><\/div><figcaption class=\"caption\">Den 24. mars fikk Christian Bendz fornyet tillit som ordf\u00f8rerkandidat til valget i 2027. Her avbildet fra periodens f\u00f8rste kommunestyrem\u00f8te, oktober 2023. Foto: Nannestad kommune<\/figcaption><\/figure>\n\n\n\n<p>Valget i 2023 ga H\u00f8yre historisk oppslutning. For f\u00f8rste gang p\u00e5 100 \u00e5r ble H\u00f8yre landets st\u00f8rste parti og hele 107 kommuner ble H\u00f8yre-styrte. Nannestad var ingen unntak, og vekstkommunen fikk sin aller f\u00f8rste H\u00f8yre-ordf\u00f8rer.<\/p>\n\n\n\n<p>Christian Bendz har n\u00e5 v\u00e6rt ordf\u00f8rer i nesten tre \u00e5r, og et enstemmig nominasjonsm\u00f8te ga han fornyet tillit til \u00e5 v\u00e6re ordf\u00f8rerkandidat i en ny periode.&nbsp;<\/p>\n\n\n\n\n<p><em>Alle medlemmer i Nannestad H\u00f8yre skal ha mottatt invitasjon p\u00e5 e-post til nominasjonsm\u00f8tet den 24. mars. Du kan kontakte foreningsleder, <a href=\"https:\/\/hoyre.no\/personprofiler\/age-evjebraten\/\">\u00c5ge Evjebr\u00e5ten<\/a>, dersom du er medlem men ikke mottok invitasjonen.<\/em><\/p>\n\n\n\n<h2 class=\"wp-block-heading\"><strong>En synlig ordf\u00f8rer med en enorm arbeidskapasitet<\/strong><\/h2>\n\n\n\n<p>Leder av nominasjonskomiteen, Anette Struve \u00d8istad, l\u00f8ftet Bendz&#8217; arbeid b\u00e5de som ordf\u00f8rer og innad i partiet, da hun la&nbsp;frem nominasjonskomiteens innstilling:<\/p>\n\n\n<div class=\"wp-block-image\">\n<figure class=\"alignleft size-full is-resized\"><img loading=\"lazy\" decoding=\"async\" width=\"960\" height=\"955\" src=\"https:\/\/hoyre.no\/content\/uploads\/sites\/174\/2026\/04\/Anette-Struve-Oistad.jpg\" alt=\"Portrett av Anette Struve \u00d8istad, leder av Nannestad H\u00f8yres nominasjonskomit\u00e9. Foto: Privat.\" class=\"wp-image-119\" style=\"width:321px;height:auto\" srcset=\"https:\/\/hoyre.no\/content\/uploads\/sites\/174\/2026\/04\/Anette-Struve-Oistad.jpg 960w, https:\/\/hoyre.no\/content\/uploads\/sites\/174\/2026\/04\/Anette-Struve-Oistad-300x298.jpg 300w, https:\/\/hoyre.no\/content\/uploads\/sites\/174\/2026\/04\/Anette-Struve-Oistad-150x150.jpg 150w, https:\/\/hoyre.no\/content\/uploads\/sites\/174\/2026\/04\/Anette-Struve-Oistad-768x764.jpg 768w\" sizes=\"auto, (max-width: 960px) 100vw, 960px\" \/><figcaption class=\"wp-element-caption\">Leder av Nannestad H\u00f8yres nominasjonskomit\u00e9, Anette Struve \u00d8istad. Foto: Privat<\/figcaption><\/figure><\/div>\n\n\n<blockquote class=\"wp-block-quote is-layout-flow wp-block-quote-is-layout-flow\">\n<p class=\"is-style-large\" style=\"font-style:italic;font-weight:400\">\u2014 Christian har lang fartstid med ulike verv for Nannestad H\u00f8yre. De siste \u00e5rene har han v\u00e6rt en synlig ordf\u00f8rer og vist at han har en enorm arbeidskapasitet. Nominasjonskomiteen mener at han vil v\u00e6re en god ordf\u00f8rer for Nannestad kommune og dens innbyggere ogs\u00e5 i fire nye \u00e5r.<\/p>\n<\/blockquote>\n\n\n\n<p><\/p>\n\n\n\n<p>Nominasjonskomiteen best\u00e5r av Anette Struve \u00d8istad (leder) og Tom Halvorsen. <br>Den valgte ordf\u00f8rerkandidaten f\u00e5r automatisk plass i nominasjonskomiteen, og Christian Bendz vil bist\u00e5 i nominasjonsarbeidet. Nominasjon av \u00f8vrige kandidater p\u00e5 Nannestad H\u00f8yres liste, vil bli gjennomf\u00f8rt som eget m\u00f8te i november 2026. Medlemmer vil motta invitasjon p\u00e5 e-post.<\/p>\n\n\n\n<p><em>Har du lyst til \u00e5 stille til valg for H\u00f8yre i Nannestad? Da kan du melde interesse til <a href=\"https:\/\/hoyre.no\/personprofiler\/anette-struve-oistad\/\">Anette Struve \u00d8istad<\/a>.<\/em><\/p>\n\n\n\n<h2 class=\"wp-block-heading\">Nannestad som Romerikes beste bokommune<\/h2>\n\n\n\n<p>Bendz takket med stor ydmykhet for tilliten, og viste et sterkt \u00f8nske om \u00e5 fortsette arbeidet han i dag gj\u00f8r som ordf\u00f8rer. Han understreket at det skal v\u00e6re trygt \u00e5 vokse opp og bli gammel i Nannestad. Utvidelse av skoler, barnehager og sykehjem er noen av eksemplene han trakk frem.<\/p>\n\n\n\n<p>Nannestad er en av landets kommuner med h\u00f8yest befolkningsvekst. Det legger press p\u00e5 tjenestene v\u00e5re. Bendz mener at vi m\u00e5 holde tritt med utviklingen kommunen er i.&nbsp;<\/p>\n\n\n\n<p>\u2014&nbsp;Nannestad er en fantastisk kommune som vokser raskt, og det handler om \u00e5 henge med i utviklingen. Fokus er satt p\u00e5 \u00e5 utvikle gode m\u00f8teplasser, utvikle sentrum med gode og varierte tilbud, og sikkerhet og beredskap for v\u00e5re innbyggere. Sist, men ikke minst, skal vi v\u00e6re en aktiv p\u00e5driver overfor Ruter, slik at det opprettholdes og etableres gode kollektivl\u00f8sninger.<\/p>\n\n\n\n<p>Ordf\u00f8reren kunne avsl\u00f8re at arbeidet allerede er i gang med \u00e5 gj\u00f8re Nannestad til den beste bo- og etableringskommunen p\u00e5 Romerike.<\/p>\n\n\n\n<p>\u2014 Jeg er supermotivert til \u00e5 fortsette arbeidet for v\u00e5re innbyggere og n\u00e6ringsakt\u00f8rer i Nannestad. Arbeidet trenger kontinuitet og forlengelse gjennom fortsatt godt samarbeid med gode n\u00e6ringsakt\u00f8rer vi har i kommunen. Vi har en dyktig administrasjon som det er godt \u00e5 spille p\u00e5 lag med.&nbsp;<\/p>\n\n\n\n<figure class=\"wp-block-image size-large\"><img loading=\"lazy\" decoding=\"async\" width=\"1024\" height=\"537\" src=\"https:\/\/hoyre.no\/content\/uploads\/sites\/174\/2026\/04\/Engelsrud-barnehage-1024x537.jpg\" alt=\"Christian Bendz klipper r\u00f8d snor ved \u00e5pningen av Engelsrud barnehage. Foto: Nannestad kommune.\" class=\"wp-image-127\" srcset=\"https:\/\/hoyre.no\/content\/uploads\/sites\/174\/2026\/04\/Engelsrud-barnehage-1024x537.jpg 1024w, https:\/\/hoyre.no\/content\/uploads\/sites\/174\/2026\/04\/Engelsrud-barnehage-300x157.jpg 300w, https:\/\/hoyre.no\/content\/uploads\/sites\/174\/2026\/04\/Engelsrud-barnehage-768x403.jpg 768w, https:\/\/hoyre.no\/content\/uploads\/sites\/174\/2026\/04\/Engelsrud-barnehage-1536x806.jpg 1536w, https:\/\/hoyre.no\/content\/uploads\/sites\/174\/2026\/04\/Engelsrud-barnehage.jpg 2048w\" sizes=\"auto, (max-width: 1024px) 100vw, 1024px\" \/><figcaption class=\"wp-element-caption\">Christian Bendz ved \u00e5pningen av Engelsrud barnehage. Foto: Iselinn N\u00e6ss<\/figcaption><\/figure>\n\n\n\n<h2 class=\"wp-block-heading\">Team H\u00f8yre i 2027<\/h2>\n\n\n\n<p>Bendz, som ogs\u00e5 er kampanjeleder i foreningen, ser frem til valget neste \u00e5r.&nbsp;<\/p>\n\n\n\n<p>\u2014 Jeg ser frem til en spennende valgkamp og \u00e5 jobbe tett sammen med en flott og engasjert H\u00f8yre-gruppe som prioriterer de beste l\u00f8sningene for v\u00e5re innbyggere. N\u00e5 skal jeg f\u00e5 anledning til \u00e5 v\u00e6re med \u00e5 sette sammen Team Nannestad H\u00f8yre 2027, s\u00e5 ser jeg frem til en valgkamp med gode rollemodeller som sikrer v\u00e5rt lokaldemokrati.<\/p>\n\n\n\n<figure class=\"wp-block-image size-large\"><img loading=\"lazy\" decoding=\"async\" width=\"1024\" height=\"1024\" src=\"https:\/\/hoyre.no\/content\/uploads\/sites\/174\/2026\/04\/IMG_7320-1024x1024.jpg\" alt=\"Nannestad H\u00f8yre i valgkampen i 2025. Gruppa st\u00e5r stand p\u00e5 Nannestad torg f\u00f8r husbes\u00f8k. Fra venstre: \u00c5ge Evjebr\u00e5ten, Tone Wilhelmsen Tr\u00f8en, H\u00e5kon Snortheim, Christian Bendz, Kristin Ervik Snortheim, Julius Kvello Mellgren, Sofie R\u00f8nnevik, Ludvik Lindgren Grov, og Eric Roostami.\nFoto: Tom Halvorsen.\" class=\"wp-image-125\" srcset=\"https:\/\/hoyre.no\/content\/uploads\/sites\/174\/2026\/04\/IMG_7320-1024x1024.jpg 1024w, https:\/\/hoyre.no\/content\/uploads\/sites\/174\/2026\/04\/IMG_7320-300x300.jpg 300w, https:\/\/hoyre.no\/content\/uploads\/sites\/174\/2026\/04\/IMG_7320-150x150.jpg 150w, https:\/\/hoyre.no\/content\/uploads\/sites\/174\/2026\/04\/IMG_7320-768x768.jpg 768w, https:\/\/hoyre.no\/content\/uploads\/sites\/174\/2026\/04\/IMG_7320.jpg 1299w\" sizes=\"auto, (max-width: 1024px) 100vw, 1024px\" \/><figcaption class=\"wp-element-caption\">Nannestad H\u00f8yre sammen med Tone Wilhelmsen Tr\u00f8en og Unge H\u00f8yre i valgkampen i 2025. Gruppa st\u00e5r stand p\u00e5 Nannestad torg f\u00f8r husbes\u00f8k. Foto: Tom Halvorsen<\/figcaption><\/figure>\n\n\n\n\t\t<div class=\"has-lightest-blue-background-color is-layout-left alignwide alignwide wp-block-hoyre-media-text\">\n\t\t\t<div class=\"hoyre-media-text__media\">\n\t\t\t\t<img loading=\"lazy\" decoding=\"async\" width=\"732\" height=\"960\" src=\"https:\/\/hoyre.no\/content\/uploads\/sites\/174\/2026\/04\/IMG_7322.jpg\" class=\"hoyre-media-text__media-image\" alt=\"\" style=\"--focal: 50% 50%;\" srcset=\"https:\/\/hoyre.no\/content\/uploads\/sites\/174\/2026\/04\/IMG_7322.jpg 732w, https:\/\/hoyre.no\/content\/uploads\/sites\/174\/2026\/04\/IMG_7322-229x300.jpg 229w\" sizes=\"auto, (max-width: 732px) 100vw, 732px\" \/>\n\t\t\t<\/div>\n\t\t\t<div class=\"hoyre-media-text__content\">\n\t\t\t\t<div class=\"hoyre-media-text__content-inner\">\n\t\t\t\t\t\n\t\t\t<div class=\"hoyre-media-text__title-container\">\n\t\t\t\t\n\t\t\t\t<h2 class=\"hoyre-media-text__title\">Bli med p\u00e5 laget!<\/h2>\n\t\t\t<\/div>\n\t\t\t\n\t\t\t\t\t<div class=\"hoyre-media-text__blocks\">\n<p>Hvert eneste medlem gj\u00f8r oss sterkere. Som medlem kan du p\u00e5virke politikken v\u00e5r, engasjere deg i lokalsamfunnet ditt og bli kjent med mange hyggelige og dyktige mennesker.<\/p><p>Uansett aktivitetsniv\u00e5, vil ditt medlemskap hjelpe oss p\u00e5 veien til valgseier\u00a0\ud83d\udc99<\/p>\n<\/div>\n\t\t\t\t\t\n\t\t\t<div class=\"hoyre-media-text__buttons\">\n\t\t\t\t<a class=\"button\" href=\"https:\/\/hoyre.no\/bli-med\/bli-medlem\/\">Bli medlem<\/a>\n\t\t\t<\/div>\n\t\t\t\n\t\t\t\t<\/div>\n\t\t\t<\/div>\n\t\t<\/div>\n\t\t\n\n<div class=\"tags\">\n\t<\/div>\n<div class=\"post-footer alignfull has-background block-editor-block-list__block\" data-align=full>\n\t<div class=\"post-footer-inner\">\n\t\t<h3>Relaterte artikler<\/h3>\n\t\t<div class=\"related-content\"><div class=\"is-card-hoyre\">\n\t<div class=\"teft-card hoyre-teft-card post-teft-card\">\n\t\t<a href=\"https:\/\/hoyre.no\/nannestad\/aktuelt\/nannestad-hoyres-program-for-2023-27\/\" class=\"teft-card__primary-action\">\n\n\t\t\t<div class=\"teft-card__media teft-card__media--16-9 no-image\"><\/div>\n\t\t\t<div class=\"teft-card__content-wrapper\">\n\t\t\t\t<div class=\"teft-card__secondary\">\n\t\t\t\t\t\n\t\t\t\t\t\t\t\t<div class=\"teft-card__meta\">\n\t\t\t\t\t\t\t\t\t<span class=\"post-date\">4. jun 2023<\/span>\n\n\t\t\t\t\t\t\t\t\t<span class=\"post-category\">Nyheter<\/span>\t\t\t\t\t\t\t\t<\/div>\n\t\t\t\t\t\t\t\t\t\t\t<\/div>\n\n\t\t\t\t<div class=\"teft-card__primary\">\n\t\t\t\t\t<h2 class=\"teft-card__title\">Nannestad H\u00f8yres program for 2023-27&nbsp;<span class=\"teft-card__primary-title-append\"><\/span><\/h2>\t\t\t\t<\/div>\n\t\t\t<\/div>\n\t\t<\/a>\n\t<\/div>\n\n\t<\/div><div class=\"is-card-hoyre\">\n\t<div class=\"teft-card hoyre-teft-card post-teft-card\">\n\t\t<a href=\"https:\/\/hoyre.no\/nannestad\/aktuelt\/christian-har-overtatt-som-ordforer\/\" class=\"teft-card__primary-action\">\n\n\t\t\t\t\t<div class=\"teft-card__media teft-card__media--16-9\">\n\t\t\t\t\t\t<img loading=\"lazy\" decoding=\"async\" width=\"768\" height=\"512\" src=\"https:\/\/hoyre.no\/content\/uploads\/sites\/174\/2023\/10\/ordforer_nannestad-06-768x512.jpg\" class=\"attachment-medium_large size-medium_large\" alt=\"Nyvalgt ordf\u00f8rer Christian Bendz\" srcset=\"https:\/\/hoyre.no\/content\/uploads\/sites\/174\/2023\/10\/ordforer_nannestad-06-768x512.jpg 768w, https:\/\/hoyre.no\/content\/uploads\/sites\/174\/2023\/10\/ordforer_nannestad-06-300x200.jpg 300w, https:\/\/hoyre.no\/content\/uploads\/sites\/174\/2023\/10\/ordforer_nannestad-06-1024x683.jpg 1024w, https:\/\/hoyre.no\/content\/uploads\/sites\/174\/2023\/10\/ordforer_nannestad-06-1536x1024.jpg 1536w, https:\/\/hoyre.no\/content\/uploads\/sites\/174\/2023\/10\/ordforer_nannestad-06-2048x1365.jpg 2048w\" sizes=\"auto, (max-width: 768px) 100vw, 768px\" \/>\t\t<\/div>\n\t\t\n\t\t\t<div class=\"teft-card__content-wrapper\">\n\t\t\t\t<div class=\"teft-card__secondary\">\n\t\t\t\t\t\n\t\t\t\t\t\t\t\t<div class=\"teft-card__meta\">\n\t\t\t\t\t\t\t\t\t<span class=\"post-date\">17. okt 2023<\/span>\n\n\t\t\t\t\t\t\t\t\t<span class=\"post-category\">Nyheter<\/span>\t\t\t\t\t\t\t\t<\/div>\n\t\t\t\t\t\t\t\t\t\t\t<\/div>\n\n\t\t\t\t<div class=\"teft-card__primary\">\n\t\t\t\t\t<h2 class=\"teft-card__title\">Christian har overtatt som ordf\u00f8rer&nbsp;<span class=\"teft-card__primary-title-append\"><\/span><\/h2>\t\t\t\t<\/div>\n\t\t\t<\/div>\n\t\t<\/a>\n\t<\/div>\n\n\t<\/div><div class=\"is-card-hoyre\">\n\t<div class=\"teft-card hoyre-teft-card post-teft-card\">\n\t\t<a href=\"https:\/\/hoyre.no\/nannestad\/aktuelt\/7-grunner-til-a-stemme-pa-hoyre-i-nannestad\/\" class=\"teft-card__primary-action\">\n\n\t\t\t\t\t<div class=\"teft-card__media teft-card__media--16-9\">\n\t\t\t\t\t\t<img loading=\"lazy\" decoding=\"async\" width=\"768\" height=\"513\" src=\"https:\/\/hoyre.no\/content\/uploads\/sites\/174\/2023\/06\/Asgreina-1-768x513.jpg\" class=\"attachment-medium_large size-medium_large\" alt=\"\" srcset=\"https:\/\/hoyre.no\/content\/uploads\/sites\/174\/2023\/06\/Asgreina-1-768x513.jpg 768w, https:\/\/hoyre.no\/content\/uploads\/sites\/174\/2023\/06\/Asgreina-1-300x200.jpg 300w, https:\/\/hoyre.no\/content\/uploads\/sites\/174\/2023\/06\/Asgreina-1-1024x684.jpg 1024w, https:\/\/hoyre.no\/content\/uploads\/sites\/174\/2023\/06\/Asgreina-1-1536x1025.jpg 1536w, https:\/\/hoyre.no\/content\/uploads\/sites\/174\/2023\/06\/Asgreina-1-2048x1367.jpg 2048w\" sizes=\"auto, (max-width: 768px) 100vw, 768px\" \/>\t\t<\/div>\n\t\t\n\t\t\t<div class=\"teft-card__content-wrapper\">\n\t\t\t\t<div class=\"teft-card__secondary\">\n\t\t\t\t\t\n\t\t\t\t\t\t\t\t<div class=\"teft-card__meta\">\n\t\t\t\t\t\t\t\t\t<span class=\"post-date\">24. jun 2023<\/span>\n\n\t\t\t\t\t\t\t\t\t\t\t\t\t\t\t\t\t<\/div>\n\t\t\t\t\t\t\t\t\t\t\t<\/div>\n\n\t\t\t\t<div class=\"teft-card__primary\">\n\t\t\t\t\t<h2 class=\"teft-card__title\">7 grunner til \u00e5 stemme p\u00e5 H\u00f8yre i Nannestad&nbsp;<span class=\"teft-card__primary-title-append\"><\/span><\/h2>\t\t\t\t<\/div>\n\t\t\t<\/div>\n\t\t<\/a>\n\t<\/div>\n\n\t<\/div><\/div>\t<\/div>\n<\/div>\n","protected":false},"excerpt":{"rendered":"<p>Valget i 2023 ga H\u00f8yre historisk oppslutning. For f\u00f8rste gang p\u00e5 100 \u00e5r ble H\u00f8yre landets st\u00f8rste parti og hele 107 kommuner ble H\u00f8yre-styrte. Nannestad var ingen unntak, og vekstkommunen fikk sin aller f\u00f8rste H\u00f8yre-ordf\u00f8rer. Christian Bendz har n\u00e5 v\u00e6rt ordf\u00f8rer i nesten tre \u00e5r, og et enstemmig nominasjonsm\u00f8te ga han fornyet tillit til \u00e5 [&hellip;]<\/p>\n","protected":false},"author":18912,"featured_media":0,"comment_status":"closed","ping_status":"closed","sticky":true,"template":"","format":"standard","meta":{"teft_cards_image_url":"","teft_cards_custom_pretitle":"Gjenvalgt som ordf\u00f8rerkandidat:","teft_cards_image_id":133,"teft_cards_image_focal_point_x":0.5,"teft_cards_image_focal_point_y":0.4,"teft_cards_title":"\u2014 Arbeidet er godt i gang med \u00e5 gj\u00f8re Nannestad til den beste bokommunen p\u00e5 Romerike","teft_cards_excerpt":"","teft_show_chapters":false,"author_display_name":"Nannestad H\u00f8yre","footnotes":""},"category":[1],"post_tag":[],"hoyre-visibility":[],"article-type":[],"politician":[],"class_list":["post-111","post","type-post","status-publish","format-standard","hentry","category-nyheter"],"yoast_head":"<!-- This site is optimized with the Yoast SEO plugin v26.6 - https:\/\/yoast.com\/wordpress\/plugins\/seo\/ -->\n<title>Christian er gjenvalgt som ordf\u00f8rerkandidat til valget i 2027 - Nannestad H\u00f8yre<\/title>\n<meta name=\"robots\" content=\"index, follow, max-snippet:-1, max-image-preview:large, max-video-preview:-1\" \/>\n<link rel=\"canonical\" href=\"https:\/\/hoyre.no\/nannestad\/aktuelt\/christian-bendz-er-ordforerkandidat-for-2027-2031\/\" \/>\n<meta property=\"og:locale\" content=\"nb_NO\" \/>\n<meta property=\"og:type\" content=\"article\" \/>\n<meta property=\"og:title\" content=\"Christian er gjenvalgt som ordf\u00f8rerkandidat til valget i 2027 - Nannestad H\u00f8yre\" \/>\n<meta property=\"og:description\" content=\"Valget i 2023 ga H\u00f8yre historisk oppslutning. For f\u00f8rste gang p\u00e5 100 \u00e5r ble H\u00f8yre landets st\u00f8rste parti og hele 107 kommuner ble H\u00f8yre-styrte. Nannestad var ingen unntak, og vekstkommunen fikk sin aller f\u00f8rste H\u00f8yre-ordf\u00f8rer. Christian Bendz har n\u00e5 v\u00e6rt ordf\u00f8rer i nesten tre \u00e5r, og et enstemmig nominasjonsm\u00f8te ga han fornyet tillit til \u00e5 [&hellip;]\" \/>\n<meta property=\"og:url\" content=\"https:\/\/hoyre.no\/nannestad\/aktuelt\/christian-bendz-er-ordforerkandidat-for-2027-2031\/\" \/>\n<meta property=\"og:site_name\" content=\"Nannestad H\u00f8yre\" \/>\n<meta property=\"article:published_time\" content=\"2026-04-22T17:55:56+00:00\" \/>\n<meta property=\"article:modified_time\" content=\"2026-04-22T18:17:58+00:00\" \/>\n<meta property=\"og:image\" content=\"https:\/\/hoyre.no\/content\/uploads\/sites\/174\/2023\/06\/Asgreina-1-1024x684.jpg\" \/>\n<meta name=\"author\" content=\"Kristin Ervik Snortheim\" \/>\n<meta name=\"twitter:card\" content=\"summary_large_image\" \/>\n<meta name=\"twitter:label1\" content=\"Skrevet av\" \/>\n\t<meta name=\"twitter:data1\" content=\"Kristin Ervik Snortheim\" \/>\n\t<meta name=\"twitter:label2\" content=\"Ansl. lesetid\" \/>\n\t<meta name=\"twitter:data2\" content=\"4 minutter\" \/>\n<script type=\"application\/ld+json\" class=\"yoast-schema-graph\">{\"@context\":\"https:\/\/schema.org\",\"@graph\":[{\"@type\":\"NewsArticle\",\"@id\":\"https:\/\/hoyre.no\/nannestad\/aktuelt\/christian-bendz-er-ordforerkandidat-for-2027-2031\/\",\"url\":\"https:\/\/hoyre.no\/nannestad\/aktuelt\/christian-bendz-er-ordforerkandidat-for-2027-2031\/\",\"name\":\"Christian er gjenvalgt som ordf\u00f8rerkandidat til valget i 2027 - Nannestad H\u00f8yre\",\"isPartOf\":{\"@id\":\"https:\/\/hoyre.no\/nannestad\/#website\"},\"image\":{\"@id\":\"https:\/\/hoyre.no\/nannestad\/aktuelt\/christian-bendz-er-ordforerkandidat-for-2027-2031\/#primaryimage\"},\"thumbnailUrl\":\"https:\/\/hoyre.no\/content\/uploads\/sites\/174\/2026\/04\/Anette-Struve-Oistad.jpg\",\"datePublished\":\"2026-04-22T17:55:56+00:00\",\"dateModified\":\"2026-04-22T18:17:58+00:00\",\"author\":{\"@id\":\"https:\/\/hoyre.no\/nannestad\/#\/schema\/person\/dd42c3ee64bba62a8161a23be931629b\"},\"breadcrumb\":{\"@id\":\"https:\/\/hoyre.no\/nannestad\/aktuelt\/christian-bendz-er-ordforerkandidat-for-2027-2031\/#breadcrumb\"},\"inLanguage\":\"nb-NO\",\"potentialAction\":[{\"@type\":\"ReadAction\",\"target\":[\"https:\/\/hoyre.no\/nannestad\/aktuelt\/christian-bendz-er-ordforerkandidat-for-2027-2031\/\"]}]},{\"@type\":\"ImageObject\",\"inLanguage\":\"nb-NO\",\"@id\":\"https:\/\/hoyre.no\/nannestad\/aktuelt\/christian-bendz-er-ordforerkandidat-for-2027-2031\/#primaryimage\",\"url\":\"https:\/\/hoyre.no\/content\/uploads\/sites\/174\/2026\/04\/Anette-Struve-Oistad.jpg\",\"contentUrl\":\"https:\/\/hoyre.no\/content\/uploads\/sites\/174\/2026\/04\/Anette-Struve-Oistad.jpg\"},{\"@type\":\"BreadcrumbList\",\"@id\":\"https:\/\/hoyre.no\/nannestad\/aktuelt\/christian-bendz-er-ordforerkandidat-for-2027-2031\/#breadcrumb\",\"itemListElement\":[{\"@type\":\"ListItem\",\"position\":1,\"name\":\"Til hoyre.no\",\"item\":\"https:\/\/hoyre.no\"},{\"@type\":\"ListItem\",\"position\":2,\"name\":\"Hjem\",\"item\":\"https:\/\/hoyre.no\/nannestad\/\"},{\"@type\":\"ListItem\",\"position\":3,\"name\":\"Christian er gjenvalgt som ordf\u00f8rerkandidat til valget i 2027\"}]},{\"@type\":\"WebSite\",\"@id\":\"https:\/\/hoyre.no\/nannestad\/#website\",\"url\":\"https:\/\/hoyre.no\/nannestad\/\",\"name\":\"Nannestad H\u00f8yre\",\"description\":\"Bare enda et H\u00f8yres nettsteder-nettsted\",\"inLanguage\":\"nb-NO\"},{\"@type\":\"Person\",\"@id\":\"https:\/\/hoyre.no\/nannestad\/#\/schema\/person\/dd42c3ee64bba62a8161a23be931629b\",\"name\":\"Kristin Ervik Snortheim\",\"image\":{\"@type\":\"ImageObject\",\"inLanguage\":\"nb-NO\",\"@id\":\"https:\/\/hoyre.no\/nannestad\/#\/schema\/person\/image\/\",\"url\":\"https:\/\/secure.gravatar.com\/avatar\/ef1c8324387f1eb5fc88ebc287734908b584c92c5fd13e01a05420de5fc3d305?s=96&d=mm&r=g\",\"contentUrl\":\"https:\/\/secure.gravatar.com\/avatar\/ef1c8324387f1eb5fc88ebc287734908b584c92c5fd13e01a05420de5fc3d305?s=96&d=mm&r=g\",\"caption\":\"Kristin Ervik Snortheim\"},\"url\":\"https:\/\/hoyre.no\/nannestad\/aktuelt\/author\/m51995892\/\"}]}<\/script>\n<!-- \/ Yoast SEO plugin. -->","yoast_head_json":{"title":"Christian er gjenvalgt som ordf\u00f8rerkandidat til valget i 2027 - Nannestad H\u00f8yre","robots":{"index":"index","follow":"follow","max-snippet":"max-snippet:-1","max-image-preview":"max-image-preview:large","max-video-preview":"max-video-preview:-1"},"canonical":"https:\/\/hoyre.no\/nannestad\/aktuelt\/christian-bendz-er-ordforerkandidat-for-2027-2031\/","og_locale":"nb_NO","og_type":"article","og_title":"Christian er gjenvalgt som ordf\u00f8rerkandidat til valget i 2027 - Nannestad H\u00f8yre","og_description":"Valget i 2023 ga H\u00f8yre historisk oppslutning. For f\u00f8rste gang p\u00e5 100 \u00e5r ble H\u00f8yre landets st\u00f8rste parti og hele 107 kommuner ble H\u00f8yre-styrte. Nannestad var ingen unntak, og vekstkommunen fikk sin aller f\u00f8rste H\u00f8yre-ordf\u00f8rer. Christian Bendz har n\u00e5 v\u00e6rt ordf\u00f8rer i nesten tre \u00e5r, og et enstemmig nominasjonsm\u00f8te ga han fornyet tillit til \u00e5 [&hellip;]","og_url":"https:\/\/hoyre.no\/nannestad\/aktuelt\/christian-bendz-er-ordforerkandidat-for-2027-2031\/","og_site_name":"Nannestad H\u00f8yre","article_published_time":"2026-04-22T17:55:56+00:00","article_modified_time":"2026-04-22T18:17:58+00:00","og_image":[{"url":"https:\/\/hoyre.no\/content\/uploads\/sites\/174\/2023\/06\/Asgreina-1-1024x684.jpg","width":"","height":"","type":""}],"author":"Kristin Ervik Snortheim","twitter_card":"summary_large_image","twitter_misc":{"Skrevet av":"Kristin Ervik Snortheim","Ansl. lesetid":"4 minutter"},"schema":{"@context":"https:\/\/schema.org","@graph":[{"@type":"NewsArticle","@id":"https:\/\/hoyre.no\/nannestad\/aktuelt\/christian-bendz-er-ordforerkandidat-for-2027-2031\/","url":"https:\/\/hoyre.no\/nannestad\/aktuelt\/christian-bendz-er-ordforerkandidat-for-2027-2031\/","name":"Christian er gjenvalgt som ordf\u00f8rerkandidat til valget i 2027 - Nannestad H\u00f8yre","isPartOf":{"@id":"https:\/\/hoyre.no\/nannestad\/#website"},"image":{"@id":"https:\/\/hoyre.no\/nannestad\/aktuelt\/christian-bendz-er-ordforerkandidat-for-2027-2031\/#primaryimage"},"thumbnailUrl":"https:\/\/hoyre.no\/content\/uploads\/sites\/174\/2026\/04\/Anette-Struve-Oistad.jpg","datePublished":"2026-04-22T17:55:56+00:00","dateModified":"2026-04-22T18:17:58+00:00","author":{"@id":"https:\/\/hoyre.no\/nannestad\/#\/schema\/person\/dd42c3ee64bba62a8161a23be931629b"},"breadcrumb":{"@id":"https:\/\/hoyre.no\/nannestad\/aktuelt\/christian-bendz-er-ordforerkandidat-for-2027-2031\/#breadcrumb"},"inLanguage":"nb-NO","potentialAction":[{"@type":"ReadAction","target":["https:\/\/hoyre.no\/nannestad\/aktuelt\/christian-bendz-er-ordforerkandidat-for-2027-2031\/"]}]},{"@type":"ImageObject","inLanguage":"nb-NO","@id":"https:\/\/hoyre.no\/nannestad\/aktuelt\/christian-bendz-er-ordforerkandidat-for-2027-2031\/#primaryimage","url":"https:\/\/hoyre.no\/content\/uploads\/sites\/174\/2026\/04\/Anette-Struve-Oistad.jpg","contentUrl":"https:\/\/hoyre.no\/content\/uploads\/sites\/174\/2026\/04\/Anette-Struve-Oistad.jpg"},{"@type":"BreadcrumbList","@id":"https:\/\/hoyre.no\/nannestad\/aktuelt\/christian-bendz-er-ordforerkandidat-for-2027-2031\/#breadcrumb","itemListElement":[{"@type":"ListItem","position":1,"name":"Til hoyre.no","item":"https:\/\/hoyre.no"},{"@type":"ListItem","position":2,"name":"Hjem","item":"https:\/\/hoyre.no\/nannestad\/"},{"@type":"ListItem","position":3,"name":"Christian er gjenvalgt som ordf\u00f8rerkandidat til valget i 2027"}]},{"@type":"WebSite","@id":"https:\/\/hoyre.no\/nannestad\/#website","url":"https:\/\/hoyre.no\/nannestad\/","name":"Nannestad H\u00f8yre","description":"Bare enda et H\u00f8yres nettsteder-nettsted","inLanguage":"nb-NO"},{"@type":"Person","@id":"https:\/\/hoyre.no\/nannestad\/#\/schema\/person\/dd42c3ee64bba62a8161a23be931629b","name":"Kristin Ervik Snortheim","image":{"@type":"ImageObject","inLanguage":"nb-NO","@id":"https:\/\/hoyre.no\/nannestad\/#\/schema\/person\/image\/","url":"https:\/\/secure.gravatar.com\/avatar\/ef1c8324387f1eb5fc88ebc287734908b584c92c5fd13e01a05420de5fc3d305?s=96&d=mm&r=g","contentUrl":"https:\/\/secure.gravatar.com\/avatar\/ef1c8324387f1eb5fc88ebc287734908b584c92c5fd13e01a05420de5fc3d305?s=96&d=mm&r=g","caption":"Kristin Ervik Snortheim"},"url":"https:\/\/hoyre.no\/nannestad\/aktuelt\/author\/m51995892\/"}]}},"distributor_meta":false,"distributor_terms":false,"distributor_media":false,"distributor_original_site_name":"Nannestad H\u00f8yre","distributor_original_site_url":"https:\/\/hoyre.no\/nannestad","push-errors":false,"_links":{"self":[{"href":"https:\/\/hoyre.no\/nannestad\/wp-json\/wp\/v2\/posts\/111","targetHints":{"allow":["GET"]}}],"collection":[{"href":"https:\/\/hoyre.no\/nannestad\/wp-json\/wp\/v2\/posts"}],"about":[{"href":"https:\/\/hoyre.no\/nannestad\/wp-json\/wp\/v2\/types\/post"}],"author":[{"embeddable":true,"href":"https:\/\/hoyre.no\/nannestad\/wp-json\/wp\/v2\/users\/18912"}],"replies":[{"embeddable":true,"href":"https:\/\/hoyre.no\/nannestad\/wp-json\/wp\/v2\/comments?post=111"}],"version-history":[{"count":15,"href":"https:\/\/hoyre.no\/nannestad\/wp-json\/wp\/v2\/posts\/111\/revisions"}],"predecessor-version":[{"id":141,"href":"https:\/\/hoyre.no\/nannestad\/wp-json\/wp\/v2\/posts\/111\/revisions\/141"}],"wp:attachment":[{"href":"https:\/\/hoyre.no\/nannestad\/wp-json\/wp\/v2\/media?parent=111"}],"wp:term":[{"taxonomy":"category","embeddable":true,"href":"https:\/\/hoyre.no\/nannestad\/wp-json\/wp\/v2\/category?post=111"},{"taxonomy":"post_tag","embeddable":true,"href":"https:\/\/hoyre.no\/nannestad\/wp-json\/wp\/v2\/post_tag?post=111"},{"taxonomy":"hoyre-visibility","embeddable":true,"href":"https:\/\/hoyre.no\/nannestad\/wp-json\/wp\/v2\/hoyre-visibility?post=111"},{"taxonomy":"article-type","embeddable":true,"href":"https:\/\/hoyre.no\/nannestad\/wp-json\/wp\/v2\/article-type?post=111"},{"taxonomy":"politician","embeddable":true,"href":"https:\/\/hoyre.no\/nannestad\/wp-json\/wp\/v2\/politician?post=111"}],"curies":[{"name":"wp","href":"https:\/\/api.w.org\/{rel}","templated":true}]}}