{"id":459,"date":"2026-03-20T08:01:05","date_gmt":"2026-03-20T07:01:05","guid":{"rendered":"https:\/\/hoyre.no\/nes\/?p=459"},"modified":"2026-03-20T08:01:05","modified_gmt":"2026-03-20T07:01:05","slug":"mulighet-for-kunnskapsinnhenting-om-fremtidig-handtering-av-atomavfall","status":"publish","type":"post","link":"https:\/\/hoyre.no\/nes\/aktuelt\/mulighet-for-kunnskapsinnhenting-om-fremtidig-handtering-av-atomavfall\/","title":{"rendered":"Mulighet for kunnskapsinnhenting om fremtidig h\u00e5ndtering av atomavfall"},"content":{"rendered":"\n<p class=\"preamble\">Nes kommune har mottatt en foresp\u00f8rsel om \u00e5 delta i en tidlig utredning av mulige l\u00f8sninger for h\u00e5ndtering av norsk atomavfall. Deltakelse inneb\u00e6rer ingen forpliktelser, men gir tilgang til informasjon, faglige vurderinger og en \u00e5pen prosess der kommunen kan stille sp\u00f8rsm\u00e5l og f\u00e5 bedre innsikt f\u00f8r eventuelle beslutninger tas.<\/p>\t\t\t<div class=\"post-meta wp-block teft-byline-wrapper\">\n\t\t\t\t<div class=\"top\">\n\t\t\t\t\t<div class=\"signature\">\n\t\t\t\t\t\t<div class=\"teft-byline\">\n\t\t\t\t\t\t\t<div class=\"teft-card__media circle-crop\"><img decoding=\"async\" loading=\"lazy\" width=\"500\" height=\"500\" src=\"https:\/\/res.cloudinary.com\/hoyre\/image\/upload\/c_thumb,g_face:center,h_500,w_500,d_defaultprofileimg3.jpg,fl_lossy,f_auto\/w_500\/v20230420\/52075504.jpg\" style=\"background-position:50% 50%;\" alt=\"Per Bertil M\u00e5rten Olin\" \/><\/div>\t\t\t\t\t\t\t<div>\n\t\t\t\t\t\t\t\t<h3><a href=\"https:\/\/hoyre.no\/personprofiler\/per-bertil-marten-olin\/\">Per Bertil M\u00e5rten Olin<\/a><\/h3>\t\t\t\t\t\t\t\t\t\t\t\t\t\t\t\t\t<span class=\"position\">Gruppeleder<\/span>\n\t\t\t\t\t\t\t\t\n\t\t\t\t\t\t\t\t\t\t\t\t\t\t\t\t\t<span class=\"date\">Sist oppdatert: 20. mars 2026<\/span>\n\t\t\t\t\t\t\t\t\t\t\t\t\t\t\t\t\t\t\t\t\t\t\t\t\t<span class=\"reading-time\" itemprop=\"timeRequired\" content=\"PT3M\"><em>Ca. 3 minutter lesetid<\/em><\/span>\n\t\t\t\t\t\t\t\t\t\t\t\t\t\t\t<\/div>\n\t\t\t\t\t\t<\/div>\n\t\t\t\t\t<\/div>\n\t\t\t\t\t\t<div class=\"sharing\">\n\t\t<a class=\"share-button share-link copy-link\" data-copy=\"https:\/\/hoyre.no\/nes\/aktuelt\/mulighet-for-kunnskapsinnhenting-om-fremtidig-handtering-av-atomavfall\/\" target=\"_blank\"><span class=\"screen-reader-text\">Del link<\/span><\/a>\n\t\t<a class=\"share-button share-twitter\" href=\"http:\/\/twitter.com\/share?text=Mulighet for kunnskapsinnhenting om fremtidig h\u00e5ndtering av atomavfall&#038;url=https:\/\/hoyre.no\/nes\/aktuelt\/mulighet-for-kunnskapsinnhenting-om-fremtidig-handtering-av-atomavfall\/&#038;hashtags=Hoyre\" target=\"_blank\"><span class=\"screen-reader-text\">Del p\u00e5 twitter<\/span><\/a>\n\t\t<a class=\"share-button share-facebook\" href=\"https:\/\/www.facebook.com\/sharer\/sharer.php?u=https:\/\/hoyre.no\/nes\/aktuelt\/mulighet-for-kunnskapsinnhenting-om-fremtidig-handtering-av-atomavfall\/\" target=\"_blank\"><span class=\"screen-reader-text\">Del p\u00e5 facebook<\/span><\/a>\n\t<\/div>\n\t\t\t\t\t<\/div>\n\t\t\t<\/div>\n\n\t\t\t\n\n\n\n\n<p>Nes kommune har mottatt en foresp\u00f8rsel fra Norsk nukle\u00e6r dekommisjonering (NND). Foresp\u00f8rselen gjelder hvorvidt kommunen \u00f8nsker \u00e5 delta i en frivillig prosess for utredning av mulige lokaliseringer av anlegg for h\u00e5ndtering og deponering av norsk atomavfall. Deltakelse inneb\u00e6rer ingen forpliktelse til etablering, men gir kommunen tilgang til kunnskap, faglige vurderinger og dialog i en tidlig fase.<br><br>NNDs arbeid handler om \u00e5 finne sikre, kunnskapsbaserte l\u00f8sninger for avfall som oppst\u00e5r i forbindelse med nedbygging av Norges tidligere atomvirksomhet. Som del av dette er statlige myndigheter i gang med \u00e5 identifisere egnede alternativer for fremtidige anlegg. Prosessen er bred og kunnskapsdrevet, og inneb\u00e6rer vurderinger knyttet til sikkerhet, milj\u00f8, teknologi, beredskap og samfunnsmessige konsekvenser.<br><br>Foresp\u00f8rselen som Nes kommune har mottatt inviterer til \u00e5 delta i en tidlig utredningsfase. Dette vil gi kommunen tilgang til oppdatert og kvalitetssikret informasjon, innsikt i relevante risikovurderinger og mulighet til \u00e5 f\u00f8lge arbeidet tett. Det vil ogs\u00e5 gi rom for \u00e5 stille sp\u00f8rsm\u00e5l, ettersp\u00f8rre dokumentasjon og bidra til at utredningene blir grundige og godt opplyste.<br><br>En slik tidligfaseprosess inneb\u00e6rer ogs\u00e5 dialog med innbyggere, n\u00e6ringsliv og organisasjoner. \u00c5penhet og gode informasjonsrutiner er sentrale deler av prosessen. Kommunen vil f\u00e5 anledning til \u00e5 vurdere potensielle lokale konsekvenser, b\u00e5de positive og negative, som kan omfatte alt fra kompetanse og n\u00e6ringsutvikling til arealbruk og befolkningsopplevd risiko.<br><br>Form\u00e5let med denne gjennomgangen er \u00e5 gi innbyggerne en tydelig og forst\u00e5elig forklaring p\u00e5 hva foresp\u00f8rselen inneb\u00e6rer, og hvordan en slik utredningsprosess normalt foreg\u00e5r. Det understrekes at deltakelse i prosessen ikke betyr at kommunen forplikter seg til videre deltakelse eller etablering av anlegg. Det er kun en mulighet til \u00e5 innhente kunnskap og sikre at kommunen st\u00e5r best mulig rustet n\u00e5r eventuelle senere beslutninger skal vurderes.<br><br>Denne saken handler om sikkerhet, ansvarlig h\u00e5ndtering av historisk atomavfall og et kunnskapsgrunnlag som er viktig b\u00e5de lokalt og nasjonalt. Utredningsprosessen gir en anledning til \u00e5 forst\u00e5 faktagrunnlaget grundig f\u00f8r kommunen eventuelt tar stilling til veien videre.<\/p>\n\n\n\n<p>Nes H\u00f8yre er positive til foresp\u00f8rselen og vil stemme ja til dette.&nbsp; V\u00e5r tydelig mening er at b\u00e5de vi politikere og hele det Norske folk trenger \u00e5 sette seg godt inn i hva risiko og hva fordeler atomkraft har som energikilde. Der finnes ingen energikilder med kun fordeler. Vi er derfor positive til \u00e5 v\u00e6re med videre. Vi har ogs\u00e5 v\u00e6rt forkjemper for at Nes skal v\u00e6re medlemmer i Norske Kjernekraftkommuner. Noe vi v\u00e6rt siden 2024. Nes H\u00f8yre har ogs\u00e5 v\u00e6rt med \u00e5 fremmet resolusjoner innad i H\u00f8yre for \u00e5 utrede kjernekraft som energikilde.<\/p>\n\n\n<div class=\"tags\">\n\t<\/div>\n<div class=\"post-footer alignfull has-background block-editor-block-list__block\" data-align=full>\n\t<div class=\"post-footer-inner\">\n\t\t<h3>Relaterte artikler<\/h3>\n\t\t<div class=\"related-content\"><div class=\"is-card-hoyre\">\n\t<div class=\"teft-card hoyre-teft-card post-teft-card\">\n\t\t<a href=\"https:\/\/hoyre.no\/nes\/aktuelt\/energirapporten-er-goy-lesning\/\" class=\"teft-card__primary-action\">\n\n\t\t\t\t\t<div class=\"teft-card__media teft-card__media--16-9\">\n\t\t\t\t\t\t<img loading=\"lazy\" decoding=\"async\" width=\"768\" height=\"512\" src=\"https:\/\/hoyre.no\/content\/uploads\/sites\/170\/2026\/03\/Mona-foran-den-moderne-skolen-768x512.png\" class=\"attachment-medium_large size-medium_large\" alt=\"\" srcset=\"https:\/\/hoyre.no\/content\/uploads\/sites\/170\/2026\/03\/Mona-foran-den-moderne-skolen-768x512.png 768w, https:\/\/hoyre.no\/content\/uploads\/sites\/170\/2026\/03\/Mona-foran-den-moderne-skolen-300x200.png 300w, https:\/\/hoyre.no\/content\/uploads\/sites\/170\/2026\/03\/Mona-foran-den-moderne-skolen-1024x683.png 1024w, https:\/\/hoyre.no\/content\/uploads\/sites\/170\/2026\/03\/Mona-foran-den-moderne-skolen.png 1536w\" sizes=\"auto, (max-width: 768px) 100vw, 768px\" \/>\t\t<\/div>\n\t\t\n\t\t\t<div class=\"teft-card__content-wrapper\">\n\t\t\t\t<div class=\"teft-card__secondary\">\n\t\t\t\t\t\n\t\t\t\t\t\t\t\t<div class=\"teft-card__meta\">\n\t\t\t\t\t\t\t\t\t<span class=\"post-date\">23. mar 2026<\/span>\n\n\t\t\t\t\t\t\t\t\t\t\t\t\t\t\t\t\t<\/div>\n\t\t\t\t\t\t\t\t\t\t\t<\/div>\n\n\t\t\t\t<div class=\"teft-card__primary\">\n\t\t\t\t\t<h2 class=\"teft-card__title\">Energirapporten er g\u00f8y lesning!&nbsp;<span class=\"teft-card__primary-title-append\"><\/span><\/h2>\t\t\t\t<\/div>\n\t\t\t<\/div>\n\t\t<\/a>\n\t<\/div>\n\n\t<\/div><div class=\"is-card-hoyre\">\n\t<div class=\"teft-card hoyre-teft-card post-teft-card\">\n\t\t<a href=\"https:\/\/hoyre.no\/nes\/aktuelt\/harald-johansen-er-ordforerkandidat\/\" class=\"teft-card__primary-action\">\n\n\t\t\t\t\t<div class=\"teft-card__media teft-card__media--16-9\">\n\t\t\t\t\t\t<img loading=\"lazy\" decoding=\"async\" width=\"768\" height=\"432\" src=\"https:\/\/hoyre.no\/content\/uploads\/sites\/170\/2026\/03\/Nominasjonsmote-mars-2026-768x432.jpg\" class=\"attachment-medium_large size-medium_large\" alt=\"\" srcset=\"https:\/\/hoyre.no\/content\/uploads\/sites\/170\/2026\/03\/Nominasjonsmote-mars-2026-768x432.jpg 768w, https:\/\/hoyre.no\/content\/uploads\/sites\/170\/2026\/03\/Nominasjonsmote-mars-2026-300x169.jpg 300w, https:\/\/hoyre.no\/content\/uploads\/sites\/170\/2026\/03\/Nominasjonsmote-mars-2026-1024x577.jpg 1024w, https:\/\/hoyre.no\/content\/uploads\/sites\/170\/2026\/03\/Nominasjonsmote-mars-2026-1536x865.jpg 1536w, https:\/\/hoyre.no\/content\/uploads\/sites\/170\/2026\/03\/Nominasjonsmote-mars-2026.jpg 1918w\" sizes=\"auto, (max-width: 768px) 100vw, 768px\" \/>\t\t<\/div>\n\t\t\n\t\t\t<div class=\"teft-card__content-wrapper\">\n\t\t\t\t<div class=\"teft-card__secondary\">\n\t\t\t\t\t\n\t\t\t\t\t\t\t\t<div class=\"teft-card__meta\">\n\t\t\t\t\t\t\t\t\t<span class=\"post-date\">20. mar 2026<\/span>\n\n\t\t\t\t\t\t\t\t\t\t\t\t\t\t\t\t\t<\/div>\n\t\t\t\t\t\t\t\t\t\t\t<\/div>\n\n\t\t\t\t<div class=\"teft-card__primary\">\n\t\t\t\t\t<h2 class=\"teft-card__title\">Harald Johansen er ordf\u00f8rerkandidat&nbsp;<span class=\"teft-card__primary-title-append\"><\/span><\/h2>\t\t\t\t<\/div>\n\t\t\t<\/div>\n\t\t<\/a>\n\t<\/div>\n\n\t<\/div><div class=\"is-card-hoyre\">\n\t<div class=\"teft-card hoyre-teft-card post-teft-card\">\n\t\t<a href=\"https:\/\/hoyre.no\/nes\/aktuelt\/fritt-brukervalg-i-nes-kommune\/\" class=\"teft-card__primary-action\">\n\n\t\t\t\t\t<div class=\"teft-card__media teft-card__media--16-9\">\n\t\t\t\t\t\t<img loading=\"lazy\" decoding=\"async\" width=\"768\" height=\"455\" src=\"https:\/\/hoyre.no\/content\/uploads\/sites\/170\/2026\/03\/GettyImages-1142548992-768x455.jpg\" class=\"attachment-medium_large size-medium_large\" alt=\"\" srcset=\"https:\/\/hoyre.no\/content\/uploads\/sites\/170\/2026\/03\/GettyImages-1142548992-768x455.jpg 768w, https:\/\/hoyre.no\/content\/uploads\/sites\/170\/2026\/03\/GettyImages-1142548992-300x178.jpg 300w, https:\/\/hoyre.no\/content\/uploads\/sites\/170\/2026\/03\/GettyImages-1142548992-1024x606.jpg 1024w, https:\/\/hoyre.no\/content\/uploads\/sites\/170\/2026\/03\/GettyImages-1142548992-1536x909.jpg 1536w, https:\/\/hoyre.no\/content\/uploads\/sites\/170\/2026\/03\/GettyImages-1142548992-2048x1212.jpg 2048w\" sizes=\"auto, (max-width: 768px) 100vw, 768px\" \/>\t\t<\/div>\n\t\t\n\t\t\t<div class=\"teft-card__content-wrapper\">\n\t\t\t\t<div class=\"teft-card__secondary\">\n\t\t\t\t\t\n\t\t\t\t\t\t\t\t<div class=\"teft-card__meta\">\n\t\t\t\t\t\t\t\t\t<span class=\"post-date\">13. mar 2026<\/span>\n\n\t\t\t\t\t\t\t\t\t\t\t\t\t\t\t\t\t<\/div>\n\t\t\t\t\t\t\t\t\t\t\t<\/div>\n\n\t\t\t\t<div class=\"teft-card__primary\">\n\t\t\t\t\t<h2 class=\"teft-card__title\">Fritt brukervalg i Nes kommune&nbsp;<span class=\"teft-card__primary-title-append\"><\/span><\/h2>\t\t\t\t<\/div>\n\t\t\t<\/div>\n\t\t<\/a>\n\t<\/div>\n\n\t<\/div><\/div>\t<\/div>\n<\/div>\n","protected":false},"excerpt":{"rendered":"","protected":false},"author":17334,"featured_media":0,"comment_status":"closed","ping_status":"closed","sticky":false,"template":"","format":"standard","meta":{"teft_cards_image_url":"","teft_cards_custom_pretitle":"","teft_cards_image_id":0,"teft_cards_image_focal_point_x":0,"teft_cards_image_focal_point_y":0,"teft_cards_title":"","teft_cards_excerpt":"","teft_show_chapters":false,"author_display_name":"","footnotes":""},"category":[1],"post_tag":[],"hoyre-visibility":[],"article-type":[],"politician":[],"class_list":["post-459","post","type-post","status-publish","format-standard","hentry","category-ukategorisert"],"yoast_head":"<!-- This site is optimized with the Yoast SEO plugin v26.6 - https:\/\/yoast.com\/wordpress\/plugins\/seo\/ -->\n<title>Mulighet for kunnskapsinnhenting om fremtidig h\u00e5ndtering av atomavfall - Nes H\u00f8yre i Akershus<\/title>\n<meta name=\"robots\" content=\"index, follow, max-snippet:-1, max-image-preview:large, max-video-preview:-1\" \/>\n<link rel=\"canonical\" href=\"https:\/\/hoyre.no\/nes\/aktuelt\/mulighet-for-kunnskapsinnhenting-om-fremtidig-handtering-av-atomavfall\/\" \/>\n<meta property=\"og:locale\" content=\"nb_NO\" \/>\n<meta property=\"og:type\" content=\"article\" \/>\n<meta property=\"og:title\" content=\"Mulighet for kunnskapsinnhenting om fremtidig h\u00e5ndtering av atomavfall - Nes H\u00f8yre i Akershus\" \/>\n<meta property=\"og:url\" content=\"https:\/\/hoyre.no\/nes\/aktuelt\/mulighet-for-kunnskapsinnhenting-om-fremtidig-handtering-av-atomavfall\/\" \/>\n<meta property=\"og:site_name\" content=\"Nes H\u00f8yre i Akershus\" \/>\n<meta property=\"article:published_time\" content=\"2026-03-20T07:01:05+00:00\" \/>\n<meta property=\"og:image\" content=\"https:\/\/hoyre.no\/content\/uploads\/sites\/170\/2026\/03\/GettyImages-1142548992-1024x606.jpg\" \/>\n<meta name=\"author\" content=\"Nina Merete Ellingsen\" \/>\n<meta name=\"twitter:card\" content=\"summary_large_image\" \/>\n<meta name=\"twitter:label1\" content=\"Skrevet av\" \/>\n\t<meta name=\"twitter:data1\" content=\"Nina Merete Ellingsen\" \/>\n\t<meta name=\"twitter:label2\" content=\"Ansl. lesetid\" \/>\n\t<meta name=\"twitter:data2\" content=\"3 minutter\" \/>\n<script type=\"application\/ld+json\" class=\"yoast-schema-graph\">{\"@context\":\"https:\/\/schema.org\",\"@graph\":[{\"@type\":\"NewsArticle\",\"@id\":\"https:\/\/hoyre.no\/nes\/aktuelt\/mulighet-for-kunnskapsinnhenting-om-fremtidig-handtering-av-atomavfall\/\",\"url\":\"https:\/\/hoyre.no\/nes\/aktuelt\/mulighet-for-kunnskapsinnhenting-om-fremtidig-handtering-av-atomavfall\/\",\"name\":\"Mulighet for kunnskapsinnhenting om fremtidig h\u00e5ndtering av atomavfall - Nes H\u00f8yre i Akershus\",\"isPartOf\":{\"@id\":\"https:\/\/hoyre.no\/nes\/#website\"},\"datePublished\":\"2026-03-20T07:01:05+00:00\",\"author\":{\"@id\":\"https:\/\/hoyre.no\/nes\/#\/schema\/person\/206964e2f2f1f13ddeced1d79573934a\"},\"breadcrumb\":{\"@id\":\"https:\/\/hoyre.no\/nes\/aktuelt\/mulighet-for-kunnskapsinnhenting-om-fremtidig-handtering-av-atomavfall\/#breadcrumb\"},\"inLanguage\":\"nb-NO\",\"potentialAction\":[{\"@type\":\"ReadAction\",\"target\":[\"https:\/\/hoyre.no\/nes\/aktuelt\/mulighet-for-kunnskapsinnhenting-om-fremtidig-handtering-av-atomavfall\/\"]}]},{\"@type\":\"BreadcrumbList\",\"@id\":\"https:\/\/hoyre.no\/nes\/aktuelt\/mulighet-for-kunnskapsinnhenting-om-fremtidig-handtering-av-atomavfall\/#breadcrumb\",\"itemListElement\":[{\"@type\":\"ListItem\",\"position\":1,\"name\":\"Til hoyre.no\",\"item\":\"https:\/\/hoyre.no\"},{\"@type\":\"ListItem\",\"position\":2,\"name\":\"Hjem\",\"item\":\"https:\/\/hoyre.no\/nes\/\"},{\"@type\":\"ListItem\",\"position\":3,\"name\":\"Mulighet for kunnskapsinnhenting om fremtidig h\u00e5ndtering av atomavfall\"}]},{\"@type\":\"WebSite\",\"@id\":\"https:\/\/hoyre.no\/nes\/#website\",\"url\":\"https:\/\/hoyre.no\/nes\/\",\"name\":\"Nes H\u00f8yre i Akershus\",\"description\":\"Bare enda et H\u00f8yres nettsteder-nettsted\",\"inLanguage\":\"nb-NO\"},{\"@type\":\"Person\",\"@id\":\"https:\/\/hoyre.no\/nes\/#\/schema\/person\/206964e2f2f1f13ddeced1d79573934a\",\"name\":\"Nina Merete Ellingsen\",\"image\":{\"@type\":\"ImageObject\",\"inLanguage\":\"nb-NO\",\"@id\":\"https:\/\/hoyre.no\/nes\/#\/schema\/person\/image\/\",\"url\":\"https:\/\/secure.gravatar.com\/avatar\/69a8a747f5981237f6fefdfb9e5fc1efac63c5dfe485f43c11db3c5075b6a7f6?s=96&d=mm&r=g\",\"contentUrl\":\"https:\/\/secure.gravatar.com\/avatar\/69a8a747f5981237f6fefdfb9e5fc1efac63c5dfe485f43c11db3c5075b6a7f6?s=96&d=mm&r=g\",\"caption\":\"Nina Merete Ellingsen\"},\"url\":\"https:\/\/hoyre.no\/nes\/aktuelt\/author\/m50474899\/\"}]}<\/script>\n<!-- \/ Yoast SEO plugin. -->","yoast_head_json":{"title":"Mulighet for kunnskapsinnhenting om fremtidig h\u00e5ndtering av atomavfall - Nes H\u00f8yre i Akershus","robots":{"index":"index","follow":"follow","max-snippet":"max-snippet:-1","max-image-preview":"max-image-preview:large","max-video-preview":"max-video-preview:-1"},"canonical":"https:\/\/hoyre.no\/nes\/aktuelt\/mulighet-for-kunnskapsinnhenting-om-fremtidig-handtering-av-atomavfall\/","og_locale":"nb_NO","og_type":"article","og_title":"Mulighet for kunnskapsinnhenting om fremtidig h\u00e5ndtering av atomavfall - Nes H\u00f8yre i Akershus","og_url":"https:\/\/hoyre.no\/nes\/aktuelt\/mulighet-for-kunnskapsinnhenting-om-fremtidig-handtering-av-atomavfall\/","og_site_name":"Nes H\u00f8yre i Akershus","article_published_time":"2026-03-20T07:01:05+00:00","og_image":[{"url":"https:\/\/hoyre.no\/content\/uploads\/sites\/170\/2026\/03\/GettyImages-1142548992-1024x606.jpg","width":"","height":"","type":""}],"author":"Nina Merete Ellingsen","twitter_card":"summary_large_image","twitter_misc":{"Skrevet av":"Nina Merete Ellingsen","Ansl. lesetid":"3 minutter"},"schema":{"@context":"https:\/\/schema.org","@graph":[{"@type":"NewsArticle","@id":"https:\/\/hoyre.no\/nes\/aktuelt\/mulighet-for-kunnskapsinnhenting-om-fremtidig-handtering-av-atomavfall\/","url":"https:\/\/hoyre.no\/nes\/aktuelt\/mulighet-for-kunnskapsinnhenting-om-fremtidig-handtering-av-atomavfall\/","name":"Mulighet for kunnskapsinnhenting om fremtidig h\u00e5ndtering av atomavfall - Nes H\u00f8yre i Akershus","isPartOf":{"@id":"https:\/\/hoyre.no\/nes\/#website"},"datePublished":"2026-03-20T07:01:05+00:00","author":{"@id":"https:\/\/hoyre.no\/nes\/#\/schema\/person\/206964e2f2f1f13ddeced1d79573934a"},"breadcrumb":{"@id":"https:\/\/hoyre.no\/nes\/aktuelt\/mulighet-for-kunnskapsinnhenting-om-fremtidig-handtering-av-atomavfall\/#breadcrumb"},"inLanguage":"nb-NO","potentialAction":[{"@type":"ReadAction","target":["https:\/\/hoyre.no\/nes\/aktuelt\/mulighet-for-kunnskapsinnhenting-om-fremtidig-handtering-av-atomavfall\/"]}]},{"@type":"BreadcrumbList","@id":"https:\/\/hoyre.no\/nes\/aktuelt\/mulighet-for-kunnskapsinnhenting-om-fremtidig-handtering-av-atomavfall\/#breadcrumb","itemListElement":[{"@type":"ListItem","position":1,"name":"Til hoyre.no","item":"https:\/\/hoyre.no"},{"@type":"ListItem","position":2,"name":"Hjem","item":"https:\/\/hoyre.no\/nes\/"},{"@type":"ListItem","position":3,"name":"Mulighet for kunnskapsinnhenting om fremtidig h\u00e5ndtering av atomavfall"}]},{"@type":"WebSite","@id":"https:\/\/hoyre.no\/nes\/#website","url":"https:\/\/hoyre.no\/nes\/","name":"Nes H\u00f8yre i Akershus","description":"Bare enda et H\u00f8yres nettsteder-nettsted","inLanguage":"nb-NO"},{"@type":"Person","@id":"https:\/\/hoyre.no\/nes\/#\/schema\/person\/206964e2f2f1f13ddeced1d79573934a","name":"Nina Merete Ellingsen","image":{"@type":"ImageObject","inLanguage":"nb-NO","@id":"https:\/\/hoyre.no\/nes\/#\/schema\/person\/image\/","url":"https:\/\/secure.gravatar.com\/avatar\/69a8a747f5981237f6fefdfb9e5fc1efac63c5dfe485f43c11db3c5075b6a7f6?s=96&d=mm&r=g","contentUrl":"https:\/\/secure.gravatar.com\/avatar\/69a8a747f5981237f6fefdfb9e5fc1efac63c5dfe485f43c11db3c5075b6a7f6?s=96&d=mm&r=g","caption":"Nina Merete Ellingsen"},"url":"https:\/\/hoyre.no\/nes\/aktuelt\/author\/m50474899\/"}]}},"distributor_meta":false,"distributor_terms":false,"distributor_media":false,"distributor_original_site_name":"Nes H\u00f8yre i Akershus","distributor_original_site_url":"https:\/\/hoyre.no\/nes","push-errors":false,"_links":{"self":[{"href":"https:\/\/hoyre.no\/nes\/wp-json\/wp\/v2\/posts\/459","targetHints":{"allow":["GET"]}}],"collection":[{"href":"https:\/\/hoyre.no\/nes\/wp-json\/wp\/v2\/posts"}],"about":[{"href":"https:\/\/hoyre.no\/nes\/wp-json\/wp\/v2\/types\/post"}],"author":[{"embeddable":true,"href":"https:\/\/hoyre.no\/nes\/wp-json\/wp\/v2\/users\/17334"}],"replies":[{"embeddable":true,"href":"https:\/\/hoyre.no\/nes\/wp-json\/wp\/v2\/comments?post=459"}],"version-history":[{"count":1,"href":"https:\/\/hoyre.no\/nes\/wp-json\/wp\/v2\/posts\/459\/revisions"}],"predecessor-version":[{"id":460,"href":"https:\/\/hoyre.no\/nes\/wp-json\/wp\/v2\/posts\/459\/revisions\/460"}],"wp:attachment":[{"href":"https:\/\/hoyre.no\/nes\/wp-json\/wp\/v2\/media?parent=459"}],"wp:term":[{"taxonomy":"category","embeddable":true,"href":"https:\/\/hoyre.no\/nes\/wp-json\/wp\/v2\/category?post=459"},{"taxonomy":"post_tag","embeddable":true,"href":"https:\/\/hoyre.no\/nes\/wp-json\/wp\/v2\/post_tag?post=459"},{"taxonomy":"hoyre-visibility","embeddable":true,"href":"https:\/\/hoyre.no\/nes\/wp-json\/wp\/v2\/hoyre-visibility?post=459"},{"taxonomy":"article-type","embeddable":true,"href":"https:\/\/hoyre.no\/nes\/wp-json\/wp\/v2\/article-type?post=459"},{"taxonomy":"politician","embeddable":true,"href":"https:\/\/hoyre.no\/nes\/wp-json\/wp\/v2\/politician?post=459"}],"curies":[{"name":"wp","href":"https:\/\/api.w.org\/{rel}","templated":true}]}}