{"id":14,"date":"2019-09-04T22:00:00","date_gmt":"2019-09-04T20:00:00","guid":{"rendered":"https:\/\/hoyre.no\/nes-i-hallingdal\/aktuelt\/nes_kommunes_framtid\/"},"modified":"2019-09-04T22:00:00","modified_gmt":"2019-09-04T20:00:00","slug":"nes_kommunes_framtid","status":"publish","type":"post","link":"https:\/\/hoyre.no\/nesbyen\/aktuelt\/nes_kommunes_framtid\/","title":{"rendered":"Nes kommunes framtid"},"content":{"rendered":"<p class=\"preamble\">Valgkampen begynner \u00e5 n\u00e6rme seg slutten og heldigvis tenker sikkert noen. Vi i Nes H\u00f8yre har hatt en omfattende valgkamp med d\u00f8rbank p\u00e5 mer enn 500 d\u00f8rer, valgkampstand, debatter og leserinnlegg.<\/p>\t\t\t<div class=\"post-meta wp-block teft-byline-wrapper\">\n\t\t\t\t<div class=\"top\">\n\t\t\t\t\t<div class=\"signature\">\n\t\t\t\t\t\t<div class=\"teft-byline\">\n\t\t\t\t\t\t\t\t\t\t\t\t\t\t<div>\n\t\t\t\t\t\t\t\t<h3>H\u00f8yres redaksjon<\/h3>\t\t\t\t\t\t\t\t\n\t\t\t\t\t\t\t\t\t\t\t\t\t\t\t\t\t<span class=\"date\">Sist oppdatert: 4. september 2019<\/span>\n\t\t\t\t\t\t\t\t\t\t\t\t\t\t\t\t\t\t\t\t\t\t\t\t\t<span class=\"reading-time\" itemprop=\"timeRequired\" content=\"PT2M\"><em>Ca. 2 minutter lesetid<\/em><\/span>\n\t\t\t\t\t\t\t\t\t\t\t\t\t\t\t<\/div>\n\t\t\t\t\t\t<\/div>\n\t\t\t\t\t<\/div>\n\t\t\t\t\t\t<div class=\"sharing\">\n\t\t<a class=\"share-button share-link copy-link\" data-copy=\"https:\/\/hoyre.no\/nesbyen\/aktuelt\/nes_kommunes_framtid\/\" target=\"_blank\"><span class=\"screen-reader-text\">Del link<\/span><\/a>\n\t\t<a class=\"share-button share-twitter\" href=\"http:\/\/twitter.com\/share?text=Nes kommunes framtid&#038;url=https:\/\/hoyre.no\/nesbyen\/aktuelt\/nes_kommunes_framtid\/&#038;hashtags=Hoyre\" target=\"_blank\"><span class=\"screen-reader-text\">Del p\u00e5 twitter<\/span><\/a>\n\t\t<a class=\"share-button share-facebook\" href=\"https:\/\/www.facebook.com\/sharer\/sharer.php?u=https:\/\/hoyre.no\/nesbyen\/aktuelt\/nes_kommunes_framtid\/\" target=\"_blank\"><span class=\"screen-reader-text\">Del p\u00e5 facebook<\/span><\/a>\n\t<\/div>\n\t\t\t\t\t<\/div>\n\t\t\t<\/div>\n\n\t\t\t<figure class=\"hoyre-image-wrapper\"><div class=\"hoyre-image\"><img loading=\"lazy\" decoding=\"async\" width=\"2400\" height=\"1348\" src=\"https:\/\/hoyre.no\/content\/uploads\/sites\/171\/2020\/11\/dji_0197_2.jpg\" class=\"attachment-scaled size-scaled\" alt=\"\" style=\"object-position: 50% 50%\" srcset=\"https:\/\/hoyre.no\/content\/uploads\/sites\/171\/2020\/11\/dji_0197_2.jpg 2400w, https:\/\/hoyre.no\/content\/uploads\/sites\/171\/2020\/11\/dji_0197_2-300x169.jpg 300w, https:\/\/hoyre.no\/content\/uploads\/sites\/171\/2020\/11\/dji_0197_2-1024x575.jpg 1024w, https:\/\/hoyre.no\/content\/uploads\/sites\/171\/2020\/11\/dji_0197_2-768x431.jpg 768w, https:\/\/hoyre.no\/content\/uploads\/sites\/171\/2020\/11\/dji_0197_2-1536x863.jpg 1536w, https:\/\/hoyre.no\/content\/uploads\/sites\/171\/2020\/11\/dji_0197_2-2048x1150.jpg 2048w\" sizes=\"auto, (max-width: 2400px) 100vw, 2400px\" \/><\/div><\/figure><div id=\"hoyre-old-article-content-wrapper\"><p>Unisont er de aller fleste enige i at vi er veldig gode p\u00e5 kommunale tjenester s\u00e6rlig innen skole, idrett, kultur, helse og omsorg, men samtidig mener de fleste at noe m\u00e5 skje.<\/p><p>Oppsummert har innbyggerne i Nes har fortalt oss at vi skal fokusere p\u00e5 f\u00f8lgende:<br \/><\/p><div><p>\u2022 N\u00e5 m\u00e5 det skje noe: \u00abAlle\u00bb har fortalt oss at n\u00e5 m\u00e5 det skje noe i Nes. Det har st\u00e5tt stille litt for lenge s\u00e5 utvikling og vekst er en av de viktigste tingene vi m\u00e5 jobbe med.<\/p><p>\u2022 Sentrumsutvikling: Vi m\u00e5 lage en kortsiktig plan som raskt \u00abl\u00f8fter\u00bb inntrykket av sentrum. Vi m\u00e5 f\u00e5 lys i butikker i sentrum p\u00e5 kveldstid.<\/p><p>\u2022 Vegvedlikehold i hele kommunen: Vi m\u00e5 bli flinkere til \u00e5 vedlikeholde kommunale veger i hele kommunen noe vi har fors\u00f8mt i mange \u00e5r, dette m\u00e5 vi virkelig ta tak i.<\/p><p>\u2022 Skolene v\u00e5re: Kommunen bestilte tidligere i \u00e5r en rapport om barne- og ungdomsskolen og konklusjonen i rapporten er tydelig p\u00e5 at vi ikke skal sl\u00e5 sammen barne- og ungdomsskolen noe vi selvf\u00f8lgelig vil f\u00f8lge. Vi m\u00e5 vurdere om alle unger til og med 4.-klasse skal ha gratis skoleskyss uavhengig av avstand til skolen. Vi m\u00e5 vurdere skolepatrulje i Rukkedalsvegen slik at skoleveien blir trygg for alle.<\/p><p>\u2022 Boligtomter og areal for n\u00e6ringsutvikling og leiligheter:<\/p><p>Innbyggerne i Nes er opptatt av at vi m\u00e5 tilrettelegge for et bredere utvalg av boligtomter, slik at det blir lettere \u00e5 finne sin dr\u00f8mmetomt der man kan bygge hus. Vi m\u00e5 etablere sentrumsn\u00e6re omr\u00e5der der det kan bygges nye og moderne leiligheter i forskjellige prisklasser og areal for alle behov. Vi m\u00e5 jobbe for at det etableres nytt n\u00e6ringsliv innenfor dagens sentrum og vise hvor sentrum kan utvides, samtidig som vi ivaretar identiteten v\u00e5r, landsbyen i Hallingdal.<\/p><p>Men forutsetning for alt dette er at vi bruker kommunen sine penger p\u00e5 de rette tingene og at alle \u00abdrar i samme retning\u00bb. Derfor vil Nes H\u00f8yre etablere et godt samarbeidsklima i kommunestyret slik at fokus blir p\u00e5 framtiden og vekst, og ikke fortiden.<\/p><p>Da gjenst\u00e5r det bare \u00e5 \u00f8nske alle innbyggerne i en av Norges beste kommuner:<\/p><p><\/p><p><strong>Godt valg!<\/strong><\/p><\/div><\/div>\n<div class=\"tags\">\n\t<\/div>\n<div class=\"post-footer alignfull has-background block-editor-block-list__block\" data-align=full>\n\t<div class=\"post-footer-inner\">\n\t\t<h3>Relaterte artikler<\/h3>\n\t\t\t<\/div>\n<\/div>\n","protected":false},"excerpt":{"rendered":"","protected":false},"author":0,"featured_media":0,"comment_status":"closed","ping_status":"closed","sticky":false,"template":"","format":"standard","meta":{"teft_cards_image_url":"https:\/\/hoyre.no\/content\/uploads\/sites\/171\/2020\/11\/dji_0197_2.jpg","teft_cards_custom_pretitle":"","teft_cards_image_id":13,"teft_cards_image_focal_point_x":0,"teft_cards_image_focal_point_y":0,"teft_cards_title":"","teft_cards_excerpt":"","teft_show_chapters":false,"author_display_name":"B\u00e5rd Heio","footnotes":""},"category":[1],"post_tag":[],"hoyre-visibility":[],"article-type":[],"politician":[],"class_list":["post-14","post","type-post","status-publish","format-standard","hentry","category-ukategorisert"],"yoast_head":"<!-- This site is optimized with the Yoast SEO plugin v26.6 - https:\/\/yoast.com\/wordpress\/plugins\/seo\/ -->\n<title>Nes kommunes framtid - Nesbyen H\u00f8yre<\/title>\n<meta name=\"robots\" content=\"index, follow, max-snippet:-1, max-image-preview:large, max-video-preview:-1\" \/>\n<link rel=\"canonical\" href=\"https:\/\/hoyre.no\/nesbyen\/aktuelt\/nes_kommunes_framtid\/\" \/>\n<meta property=\"og:locale\" content=\"nb_NO\" \/>\n<meta property=\"og:type\" content=\"article\" \/>\n<meta property=\"og:title\" content=\"Nes kommunes framtid - Nesbyen H\u00f8yre\" \/>\n<meta property=\"og:url\" content=\"https:\/\/hoyre.no\/nesbyen\/aktuelt\/nes_kommunes_framtid\/\" \/>\n<meta property=\"og:site_name\" content=\"Nesbyen H\u00f8yre\" \/>\n<meta property=\"article:published_time\" content=\"2019-09-04T20:00:00+00:00\" \/>\n<meta property=\"og:image\" content=\"https:\/\/hoyre.no\/content\/uploads\/sites\/171\/2020\/11\/dji_0197_2-1024x575.jpg\" \/>\n<meta name=\"twitter:card\" content=\"summary_large_image\" \/>\n<meta name=\"twitter:label1\" content=\"Ansl. lesetid\" \/>\n\t<meta name=\"twitter:data1\" content=\"2 minutter\" \/>\n<script type=\"application\/ld+json\" class=\"yoast-schema-graph\">{\"@context\":\"https:\/\/schema.org\",\"@graph\":[{\"@type\":\"NewsArticle\",\"@id\":\"https:\/\/hoyre.no\/nesbyen\/aktuelt\/nes_kommunes_framtid\/\",\"url\":\"https:\/\/hoyre.no\/nesbyen\/aktuelt\/nes_kommunes_framtid\/\",\"name\":\"Nes kommunes framtid - Nesbyen H\u00f8yre\",\"isPartOf\":{\"@id\":\"https:\/\/hoyre.no\/nesbyen\/#website\"},\"datePublished\":\"2019-09-04T20:00:00+00:00\",\"author\":{\"@id\":\"\"},\"breadcrumb\":{\"@id\":\"https:\/\/hoyre.no\/nesbyen\/aktuelt\/nes_kommunes_framtid\/#breadcrumb\"},\"inLanguage\":\"nb-NO\",\"potentialAction\":[{\"@type\":\"ReadAction\",\"target\":[\"https:\/\/hoyre.no\/nesbyen\/aktuelt\/nes_kommunes_framtid\/\"]}]},{\"@type\":\"BreadcrumbList\",\"@id\":\"https:\/\/hoyre.no\/nesbyen\/aktuelt\/nes_kommunes_framtid\/#breadcrumb\",\"itemListElement\":[{\"@type\":\"ListItem\",\"position\":1,\"name\":\"Til hoyre.no\",\"item\":\"https:\/\/hoyre.no\"},{\"@type\":\"ListItem\",\"position\":2,\"name\":\"Hjem\",\"item\":\"https:\/\/hoyre.no\/nesbyen\/\"},{\"@type\":\"ListItem\",\"position\":3,\"name\":\"Nes kommunes framtid\"}]},{\"@type\":\"WebSite\",\"@id\":\"https:\/\/hoyre.no\/nesbyen\/#website\",\"url\":\"https:\/\/hoyre.no\/nesbyen\/\",\"name\":\"Nesbyen H\u00f8yre\",\"description\":\"Bare enda et H\u00f8yres nettsteder-nettsted\",\"inLanguage\":\"nb-NO\"}]}<\/script>\n<!-- \/ Yoast SEO plugin. -->","yoast_head_json":{"title":"Nes kommunes framtid - Nesbyen H\u00f8yre","robots":{"index":"index","follow":"follow","max-snippet":"max-snippet:-1","max-image-preview":"max-image-preview:large","max-video-preview":"max-video-preview:-1"},"canonical":"https:\/\/hoyre.no\/nesbyen\/aktuelt\/nes_kommunes_framtid\/","og_locale":"nb_NO","og_type":"article","og_title":"Nes kommunes framtid - Nesbyen H\u00f8yre","og_url":"https:\/\/hoyre.no\/nesbyen\/aktuelt\/nes_kommunes_framtid\/","og_site_name":"Nesbyen H\u00f8yre","article_published_time":"2019-09-04T20:00:00+00:00","og_image":[{"url":"https:\/\/hoyre.no\/content\/uploads\/sites\/171\/2020\/11\/dji_0197_2-1024x575.jpg","width":"","height":"","type":""}],"twitter_card":"summary_large_image","twitter_misc":{"Ansl. lesetid":"2 minutter"},"schema":{"@context":"https:\/\/schema.org","@graph":[{"@type":"NewsArticle","@id":"https:\/\/hoyre.no\/nesbyen\/aktuelt\/nes_kommunes_framtid\/","url":"https:\/\/hoyre.no\/nesbyen\/aktuelt\/nes_kommunes_framtid\/","name":"Nes kommunes framtid - Nesbyen H\u00f8yre","isPartOf":{"@id":"https:\/\/hoyre.no\/nesbyen\/#website"},"datePublished":"2019-09-04T20:00:00+00:00","author":{"@id":""},"breadcrumb":{"@id":"https:\/\/hoyre.no\/nesbyen\/aktuelt\/nes_kommunes_framtid\/#breadcrumb"},"inLanguage":"nb-NO","potentialAction":[{"@type":"ReadAction","target":["https:\/\/hoyre.no\/nesbyen\/aktuelt\/nes_kommunes_framtid\/"]}]},{"@type":"BreadcrumbList","@id":"https:\/\/hoyre.no\/nesbyen\/aktuelt\/nes_kommunes_framtid\/#breadcrumb","itemListElement":[{"@type":"ListItem","position":1,"name":"Til hoyre.no","item":"https:\/\/hoyre.no"},{"@type":"ListItem","position":2,"name":"Hjem","item":"https:\/\/hoyre.no\/nesbyen\/"},{"@type":"ListItem","position":3,"name":"Nes kommunes framtid"}]},{"@type":"WebSite","@id":"https:\/\/hoyre.no\/nesbyen\/#website","url":"https:\/\/hoyre.no\/nesbyen\/","name":"Nesbyen H\u00f8yre","description":"Bare enda et H\u00f8yres nettsteder-nettsted","inLanguage":"nb-NO"}]}},"distributor_meta":false,"distributor_terms":false,"distributor_media":false,"distributor_original_site_name":"Nesbyen H\u00f8yre","distributor_original_site_url":"https:\/\/hoyre.no\/nesbyen","push-errors":false,"_links":{"self":[{"href":"https:\/\/hoyre.no\/nesbyen\/wp-json\/wp\/v2\/posts\/14","targetHints":{"allow":["GET"]}}],"collection":[{"href":"https:\/\/hoyre.no\/nesbyen\/wp-json\/wp\/v2\/posts"}],"about":[{"href":"https:\/\/hoyre.no\/nesbyen\/wp-json\/wp\/v2\/types\/post"}],"replies":[{"embeddable":true,"href":"https:\/\/hoyre.no\/nesbyen\/wp-json\/wp\/v2\/comments?post=14"}],"version-history":[{"count":0,"href":"https:\/\/hoyre.no\/nesbyen\/wp-json\/wp\/v2\/posts\/14\/revisions"}],"wp:attachment":[{"href":"https:\/\/hoyre.no\/nesbyen\/wp-json\/wp\/v2\/media?parent=14"}],"wp:term":[{"taxonomy":"category","embeddable":true,"href":"https:\/\/hoyre.no\/nesbyen\/wp-json\/wp\/v2\/category?post=14"},{"taxonomy":"post_tag","embeddable":true,"href":"https:\/\/hoyre.no\/nesbyen\/wp-json\/wp\/v2\/post_tag?post=14"},{"taxonomy":"hoyre-visibility","embeddable":true,"href":"https:\/\/hoyre.no\/nesbyen\/wp-json\/wp\/v2\/hoyre-visibility?post=14"},{"taxonomy":"article-type","embeddable":true,"href":"https:\/\/hoyre.no\/nesbyen\/wp-json\/wp\/v2\/article-type?post=14"},{"taxonomy":"politician","embeddable":true,"href":"https:\/\/hoyre.no\/nesbyen\/wp-json\/wp\/v2\/politician?post=14"}],"curies":[{"name":"wp","href":"https:\/\/api.w.org\/{rel}","templated":true}]}}