{"id":1061,"date":"2024-05-23T14:56:47","date_gmt":"2024-05-23T12:56:47","guid":{"rendered":"https:\/\/hoyre.no\/nesodden\/?p=1061"},"modified":"2024-05-23T15:01:39","modified_gmt":"2024-05-23T13:01:39","slug":"hotell-pa-nesodden-ja-takk","status":"publish","type":"post","link":"https:\/\/hoyre.no\/nesodden\/aktuelt\/hotell-pa-nesodden-ja-takk\/","title":{"rendered":"Hotell p\u00e5 Nesodden? Ja, takk!"},"content":{"rendered":"\n<p class=\"preamble\">22. mai 2024 vedtok kommunestyret \u00e5 igangsette planlegging og regulering av et hotell p\u00e5 Nesoddtangen. Varaordf\u00f8rer Tage Slind Jensen skriver om den gledelige nyheten her. <\/p>\t\t\t<div class=\"post-meta wp-block teft-byline-wrapper\">\n\t\t\t\t<div class=\"top\">\n\t\t\t\t\t<div class=\"signature\">\n\t\t\t\t\t\t<div class=\"teft-byline\">\n\t\t\t\t\t\t\t\t\t\t\t\t\t\t<div>\n\t\t\t\t\t\t\t\t<h3>H\u00f8yres redaksjon<\/h3>\t\t\t\t\t\t\t\t\n\t\t\t\t\t\t\t\t\t\t\t\t\t\t\t\t\t<span class=\"date\">Sist oppdatert: 23. mai 2024<\/span>\n\t\t\t\t\t\t\t\t\t\t\t\t\t\t\t\t\t\t\t\t\t\t\t\t\t<span class=\"reading-time\" itemprop=\"timeRequired\" content=\"PT2M\"><em>Ca. 2 minutter lesetid<\/em><\/span>\n\t\t\t\t\t\t\t\t\t\t\t\t\t\t\t<\/div>\n\t\t\t\t\t\t<\/div>\n\t\t\t\t\t<\/div>\n\t\t\t\t\t\t<div class=\"sharing\">\n\t\t<a class=\"share-button share-link copy-link\" data-copy=\"https:\/\/hoyre.no\/nesodden\/aktuelt\/hotell-pa-nesodden-ja-takk\/\" target=\"_blank\"><span class=\"screen-reader-text\">Del link<\/span><\/a>\n\t\t<a class=\"share-button share-twitter\" href=\"http:\/\/twitter.com\/share?text=Hotell p\u00e5 Nesodden? Ja, takk!&#038;url=https:\/\/hoyre.no\/nesodden\/aktuelt\/hotell-pa-nesodden-ja-takk\/&#038;hashtags=Hoyre\" target=\"_blank\"><span class=\"screen-reader-text\">Del p\u00e5 twitter<\/span><\/a>\n\t\t<a class=\"share-button share-facebook\" href=\"https:\/\/www.facebook.com\/sharer\/sharer.php?u=https:\/\/hoyre.no\/nesodden\/aktuelt\/hotell-pa-nesodden-ja-takk\/\" target=\"_blank\"><span class=\"screen-reader-text\">Del p\u00e5 facebook<\/span><\/a>\n\t<\/div>\n\t\t\t\t\t<\/div>\n\t\t\t<\/div>\n\n\t\t\t<figure class=\"hoyre-image-wrapper\"><div class=\"hoyre-image\"><img loading=\"lazy\" decoding=\"async\" width=\"2500\" height=\"1670\" src=\"https:\/\/hoyre.no\/content\/uploads\/sites\/172\/2022\/09\/DSC04446-scaled.jpg\" class=\"attachment-scaled size-scaled\" alt=\"\" style=\"object-position: 50% 50%\" srcset=\"https:\/\/hoyre.no\/content\/uploads\/sites\/172\/2022\/09\/DSC04446-scaled.jpg 2500w, https:\/\/hoyre.no\/content\/uploads\/sites\/172\/2022\/09\/DSC04446-300x200.jpg 300w, https:\/\/hoyre.no\/content\/uploads\/sites\/172\/2022\/09\/DSC04446-1024x684.jpg 1024w, https:\/\/hoyre.no\/content\/uploads\/sites\/172\/2022\/09\/DSC04446-768x513.jpg 768w, https:\/\/hoyre.no\/content\/uploads\/sites\/172\/2022\/09\/DSC04446-1536x1026.jpg 1536w, https:\/\/hoyre.no\/content\/uploads\/sites\/172\/2022\/09\/DSC04446-2048x1368.jpg 2048w\" sizes=\"auto, (max-width: 2500px) 100vw, 2500px\" \/><\/div><figcaption class=\"caption\">&#8211; Nesoddtangen er Nesoddens indrefilet og har et stort utviklingspotensial, skriver Tage Slind Jensen. <strong>Foto:<\/strong> Elias Rasch \/ Rasch Produksjon.<\/figcaption><\/figure>\n\n\n\n\n<p>De neste \u00e5rene skal Nesodden kommune gj\u00f8re flere n\u00f8dvendige og store investeringer i skolebygg og sykehjem. Det kom mange \u00f8nsker og innspill fra innbyggerne da investeringskabalen skulle legges tilbake i 2021. Flere \u00f8nsket seg blant annet sv\u00f8mmebasseng og kulturhus, hvilket man dessverre ikke fant plass til. Heldigvis finnes det flere veier til m\u00e5l. Et hotell p\u00e5 Nesodden vil dekke flere behov og mange av innbyggernes \u00f8nsker.<\/p>\n\n\n\n<p>I forrige periode unders\u00f8kte kommunen om det finnes kommersiell interesse for \u00e5 etablere et hotell p\u00e5 Nesodden, og resultatet var gledelig: Flere akt\u00f8rer vil melde interesse om kommunen begynner \u00e5 tilrettelegge for et hotell! Interessen er, ikke overraskende, st\u00f8rst p\u00e5 Nesoddtangen, hvor vi hadde hotell i gamledager. Denne tomten er Nesoddens indrefilet og har et stort utviklingspotensial. N\u00e5 som kommunen har overtatt Hestel\u00f8kka p\u00e5 vestsiden av Nesoddtangen, og kyststien skal \u00e5pnes p\u00e5 \u00f8stsiden, m\u00e5 vi s\u00f8rge for en helhetlig og god utnyttelse av hele omr\u00e5det \u2013 med hotell.<\/p>\n\n\n\n<p>Det er en kjent utfordring at Nesodden mangler et overnattingstilbud. Dette rammer b\u00e5de p\u00e5r\u00f8rende til pasienter p\u00e5 Sunnaas sykehus og nesoddinger som skal avholde st\u00f8rre arrangementer og selskap. Det er synd at disse m\u00e5 reise ut av kommunen for \u00e5 finne et slikt tilbud.<\/p>\n\n\n\n<p>Et st\u00f8rre hotell vil i tillegg kunne tilby scene- og konferansefasiliteter. Dette erstatter s\u00e5 klart ikke et kulturhus, men kan fungere som en god substitutt. Det er ogs\u00e5 mulig \u00e5 realisere et basseng, noe kommunen v\u00e5r s\u00e5rt trenger. Et hotell med disse fasilitetene og tilbudene vil v\u00e6re attraktivt for folk, n\u00e6ringsliv og organisasjoner i hele Osloregionen, og bidra til at det legges igjen penger i kommunen v\u00e5r.<\/p>\n\n\n\n<p>Et hotell vil ogs\u00e5 medf\u00f8re flere lokale arbeidsplasser, hvilket Nesodden ogs\u00e5 har et stort behov for. Mange av disse vil v\u00e6re godt tilpasset unge, og dermed bidra til \u00e5 gi dem viktig arbeidserfaring.<\/p>\n\n\n\n<p>Kommunen skal imidlertid hverken bygge eller drifte hotellet. V\u00e5r jobb er \u00e5 tilrettelegge og regulere omr\u00e5det. 22. mai tok kommunestyret et viktig f\u00f8rste skritt, ved \u00e5 vedta at det skal igangsettes planlegging og regulering av et hotell p\u00e5 Nesoddtangen.<\/p>\n\n\n\n<p>Nesodden trenger en storstue. Jeg h\u00e5per at det f\u00f8rste spadetaket blir satt i jorden i l\u00f8pet av denne perioden!<\/p>\n\n\n<div class=\"tags\">\n\t<\/div>\n<div class=\"post-footer alignfull has-background block-editor-block-list__block\" data-align=full>\n\t<div class=\"post-footer-inner\">\n\t\t<h3>Relaterte artikler<\/h3>\n\t\t<div class=\"related-content\"><div class=\"is-card-hoyre\">\n\t<div class=\"teft-card hoyre-teft-card post-teft-card\">\n\t\t<a href=\"https:\/\/hoyre.no\/nesodden\/aktuelt\/pa-tide-a-oppheve-byggeforbudet-pa-nordstrand-og-dalbo\/\" class=\"teft-card__primary-action\">\n\n\t\t\t\t\t<div class=\"teft-card__media teft-card__media--16-9\">\n\t\t\t\t\t\t<img loading=\"lazy\" decoding=\"async\" width=\"768\" height=\"512\" src=\"https:\/\/hoyre.no\/content\/uploads\/sites\/172\/2026\/04\/IMG_1386-768x512.jpg\" class=\"attachment-medium_large size-medium_large\" alt=\"Tage Slind Jensen\" srcset=\"https:\/\/hoyre.no\/content\/uploads\/sites\/172\/2026\/04\/IMG_1386-768x512.jpg 768w, https:\/\/hoyre.no\/content\/uploads\/sites\/172\/2026\/04\/IMG_1386-300x200.jpg 300w, https:\/\/hoyre.no\/content\/uploads\/sites\/172\/2026\/04\/IMG_1386-1024x683.jpg 1024w, https:\/\/hoyre.no\/content\/uploads\/sites\/172\/2026\/04\/IMG_1386-1536x1024.jpg 1536w, https:\/\/hoyre.no\/content\/uploads\/sites\/172\/2026\/04\/IMG_1386-2048x1365.jpg 2048w\" sizes=\"auto, (max-width: 768px) 100vw, 768px\" \/>\t\t<\/div>\n\t\t\n\t\t\t<div class=\"teft-card__content-wrapper\">\n\t\t\t\t<div class=\"teft-card__secondary\">\n\t\t\t\t\t\n\t\t\t\t\t\t\t\t<div class=\"teft-card__meta\">\n\t\t\t\t\t\t\t\t\t<span class=\"post-date\">26. apr 2026<\/span>\n\n\t\t\t\t\t\t\t\t\t<span class=\"post-category\">Vil endre omr\u00e5deplan:<\/span>\t\t\t\t\t\t\t\t<\/div>\n\t\t\t\t\t\t\t\t\t\t\t<\/div>\n\n\t\t\t\t<div class=\"teft-card__primary\">\n\t\t\t\t\t<h2 class=\"teft-card__title\">P\u00e5 tide \u00e5 oppheve \u00abbyggeforbudet\u00bb p\u00e5 Nordstrand og Dalbo!&nbsp;<span class=\"teft-card__primary-title-append\"><\/span><\/h2>\t\t\t\t<\/div>\n\t\t\t<\/div>\n\t\t<\/a>\n\t<\/div>\n\n\t<\/div><div class=\"is-card-hoyre\">\n\t<div class=\"teft-card hoyre-teft-card post-teft-card\">\n\t\t<a href=\"https:\/\/hoyre.no\/nesodden\/aktuelt\/na-skal-vi-ta-ordforerklubba-tilbake\/\" class=\"teft-card__primary-action\">\n\n\t\t\t\t\t<div class=\"teft-card__media teft-card__media--16-9\">\n\t\t\t\t\t\t<img loading=\"lazy\" decoding=\"async\" width=\"768\" height=\"512\" src=\"https:\/\/hoyre.no\/content\/uploads\/sites\/172\/2026\/04\/IMG_1216-2-768x512.jpg\" class=\"attachment-medium_large size-medium_large\" alt=\"Tage og Linda tidlignominasjon\" srcset=\"https:\/\/hoyre.no\/content\/uploads\/sites\/172\/2026\/04\/IMG_1216-2-768x512.jpg 768w, https:\/\/hoyre.no\/content\/uploads\/sites\/172\/2026\/04\/IMG_1216-2-300x200.jpg 300w, https:\/\/hoyre.no\/content\/uploads\/sites\/172\/2026\/04\/IMG_1216-2-1024x683.jpg 1024w, https:\/\/hoyre.no\/content\/uploads\/sites\/172\/2026\/04\/IMG_1216-2-1536x1024.jpg 1536w, https:\/\/hoyre.no\/content\/uploads\/sites\/172\/2026\/04\/IMG_1216-2-2048x1365.jpg 2048w\" sizes=\"auto, (max-width: 768px) 100vw, 768px\" \/>\t\t<\/div>\n\t\t\n\t\t\t<div class=\"teft-card__content-wrapper\">\n\t\t\t\t<div class=\"teft-card__secondary\">\n\t\t\t\t\t\n\t\t\t\t\t\t\t\t<div class=\"teft-card__meta\">\n\t\t\t\t\t\t\t\t\t<span class=\"post-date\">17. apr 2026<\/span>\n\n\t\t\t\t\t\t\t\t\t<span class=\"post-category\">Tage og Linda topper laget:<\/span>\t\t\t\t\t\t\t\t<\/div>\n\t\t\t\t\t\t\t\t\t\t\t<\/div>\n\n\t\t\t\t<div class=\"teft-card__primary\">\n\t\t\t\t\t<h2 class=\"teft-card__title\">\u2013 N\u00e5 skal vi ta ordf\u00f8rerklubba tilbake!&nbsp;<span class=\"teft-card__primary-title-append\"><\/span><\/h2>\t\t\t\t<\/div>\n\t\t\t<\/div>\n\t\t<\/a>\n\t<\/div>\n\n\t<\/div><div class=\"is-card-hoyre\">\n\t<div class=\"teft-card hoyre-teft-card post-teft-card\">\n\t\t<a href=\"https:\/\/hoyre.no\/nesodden\/aktuelt\/gode-nyheter-for-pendlerne-takket-vaere-godt-samarbeid\/\" class=\"teft-card__primary-action\">\n\n\t\t\t\t\t<div class=\"teft-card__media teft-card__media--16-9\">\n\t\t\t\t\t\t<img loading=\"lazy\" decoding=\"async\" width=\"768\" height=\"513\" src=\"https:\/\/hoyre.no\/content\/uploads\/sites\/172\/2022\/11\/DSC04803-4-768x513.jpg\" class=\"attachment-medium_large size-medium_large\" alt=\"Foto av Trude T. Evensen\" srcset=\"https:\/\/hoyre.no\/content\/uploads\/sites\/172\/2022\/11\/DSC04803-4-768x513.jpg 768w, https:\/\/hoyre.no\/content\/uploads\/sites\/172\/2022\/11\/DSC04803-4-300x200.jpg 300w, https:\/\/hoyre.no\/content\/uploads\/sites\/172\/2022\/11\/DSC04803-4-1024x684.jpg 1024w, https:\/\/hoyre.no\/content\/uploads\/sites\/172\/2022\/11\/DSC04803-4-1536x1026.jpg 1536w, https:\/\/hoyre.no\/content\/uploads\/sites\/172\/2022\/11\/DSC04803-4-2048x1368.jpg 2048w\" sizes=\"auto, (max-width: 768px) 100vw, 768px\" \/>\t\t<\/div>\n\t\t\n\t\t\t<div class=\"teft-card__content-wrapper\">\n\t\t\t\t<div class=\"teft-card__secondary\">\n\t\t\t\t\t\n\t\t\t\t\t\t\t\t<div class=\"teft-card__meta\">\n\t\t\t\t\t\t\t\t\t<span class=\"post-date\">21. mar 2026<\/span>\n\n\t\t\t\t\t\t\t\t\t<span class=\"post-category\">Avviser Ap-kritikk:<\/span>\t\t\t\t\t\t\t\t<\/div>\n\t\t\t\t\t\t\t\t\t\t\t<\/div>\n\n\t\t\t\t<div class=\"teft-card__primary\">\n\t\t\t\t\t<h2 class=\"teft-card__title\">Gode nyheter for pendlerne \u2013 takket v\u00e6re godt samarbeid&nbsp;<span class=\"teft-card__primary-title-append\"><\/span><\/h2>\t\t\t\t<\/div>\n\t\t\t<\/div>\n\t\t<\/a>\n\t<\/div>\n\n\t<\/div><\/div>\t<\/div>\n<\/div>\n","protected":false},"excerpt":{"rendered":"","protected":false},"author":11570,"featured_media":0,"comment_status":"closed","ping_status":"closed","sticky":false,"template":"","format":"standard","meta":{"teft_cards_image_url":"","teft_cards_custom_pretitle":"","teft_cards_image_id":1021,"teft_cards_image_focal_point_x":0.5,"teft_cards_image_focal_point_y":0.5,"teft_cards_title":"Hotell p\u00e5 Nesodden? Ja, takk!","teft_cards_excerpt":"- Jeg h\u00e5per at det f\u00f8rste spadetaket blir satt i jorden i l\u00f8pet av denne perioden!","teft_show_chapters":false,"author_display_name":"Tage Slind Jensen","footnotes":""},"category":[1],"post_tag":[],"hoyre-visibility":[],"article-type":[],"politician":[],"class_list":["post-1061","post","type-post","status-publish","format-standard","hentry","category-nyheter"],"yoast_head":"<!-- This site is optimized with the Yoast SEO plugin v26.6 - https:\/\/yoast.com\/wordpress\/plugins\/seo\/ -->\n<title>Hotell p\u00e5 Nesodden? Ja, takk! - Nesodden H\u00f8yre<\/title>\n<meta name=\"robots\" content=\"index, follow, max-snippet:-1, max-image-preview:large, max-video-preview:-1\" \/>\n<link rel=\"canonical\" href=\"https:\/\/hoyre.no\/nesodden\/aktuelt\/hotell-pa-nesodden-ja-takk\/\" \/>\n<meta property=\"og:locale\" content=\"nb_NO\" \/>\n<meta property=\"og:type\" content=\"article\" \/>\n<meta property=\"og:title\" content=\"Hotell p\u00e5 Nesodden? Ja, takk!\" \/>\n<meta property=\"og:description\" content=\"- Nesodden trenger en storstue, skriver varaordf\u00f8rer Tage Slind Jensen.\" \/>\n<meta property=\"og:url\" content=\"https:\/\/hoyre.no\/nesodden\/aktuelt\/hotell-pa-nesodden-ja-takk\/\" \/>\n<meta property=\"og:site_name\" content=\"Nesodden H\u00f8yre\" \/>\n<meta property=\"article:published_time\" content=\"2024-05-23T12:56:47+00:00\" \/>\n<meta property=\"article:modified_time\" content=\"2024-05-23T13:01:39+00:00\" \/>\n<meta property=\"og:image\" content=\"https:\/\/hoyre.no\/content\/uploads\/sites\/172\/2022\/11\/DSC04803-4-1024x684.jpg\" \/>\n<meta name=\"author\" content=\"Tage Slind Jensen\" \/>\n<meta name=\"twitter:card\" content=\"summary_large_image\" \/>\n<meta name=\"twitter:label1\" content=\"Skrevet av\" \/>\n\t<meta name=\"twitter:data1\" content=\"Tage Slind Jensen\" \/>\n\t<meta name=\"twitter:label2\" content=\"Ansl. lesetid\" \/>\n\t<meta name=\"twitter:data2\" content=\"3 minutter\" \/>\n<script type=\"application\/ld+json\" class=\"yoast-schema-graph\">{\"@context\":\"https:\/\/schema.org\",\"@graph\":[{\"@type\":\"NewsArticle\",\"@id\":\"https:\/\/hoyre.no\/nesodden\/aktuelt\/hotell-pa-nesodden-ja-takk\/\",\"url\":\"https:\/\/hoyre.no\/nesodden\/aktuelt\/hotell-pa-nesodden-ja-takk\/\",\"name\":\"Hotell p\u00e5 Nesodden? Ja, takk! - Nesodden H\u00f8yre\",\"isPartOf\":{\"@id\":\"https:\/\/hoyre.no\/nesodden\/#website\"},\"datePublished\":\"2024-05-23T12:56:47+00:00\",\"dateModified\":\"2024-05-23T13:01:39+00:00\",\"author\":{\"@id\":\"https:\/\/hoyre.no\/nesodden\/#\/schema\/person\/7b9b960167d3690f360a02c9729e2ce9\"},\"breadcrumb\":{\"@id\":\"https:\/\/hoyre.no\/nesodden\/aktuelt\/hotell-pa-nesodden-ja-takk\/#breadcrumb\"},\"inLanguage\":\"nb-NO\",\"potentialAction\":[{\"@type\":\"ReadAction\",\"target\":[\"https:\/\/hoyre.no\/nesodden\/aktuelt\/hotell-pa-nesodden-ja-takk\/\"]}]},{\"@type\":\"BreadcrumbList\",\"@id\":\"https:\/\/hoyre.no\/nesodden\/aktuelt\/hotell-pa-nesodden-ja-takk\/#breadcrumb\",\"itemListElement\":[{\"@type\":\"ListItem\",\"position\":1,\"name\":\"Til hoyre.no\",\"item\":\"https:\/\/hoyre.no\"},{\"@type\":\"ListItem\",\"position\":2,\"name\":\"Hjem\",\"item\":\"https:\/\/hoyre.no\/nesodden\/\"},{\"@type\":\"ListItem\",\"position\":3,\"name\":\"Hotell p\u00e5 Nesodden? Ja, takk!\"}]},{\"@type\":\"WebSite\",\"@id\":\"https:\/\/hoyre.no\/nesodden\/#website\",\"url\":\"https:\/\/hoyre.no\/nesodden\/\",\"name\":\"Nesodden H\u00f8yre\",\"description\":\"Bare enda et H\u00f8yres nettsteder-nettsted\",\"inLanguage\":\"nb-NO\"},{\"@type\":\"Person\",\"@id\":\"https:\/\/hoyre.no\/nesodden\/#\/schema\/person\/7b9b960167d3690f360a02c9729e2ce9\",\"name\":\"Tage Slind Jensen\",\"image\":{\"@type\":\"ImageObject\",\"inLanguage\":\"nb-NO\",\"@id\":\"https:\/\/hoyre.no\/nesodden\/#\/schema\/person\/image\/\",\"url\":\"https:\/\/secure.gravatar.com\/avatar\/7ff31022bcc5422617c2eee5bc8183344803dba60c147897cfc83a88a4e2441d?s=96&d=mm&r=g\",\"contentUrl\":\"https:\/\/secure.gravatar.com\/avatar\/7ff31022bcc5422617c2eee5bc8183344803dba60c147897cfc83a88a4e2441d?s=96&d=mm&r=g\",\"caption\":\"Tage Slind Jensen\"},\"url\":\"https:\/\/hoyre.no\/nesodden\/aktuelt\/author\/m51895688\/\"}]}<\/script>\n<!-- \/ Yoast SEO plugin. -->","yoast_head_json":{"title":"Hotell p\u00e5 Nesodden? Ja, takk! - Nesodden H\u00f8yre","robots":{"index":"index","follow":"follow","max-snippet":"max-snippet:-1","max-image-preview":"max-image-preview:large","max-video-preview":"max-video-preview:-1"},"canonical":"https:\/\/hoyre.no\/nesodden\/aktuelt\/hotell-pa-nesodden-ja-takk\/","og_locale":"nb_NO","og_type":"article","og_title":"Hotell p\u00e5 Nesodden? Ja, takk!","og_description":"- Nesodden trenger en storstue, skriver varaordf\u00f8rer Tage Slind Jensen.","og_url":"https:\/\/hoyre.no\/nesodden\/aktuelt\/hotell-pa-nesodden-ja-takk\/","og_site_name":"Nesodden H\u00f8yre","article_published_time":"2024-05-23T12:56:47+00:00","article_modified_time":"2024-05-23T13:01:39+00:00","og_image":[{"url":"https:\/\/hoyre.no\/content\/uploads\/sites\/172\/2022\/11\/DSC04803-4-1024x684.jpg","width":"","height":"","type":""}],"author":"Tage Slind Jensen","twitter_card":"summary_large_image","twitter_misc":{"Skrevet av":"Tage Slind Jensen","Ansl. lesetid":"3 minutter"},"schema":{"@context":"https:\/\/schema.org","@graph":[{"@type":"NewsArticle","@id":"https:\/\/hoyre.no\/nesodden\/aktuelt\/hotell-pa-nesodden-ja-takk\/","url":"https:\/\/hoyre.no\/nesodden\/aktuelt\/hotell-pa-nesodden-ja-takk\/","name":"Hotell p\u00e5 Nesodden? Ja, takk! - Nesodden H\u00f8yre","isPartOf":{"@id":"https:\/\/hoyre.no\/nesodden\/#website"},"datePublished":"2024-05-23T12:56:47+00:00","dateModified":"2024-05-23T13:01:39+00:00","author":{"@id":"https:\/\/hoyre.no\/nesodden\/#\/schema\/person\/7b9b960167d3690f360a02c9729e2ce9"},"breadcrumb":{"@id":"https:\/\/hoyre.no\/nesodden\/aktuelt\/hotell-pa-nesodden-ja-takk\/#breadcrumb"},"inLanguage":"nb-NO","potentialAction":[{"@type":"ReadAction","target":["https:\/\/hoyre.no\/nesodden\/aktuelt\/hotell-pa-nesodden-ja-takk\/"]}]},{"@type":"BreadcrumbList","@id":"https:\/\/hoyre.no\/nesodden\/aktuelt\/hotell-pa-nesodden-ja-takk\/#breadcrumb","itemListElement":[{"@type":"ListItem","position":1,"name":"Til hoyre.no","item":"https:\/\/hoyre.no"},{"@type":"ListItem","position":2,"name":"Hjem","item":"https:\/\/hoyre.no\/nesodden\/"},{"@type":"ListItem","position":3,"name":"Hotell p\u00e5 Nesodden? Ja, takk!"}]},{"@type":"WebSite","@id":"https:\/\/hoyre.no\/nesodden\/#website","url":"https:\/\/hoyre.no\/nesodden\/","name":"Nesodden H\u00f8yre","description":"Bare enda et H\u00f8yres nettsteder-nettsted","inLanguage":"nb-NO"},{"@type":"Person","@id":"https:\/\/hoyre.no\/nesodden\/#\/schema\/person\/7b9b960167d3690f360a02c9729e2ce9","name":"Tage Slind Jensen","image":{"@type":"ImageObject","inLanguage":"nb-NO","@id":"https:\/\/hoyre.no\/nesodden\/#\/schema\/person\/image\/","url":"https:\/\/secure.gravatar.com\/avatar\/7ff31022bcc5422617c2eee5bc8183344803dba60c147897cfc83a88a4e2441d?s=96&d=mm&r=g","contentUrl":"https:\/\/secure.gravatar.com\/avatar\/7ff31022bcc5422617c2eee5bc8183344803dba60c147897cfc83a88a4e2441d?s=96&d=mm&r=g","caption":"Tage Slind Jensen"},"url":"https:\/\/hoyre.no\/nesodden\/aktuelt\/author\/m51895688\/"}]}},"distributor_meta":false,"distributor_terms":false,"distributor_media":false,"distributor_original_site_name":"Nesodden H\u00f8yre","distributor_original_site_url":"https:\/\/hoyre.no\/nesodden","push-errors":false,"_links":{"self":[{"href":"https:\/\/hoyre.no\/nesodden\/wp-json\/wp\/v2\/posts\/1061","targetHints":{"allow":["GET"]}}],"collection":[{"href":"https:\/\/hoyre.no\/nesodden\/wp-json\/wp\/v2\/posts"}],"about":[{"href":"https:\/\/hoyre.no\/nesodden\/wp-json\/wp\/v2\/types\/post"}],"author":[{"embeddable":true,"href":"https:\/\/hoyre.no\/nesodden\/wp-json\/wp\/v2\/users\/11570"}],"replies":[{"embeddable":true,"href":"https:\/\/hoyre.no\/nesodden\/wp-json\/wp\/v2\/comments?post=1061"}],"version-history":[{"count":2,"href":"https:\/\/hoyre.no\/nesodden\/wp-json\/wp\/v2\/posts\/1061\/revisions"}],"predecessor-version":[{"id":1064,"href":"https:\/\/hoyre.no\/nesodden\/wp-json\/wp\/v2\/posts\/1061\/revisions\/1064"}],"wp:attachment":[{"href":"https:\/\/hoyre.no\/nesodden\/wp-json\/wp\/v2\/media?parent=1061"}],"wp:term":[{"taxonomy":"category","embeddable":true,"href":"https:\/\/hoyre.no\/nesodden\/wp-json\/wp\/v2\/category?post=1061"},{"taxonomy":"post_tag","embeddable":true,"href":"https:\/\/hoyre.no\/nesodden\/wp-json\/wp\/v2\/post_tag?post=1061"},{"taxonomy":"hoyre-visibility","embeddable":true,"href":"https:\/\/hoyre.no\/nesodden\/wp-json\/wp\/v2\/hoyre-visibility?post=1061"},{"taxonomy":"article-type","embeddable":true,"href":"https:\/\/hoyre.no\/nesodden\/wp-json\/wp\/v2\/article-type?post=1061"},{"taxonomy":"politician","embeddable":true,"href":"https:\/\/hoyre.no\/nesodden\/wp-json\/wp\/v2\/politician?post=1061"}],"curies":[{"name":"wp","href":"https:\/\/api.w.org\/{rel}","templated":true}]}}