{"id":1524,"date":"2026-04-26T20:46:32","date_gmt":"2026-04-26T18:46:32","guid":{"rendered":"https:\/\/hoyre.no\/nesodden\/?p=1524"},"modified":"2026-04-27T10:16:13","modified_gmt":"2026-04-27T08:16:13","slug":"pa-tide-a-oppheve-byggeforbudet-pa-nordstrand-og-dalbo","status":"publish","type":"post","link":"https:\/\/hoyre.no\/nesodden\/aktuelt\/pa-tide-a-oppheve-byggeforbudet-pa-nordstrand-og-dalbo\/","title":{"rendered":"P\u00e5 tide \u00e5 oppheve \u00abbyggeforbudet\u00bb p\u00e5 Nordstrand og Dalbo!"},"content":{"rendered":"\n<p class=\"preamble\">I dette innlegget skriver Tage Slind Jensen om behovet for mer omfattende endringer i omr\u00e5deplanen for Nordstrand og Dalbo.<\/p>\t\t\t<div class=\"post-meta wp-block teft-byline-wrapper\">\n\t\t\t\t<div class=\"top\">\n\t\t\t\t\t<div class=\"signature\">\n\t\t\t\t\t\t<div class=\"teft-byline\">\n\t\t\t\t\t\t\t<div class=\"teft-card__media circle-crop\"><img decoding=\"async\" loading=\"lazy\" width=\"500\" height=\"500\" src=\"https:\/\/res.cloudinary.com\/hoyre\/image\/upload\/c_thumb,g_face:center,h_500,w_500,d_defaultprofileimg3.jpg,fl_lossy,f_auto\/w_500\/v20230420\/51895688.jpg\" style=\"background-position:50% 50%;\" alt=\"Tage Slind Jensen\" \/><\/div>\t\t\t\t\t\t\t<div>\n\t\t\t\t\t\t\t\t<h3><a href=\"https:\/\/hoyre.no\/personprofiler\/tage-slind-jensen\/\">Tage Slind Jensen<\/a><\/h3>\t\t\t\t\t\t\t\t\t\t\t\t\t\t\t\t\t<span class=\"position\">Varaordf\u00f8rer Nesodden<\/span>\n\t\t\t\t\t\t\t\t\n\t\t\t\t\t\t\t\t\t\t\t\t\t\t\t\t\t<span class=\"date\">Sist oppdatert: 27. april 2026<\/span>\n\t\t\t\t\t\t\t\t\t\t\t\t\t\t\t\t\t\t\t\t\t\t\t\t\t<span class=\"reading-time\" itemprop=\"timeRequired\" content=\"PT3M\"><em>Ca. 3 minutter lesetid<\/em><\/span>\n\t\t\t\t\t\t\t\t\t\t\t\t\t\t\t<\/div>\n\t\t\t\t\t\t<\/div>\n\t\t\t\t\t<\/div>\n\t\t\t\t\t\t<div class=\"sharing\">\n\t\t<a class=\"share-button share-link copy-link\" data-copy=\"https:\/\/hoyre.no\/nesodden\/aktuelt\/pa-tide-a-oppheve-byggeforbudet-pa-nordstrand-og-dalbo\/\" target=\"_blank\"><span class=\"screen-reader-text\">Del link<\/span><\/a>\n\t\t<a class=\"share-button share-twitter\" href=\"http:\/\/twitter.com\/share?text=P\u00e5 tide \u00e5 oppheve \u00abbyggeforbudet\u00bb p\u00e5 Nordstrand og Dalbo!&#038;url=https:\/\/hoyre.no\/nesodden\/aktuelt\/pa-tide-a-oppheve-byggeforbudet-pa-nordstrand-og-dalbo\/&#038;hashtags=Hoyre\" target=\"_blank\"><span class=\"screen-reader-text\">Del p\u00e5 twitter<\/span><\/a>\n\t\t<a class=\"share-button share-facebook\" href=\"https:\/\/www.facebook.com\/sharer\/sharer.php?u=https:\/\/hoyre.no\/nesodden\/aktuelt\/pa-tide-a-oppheve-byggeforbudet-pa-nordstrand-og-dalbo\/\" target=\"_blank\"><span class=\"screen-reader-text\">Del p\u00e5 facebook<\/span><\/a>\n\t<\/div>\n\t\t\t\t\t<\/div>\n\t\t\t<\/div>\n\n\t\t\t<figure class=\"hoyre-image-wrapper\"><div class=\"hoyre-image\"><img loading=\"lazy\" decoding=\"async\" width=\"2500\" height=\"1667\" src=\"https:\/\/hoyre.no\/content\/uploads\/sites\/172\/2026\/04\/IMG_1386-scaled.jpg\" class=\"attachment-scaled size-scaled\" alt=\"Tage Slind Jensen\" style=\"object-position: 50% 50%\" srcset=\"https:\/\/hoyre.no\/content\/uploads\/sites\/172\/2026\/04\/IMG_1386-scaled.jpg 2500w, https:\/\/hoyre.no\/content\/uploads\/sites\/172\/2026\/04\/IMG_1386-300x200.jpg 300w, https:\/\/hoyre.no\/content\/uploads\/sites\/172\/2026\/04\/IMG_1386-1024x683.jpg 1024w, https:\/\/hoyre.no\/content\/uploads\/sites\/172\/2026\/04\/IMG_1386-768x512.jpg 768w, https:\/\/hoyre.no\/content\/uploads\/sites\/172\/2026\/04\/IMG_1386-1536x1024.jpg 1536w, https:\/\/hoyre.no\/content\/uploads\/sites\/172\/2026\/04\/IMG_1386-2048x1365.jpg 2048w\" sizes=\"auto, (max-width: 2500px) 100vw, 2500px\" \/><\/div><figcaption class=\"caption\">H\u00f8yre vil gj\u00f8re omr\u00e5deplanen for Nordstrand og Dalbo mer fleksibel slik at innbyggerne i omr\u00e5det f\u00e5r st\u00f8rre frihet over egen eiendom. <\/figcaption><\/figure>\n\n\n\n\n<p>Innbyggerne p\u00e5 Nordstrand og Dalbo har i flere \u00e5r levd under et \u00abbyggeforbud\u00bb p\u00e5 grunn av en altfor streng omr\u00e5deplan. Derfor har vi i H\u00f8yre kjempet for \u00e5 endre denne. N\u00e5 har vi tatt noen steg i riktig retning, men dessverre inneholder planen fortsatt flere urimelige hindringer for vanlige folk som \u00f8nsker \u00e5 utvikle egen eiendom.<\/p>\n\n\n\n<h2 class=\"wp-block-heading\"><strong>For kostbare krav<\/strong><\/h2>\n\n\n\n<p>Omr\u00e5deplanen for Nordstrand og Dalbo ble vedtatt i 2020. Hensikten var god, nemlig \u00e5 legge til rette for offentlig vann og avl\u00f8p i et gammelt hytteomr\u00e5de der det n\u00e5 bor mange fastboende. Dessverre kom planen med en giftpille i form av ekstremt strenge og kostbare rekkef\u00f8lgekrav.<\/p>\n\n\n\n<p>Det mest krevende kravet er at beboerne m\u00e5 opparbeide nesten \u00e9n kilometer med gang- og sykkelsti langs fylkesveien f\u00f8r de kan gj\u00f8re endringer p\u00e5 egen eiendom. Vi i H\u00f8yre mener at det er urimelig \u00e5 kreve at en vanlig familie skal finansiere offentlig infrastruktur til mange millioner kroner, bare fordi de \u00f8nsker \u00e5 tilpasse boligen sin eller konvertere en hytte til en hel\u00e5rsbolig.<\/p>\n\n\n\n<h2 class=\"wp-block-heading\"><strong>Viktig delseier<\/strong><\/h2>\n\n\n\n<p>Nettopp derfor har vi ivret for endringer i planen, og disse ble lagt frem for formannskapet 28. april. Vi har f\u00e5tt gjennomslag for at eksisterende bebyggelse n\u00e5 er unntatt rekkef\u00f8lgekravene. Det betyr at du for eksempel endelig kan gj\u00f8re endringer p\u00e5 boligen din, uten at de kostbare rekkef\u00f8lgekravene sl\u00e5r inn. Dette er en viktig delseier, men det er fremdeles et stykke igjen til m\u00e5l.<\/p>\n\n\n\n<h2 class=\"wp-block-heading\"><strong>\u00abByggeforbudet\u00bb videref\u00f8res for mange innbyggere<\/strong><\/h2>\n\n\n\n<p>Rekkef\u00f8lgekravene gjelder fortsatt for alle som \u00f8nsker \u00e5 bygge nytt p\u00e5 en boligtomt, og for de som \u00f8nsker \u00e5 endre fritidsboligen sin til en hel\u00e5rsbolig.<\/p>\n\n\n\n<p>H\u00f8yre, Frp og KrF stemte derfor for at rekkef\u00f8lgekravene ikke burde gjelde for bruksendringer, og om \u00e5 f\u00e5 en gjennomgang av kravene for \u00e5 gj\u00f8re dem mer fleksible og gjennomf\u00f8rbare. Dessverre ble forsalget v\u00e5rt nedstemt, blant annet av Arbeiderpartiet.<\/p>\n\n\n\n<p>Det betyr at \u00abbyggeforbudet\u00bb i realiteten videref\u00f8res for mange innbyggere i omr\u00e5det. Har du en ubebygd boligtomt eller bor i en bolig regulert til fritidsbolig, er du fortsatt fastl\u00e5st, med mindre du har r\u00e5d til \u00e5 finansiere en hel gang- og sykkelvei.<\/p>\n\n\n\n<h2 class=\"wp-block-heading\"><strong>Eiendomsretten m\u00e5 bety noe<\/strong><\/h2>\n\n\n\n<p>For oss i H\u00f8yre er eiendomsretten fundamental. Folk skal ha r\u00e5derett over egen eiendom og mulighet til \u00e5 realisere sine boligdr\u00f8mmer uten \u00e5 bli m\u00f8tt med krav som er \u00f8konomisk umulige \u00e5 gjennomf\u00f8re.<\/p>\n\n\n\n<p>Vi kommer til \u00e5 fortsette kampen for en omr\u00e5deplan som faktisk fungerer for innbyggerne, og ikke jobber mot dem.<\/p>\n\n\n<div class=\"tags\">\n\t<\/div>\n<div class=\"post-footer alignfull has-background block-editor-block-list__block\" data-align=full>\n\t<div class=\"post-footer-inner\">\n\t\t<h3>Relaterte artikler<\/h3>\n\t\t<div class=\"related-content\"><div class=\"is-card-hoyre\">\n\t<div class=\"teft-card hoyre-teft-card post-teft-card\">\n\t\t<a href=\"https:\/\/hoyre.no\/nesodden\/aktuelt\/na-skal-vi-ta-ordforerklubba-tilbake\/\" class=\"teft-card__primary-action\">\n\n\t\t\t\t\t<div class=\"teft-card__media teft-card__media--16-9\">\n\t\t\t\t\t\t<img loading=\"lazy\" decoding=\"async\" width=\"768\" height=\"512\" src=\"https:\/\/hoyre.no\/content\/uploads\/sites\/172\/2026\/04\/IMG_1216-2-768x512.jpg\" class=\"attachment-medium_large size-medium_large\" alt=\"Tage og Linda tidlignominasjon\" srcset=\"https:\/\/hoyre.no\/content\/uploads\/sites\/172\/2026\/04\/IMG_1216-2-768x512.jpg 768w, https:\/\/hoyre.no\/content\/uploads\/sites\/172\/2026\/04\/IMG_1216-2-300x200.jpg 300w, https:\/\/hoyre.no\/content\/uploads\/sites\/172\/2026\/04\/IMG_1216-2-1024x683.jpg 1024w, https:\/\/hoyre.no\/content\/uploads\/sites\/172\/2026\/04\/IMG_1216-2-1536x1024.jpg 1536w, https:\/\/hoyre.no\/content\/uploads\/sites\/172\/2026\/04\/IMG_1216-2-2048x1365.jpg 2048w\" sizes=\"auto, (max-width: 768px) 100vw, 768px\" \/>\t\t<\/div>\n\t\t\n\t\t\t<div class=\"teft-card__content-wrapper\">\n\t\t\t\t<div class=\"teft-card__secondary\">\n\t\t\t\t\t\n\t\t\t\t\t\t\t\t<div class=\"teft-card__meta\">\n\t\t\t\t\t\t\t\t\t<span class=\"post-date\">17. apr 2026<\/span>\n\n\t\t\t\t\t\t\t\t\t<span class=\"post-category\">Tage og Linda topper laget:<\/span>\t\t\t\t\t\t\t\t<\/div>\n\t\t\t\t\t\t\t\t\t\t\t<\/div>\n\n\t\t\t\t<div class=\"teft-card__primary\">\n\t\t\t\t\t<h2 class=\"teft-card__title\">\u2013 N\u00e5 skal vi ta ordf\u00f8rerklubba tilbake!&nbsp;<span class=\"teft-card__primary-title-append\"><\/span><\/h2>\t\t\t\t<\/div>\n\t\t\t<\/div>\n\t\t<\/a>\n\t<\/div>\n\n\t<\/div><div class=\"is-card-hoyre\">\n\t<div class=\"teft-card hoyre-teft-card post-teft-card\">\n\t\t<a href=\"https:\/\/hoyre.no\/nesodden\/aktuelt\/gode-nyheter-for-pendlerne-takket-vaere-godt-samarbeid\/\" class=\"teft-card__primary-action\">\n\n\t\t\t\t\t<div class=\"teft-card__media teft-card__media--16-9\">\n\t\t\t\t\t\t<img loading=\"lazy\" decoding=\"async\" width=\"768\" height=\"513\" src=\"https:\/\/hoyre.no\/content\/uploads\/sites\/172\/2022\/11\/DSC04803-4-768x513.jpg\" class=\"attachment-medium_large size-medium_large\" alt=\"Foto av Trude T. Evensen\" srcset=\"https:\/\/hoyre.no\/content\/uploads\/sites\/172\/2022\/11\/DSC04803-4-768x513.jpg 768w, https:\/\/hoyre.no\/content\/uploads\/sites\/172\/2022\/11\/DSC04803-4-300x200.jpg 300w, https:\/\/hoyre.no\/content\/uploads\/sites\/172\/2022\/11\/DSC04803-4-1024x684.jpg 1024w, https:\/\/hoyre.no\/content\/uploads\/sites\/172\/2022\/11\/DSC04803-4-1536x1026.jpg 1536w, https:\/\/hoyre.no\/content\/uploads\/sites\/172\/2022\/11\/DSC04803-4-2048x1368.jpg 2048w\" sizes=\"auto, (max-width: 768px) 100vw, 768px\" \/>\t\t<\/div>\n\t\t\n\t\t\t<div class=\"teft-card__content-wrapper\">\n\t\t\t\t<div class=\"teft-card__secondary\">\n\t\t\t\t\t\n\t\t\t\t\t\t\t\t<div class=\"teft-card__meta\">\n\t\t\t\t\t\t\t\t\t<span class=\"post-date\">21. mar 2026<\/span>\n\n\t\t\t\t\t\t\t\t\t<span class=\"post-category\">Avviser Ap-kritikk:<\/span>\t\t\t\t\t\t\t\t<\/div>\n\t\t\t\t\t\t\t\t\t\t\t<\/div>\n\n\t\t\t\t<div class=\"teft-card__primary\">\n\t\t\t\t\t<h2 class=\"teft-card__title\">Gode nyheter for pendlerne \u2013 takket v\u00e6re godt samarbeid&nbsp;<span class=\"teft-card__primary-title-append\"><\/span><\/h2>\t\t\t\t<\/div>\n\t\t\t<\/div>\n\t\t<\/a>\n\t<\/div>\n\n\t<\/div><div class=\"is-card-hoyre\">\n\t<div class=\"teft-card hoyre-teft-card post-teft-card\">\n\t\t<a href=\"https:\/\/hoyre.no\/nesodden\/aktuelt\/tage-og-linda-innstilt-pa-topp\/\" class=\"teft-card__primary-action\">\n\n\t\t\t\t\t<div class=\"teft-card__media teft-card__media--16-9\">\n\t\t\t\t\t\t<img loading=\"lazy\" decoding=\"async\" width=\"768\" height=\"512\" src=\"https:\/\/hoyre.no\/content\/uploads\/sites\/172\/2026\/03\/Tage-og-Linda-768x512.jpg\" class=\"attachment-medium_large size-medium_large\" alt=\"Tage Slind Jensen og Linda Johnstone S\u00f8rensen\" srcset=\"https:\/\/hoyre.no\/content\/uploads\/sites\/172\/2026\/03\/Tage-og-Linda-768x512.jpg 768w, https:\/\/hoyre.no\/content\/uploads\/sites\/172\/2026\/03\/Tage-og-Linda-300x200.jpg 300w, https:\/\/hoyre.no\/content\/uploads\/sites\/172\/2026\/03\/Tage-og-Linda-1024x683.jpg 1024w, https:\/\/hoyre.no\/content\/uploads\/sites\/172\/2026\/03\/Tage-og-Linda-1536x1024.jpg 1536w, https:\/\/hoyre.no\/content\/uploads\/sites\/172\/2026\/03\/Tage-og-Linda-2048x1365.jpg 2048w\" sizes=\"auto, (max-width: 768px) 100vw, 768px\" \/>\t\t<\/div>\n\t\t\n\t\t\t<div class=\"teft-card__content-wrapper\">\n\t\t\t\t<div class=\"teft-card__secondary\">\n\t\t\t\t\t\n\t\t\t\t\t\t\t\t<div class=\"teft-card__meta\">\n\t\t\t\t\t\t\t\t\t<span class=\"post-date\">20. mar 2026<\/span>\n\n\t\t\t\t\t\t\t\t\t<span class=\"post-category\">Nominasjonskomiteens innstilling er klar<\/span>\t\t\t\t\t\t\t\t<\/div>\n\t\t\t\t\t\t\t\t\t\t\t<\/div>\n\n\t\t\t\t<div class=\"teft-card__primary\">\n\t\t\t\t\t<h2 class=\"teft-card__title\">Tage og Linda innstilt p\u00e5 topp&nbsp;<span class=\"teft-card__primary-title-append\"><\/span><\/h2>\t\t\t\t<\/div>\n\t\t\t<\/div>\n\t\t<\/a>\n\t<\/div>\n\n\t<\/div><\/div>\t<\/div>\n<\/div>\n","protected":false},"excerpt":{"rendered":"","protected":false},"author":11570,"featured_media":0,"comment_status":"closed","ping_status":"closed","sticky":false,"template":"","format":"standard","meta":{"teft_cards_image_url":"","teft_cards_custom_pretitle":"Vil endre omr\u00e5deplan:","teft_cards_image_id":1506,"teft_cards_image_focal_point_x":0.5,"teft_cards_image_focal_point_y":0.5,"teft_cards_title":"P\u00e5 tide \u00e5 oppheve \u00abbyggeforbudet\u00bb p\u00e5 Nordstrand og Dalbo!","teft_cards_excerpt":"","teft_show_chapters":false,"author_display_name":"Tage Slind Jensen","footnotes":""},"category":[1],"post_tag":[],"hoyre-visibility":[],"article-type":[],"politician":[],"class_list":["post-1524","post","type-post","status-publish","format-standard","hentry","category-nyheter"],"yoast_head":"<!-- This site is optimized with the Yoast SEO plugin v26.6 - https:\/\/yoast.com\/wordpress\/plugins\/seo\/ -->\n<title>P\u00e5 tide \u00e5 oppheve \u00abbyggeforbudet\u00bb p\u00e5 Nordstrand og Dalbo! - Nesodden H\u00f8yre<\/title>\n<meta name=\"robots\" content=\"index, follow, max-snippet:-1, max-image-preview:large, max-video-preview:-1\" \/>\n<link rel=\"canonical\" href=\"https:\/\/hoyre.no\/nesodden\/aktuelt\/pa-tide-a-oppheve-byggeforbudet-pa-nordstrand-og-dalbo\/\" \/>\n<meta property=\"og:locale\" content=\"nb_NO\" \/>\n<meta property=\"og:type\" content=\"article\" \/>\n<meta property=\"og:title\" content=\"P\u00e5 tide \u00e5 oppheve \u00abbyggeforbudet\u00bb p\u00e5 Nordstrand og Dalbo! - Nesodden H\u00f8yre\" \/>\n<meta property=\"og:url\" content=\"https:\/\/hoyre.no\/nesodden\/aktuelt\/pa-tide-a-oppheve-byggeforbudet-pa-nordstrand-og-dalbo\/\" \/>\n<meta property=\"og:site_name\" content=\"Nesodden H\u00f8yre\" \/>\n<meta property=\"article:published_time\" content=\"2026-04-26T18:46:32+00:00\" \/>\n<meta property=\"article:modified_time\" content=\"2026-04-27T08:16:13+00:00\" \/>\n<meta property=\"og:image\" content=\"https:\/\/hoyre.no\/content\/uploads\/sites\/172\/2026\/03\/Tage-og-Linda-1024x683.jpg\" \/>\n<meta name=\"author\" content=\"Tage Slind Jensen\" \/>\n<meta name=\"twitter:card\" content=\"summary_large_image\" \/>\n<meta name=\"twitter:label1\" content=\"Skrevet av\" \/>\n\t<meta name=\"twitter:data1\" content=\"Tage Slind Jensen\" \/>\n\t<meta name=\"twitter:label2\" content=\"Ansl. lesetid\" \/>\n\t<meta name=\"twitter:data2\" content=\"3 minutter\" \/>\n<script type=\"application\/ld+json\" class=\"yoast-schema-graph\">{\"@context\":\"https:\/\/schema.org\",\"@graph\":[{\"@type\":\"NewsArticle\",\"@id\":\"https:\/\/hoyre.no\/nesodden\/aktuelt\/pa-tide-a-oppheve-byggeforbudet-pa-nordstrand-og-dalbo\/\",\"url\":\"https:\/\/hoyre.no\/nesodden\/aktuelt\/pa-tide-a-oppheve-byggeforbudet-pa-nordstrand-og-dalbo\/\",\"name\":\"P\u00e5 tide \u00e5 oppheve \u00abbyggeforbudet\u00bb p\u00e5 Nordstrand og Dalbo! - Nesodden H\u00f8yre\",\"isPartOf\":{\"@id\":\"https:\/\/hoyre.no\/nesodden\/#website\"},\"datePublished\":\"2026-04-26T18:46:32+00:00\",\"dateModified\":\"2026-04-27T08:16:13+00:00\",\"author\":{\"@id\":\"https:\/\/hoyre.no\/nesodden\/#\/schema\/person\/7b9b960167d3690f360a02c9729e2ce9\"},\"breadcrumb\":{\"@id\":\"https:\/\/hoyre.no\/nesodden\/aktuelt\/pa-tide-a-oppheve-byggeforbudet-pa-nordstrand-og-dalbo\/#breadcrumb\"},\"inLanguage\":\"nb-NO\",\"potentialAction\":[{\"@type\":\"ReadAction\",\"target\":[\"https:\/\/hoyre.no\/nesodden\/aktuelt\/pa-tide-a-oppheve-byggeforbudet-pa-nordstrand-og-dalbo\/\"]}]},{\"@type\":\"BreadcrumbList\",\"@id\":\"https:\/\/hoyre.no\/nesodden\/aktuelt\/pa-tide-a-oppheve-byggeforbudet-pa-nordstrand-og-dalbo\/#breadcrumb\",\"itemListElement\":[{\"@type\":\"ListItem\",\"position\":1,\"name\":\"Til hoyre.no\",\"item\":\"https:\/\/hoyre.no\"},{\"@type\":\"ListItem\",\"position\":2,\"name\":\"Hjem\",\"item\":\"https:\/\/hoyre.no\/nesodden\/\"},{\"@type\":\"ListItem\",\"position\":3,\"name\":\"P\u00e5 tide \u00e5 oppheve \u00abbyggeforbudet\u00bb p\u00e5 Nordstrand og Dalbo!\"}]},{\"@type\":\"WebSite\",\"@id\":\"https:\/\/hoyre.no\/nesodden\/#website\",\"url\":\"https:\/\/hoyre.no\/nesodden\/\",\"name\":\"Nesodden H\u00f8yre\",\"description\":\"Bare enda et H\u00f8yres nettsteder-nettsted\",\"inLanguage\":\"nb-NO\"},{\"@type\":\"Person\",\"@id\":\"https:\/\/hoyre.no\/nesodden\/#\/schema\/person\/7b9b960167d3690f360a02c9729e2ce9\",\"name\":\"Tage Slind Jensen\",\"image\":{\"@type\":\"ImageObject\",\"inLanguage\":\"nb-NO\",\"@id\":\"https:\/\/hoyre.no\/nesodden\/#\/schema\/person\/image\/\",\"url\":\"https:\/\/secure.gravatar.com\/avatar\/7ff31022bcc5422617c2eee5bc8183344803dba60c147897cfc83a88a4e2441d?s=96&d=mm&r=g\",\"contentUrl\":\"https:\/\/secure.gravatar.com\/avatar\/7ff31022bcc5422617c2eee5bc8183344803dba60c147897cfc83a88a4e2441d?s=96&d=mm&r=g\",\"caption\":\"Tage Slind Jensen\"},\"url\":\"https:\/\/hoyre.no\/nesodden\/aktuelt\/author\/m51895688\/\"}]}<\/script>\n<!-- \/ Yoast SEO plugin. -->","yoast_head_json":{"title":"P\u00e5 tide \u00e5 oppheve \u00abbyggeforbudet\u00bb p\u00e5 Nordstrand og Dalbo! - Nesodden H\u00f8yre","robots":{"index":"index","follow":"follow","max-snippet":"max-snippet:-1","max-image-preview":"max-image-preview:large","max-video-preview":"max-video-preview:-1"},"canonical":"https:\/\/hoyre.no\/nesodden\/aktuelt\/pa-tide-a-oppheve-byggeforbudet-pa-nordstrand-og-dalbo\/","og_locale":"nb_NO","og_type":"article","og_title":"P\u00e5 tide \u00e5 oppheve \u00abbyggeforbudet\u00bb p\u00e5 Nordstrand og Dalbo! - Nesodden H\u00f8yre","og_url":"https:\/\/hoyre.no\/nesodden\/aktuelt\/pa-tide-a-oppheve-byggeforbudet-pa-nordstrand-og-dalbo\/","og_site_name":"Nesodden H\u00f8yre","article_published_time":"2026-04-26T18:46:32+00:00","article_modified_time":"2026-04-27T08:16:13+00:00","og_image":[{"url":"https:\/\/hoyre.no\/content\/uploads\/sites\/172\/2026\/03\/Tage-og-Linda-1024x683.jpg","width":"","height":"","type":""}],"author":"Tage Slind Jensen","twitter_card":"summary_large_image","twitter_misc":{"Skrevet av":"Tage Slind Jensen","Ansl. lesetid":"3 minutter"},"schema":{"@context":"https:\/\/schema.org","@graph":[{"@type":"NewsArticle","@id":"https:\/\/hoyre.no\/nesodden\/aktuelt\/pa-tide-a-oppheve-byggeforbudet-pa-nordstrand-og-dalbo\/","url":"https:\/\/hoyre.no\/nesodden\/aktuelt\/pa-tide-a-oppheve-byggeforbudet-pa-nordstrand-og-dalbo\/","name":"P\u00e5 tide \u00e5 oppheve \u00abbyggeforbudet\u00bb p\u00e5 Nordstrand og Dalbo! - Nesodden H\u00f8yre","isPartOf":{"@id":"https:\/\/hoyre.no\/nesodden\/#website"},"datePublished":"2026-04-26T18:46:32+00:00","dateModified":"2026-04-27T08:16:13+00:00","author":{"@id":"https:\/\/hoyre.no\/nesodden\/#\/schema\/person\/7b9b960167d3690f360a02c9729e2ce9"},"breadcrumb":{"@id":"https:\/\/hoyre.no\/nesodden\/aktuelt\/pa-tide-a-oppheve-byggeforbudet-pa-nordstrand-og-dalbo\/#breadcrumb"},"inLanguage":"nb-NO","potentialAction":[{"@type":"ReadAction","target":["https:\/\/hoyre.no\/nesodden\/aktuelt\/pa-tide-a-oppheve-byggeforbudet-pa-nordstrand-og-dalbo\/"]}]},{"@type":"BreadcrumbList","@id":"https:\/\/hoyre.no\/nesodden\/aktuelt\/pa-tide-a-oppheve-byggeforbudet-pa-nordstrand-og-dalbo\/#breadcrumb","itemListElement":[{"@type":"ListItem","position":1,"name":"Til hoyre.no","item":"https:\/\/hoyre.no"},{"@type":"ListItem","position":2,"name":"Hjem","item":"https:\/\/hoyre.no\/nesodden\/"},{"@type":"ListItem","position":3,"name":"P\u00e5 tide \u00e5 oppheve \u00abbyggeforbudet\u00bb p\u00e5 Nordstrand og Dalbo!"}]},{"@type":"WebSite","@id":"https:\/\/hoyre.no\/nesodden\/#website","url":"https:\/\/hoyre.no\/nesodden\/","name":"Nesodden H\u00f8yre","description":"Bare enda et H\u00f8yres nettsteder-nettsted","inLanguage":"nb-NO"},{"@type":"Person","@id":"https:\/\/hoyre.no\/nesodden\/#\/schema\/person\/7b9b960167d3690f360a02c9729e2ce9","name":"Tage Slind Jensen","image":{"@type":"ImageObject","inLanguage":"nb-NO","@id":"https:\/\/hoyre.no\/nesodden\/#\/schema\/person\/image\/","url":"https:\/\/secure.gravatar.com\/avatar\/7ff31022bcc5422617c2eee5bc8183344803dba60c147897cfc83a88a4e2441d?s=96&d=mm&r=g","contentUrl":"https:\/\/secure.gravatar.com\/avatar\/7ff31022bcc5422617c2eee5bc8183344803dba60c147897cfc83a88a4e2441d?s=96&d=mm&r=g","caption":"Tage Slind Jensen"},"url":"https:\/\/hoyre.no\/nesodden\/aktuelt\/author\/m51895688\/"}]}},"distributor_meta":false,"distributor_terms":false,"distributor_media":false,"distributor_original_site_name":"Nesodden H\u00f8yre","distributor_original_site_url":"https:\/\/hoyre.no\/nesodden","push-errors":false,"_links":{"self":[{"href":"https:\/\/hoyre.no\/nesodden\/wp-json\/wp\/v2\/posts\/1524","targetHints":{"allow":["GET"]}}],"collection":[{"href":"https:\/\/hoyre.no\/nesodden\/wp-json\/wp\/v2\/posts"}],"about":[{"href":"https:\/\/hoyre.no\/nesodden\/wp-json\/wp\/v2\/types\/post"}],"author":[{"embeddable":true,"href":"https:\/\/hoyre.no\/nesodden\/wp-json\/wp\/v2\/users\/11570"}],"replies":[{"embeddable":true,"href":"https:\/\/hoyre.no\/nesodden\/wp-json\/wp\/v2\/comments?post=1524"}],"version-history":[{"count":2,"href":"https:\/\/hoyre.no\/nesodden\/wp-json\/wp\/v2\/posts\/1524\/revisions"}],"predecessor-version":[{"id":1526,"href":"https:\/\/hoyre.no\/nesodden\/wp-json\/wp\/v2\/posts\/1524\/revisions\/1526"}],"wp:attachment":[{"href":"https:\/\/hoyre.no\/nesodden\/wp-json\/wp\/v2\/media?parent=1524"}],"wp:term":[{"taxonomy":"category","embeddable":true,"href":"https:\/\/hoyre.no\/nesodden\/wp-json\/wp\/v2\/category?post=1524"},{"taxonomy":"post_tag","embeddable":true,"href":"https:\/\/hoyre.no\/nesodden\/wp-json\/wp\/v2\/post_tag?post=1524"},{"taxonomy":"hoyre-visibility","embeddable":true,"href":"https:\/\/hoyre.no\/nesodden\/wp-json\/wp\/v2\/hoyre-visibility?post=1524"},{"taxonomy":"article-type","embeddable":true,"href":"https:\/\/hoyre.no\/nesodden\/wp-json\/wp\/v2\/article-type?post=1524"},{"taxonomy":"politician","embeddable":true,"href":"https:\/\/hoyre.no\/nesodden\/wp-json\/wp\/v2\/politician?post=1524"}],"curies":[{"name":"wp","href":"https:\/\/api.w.org\/{rel}","templated":true}]}}