{"id":1577,"date":"2026-08-17T07:00:00","date_gmt":"2026-08-17T05:00:00","guid":{"rendered":"https:\/\/hoyre.no\/nesodden\/?p=1577"},"modified":"2026-08-16T13:59:03","modified_gmt":"2026-08-16T11:59:03","slug":"laereren-skal-vaere-sjefen-i-klasserommet","status":"publish","type":"post","link":"https:\/\/hoyre.no\/nesodden\/aktuelt\/laereren-skal-vaere-sjefen-i-klasserommet\/","title":{"rendered":"L\u00e6reren skal v\u00e6re sjefen i klasserommet"},"content":{"rendered":"\n<p class=\"preamble\">I dette innlegget \u00f8nsker varaordf\u00f8reren alle f\u00f8rsteklassinger lykke til med skolestart og understreker viktigheten av gode l\u00e6rere.<\/p>\t\t\t<div class=\"post-meta wp-block teft-byline-wrapper\">\n\t\t\t\t<div class=\"top\">\n\t\t\t\t\t<div class=\"signature\">\n\t\t\t\t\t\t<div class=\"teft-byline\">\n\t\t\t\t\t\t\t<div class=\"teft-card__media circle-crop\"><img decoding=\"async\" loading=\"lazy\" width=\"500\" height=\"500\" src=\"https:\/\/res.cloudinary.com\/hoyre\/image\/upload\/c_thumb,g_face:center,h_500,w_500,d_defaultprofileimg3.jpg,fl_lossy,f_auto\/w_500\/v20230420\/51895688.jpg\" style=\"background-position:50% 50%;\" alt=\"Tage Slind Jensen\" \/><\/div>\t\t\t\t\t\t\t<div>\n\t\t\t\t\t\t\t\t<h3><a href=\"https:\/\/hoyre.no\/personprofiler\/tage-slind-jensen\/\">Tage Slind Jensen<\/a><\/h3>\t\t\t\t\t\t\t\t\t\t\t\t\t\t\t\t\t<span class=\"position\">Varaordf\u00f8rer Nesodden<\/span>\n\t\t\t\t\t\t\t\t\n\t\t\t\t\t\t\t\t\t\t\t\t\t\t\t\t\t<span class=\"date\">Sist oppdatert: 16. august 2026<\/span>\n\t\t\t\t\t\t\t\t\t\t\t\t\t\t\t\t\t\t\t\t\t\t\t\t\t<span class=\"reading-time\" itemprop=\"timeRequired\" content=\"PT2M\"><em>Ca. 2 minutter lesetid<\/em><\/span>\n\t\t\t\t\t\t\t\t\t\t\t\t\t\t\t<\/div>\n\t\t\t\t\t\t<\/div>\n\t\t\t\t\t<\/div>\n\t\t\t\t\t\t<div class=\"sharing\">\n\t\t<a class=\"share-button share-link copy-link\" data-copy=\"https:\/\/hoyre.no\/nesodden\/aktuelt\/laereren-skal-vaere-sjefen-i-klasserommet\/\" target=\"_blank\"><span class=\"screen-reader-text\">Del link<\/span><\/a>\n\t\t<a class=\"share-button share-twitter\" href=\"http:\/\/twitter.com\/share?text=L\u00e6reren skal v\u00e6re sjefen i klasserommet&#038;url=https:\/\/hoyre.no\/nesodden\/aktuelt\/laereren-skal-vaere-sjefen-i-klasserommet\/&#038;hashtags=Hoyre\" target=\"_blank\"><span class=\"screen-reader-text\">Del p\u00e5 twitter<\/span><\/a>\n\t\t<a class=\"share-button share-facebook\" href=\"https:\/\/www.facebook.com\/sharer\/sharer.php?u=https:\/\/hoyre.no\/nesodden\/aktuelt\/laereren-skal-vaere-sjefen-i-klasserommet\/\" target=\"_blank\"><span class=\"screen-reader-text\">Del p\u00e5 facebook<\/span><\/a>\n\t<\/div>\n\t\t\t\t\t<\/div>\n\t\t\t<\/div>\n\n\t\t\t<figure class=\"hoyre-image-wrapper\"><div class=\"hoyre-image\"><img loading=\"lazy\" decoding=\"async\" width=\"2500\" height=\"1406\" src=\"https:\/\/hoyre.no\/content\/uploads\/sites\/172\/2025\/08\/Klasserom-1-scaled.jpeg\" class=\"attachment-scaled size-scaled\" alt=\"Tage Slind Jensen\" style=\"object-position: 50% 50%\" srcset=\"https:\/\/hoyre.no\/content\/uploads\/sites\/172\/2025\/08\/Klasserom-1-scaled.jpeg 2500w, https:\/\/hoyre.no\/content\/uploads\/sites\/172\/2025\/08\/Klasserom-1-300x169.jpeg 300w, https:\/\/hoyre.no\/content\/uploads\/sites\/172\/2025\/08\/Klasserom-1-1024x576.jpeg 1024w, https:\/\/hoyre.no\/content\/uploads\/sites\/172\/2025\/08\/Klasserom-1-768x432.jpeg 768w, https:\/\/hoyre.no\/content\/uploads\/sites\/172\/2025\/08\/Klasserom-1-1536x864.jpeg 1536w, https:\/\/hoyre.no\/content\/uploads\/sites\/172\/2025\/08\/Klasserom-1-2048x1152.jpeg 2048w\" sizes=\"auto, (max-width: 2500px) 100vw, 2500px\" \/><\/div><figcaption class=\"caption\">&#8211; Nok dyktige l\u00e6rere i klasserommet, er det aller viktigste tiltaket for \u00e5 sikre en god skole, skriver varaordf\u00f8rer Tage Slind Jensen i dette innlegget.<\/figcaption><\/figure>\n\n\n\n\n<p class=\"wp-block-paragraph\">Denne uken er det skolestart!<\/p>\n\n\n\n<p class=\"wp-block-paragraph\">Mange spente elever skal inn i Nesoddskolen. De har mye \u00e5 se frem til. Vi har gode skoler p\u00e5 Nesodden med mange flinke l\u00e6rere. At vi har nok dyktige l\u00e6rere i klasserommet, er det aller viktigste tiltaket for \u00e5 sikre en god skole og et samfunn som gir muligheter for alle.<\/p>\n\n\n\n<p class=\"wp-block-paragraph\">En l\u00e6rer man har tillit til, som stiller krav og f\u00e5r elevene til \u00e5 kjenne p\u00e5 mestring, er helt avgj\u00f8rende for en god skolehverdag.<\/p>\n\n\n\n<h2 class=\"wp-block-heading\">L\u00e6reryrket har forandret seg<\/h2>\n\n\n\n<p class=\"wp-block-paragraph\">Jeg er opptatt av at Nesoddskolen skal v\u00e6re et godt sted \u00e5 jobbe. Samtidig vet vi at l\u00e6reryrket er et helt annet i dag enn for noen \u00e5r siden. Mange l\u00e6rere forteller at de m\u00e5 bruke stadig mer tid p\u00e5 oppgaver som ikke handler om undervisning.<\/p>\n\n\n\n<p class=\"wp-block-paragraph\">For meg er det viktig at l\u00e6reren f\u00e5r v\u00e6re sjefen i klasserommet. L\u00e6rerens rolle skal prim\u00e6rt handle om undervisning og klasseledelse. Da m\u00e5 vi ha tillit til at l\u00e6rerne, som har fagkompetansen, er de som best vet hva som gir god l\u00e6ring for barna v\u00e5re. Vi m\u00e5 gi dem virkemidlene de trenger for \u00e5 sikre\u00a0ro og orden, og vi m\u00e5 fjerne tidstyver som stjeler tid fra forberedelser og oppf\u00f8lging av elevene.<\/p>\n\n\n\n<h2 class=\"wp-block-heading\">Tid til \u00e5 v\u00e6re l\u00e6rer<\/h2>\n\n\n\n<p class=\"wp-block-paragraph\">For \u00e5 f\u00e5 til dette, m\u00e5 l\u00e6rerne ha et godt st\u00f8tteapparat rundt seg. Jeg tror vi har mye \u00e5 tjene p\u00e5 \u00e5 slippe flere yrkesgrupper inn i skolen og samarbeide mer med frivilligheten. Slik kan vi avlaste l\u00e6rerne for oppgaver som ikke krever pedagogisk kompetanse, slik at de f\u00e5r tid til \u00e5 v\u00e6re nettopp l\u00e6rere.<\/p>\n\n\n\n<p class=\"wp-block-paragraph\">I dag vil jeg \u00f8nske alle f\u00f8rsteklassinger masse lykke til med skolestart, og rette en stor takk til alle v\u00e5re fantastiske l\u00e6rere p\u00e5 Nesodden! Dere gj\u00f8r en fantastisk jobb!<\/p>\n\n\n<div class=\"tags\">\n\t<\/div>\n<div class=\"post-footer alignfull has-background block-editor-block-list__block\" data-align=full>\n\t<div class=\"post-footer-inner\">\n\t\t<h3>Relaterte artikler<\/h3>\n\t\t<div class=\"related-content\"><div class=\"is-card-hoyre\">\n\t<div class=\"teft-card hoyre-teft-card post-teft-card\">\n\t\t<a href=\"https:\/\/hoyre.no\/nesodden\/aktuelt\/vi-er-pa-lag-med-deg\/\" class=\"teft-card__primary-action\">\n\n\t\t\t\t\t<div class=\"teft-card__media teft-card__media--16-9\">\n\t\t\t\t\t\t<img loading=\"lazy\" decoding=\"async\" width=\"768\" height=\"512\" src=\"https:\/\/hoyre.no\/content\/uploads\/sites\/172\/2026\/02\/IMG_9791-768x512.jpg\" class=\"attachment-medium_large size-medium_large\" alt=\"Helge\" srcset=\"https:\/\/hoyre.no\/content\/uploads\/sites\/172\/2026\/02\/IMG_9791-768x512.jpg 768w, https:\/\/hoyre.no\/content\/uploads\/sites\/172\/2026\/02\/IMG_9791-300x200.jpg 300w, https:\/\/hoyre.no\/content\/uploads\/sites\/172\/2026\/02\/IMG_9791-1024x683.jpg 1024w, https:\/\/hoyre.no\/content\/uploads\/sites\/172\/2026\/02\/IMG_9791-1536x1024.jpg 1536w, https:\/\/hoyre.no\/content\/uploads\/sites\/172\/2026\/02\/IMG_9791-2048x1365.jpg 2048w\" sizes=\"auto, (max-width: 768px) 100vw, 768px\" \/>\t\t<\/div>\n\t\t\n\t\t\t<div class=\"teft-card__content-wrapper\">\n\t\t\t\t<div class=\"teft-card__secondary\">\n\t\t\t\t\t\n\t\t\t\t\t\t\t\t<div class=\"teft-card__meta\">\n\t\t\t\t\t\t\t\t\t<span class=\"post-date\">25. jul 2026<\/span>\n\n\t\t\t\t\t\t\t\t\t<span class=\"post-category\">Lanserer utkast til nytt program:<\/span>\t\t\t\t\t\t\t\t<\/div>\n\t\t\t\t\t\t\t\t\t\t\t<\/div>\n\n\t\t\t\t<div class=\"teft-card__primary\">\n\t\t\t\t\t<h2 class=\"teft-card__title\">&#8211; Vi er p\u00e5 lag med deg!&nbsp;<span class=\"teft-card__primary-title-append\"><\/span><\/h2>\t\t\t\t<\/div>\n\t\t\t<\/div>\n\t\t<\/a>\n\t<\/div>\n\n\t<\/div><div class=\"is-card-hoyre\">\n\t<div class=\"teft-card hoyre-teft-card post-teft-card\">\n\t\t<a href=\"https:\/\/hoyre.no\/nesodden\/aktuelt\/tidlig-innsats-mot-skolefravaer-pa-nesodden\/\" class=\"teft-card__primary-action\">\n\n\t\t\t\t\t<div class=\"teft-card__media teft-card__media--16-9\">\n\t\t\t\t\t\t<img loading=\"lazy\" decoding=\"async\" width=\"768\" height=\"512\" src=\"https:\/\/hoyre.no\/content\/uploads\/sites\/172\/2026\/06\/IMG_9962-1-768x512.jpg\" class=\"attachment-medium_large size-medium_large\" alt=\"Tage Slind Jensen og Anette L\u00f8es Hokholt Wiik\" srcset=\"https:\/\/hoyre.no\/content\/uploads\/sites\/172\/2026\/06\/IMG_9962-1-768x512.jpg 768w, https:\/\/hoyre.no\/content\/uploads\/sites\/172\/2026\/06\/IMG_9962-1-300x200.jpg 300w, https:\/\/hoyre.no\/content\/uploads\/sites\/172\/2026\/06\/IMG_9962-1-1024x683.jpg 1024w, https:\/\/hoyre.no\/content\/uploads\/sites\/172\/2026\/06\/IMG_9962-1-1536x1024.jpg 1536w, https:\/\/hoyre.no\/content\/uploads\/sites\/172\/2026\/06\/IMG_9962-1-2048x1365.jpg 2048w\" sizes=\"auto, (max-width: 768px) 100vw, 768px\" \/>\t\t<\/div>\n\t\t\n\t\t\t<div class=\"teft-card__content-wrapper\">\n\t\t\t\t<div class=\"teft-card__secondary\">\n\t\t\t\t\t\n\t\t\t\t\t\t\t\t<div class=\"teft-card__meta\">\n\t\t\t\t\t\t\t\t\t<span class=\"post-date\">12. jun 2026<\/span>\n\n\t\t\t\t\t\t\t\t\t<span class=\"post-category\">Skal f\u00e5 mer kunnskap om frav\u00e6r:<\/span>\t\t\t\t\t\t\t\t<\/div>\n\t\t\t\t\t\t\t\t\t\t\t<\/div>\n\n\t\t\t\t<div class=\"teft-card__primary\">\n\t\t\t\t\t<h2 class=\"teft-card__title\">Tidlig innsats mot skolefrav\u00e6r p\u00e5 Nesodden&nbsp;<span class=\"teft-card__primary-title-append\"><\/span><\/h2>\t\t\t\t<\/div>\n\t\t\t<\/div>\n\t\t<\/a>\n\t<\/div>\n\n\t<\/div><div class=\"is-card-hoyre\">\n\t<div class=\"teft-card hoyre-teft-card post-teft-card\">\n\t\t<a href=\"https:\/\/hoyre.no\/nesodden\/aktuelt\/kan-nesoddtunet-bli-litt-mer-som-et-hotell\/\" class=\"teft-card__primary-action\">\n\n\t\t\t\t\t<div class=\"teft-card__media teft-card__media--16-9\">\n\t\t\t\t\t\t<img loading=\"lazy\" decoding=\"async\" width=\"768\" height=\"512\" src=\"https:\/\/hoyre.no\/content\/uploads\/sites\/172\/2026\/06\/Arne-og-Tage-1-768x512.png\" class=\"attachment-medium_large size-medium_large\" alt=\"Arne Bjerke og Tage Slind Jensen\" srcset=\"https:\/\/hoyre.no\/content\/uploads\/sites\/172\/2026\/06\/Arne-og-Tage-1-768x512.png 768w, https:\/\/hoyre.no\/content\/uploads\/sites\/172\/2026\/06\/Arne-og-Tage-1-300x200.png 300w, https:\/\/hoyre.no\/content\/uploads\/sites\/172\/2026\/06\/Arne-og-Tage-1-1024x683.png 1024w, https:\/\/hoyre.no\/content\/uploads\/sites\/172\/2026\/06\/Arne-og-Tage-1.png 1200w\" sizes=\"auto, (max-width: 768px) 100vw, 768px\" \/>\t\t<\/div>\n\t\t\n\t\t\t<div class=\"teft-card__content-wrapper\">\n\t\t\t\t<div class=\"teft-card__secondary\">\n\t\t\t\t\t\n\t\t\t\t\t\t\t\t<div class=\"teft-card__meta\">\n\t\t\t\t\t\t\t\t\t<span class=\"post-date\">12. jun 2026<\/span>\n\n\t\t\t\t\t\t\t\t\t<span class=\"post-category\">Vil opprette en egen serviceavdeling:<\/span>\t\t\t\t\t\t\t\t<\/div>\n\t\t\t\t\t\t\t\t\t\t\t<\/div>\n\n\t\t\t\t<div class=\"teft-card__primary\">\n\t\t\t\t\t<h2 class=\"teft-card__title\">Kan Nesoddtunet bli litt mer som et hotell?&nbsp;<span class=\"teft-card__primary-title-append\"><\/span><\/h2>\t\t\t\t<\/div>\n\t\t\t<\/div>\n\t\t<\/a>\n\t<\/div>\n\n\t<\/div><\/div>\t<\/div>\n<\/div>\n","protected":false},"excerpt":{"rendered":"","protected":false},"author":11570,"featured_media":0,"comment_status":"closed","ping_status":"closed","sticky":false,"template":"","format":"standard","meta":{"teft_cards_image_url":"","teft_cards_custom_pretitle":"Vil gi l\u00e6rerne mer tid til \u00e5 v\u00e6re l\u00e6rere:","teft_cards_image_id":1337,"teft_cards_image_focal_point_x":0.5,"teft_cards_image_focal_point_y":0.5,"teft_cards_title":"- L\u00e6reryrket har forandret seg.","teft_cards_excerpt":"","teft_show_chapters":false,"author_display_name":"Tage Slind Jensen","footnotes":""},"category":[1],"post_tag":[],"hoyre-visibility":[],"article-type":[],"politician":[],"class_list":["post-1577","post","type-post","status-publish","format-standard","hentry","category-nyheter"],"yoast_head":"<!-- This site is optimized with the Yoast SEO plugin v28.2 - https:\/\/yoast.com\/product\/yoast-seo-wordpress\/ -->\n<title>L\u00e6reren skal v\u00e6re sjefen i klasserommet - Nesodden H\u00f8yre<\/title>\n<meta name=\"robots\" content=\"index, follow, max-snippet:-1, max-image-preview:large, max-video-preview:-1\" \/>\n<link rel=\"canonical\" href=\"https:\/\/hoyre.no\/nesodden\/aktuelt\/laereren-skal-vaere-sjefen-i-klasserommet\/\" \/>\n<meta property=\"og:locale\" content=\"nb_NO\" \/>\n<meta property=\"og:type\" content=\"article\" \/>\n<meta property=\"og:title\" content=\"L\u00e6reren skal v\u00e6re sjefen i klasserommet - Nesodden H\u00f8yre\" \/>\n<meta property=\"og:url\" content=\"https:\/\/hoyre.no\/nesodden\/aktuelt\/laereren-skal-vaere-sjefen-i-klasserommet\/\" \/>\n<meta property=\"og:site_name\" content=\"Nesodden H\u00f8yre\" \/>\n<meta property=\"article:published_time\" content=\"2026-08-17T05:00:00+00:00\" \/>\n<meta property=\"og:image\" content=\"https:\/\/hoyre.no\/content\/uploads\/sites\/172\/2026\/06\/Arne-og-Tage-1-1024x683.png\" \/>\n<meta name=\"author\" content=\"Tage Slind Jensen\" \/>\n<meta name=\"twitter:card\" content=\"summary_large_image\" \/>\n<meta name=\"twitter:label1\" content=\"Skrevet av\" \/>\n\t<meta name=\"twitter:data1\" content=\"Tage Slind Jensen\" \/>\n\t<meta name=\"twitter:label2\" content=\"Ansl. lesetid\" \/>\n\t<meta name=\"twitter:data2\" content=\"2 minutter\" \/>\n<script type=\"application\/ld+json\" class=\"yoast-schema-graph\">{\"@context\":\"https:\\\/\\\/schema.org\",\"@graph\":[{\"@type\":\"Article\",\"@id\":\"https:\\\/\\\/hoyre.no\\\/nesodden\\\/aktuelt\\\/laereren-skal-vaere-sjefen-i-klasserommet\\\/#article\",\"isPartOf\":{\"@id\":\"https:\\\/\\\/hoyre.no\\\/nesodden\\\/aktuelt\\\/laereren-skal-vaere-sjefen-i-klasserommet\\\/\"},\"author\":{\"name\":\"Tage Slind Jensen\",\"@id\":\"https:\\\/\\\/hoyre.no\\\/nesodden\\\/#\\\/schema\\\/person\\\/7b9b960167d3690f360a02c9729e2ce9\"},\"headline\":\"L\u00e6reren skal v\u00e6re sjefen i klasserommet\",\"datePublished\":\"2026-08-17T05:00:00+00:00\",\"mainEntityOfPage\":{\"@id\":\"https:\\\/\\\/hoyre.no\\\/nesodden\\\/aktuelt\\\/laereren-skal-vaere-sjefen-i-klasserommet\\\/\"},\"wordCount\":380,\"articleSection\":[\"Nyheter\"],\"inLanguage\":\"nb-NO\"},{\"@type\":\"NewsArticle\",\"@id\":\"https:\\\/\\\/hoyre.no\\\/nesodden\\\/aktuelt\\\/laereren-skal-vaere-sjefen-i-klasserommet\\\/\",\"url\":\"https:\\\/\\\/hoyre.no\\\/nesodden\\\/aktuelt\\\/laereren-skal-vaere-sjefen-i-klasserommet\\\/\",\"name\":\"L\u00e6reren skal v\u00e6re sjefen i klasserommet - Nesodden H\u00f8yre\",\"isPartOf\":{\"@id\":\"https:\\\/\\\/hoyre.no\\\/nesodden\\\/#website\"},\"datePublished\":\"2026-08-17T05:00:00+00:00\",\"author\":{\"@id\":\"https:\\\/\\\/hoyre.no\\\/nesodden\\\/#\\\/schema\\\/person\\\/7b9b960167d3690f360a02c9729e2ce9\"},\"breadcrumb\":{\"@id\":\"https:\\\/\\\/hoyre.no\\\/nesodden\\\/aktuelt\\\/laereren-skal-vaere-sjefen-i-klasserommet\\\/#breadcrumb\"},\"inLanguage\":\"nb-NO\",\"potentialAction\":[{\"@type\":\"ReadAction\",\"target\":[\"https:\\\/\\\/hoyre.no\\\/nesodden\\\/aktuelt\\\/laereren-skal-vaere-sjefen-i-klasserommet\\\/\"]}]},{\"@type\":\"BreadcrumbList\",\"@id\":\"https:\\\/\\\/hoyre.no\\\/nesodden\\\/aktuelt\\\/laereren-skal-vaere-sjefen-i-klasserommet\\\/#breadcrumb\",\"itemListElement\":[{\"@type\":\"ListItem\",\"position\":1,\"name\":\"Til hoyre.no\",\"item\":\"https:\\\/\\\/hoyre.no\"},{\"@type\":\"ListItem\",\"position\":2,\"name\":\"Hjem\",\"item\":\"https:\\\/\\\/hoyre.no\\\/nesodden\\\/\"},{\"@type\":\"ListItem\",\"position\":3,\"name\":\"L\u00e6reren skal v\u00e6re sjefen i klasserommet\"}]},{\"@type\":\"WebSite\",\"@id\":\"https:\\\/\\\/hoyre.no\\\/nesodden\\\/#website\",\"url\":\"https:\\\/\\\/hoyre.no\\\/nesodden\\\/\",\"name\":\"Nesodden H\u00f8yre\",\"description\":\"Bare enda et H\u00f8yres nettsteder-nettsted\",\"inLanguage\":\"nb-NO\"},{\"@type\":\"Person\",\"@id\":\"https:\\\/\\\/hoyre.no\\\/nesodden\\\/#\\\/schema\\\/person\\\/7b9b960167d3690f360a02c9729e2ce9\",\"name\":\"Tage Slind Jensen\",\"image\":{\"@type\":\"ImageObject\",\"inLanguage\":\"nb-NO\",\"@id\":\"https:\\\/\\\/secure.gravatar.com\\\/avatar\\\/7ff31022bcc5422617c2eee5bc8183344803dba60c147897cfc83a88a4e2441d?s=96&d=mm&r=g\",\"url\":\"https:\\\/\\\/secure.gravatar.com\\\/avatar\\\/7ff31022bcc5422617c2eee5bc8183344803dba60c147897cfc83a88a4e2441d?s=96&d=mm&r=g\",\"contentUrl\":\"https:\\\/\\\/secure.gravatar.com\\\/avatar\\\/7ff31022bcc5422617c2eee5bc8183344803dba60c147897cfc83a88a4e2441d?s=96&d=mm&r=g\",\"caption\":\"Tage Slind Jensen\"},\"url\":\"https:\\\/\\\/hoyre.no\\\/nesodden\\\/aktuelt\\\/author\\\/m51895688\\\/\"}]}<\/script>\n<!-- \/ Yoast SEO plugin. -->","yoast_head_json":{"title":"L\u00e6reren skal v\u00e6re sjefen i klasserommet - Nesodden H\u00f8yre","robots":{"index":"index","follow":"follow","max-snippet":"max-snippet:-1","max-image-preview":"max-image-preview:large","max-video-preview":"max-video-preview:-1"},"canonical":"https:\/\/hoyre.no\/nesodden\/aktuelt\/laereren-skal-vaere-sjefen-i-klasserommet\/","og_locale":"nb_NO","og_type":"article","og_title":"L\u00e6reren skal v\u00e6re sjefen i klasserommet - Nesodden H\u00f8yre","og_url":"https:\/\/hoyre.no\/nesodden\/aktuelt\/laereren-skal-vaere-sjefen-i-klasserommet\/","og_site_name":"Nesodden H\u00f8yre","article_published_time":"2026-08-17T05:00:00+00:00","og_image":[{"url":"https:\/\/hoyre.no\/content\/uploads\/sites\/172\/2026\/06\/Arne-og-Tage-1-1024x683.png","width":"","height":"","type":""}],"author":"Tage Slind Jensen","twitter_card":"summary_large_image","twitter_misc":{"Skrevet av":"Tage Slind Jensen","Ansl. lesetid":"2 minutter"},"schema":{"@context":"https:\/\/schema.org","@graph":[{"@type":"Article","@id":"https:\/\/hoyre.no\/nesodden\/aktuelt\/laereren-skal-vaere-sjefen-i-klasserommet\/#article","isPartOf":{"@id":"https:\/\/hoyre.no\/nesodden\/aktuelt\/laereren-skal-vaere-sjefen-i-klasserommet\/"},"author":{"name":"Tage Slind Jensen","@id":"https:\/\/hoyre.no\/nesodden\/#\/schema\/person\/7b9b960167d3690f360a02c9729e2ce9"},"headline":"L\u00e6reren skal v\u00e6re sjefen i klasserommet","datePublished":"2026-08-17T05:00:00+00:00","mainEntityOfPage":{"@id":"https:\/\/hoyre.no\/nesodden\/aktuelt\/laereren-skal-vaere-sjefen-i-klasserommet\/"},"wordCount":380,"articleSection":["Nyheter"],"inLanguage":"nb-NO"},{"@type":"NewsArticle","@id":"https:\/\/hoyre.no\/nesodden\/aktuelt\/laereren-skal-vaere-sjefen-i-klasserommet\/","url":"https:\/\/hoyre.no\/nesodden\/aktuelt\/laereren-skal-vaere-sjefen-i-klasserommet\/","name":"L\u00e6reren skal v\u00e6re sjefen i klasserommet - Nesodden H\u00f8yre","isPartOf":{"@id":"https:\/\/hoyre.no\/nesodden\/#website"},"datePublished":"2026-08-17T05:00:00+00:00","author":{"@id":"https:\/\/hoyre.no\/nesodden\/#\/schema\/person\/7b9b960167d3690f360a02c9729e2ce9"},"breadcrumb":{"@id":"https:\/\/hoyre.no\/nesodden\/aktuelt\/laereren-skal-vaere-sjefen-i-klasserommet\/#breadcrumb"},"inLanguage":"nb-NO","potentialAction":[{"@type":"ReadAction","target":["https:\/\/hoyre.no\/nesodden\/aktuelt\/laereren-skal-vaere-sjefen-i-klasserommet\/"]}]},{"@type":"BreadcrumbList","@id":"https:\/\/hoyre.no\/nesodden\/aktuelt\/laereren-skal-vaere-sjefen-i-klasserommet\/#breadcrumb","itemListElement":[{"@type":"ListItem","position":1,"name":"Til hoyre.no","item":"https:\/\/hoyre.no"},{"@type":"ListItem","position":2,"name":"Hjem","item":"https:\/\/hoyre.no\/nesodden\/"},{"@type":"ListItem","position":3,"name":"L\u00e6reren skal v\u00e6re sjefen i klasserommet"}]},{"@type":"WebSite","@id":"https:\/\/hoyre.no\/nesodden\/#website","url":"https:\/\/hoyre.no\/nesodden\/","name":"Nesodden H\u00f8yre","description":"Bare enda et H\u00f8yres nettsteder-nettsted","inLanguage":"nb-NO"},{"@type":"Person","@id":"https:\/\/hoyre.no\/nesodden\/#\/schema\/person\/7b9b960167d3690f360a02c9729e2ce9","name":"Tage Slind Jensen","image":{"@type":"ImageObject","inLanguage":"nb-NO","@id":"https:\/\/secure.gravatar.com\/avatar\/7ff31022bcc5422617c2eee5bc8183344803dba60c147897cfc83a88a4e2441d?s=96&d=mm&r=g","url":"https:\/\/secure.gravatar.com\/avatar\/7ff31022bcc5422617c2eee5bc8183344803dba60c147897cfc83a88a4e2441d?s=96&d=mm&r=g","contentUrl":"https:\/\/secure.gravatar.com\/avatar\/7ff31022bcc5422617c2eee5bc8183344803dba60c147897cfc83a88a4e2441d?s=96&d=mm&r=g","caption":"Tage Slind Jensen"},"url":"https:\/\/hoyre.no\/nesodden\/aktuelt\/author\/m51895688\/"}]}},"distributor_meta":false,"distributor_terms":false,"distributor_media":false,"distributor_original_site_name":"Nesodden H\u00f8yre","distributor_original_site_url":"https:\/\/hoyre.no\/nesodden","push-errors":false,"_links":{"self":[{"href":"https:\/\/hoyre.no\/nesodden\/wp-json\/wp\/v2\/posts\/1577","targetHints":{"allow":["GET"]}}],"collection":[{"href":"https:\/\/hoyre.no\/nesodden\/wp-json\/wp\/v2\/posts"}],"about":[{"href":"https:\/\/hoyre.no\/nesodden\/wp-json\/wp\/v2\/types\/post"}],"author":[{"embeddable":true,"href":"https:\/\/hoyre.no\/nesodden\/wp-json\/wp\/v2\/users\/11570"}],"replies":[{"embeddable":true,"href":"https:\/\/hoyre.no\/nesodden\/wp-json\/wp\/v2\/comments?post=1577"}],"version-history":[{"count":1,"href":"https:\/\/hoyre.no\/nesodden\/wp-json\/wp\/v2\/posts\/1577\/revisions"}],"predecessor-version":[{"id":1578,"href":"https:\/\/hoyre.no\/nesodden\/wp-json\/wp\/v2\/posts\/1577\/revisions\/1578"}],"wp:attachment":[{"href":"https:\/\/hoyre.no\/nesodden\/wp-json\/wp\/v2\/media?parent=1577"}],"wp:term":[{"taxonomy":"category","embeddable":true,"href":"https:\/\/hoyre.no\/nesodden\/wp-json\/wp\/v2\/category?post=1577"},{"taxonomy":"post_tag","embeddable":true,"href":"https:\/\/hoyre.no\/nesodden\/wp-json\/wp\/v2\/post_tag?post=1577"},{"taxonomy":"hoyre-visibility","embeddable":true,"href":"https:\/\/hoyre.no\/nesodden\/wp-json\/wp\/v2\/hoyre-visibility?post=1577"},{"taxonomy":"article-type","embeddable":true,"href":"https:\/\/hoyre.no\/nesodden\/wp-json\/wp\/v2\/article-type?post=1577"},{"taxonomy":"politician","embeddable":true,"href":"https:\/\/hoyre.no\/nesodden\/wp-json\/wp\/v2\/politician?post=1577"}],"curies":[{"name":"wp","href":"https:\/\/api.w.org\/{rel}","templated":true}]}}