{"id":1192,"date":"2023-11-13T19:59:10","date_gmt":"2023-11-13T18:59:10","guid":{"rendered":"https:\/\/hoyre.no\/nordland\/?p=1192"},"modified":"2023-11-13T19:59:11","modified_gmt":"2023-11-13T18:59:11","slug":"uttalelse-fra-nordland-hoyre-om-sykehusstruktur-i-nord","status":"publish","type":"post","link":"https:\/\/hoyre.no\/nordland\/aktuelt\/uttalelse-fra-nordland-hoyre-om-sykehusstruktur-i-nord\/","title":{"rendered":"Uttalelse fra Nordland H\u00f8yre om sykehusstruktur i nord."},"content":{"rendered":"\n<p class=\"preamble\">Les uttalelsen Nordland H\u00f8yres fylkes\u00e5rsm\u00f8te 2023 vedtok.<\/p>\t\t\t<div class=\"post-meta wp-block teft-byline-wrapper\">\n\t\t\t\t<div class=\"top\">\n\t\t\t\t\t<div class=\"signature\">\n\t\t\t\t\t\t<div class=\"teft-byline\">\n\t\t\t\t\t\t\t\t\t\t\t\t\t\t<div>\n\t\t\t\t\t\t\t\t<h3>H\u00f8yres redaksjon<\/h3>\t\t\t\t\t\t\t\t\n\t\t\t\t\t\t\t\t\t\t\t\t\t\t\t\t\t<span class=\"date\">Sist oppdatert: 13. november 2023<\/span>\n\t\t\t\t\t\t\t\t\t\t\t\t\t\t\t\t\t\t\t\t\t\t\t\t\t<span class=\"reading-time\" itemprop=\"timeRequired\" content=\"PT2M\"><em>Ca. 2 minutter lesetid<\/em><\/span>\n\t\t\t\t\t\t\t\t\t\t\t\t\t\t\t<\/div>\n\t\t\t\t\t\t<\/div>\n\t\t\t\t\t<\/div>\n\t\t\t\t\t\t<div class=\"sharing\">\n\t\t<a class=\"share-button share-link copy-link\" data-copy=\"https:\/\/hoyre.no\/nordland\/aktuelt\/uttalelse-fra-nordland-hoyre-om-sykehusstruktur-i-nord\/\" target=\"_blank\"><span class=\"screen-reader-text\">Del link<\/span><\/a>\n\t\t<a class=\"share-button share-twitter\" href=\"http:\/\/twitter.com\/share?text=Uttalelse fra Nordland H\u00f8yre om sykehusstruktur i nord.&#038;url=https:\/\/hoyre.no\/nordland\/aktuelt\/uttalelse-fra-nordland-hoyre-om-sykehusstruktur-i-nord\/&#038;hashtags=Hoyre\" target=\"_blank\"><span class=\"screen-reader-text\">Del p\u00e5 twitter<\/span><\/a>\n\t\t<a class=\"share-button share-facebook\" href=\"https:\/\/www.facebook.com\/sharer\/sharer.php?u=https:\/\/hoyre.no\/nordland\/aktuelt\/uttalelse-fra-nordland-hoyre-om-sykehusstruktur-i-nord\/\" target=\"_blank\"><span class=\"screen-reader-text\">Del p\u00e5 facebook<\/span><\/a>\n\t<\/div>\n\t\t\t\t\t<\/div>\n\t\t\t<\/div>\n\n\t\t\t<figure class=\"hoyre-image-wrapper\"><div class=\"hoyre-image\"><img loading=\"lazy\" decoding=\"async\" width=\"2500\" height=\"1596\" src=\"https:\/\/hoyre.no\/content\/uploads\/sites\/9\/2023\/11\/GettyImages-1152836719-scaled.jpg\" class=\"attachment-scaled size-scaled\" alt=\"\" style=\"object-position: 50% 50%\" srcset=\"https:\/\/hoyre.no\/content\/uploads\/sites\/9\/2023\/11\/GettyImages-1152836719-scaled.jpg 2500w, https:\/\/hoyre.no\/content\/uploads\/sites\/9\/2023\/11\/GettyImages-1152836719-300x192.jpg 300w, https:\/\/hoyre.no\/content\/uploads\/sites\/9\/2023\/11\/GettyImages-1152836719-1024x654.jpg 1024w, https:\/\/hoyre.no\/content\/uploads\/sites\/9\/2023\/11\/GettyImages-1152836719-768x490.jpg 768w, https:\/\/hoyre.no\/content\/uploads\/sites\/9\/2023\/11\/GettyImages-1152836719-1536x981.jpg 1536w, https:\/\/hoyre.no\/content\/uploads\/sites\/9\/2023\/11\/GettyImages-1152836719-2048x1308.jpg 2048w\" sizes=\"auto, (max-width: 2500px) 100vw, 2500px\" \/><\/div><\/figure>\n\n\n\n\n<p><strong>Nordland H\u00f8yre krever samfunnsanalyse og demokratisk behandling av sykehusstruktur i nord<\/strong><\/p>\n\n\n\n<p>Nordland H\u00f8yre registrerer at Helse Nord er godt i gang med utredning av p\u00e5legg fra helseministeren om endring i sykehusstrukturen i Nord-Norge. Flere av forslagene vil gi drastiske endringer, inkludert nedleggelse av sykehus og bortfall av akuttberedskap. Dette har oppr\u00f8rt befolkningen og skapt stor usikkerhet i befolkning og n\u00e6ringsliv.<\/p>\n\n\n\n<p>Nordland H\u00f8yre er tydelige p\u00e5 at tilgang til akuttberedskap innen helse gir trygghet for bosetting, bolyst, rekruttering og n\u00e6rings- og samfunnsutvikling i fylket. Det er sv\u00e6rt kritikkverdig at kommuner og regionr\u00e5d ikke har kjennskap til kriteriene for ROS-analysen som skal gjennomf\u00f8res innenfor helsefagomr\u00e5det. Det fremst\u00e5r underlig at regjeringen har avvist analyser av samfunnsmessige forhold som vedr\u00f8rer spredt bosetting, store avstander, rekruttering, sikkerhet og beredskap, v\u00e6rmessige utfordringer, blant annet med tanke p\u00e5 at klimaendringene vil f\u00f8re til mer ekstremv\u00e6r fremover- noe som ikke kan kompenseres med \u00f8kte prehospital transporttjenester.<\/p>\n\n\n\n<p>Nordland H\u00f8yre er meget bekymret for konsekvensene av usikkerheten rundt akuttberedskap og tilgangen til helsetjenester ved lokalsykehusene og for rekrutteringssituasjonen i en landsdel som skriker etter mer kvalifisert personell til ledige stillinger, ikke bare innen helsesektoren, men ogs\u00e5 i andre sektorer som st\u00e5r overfor samme utfordring.<\/p>\n\n\n\n<p><br>Nordland H\u00f8yre mener det er sterkt kritikkverdig at helseministeren og regjeringen legger opp til b\u00e5de udemokratisk behandling og forskjellsbehandling av Nord-Norge sammenlignet med resten av landet.<\/p>\n\n\n\n<p>Nordland H\u00f8yre viser ogs\u00e5 til anbefalingen fra Forsvars- og Totalberedskapskommisjonens om \u00e5 styrke spesialisthelsetjenesten og akuttberedskapen i Nord-Norge, samt behovet for \u00e5 inkludere nasjonal sikkerhet og forsvarsevne i vurderingsgrunnlaget n\u00e5r sykehusstrukturen endres.<\/p>\n\n\n\n<p>Nordland H\u00f8yre understreker at alvorligheten av saken krever en bredere politisk tiln\u00e6rming, med samfunnsanalyser som vurderer konsekvensene og av forsvarligheten av nedleggelse av akuttberedskap ved lokalsykehusene, b\u00e5de med tanke p\u00e5 bosetting, rekruttering og samfunnsutvikling. Vurderinger av andre politiske m\u00e5lsettinger m\u00e5 ogs\u00e5 inkluderes, og involvering av ber\u00f8rte departementer, kommuner og Stortinget er n\u00f8dvendig i prosessen.<\/p>\n\n\n\n<p>Nordland H\u00f8yre krever at helseministeren og regjeringen tar initiativ til \u00e5 analysere de \u00f8vrige samfunnsmessige konsekvensene for Nord-Norge som f\u00f8lge av endringsforslagene fra Helse Nord om ny sykehusstruktur, og at saken legges frem for Stortinget for endelig behandling.<\/p>\n\n\n\n<div class=\"wp-block-teft-file icon-link-block\"><a href=\"https:\/\/hoyre.no\/content\/uploads\/sites\/9\/2023\/11\/Nordland-Hoyre-krever-samfunnsanalyse-og-demokratisk-behandling-av-sykehusstruktur-i-nord.13.docx\" download><span class=\"file-title\">Nordland H\u00f8yre krever samfunnsanalyse og demokratisk behandling av sykehusstruktur i nord<\/span><span class=\"file-name\"><\/span><\/a><\/div>\n\n\n<div class=\"tags\">\n\t<\/div>\n<div class=\"post-footer alignfull has-background block-editor-block-list__block\" data-align=full>\n\t<div class=\"post-footer-inner\">\n\t\t<h3>Relaterte artikler<\/h3>\n\t\t<div class=\"related-content\"><div class=\"is-card-hoyre\">\n\t<div class=\"teft-card hoyre-teft-card post-teft-card\">\n\t\t<a href=\"https:\/\/hoyre.no\/nordland\/aktuelt\/vi-onsker-dine-innspill\/\" class=\"teft-card__primary-action\">\n\n\t\t\t\t\t<div class=\"teft-card__media teft-card__media--16-9\">\n\t\t\t\t\t\t<img loading=\"lazy\" decoding=\"async\" width=\"768\" height=\"402\" src=\"https:\/\/hoyre.no\/content\/uploads\/sites\/9\/2026\/04\/Dokument-uten-navn-09.02.2026-1-1536x804-1-768x402.png\" class=\"attachment-medium_large size-medium_large\" alt=\"\" srcset=\"https:\/\/hoyre.no\/content\/uploads\/sites\/9\/2026\/04\/Dokument-uten-navn-09.02.2026-1-1536x804-1-768x402.png 768w, https:\/\/hoyre.no\/content\/uploads\/sites\/9\/2026\/04\/Dokument-uten-navn-09.02.2026-1-1536x804-1-300x157.png 300w, https:\/\/hoyre.no\/content\/uploads\/sites\/9\/2026\/04\/Dokument-uten-navn-09.02.2026-1-1536x804-1-1024x536.png 1024w, https:\/\/hoyre.no\/content\/uploads\/sites\/9\/2026\/04\/Dokument-uten-navn-09.02.2026-1-1536x804-1.png 1536w\" sizes=\"auto, (max-width: 768px) 100vw, 768px\" \/>\t\t<\/div>\n\t\t\n\t\t\t<div class=\"teft-card__content-wrapper\">\n\t\t\t\t<div class=\"teft-card__secondary\">\n\t\t\t\t\t\n\t\t\t\t\t\t\t\t<div class=\"teft-card__meta\">\n\t\t\t\t\t\t\t\t\t<span class=\"post-date\">15. apr 2026<\/span>\n\n\t\t\t\t\t\t\t\t\t<span class=\"post-category\">Nominasjonsprosess 2027\/2031<\/span>\t\t\t\t\t\t\t\t<\/div>\n\t\t\t\t\t\t\t\t\t\t\t<\/div>\n\n\t\t\t\t<div class=\"teft-card__primary\">\n\t\t\t\t\t<h2 class=\"teft-card__title\">Vi \u00f8nsker dine innspill!&nbsp;<span class=\"teft-card__primary-title-append\"><\/span><\/h2>\t\t\t\t<\/div>\n\t\t\t<\/div>\n\t\t<\/a>\n\t<\/div>\n\n\t<\/div><div class=\"is-card-hoyre\">\n\t<div class=\"teft-card hoyre-teft-card post-teft-card\">\n\t\t<a href=\"https:\/\/hoyre.no\/nordland\/aktuelt\/sjomatnaeringen-og-prosessindustrien\/\" class=\"teft-card__primary-action\">\n\n\t\t\t<div class=\"teft-card__media teft-card__media--16-9 no-image\"><\/div>\n\t\t\t<div class=\"teft-card__content-wrapper\">\n\t\t\t\t<div class=\"teft-card__secondary\">\n\t\t\t\t\t\n\t\t\t\t\t\t\t\t<div class=\"teft-card__meta\">\n\t\t\t\t\t\t\t\t\t<span class=\"post-date\">20. nov 2025<\/span>\n\n\t\t\t\t\t\t\t\t\t<span class=\"post-category\">Fylkes\u00e5rsm\u00f8te 2025<\/span>\t\t\t\t\t\t\t\t<\/div>\n\t\t\t\t\t\t\t\t\t\t\t<\/div>\n\n\t\t\t\t<div class=\"teft-card__primary\">\n\t\t\t\t\t<h2 class=\"teft-card__title\">Sj\u00f8matn\u00e6ringen og prosessindustrien&nbsp;<span class=\"teft-card__primary-title-append\"><\/span><\/h2>\t\t\t\t<\/div>\n\t\t\t<\/div>\n\t\t<\/a>\n\t<\/div>\n\n\t<\/div><div class=\"is-card-hoyre\">\n\t<div class=\"teft-card hoyre-teft-card post-teft-card\">\n\t\t<a href=\"https:\/\/hoyre.no\/nordland\/aktuelt\/okt-satsning-pa-havforskning\/\" class=\"teft-card__primary-action\">\n\n\t\t\t<div class=\"teft-card__media teft-card__media--16-9 no-image\"><\/div>\n\t\t\t<div class=\"teft-card__content-wrapper\">\n\t\t\t\t<div class=\"teft-card__secondary\">\n\t\t\t\t\t\n\t\t\t\t\t\t\t\t<div class=\"teft-card__meta\">\n\t\t\t\t\t\t\t\t\t<span class=\"post-date\">20. nov 2025<\/span>\n\n\t\t\t\t\t\t\t\t\t<span class=\"post-category\">Fylkes\u00e5rsm\u00f8te 2025<\/span>\t\t\t\t\t\t\t\t<\/div>\n\t\t\t\t\t\t\t\t\t\t\t<\/div>\n\n\t\t\t\t<div class=\"teft-card__primary\">\n\t\t\t\t\t<h2 class=\"teft-card__title\">\u00d8kt satsning p\u00e5 havforskning&nbsp;<span class=\"teft-card__primary-title-append\"><\/span><\/h2>\t\t\t\t<\/div>\n\t\t\t<\/div>\n\t\t<\/a>\n\t<\/div>\n\n\t<\/div><\/div>\t<\/div>\n<\/div>\n","protected":false},"excerpt":{"rendered":"","protected":false},"author":3547,"featured_media":0,"comment_status":"closed","ping_status":"closed","sticky":false,"template":"","format":"standard","meta":{"teft_cards_image_url":"","teft_cards_custom_pretitle":"","teft_cards_image_id":1194,"teft_cards_image_focal_point_x":0.5,"teft_cards_image_focal_point_y":0.5,"teft_cards_title":"","teft_cards_excerpt":"","teft_show_chapters":false,"author_display_name":"","footnotes":""},"category":[1],"post_tag":[],"hoyre-visibility":[],"article-type":[],"politician":[],"class_list":["post-1192","post","type-post","status-publish","format-standard","hentry","category-ukategorisert"],"yoast_head":"<!-- This site is optimized with the Yoast SEO plugin v26.6 - https:\/\/yoast.com\/wordpress\/plugins\/seo\/ -->\n<title>Uttalelse fra Nordland H\u00f8yre om sykehusstruktur i nord. - Nordland H\u00f8yre<\/title>\n<meta name=\"robots\" content=\"index, follow, max-snippet:-1, max-image-preview:large, max-video-preview:-1\" \/>\n<link rel=\"canonical\" href=\"https:\/\/hoyre.no\/nordland\/aktuelt\/uttalelse-fra-nordland-hoyre-om-sykehusstruktur-i-nord\/\" \/>\n<meta property=\"og:locale\" content=\"nb_NO\" \/>\n<meta property=\"og:type\" content=\"article\" \/>\n<meta property=\"og:title\" content=\"Uttalelse fra Nordland H\u00f8yre om sykehusstruktur i nord. - Nordland H\u00f8yre\" \/>\n<meta property=\"og:url\" content=\"https:\/\/hoyre.no\/nordland\/aktuelt\/uttalelse-fra-nordland-hoyre-om-sykehusstruktur-i-nord\/\" \/>\n<meta property=\"og:site_name\" content=\"Nordland H\u00f8yre\" \/>\n<meta property=\"article:published_time\" content=\"2023-11-13T18:59:10+00:00\" \/>\n<meta property=\"article:modified_time\" content=\"2023-11-13T18:59:11+00:00\" \/>\n<meta property=\"og:image\" content=\"https:\/\/hoyre.no\/content\/uploads\/sites\/9\/2022\/11\/Hoyres-logo.png\" \/>\n\t<meta property=\"og:image:width\" content=\"1000\" \/>\n\t<meta property=\"og:image:height\" content=\"1000\" \/>\n\t<meta property=\"og:image:type\" content=\"image\/png\" \/>\n<meta name=\"author\" content=\"Isabella Emilie Pigini Storli\" \/>\n<meta name=\"twitter:card\" content=\"summary_large_image\" \/>\n<meta name=\"twitter:label1\" content=\"Skrevet av\" \/>\n\t<meta name=\"twitter:data1\" content=\"Isabella Emilie Pigini Storli\" \/>\n\t<meta name=\"twitter:label2\" content=\"Ansl. lesetid\" \/>\n\t<meta name=\"twitter:data2\" content=\"3 minutter\" \/>\n<script type=\"application\/ld+json\" class=\"yoast-schema-graph\">{\"@context\":\"https:\/\/schema.org\",\"@graph\":[{\"@type\":\"NewsArticle\",\"@id\":\"https:\/\/hoyre.no\/nordland\/aktuelt\/uttalelse-fra-nordland-hoyre-om-sykehusstruktur-i-nord\/\",\"url\":\"https:\/\/hoyre.no\/nordland\/aktuelt\/uttalelse-fra-nordland-hoyre-om-sykehusstruktur-i-nord\/\",\"name\":\"Uttalelse fra Nordland H\u00f8yre om sykehusstruktur i nord. - Nordland H\u00f8yre\",\"isPartOf\":{\"@id\":\"https:\/\/hoyre.no\/nordland\/#website\"},\"datePublished\":\"2023-11-13T18:59:10+00:00\",\"dateModified\":\"2023-11-13T18:59:11+00:00\",\"author\":{\"@id\":\"https:\/\/hoyre.no\/nordland\/#\/schema\/person\/6f4581f8cbce8649b11dffce4d355a20\"},\"breadcrumb\":{\"@id\":\"https:\/\/hoyre.no\/nordland\/aktuelt\/uttalelse-fra-nordland-hoyre-om-sykehusstruktur-i-nord\/#breadcrumb\"},\"inLanguage\":\"nb-NO\",\"potentialAction\":[{\"@type\":\"ReadAction\",\"target\":[\"https:\/\/hoyre.no\/nordland\/aktuelt\/uttalelse-fra-nordland-hoyre-om-sykehusstruktur-i-nord\/\"]}]},{\"@type\":\"BreadcrumbList\",\"@id\":\"https:\/\/hoyre.no\/nordland\/aktuelt\/uttalelse-fra-nordland-hoyre-om-sykehusstruktur-i-nord\/#breadcrumb\",\"itemListElement\":[{\"@type\":\"ListItem\",\"position\":1,\"name\":\"Til hoyre.no\",\"item\":\"https:\/\/hoyre.no\"},{\"@type\":\"ListItem\",\"position\":2,\"name\":\"Hjem\",\"item\":\"https:\/\/hoyre.no\/nordland\/\"},{\"@type\":\"ListItem\",\"position\":3,\"name\":\"Uttalelse fra Nordland H\u00f8yre om sykehusstruktur i nord.\"}]},{\"@type\":\"WebSite\",\"@id\":\"https:\/\/hoyre.no\/nordland\/#website\",\"url\":\"https:\/\/hoyre.no\/nordland\/\",\"name\":\"Nordland H\u00f8yre\",\"description\":\"Bare enda et H\u00f8yres nettsteder-nettsted\",\"inLanguage\":\"nb-NO\"},{\"@type\":\"Person\",\"@id\":\"https:\/\/hoyre.no\/nordland\/#\/schema\/person\/6f4581f8cbce8649b11dffce4d355a20\",\"name\":\"Isabella Emilie Pigini Storli\",\"image\":{\"@type\":\"ImageObject\",\"inLanguage\":\"nb-NO\",\"@id\":\"https:\/\/hoyre.no\/nordland\/#\/schema\/person\/image\/\",\"url\":\"https:\/\/secure.gravatar.com\/avatar\/08adee43a03700ba785bdbd90482e1f29963f7da76a6456741cc4ace550c4fe2?s=96&d=mm&r=g\",\"contentUrl\":\"https:\/\/secure.gravatar.com\/avatar\/08adee43a03700ba785bdbd90482e1f29963f7da76a6456741cc4ace550c4fe2?s=96&d=mm&r=g\",\"caption\":\"Isabella Emilie Pigini Storli\"},\"url\":\"https:\/\/hoyre.no\/nordland\/aktuelt\/author\/m52026796\/\"}]}<\/script>\n<!-- \/ Yoast SEO plugin. -->","yoast_head_json":{"title":"Uttalelse fra Nordland H\u00f8yre om sykehusstruktur i nord. - Nordland H\u00f8yre","robots":{"index":"index","follow":"follow","max-snippet":"max-snippet:-1","max-image-preview":"max-image-preview:large","max-video-preview":"max-video-preview:-1"},"canonical":"https:\/\/hoyre.no\/nordland\/aktuelt\/uttalelse-fra-nordland-hoyre-om-sykehusstruktur-i-nord\/","og_locale":"nb_NO","og_type":"article","og_title":"Uttalelse fra Nordland H\u00f8yre om sykehusstruktur i nord. - Nordland H\u00f8yre","og_url":"https:\/\/hoyre.no\/nordland\/aktuelt\/uttalelse-fra-nordland-hoyre-om-sykehusstruktur-i-nord\/","og_site_name":"Nordland H\u00f8yre","article_published_time":"2023-11-13T18:59:10+00:00","article_modified_time":"2023-11-13T18:59:11+00:00","og_image":[{"width":1000,"height":1000,"url":"https:\/\/hoyre.no\/content\/uploads\/sites\/9\/2022\/11\/Hoyres-logo.png","type":"image\/png"}],"author":"Isabella Emilie Pigini Storli","twitter_card":"summary_large_image","twitter_misc":{"Skrevet av":"Isabella Emilie Pigini Storli","Ansl. lesetid":"3 minutter"},"schema":{"@context":"https:\/\/schema.org","@graph":[{"@type":"NewsArticle","@id":"https:\/\/hoyre.no\/nordland\/aktuelt\/uttalelse-fra-nordland-hoyre-om-sykehusstruktur-i-nord\/","url":"https:\/\/hoyre.no\/nordland\/aktuelt\/uttalelse-fra-nordland-hoyre-om-sykehusstruktur-i-nord\/","name":"Uttalelse fra Nordland H\u00f8yre om sykehusstruktur i nord. - Nordland H\u00f8yre","isPartOf":{"@id":"https:\/\/hoyre.no\/nordland\/#website"},"datePublished":"2023-11-13T18:59:10+00:00","dateModified":"2023-11-13T18:59:11+00:00","author":{"@id":"https:\/\/hoyre.no\/nordland\/#\/schema\/person\/6f4581f8cbce8649b11dffce4d355a20"},"breadcrumb":{"@id":"https:\/\/hoyre.no\/nordland\/aktuelt\/uttalelse-fra-nordland-hoyre-om-sykehusstruktur-i-nord\/#breadcrumb"},"inLanguage":"nb-NO","potentialAction":[{"@type":"ReadAction","target":["https:\/\/hoyre.no\/nordland\/aktuelt\/uttalelse-fra-nordland-hoyre-om-sykehusstruktur-i-nord\/"]}]},{"@type":"BreadcrumbList","@id":"https:\/\/hoyre.no\/nordland\/aktuelt\/uttalelse-fra-nordland-hoyre-om-sykehusstruktur-i-nord\/#breadcrumb","itemListElement":[{"@type":"ListItem","position":1,"name":"Til hoyre.no","item":"https:\/\/hoyre.no"},{"@type":"ListItem","position":2,"name":"Hjem","item":"https:\/\/hoyre.no\/nordland\/"},{"@type":"ListItem","position":3,"name":"Uttalelse fra Nordland H\u00f8yre om sykehusstruktur i nord."}]},{"@type":"WebSite","@id":"https:\/\/hoyre.no\/nordland\/#website","url":"https:\/\/hoyre.no\/nordland\/","name":"Nordland H\u00f8yre","description":"Bare enda et H\u00f8yres nettsteder-nettsted","inLanguage":"nb-NO"},{"@type":"Person","@id":"https:\/\/hoyre.no\/nordland\/#\/schema\/person\/6f4581f8cbce8649b11dffce4d355a20","name":"Isabella Emilie Pigini Storli","image":{"@type":"ImageObject","inLanguage":"nb-NO","@id":"https:\/\/hoyre.no\/nordland\/#\/schema\/person\/image\/","url":"https:\/\/secure.gravatar.com\/avatar\/08adee43a03700ba785bdbd90482e1f29963f7da76a6456741cc4ace550c4fe2?s=96&d=mm&r=g","contentUrl":"https:\/\/secure.gravatar.com\/avatar\/08adee43a03700ba785bdbd90482e1f29963f7da76a6456741cc4ace550c4fe2?s=96&d=mm&r=g","caption":"Isabella Emilie Pigini Storli"},"url":"https:\/\/hoyre.no\/nordland\/aktuelt\/author\/m52026796\/"}]}},"distributor_meta":false,"distributor_terms":false,"distributor_media":false,"distributor_original_site_name":"Nordland H\u00f8yre","distributor_original_site_url":"https:\/\/hoyre.no\/nordland","push-errors":false,"_links":{"self":[{"href":"https:\/\/hoyre.no\/nordland\/wp-json\/wp\/v2\/posts\/1192","targetHints":{"allow":["GET"]}}],"collection":[{"href":"https:\/\/hoyre.no\/nordland\/wp-json\/wp\/v2\/posts"}],"about":[{"href":"https:\/\/hoyre.no\/nordland\/wp-json\/wp\/v2\/types\/post"}],"author":[{"embeddable":true,"href":"https:\/\/hoyre.no\/nordland\/wp-json\/wp\/v2\/users\/3547"}],"replies":[{"embeddable":true,"href":"https:\/\/hoyre.no\/nordland\/wp-json\/wp\/v2\/comments?post=1192"}],"version-history":[{"count":1,"href":"https:\/\/hoyre.no\/nordland\/wp-json\/wp\/v2\/posts\/1192\/revisions"}],"predecessor-version":[{"id":1195,"href":"https:\/\/hoyre.no\/nordland\/wp-json\/wp\/v2\/posts\/1192\/revisions\/1195"}],"wp:attachment":[{"href":"https:\/\/hoyre.no\/nordland\/wp-json\/wp\/v2\/media?parent=1192"}],"wp:term":[{"taxonomy":"category","embeddable":true,"href":"https:\/\/hoyre.no\/nordland\/wp-json\/wp\/v2\/category?post=1192"},{"taxonomy":"post_tag","embeddable":true,"href":"https:\/\/hoyre.no\/nordland\/wp-json\/wp\/v2\/post_tag?post=1192"},{"taxonomy":"hoyre-visibility","embeddable":true,"href":"https:\/\/hoyre.no\/nordland\/wp-json\/wp\/v2\/hoyre-visibility?post=1192"},{"taxonomy":"article-type","embeddable":true,"href":"https:\/\/hoyre.no\/nordland\/wp-json\/wp\/v2\/article-type?post=1192"},{"taxonomy":"politician","embeddable":true,"href":"https:\/\/hoyre.no\/nordland\/wp-json\/wp\/v2\/politician?post=1192"}],"curies":[{"name":"wp","href":"https:\/\/api.w.org\/{rel}","templated":true}]}}