{"id":1208,"date":"2023-11-21T17:58:35","date_gmt":"2023-11-21T16:58:35","guid":{"rendered":"https:\/\/hoyre.no\/nordland\/?p=1208"},"modified":"2023-11-21T17:58:44","modified_gmt":"2023-11-21T16:58:44","slug":"uttalelse-fra-nordland-hoyre-kommunenes-okonomiske-situasjon","status":"publish","type":"post","link":"https:\/\/hoyre.no\/nordland\/aktuelt\/uttalelse-fra-nordland-hoyre-kommunenes-okonomiske-situasjon\/","title":{"rendered":"Uttalelse fra Nordland H\u00f8yre: Kommunenes \u00f8konomiske situasjon"},"content":{"rendered":"\n<p class=\"preamble\">Uttalelse vedtatt p\u00e5 Nordland H\u00f8yres fylkes\u00e5rsm\u00f8te 2023<\/p>\t\t\t<div class=\"post-meta wp-block teft-byline-wrapper\">\n\t\t\t\t<div class=\"top\">\n\t\t\t\t\t<div class=\"signature\">\n\t\t\t\t\t\t<div class=\"teft-byline\">\n\t\t\t\t\t\t\t\t\t\t\t\t\t\t<div>\n\t\t\t\t\t\t\t\t<h3>H\u00f8yres redaksjon<\/h3>\t\t\t\t\t\t\t\t\n\t\t\t\t\t\t\t\t\t\t\t\t\t\t\t\t\t<span class=\"date\">Sist oppdatert: 21. november 2023<\/span>\n\t\t\t\t\t\t\t\t\t\t\t\t\t\t\t\t\t\t\t\t\t\t\t\t\t<span class=\"reading-time\" itemprop=\"timeRequired\" content=\"PT3M\"><em>Ca. 3 minutter lesetid<\/em><\/span>\n\t\t\t\t\t\t\t\t\t\t\t\t\t\t\t<\/div>\n\t\t\t\t\t\t<\/div>\n\t\t\t\t\t<\/div>\n\t\t\t\t\t\t<div class=\"sharing\">\n\t\t<a class=\"share-button share-link copy-link\" data-copy=\"https:\/\/hoyre.no\/nordland\/aktuelt\/uttalelse-fra-nordland-hoyre-kommunenes-okonomiske-situasjon\/\" target=\"_blank\"><span class=\"screen-reader-text\">Del link<\/span><\/a>\n\t\t<a class=\"share-button share-twitter\" href=\"http:\/\/twitter.com\/share?text=Uttalelse fra Nordland H\u00f8yre: Kommunenes \u00f8konomiske situasjon&#038;url=https:\/\/hoyre.no\/nordland\/aktuelt\/uttalelse-fra-nordland-hoyre-kommunenes-okonomiske-situasjon\/&#038;hashtags=Hoyre\" target=\"_blank\"><span class=\"screen-reader-text\">Del p\u00e5 twitter<\/span><\/a>\n\t\t<a class=\"share-button share-facebook\" href=\"https:\/\/www.facebook.com\/sharer\/sharer.php?u=https:\/\/hoyre.no\/nordland\/aktuelt\/uttalelse-fra-nordland-hoyre-kommunenes-okonomiske-situasjon\/\" target=\"_blank\"><span class=\"screen-reader-text\">Del p\u00e5 facebook<\/span><\/a>\n\t<\/div>\n\t\t\t\t\t<\/div>\n\t\t\t<\/div>\n\n\t\t\t<figure class=\"hoyre-image-wrapper\"><div class=\"hoyre-image\"><img loading=\"lazy\" decoding=\"async\" width=\"2500\" height=\"1667\" src=\"https:\/\/hoyre.no\/content\/uploads\/sites\/9\/2023\/11\/GettyImages-1219527349-scaled.jpg\" class=\"attachment-scaled size-scaled\" alt=\"\" style=\"object-position: 50% 50%\" srcset=\"https:\/\/hoyre.no\/content\/uploads\/sites\/9\/2023\/11\/GettyImages-1219527349-scaled.jpg 2500w, https:\/\/hoyre.no\/content\/uploads\/sites\/9\/2023\/11\/GettyImages-1219527349-300x200.jpg 300w, https:\/\/hoyre.no\/content\/uploads\/sites\/9\/2023\/11\/GettyImages-1219527349-1024x683.jpg 1024w, https:\/\/hoyre.no\/content\/uploads\/sites\/9\/2023\/11\/GettyImages-1219527349-768x512.jpg 768w, https:\/\/hoyre.no\/content\/uploads\/sites\/9\/2023\/11\/GettyImages-1219527349-1536x1024.jpg 1536w, https:\/\/hoyre.no\/content\/uploads\/sites\/9\/2023\/11\/GettyImages-1219527349-2048x1366.jpg 2048w\" sizes=\"auto, (max-width: 2500px) 100vw, 2500px\" \/><\/div><\/figure>\n\n\n\n\n<p>Nordland H\u00f8yre viser til kommuneproposisjonen Prop 1s 2023-2024. I gjennomsnitt \u00f8ker de frie inntektene for kommunene i Nordland med 4,7 prosent med en kommunevariasjon fra 3,1 prosent til 9,8 prosent.&nbsp;<\/p>\n\n\n\n<p>(Gr\u00f8nt hefte side 119-120) Da statsbudsjettet for 2023 ble laget, ble det lagt til grunn en kostnadsvekst p\u00e5 3,7 prosent, som ble oppjustert i Revidert Nasjonalbudsjett i mai 2023 til 5,2 prosent.<\/p>\n\n\n\n<p>Nordland H\u00f8yre vil bemerke at siden statsbudsjettet ble lagt fram i oktober 2022, har Norges bank satt opp renten fra 2,5 prosent i november 2022 til 4,25 prosent i september 2023. Det er en \u00f8kning p\u00e5 1,75 prosentpoeng. Det er fare for at Norges Bank m\u00e5 heve rentene ytterligere. Med en samlet kommunegjeld p\u00e5 ca. 630 milliarder kroner, utgj\u00f8r rente\u00f8kningen en ekstra rentekostnad p\u00e5 n\u00e6r 11 milliarder kroner, ujustert for eventuell rentebinding i kommunene.<\/p>\n\n\n\n<p>Nordland H\u00f8yre vil p\u00e5peke at det er ventet at ogs\u00e5 \u00e5rets l\u00f8nnsoppgj\u00f8r kommer til \u00e5 bli dyrt for kommunene. I tillegg sliter de fleste kommunene, og ogs\u00e5 staten selv, med \u00e5 rekruttere n\u00f8dvendig arbeidskraft innenfor enkelt sektor, eksempelvis helse- og omsorg. N\u00e5r arbeidskraft blir et knapphetsgode, presses gjerne l\u00f8nningene oppover.&nbsp; Tall fra KS viser at pleie- og omsorgssektorens netto driftsutgifter \u00f8kte betydelig mer i 2022 enn for eksempel kostnadene ved grunnskole og barnehage. Det er grunn til \u00e5 tro at denne utviklingen har fortsatt i 2023.<\/p>\n\n\n\n<p>Fra 2015 til 2022 har for eksempel ressursinnsatsen m\u00e5lt i antallet brukertimer per bruker steget fra 100 timer til ca. 118 timer per bruker. S\u00e6rlig sterk er \u00f8kningen blant de yngste brukerne, viser tall fra KS.<\/p>\n\n\n\n<p>Nordland H\u00f8yre viser dessuten til l\u00f8nnsveksten i 2022\/2023, hvorav norske kommuner fikk betydelige innbetalingskrav fra KLP i sommer. Selv sm\u00e5 kommuner fikk krav om ekstrabetaling p\u00e5 flere titall millioner kroner. Selv om reguleringspremien kostnadsf\u00f8res over syv \u00e5r, er det mange kommuner som har f\u00e5tt problemer med likviditeten som f\u00f8lge av premiekravet. Noen kommuner har m\u00e5tte skyve regningen foran seg ved \u00e5 inng\u00e5 avtaler med KLP.<\/p>\n\n\n\n<p>Nordland H\u00f8yre mener det er viktig at kommunene kompenseres ordentlig for de ekstraordin\u00e6re kostnadene som l\u00f8nns- og prisveksten representerer.<\/p>\n\n\n\n<p>Etter Nordland H\u00f8yres mening skjer ikke dette i \u00e5rets \u00f8konomiske opplegg for kommunene, ei heller utfra det som m\u00e5 forventes i 2024.<\/p>\n\n\n\n<p>Nordland H\u00f8yre er klar p\u00e5 at for mange kommuner har inntekter fra havbruksn\u00e6ringen v\u00e6rt et lyspunkt, men at den nye havbruksskatten dessverre blir fordelt p\u00e5 en distriktsfiendtlig m\u00e5te.<\/p>\n\n\n\n<p>I proposisjon 1S (2023-2024) skriver regjeringen:<\/p>\n\n\n\n<p><em>\u00abI tillegg la regjeringa i Prop. 78 LS (2022\u20132023) opp til \u00e5 gi ei ekstral\u00f8yving i \u00e5r der grunnrenta er h\u00f8g, fordelt til kommunane etter kostnadsn\u00f8kkelen i rammetilskotet og til fylkeskommunane. Regjeringa foresl\u00e5r no at ekstral\u00f8yvinga blir nytta til \u00e5 delfinansiere tiltak p\u00e5 barnehageomr\u00e5det. Midlane til barnehagetiltaka er foresl\u00e5tt plassert p\u00e5 kommunane sitt rammetilskot.\u00bb<\/em><\/p>\n\n\n\n<p>Nordland H\u00f8yre beklager at regjeringen har knyttet grunnrenteskatten til redusert brukerbetaling i barnehagene. Dette er en beklagelig overstyring av kommunene. Nordland H\u00f8yre ber H\u00f8yre f\u00f8lge opp saken. Dersom det skulle vise seg at staten f\u00e5r inn mer penger i grunnrenteskatt for 2023 enn det som er lagt til grunn, m\u00e5 kommunene bli kompensert i 2024.<\/p>\n\n\n\n<p>Nordland H\u00f8yre vil gjerne ogs\u00e5 peke p\u00e5 at n\u00e5r et flertall p\u00e5 Stortinget har valgt \u00e5 fordele grunnrenteskatten til kommunene etter kostnadsn\u00f8kkelen i rammetilskuddet, er konsekvensen at de st\u00f8rste kommunene, som har lite oppdrettsvirksomhet, tilgodeses mest. Oslo og andre folkerike kommuner med mange barn, blir vinnerne, mens typiske distriktskommuner, som har f\u00e5 barn, men mye oppdrett, relativt sett taper.<\/p>\n\n\n\n<p>Nordland H\u00f8yre viser til komiteens merknader i&nbsp;<a href=\"https:\/\/linkprotect.cudasvc.com\/url?a=http%3a%2f%2fwww.regjeringen.no%2fid%2fPRP202220230078000DDDEPIS&amp;c=E,1,74xrfr3s2j3Us9IupIHkzbqFcZcbszy-PpfRDW7JekQXlYNjfEr2O25dLyQYcHsQtox8-IO8Rt3Qv9QiWZNoLMAukivlQ7z4CuXl8AXKv7FXEa2fshJGozAp&amp;typo=1\" target=\"_blank\" rel=\"noreferrer noopener\">Prop. 78 LS (2022\u20132023)<\/a>&nbsp;og beklager at Stortinget ikke vedtok \u00e5 legge grunnrenteskattens inntekter til Havbruksfondet. Det ville l\u00f8st mange utfordringer i kommuner med oppdrettsvirksomhet om grunnrenteskatten hadde g\u00e5tt inn i fondet i stedet for \u00e5 bli fordelt gjennom rammetilskuddet. Det ville ogs\u00e5 v\u00e6re god distriktspolitikk.<\/p>\n\n\n<div class=\"tags\">\n\t<\/div>\n<div class=\"post-footer alignfull has-background block-editor-block-list__block\" data-align=full>\n\t<div class=\"post-footer-inner\">\n\t\t<h3>Relaterte artikler<\/h3>\n\t\t<div class=\"related-content\"><div class=\"is-card-hoyre\">\n\t<div class=\"teft-card hoyre-teft-card post-teft-card\">\n\t\t<a href=\"https:\/\/hoyre.no\/nordland\/aktuelt\/vi-onsker-dine-innspill\/\" class=\"teft-card__primary-action\">\n\n\t\t\t\t\t<div class=\"teft-card__media teft-card__media--16-9\">\n\t\t\t\t\t\t<img loading=\"lazy\" decoding=\"async\" width=\"768\" height=\"402\" src=\"https:\/\/hoyre.no\/content\/uploads\/sites\/9\/2026\/04\/Dokument-uten-navn-09.02.2026-1-1536x804-1-768x402.png\" class=\"attachment-medium_large size-medium_large\" alt=\"\" srcset=\"https:\/\/hoyre.no\/content\/uploads\/sites\/9\/2026\/04\/Dokument-uten-navn-09.02.2026-1-1536x804-1-768x402.png 768w, https:\/\/hoyre.no\/content\/uploads\/sites\/9\/2026\/04\/Dokument-uten-navn-09.02.2026-1-1536x804-1-300x157.png 300w, https:\/\/hoyre.no\/content\/uploads\/sites\/9\/2026\/04\/Dokument-uten-navn-09.02.2026-1-1536x804-1-1024x536.png 1024w, https:\/\/hoyre.no\/content\/uploads\/sites\/9\/2026\/04\/Dokument-uten-navn-09.02.2026-1-1536x804-1.png 1536w\" sizes=\"auto, (max-width: 768px) 100vw, 768px\" \/>\t\t<\/div>\n\t\t\n\t\t\t<div class=\"teft-card__content-wrapper\">\n\t\t\t\t<div class=\"teft-card__secondary\">\n\t\t\t\t\t\n\t\t\t\t\t\t\t\t<div class=\"teft-card__meta\">\n\t\t\t\t\t\t\t\t\t<span class=\"post-date\">15. apr 2026<\/span>\n\n\t\t\t\t\t\t\t\t\t<span class=\"post-category\">Nominasjonsprosess 2027\/2031<\/span>\t\t\t\t\t\t\t\t<\/div>\n\t\t\t\t\t\t\t\t\t\t\t<\/div>\n\n\t\t\t\t<div class=\"teft-card__primary\">\n\t\t\t\t\t<h2 class=\"teft-card__title\">Vi \u00f8nsker dine innspill!&nbsp;<span class=\"teft-card__primary-title-append\"><\/span><\/h2>\t\t\t\t<\/div>\n\t\t\t<\/div>\n\t\t<\/a>\n\t<\/div>\n\n\t<\/div><div class=\"is-card-hoyre\">\n\t<div class=\"teft-card hoyre-teft-card post-teft-card\">\n\t\t<a href=\"https:\/\/hoyre.no\/nordland\/aktuelt\/sjomatnaeringen-og-prosessindustrien\/\" class=\"teft-card__primary-action\">\n\n\t\t\t<div class=\"teft-card__media teft-card__media--16-9 no-image\"><\/div>\n\t\t\t<div class=\"teft-card__content-wrapper\">\n\t\t\t\t<div class=\"teft-card__secondary\">\n\t\t\t\t\t\n\t\t\t\t\t\t\t\t<div class=\"teft-card__meta\">\n\t\t\t\t\t\t\t\t\t<span class=\"post-date\">20. nov 2025<\/span>\n\n\t\t\t\t\t\t\t\t\t<span class=\"post-category\">Fylkes\u00e5rsm\u00f8te 2025<\/span>\t\t\t\t\t\t\t\t<\/div>\n\t\t\t\t\t\t\t\t\t\t\t<\/div>\n\n\t\t\t\t<div class=\"teft-card__primary\">\n\t\t\t\t\t<h2 class=\"teft-card__title\">Sj\u00f8matn\u00e6ringen og prosessindustrien&nbsp;<span class=\"teft-card__primary-title-append\"><\/span><\/h2>\t\t\t\t<\/div>\n\t\t\t<\/div>\n\t\t<\/a>\n\t<\/div>\n\n\t<\/div><div class=\"is-card-hoyre\">\n\t<div class=\"teft-card hoyre-teft-card post-teft-card\">\n\t\t<a href=\"https:\/\/hoyre.no\/nordland\/aktuelt\/okt-satsning-pa-havforskning\/\" class=\"teft-card__primary-action\">\n\n\t\t\t<div class=\"teft-card__media teft-card__media--16-9 no-image\"><\/div>\n\t\t\t<div class=\"teft-card__content-wrapper\">\n\t\t\t\t<div class=\"teft-card__secondary\">\n\t\t\t\t\t\n\t\t\t\t\t\t\t\t<div class=\"teft-card__meta\">\n\t\t\t\t\t\t\t\t\t<span class=\"post-date\">20. nov 2025<\/span>\n\n\t\t\t\t\t\t\t\t\t<span class=\"post-category\">Fylkes\u00e5rsm\u00f8te 2025<\/span>\t\t\t\t\t\t\t\t<\/div>\n\t\t\t\t\t\t\t\t\t\t\t<\/div>\n\n\t\t\t\t<div class=\"teft-card__primary\">\n\t\t\t\t\t<h2 class=\"teft-card__title\">\u00d8kt satsning p\u00e5 havforskning&nbsp;<span class=\"teft-card__primary-title-append\"><\/span><\/h2>\t\t\t\t<\/div>\n\t\t\t<\/div>\n\t\t<\/a>\n\t<\/div>\n\n\t<\/div><\/div>\t<\/div>\n<\/div>\n","protected":false},"excerpt":{"rendered":"","protected":false},"author":3547,"featured_media":0,"comment_status":"closed","ping_status":"closed","sticky":false,"template":"","format":"standard","meta":{"teft_cards_image_url":"","teft_cards_custom_pretitle":"","teft_cards_image_id":1209,"teft_cards_image_focal_point_x":0.5,"teft_cards_image_focal_point_y":0.5,"teft_cards_title":"","teft_cards_excerpt":"","teft_show_chapters":false,"author_display_name":"","footnotes":""},"category":[1],"post_tag":[],"hoyre-visibility":[],"article-type":[],"politician":[],"class_list":["post-1208","post","type-post","status-publish","format-standard","hentry","category-ukategorisert"],"yoast_head":"<!-- This site is optimized with the Yoast SEO plugin v26.6 - https:\/\/yoast.com\/wordpress\/plugins\/seo\/ -->\n<title>Uttalelse fra Nordland H\u00f8yre: Kommunenes \u00f8konomiske situasjon - Nordland H\u00f8yre<\/title>\n<meta name=\"robots\" content=\"index, follow, max-snippet:-1, max-image-preview:large, max-video-preview:-1\" \/>\n<link rel=\"canonical\" href=\"https:\/\/hoyre.no\/nordland\/aktuelt\/uttalelse-fra-nordland-hoyre-kommunenes-okonomiske-situasjon\/\" \/>\n<meta property=\"og:locale\" content=\"nb_NO\" \/>\n<meta property=\"og:type\" content=\"article\" \/>\n<meta property=\"og:title\" content=\"Uttalelse fra Nordland H\u00f8yre: Kommunenes \u00f8konomiske situasjon - Nordland H\u00f8yre\" \/>\n<meta property=\"og:url\" content=\"https:\/\/hoyre.no\/nordland\/aktuelt\/uttalelse-fra-nordland-hoyre-kommunenes-okonomiske-situasjon\/\" \/>\n<meta property=\"og:site_name\" content=\"Nordland H\u00f8yre\" \/>\n<meta property=\"article:published_time\" content=\"2023-11-21T16:58:35+00:00\" \/>\n<meta property=\"article:modified_time\" content=\"2023-11-21T16:58:44+00:00\" \/>\n<meta property=\"og:image\" content=\"https:\/\/hoyre.no\/content\/uploads\/sites\/9\/2022\/11\/Hoyres-logo.png\" \/>\n\t<meta property=\"og:image:width\" content=\"1000\" \/>\n\t<meta property=\"og:image:height\" content=\"1000\" \/>\n\t<meta property=\"og:image:type\" content=\"image\/png\" \/>\n<meta name=\"author\" content=\"Isabella Emilie Pigini Storli\" \/>\n<meta name=\"twitter:card\" content=\"summary_large_image\" \/>\n<meta name=\"twitter:label1\" content=\"Skrevet av\" \/>\n\t<meta name=\"twitter:data1\" content=\"Isabella Emilie Pigini Storli\" \/>\n\t<meta name=\"twitter:label2\" content=\"Ansl. lesetid\" \/>\n\t<meta name=\"twitter:data2\" content=\"4 minutter\" \/>\n<script type=\"application\/ld+json\" class=\"yoast-schema-graph\">{\"@context\":\"https:\/\/schema.org\",\"@graph\":[{\"@type\":\"NewsArticle\",\"@id\":\"https:\/\/hoyre.no\/nordland\/aktuelt\/uttalelse-fra-nordland-hoyre-kommunenes-okonomiske-situasjon\/\",\"url\":\"https:\/\/hoyre.no\/nordland\/aktuelt\/uttalelse-fra-nordland-hoyre-kommunenes-okonomiske-situasjon\/\",\"name\":\"Uttalelse fra Nordland H\u00f8yre: Kommunenes \u00f8konomiske situasjon - Nordland H\u00f8yre\",\"isPartOf\":{\"@id\":\"https:\/\/hoyre.no\/nordland\/#website\"},\"datePublished\":\"2023-11-21T16:58:35+00:00\",\"dateModified\":\"2023-11-21T16:58:44+00:00\",\"author\":{\"@id\":\"https:\/\/hoyre.no\/nordland\/#\/schema\/person\/6f4581f8cbce8649b11dffce4d355a20\"},\"breadcrumb\":{\"@id\":\"https:\/\/hoyre.no\/nordland\/aktuelt\/uttalelse-fra-nordland-hoyre-kommunenes-okonomiske-situasjon\/#breadcrumb\"},\"inLanguage\":\"nb-NO\",\"potentialAction\":[{\"@type\":\"ReadAction\",\"target\":[\"https:\/\/hoyre.no\/nordland\/aktuelt\/uttalelse-fra-nordland-hoyre-kommunenes-okonomiske-situasjon\/\"]}]},{\"@type\":\"BreadcrumbList\",\"@id\":\"https:\/\/hoyre.no\/nordland\/aktuelt\/uttalelse-fra-nordland-hoyre-kommunenes-okonomiske-situasjon\/#breadcrumb\",\"itemListElement\":[{\"@type\":\"ListItem\",\"position\":1,\"name\":\"Til hoyre.no\",\"item\":\"https:\/\/hoyre.no\"},{\"@type\":\"ListItem\",\"position\":2,\"name\":\"Hjem\",\"item\":\"https:\/\/hoyre.no\/nordland\/\"},{\"@type\":\"ListItem\",\"position\":3,\"name\":\"Uttalelse fra Nordland H\u00f8yre: Kommunenes \u00f8konomiske situasjon\"}]},{\"@type\":\"WebSite\",\"@id\":\"https:\/\/hoyre.no\/nordland\/#website\",\"url\":\"https:\/\/hoyre.no\/nordland\/\",\"name\":\"Nordland H\u00f8yre\",\"description\":\"Bare enda et H\u00f8yres nettsteder-nettsted\",\"inLanguage\":\"nb-NO\"},{\"@type\":\"Person\",\"@id\":\"https:\/\/hoyre.no\/nordland\/#\/schema\/person\/6f4581f8cbce8649b11dffce4d355a20\",\"name\":\"Isabella Emilie Pigini Storli\",\"image\":{\"@type\":\"ImageObject\",\"inLanguage\":\"nb-NO\",\"@id\":\"https:\/\/hoyre.no\/nordland\/#\/schema\/person\/image\/\",\"url\":\"https:\/\/secure.gravatar.com\/avatar\/08adee43a03700ba785bdbd90482e1f29963f7da76a6456741cc4ace550c4fe2?s=96&d=mm&r=g\",\"contentUrl\":\"https:\/\/secure.gravatar.com\/avatar\/08adee43a03700ba785bdbd90482e1f29963f7da76a6456741cc4ace550c4fe2?s=96&d=mm&r=g\",\"caption\":\"Isabella Emilie Pigini Storli\"},\"url\":\"https:\/\/hoyre.no\/nordland\/aktuelt\/author\/m52026796\/\"}]}<\/script>\n<!-- \/ Yoast SEO plugin. -->","yoast_head_json":{"title":"Uttalelse fra Nordland H\u00f8yre: Kommunenes \u00f8konomiske situasjon - Nordland H\u00f8yre","robots":{"index":"index","follow":"follow","max-snippet":"max-snippet:-1","max-image-preview":"max-image-preview:large","max-video-preview":"max-video-preview:-1"},"canonical":"https:\/\/hoyre.no\/nordland\/aktuelt\/uttalelse-fra-nordland-hoyre-kommunenes-okonomiske-situasjon\/","og_locale":"nb_NO","og_type":"article","og_title":"Uttalelse fra Nordland H\u00f8yre: Kommunenes \u00f8konomiske situasjon - Nordland H\u00f8yre","og_url":"https:\/\/hoyre.no\/nordland\/aktuelt\/uttalelse-fra-nordland-hoyre-kommunenes-okonomiske-situasjon\/","og_site_name":"Nordland H\u00f8yre","article_published_time":"2023-11-21T16:58:35+00:00","article_modified_time":"2023-11-21T16:58:44+00:00","og_image":[{"width":1000,"height":1000,"url":"https:\/\/hoyre.no\/content\/uploads\/sites\/9\/2022\/11\/Hoyres-logo.png","type":"image\/png"}],"author":"Isabella Emilie Pigini Storli","twitter_card":"summary_large_image","twitter_misc":{"Skrevet av":"Isabella Emilie Pigini Storli","Ansl. lesetid":"4 minutter"},"schema":{"@context":"https:\/\/schema.org","@graph":[{"@type":"NewsArticle","@id":"https:\/\/hoyre.no\/nordland\/aktuelt\/uttalelse-fra-nordland-hoyre-kommunenes-okonomiske-situasjon\/","url":"https:\/\/hoyre.no\/nordland\/aktuelt\/uttalelse-fra-nordland-hoyre-kommunenes-okonomiske-situasjon\/","name":"Uttalelse fra Nordland H\u00f8yre: Kommunenes \u00f8konomiske situasjon - Nordland H\u00f8yre","isPartOf":{"@id":"https:\/\/hoyre.no\/nordland\/#website"},"datePublished":"2023-11-21T16:58:35+00:00","dateModified":"2023-11-21T16:58:44+00:00","author":{"@id":"https:\/\/hoyre.no\/nordland\/#\/schema\/person\/6f4581f8cbce8649b11dffce4d355a20"},"breadcrumb":{"@id":"https:\/\/hoyre.no\/nordland\/aktuelt\/uttalelse-fra-nordland-hoyre-kommunenes-okonomiske-situasjon\/#breadcrumb"},"inLanguage":"nb-NO","potentialAction":[{"@type":"ReadAction","target":["https:\/\/hoyre.no\/nordland\/aktuelt\/uttalelse-fra-nordland-hoyre-kommunenes-okonomiske-situasjon\/"]}]},{"@type":"BreadcrumbList","@id":"https:\/\/hoyre.no\/nordland\/aktuelt\/uttalelse-fra-nordland-hoyre-kommunenes-okonomiske-situasjon\/#breadcrumb","itemListElement":[{"@type":"ListItem","position":1,"name":"Til hoyre.no","item":"https:\/\/hoyre.no"},{"@type":"ListItem","position":2,"name":"Hjem","item":"https:\/\/hoyre.no\/nordland\/"},{"@type":"ListItem","position":3,"name":"Uttalelse fra Nordland H\u00f8yre: Kommunenes \u00f8konomiske situasjon"}]},{"@type":"WebSite","@id":"https:\/\/hoyre.no\/nordland\/#website","url":"https:\/\/hoyre.no\/nordland\/","name":"Nordland H\u00f8yre","description":"Bare enda et H\u00f8yres nettsteder-nettsted","inLanguage":"nb-NO"},{"@type":"Person","@id":"https:\/\/hoyre.no\/nordland\/#\/schema\/person\/6f4581f8cbce8649b11dffce4d355a20","name":"Isabella Emilie Pigini Storli","image":{"@type":"ImageObject","inLanguage":"nb-NO","@id":"https:\/\/hoyre.no\/nordland\/#\/schema\/person\/image\/","url":"https:\/\/secure.gravatar.com\/avatar\/08adee43a03700ba785bdbd90482e1f29963f7da76a6456741cc4ace550c4fe2?s=96&d=mm&r=g","contentUrl":"https:\/\/secure.gravatar.com\/avatar\/08adee43a03700ba785bdbd90482e1f29963f7da76a6456741cc4ace550c4fe2?s=96&d=mm&r=g","caption":"Isabella Emilie Pigini Storli"},"url":"https:\/\/hoyre.no\/nordland\/aktuelt\/author\/m52026796\/"}]}},"distributor_meta":false,"distributor_terms":false,"distributor_media":false,"distributor_original_site_name":"Nordland H\u00f8yre","distributor_original_site_url":"https:\/\/hoyre.no\/nordland","push-errors":false,"_links":{"self":[{"href":"https:\/\/hoyre.no\/nordland\/wp-json\/wp\/v2\/posts\/1208","targetHints":{"allow":["GET"]}}],"collection":[{"href":"https:\/\/hoyre.no\/nordland\/wp-json\/wp\/v2\/posts"}],"about":[{"href":"https:\/\/hoyre.no\/nordland\/wp-json\/wp\/v2\/types\/post"}],"author":[{"embeddable":true,"href":"https:\/\/hoyre.no\/nordland\/wp-json\/wp\/v2\/users\/3547"}],"replies":[{"embeddable":true,"href":"https:\/\/hoyre.no\/nordland\/wp-json\/wp\/v2\/comments?post=1208"}],"version-history":[{"count":1,"href":"https:\/\/hoyre.no\/nordland\/wp-json\/wp\/v2\/posts\/1208\/revisions"}],"predecessor-version":[{"id":1210,"href":"https:\/\/hoyre.no\/nordland\/wp-json\/wp\/v2\/posts\/1208\/revisions\/1210"}],"wp:attachment":[{"href":"https:\/\/hoyre.no\/nordland\/wp-json\/wp\/v2\/media?parent=1208"}],"wp:term":[{"taxonomy":"category","embeddable":true,"href":"https:\/\/hoyre.no\/nordland\/wp-json\/wp\/v2\/category?post=1208"},{"taxonomy":"post_tag","embeddable":true,"href":"https:\/\/hoyre.no\/nordland\/wp-json\/wp\/v2\/post_tag?post=1208"},{"taxonomy":"hoyre-visibility","embeddable":true,"href":"https:\/\/hoyre.no\/nordland\/wp-json\/wp\/v2\/hoyre-visibility?post=1208"},{"taxonomy":"article-type","embeddable":true,"href":"https:\/\/hoyre.no\/nordland\/wp-json\/wp\/v2\/article-type?post=1208"},{"taxonomy":"politician","embeddable":true,"href":"https:\/\/hoyre.no\/nordland\/wp-json\/wp\/v2\/politician?post=1208"}],"curies":[{"name":"wp","href":"https:\/\/api.w.org\/{rel}","templated":true}]}}