{"id":1319,"date":"2024-04-05T14:33:46","date_gmt":"2024-04-05T12:33:46","guid":{"rendered":"https:\/\/hoyre.no\/nordland\/?p=1319"},"modified":"2024-04-05T14:42:16","modified_gmt":"2024-04-05T12:42:16","slug":"innovasjon-og-innsats-nordland-hoyres-veikart-gjennom-mars","status":"publish","type":"post","link":"https:\/\/hoyre.no\/nordland\/aktuelt\/innovasjon-og-innsats-nordland-hoyres-veikart-gjennom-mars\/","title":{"rendered":"Innovasjon og innsats: Nordland H\u00f8yres veikart gjennom mars"},"content":{"rendered":"\n<p class=\"preamble\">I mars var det full aktivitet hos Nordland H\u00f8yres fylkestingsgruppe. Fra inspirerende bes\u00f8k i Alstahaug og engasjerende m\u00f8ter med Stortingets utdanningsfraksjon, til diskusjoner om fremtidens samferdsel med Nordlands ungdom. Les mer om hva Nordland H\u00f8yres fylkestingsgruppe har deltatt p\u00e5.<\/p>\t\t\t<div class=\"post-meta wp-block teft-byline-wrapper\">\n\t\t\t\t<div class=\"top\">\n\t\t\t\t\t<div class=\"signature\">\n\t\t\t\t\t\t<div class=\"teft-byline\">\n\t\t\t\t\t\t\t\t\t\t\t\t\t\t<div>\n\t\t\t\t\t\t\t\t<h3>H\u00f8yres redaksjon<\/h3>\t\t\t\t\t\t\t\t\n\t\t\t\t\t\t\t\t\t\t\t\t\t\t\t\t\t<span class=\"date\">Sist oppdatert: 5. april 2024<\/span>\n\t\t\t\t\t\t\t\t\t\t\t\t\t\t\t\t\t\t\t\t\t\t\t\t\t<span class=\"reading-time\" itemprop=\"timeRequired\" content=\"PT9M\"><em>Ca. 9 minutter lesetid<\/em><\/span>\n\t\t\t\t\t\t\t\t\t\t\t\t\t\t\t<\/div>\n\t\t\t\t\t\t<\/div>\n\t\t\t\t\t<\/div>\n\t\t\t\t\t\t<div class=\"sharing\">\n\t\t<a class=\"share-button share-link copy-link\" data-copy=\"https:\/\/hoyre.no\/nordland\/aktuelt\/innovasjon-og-innsats-nordland-hoyres-veikart-gjennom-mars\/\" target=\"_blank\"><span class=\"screen-reader-text\">Del link<\/span><\/a>\n\t\t<a class=\"share-button share-twitter\" href=\"http:\/\/twitter.com\/share?text=Innovasjon og innsats: Nordland H\u00f8yres veikart gjennom mars&#038;url=https:\/\/hoyre.no\/nordland\/aktuelt\/innovasjon-og-innsats-nordland-hoyres-veikart-gjennom-mars\/&#038;hashtags=Hoyre\" target=\"_blank\"><span class=\"screen-reader-text\">Del p\u00e5 twitter<\/span><\/a>\n\t\t<a class=\"share-button share-facebook\" href=\"https:\/\/www.facebook.com\/sharer\/sharer.php?u=https:\/\/hoyre.no\/nordland\/aktuelt\/innovasjon-og-innsats-nordland-hoyres-veikart-gjennom-mars\/\" target=\"_blank\"><span class=\"screen-reader-text\">Del p\u00e5 facebook<\/span><\/a>\n\t<\/div>\n\t\t\t\t\t<\/div>\n\t\t\t<\/div>\n\n\t\t\t<figure class=\"hoyre-image-wrapper\"><div class=\"hoyre-image\"><img loading=\"lazy\" decoding=\"async\" width=\"2048\" height=\"1390\" src=\"https:\/\/hoyre.no\/content\/uploads\/sites\/9\/2024\/04\/Izzyredliten-1.jpg\" class=\"attachment-scaled size-scaled\" alt=\"\" style=\"object-position: 24% 52%\" srcset=\"https:\/\/hoyre.no\/content\/uploads\/sites\/9\/2024\/04\/Izzyredliten-1.jpg 2048w, https:\/\/hoyre.no\/content\/uploads\/sites\/9\/2024\/04\/Izzyredliten-1-300x204.jpg 300w, https:\/\/hoyre.no\/content\/uploads\/sites\/9\/2024\/04\/Izzyredliten-1-1024x695.jpg 1024w, https:\/\/hoyre.no\/content\/uploads\/sites\/9\/2024\/04\/Izzyredliten-1-768x521.jpg 768w, https:\/\/hoyre.no\/content\/uploads\/sites\/9\/2024\/04\/Izzyredliten-1-1536x1043.jpg 1536w\" sizes=\"auto, (max-width: 2048px) 100vw, 2048px\" \/><\/div><\/figure>\n\n\n\n\n<p>V\u00e5ren er i anmarsj, og det samme er framgangens \u00e5nd! Ta en titt p\u00e5 marsm\u00e5neds sprell med v\u00e5r egen fylkesordf\u00f8rer Eivind Holst og resten av fylkestingsgruppen!<\/p>\n\n\n\n<h2 class=\"wp-block-heading\">Nordlandskonferansen<\/h2>\n\n\n\n<figure class=\"wp-block-image size-large is-resized\"><img loading=\"lazy\" decoding=\"async\" width=\"1580\" height=\"1053\" src=\"https:\/\/hoyre.no\/content\/uploads\/sites\/9\/2024\/04\/431561573_10162070431033755_3848029309143933133_n-edited-1.jpg\" alt=\"\" class=\"wp-image-1332\" style=\"aspect-ratio:1.3333333333333333;width:481px;height:auto\" srcset=\"https:\/\/hoyre.no\/content\/uploads\/sites\/9\/2024\/04\/431561573_10162070431033755_3848029309143933133_n-edited-1.jpg 1580w, https:\/\/hoyre.no\/content\/uploads\/sites\/9\/2024\/04\/431561573_10162070431033755_3848029309143933133_n-edited-1-300x200.jpg 300w, https:\/\/hoyre.no\/content\/uploads\/sites\/9\/2024\/04\/431561573_10162070431033755_3848029309143933133_n-edited-1-1024x682.jpg 1024w, https:\/\/hoyre.no\/content\/uploads\/sites\/9\/2024\/04\/431561573_10162070431033755_3848029309143933133_n-edited-1-768x512.jpg 768w, https:\/\/hoyre.no\/content\/uploads\/sites\/9\/2024\/04\/431561573_10162070431033755_3848029309143933133_n-edited-1-1536x1024.jpg 1536w\" sizes=\"auto, (max-width: 1580px) 100vw, 1580px\" \/><\/figure>\n\n\n\n<p>Den 5. og 6. mars slo krefter sammen med KS, Statsforvalteren og Fylkeskommunen p\u00e5 Nordlandskonferansen. Anita Sollie \u00f8nsket velkommen, og vi kastet oss inn i diskusjoner om \u00e5 ruste opp Nordland for fremtiden. Indeks Nordland ble ogs\u00e5 lagt frem og det var spesielt gode tall for Vester\u00e5len.<\/p>\n\n\n\n<h4 class=\"wp-block-heading\">Vester\u00e5len str\u00e5ler! <\/h4>\n\n\n\n<p>Tallene fra Indeks Nordland er presentert, og Vester\u00e5len str\u00e5ler! De fleste m\u00e5lene peker oppover, og selv om Nordland som helhet vokser sakte jobbmessig, stod Vester\u00e5len for over halvparten av fjor\u00e5rets jobbvekst. En stor applaus for regionen og en p\u00e5minnelse til andre omr\u00e5der om \u00e5 koble p\u00e5 turboen!<\/p>\n\n\n\n<h2 class=\"wp-block-heading\">Ungdommen tar styring!<\/h2>\n\n\n\n<figure class=\"wp-block-image size-large is-resized\"><img loading=\"lazy\" decoding=\"async\" width=\"1024\" height=\"768\" src=\"https:\/\/hoyre.no\/content\/uploads\/sites\/9\/2024\/04\/431824258_10162085060908755_2128562846514877842_n-1024x768.jpg\" alt=\"\" class=\"wp-image-1382\" style=\"aspect-ratio:1.3333333333333333;width:389px;height:auto\" srcset=\"https:\/\/hoyre.no\/content\/uploads\/sites\/9\/2024\/04\/431824258_10162085060908755_2128562846514877842_n-1024x768.jpg 1024w, https:\/\/hoyre.no\/content\/uploads\/sites\/9\/2024\/04\/431824258_10162085060908755_2128562846514877842_n-300x225.jpg 300w, https:\/\/hoyre.no\/content\/uploads\/sites\/9\/2024\/04\/431824258_10162085060908755_2128562846514877842_n-768x576.jpg 768w, https:\/\/hoyre.no\/content\/uploads\/sites\/9\/2024\/04\/431824258_10162085060908755_2128562846514877842_n-1536x1152.jpg 1536w, https:\/\/hoyre.no\/content\/uploads\/sites\/9\/2024\/04\/431824258_10162085060908755_2128562846514877842_n.jpg 2048w\" sizes=\"auto, (max-width: 1024px) 100vw, 1024px\" \/><\/figure>\n\n\n\n<p>Den 12. mars \u00f8nsket Eivind Holst unge lovende velkommen til m\u00f8te i Ung2024-nettverket. De presenterte en dyptg\u00e5ende unders\u00f8kelse om hvordan vi kan forbedre kollektivtilbudet i hele Nordland.Denne innsikten tas med videre og vil veilede oss i arbeidet for et bedre og mer ungdomsvennlig Nordland. Engasjementet fra de unge er en n\u00f8kkelressurs i v\u00e5r satsing p\u00e5 fremtidens samferdsel.<\/p>\n\n\n\n<h2 class=\"wp-block-heading\"><strong>En hederlig farvel: Sea King&#8217;s siste landing ved Norsk Luftfartsmuseum<\/strong><\/h2>\n\n\n\n<p>Den 13. mars var et h\u00f8ydepunkt da Sea King-helikopteret, en st\u00f8dig tjener i s\u00f8k- og redningstjenesten gjennom 50 \u00e5r, landet for siste gang i Bod\u00f8. Fylkesordf\u00f8rer Eivind Holst fra H\u00f8yre var til stede for \u00e5 hedre denne bautaen av norsk luftfart, som n\u00e5 vil bli st\u00e5ende p\u00e5 permanent utstilling ved Norsk Luftfartsmuseum i Bod\u00f8.<\/p>\n\n\n\n<h2 class=\"wp-block-heading\"><strong>Stolt representasjon fra Nordland i Europa<\/strong><\/h2>\n\n\n\n<figure class=\"wp-block-teft-gallery columns-2 count-2 rows-2 is-cropped\"><ul class=\"teft-gallery-grid\"><li class=\"teft-gallery-item \"><figure><a href=\"https:\/\/hoyre.no\/content\/uploads\/sites\/9\/2024\/04\/WhatsApp-Image-2024-03-28-at-2.41.02-PM-1-jpeg.png\" data-size=\"2048x1499\"><img loading=\"lazy\" decoding=\"async\" width=\"1024\" height=\"750\" src=\"https:\/\/hoyre.no\/content\/uploads\/sites\/9\/2024\/04\/WhatsApp-Image-2024-03-28-at-2.41.02-PM-1-jpeg-1024x750.png\" class=\"attachment-large size-large\" alt=\"\" srcset=\"https:\/\/hoyre.no\/content\/uploads\/sites\/9\/2024\/04\/WhatsApp-Image-2024-03-28-at-2.41.02-PM-1-jpeg-1024x750.png 1024w, https:\/\/hoyre.no\/content\/uploads\/sites\/9\/2024\/04\/WhatsApp-Image-2024-03-28-at-2.41.02-PM-1-jpeg-300x220.png 300w, https:\/\/hoyre.no\/content\/uploads\/sites\/9\/2024\/04\/WhatsApp-Image-2024-03-28-at-2.41.02-PM-1-jpeg-768x562.png 768w, https:\/\/hoyre.no\/content\/uploads\/sites\/9\/2024\/04\/WhatsApp-Image-2024-03-28-at-2.41.02-PM-1-jpeg-1536x1124.png 1536w, https:\/\/hoyre.no\/content\/uploads\/sites\/9\/2024\/04\/WhatsApp-Image-2024-03-28-at-2.41.02-PM-1-jpeg.png 2048w\" sizes=\"auto, (max-width: 1024px) 100vw, 1024px\" \/ data-full-url=\"https:\/\/hoyre.no\/content\/uploads\/sites\/9\/2024\/04\/WhatsApp-Image-2024-03-28-at-2.41.02-PM-1-jpeg.png\" data-id=\"1329\" data-caption=\"1329\"\/><\/a><\/figure><\/li><li class=\"teft-gallery-item \"><figure><a href=\"https:\/\/hoyre.no\/content\/uploads\/sites\/9\/2024\/04\/WhatsApp-Image-2024-03-28-at-4.50.46-PM-1152x1536-1-edited.png\" data-size=\"1152x1152\"><img loading=\"lazy\" decoding=\"async\" width=\"1024\" height=\"1024\" src=\"https:\/\/hoyre.no\/content\/uploads\/sites\/9\/2024\/04\/WhatsApp-Image-2024-03-28-at-4.50.46-PM-1152x1536-1-edited-1024x1024.png\" class=\"attachment-large size-large\" alt=\"\" srcset=\"https:\/\/hoyre.no\/content\/uploads\/sites\/9\/2024\/04\/WhatsApp-Image-2024-03-28-at-4.50.46-PM-1152x1536-1-edited-1024x1024.png 1024w, https:\/\/hoyre.no\/content\/uploads\/sites\/9\/2024\/04\/WhatsApp-Image-2024-03-28-at-4.50.46-PM-1152x1536-1-edited-300x300.png 300w, https:\/\/hoyre.no\/content\/uploads\/sites\/9\/2024\/04\/WhatsApp-Image-2024-03-28-at-4.50.46-PM-1152x1536-1-edited-150x150.png 150w, https:\/\/hoyre.no\/content\/uploads\/sites\/9\/2024\/04\/WhatsApp-Image-2024-03-28-at-4.50.46-PM-1152x1536-1-edited-768x768.png 768w, https:\/\/hoyre.no\/content\/uploads\/sites\/9\/2024\/04\/WhatsApp-Image-2024-03-28-at-4.50.46-PM-1152x1536-1-edited.png 1152w\" sizes=\"auto, (max-width: 1024px) 100vw, 1024px\" \/ data-full-url=\"https:\/\/hoyre.no\/content\/uploads\/sites\/9\/2024\/04\/WhatsApp-Image-2024-03-28-at-4.50.46-PM-1152x1536-1-edited.png\" data-id=\"1328\" data-caption=\"1328\"\/><\/a><\/figure><\/li><\/ul><\/figure>\n\n\n\n<p>Midt i mars tok Eivind Holst turen til Romania for generalforsamling. Valg\u00e5r for Europaparlamentet st\u00e5r for tur og Nordland er sterkt representert i AER (Assembly of European Regions) gjennom Kassandra Eleni Bredrup Petsa (fylkestingsrepresentant for FrP i Nordland) nye visepresident i YRN\u2014gratulerer! Og en stor takk til Jim Simonsen Jenssen (Fylkestingsrepresentant i Nordland) som har ledet an dette \u00e5ret og styrket organisasjonen.<\/p>\n\n\n\n<figure class=\"wp-block-image size-large is-resized\"><img loading=\"lazy\" decoding=\"async\" width=\"1536\" height=\"1536\" src=\"https:\/\/hoyre.no\/content\/uploads\/sites\/9\/2024\/04\/Romania2-edited.jpg\" alt=\"\" class=\"wp-image-1381\" style=\"aspect-ratio:1;width:599px;height:auto\" srcset=\"https:\/\/hoyre.no\/content\/uploads\/sites\/9\/2024\/04\/Romania2-edited.jpg 1536w, https:\/\/hoyre.no\/content\/uploads\/sites\/9\/2024\/04\/Romania2-edited-300x300.jpg 300w, https:\/\/hoyre.no\/content\/uploads\/sites\/9\/2024\/04\/Romania2-edited-1024x1024.jpg 1024w, https:\/\/hoyre.no\/content\/uploads\/sites\/9\/2024\/04\/Romania2-edited-150x150.jpg 150w, https:\/\/hoyre.no\/content\/uploads\/sites\/9\/2024\/04\/Romania2-edited-768x768.jpg 768w\" sizes=\"auto, (max-width: 1536px) 100vw, 1536px\" \/><\/figure>\n\n\n\n<p>Eivind fikk ogs\u00e5 smakebit p\u00e5 utviklingen i S\u00e0laj regionen\u2014EU-midler og politisk vilje jobber underverker der borte! 4-felts motorvei b\u00e5de Nord\/S\u00f8r og \u00d8st\/Vest,  forbedringsprosjekter for nytt sykehus, og diverse byutviklingsprosjekter! Totalt over 4 Mrd NOK satses p\u00e5 infrastruktur.<\/p>\n\n\n\n<h2 class=\"wp-block-heading\"><strong>Nordland H\u00f8yres folkevalgtnettverk <\/strong><\/h2>\n\n\n\n<p>18. mars var det m\u00f8te i Nordland H\u00f8yres folkevalgtnettverk, vi tok et steg for \u00e5 knytte Nordland H\u00f8yres ledere tettere sammen. Gjennom m\u00f8tet fokuserte vi p\u00e5 \u00e5 styrke b\u00e5ndene mellom ordf\u00f8rere, varaordf\u00f8rere og gruppeledere. Dette er v\u00e5r arena for \u00e5 dele erfaringer, diskutere viktige sp\u00f8rsm\u00e5l og sammen styrke samholdet i v\u00e5rt politiske arbeid. <\/p>\n\n\n\n<h2 class=\"wp-block-heading\"><strong><strong>Marianne Dobak Kvensj\u00f8 i front for \u00e5 gi Norge flere ben \u00e5 st\u00e5 p\u00e5 <\/strong><\/strong><\/h2>\n\n\n\n<figure class=\"wp-block-image size-large is-resized\"><img loading=\"lazy\" decoding=\"async\" width=\"1200\" height=\"1200\" src=\"https:\/\/hoyre.no\/content\/uploads\/sites\/9\/2024\/04\/unknown-edited.png\" alt=\"\" class=\"wp-image-1376\" style=\"aspect-ratio:1;width:397px;height:auto\" srcset=\"https:\/\/hoyre.no\/content\/uploads\/sites\/9\/2024\/04\/unknown-edited.png 1200w, https:\/\/hoyre.no\/content\/uploads\/sites\/9\/2024\/04\/unknown-edited-300x300.png 300w, https:\/\/hoyre.no\/content\/uploads\/sites\/9\/2024\/04\/unknown-edited-1024x1024.png 1024w, https:\/\/hoyre.no\/content\/uploads\/sites\/9\/2024\/04\/unknown-edited-150x150.png 150w, https:\/\/hoyre.no\/content\/uploads\/sites\/9\/2024\/04\/unknown-edited-768x768.png 768w\" sizes=\"auto, (max-width: 1200px) 100vw, 1200px\" \/><\/figure>\n\n\n\n<p>I et par dager i mars fikk Marianne Dobak Kvensj\u00f8 sjansen til \u00e5 steppe inn for B\u00e5rd Ludvig Thorheim, og det ble noen spennende dager! Hun var blant annet med p\u00e5 \u00e5 dytte frem et forslag som handler om \u00e5 f\u00e5 fart p\u00e5 utvinning av mineraler p\u00e5 land og styrke sirkul\u00e6r\u00f8konomien. Dette er superaktuelt fordi vi st\u00e5r midt i en tid med store endringer \u2013 industrien v\u00e5r blir gr\u00f8nnere, alt blir mer digitalt, og da m\u00e5 Norge ogs\u00e5 skjerpe politikken sin for \u00e5 henge med i svingene, sammen med v\u00e5re venner og samarbeidspartnere.<\/p>\n\n\n\n<p>Visste du at Norge er et av de mest mineralrike landene i Europa? Vi har en gyllen mulighet til \u00e5 ta en ledende rolle i Europas mineralindustri. Dette kan bety mye bra for oss: <strong>mer uavhengighet p\u00e5 sikkerhetsfronten,<\/strong> <strong>et skikkelig l\u00f8ft for gr\u00f8nn omstilling, mer verdiskaping, og ikke minst, flere gode jobber.<\/strong> V\u00e5r prosessindustri, som er kjempeviktig, trenger sikker tilgang p\u00e5 r\u00e5varer, og her i Norge sitter vi p\u00e5 mye av den kompetansen som trengs for \u00e5 gj\u00f8re dette p\u00e5 en ansvarlig og b\u00e6rekraftig m\u00e5te. Vi har ogs\u00e5 et forsprang n\u00e5r det kommer til utvinning av mineraler og sirkul\u00e6r\u00f8konomi, noe som setter oss i en unik posisjon globalt. Derfor er det stas at forslaget ogs\u00e5 legger opp til mer internasjonalt samarbeid og sikkerhet rundt forsyningene v\u00e5re. Dette kan bli startskuddet for mer verdiskaping, fler jobber, og en gr\u00f8nnere industri.<\/p>\n\n\n\n<p>Du kan lese forslaget her: <a href=\"https:\/\/www.stortinget.no\/no\/Saker-og-publikasjoner\/Publikasjoner\/Representantforslag\/2023-2024\/dok8-202324-125s\" target=\"_blank\" rel=\"noreferrer noopener\">Dokument 8:125 S (2023-2024) &#8211; stortinget.no<\/a>&nbsp;<\/p>\n\n\n\n<h2 class=\"wp-block-heading\"><strong>Inspirerende Bes\u00f8k i Alstahaug: Fylkesr\u00e5d og Gruppeleder p\u00e5 Skolebes\u00f8k<\/strong><\/h2>\n\n\n\n<figure class=\"wp-block-teft-gallery columns-3 count-7 rows-2 is-cropped\"><ul class=\"teft-gallery-grid\"><li class=\"teft-gallery-item \"><figure><a href=\"https:\/\/hoyre.no\/content\/uploads\/sites\/9\/2024\/04\/Izzyredliten2.jpg\" data-size=\"2048x1257\"><img loading=\"lazy\" decoding=\"async\" width=\"1024\" height=\"629\" src=\"https:\/\/hoyre.no\/content\/uploads\/sites\/9\/2024\/04\/Izzyredliten2-1024x629.jpg\" class=\"attachment-large size-large\" alt=\"\" srcset=\"https:\/\/hoyre.no\/content\/uploads\/sites\/9\/2024\/04\/Izzyredliten2-1024x629.jpg 1024w, https:\/\/hoyre.no\/content\/uploads\/sites\/9\/2024\/04\/Izzyredliten2-300x184.jpg 300w, https:\/\/hoyre.no\/content\/uploads\/sites\/9\/2024\/04\/Izzyredliten2-768x471.jpg 768w, https:\/\/hoyre.no\/content\/uploads\/sites\/9\/2024\/04\/Izzyredliten2-1536x943.jpg 1536w, https:\/\/hoyre.no\/content\/uploads\/sites\/9\/2024\/04\/Izzyredliten2.jpg 2048w\" sizes=\"auto, (max-width: 1024px) 100vw, 1024px\" \/ data-full-url=\"https:\/\/hoyre.no\/content\/uploads\/sites\/9\/2024\/04\/Izzyredliten2.jpg\" data-id=\"1370\" data-caption=\"1370\"\/><\/a><\/figure><\/li><li class=\"teft-gallery-item \"><figure><a href=\"https:\/\/hoyre.no\/content\/uploads\/sites\/9\/2024\/04\/IMG_6033-1-scaled.jpg\" data-size=\"2500x1875\"><img loading=\"lazy\" decoding=\"async\" width=\"1024\" height=\"768\" src=\"https:\/\/hoyre.no\/content\/uploads\/sites\/9\/2024\/04\/IMG_6033-1-1024x768.jpg\" class=\"attachment-large size-large\" alt=\"\" srcset=\"https:\/\/hoyre.no\/content\/uploads\/sites\/9\/2024\/04\/IMG_6033-1-1024x768.jpg 1024w, https:\/\/hoyre.no\/content\/uploads\/sites\/9\/2024\/04\/IMG_6033-1-300x225.jpg 300w, https:\/\/hoyre.no\/content\/uploads\/sites\/9\/2024\/04\/IMG_6033-1-768x576.jpg 768w, https:\/\/hoyre.no\/content\/uploads\/sites\/9\/2024\/04\/IMG_6033-1-1536x1152.jpg 1536w, https:\/\/hoyre.no\/content\/uploads\/sites\/9\/2024\/04\/IMG_6033-1-2048x1536.jpg 2048w\" sizes=\"auto, (max-width: 1024px) 100vw, 1024px\" \/ data-full-url=\"https:\/\/hoyre.no\/content\/uploads\/sites\/9\/2024\/04\/IMG_6033-1-scaled.jpg\" data-id=\"1367\" data-caption=\"1367\"\/><\/a><\/figure><\/li><li class=\"teft-gallery-item \"><figure><a href=\"https:\/\/hoyre.no\/content\/uploads\/sites\/9\/2024\/04\/IMG_6037-1-scaled.jpg\" data-size=\"2500x1875\"><img loading=\"lazy\" decoding=\"async\" width=\"1024\" height=\"768\" src=\"https:\/\/hoyre.no\/content\/uploads\/sites\/9\/2024\/04\/IMG_6037-1-1024x768.jpg\" class=\"attachment-large size-large\" alt=\"\" srcset=\"https:\/\/hoyre.no\/content\/uploads\/sites\/9\/2024\/04\/IMG_6037-1-1024x768.jpg 1024w, https:\/\/hoyre.no\/content\/uploads\/sites\/9\/2024\/04\/IMG_6037-1-300x225.jpg 300w, https:\/\/hoyre.no\/content\/uploads\/sites\/9\/2024\/04\/IMG_6037-1-768x576.jpg 768w, https:\/\/hoyre.no\/content\/uploads\/sites\/9\/2024\/04\/IMG_6037-1-1536x1152.jpg 1536w, https:\/\/hoyre.no\/content\/uploads\/sites\/9\/2024\/04\/IMG_6037-1-2048x1536.jpg 2048w\" sizes=\"auto, (max-width: 1024px) 100vw, 1024px\" \/ data-full-url=\"https:\/\/hoyre.no\/content\/uploads\/sites\/9\/2024\/04\/IMG_6037-1-scaled.jpg\" data-id=\"1361\" data-caption=\"1361\"\/><\/a><\/figure><\/li><li class=\"teft-gallery-item \"><figure><a href=\"https:\/\/hoyre.no\/content\/uploads\/sites\/9\/2024\/04\/IMG_6039-1-scaled.jpg\" data-size=\"1875x2500\"><img loading=\"lazy\" decoding=\"async\" width=\"768\" height=\"1024\" src=\"https:\/\/hoyre.no\/content\/uploads\/sites\/9\/2024\/04\/IMG_6039-1-768x1024.jpg\" class=\"attachment-large size-large\" alt=\"\" srcset=\"https:\/\/hoyre.no\/content\/uploads\/sites\/9\/2024\/04\/IMG_6039-1-768x1024.jpg 768w, https:\/\/hoyre.no\/content\/uploads\/sites\/9\/2024\/04\/IMG_6039-1-225x300.jpg 225w, https:\/\/hoyre.no\/content\/uploads\/sites\/9\/2024\/04\/IMG_6039-1-1152x1536.jpg 1152w, https:\/\/hoyre.no\/content\/uploads\/sites\/9\/2024\/04\/IMG_6039-1-1536x2048.jpg 1536w, https:\/\/hoyre.no\/content\/uploads\/sites\/9\/2024\/04\/IMG_6039-1-scaled.jpg 1875w\" sizes=\"auto, (max-width: 768px) 100vw, 768px\" \/ data-full-url=\"https:\/\/hoyre.no\/content\/uploads\/sites\/9\/2024\/04\/IMG_6039-1-scaled.jpg\" data-id=\"1360\" data-caption=\"1360\"\/><span class=\"teft-gallery-more\">Se mer (3)<\/span><\/a><\/figure><\/li><li class=\"teft-gallery-item is-hidden\"><figure><a href=\"https:\/\/hoyre.no\/content\/uploads\/sites\/9\/2024\/04\/IMG_2607-1-scaled.jpg\" data-size=\"2500x1875\"><img loading=\"lazy\" decoding=\"async\" width=\"1024\" height=\"768\" src=\"https:\/\/hoyre.no\/content\/uploads\/sites\/9\/2024\/04\/IMG_2607-1-1024x768.jpg\" class=\"attachment-large size-large\" alt=\"\" srcset=\"https:\/\/hoyre.no\/content\/uploads\/sites\/9\/2024\/04\/IMG_2607-1-1024x768.jpg 1024w, https:\/\/hoyre.no\/content\/uploads\/sites\/9\/2024\/04\/IMG_2607-1-300x225.jpg 300w, https:\/\/hoyre.no\/content\/uploads\/sites\/9\/2024\/04\/IMG_2607-1-768x576.jpg 768w, https:\/\/hoyre.no\/content\/uploads\/sites\/9\/2024\/04\/IMG_2607-1-1536x1152.jpg 1536w, https:\/\/hoyre.no\/content\/uploads\/sites\/9\/2024\/04\/IMG_2607-1-2048x1536.jpg 2048w\" sizes=\"auto, (max-width: 1024px) 100vw, 1024px\" \/ data-full-url=\"https:\/\/hoyre.no\/content\/uploads\/sites\/9\/2024\/04\/IMG_2607-1-scaled.jpg\" data-id=\"1356\" data-caption=\"1356\"\/><\/a><\/figure><\/li><li class=\"teft-gallery-item is-hidden\"><figure><a href=\"https:\/\/hoyre.no\/content\/uploads\/sites\/9\/2024\/04\/IMG_6028-1-scaled.jpg\" data-size=\"2500x1875\"><img loading=\"lazy\" decoding=\"async\" width=\"1024\" height=\"768\" src=\"https:\/\/hoyre.no\/content\/uploads\/sites\/9\/2024\/04\/IMG_6028-1-1024x768.jpg\" class=\"attachment-large size-large\" alt=\"\" srcset=\"https:\/\/hoyre.no\/content\/uploads\/sites\/9\/2024\/04\/IMG_6028-1-1024x768.jpg 1024w, https:\/\/hoyre.no\/content\/uploads\/sites\/9\/2024\/04\/IMG_6028-1-300x225.jpg 300w, https:\/\/hoyre.no\/content\/uploads\/sites\/9\/2024\/04\/IMG_6028-1-768x576.jpg 768w, https:\/\/hoyre.no\/content\/uploads\/sites\/9\/2024\/04\/IMG_6028-1-1536x1152.jpg 1536w, https:\/\/hoyre.no\/content\/uploads\/sites\/9\/2024\/04\/IMG_6028-1-2048x1536.jpg 2048w\" sizes=\"auto, (max-width: 1024px) 100vw, 1024px\" \/ data-full-url=\"https:\/\/hoyre.no\/content\/uploads\/sites\/9\/2024\/04\/IMG_6028-1-scaled.jpg\" data-id=\"1358\" data-caption=\"1358\"\/><\/a><\/figure><\/li><li class=\"teft-gallery-item is-hidden\"><figure><a href=\"https:\/\/hoyre.no\/content\/uploads\/sites\/9\/2024\/04\/IMG_6029-1-scaled.jpg\" data-size=\"2500x1875\"><img loading=\"lazy\" decoding=\"async\" width=\"1024\" height=\"768\" src=\"https:\/\/hoyre.no\/content\/uploads\/sites\/9\/2024\/04\/IMG_6029-1-1024x768.jpg\" class=\"attachment-large size-large\" alt=\"\" srcset=\"https:\/\/hoyre.no\/content\/uploads\/sites\/9\/2024\/04\/IMG_6029-1-1024x768.jpg 1024w, https:\/\/hoyre.no\/content\/uploads\/sites\/9\/2024\/04\/IMG_6029-1-300x225.jpg 300w, https:\/\/hoyre.no\/content\/uploads\/sites\/9\/2024\/04\/IMG_6029-1-768x576.jpg 768w, https:\/\/hoyre.no\/content\/uploads\/sites\/9\/2024\/04\/IMG_6029-1-1536x1152.jpg 1536w, https:\/\/hoyre.no\/content\/uploads\/sites\/9\/2024\/04\/IMG_6029-1-2048x1536.jpg 2048w\" sizes=\"auto, (max-width: 1024px) 100vw, 1024px\" \/ data-full-url=\"https:\/\/hoyre.no\/content\/uploads\/sites\/9\/2024\/04\/IMG_6029-1-scaled.jpg\" data-id=\"1357\" data-caption=\"1357\"\/><\/a><\/figure><\/li><\/ul><\/figure>\n\n\n\n<p>Fylkesr\u00e5d Lise R\u00e5nes og gruppeleder Stig Tore Skogsholm var invitert til \u00e5 bes\u00f8ke Alstahaug kommune og Sandnessj\u00f8en videreg\u00e5ende skole, som er en skole som i mange \u00e5r har utmerket seg med sv\u00e6rt gode gjennomf\u00f8ringstall. Elevene trives p\u00e5 denne skolen, og det var lett \u00e5 merke bare ved \u00e5 bes\u00f8ke skolen noen timer. H\u00f8yre lokalt i Alstahaug har i mange \u00e5r jobbet for \u00e5 f\u00e5 p\u00e5 plass en ny idrettshall, hvor den videreg\u00e5ende skolen vil g\u00e5 inn som leietaker, og det ble ogs\u00e5 en god presentasjon av dette prosjektet.&nbsp;<\/p>\n\n\n\n<h2 class=\"wp-block-heading\"><strong><strong>Nye veier i utdanning: Diskusjon om oppl\u00e6ringsloven og frav\u00e6rsregler<\/strong><\/strong><\/h2>\n\n\n\n<figure class=\"wp-block-image size-large is-resized\"><img loading=\"lazy\" decoding=\"async\" width=\"1024\" height=\"695\" src=\"https:\/\/hoyre.no\/content\/uploads\/sites\/9\/2024\/04\/Izzyredliten-1-1024x695.jpg\" alt=\"\" class=\"wp-image-1333\" style=\"aspect-ratio:1.4733812949640288;width:589px;height:auto\" srcset=\"https:\/\/hoyre.no\/content\/uploads\/sites\/9\/2024\/04\/Izzyredliten-1-1024x695.jpg 1024w, https:\/\/hoyre.no\/content\/uploads\/sites\/9\/2024\/04\/Izzyredliten-1-300x204.jpg 300w, https:\/\/hoyre.no\/content\/uploads\/sites\/9\/2024\/04\/Izzyredliten-1-768x521.jpg 768w, https:\/\/hoyre.no\/content\/uploads\/sites\/9\/2024\/04\/Izzyredliten-1-1536x1043.jpg 1536w, https:\/\/hoyre.no\/content\/uploads\/sites\/9\/2024\/04\/Izzyredliten-1.jpg 2048w\" sizes=\"auto, (max-width: 1024px) 100vw, 1024px\" \/><\/figure>\n\n\n\n<p>V\u00e5r fylkesr\u00e5d for utdanning og kompetanse, Joakim Sennesvik, hadde et m\u00f8te med H\u00f8yres utdanningsfraksjon p\u00e5 Stortinget, ledet av Jan Tore Sanner. De diskuterte Nordlands fremtidsplaner for utdanning, inkludert den nye oppl\u00e6ringsloven og frav\u00e6rsregler, med et spesielt \u00f8ye p\u00e5 hvordan vi best kan forberede v\u00e5re elever for morgendagens utfordringer.<\/p>\n\n\n\n<h2 class=\"wp-block-heading\"><strong>Vil lokke unge folk til Nord-Norge med svenske metoder<\/strong><\/h2>\n\n\n\n<figure class=\"wp-block-image size-large\"><img loading=\"lazy\" decoding=\"async\" width=\"1024\" height=\"576\" src=\"https:\/\/hoyre.no\/content\/uploads\/sites\/9\/2024\/04\/wJtfijkIh3rvX_g3LA0cpAOn6y7eGA0MLGbmbhxsE3LQ-1024x576.png\" alt=\" Maria Strand Munkhaug (nummer to fra h\u00f8yre) var ungdomsdelegat fra Norge. Hun er blant annet en del av ungdomsr\u00e5det for Barentsregionen.\" class=\"wp-image-1373\" srcset=\"https:\/\/hoyre.no\/content\/uploads\/sites\/9\/2024\/04\/wJtfijkIh3rvX_g3LA0cpAOn6y7eGA0MLGbmbhxsE3LQ-1024x576.png 1024w, https:\/\/hoyre.no\/content\/uploads\/sites\/9\/2024\/04\/wJtfijkIh3rvX_g3LA0cpAOn6y7eGA0MLGbmbhxsE3LQ-300x169.png 300w, https:\/\/hoyre.no\/content\/uploads\/sites\/9\/2024\/04\/wJtfijkIh3rvX_g3LA0cpAOn6y7eGA0MLGbmbhxsE3LQ-768x432.png 768w, https:\/\/hoyre.no\/content\/uploads\/sites\/9\/2024\/04\/wJtfijkIh3rvX_g3LA0cpAOn6y7eGA0MLGbmbhxsE3LQ.png 1200w\" sizes=\"auto, (max-width: 1024px) 100vw, 1024px\" \/><figcaption class=\"wp-element-caption\"> Maria Strand Munkhaug (nummer to fra h\u00f8yre) var ungdomsdelegat fra Norge. Hun er blant annet en del av ungdomsr\u00e5det for Barentsregionen og komit\u00e9leder for utdanning og kompetanse i Nordland.<\/figcaption><\/figure>\n\n\n\n<p>I hjertet av mars bes\u00f8kte Maria Strand Munkhaug fra Nordland, Sverige for \u00e5 delta p\u00e5 Den arktiske parlamentarikerkonferansen sammen med stortingsrepresentant B\u00e5rd Ludvig Thorheim. De diskuterte hvordan vi kan skape b\u00e6rekraftige og levende samfunn i nordomr\u00e5dene, inspirert av svenske suksesshistorier. Maria understreker viktigheten av \u00e5 se til v\u00e5re svenske naboer for \u00e5 unng\u00e5 at Nord-Norge taper kampen om \u00e5 tiltrekke og beholde ungdommen. Med eksempler som Skellefte\u00e5s batterifabrikk og Kirunas jernmalmindustri viser hun hvordan satsing p\u00e5 lokal industri og n\u00e6ringsliv kan f\u00f8re til befolkningsvekst og vitalisering av sm\u00e5samfunn. Maria mener n\u00f8kkelen til fremgang ligger i \u00e5 tilrettelegge for n\u00e6ringslivet og \u00e5 skape attraktive arbeidsplasser som igjen kan generere skatteinntekter og styrke kommune\u00f8konomien.<\/p>\n\n\n\n<figure class=\"wp-block-image size-large\"><img loading=\"lazy\" decoding=\"async\" width=\"1024\" height=\"1024\" src=\"https:\/\/hoyre.no\/content\/uploads\/sites\/9\/2024\/04\/F8EeJIKLBegUzXe6YSkdBgd8DLuMv9MQRiKGNP5vWE6g-1024x1024.png\" alt=\"FIKK SE: Maria Strand Munkhaug og B\u00e5rd Ludvig Thorheim bes\u00f8kte blant annet LKABs anlegg i Kiruna under konferansen.\" class=\"wp-image-1374\" srcset=\"https:\/\/hoyre.no\/content\/uploads\/sites\/9\/2024\/04\/F8EeJIKLBegUzXe6YSkdBgd8DLuMv9MQRiKGNP5vWE6g-1024x1024.png 1024w, https:\/\/hoyre.no\/content\/uploads\/sites\/9\/2024\/04\/F8EeJIKLBegUzXe6YSkdBgd8DLuMv9MQRiKGNP5vWE6g-300x300.png 300w, https:\/\/hoyre.no\/content\/uploads\/sites\/9\/2024\/04\/F8EeJIKLBegUzXe6YSkdBgd8DLuMv9MQRiKGNP5vWE6g-150x150.png 150w, https:\/\/hoyre.no\/content\/uploads\/sites\/9\/2024\/04\/F8EeJIKLBegUzXe6YSkdBgd8DLuMv9MQRiKGNP5vWE6g-768x768.png 768w, https:\/\/hoyre.no\/content\/uploads\/sites\/9\/2024\/04\/F8EeJIKLBegUzXe6YSkdBgd8DLuMv9MQRiKGNP5vWE6g.png 1200w\" sizes=\"auto, (max-width: 1024px) 100vw, 1024px\" \/><figcaption class=\"wp-element-caption\">FIKK SE: Maria Strand Munkhaug og B\u00e5rd Ludvig Thorheim bes\u00f8kte blant annet LKABs anlegg i Kiruna under konferansen.\n\n<\/figcaption><\/figure>\n\n\n\n<div class=\"wp-block-buttons is-layout-flex wp-block-buttons-is-layout-flex\">\n<div class=\"wp-block-button\"><a class=\"wp-block-button__link wp-element-button\" href=\"https:\/\/www.nrk.no\/nordland\/nord-norge-bor-gjore-som-nord-sverige-for-a-fa-unge-folk-til-a-flytte-1.16824664\">Les hele saken her<\/a><\/div>\n<\/div>\n\n\n\n<h2 class=\"wp-block-heading\">Vefsn H\u00f8yres \u00e5rsm\u00f8te<\/h2>\n\n\n\n<p>Under \u00e5rsm\u00f8tet til Vefsn H\u00f8yre fikk gruppeleder p\u00e5 fylkestinget, Stig Tore Skogsholm, muligheten til \u00e5 dele verdifull innsikt om livet og arbeidet i fylkestingsgruppen. Dette var en flott anledning til \u00e5 belyse det daglige arbeidet p\u00e5 fylkestinget, samt gi et innblikk i de p\u00e5g\u00e5ende prosessene rundt nominasjon til Stortinget og det viktige programarbeidet.<\/p>\n\n\n\n<p>Stig Tore uttrykte en spesiell takknemlighet for invitasjonen og muligheten til \u00e5 engasjere direkte med medlemmer og st\u00f8ttespillere p\u00e5 lokalt niv\u00e5. Han poengterte viktigheten av dialog og samarbeid mellom fylkestingsgruppen og lokallagene rundt omkring i Nordland, og hvordan dette styrker v\u00e5r felles sak.<\/p>\n\n\n\n<p><strong>\u00d8nsker ditt lokallag \u00e5 v\u00e6re neste stopp?<\/strong> Ta kontakt for \u00e5 avtale et bes\u00f8k! <\/p>\n\n\n\n<div class=\"wp-block-buttons is-layout-flex wp-block-buttons-is-layout-flex\">\n<div class=\"wp-block-button\"><a class=\"wp-block-button__link wp-element-button\" href=\"https:\/\/hoyre.no\/personprofiler\/isabella-emilie-pigini-storli\/\">ta kontakt med v\u00e5r regionr\u00e5dgiver<\/a><\/div>\n<\/div>\n\n\n\n<div class=\"wp-block-hoyre-banner undefined\"><div class=\"banner-inner\"><figure class=\"hoyre-image-wrapper\"><div class=\"hoyre-image\"><img loading=\"lazy\" decoding=\"async\" width=\"2000\" height=\"924\" src=\"https:\/\/hoyre.no\/content\/uploads\/sites\/9\/2024\/04\/EivindHolst28H2928529.jpg\" class=\"attachment-scaled size-scaled\" alt=\"Foto: Hans Trygve Holm\" style=\"object-position: 49% 77%\" srcset=\"https:\/\/hoyre.no\/content\/uploads\/sites\/9\/2024\/04\/EivindHolst28H2928529.jpg 2000w, https:\/\/hoyre.no\/content\/uploads\/sites\/9\/2024\/04\/EivindHolst28H2928529-300x139.jpg 300w, https:\/\/hoyre.no\/content\/uploads\/sites\/9\/2024\/04\/EivindHolst28H2928529-1024x473.jpg 1024w, https:\/\/hoyre.no\/content\/uploads\/sites\/9\/2024\/04\/EivindHolst28H2928529-768x355.jpg 768w, https:\/\/hoyre.no\/content\/uploads\/sites\/9\/2024\/04\/EivindHolst28H2928529-1536x710.jpg 1536w\" sizes=\"auto, (max-width: 2000px) 100vw, 2000px\" \/><\/div><\/figure><div class=\"banner-content\"><div class=\"entry-content\">\n<h2 class=\"wp-block-heading\">Sak i fokus: Eivind skrev brev til biologisk mor: \u2013 Jeg takket for at hun adopterte meg bort<\/h2>\n\n\n\n<p>Les den hjertevarme artikkelen om Eivind i AN fra p\u00e5skeuken <\/p>\n\n\n\n<p>Foto: Hans Trygve Holm, Avisa Nordland<\/p>\n\n\n\n<div class=\"wp-block-buttons is-layout-flex wp-block-buttons-is-layout-flex\">\n<div class=\"wp-block-button\"><a class=\"wp-block-button__link wp-element-button\" href=\"https:\/\/www.an.no\/eivind-skrev-brev-til-biologisk-mor-jeg-takket-for-at-hun-adopterte-meg-bort\/f\/5-4-1927171\">Les hele saken p\u00e5 avisa nordland<\/a><\/div>\n<\/div>\n<\/div><\/div><\/div><\/div>\n\n\n\n<h2 class=\"wp-block-heading\">P\u00e5ske&nbsp;&nbsp;<\/h2>\n\n\n\n<p>Etter en aktiv p\u00e5ske, hvor mange av oss benyttet anledningen til \u00e5 nyte friluftslivet og kvalitetstid med v\u00e5re n\u00e6rmeste, \u00f8nsker fylkesordf\u00f8rer Eivind Holst \u00e5 rette en spesiell takk til alle som har st\u00e5tt p\u00e5 jobb i h\u00f8ytiden.<\/p>\n\n\n\n<p>&laquo;P\u00e5sken gir mange av oss en sjanse til \u00e5 puste ut, g\u00e5 turer, utforske byen, og skape minner med familie og venner. Men dette hadde ikke v\u00e6rt mulig uten innsatsen fra de som jobber gjennom ferien. Til alle dere i helsevesenet, i butikkene, hos n\u00f8detatene, og alle andre som har bidratt \u2013 hjertelig takk for at dere holder hjulene i gang,&raquo; uttrykker Holst<\/p>\n\n\n\n<figure class=\"wp-block-image size-large is-resized\"><img loading=\"lazy\" decoding=\"async\" width=\"1024\" height=\"1024\" src=\"https:\/\/hoyre.no\/content\/uploads\/sites\/9\/2024\/04\/Va\u030ar-fylkesra\u030ad-for-utdanning-og-kompetanse-Joakim-Sennesvik-hadde-et-mote-med-Hoyres-utdanningsfraksjon-pa\u030a-Stortinget-ledet-av-Jan-Tore-Sanner.-De-diskuterte-Nordlands-fremtidsplaner-for-utdanni-1024x1024.png\" alt=\"\" class=\"wp-image-1325\" style=\"aspect-ratio:1;width:389px;height:auto\" srcset=\"https:\/\/hoyre.no\/content\/uploads\/sites\/9\/2024\/04\/Va\u030ar-fylkesra\u030ad-for-utdanning-og-kompetanse-Joakim-Sennesvik-hadde-et-mote-med-Hoyres-utdanningsfraksjon-pa\u030a-Stortinget-ledet-av-Jan-Tore-Sanner.-De-diskuterte-Nordlands-fremtidsplaner-for-utdanni-1024x1024.png 1024w, https:\/\/hoyre.no\/content\/uploads\/sites\/9\/2024\/04\/Va\u030ar-fylkesra\u030ad-for-utdanning-og-kompetanse-Joakim-Sennesvik-hadde-et-mote-med-Hoyres-utdanningsfraksjon-pa\u030a-Stortinget-ledet-av-Jan-Tore-Sanner.-De-diskuterte-Nordlands-fremtidsplaner-for-utdanni-300x300.png 300w, https:\/\/hoyre.no\/content\/uploads\/sites\/9\/2024\/04\/Va\u030ar-fylkesra\u030ad-for-utdanning-og-kompetanse-Joakim-Sennesvik-hadde-et-mote-med-Hoyres-utdanningsfraksjon-pa\u030a-Stortinget-ledet-av-Jan-Tore-Sanner.-De-diskuterte-Nordlands-fremtidsplaner-for-utdanni-150x150.png 150w, https:\/\/hoyre.no\/content\/uploads\/sites\/9\/2024\/04\/Va\u030ar-fylkesra\u030ad-for-utdanning-og-kompetanse-Joakim-Sennesvik-hadde-et-mote-med-Hoyres-utdanningsfraksjon-pa\u030a-Stortinget-ledet-av-Jan-Tore-Sanner.-De-diskuterte-Nordlands-fremtidsplaner-for-utdanni-768x768.png 768w, https:\/\/hoyre.no\/content\/uploads\/sites\/9\/2024\/04\/Va\u030ar-fylkesra\u030ad-for-utdanning-og-kompetanse-Joakim-Sennesvik-hadde-et-mote-med-Hoyres-utdanningsfraksjon-pa\u030a-Stortinget-ledet-av-Jan-Tore-Sanner.-De-diskuterte-Nordlands-fremtidsplaner-for-utdanni.png 1080w\" sizes=\"auto, (max-width: 1024px) 100vw, 1024px\" \/><\/figure>\n\n\n<div class=\"tags\">\n\t<\/div>\n<div class=\"post-footer alignfull has-background block-editor-block-list__block\" data-align=full>\n\t<div class=\"post-footer-inner\">\n\t\t<h3>Relaterte artikler<\/h3>\n\t\t<div class=\"related-content\"><div class=\"is-card-hoyre\">\n\t<div class=\"teft-card hoyre-teft-card post-teft-card\">\n\t\t<a href=\"https:\/\/hoyre.no\/nordland\/aktuelt\/vi-onsker-dine-innspill\/\" class=\"teft-card__primary-action\">\n\n\t\t\t\t\t<div class=\"teft-card__media teft-card__media--16-9\">\n\t\t\t\t\t\t<img loading=\"lazy\" decoding=\"async\" width=\"768\" height=\"402\" src=\"https:\/\/hoyre.no\/content\/uploads\/sites\/9\/2026\/04\/Dokument-uten-navn-09.02.2026-1-1536x804-1-768x402.png\" class=\"attachment-medium_large size-medium_large\" alt=\"\" srcset=\"https:\/\/hoyre.no\/content\/uploads\/sites\/9\/2026\/04\/Dokument-uten-navn-09.02.2026-1-1536x804-1-768x402.png 768w, https:\/\/hoyre.no\/content\/uploads\/sites\/9\/2026\/04\/Dokument-uten-navn-09.02.2026-1-1536x804-1-300x157.png 300w, https:\/\/hoyre.no\/content\/uploads\/sites\/9\/2026\/04\/Dokument-uten-navn-09.02.2026-1-1536x804-1-1024x536.png 1024w, https:\/\/hoyre.no\/content\/uploads\/sites\/9\/2026\/04\/Dokument-uten-navn-09.02.2026-1-1536x804-1.png 1536w\" sizes=\"auto, (max-width: 768px) 100vw, 768px\" \/>\t\t<\/div>\n\t\t\n\t\t\t<div class=\"teft-card__content-wrapper\">\n\t\t\t\t<div class=\"teft-card__secondary\">\n\t\t\t\t\t\n\t\t\t\t\t\t\t\t<div class=\"teft-card__meta\">\n\t\t\t\t\t\t\t\t\t<span class=\"post-date\">15. apr 2026<\/span>\n\n\t\t\t\t\t\t\t\t\t<span class=\"post-category\">Nominasjonsprosess 2027\/2031<\/span>\t\t\t\t\t\t\t\t<\/div>\n\t\t\t\t\t\t\t\t\t\t\t<\/div>\n\n\t\t\t\t<div class=\"teft-card__primary\">\n\t\t\t\t\t<h2 class=\"teft-card__title\">Vi \u00f8nsker dine innspill!&nbsp;<span class=\"teft-card__primary-title-append\"><\/span><\/h2>\t\t\t\t<\/div>\n\t\t\t<\/div>\n\t\t<\/a>\n\t<\/div>\n\n\t<\/div><div class=\"is-card-hoyre\">\n\t<div class=\"teft-card hoyre-teft-card post-teft-card\">\n\t\t<a href=\"https:\/\/hoyre.no\/nordland\/aktuelt\/sjomatnaeringen-og-prosessindustrien\/\" class=\"teft-card__primary-action\">\n\n\t\t\t<div class=\"teft-card__media teft-card__media--16-9 no-image\"><\/div>\n\t\t\t<div class=\"teft-card__content-wrapper\">\n\t\t\t\t<div class=\"teft-card__secondary\">\n\t\t\t\t\t\n\t\t\t\t\t\t\t\t<div class=\"teft-card__meta\">\n\t\t\t\t\t\t\t\t\t<span class=\"post-date\">20. nov 2025<\/span>\n\n\t\t\t\t\t\t\t\t\t<span class=\"post-category\">Fylkes\u00e5rsm\u00f8te 2025<\/span>\t\t\t\t\t\t\t\t<\/div>\n\t\t\t\t\t\t\t\t\t\t\t<\/div>\n\n\t\t\t\t<div class=\"teft-card__primary\">\n\t\t\t\t\t<h2 class=\"teft-card__title\">Sj\u00f8matn\u00e6ringen og prosessindustrien&nbsp;<span class=\"teft-card__primary-title-append\"><\/span><\/h2>\t\t\t\t<\/div>\n\t\t\t<\/div>\n\t\t<\/a>\n\t<\/div>\n\n\t<\/div><div class=\"is-card-hoyre\">\n\t<div class=\"teft-card hoyre-teft-card post-teft-card\">\n\t\t<a href=\"https:\/\/hoyre.no\/nordland\/aktuelt\/okt-satsning-pa-havforskning\/\" class=\"teft-card__primary-action\">\n\n\t\t\t<div class=\"teft-card__media teft-card__media--16-9 no-image\"><\/div>\n\t\t\t<div class=\"teft-card__content-wrapper\">\n\t\t\t\t<div class=\"teft-card__secondary\">\n\t\t\t\t\t\n\t\t\t\t\t\t\t\t<div class=\"teft-card__meta\">\n\t\t\t\t\t\t\t\t\t<span class=\"post-date\">20. nov 2025<\/span>\n\n\t\t\t\t\t\t\t\t\t<span class=\"post-category\">Fylkes\u00e5rsm\u00f8te 2025<\/span>\t\t\t\t\t\t\t\t<\/div>\n\t\t\t\t\t\t\t\t\t\t\t<\/div>\n\n\t\t\t\t<div class=\"teft-card__primary\">\n\t\t\t\t\t<h2 class=\"teft-card__title\">\u00d8kt satsning p\u00e5 havforskning&nbsp;<span class=\"teft-card__primary-title-append\"><\/span><\/h2>\t\t\t\t<\/div>\n\t\t\t<\/div>\n\t\t<\/a>\n\t<\/div>\n\n\t<\/div><\/div>\t<\/div>\n<\/div>\n\n\n\n<p><\/p>\n","protected":false},"excerpt":{"rendered":"","protected":false},"author":3547,"featured_media":0,"comment_status":"closed","ping_status":"closed","sticky":false,"template":"","format":"standard","meta":{"teft_cards_image_url":"","teft_cards_custom_pretitle":"","teft_cards_image_id":1333,"teft_cards_image_focal_point_x":0.5,"teft_cards_image_focal_point_y":0.5,"teft_cards_title":"","teft_cards_excerpt":"","teft_show_chapters":false,"author_display_name":"","footnotes":""},"category":[1],"post_tag":[],"hoyre-visibility":[],"article-type":[],"politician":[],"class_list":["post-1319","post","type-post","status-publish","format-standard","hentry","category-ukategorisert"],"yoast_head":"<!-- This site is optimized with the Yoast SEO plugin v26.6 - https:\/\/yoast.com\/wordpress\/plugins\/seo\/ -->\n<title>Innovasjon og innsats: Nordland H\u00f8yres veikart gjennom mars - Nordland H\u00f8yre<\/title>\n<meta name=\"robots\" content=\"index, follow, max-snippet:-1, max-image-preview:large, max-video-preview:-1\" \/>\n<link rel=\"canonical\" href=\"https:\/\/hoyre.no\/nordland\/aktuelt\/innovasjon-og-innsats-nordland-hoyres-veikart-gjennom-mars\/\" \/>\n<meta property=\"og:locale\" content=\"nb_NO\" \/>\n<meta property=\"og:type\" content=\"article\" \/>\n<meta property=\"og:title\" content=\"Innovasjon og innsats: Nordland H\u00f8yres veikart gjennom mars - Nordland H\u00f8yre\" \/>\n<meta property=\"og:url\" content=\"https:\/\/hoyre.no\/nordland\/aktuelt\/innovasjon-og-innsats-nordland-hoyres-veikart-gjennom-mars\/\" \/>\n<meta property=\"og:site_name\" content=\"Nordland H\u00f8yre\" \/>\n<meta property=\"article:published_time\" content=\"2024-04-05T12:33:46+00:00\" \/>\n<meta property=\"article:modified_time\" content=\"2024-04-05T12:42:16+00:00\" \/>\n<meta property=\"og:image\" content=\"https:\/\/hoyre.no\/content\/uploads\/sites\/9\/2024\/04\/431561573_10162070431033755_3848029309143933133_n-edited-1.jpg\" \/>\n<meta name=\"author\" content=\"Isabella Emilie Pigini Storli\" \/>\n<meta name=\"twitter:card\" content=\"summary_large_image\" \/>\n<meta name=\"twitter:label1\" content=\"Skrevet av\" \/>\n\t<meta name=\"twitter:data1\" content=\"Isabella Emilie Pigini Storli\" \/>\n\t<meta name=\"twitter:label2\" content=\"Ansl. lesetid\" \/>\n\t<meta name=\"twitter:data2\" content=\"9 minutter\" \/>\n<script type=\"application\/ld+json\" class=\"yoast-schema-graph\">{\"@context\":\"https:\/\/schema.org\",\"@graph\":[{\"@type\":\"NewsArticle\",\"@id\":\"https:\/\/hoyre.no\/nordland\/aktuelt\/innovasjon-og-innsats-nordland-hoyres-veikart-gjennom-mars\/\",\"url\":\"https:\/\/hoyre.no\/nordland\/aktuelt\/innovasjon-og-innsats-nordland-hoyres-veikart-gjennom-mars\/\",\"name\":\"Innovasjon og innsats: Nordland H\u00f8yres veikart gjennom mars - Nordland H\u00f8yre\",\"isPartOf\":{\"@id\":\"https:\/\/hoyre.no\/nordland\/#website\"},\"image\":{\"@id\":\"https:\/\/hoyre.no\/nordland\/aktuelt\/innovasjon-og-innsats-nordland-hoyres-veikart-gjennom-mars\/#primaryimage\"},\"thumbnailUrl\":\"https:\/\/hoyre.no\/content\/uploads\/sites\/9\/2024\/04\/431561573_10162070431033755_3848029309143933133_n-edited-1.jpg\",\"datePublished\":\"2024-04-05T12:33:46+00:00\",\"dateModified\":\"2024-04-05T12:42:16+00:00\",\"author\":{\"@id\":\"https:\/\/hoyre.no\/nordland\/#\/schema\/person\/6f4581f8cbce8649b11dffce4d355a20\"},\"breadcrumb\":{\"@id\":\"https:\/\/hoyre.no\/nordland\/aktuelt\/innovasjon-og-innsats-nordland-hoyres-veikart-gjennom-mars\/#breadcrumb\"},\"inLanguage\":\"nb-NO\",\"potentialAction\":[{\"@type\":\"ReadAction\",\"target\":[\"https:\/\/hoyre.no\/nordland\/aktuelt\/innovasjon-og-innsats-nordland-hoyres-veikart-gjennom-mars\/\"]}]},{\"@type\":\"ImageObject\",\"inLanguage\":\"nb-NO\",\"@id\":\"https:\/\/hoyre.no\/nordland\/aktuelt\/innovasjon-og-innsats-nordland-hoyres-veikart-gjennom-mars\/#primaryimage\",\"url\":\"https:\/\/hoyre.no\/content\/uploads\/sites\/9\/2024\/04\/431561573_10162070431033755_3848029309143933133_n-edited-1.jpg\",\"contentUrl\":\"https:\/\/hoyre.no\/content\/uploads\/sites\/9\/2024\/04\/431561573_10162070431033755_3848029309143933133_n-edited-1.jpg\"},{\"@type\":\"BreadcrumbList\",\"@id\":\"https:\/\/hoyre.no\/nordland\/aktuelt\/innovasjon-og-innsats-nordland-hoyres-veikart-gjennom-mars\/#breadcrumb\",\"itemListElement\":[{\"@type\":\"ListItem\",\"position\":1,\"name\":\"Til hoyre.no\",\"item\":\"https:\/\/hoyre.no\"},{\"@type\":\"ListItem\",\"position\":2,\"name\":\"Hjem\",\"item\":\"https:\/\/hoyre.no\/nordland\/\"},{\"@type\":\"ListItem\",\"position\":3,\"name\":\"Innovasjon og innsats: Nordland H\u00f8yres veikart gjennom mars\"}]},{\"@type\":\"WebSite\",\"@id\":\"https:\/\/hoyre.no\/nordland\/#website\",\"url\":\"https:\/\/hoyre.no\/nordland\/\",\"name\":\"Nordland H\u00f8yre\",\"description\":\"Bare enda et H\u00f8yres nettsteder-nettsted\",\"inLanguage\":\"nb-NO\"},{\"@type\":\"Person\",\"@id\":\"https:\/\/hoyre.no\/nordland\/#\/schema\/person\/6f4581f8cbce8649b11dffce4d355a20\",\"name\":\"Isabella Emilie Pigini Storli\",\"image\":{\"@type\":\"ImageObject\",\"inLanguage\":\"nb-NO\",\"@id\":\"https:\/\/hoyre.no\/nordland\/#\/schema\/person\/image\/\",\"url\":\"https:\/\/secure.gravatar.com\/avatar\/08adee43a03700ba785bdbd90482e1f29963f7da76a6456741cc4ace550c4fe2?s=96&d=mm&r=g\",\"contentUrl\":\"https:\/\/secure.gravatar.com\/avatar\/08adee43a03700ba785bdbd90482e1f29963f7da76a6456741cc4ace550c4fe2?s=96&d=mm&r=g\",\"caption\":\"Isabella Emilie Pigini Storli\"},\"url\":\"https:\/\/hoyre.no\/nordland\/aktuelt\/author\/m52026796\/\"}]}<\/script>\n<!-- \/ Yoast SEO plugin. -->","yoast_head_json":{"title":"Innovasjon og innsats: Nordland H\u00f8yres veikart gjennom mars - Nordland H\u00f8yre","robots":{"index":"index","follow":"follow","max-snippet":"max-snippet:-1","max-image-preview":"max-image-preview:large","max-video-preview":"max-video-preview:-1"},"canonical":"https:\/\/hoyre.no\/nordland\/aktuelt\/innovasjon-og-innsats-nordland-hoyres-veikart-gjennom-mars\/","og_locale":"nb_NO","og_type":"article","og_title":"Innovasjon og innsats: Nordland H\u00f8yres veikart gjennom mars - Nordland H\u00f8yre","og_url":"https:\/\/hoyre.no\/nordland\/aktuelt\/innovasjon-og-innsats-nordland-hoyres-veikart-gjennom-mars\/","og_site_name":"Nordland H\u00f8yre","article_published_time":"2024-04-05T12:33:46+00:00","article_modified_time":"2024-04-05T12:42:16+00:00","og_image":[{"url":"https:\/\/hoyre.no\/content\/uploads\/sites\/9\/2024\/04\/431561573_10162070431033755_3848029309143933133_n-edited-1.jpg","type":"","width":"","height":""}],"author":"Isabella Emilie Pigini Storli","twitter_card":"summary_large_image","twitter_misc":{"Skrevet av":"Isabella Emilie Pigini Storli","Ansl. lesetid":"9 minutter"},"schema":{"@context":"https:\/\/schema.org","@graph":[{"@type":"NewsArticle","@id":"https:\/\/hoyre.no\/nordland\/aktuelt\/innovasjon-og-innsats-nordland-hoyres-veikart-gjennom-mars\/","url":"https:\/\/hoyre.no\/nordland\/aktuelt\/innovasjon-og-innsats-nordland-hoyres-veikart-gjennom-mars\/","name":"Innovasjon og innsats: Nordland H\u00f8yres veikart gjennom mars - Nordland H\u00f8yre","isPartOf":{"@id":"https:\/\/hoyre.no\/nordland\/#website"},"image":{"@id":"https:\/\/hoyre.no\/nordland\/aktuelt\/innovasjon-og-innsats-nordland-hoyres-veikart-gjennom-mars\/#primaryimage"},"thumbnailUrl":"https:\/\/hoyre.no\/content\/uploads\/sites\/9\/2024\/04\/431561573_10162070431033755_3848029309143933133_n-edited-1.jpg","datePublished":"2024-04-05T12:33:46+00:00","dateModified":"2024-04-05T12:42:16+00:00","author":{"@id":"https:\/\/hoyre.no\/nordland\/#\/schema\/person\/6f4581f8cbce8649b11dffce4d355a20"},"breadcrumb":{"@id":"https:\/\/hoyre.no\/nordland\/aktuelt\/innovasjon-og-innsats-nordland-hoyres-veikart-gjennom-mars\/#breadcrumb"},"inLanguage":"nb-NO","potentialAction":[{"@type":"ReadAction","target":["https:\/\/hoyre.no\/nordland\/aktuelt\/innovasjon-og-innsats-nordland-hoyres-veikart-gjennom-mars\/"]}]},{"@type":"ImageObject","inLanguage":"nb-NO","@id":"https:\/\/hoyre.no\/nordland\/aktuelt\/innovasjon-og-innsats-nordland-hoyres-veikart-gjennom-mars\/#primaryimage","url":"https:\/\/hoyre.no\/content\/uploads\/sites\/9\/2024\/04\/431561573_10162070431033755_3848029309143933133_n-edited-1.jpg","contentUrl":"https:\/\/hoyre.no\/content\/uploads\/sites\/9\/2024\/04\/431561573_10162070431033755_3848029309143933133_n-edited-1.jpg"},{"@type":"BreadcrumbList","@id":"https:\/\/hoyre.no\/nordland\/aktuelt\/innovasjon-og-innsats-nordland-hoyres-veikart-gjennom-mars\/#breadcrumb","itemListElement":[{"@type":"ListItem","position":1,"name":"Til hoyre.no","item":"https:\/\/hoyre.no"},{"@type":"ListItem","position":2,"name":"Hjem","item":"https:\/\/hoyre.no\/nordland\/"},{"@type":"ListItem","position":3,"name":"Innovasjon og innsats: Nordland H\u00f8yres veikart gjennom mars"}]},{"@type":"WebSite","@id":"https:\/\/hoyre.no\/nordland\/#website","url":"https:\/\/hoyre.no\/nordland\/","name":"Nordland H\u00f8yre","description":"Bare enda et H\u00f8yres nettsteder-nettsted","inLanguage":"nb-NO"},{"@type":"Person","@id":"https:\/\/hoyre.no\/nordland\/#\/schema\/person\/6f4581f8cbce8649b11dffce4d355a20","name":"Isabella Emilie Pigini Storli","image":{"@type":"ImageObject","inLanguage":"nb-NO","@id":"https:\/\/hoyre.no\/nordland\/#\/schema\/person\/image\/","url":"https:\/\/secure.gravatar.com\/avatar\/08adee43a03700ba785bdbd90482e1f29963f7da76a6456741cc4ace550c4fe2?s=96&d=mm&r=g","contentUrl":"https:\/\/secure.gravatar.com\/avatar\/08adee43a03700ba785bdbd90482e1f29963f7da76a6456741cc4ace550c4fe2?s=96&d=mm&r=g","caption":"Isabella Emilie Pigini Storli"},"url":"https:\/\/hoyre.no\/nordland\/aktuelt\/author\/m52026796\/"}]}},"distributor_meta":false,"distributor_terms":false,"distributor_media":false,"distributor_original_site_name":"Nordland H\u00f8yre","distributor_original_site_url":"https:\/\/hoyre.no\/nordland","push-errors":false,"_links":{"self":[{"href":"https:\/\/hoyre.no\/nordland\/wp-json\/wp\/v2\/posts\/1319","targetHints":{"allow":["GET"]}}],"collection":[{"href":"https:\/\/hoyre.no\/nordland\/wp-json\/wp\/v2\/posts"}],"about":[{"href":"https:\/\/hoyre.no\/nordland\/wp-json\/wp\/v2\/types\/post"}],"author":[{"embeddable":true,"href":"https:\/\/hoyre.no\/nordland\/wp-json\/wp\/v2\/users\/3547"}],"replies":[{"embeddable":true,"href":"https:\/\/hoyre.no\/nordland\/wp-json\/wp\/v2\/comments?post=1319"}],"version-history":[{"count":11,"href":"https:\/\/hoyre.no\/nordland\/wp-json\/wp\/v2\/posts\/1319\/revisions"}],"predecessor-version":[{"id":1388,"href":"https:\/\/hoyre.no\/nordland\/wp-json\/wp\/v2\/posts\/1319\/revisions\/1388"}],"wp:attachment":[{"href":"https:\/\/hoyre.no\/nordland\/wp-json\/wp\/v2\/media?parent=1319"}],"wp:term":[{"taxonomy":"category","embeddable":true,"href":"https:\/\/hoyre.no\/nordland\/wp-json\/wp\/v2\/category?post=1319"},{"taxonomy":"post_tag","embeddable":true,"href":"https:\/\/hoyre.no\/nordland\/wp-json\/wp\/v2\/post_tag?post=1319"},{"taxonomy":"hoyre-visibility","embeddable":true,"href":"https:\/\/hoyre.no\/nordland\/wp-json\/wp\/v2\/hoyre-visibility?post=1319"},{"taxonomy":"article-type","embeddable":true,"href":"https:\/\/hoyre.no\/nordland\/wp-json\/wp\/v2\/article-type?post=1319"},{"taxonomy":"politician","embeddable":true,"href":"https:\/\/hoyre.no\/nordland\/wp-json\/wp\/v2\/politician?post=1319"}],"curies":[{"name":"wp","href":"https:\/\/api.w.org\/{rel}","templated":true}]}}