{"id":135,"date":"2017-03-12T23:00:00","date_gmt":"2017-03-12T22:00:00","guid":{"rendered":"https:\/\/hoyre.no\/nordland\/aktuelt\/hoyre-i-nord-norge-v\/"},"modified":"2017-03-12T23:00:00","modified_gmt":"2017-03-12T22:00:00","slug":"hoyre-i-nord-norge-v","status":"publish","type":"post","link":"https:\/\/hoyre.no\/nordland\/aktuelt\/hoyre-i-nord-norge-v\/","title":{"rendered":"H\u00f8yre i Nord-Norge vil ha to regioner"},"content":{"rendered":"<p class=\"preamble\">Nordland, Troms og Finnmark H\u00f8yre er samstemte og anbefaler Stortinget at Nord-Norge deles inn i to regioner med grense ved dagens fylkesgrense mellom Nordland og Troms. Fylkespartiene \u00e5pner for grensejusteringer dersom grenseregionen selv \u00f8nsker dette. Prim\u00e6rstandpunktet er at fylkeskommunen som forvaltningsniv\u00e5 b\u00f8r avvikles til fordel for st\u00f8rre og sterkere kommuner.<\/p>\t\t\t<div class=\"post-meta wp-block teft-byline-wrapper\">\n\t\t\t\t<div class=\"top\">\n\t\t\t\t\t<div class=\"signature\">\n\t\t\t\t\t\t<div class=\"teft-byline\">\n\t\t\t\t\t\t\t\t\t\t\t\t\t\t<div>\n\t\t\t\t\t\t\t\t<h3>H\u00f8yres redaksjon<\/h3>\t\t\t\t\t\t\t\t\n\t\t\t\t\t\t\t\t\t\t\t\t\t\t\t\t\t<span class=\"date\">Sist oppdatert: 12. mars 2017<\/span>\n\t\t\t\t\t\t\t\t\t\t\t\t\t\t\t\t\t\t\t\t\t\t\t\t\t<span class=\"reading-time\" itemprop=\"timeRequired\" content=\"PT3M\"><em>Ca. 3 minutter lesetid<\/em><\/span>\n\t\t\t\t\t\t\t\t\t\t\t\t\t\t\t<\/div>\n\t\t\t\t\t\t<\/div>\n\t\t\t\t\t<\/div>\n\t\t\t\t\t\t<div class=\"sharing\">\n\t\t<a class=\"share-button share-link copy-link\" data-copy=\"https:\/\/hoyre.no\/nordland\/aktuelt\/hoyre-i-nord-norge-v\/\" target=\"_blank\"><span class=\"screen-reader-text\">Del link<\/span><\/a>\n\t\t<a class=\"share-button share-twitter\" href=\"http:\/\/twitter.com\/share?text=H\u00f8yre i Nord-Norge vil ha to regioner&#038;url=https:\/\/hoyre.no\/nordland\/aktuelt\/hoyre-i-nord-norge-v\/&#038;hashtags=Hoyre\" target=\"_blank\"><span class=\"screen-reader-text\">Del p\u00e5 twitter<\/span><\/a>\n\t\t<a class=\"share-button share-facebook\" href=\"https:\/\/www.facebook.com\/sharer\/sharer.php?u=https:\/\/hoyre.no\/nordland\/aktuelt\/hoyre-i-nord-norge-v\/\" target=\"_blank\"><span class=\"screen-reader-text\">Del p\u00e5 facebook<\/span><\/a>\n\t<\/div>\n\t\t\t\t\t<\/div>\n\t\t\t<\/div>\n\n\t\t\t<figure class=\"hoyre-image-wrapper\"><div class=\"hoyre-image\"><img loading=\"lazy\" decoding=\"async\" width=\"2560\" height=\"1920\" src=\"https:\/\/hoyre.no\/content\/uploads\/sites\/9\/2020\/11\/fylkeslederne-scaled.jpg\" class=\"attachment-scaled size-scaled\" alt=\"\" style=\"object-position: 50% 50%\" srcset=\"https:\/\/hoyre.no\/content\/uploads\/sites\/9\/2020\/11\/fylkeslederne-scaled.jpg 2560w, https:\/\/hoyre.no\/content\/uploads\/sites\/9\/2020\/11\/fylkeslederne-300x225.jpg 300w, https:\/\/hoyre.no\/content\/uploads\/sites\/9\/2020\/11\/fylkeslederne-1024x768.jpg 1024w, https:\/\/hoyre.no\/content\/uploads\/sites\/9\/2020\/11\/fylkeslederne-768x576.jpg 768w, https:\/\/hoyre.no\/content\/uploads\/sites\/9\/2020\/11\/fylkeslederne-1536x1152.jpg 1536w, https:\/\/hoyre.no\/content\/uploads\/sites\/9\/2020\/11\/fylkeslederne-2048x1536.jpg 2048w\" sizes=\"auto, (max-width: 2560px) 100vw, 2560px\" \/><\/div><\/figure><div id=\"hoyre-old-article-content-wrapper\"><p> Det vises til enighet blant de borgerlige partier i Stortinget om at Nord-Norge skal deles inn i en eller to regioner.<\/p><p><\/p><p>Nordland, Troms og Finnmark H\u00f8yre er samstemte og anbefaler Stortinget at Nord-Norge deles inn i to regioner med grense ved dagens fylkesgrense mellom Nordland og Troms. Fylkespartiene \u00e5pner for grensejusteringer dersom grenseregionen selv \u00f8nsker dette. Prim\u00e6rstandpunktet er at fylkeskommunen som forvaltningsniv\u00e5 b\u00f8r avvikles til fordel for st\u00f8rre og sterkere kommuner.<\/p><p><\/p><p>Fylkeslederne etterlyser politisk lederskap fra Arbeiderpartiets politiske ledelse i Nord-Norge. Arbeiderpartiet har v\u00e6rt klar p\u00e5 at de \u00f8nsker en regionreform &#8211; for \u00e5 kunne tildele nye samfunnsoppgaver, og for \u00e5 l\u00f8se dagens oppgaver bedre,- for eksempel innenfor samferdsel og de videreg\u00e5ende skolene. Men ser n\u00e5 ut til \u00e5 snu. Det tjener ikke befolkningen i Nord-Norge at Arbeiderpartiet stikker hodet i sanden og utelukkende satser p\u00e5 kritikk, omkamp og reversering. Sterke regioner i nord vil f\u00e5 flere samfunnsoppgaver og gj\u00f8re oss rustet til \u00e5 l\u00f8fte flere oppgaver ut fra Oslo.<\/p><p><\/p><p>&#8211; Vi har gjennomf\u00f8rt en intern prosess i fylkespartiet om regionreformen i Nord-Norge. Prosessen viser delte meninger, men at flertallet \u00f8nsker at Nordland skal best\u00e5 som en egen region. H\u00f8yre i Nord-Norge er enig om et felles kompromiss som jeg er sv\u00e6rt glad for, sier fylkesleder i Nordland, Jonny Finstad. <\/p><p><\/p><p>&#8211; Troms H\u00f8yre har v\u00e6rt, og er fortsatt av den oppfatning at v\u00e5rt prim\u00e6re standpunkt er en nordnorsk region, best\u00e5ende av dagens tre fylker. Vi innser at dette er vanskelig \u00e5 f\u00e5 gjennomf\u00f8rt, og vi st\u00f8tter derfor dette som et felles standpunkt fra H\u00f8yre i nord.  Troms H\u00f8yre legger til grunn at det gis mulighet til \u00e5 foreta hensiktsmessige grensejusteringer mellom Nordland og Troms, der hensynet til optimal tilpasning til felles bo- og arbeidsmarked samt organisering av offentlige funksjoner tilsier det, sier fylkesleder i Troms, Geir Inge Sivertsen.<\/p><p><\/p><p>&#8211; Finnmark H\u00f8yre \u00f8nsker en ny region best\u00e5ende av Finnmark og Troms. Vi ser at de oppgavene vi skal l\u00f8se med tanke p\u00e5 samferdsel og drift av de videreg\u00e5ende skolene kan l\u00f8ses bedre enn i dag. N\u00e5r vi samtidig skal gj\u00f8re regionene klar for nye oppgaver, ser vi Troms og Troms\u00f8 som en naturlig del av v\u00e5r region. I dag ligger viktige helse og utdanningsinstitusjoner for Finnmark i Troms fylke. Den gode dialogen vi har med Troms skaper samtidig en trygghet for at arbeidsplasser tilknyttet nye oppgaver vil bli fordelt utover i hele den nye regionen, sier fylkesleder i Finnmark, Jo Inge Hesjevik. <\/p><p><\/p><p><b>For sp\u00f8rsm\u00e5l eller flere kommentarer kontakt: <\/b><\/p><p>Fylkesleder i Nordland H\u00f8yre Jonny Finstad: 94144727<\/p><p>Fylkesleder i Troms H\u00f8yre Geir-Inge Sivertsen: 95148700<\/p><p> Fylkesleder i Finnmark H\u00f8yre Jo Inge Hesjevik: 41338514<\/p><p><br \/><\/p><\/div>\n<div class=\"tags\">\n\t<\/div>\n<div class=\"post-footer alignfull has-background block-editor-block-list__block\" data-align=full>\n\t<div class=\"post-footer-inner\">\n\t\t<h3>Relaterte artikler<\/h3>\n\t\t<div class=\"related-content\"><div class=\"is-card-hoyre\">\n\t<div class=\"teft-card hoyre-teft-card post-teft-card\">\n\t\t<a href=\"https:\/\/hoyre.no\/nordland\/aktuelt\/vi-onsker-dine-innspill\/\" class=\"teft-card__primary-action\">\n\n\t\t\t\t\t<div class=\"teft-card__media teft-card__media--16-9\">\n\t\t\t\t\t\t<img loading=\"lazy\" decoding=\"async\" width=\"768\" height=\"402\" src=\"https:\/\/hoyre.no\/content\/uploads\/sites\/9\/2026\/04\/Dokument-uten-navn-09.02.2026-1-1536x804-1-768x402.png\" class=\"attachment-medium_large size-medium_large\" alt=\"\" srcset=\"https:\/\/hoyre.no\/content\/uploads\/sites\/9\/2026\/04\/Dokument-uten-navn-09.02.2026-1-1536x804-1-768x402.png 768w, https:\/\/hoyre.no\/content\/uploads\/sites\/9\/2026\/04\/Dokument-uten-navn-09.02.2026-1-1536x804-1-300x157.png 300w, https:\/\/hoyre.no\/content\/uploads\/sites\/9\/2026\/04\/Dokument-uten-navn-09.02.2026-1-1536x804-1-1024x536.png 1024w, https:\/\/hoyre.no\/content\/uploads\/sites\/9\/2026\/04\/Dokument-uten-navn-09.02.2026-1-1536x804-1.png 1536w\" sizes=\"auto, (max-width: 768px) 100vw, 768px\" \/>\t\t<\/div>\n\t\t\n\t\t\t<div class=\"teft-card__content-wrapper\">\n\t\t\t\t<div class=\"teft-card__secondary\">\n\t\t\t\t\t\n\t\t\t\t\t\t\t\t<div class=\"teft-card__meta\">\n\t\t\t\t\t\t\t\t\t<span class=\"post-date\">15. apr 2026<\/span>\n\n\t\t\t\t\t\t\t\t\t<span class=\"post-category\">Nominasjonsprosess 2027\/2031<\/span>\t\t\t\t\t\t\t\t<\/div>\n\t\t\t\t\t\t\t\t\t\t\t<\/div>\n\n\t\t\t\t<div class=\"teft-card__primary\">\n\t\t\t\t\t<h2 class=\"teft-card__title\">Vi \u00f8nsker dine innspill!&nbsp;<span class=\"teft-card__primary-title-append\"><\/span><\/h2>\t\t\t\t<\/div>\n\t\t\t<\/div>\n\t\t<\/a>\n\t<\/div>\n\n\t<\/div><div class=\"is-card-hoyre\">\n\t<div class=\"teft-card hoyre-teft-card post-teft-card\">\n\t\t<a href=\"https:\/\/hoyre.no\/nordland\/aktuelt\/sjomatnaeringen-og-prosessindustrien\/\" class=\"teft-card__primary-action\">\n\n\t\t\t<div class=\"teft-card__media teft-card__media--16-9 no-image\"><\/div>\n\t\t\t<div class=\"teft-card__content-wrapper\">\n\t\t\t\t<div class=\"teft-card__secondary\">\n\t\t\t\t\t\n\t\t\t\t\t\t\t\t<div class=\"teft-card__meta\">\n\t\t\t\t\t\t\t\t\t<span class=\"post-date\">20. nov 2025<\/span>\n\n\t\t\t\t\t\t\t\t\t<span class=\"post-category\">Fylkes\u00e5rsm\u00f8te 2025<\/span>\t\t\t\t\t\t\t\t<\/div>\n\t\t\t\t\t\t\t\t\t\t\t<\/div>\n\n\t\t\t\t<div class=\"teft-card__primary\">\n\t\t\t\t\t<h2 class=\"teft-card__title\">Sj\u00f8matn\u00e6ringen og prosessindustrien&nbsp;<span class=\"teft-card__primary-title-append\"><\/span><\/h2>\t\t\t\t<\/div>\n\t\t\t<\/div>\n\t\t<\/a>\n\t<\/div>\n\n\t<\/div><div class=\"is-card-hoyre\">\n\t<div class=\"teft-card hoyre-teft-card post-teft-card\">\n\t\t<a href=\"https:\/\/hoyre.no\/nordland\/aktuelt\/okt-satsning-pa-havforskning\/\" class=\"teft-card__primary-action\">\n\n\t\t\t<div class=\"teft-card__media teft-card__media--16-9 no-image\"><\/div>\n\t\t\t<div class=\"teft-card__content-wrapper\">\n\t\t\t\t<div class=\"teft-card__secondary\">\n\t\t\t\t\t\n\t\t\t\t\t\t\t\t<div class=\"teft-card__meta\">\n\t\t\t\t\t\t\t\t\t<span class=\"post-date\">20. nov 2025<\/span>\n\n\t\t\t\t\t\t\t\t\t<span class=\"post-category\">Fylkes\u00e5rsm\u00f8te 2025<\/span>\t\t\t\t\t\t\t\t<\/div>\n\t\t\t\t\t\t\t\t\t\t\t<\/div>\n\n\t\t\t\t<div class=\"teft-card__primary\">\n\t\t\t\t\t<h2 class=\"teft-card__title\">\u00d8kt satsning p\u00e5 havforskning&nbsp;<span class=\"teft-card__primary-title-append\"><\/span><\/h2>\t\t\t\t<\/div>\n\t\t\t<\/div>\n\t\t<\/a>\n\t<\/div>\n\n\t<\/div><\/div>\t<\/div>\n<\/div>\n","protected":false},"excerpt":{"rendered":"","protected":false},"author":0,"featured_media":0,"comment_status":"closed","ping_status":"closed","sticky":false,"template":"","format":"standard","meta":{"teft_cards_image_url":"https:\/\/hoyre.no\/content\/uploads\/sites\/9\/2020\/11\/fylkeslederne-scaled.jpg","teft_cards_custom_pretitle":"","teft_cards_image_id":134,"teft_cards_image_focal_point_x":0,"teft_cards_image_focal_point_y":0,"teft_cards_title":"","teft_cards_excerpt":"","teft_show_chapters":false,"author_display_name":"","footnotes":""},"category":[1],"post_tag":[],"hoyre-visibility":[],"article-type":[],"politician":[],"class_list":["post-135","post","type-post","status-publish","format-standard","hentry","category-ukategorisert"],"yoast_head":"<!-- This site is optimized with the Yoast SEO plugin v26.6 - https:\/\/yoast.com\/wordpress\/plugins\/seo\/ -->\n<title>H\u00f8yre i Nord-Norge vil ha to regioner - Nordland H\u00f8yre<\/title>\n<meta name=\"robots\" content=\"index, follow, max-snippet:-1, max-image-preview:large, max-video-preview:-1\" \/>\n<link rel=\"canonical\" href=\"https:\/\/hoyre.no\/nordland\/aktuelt\/hoyre-i-nord-norge-v\/\" \/>\n<meta property=\"og:locale\" content=\"nb_NO\" \/>\n<meta property=\"og:type\" content=\"article\" \/>\n<meta property=\"og:title\" content=\"H\u00f8yre i Nord-Norge vil ha to regioner - Nordland H\u00f8yre\" \/>\n<meta property=\"og:url\" content=\"https:\/\/hoyre.no\/nordland\/aktuelt\/hoyre-i-nord-norge-v\/\" \/>\n<meta property=\"og:site_name\" content=\"Nordland H\u00f8yre\" \/>\n<meta property=\"article:published_time\" content=\"2017-03-12T22:00:00+00:00\" \/>\n<meta property=\"og:image\" content=\"https:\/\/hoyre.no\/content\/uploads\/sites\/9\/2022\/11\/Hoyres-logo.png\" \/>\n\t<meta property=\"og:image:width\" content=\"1000\" \/>\n\t<meta property=\"og:image:height\" content=\"1000\" \/>\n\t<meta property=\"og:image:type\" content=\"image\/png\" \/>\n<meta name=\"twitter:card\" content=\"summary_large_image\" \/>\n<meta name=\"twitter:label1\" content=\"Ansl. lesetid\" \/>\n\t<meta name=\"twitter:data1\" content=\"3 minutter\" \/>\n<script type=\"application\/ld+json\" class=\"yoast-schema-graph\">{\"@context\":\"https:\/\/schema.org\",\"@graph\":[{\"@type\":\"NewsArticle\",\"@id\":\"https:\/\/hoyre.no\/nordland\/aktuelt\/hoyre-i-nord-norge-v\/\",\"url\":\"https:\/\/hoyre.no\/nordland\/aktuelt\/hoyre-i-nord-norge-v\/\",\"name\":\"H\u00f8yre i Nord-Norge vil ha to regioner - Nordland H\u00f8yre\",\"isPartOf\":{\"@id\":\"https:\/\/hoyre.no\/nordland\/#website\"},\"datePublished\":\"2017-03-12T22:00:00+00:00\",\"author\":{\"@id\":\"\"},\"breadcrumb\":{\"@id\":\"https:\/\/hoyre.no\/nordland\/aktuelt\/hoyre-i-nord-norge-v\/#breadcrumb\"},\"inLanguage\":\"nb-NO\",\"potentialAction\":[{\"@type\":\"ReadAction\",\"target\":[\"https:\/\/hoyre.no\/nordland\/aktuelt\/hoyre-i-nord-norge-v\/\"]}]},{\"@type\":\"BreadcrumbList\",\"@id\":\"https:\/\/hoyre.no\/nordland\/aktuelt\/hoyre-i-nord-norge-v\/#breadcrumb\",\"itemListElement\":[{\"@type\":\"ListItem\",\"position\":1,\"name\":\"Til hoyre.no\",\"item\":\"https:\/\/hoyre.no\"},{\"@type\":\"ListItem\",\"position\":2,\"name\":\"Hjem\",\"item\":\"https:\/\/hoyre.no\/nordland\/\"},{\"@type\":\"ListItem\",\"position\":3,\"name\":\"H\u00f8yre i Nord-Norge vil ha to regioner\"}]},{\"@type\":\"WebSite\",\"@id\":\"https:\/\/hoyre.no\/nordland\/#website\",\"url\":\"https:\/\/hoyre.no\/nordland\/\",\"name\":\"Nordland H\u00f8yre\",\"description\":\"Bare enda et H\u00f8yres nettsteder-nettsted\",\"inLanguage\":\"nb-NO\"}]}<\/script>\n<!-- \/ Yoast SEO plugin. -->","yoast_head_json":{"title":"H\u00f8yre i Nord-Norge vil ha to regioner - Nordland H\u00f8yre","robots":{"index":"index","follow":"follow","max-snippet":"max-snippet:-1","max-image-preview":"max-image-preview:large","max-video-preview":"max-video-preview:-1"},"canonical":"https:\/\/hoyre.no\/nordland\/aktuelt\/hoyre-i-nord-norge-v\/","og_locale":"nb_NO","og_type":"article","og_title":"H\u00f8yre i Nord-Norge vil ha to regioner - Nordland H\u00f8yre","og_url":"https:\/\/hoyre.no\/nordland\/aktuelt\/hoyre-i-nord-norge-v\/","og_site_name":"Nordland H\u00f8yre","article_published_time":"2017-03-12T22:00:00+00:00","og_image":[{"width":1000,"height":1000,"url":"https:\/\/hoyre.no\/content\/uploads\/sites\/9\/2022\/11\/Hoyres-logo.png","type":"image\/png"}],"twitter_card":"summary_large_image","twitter_misc":{"Ansl. lesetid":"3 minutter"},"schema":{"@context":"https:\/\/schema.org","@graph":[{"@type":"NewsArticle","@id":"https:\/\/hoyre.no\/nordland\/aktuelt\/hoyre-i-nord-norge-v\/","url":"https:\/\/hoyre.no\/nordland\/aktuelt\/hoyre-i-nord-norge-v\/","name":"H\u00f8yre i Nord-Norge vil ha to regioner - Nordland H\u00f8yre","isPartOf":{"@id":"https:\/\/hoyre.no\/nordland\/#website"},"datePublished":"2017-03-12T22:00:00+00:00","author":{"@id":""},"breadcrumb":{"@id":"https:\/\/hoyre.no\/nordland\/aktuelt\/hoyre-i-nord-norge-v\/#breadcrumb"},"inLanguage":"nb-NO","potentialAction":[{"@type":"ReadAction","target":["https:\/\/hoyre.no\/nordland\/aktuelt\/hoyre-i-nord-norge-v\/"]}]},{"@type":"BreadcrumbList","@id":"https:\/\/hoyre.no\/nordland\/aktuelt\/hoyre-i-nord-norge-v\/#breadcrumb","itemListElement":[{"@type":"ListItem","position":1,"name":"Til hoyre.no","item":"https:\/\/hoyre.no"},{"@type":"ListItem","position":2,"name":"Hjem","item":"https:\/\/hoyre.no\/nordland\/"},{"@type":"ListItem","position":3,"name":"H\u00f8yre i Nord-Norge vil ha to regioner"}]},{"@type":"WebSite","@id":"https:\/\/hoyre.no\/nordland\/#website","url":"https:\/\/hoyre.no\/nordland\/","name":"Nordland H\u00f8yre","description":"Bare enda et H\u00f8yres nettsteder-nettsted","inLanguage":"nb-NO"}]}},"distributor_meta":false,"distributor_terms":false,"distributor_media":false,"distributor_original_site_name":"Nordland H\u00f8yre","distributor_original_site_url":"https:\/\/hoyre.no\/nordland","push-errors":false,"_links":{"self":[{"href":"https:\/\/hoyre.no\/nordland\/wp-json\/wp\/v2\/posts\/135","targetHints":{"allow":["GET"]}}],"collection":[{"href":"https:\/\/hoyre.no\/nordland\/wp-json\/wp\/v2\/posts"}],"about":[{"href":"https:\/\/hoyre.no\/nordland\/wp-json\/wp\/v2\/types\/post"}],"replies":[{"embeddable":true,"href":"https:\/\/hoyre.no\/nordland\/wp-json\/wp\/v2\/comments?post=135"}],"version-history":[{"count":0,"href":"https:\/\/hoyre.no\/nordland\/wp-json\/wp\/v2\/posts\/135\/revisions"}],"wp:attachment":[{"href":"https:\/\/hoyre.no\/nordland\/wp-json\/wp\/v2\/media?parent=135"}],"wp:term":[{"taxonomy":"category","embeddable":true,"href":"https:\/\/hoyre.no\/nordland\/wp-json\/wp\/v2\/category?post=135"},{"taxonomy":"post_tag","embeddable":true,"href":"https:\/\/hoyre.no\/nordland\/wp-json\/wp\/v2\/post_tag?post=135"},{"taxonomy":"hoyre-visibility","embeddable":true,"href":"https:\/\/hoyre.no\/nordland\/wp-json\/wp\/v2\/hoyre-visibility?post=135"},{"taxonomy":"article-type","embeddable":true,"href":"https:\/\/hoyre.no\/nordland\/wp-json\/wp\/v2\/article-type?post=135"},{"taxonomy":"politician","embeddable":true,"href":"https:\/\/hoyre.no\/nordland\/wp-json\/wp\/v2\/politician?post=135"}],"curies":[{"name":"wp","href":"https:\/\/api.w.org\/{rel}","templated":true}]}}