{"id":1455,"date":"2024-05-07T17:29:10","date_gmt":"2024-05-07T15:29:10","guid":{"rendered":"https:\/\/hoyre.no\/nordland\/?p=1455"},"modified":"2024-05-14T18:58:23","modified_gmt":"2024-05-14T16:58:23","slug":"april-2024-varlosning-og-problemlosning-stod-for-tur","status":"publish","type":"post","link":"https:\/\/hoyre.no\/nordland\/aktuelt\/april-2024-varlosning-og-problemlosning-stod-for-tur\/","title":{"rendered":"April 2024: H\u00f8yres m\u00f8te med v\u00e5ren"},"content":{"rendered":"\n<p class=\"preamble\">Les mer for \u00e5 f\u00e5 innblikk i hva Nordland H\u00f8yres fylkestingsgruppe gjorde i l\u00f8pet av april 2024<\/p>\t\t\t<div class=\"post-meta wp-block teft-byline-wrapper\">\n\t\t\t\t<div class=\"top\">\n\t\t\t\t\t<div class=\"signature\">\n\t\t\t\t\t\t<div class=\"teft-byline\">\n\t\t\t\t\t\t\t\t\t\t\t\t\t\t<div>\n\t\t\t\t\t\t\t\t<h3>H\u00f8yres redaksjon<\/h3>\t\t\t\t\t\t\t\t\n\t\t\t\t\t\t\t\t\t\t\t\t\t\t\t\t\t<span class=\"date\">Sist oppdatert: 14. mai 2024<\/span>\n\t\t\t\t\t\t\t\t\t\t\t\t\t\t\t\t\t\t\t\t\t\t\t\t\t<span class=\"reading-time\" itemprop=\"timeRequired\" content=\"PT5M\"><em>Ca. 5 minutter lesetid<\/em><\/span>\n\t\t\t\t\t\t\t\t\t\t\t\t\t\t\t<\/div>\n\t\t\t\t\t\t<\/div>\n\t\t\t\t\t<\/div>\n\t\t\t\t\t\t<div class=\"sharing\">\n\t\t<a class=\"share-button share-link copy-link\" data-copy=\"https:\/\/hoyre.no\/nordland\/aktuelt\/april-2024-varlosning-og-problemlosning-stod-for-tur\/\" target=\"_blank\"><span class=\"screen-reader-text\">Del link<\/span><\/a>\n\t\t<a class=\"share-button share-twitter\" href=\"http:\/\/twitter.com\/share?text=April 2024: H\u00f8yres m\u00f8te med v\u00e5ren&#038;url=https:\/\/hoyre.no\/nordland\/aktuelt\/april-2024-varlosning-og-problemlosning-stod-for-tur\/&#038;hashtags=Hoyre\" target=\"_blank\"><span class=\"screen-reader-text\">Del p\u00e5 twitter<\/span><\/a>\n\t\t<a class=\"share-button share-facebook\" href=\"https:\/\/www.facebook.com\/sharer\/sharer.php?u=https:\/\/hoyre.no\/nordland\/aktuelt\/april-2024-varlosning-og-problemlosning-stod-for-tur\/\" target=\"_blank\"><span class=\"screen-reader-text\">Del p\u00e5 facebook<\/span><\/a>\n\t<\/div>\n\t\t\t\t\t<\/div>\n\t\t\t<\/div>\n\n\t\t\t<figure class=\"hoyre-image-wrapper\"><div class=\"hoyre-image\"><img loading=\"lazy\" decoding=\"async\" width=\"2500\" height=\"1667\" src=\"https:\/\/hoyre.no\/content\/uploads\/sites\/9\/2024\/05\/NNM2024ured-1-scaled.jpg\" class=\"attachment-scaled size-scaled\" alt=\"\" style=\"object-position: 50% 50%\" srcset=\"https:\/\/hoyre.no\/content\/uploads\/sites\/9\/2024\/05\/NNM2024ured-1-scaled.jpg 2500w, https:\/\/hoyre.no\/content\/uploads\/sites\/9\/2024\/05\/NNM2024ured-1-300x200.jpg 300w, https:\/\/hoyre.no\/content\/uploads\/sites\/9\/2024\/05\/NNM2024ured-1-1024x683.jpg 1024w, https:\/\/hoyre.no\/content\/uploads\/sites\/9\/2024\/05\/NNM2024ured-1-768x512.jpg 768w, https:\/\/hoyre.no\/content\/uploads\/sites\/9\/2024\/05\/NNM2024ured-1-1536x1024.jpg 1536w, https:\/\/hoyre.no\/content\/uploads\/sites\/9\/2024\/05\/NNM2024ured-1-2048x1365.jpg 2048w\" sizes=\"auto, (max-width: 2500px) 100vw, 2500px\" \/><\/div><\/figure>\n\n\n\n\n<h2 class=\"wp-block-heading\">Spin of Hope<\/h2>\n\n\n\n<p>M\u00e5neden begynte med at to spreke sjeler, fylkesr\u00e5d Joakim Sennesvik og fylkestingsrepresentant Stian Hiis Bergh syklet p\u00e5 City Nord i Bod\u00f8 med &laquo;Spin of Hope&raquo; til inntekt for Barnekreftforeningen Nordland<\/p>\n\n\n\n<figure class=\"wp-block-teft-gallery columns-2 count-2 rows-2 is-cropped is-style-grid\"><ul class=\"teft-gallery-grid\"><li class=\"teft-gallery-item \"><figure><a href=\"https:\/\/hoyre.no\/content\/uploads\/sites\/9\/2024\/05\/IMG_5649-1-scaled.jpg\" data-size=\"1875x2500\"><img loading=\"lazy\" decoding=\"async\" width=\"768\" height=\"1024\" src=\"https:\/\/hoyre.no\/content\/uploads\/sites\/9\/2024\/05\/IMG_5649-1-768x1024.jpg\" class=\"attachment-large size-large\" alt=\"\" srcset=\"https:\/\/hoyre.no\/content\/uploads\/sites\/9\/2024\/05\/IMG_5649-1-768x1024.jpg 768w, https:\/\/hoyre.no\/content\/uploads\/sites\/9\/2024\/05\/IMG_5649-1-225x300.jpg 225w, https:\/\/hoyre.no\/content\/uploads\/sites\/9\/2024\/05\/IMG_5649-1-1152x1536.jpg 1152w, https:\/\/hoyre.no\/content\/uploads\/sites\/9\/2024\/05\/IMG_5649-1-1536x2048.jpg 1536w, https:\/\/hoyre.no\/content\/uploads\/sites\/9\/2024\/05\/IMG_5649-1-scaled.jpg 1875w\" sizes=\"auto, (max-width: 768px) 100vw, 768px\" \/ data-full-url=\"https:\/\/hoyre.no\/content\/uploads\/sites\/9\/2024\/05\/IMG_5649-1-scaled.jpg\" data-id=\"1497\" data-caption=\"1497\"\/><\/a><\/figure><\/li><li class=\"teft-gallery-item \"><figure><a href=\"https:\/\/hoyre.no\/content\/uploads\/sites\/9\/2024\/05\/IMG_5673-1.jpg\" data-size=\"1536x2048\"><img loading=\"lazy\" decoding=\"async\" width=\"768\" height=\"1024\" src=\"https:\/\/hoyre.no\/content\/uploads\/sites\/9\/2024\/05\/IMG_5673-1-768x1024.jpg\" class=\"attachment-large size-large\" alt=\"\" srcset=\"https:\/\/hoyre.no\/content\/uploads\/sites\/9\/2024\/05\/IMG_5673-1-768x1024.jpg 768w, https:\/\/hoyre.no\/content\/uploads\/sites\/9\/2024\/05\/IMG_5673-1-225x300.jpg 225w, https:\/\/hoyre.no\/content\/uploads\/sites\/9\/2024\/05\/IMG_5673-1-1152x1536.jpg 1152w, https:\/\/hoyre.no\/content\/uploads\/sites\/9\/2024\/05\/IMG_5673-1.jpg 1536w\" sizes=\"auto, (max-width: 768px) 100vw, 768px\" \/ data-full-url=\"https:\/\/hoyre.no\/content\/uploads\/sites\/9\/2024\/05\/IMG_5673-1.jpg\" data-id=\"1496\" data-caption=\"1496\"\/><\/a><\/figure><\/li><\/ul><\/figure>\n\n\n\n<h2 class=\"wp-block-heading\">Reise med Ungdommens fylkesr\u00e5d<\/h2>\n\n\n\n<figure class=\"wp-block-image size-large is-resized\"><img loading=\"lazy\" decoding=\"async\" width=\"1024\" height=\"768\" src=\"https:\/\/hoyre.no\/content\/uploads\/sites\/9\/2024\/05\/e34ba110-d63e-4419-aeab-cbc4f086f798-1024x768.jpeg\" alt=\"\" class=\"wp-image-1464\" style=\"aspect-ratio:1.3333333333333333;width:591px;height:auto\" srcset=\"https:\/\/hoyre.no\/content\/uploads\/sites\/9\/2024\/05\/e34ba110-d63e-4419-aeab-cbc4f086f798-1024x768.jpeg 1024w, https:\/\/hoyre.no\/content\/uploads\/sites\/9\/2024\/05\/e34ba110-d63e-4419-aeab-cbc4f086f798-300x225.jpeg 300w, https:\/\/hoyre.no\/content\/uploads\/sites\/9\/2024\/05\/e34ba110-d63e-4419-aeab-cbc4f086f798-768x576.jpeg 768w, https:\/\/hoyre.no\/content\/uploads\/sites\/9\/2024\/05\/e34ba110-d63e-4419-aeab-cbc4f086f798-1536x1152.jpeg 1536w, https:\/\/hoyre.no\/content\/uploads\/sites\/9\/2024\/05\/e34ba110-d63e-4419-aeab-cbc4f086f798.jpeg 1963w\" sizes=\"auto, (max-width: 1024px) 100vw, 1024px\" \/><\/figure>\n\n\n\n<p><br>5.-7. april dro v\u00e5r fylkesordf\u00f8rer, Eivind Holst, sammen med Ungdommens fylkesr\u00e5d (UFR) til Lovund. Reisen fra Bod\u00f8 til On\u00f8y med hurtigb\u00e5ten gikk gjennom vakre farvann mellom holmer og skj\u00e6r. Dagen etter fortsatte turen videre til Tr\u00e6na.<\/p>\n\n\n\n<p>Ungdomsr\u00e5dene i Lur\u00f8y og Tr\u00e6na deltok ogs\u00e5, og fredag ble feiret med en travel Tacofredag p\u00e5 hotellet, med mange unge deltagere. UFR gjennomf\u00f8rte saksbehandling b\u00e5de l\u00f8rdag og s\u00f8ndag, med gode debatter og interessante diskusjoner. P\u00e5 s\u00f8ndag var det spesielt spennende \u00e5 v\u00e6re tilh\u00f8rer til enkelte av sakene.<\/p>\n\n\n\n<p>M\u00f8tet ble avsluttet med en workshop fra Lovundlaks, hvor selskapet imponerte med sin vilje til \u00e5 holde hjulene i gang p\u00e5 \u00f8yene, samtidig som de tilbyr unge mennesker spennende yrker og godt betalte jobber. Dette var en inspirerende og l\u00e6rerik helg p\u00e5 den ytterste \u00f8y!<\/p>\n\n\n\n<h2 class=\"wp-block-heading\">Helse Nords b\u00e6rekraftsh\u00f8ring<\/h2>\n\n\n\n<figure class=\"wp-block-image size-full is-resized\"><img loading=\"lazy\" decoding=\"async\" width=\"1024\" height=\"768\" src=\"https:\/\/hoyre.no\/content\/uploads\/sites\/9\/2024\/05\/52945321-5eb9-47df-84c3-ed9199d0cf37.jpeg\" alt=\"\" class=\"wp-image-1485\" style=\"aspect-ratio:1.3333333333333333;width:467px;height:auto\" srcset=\"https:\/\/hoyre.no\/content\/uploads\/sites\/9\/2024\/05\/52945321-5eb9-47df-84c3-ed9199d0cf37.jpeg 1024w, https:\/\/hoyre.no\/content\/uploads\/sites\/9\/2024\/05\/52945321-5eb9-47df-84c3-ed9199d0cf37-300x225.jpeg 300w, https:\/\/hoyre.no\/content\/uploads\/sites\/9\/2024\/05\/52945321-5eb9-47df-84c3-ed9199d0cf37-768x576.jpeg 768w\" sizes=\"auto, (max-width: 1024px) 100vw, 1024px\" \/><\/figure>\n\n\n\n<p>9. april var det h\u00f8ringskonferanse tilknyttet Helse Nords b\u00e6rekraftsh\u00f8ring. Fra fylkestingsgruppen deltok b\u00e5de Siv Anita Brekke, Eivind Holst, Stig Tore Skogsholm og Grete Ellingsen, som i tillegg til \u00e5 v\u00e6re fylkestingsrepresentant ogs\u00e5 er ordf\u00f8rer i Sortland og leder av Vester\u00e5lsr\u00e5det. Anita Sollie deltok p\u00e5 en samme konferanse i Mosj\u00f8en dagen etter.<\/p>\n\n\n\n<p>Samme dag, arrangerte fylkestingsgruppen &laquo;Hva skjer p\u00e5 Fylkestinget&raquo;. Her ble blant annet h\u00f8ringen om tiltak for \u00f8kt b\u00e6rekraft for Helse Nord diskutert. Siv Anita Brekke presenterte saken og orienterte om sin fylkestingskomit\u00e9. Det var en viktig anledning for v\u00e5re representanter til \u00e5 p\u00e5virke og fremme v\u00e5r politikk for et b\u00e6rekraftig helsevesen.<\/p>\n\n\n\n<h2 class=\"wp-block-heading\">Fylkestinget<\/h2>\n\n\n\n<figure class=\"wp-block-image size-large\"><img loading=\"lazy\" decoding=\"async\" width=\"1024\" height=\"711\" src=\"https:\/\/hoyre.no\/content\/uploads\/sites\/9\/2024\/05\/greteogodd-1-1024x711.jpg\" alt=\"Fv. Odd Langavtn, fylkestingsrepresentant for H\u00f8yre, Grete Ellingsen, fylkestingsrepresentant for H\u00f8yre\" class=\"wp-image-1461\" srcset=\"https:\/\/hoyre.no\/content\/uploads\/sites\/9\/2024\/05\/greteogodd-1-1024x711.jpg 1024w, https:\/\/hoyre.no\/content\/uploads\/sites\/9\/2024\/05\/greteogodd-1-300x208.jpg 300w, https:\/\/hoyre.no\/content\/uploads\/sites\/9\/2024\/05\/greteogodd-1-768x533.jpg 768w, https:\/\/hoyre.no\/content\/uploads\/sites\/9\/2024\/05\/greteogodd-1-1536x1066.jpg 1536w, https:\/\/hoyre.no\/content\/uploads\/sites\/9\/2024\/05\/greteogodd-1-2048x1421.jpg 2048w\" sizes=\"auto, (max-width: 1024px) 100vw, 1024px\" \/><figcaption class=\"wp-element-caption\">Fv. Odd Langavtn, fylkestingsrepresentant for H\u00f8yre, Grete Ellingsen, fylkestingsrepresentant for H\u00f8yre<\/figcaption><\/figure>\n\n\n\n<p>Fylkestinget for april ble avholdt i Svolv\u00e6r fra 14. til 17. april. Fylkesordf\u00f8reren inviterte hele fylkestingsgruppen hjem til en herlig fiskebollemiddag p\u00e5 kvelden. <\/p>\n\n\n\n<figure class=\"wp-block-image size-full is-resized\"><img loading=\"lazy\" decoding=\"async\" width=\"640\" height=\"480\" src=\"https:\/\/hoyre.no\/content\/uploads\/sites\/9\/2024\/05\/fiskeboller-aporil-24.jpg\" alt=\"\" class=\"wp-image-1460\" style=\"aspect-ratio:1.3333333333333333;width:396px;height:auto\" srcset=\"https:\/\/hoyre.no\/content\/uploads\/sites\/9\/2024\/05\/fiskeboller-aporil-24.jpg 640w, https:\/\/hoyre.no\/content\/uploads\/sites\/9\/2024\/05\/fiskeboller-aporil-24-300x225.jpg 300w\" sizes=\"auto, (max-width: 640px) 100vw, 640px\" \/><\/figure>\n\n\n\n<p>Blant sakene som ble behandlet, fikk spesielt h\u00f8ringen om tiltak for \u00e5 sikre b\u00e6rekraft i Helse Nord stor oppmerksomhet. I h\u00f8ringen la Nordland vekt p\u00e5 at alle Nordlands innbyggere skal ha gode og likeverdige helsetilbud uansett hvor de bor i landet. Andre viktige saker inkluderte handlingsplanen for &laquo;Ung inkludering: Divna. Aktan. Alle Sammen.&raquo;, og klimaregnskapet for Nordland, der vi fremmet politikk for \u00e5 kutte utslipp og skape utvikling.<\/p>\n\n\n\n<p>Totalt ble det behandlet 28 saker, 12 interpellasjoner, 6 skriftlige sp\u00f8rsm\u00e5l, 9 muntlige sp\u00f8rsm\u00e5l, og 27 uttalelser p\u00e5 fylkestinget.<\/p>\n\n\n\n<h2 class=\"wp-block-heading\">Fart\u00f8yvernsseminar<\/h2>\n\n\n\n<figure class=\"wp-block-image size-large is-resized\"><img loading=\"lazy\" decoding=\"async\" width=\"1024\" height=\"768\" src=\"https:\/\/hoyre.no\/content\/uploads\/sites\/9\/2024\/05\/f2043bc5-c304-4d45-9aac-4f308f07bb75-1024x768.jpeg\" alt=\"\" class=\"wp-image-1480\" style=\"aspect-ratio:1.3333333333333333;width:387px;height:auto\" srcset=\"https:\/\/hoyre.no\/content\/uploads\/sites\/9\/2024\/05\/f2043bc5-c304-4d45-9aac-4f308f07bb75-1024x768.jpeg 1024w, https:\/\/hoyre.no\/content\/uploads\/sites\/9\/2024\/05\/f2043bc5-c304-4d45-9aac-4f308f07bb75-300x225.jpeg 300w, https:\/\/hoyre.no\/content\/uploads\/sites\/9\/2024\/05\/f2043bc5-c304-4d45-9aac-4f308f07bb75-768x576.jpeg 768w, https:\/\/hoyre.no\/content\/uploads\/sites\/9\/2024\/05\/f2043bc5-c304-4d45-9aac-4f308f07bb75-1536x1152.jpeg 1536w, https:\/\/hoyre.no\/content\/uploads\/sites\/9\/2024\/05\/f2043bc5-c304-4d45-9aac-4f308f07bb75.jpeg 1963w\" sizes=\"auto, (max-width: 1024px) 100vw, 1024px\" \/><\/figure>\n\n\n\n<p><br>18. april deltok gruppeleder for H\u00f8yre Stig Tore Skogsholm p\u00e5 fart\u00f8yvernsseminar i Sandnessj\u00f8en, en viktig m\u00f8teplass hvor ogs\u00e5 fylkesr\u00e5d Mikalsen og fylkesr\u00e5d Larsen var til stede.<\/p>\n\n\n\n<h2 class=\"wp-block-heading\">\u00c5rsm\u00f8te i Lur\u00f8y H\u00f8yre<\/h2>\n\n\n\n<figure class=\"wp-block-image size-large\"><img loading=\"lazy\" decoding=\"async\" width=\"1024\" height=\"642\" src=\"https:\/\/hoyre.no\/content\/uploads\/sites\/9\/2024\/05\/1f4473d3-371c-4dcc-8212-ad0b044ab3d0-1024x642.jpeg\" alt=\"\" class=\"wp-image-1479\" srcset=\"https:\/\/hoyre.no\/content\/uploads\/sites\/9\/2024\/05\/1f4473d3-371c-4dcc-8212-ad0b044ab3d0-1024x642.jpeg 1024w, https:\/\/hoyre.no\/content\/uploads\/sites\/9\/2024\/05\/1f4473d3-371c-4dcc-8212-ad0b044ab3d0-300x188.jpeg 300w, https:\/\/hoyre.no\/content\/uploads\/sites\/9\/2024\/05\/1f4473d3-371c-4dcc-8212-ad0b044ab3d0-768x481.jpeg 768w, https:\/\/hoyre.no\/content\/uploads\/sites\/9\/2024\/05\/1f4473d3-371c-4dcc-8212-ad0b044ab3d0-1536x963.jpeg 1536w, https:\/\/hoyre.no\/content\/uploads\/sites\/9\/2024\/05\/1f4473d3-371c-4dcc-8212-ad0b044ab3d0-2048x1283.jpeg 2048w\" sizes=\"auto, (max-width: 1024px) 100vw, 1024px\" \/><\/figure>\n\n\n\n<p>27.- 28. april var det \u00e5rsm\u00f8te i Lur\u00f8y H\u00f8yre, hvor Stig Tore deltok og snakket om fylkeskommunal samferdsel i Nordlands mest desentraliserte kommune. En spesiell hyllest ble gitt til Hermann Olvik, som har v\u00e6rt medlem av H\u00f8yre i over 40 \u00e5r og har b\u00e5ret h\u00f8yrelaget i Lur\u00f8y p\u00e5 sine skuldre. Han ble hedret med diplom og blomster fra lokallagsleder Anders Marstrander.<\/p>\n\n\n\n<figure class=\"wp-block-image size-large is-resized\"><img loading=\"lazy\" decoding=\"async\" width=\"1192\" height=\"1192\" src=\"https:\/\/hoyre.no\/content\/uploads\/sites\/9\/2024\/05\/4093ffc0-0101-4ad2-88bc-eb79e5ac91ba-edited.jpeg\" alt=\"\" class=\"wp-image-1482\" style=\"aspect-ratio:1;width:532px;height:auto\" srcset=\"https:\/\/hoyre.no\/content\/uploads\/sites\/9\/2024\/05\/4093ffc0-0101-4ad2-88bc-eb79e5ac91ba-edited.jpeg 1192w, https:\/\/hoyre.no\/content\/uploads\/sites\/9\/2024\/05\/4093ffc0-0101-4ad2-88bc-eb79e5ac91ba-edited-300x300.jpeg 300w, https:\/\/hoyre.no\/content\/uploads\/sites\/9\/2024\/05\/4093ffc0-0101-4ad2-88bc-eb79e5ac91ba-edited-1024x1024.jpeg 1024w, https:\/\/hoyre.no\/content\/uploads\/sites\/9\/2024\/05\/4093ffc0-0101-4ad2-88bc-eb79e5ac91ba-edited-150x150.jpeg 150w, https:\/\/hoyre.no\/content\/uploads\/sites\/9\/2024\/05\/4093ffc0-0101-4ad2-88bc-eb79e5ac91ba-edited-768x768.jpeg 768w\" sizes=\"auto, (max-width: 1192px) 100vw, 1192px\" \/><\/figure>\n\n\n\n<h2 class=\"wp-block-heading\">\u00c5rsm\u00f8te V\u00e5gan H\u00f8yre<\/h2>\n\n\n\n<figure class=\"wp-block-image size-large is-resized\"><img loading=\"lazy\" decoding=\"async\" width=\"1024\" height=\"768\" src=\"https:\/\/hoyre.no\/content\/uploads\/sites\/9\/2024\/05\/440305043_830761605752077_6863556294451638684_n-1024x768.jpg\" alt=\"\" class=\"wp-image-1463\" style=\"aspect-ratio:1.3333333333333333;width:505px;height:auto\" srcset=\"https:\/\/hoyre.no\/content\/uploads\/sites\/9\/2024\/05\/440305043_830761605752077_6863556294451638684_n-1024x768.jpg 1024w, https:\/\/hoyre.no\/content\/uploads\/sites\/9\/2024\/05\/440305043_830761605752077_6863556294451638684_n-300x225.jpg 300w, https:\/\/hoyre.no\/content\/uploads\/sites\/9\/2024\/05\/440305043_830761605752077_6863556294451638684_n-768x576.jpg 768w, https:\/\/hoyre.no\/content\/uploads\/sites\/9\/2024\/05\/440305043_830761605752077_6863556294451638684_n-1536x1152.jpg 1536w, https:\/\/hoyre.no\/content\/uploads\/sites\/9\/2024\/05\/440305043_830761605752077_6863556294451638684_n.jpg 2048w\" sizes=\"auto, (max-width: 1024px) 100vw, 1024px\" \/><\/figure>\n\n\n\n<p>23. April deltok fylkesleder Eivind p\u00e5 \u00e5rsm\u00f8te i V\u00e5gan H\u00f8yre. Her ble utfordringer knyttet til lokal \u00f8konomi og saksbehandling diskutert grundig, og arbeidet begynt for \u00e5 finne gode l\u00f8sninger med innspill fra medlemmene v\u00e5re. <\/p>\n\n\n\n<h2 class=\"wp-block-heading\">H\u00f8yres Nord-Norgem\u00f8te<\/h2>\n\n\n\n<figure class=\"wp-block-image size-large\"><img loading=\"lazy\" decoding=\"async\" width=\"1024\" height=\"683\" src=\"https:\/\/hoyre.no\/content\/uploads\/sites\/9\/2024\/05\/NNM2024ured-1-1024x683.jpg\" alt=\"\" class=\"wp-image-1474\" srcset=\"https:\/\/hoyre.no\/content\/uploads\/sites\/9\/2024\/05\/NNM2024ured-1-1024x683.jpg 1024w, https:\/\/hoyre.no\/content\/uploads\/sites\/9\/2024\/05\/NNM2024ured-1-300x200.jpg 300w, https:\/\/hoyre.no\/content\/uploads\/sites\/9\/2024\/05\/NNM2024ured-1-768x512.jpg 768w, https:\/\/hoyre.no\/content\/uploads\/sites\/9\/2024\/05\/NNM2024ured-1-1536x1024.jpg 1536w, https:\/\/hoyre.no\/content\/uploads\/sites\/9\/2024\/05\/NNM2024ured-1-2048x1365.jpg 2048w\" sizes=\"auto, (max-width: 1024px) 100vw, 1024px\" \/><\/figure>\n\n\n\n<p>25.-26. april inviterte stortingsrepresentantene B\u00e5rd Ludvig Thorheim og Erlend Svardal B\u00f8e til H\u00f8yres Nord-Norgem\u00f8te p\u00e5 Stortinget i Oslo. Her samlet H\u00f8yrefolk fra Finnmark, Troms og Nordland seg for \u00e5 diskutere og fremme v\u00e5re felles muligheter i nord sammen med sentrale politikere. Les uttalelsene som kom fra Nord-Norgem\u00f8tet her:<\/p>\n\n\n\n<div class=\"wp-block-teft-cards alignwide teft-cards-grid default-size-4\"><div class=\"teft-cards-item has-4-columns is-card-hoyre\">\n\t<div class=\"teft-card hoyre-teft-card post-teft-card\">\n\t\t<a href=\"https:\/\/hoyre.no\/nordland\/aktuelt\/hoyre-i-nord-norge-ber-regjeringen-rydde-opp-i-eget-kaos\/\" class=\"teft-card__primary-action\">\n\n\t\t\t\t\t<div class=\"teft-card__media teft-card__media--16-9\">\n\t\t\t\t\t\t<img loading=\"lazy\" decoding=\"async\" width=\"768\" height=\"512\" src=\"https:\/\/hoyre.no\/content\/uploads\/sites\/9\/2024\/05\/NNM2024STB-768x512.jpg\" class=\"attachment-medium_large size-medium_large\" alt=\"\" srcset=\"https:\/\/hoyre.no\/content\/uploads\/sites\/9\/2024\/05\/NNM2024STB-768x512.jpg 768w, https:\/\/hoyre.no\/content\/uploads\/sites\/9\/2024\/05\/NNM2024STB-300x200.jpg 300w, https:\/\/hoyre.no\/content\/uploads\/sites\/9\/2024\/05\/NNM2024STB-1024x683.jpg 1024w, https:\/\/hoyre.no\/content\/uploads\/sites\/9\/2024\/05\/NNM2024STB-1536x1024.jpg 1536w, https:\/\/hoyre.no\/content\/uploads\/sites\/9\/2024\/05\/NNM2024STB-2048x1365.jpg 2048w\" sizes=\"auto, (max-width: 768px) 100vw, 768px\" \/>\t\t<\/div>\n\t\t\n\t\t\t<div class=\"teft-card__content-wrapper\">\n\t\t\t\t<div class=\"teft-card__secondary\">\n\t\t\t\t\t\n\t\t\t\t\t\t\t\t<div class=\"teft-card__meta\">\n\t\t\t\t\t\t\t\t\t<span class=\"post-date\">7. mai 2024<\/span>\n\n\t\t\t\t\t\t\t\t\t<span class=\"post-category\">Ukategorisert<\/span>\t\t\t\t\t\t\t\t<\/div>\n\t\t\t\t\t\t\t\t\t\t\t<\/div>\n\n\t\t\t\t<div class=\"teft-card__primary\">\n\t\t\t\t\t<h2 class=\"teft-card__title\">H\u00f8yre i Nord-Norge ber regjeringen rydde opp i eget kaos&nbsp;<span class=\"teft-card__primary-title-append\"><\/span><\/h2>\t\t\t\t<\/div>\n\t\t\t<\/div>\n\t\t<\/a>\n\t<\/div>\n\n\t<\/div>\n\n<div class=\"teft-cards-item has-4-columns is-card-hoyre\">\n\t<div class=\"teft-card hoyre-teft-card post-teft-card\">\n\t\t<a href=\"https:\/\/hoyre.no\/nordland\/aktuelt\/hoyre-i-nord-norge-forventer-en-ny-kurs-fra-den-nye-helseministeren\/\" class=\"teft-card__primary-action\">\n\n\t\t\t\t\t<div class=\"teft-card__media teft-card__media--16-9\">\n\t\t\t\t\t\t<img loading=\"lazy\" decoding=\"async\" width=\"768\" height=\"512\" src=\"https:\/\/hoyre.no\/content\/uploads\/sites\/9\/2024\/05\/NNM2024STB-768x512.jpg\" class=\"attachment-medium_large size-medium_large\" alt=\"\" srcset=\"https:\/\/hoyre.no\/content\/uploads\/sites\/9\/2024\/05\/NNM2024STB-768x512.jpg 768w, https:\/\/hoyre.no\/content\/uploads\/sites\/9\/2024\/05\/NNM2024STB-300x200.jpg 300w, https:\/\/hoyre.no\/content\/uploads\/sites\/9\/2024\/05\/NNM2024STB-1024x683.jpg 1024w, https:\/\/hoyre.no\/content\/uploads\/sites\/9\/2024\/05\/NNM2024STB-1536x1024.jpg 1536w, https:\/\/hoyre.no\/content\/uploads\/sites\/9\/2024\/05\/NNM2024STB-2048x1365.jpg 2048w\" sizes=\"auto, (max-width: 768px) 100vw, 768px\" \/>\t\t<\/div>\n\t\t\n\t\t\t<div class=\"teft-card__content-wrapper\">\n\t\t\t\t<div class=\"teft-card__secondary\">\n\t\t\t\t\t\n\t\t\t\t\t\t\t\t<div class=\"teft-card__meta\">\n\t\t\t\t\t\t\t\t\t<span class=\"post-date\">7. mai 2024<\/span>\n\n\t\t\t\t\t\t\t\t\t<span class=\"post-category\">Ukategorisert<\/span>\t\t\t\t\t\t\t\t<\/div>\n\t\t\t\t\t\t\t\t\t\t\t<\/div>\n\n\t\t\t\t<div class=\"teft-card__primary\">\n\t\t\t\t\t<h2 class=\"teft-card__title\">H\u00f8yre i Nord-Norge forventer en ny kurs fra den nye helseministeren.&nbsp;<span class=\"teft-card__primary-title-append\"><\/span><\/h2>\t\t\t\t<\/div>\n\t\t\t<\/div>\n\t\t<\/a>\n\t<\/div>\n\n\t<\/div>\n\n<div class=\"teft-cards-item has-4-columns is-card-hoyre\">\n\t<div class=\"teft-card hoyre-teft-card post-teft-card\">\n\t\t<a href=\"https:\/\/hoyre.no\/nordland\/aktuelt\/hoyre-i-nord-norge-ladet-og-klar-for-mer-kraft\/\" class=\"teft-card__primary-action\">\n\n\t\t\t\t\t<div class=\"teft-card__media teft-card__media--16-9\">\n\t\t\t\t\t\t<img loading=\"lazy\" decoding=\"async\" width=\"768\" height=\"512\" src=\"https:\/\/hoyre.no\/content\/uploads\/sites\/9\/2024\/05\/NNM2024STB-768x512.jpg\" class=\"attachment-medium_large size-medium_large\" alt=\"\" srcset=\"https:\/\/hoyre.no\/content\/uploads\/sites\/9\/2024\/05\/NNM2024STB-768x512.jpg 768w, https:\/\/hoyre.no\/content\/uploads\/sites\/9\/2024\/05\/NNM2024STB-300x200.jpg 300w, https:\/\/hoyre.no\/content\/uploads\/sites\/9\/2024\/05\/NNM2024STB-1024x683.jpg 1024w, https:\/\/hoyre.no\/content\/uploads\/sites\/9\/2024\/05\/NNM2024STB-1536x1024.jpg 1536w, https:\/\/hoyre.no\/content\/uploads\/sites\/9\/2024\/05\/NNM2024STB-2048x1365.jpg 2048w\" sizes=\"auto, (max-width: 768px) 100vw, 768px\" \/>\t\t<\/div>\n\t\t\n\t\t\t<div class=\"teft-card__content-wrapper\">\n\t\t\t\t<div class=\"teft-card__secondary\">\n\t\t\t\t\t\n\t\t\t\t\t\t\t\t<div class=\"teft-card__meta\">\n\t\t\t\t\t\t\t\t\t<span class=\"post-date\">7. mai 2024<\/span>\n\n\t\t\t\t\t\t\t\t\t\t\t\t\t\t\t\t\t<\/div>\n\t\t\t\t\t\t\t\t\t\t\t<\/div>\n\n\t\t\t\t<div class=\"teft-card__primary\">\n\t\t\t\t\t<h2 class=\"teft-card__title\">H\u00f8yre i Nord-Norge ladet og klar for mer kraft!&nbsp;<span class=\"teft-card__primary-title-append\"><\/span><\/h2>\t\t\t\t<\/div>\n\t\t\t<\/div>\n\t\t<\/a>\n\t<\/div>\n\n\t<\/div><\/div>\n\n\n\n<h2 class=\"wp-block-heading\">NTP<\/h2>\n\n\n\n<p>11. april deltok v\u00e5r fylkesr\u00e5d for samferdsel, Marianne, p\u00e5 Stortingets h\u00f8ring om Nasjonal transportplan. Her presenterte hun fylkeskommunens prioriteringer, og viktige saker for Nordland ble l\u00f8ftet frem. Blant annet:<\/p>\n\n\n\n<ul class=\"wp-block-list\">\n<li>Dobbeltspor p\u00e5 Ofotbanen&nbsp;<\/li>\n\n\n\n<li>Utbedring av Nordlandsbanen.&nbsp;&nbsp;<\/li>\n\n\n\n<li>E6 Narviktunnelen,&nbsp;&nbsp;<\/li>\n\n\n\n<li>E6 Meg\u00e5rden-M\u00f8rsvikbotn, E6 Ulvsv\u00e5gskaret og E6 Borkamo-S\u00f8relva&nbsp;<\/li>\n\n\n\n<li>E10 Lofoten&nbsp;<\/li>\n\n\n\n<li>FOT-ruter&nbsp;<\/li>\n\n\n\n<li>Gr\u00f8nn Luftfart&nbsp;<\/li>\n\n\n\n<li>N\u00e6ringsveier \u2013 Fylkesveier&nbsp;<\/li>\n<\/ul>\n\n\n\n<p>V\u00e5rt viktigste m\u00e5l med samferdselspolitikken er \u00e5 binde landet sammen. God infrastruktur gj\u00f8r at n\u00e6ringslivet f\u00e5r varene sine raskere frem og at flere kommer seg trygt dit de skal. Vi vil samtidig sikre at vi f\u00e5r mest mulig ut av hver investerte krone. Du kan lese hele saken om Marianne gjennom \u00e5 trykke p\u00e5 saken nedenfor:<\/p>\n\n\n<div class=\"teft-cards-item is-card-hoyre\">\n\t<div class=\"teft-card hoyre-teft-card post-teft-card\">\n\t\t<a href=\"https:\/\/hoyre.no\/nordland\/aktuelt\/nordlandsbanen-og-fylkesvegene-ma-prioriteres\/\" class=\"teft-card__primary-action\">\n\n\t\t\t\t\t<div class=\"teft-card__media teft-card__media--16-9\">\n\t\t\t\t\t\t<img loading=\"lazy\" decoding=\"async\" width=\"768\" height=\"562\" src=\"https:\/\/hoyre.no\/content\/uploads\/sites\/9\/2023\/06\/GettyImages-1359901796-768x562.jpg\" class=\"attachment-medium_large size-medium_large\" alt=\"\" srcset=\"https:\/\/hoyre.no\/content\/uploads\/sites\/9\/2023\/06\/GettyImages-1359901796-768x562.jpg 768w, https:\/\/hoyre.no\/content\/uploads\/sites\/9\/2023\/06\/GettyImages-1359901796-300x219.jpg 300w, https:\/\/hoyre.no\/content\/uploads\/sites\/9\/2023\/06\/GettyImages-1359901796-1024x749.jpg 1024w, https:\/\/hoyre.no\/content\/uploads\/sites\/9\/2023\/06\/GettyImages-1359901796-1536x1123.jpg 1536w, https:\/\/hoyre.no\/content\/uploads\/sites\/9\/2023\/06\/GettyImages-1359901796-2048x1498.jpg 2048w\" sizes=\"auto, (max-width: 768px) 100vw, 768px\" \/>\t\t<\/div>\n\t\t\n\t\t\t<div class=\"teft-card__content-wrapper\">\n\t\t\t\t<div class=\"teft-card__secondary\">\n\t\t\t\t\t\n\t\t\t\t\t\t\t\t<div class=\"teft-card__meta\">\n\t\t\t\t\t\t\t\t\t<span class=\"post-date\">7. mai 2024<\/span>\n\n\t\t\t\t\t\t\t\t\t\t\t\t\t\t\t\t\t<\/div>\n\t\t\t\t\t\t\t\t\t\t\t<\/div>\n\n\t\t\t\t<div class=\"teft-card__primary\">\n\t\t\t\t\t<h2 class=\"teft-card__title\">\u2013 Nordlandsbanen og fylkesvegene m\u00e5 prioriteres&nbsp;<span class=\"teft-card__primary-title-append\"><\/span><\/h2>\t\t\t\t<\/div>\n\t\t\t<\/div>\n\t\t<\/a>\n\t<\/div>\n\n\t<\/div>\n\n\n<p><\/p>\n\n\n<div class=\"tags\">\n\t<\/div>\n<div class=\"post-footer alignfull has-background block-editor-block-list__block\" data-align=full>\n\t<div class=\"post-footer-inner\">\n\t\t<h3>Relaterte artikler<\/h3>\n\t\t<div class=\"related-content\"><div class=\"is-card-hoyre\">\n\t<div class=\"teft-card hoyre-teft-card post-teft-card\">\n\t\t<a href=\"https:\/\/hoyre.no\/nordland\/aktuelt\/vi-onsker-dine-innspill\/\" class=\"teft-card__primary-action\">\n\n\t\t\t\t\t<div class=\"teft-card__media teft-card__media--16-9\">\n\t\t\t\t\t\t<img loading=\"lazy\" decoding=\"async\" width=\"768\" height=\"402\" src=\"https:\/\/hoyre.no\/content\/uploads\/sites\/9\/2026\/04\/Dokument-uten-navn-09.02.2026-1-1536x804-1-768x402.png\" class=\"attachment-medium_large size-medium_large\" alt=\"\" srcset=\"https:\/\/hoyre.no\/content\/uploads\/sites\/9\/2026\/04\/Dokument-uten-navn-09.02.2026-1-1536x804-1-768x402.png 768w, https:\/\/hoyre.no\/content\/uploads\/sites\/9\/2026\/04\/Dokument-uten-navn-09.02.2026-1-1536x804-1-300x157.png 300w, https:\/\/hoyre.no\/content\/uploads\/sites\/9\/2026\/04\/Dokument-uten-navn-09.02.2026-1-1536x804-1-1024x536.png 1024w, https:\/\/hoyre.no\/content\/uploads\/sites\/9\/2026\/04\/Dokument-uten-navn-09.02.2026-1-1536x804-1.png 1536w\" sizes=\"auto, (max-width: 768px) 100vw, 768px\" \/>\t\t<\/div>\n\t\t\n\t\t\t<div class=\"teft-card__content-wrapper\">\n\t\t\t\t<div class=\"teft-card__secondary\">\n\t\t\t\t\t\n\t\t\t\t\t\t\t\t<div class=\"teft-card__meta\">\n\t\t\t\t\t\t\t\t\t<span class=\"post-date\">15. apr 2026<\/span>\n\n\t\t\t\t\t\t\t\t\t<span class=\"post-category\">Nominasjonsprosess 2027\/2031<\/span>\t\t\t\t\t\t\t\t<\/div>\n\t\t\t\t\t\t\t\t\t\t\t<\/div>\n\n\t\t\t\t<div class=\"teft-card__primary\">\n\t\t\t\t\t<h2 class=\"teft-card__title\">Vi \u00f8nsker dine innspill!&nbsp;<span class=\"teft-card__primary-title-append\"><\/span><\/h2>\t\t\t\t<\/div>\n\t\t\t<\/div>\n\t\t<\/a>\n\t<\/div>\n\n\t<\/div><div class=\"is-card-hoyre\">\n\t<div class=\"teft-card hoyre-teft-card post-teft-card\">\n\t\t<a href=\"https:\/\/hoyre.no\/nordland\/aktuelt\/sjomatnaeringen-og-prosessindustrien\/\" class=\"teft-card__primary-action\">\n\n\t\t\t<div class=\"teft-card__media teft-card__media--16-9 no-image\"><\/div>\n\t\t\t<div class=\"teft-card__content-wrapper\">\n\t\t\t\t<div class=\"teft-card__secondary\">\n\t\t\t\t\t\n\t\t\t\t\t\t\t\t<div class=\"teft-card__meta\">\n\t\t\t\t\t\t\t\t\t<span class=\"post-date\">20. nov 2025<\/span>\n\n\t\t\t\t\t\t\t\t\t<span class=\"post-category\">Fylkes\u00e5rsm\u00f8te 2025<\/span>\t\t\t\t\t\t\t\t<\/div>\n\t\t\t\t\t\t\t\t\t\t\t<\/div>\n\n\t\t\t\t<div class=\"teft-card__primary\">\n\t\t\t\t\t<h2 class=\"teft-card__title\">Sj\u00f8matn\u00e6ringen og prosessindustrien&nbsp;<span class=\"teft-card__primary-title-append\"><\/span><\/h2>\t\t\t\t<\/div>\n\t\t\t<\/div>\n\t\t<\/a>\n\t<\/div>\n\n\t<\/div><div class=\"is-card-hoyre\">\n\t<div class=\"teft-card hoyre-teft-card post-teft-card\">\n\t\t<a href=\"https:\/\/hoyre.no\/nordland\/aktuelt\/okt-satsning-pa-havforskning\/\" class=\"teft-card__primary-action\">\n\n\t\t\t<div class=\"teft-card__media teft-card__media--16-9 no-image\"><\/div>\n\t\t\t<div class=\"teft-card__content-wrapper\">\n\t\t\t\t<div class=\"teft-card__secondary\">\n\t\t\t\t\t\n\t\t\t\t\t\t\t\t<div class=\"teft-card__meta\">\n\t\t\t\t\t\t\t\t\t<span class=\"post-date\">20. nov 2025<\/span>\n\n\t\t\t\t\t\t\t\t\t<span class=\"post-category\">Fylkes\u00e5rsm\u00f8te 2025<\/span>\t\t\t\t\t\t\t\t<\/div>\n\t\t\t\t\t\t\t\t\t\t\t<\/div>\n\n\t\t\t\t<div class=\"teft-card__primary\">\n\t\t\t\t\t<h2 class=\"teft-card__title\">\u00d8kt satsning p\u00e5 havforskning&nbsp;<span class=\"teft-card__primary-title-append\"><\/span><\/h2>\t\t\t\t<\/div>\n\t\t\t<\/div>\n\t\t<\/a>\n\t<\/div>\n\n\t<\/div><\/div>\t<\/div>\n<\/div>\n","protected":false},"excerpt":{"rendered":"","protected":false},"author":3547,"featured_media":0,"comment_status":"closed","ping_status":"closed","sticky":false,"template":"","format":"standard","meta":{"teft_cards_image_url":"","teft_cards_custom_pretitle":"","teft_cards_image_id":1474,"teft_cards_image_focal_point_x":0.5,"teft_cards_image_focal_point_y":0.5,"teft_cards_title":"","teft_cards_excerpt":"","teft_show_chapters":false,"author_display_name":"","footnotes":""},"category":[16],"post_tag":[],"hoyre-visibility":[],"article-type":[],"politician":[],"class_list":["post-1455","post","type-post","status-publish","format-standard","hentry","category-manedsbrev"],"yoast_head":"<!-- This site is optimized with the Yoast SEO plugin v26.6 - https:\/\/yoast.com\/wordpress\/plugins\/seo\/ -->\n<title>April 2024: H\u00f8yres m\u00f8te med v\u00e5ren - Nordland H\u00f8yre<\/title>\n<meta name=\"robots\" content=\"index, follow, max-snippet:-1, max-image-preview:large, max-video-preview:-1\" \/>\n<link rel=\"canonical\" href=\"https:\/\/hoyre.no\/nordland\/aktuelt\/april-2024-varlosning-og-problemlosning-stod-for-tur\/\" \/>\n<meta property=\"og:locale\" content=\"nb_NO\" \/>\n<meta property=\"og:type\" content=\"article\" \/>\n<meta property=\"og:title\" content=\"April 2024: H\u00f8yres m\u00f8te med v\u00e5ren - Nordland H\u00f8yre\" \/>\n<meta property=\"og:url\" content=\"https:\/\/hoyre.no\/nordland\/aktuelt\/april-2024-varlosning-og-problemlosning-stod-for-tur\/\" \/>\n<meta property=\"og:site_name\" content=\"Nordland H\u00f8yre\" \/>\n<meta property=\"article:published_time\" content=\"2024-05-07T15:29:10+00:00\" \/>\n<meta property=\"article:modified_time\" content=\"2024-05-14T16:58:23+00:00\" \/>\n<meta property=\"og:image\" content=\"https:\/\/hoyre.no\/content\/uploads\/sites\/9\/2024\/05\/e34ba110-d63e-4419-aeab-cbc4f086f798-1024x768.jpeg\" \/>\n<meta name=\"author\" content=\"Isabella Emilie Pigini Storli\" \/>\n<meta name=\"twitter:card\" content=\"summary_large_image\" \/>\n<meta name=\"twitter:label1\" content=\"Skrevet av\" \/>\n\t<meta name=\"twitter:data1\" content=\"Isabella Emilie Pigini Storli\" \/>\n\t<meta name=\"twitter:label2\" content=\"Ansl. lesetid\" \/>\n\t<meta name=\"twitter:data2\" content=\"6 minutter\" \/>\n<script type=\"application\/ld+json\" class=\"yoast-schema-graph\">{\"@context\":\"https:\/\/schema.org\",\"@graph\":[{\"@type\":\"NewsArticle\",\"@id\":\"https:\/\/hoyre.no\/nordland\/aktuelt\/april-2024-varlosning-og-problemlosning-stod-for-tur\/\",\"url\":\"https:\/\/hoyre.no\/nordland\/aktuelt\/april-2024-varlosning-og-problemlosning-stod-for-tur\/\",\"name\":\"April 2024: H\u00f8yres m\u00f8te med v\u00e5ren - Nordland H\u00f8yre\",\"isPartOf\":{\"@id\":\"https:\/\/hoyre.no\/nordland\/#website\"},\"image\":{\"@id\":\"https:\/\/hoyre.no\/nordland\/aktuelt\/april-2024-varlosning-og-problemlosning-stod-for-tur\/#primaryimage\"},\"thumbnailUrl\":\"https:\/\/hoyre.no\/content\/uploads\/sites\/9\/2024\/05\/e34ba110-d63e-4419-aeab-cbc4f086f798-1024x768.jpeg\",\"datePublished\":\"2024-05-07T15:29:10+00:00\",\"dateModified\":\"2024-05-14T16:58:23+00:00\",\"author\":{\"@id\":\"https:\/\/hoyre.no\/nordland\/#\/schema\/person\/6f4581f8cbce8649b11dffce4d355a20\"},\"breadcrumb\":{\"@id\":\"https:\/\/hoyre.no\/nordland\/aktuelt\/april-2024-varlosning-og-problemlosning-stod-for-tur\/#breadcrumb\"},\"inLanguage\":\"nb-NO\",\"potentialAction\":[{\"@type\":\"ReadAction\",\"target\":[\"https:\/\/hoyre.no\/nordland\/aktuelt\/april-2024-varlosning-og-problemlosning-stod-for-tur\/\"]}]},{\"@type\":\"ImageObject\",\"inLanguage\":\"nb-NO\",\"@id\":\"https:\/\/hoyre.no\/nordland\/aktuelt\/april-2024-varlosning-og-problemlosning-stod-for-tur\/#primaryimage\",\"url\":\"https:\/\/hoyre.no\/content\/uploads\/sites\/9\/2024\/05\/e34ba110-d63e-4419-aeab-cbc4f086f798-1024x768.jpeg\",\"contentUrl\":\"https:\/\/hoyre.no\/content\/uploads\/sites\/9\/2024\/05\/e34ba110-d63e-4419-aeab-cbc4f086f798-1024x768.jpeg\"},{\"@type\":\"BreadcrumbList\",\"@id\":\"https:\/\/hoyre.no\/nordland\/aktuelt\/april-2024-varlosning-og-problemlosning-stod-for-tur\/#breadcrumb\",\"itemListElement\":[{\"@type\":\"ListItem\",\"position\":1,\"name\":\"Til hoyre.no\",\"item\":\"https:\/\/hoyre.no\"},{\"@type\":\"ListItem\",\"position\":2,\"name\":\"Hjem\",\"item\":\"https:\/\/hoyre.no\/nordland\/\"},{\"@type\":\"ListItem\",\"position\":3,\"name\":\"April 2024: H\u00f8yres m\u00f8te med v\u00e5ren\"}]},{\"@type\":\"WebSite\",\"@id\":\"https:\/\/hoyre.no\/nordland\/#website\",\"url\":\"https:\/\/hoyre.no\/nordland\/\",\"name\":\"Nordland H\u00f8yre\",\"description\":\"Bare enda et H\u00f8yres nettsteder-nettsted\",\"inLanguage\":\"nb-NO\"},{\"@type\":\"Person\",\"@id\":\"https:\/\/hoyre.no\/nordland\/#\/schema\/person\/6f4581f8cbce8649b11dffce4d355a20\",\"name\":\"Isabella Emilie Pigini Storli\",\"image\":{\"@type\":\"ImageObject\",\"inLanguage\":\"nb-NO\",\"@id\":\"https:\/\/hoyre.no\/nordland\/#\/schema\/person\/image\/\",\"url\":\"https:\/\/secure.gravatar.com\/avatar\/08adee43a03700ba785bdbd90482e1f29963f7da76a6456741cc4ace550c4fe2?s=96&d=mm&r=g\",\"contentUrl\":\"https:\/\/secure.gravatar.com\/avatar\/08adee43a03700ba785bdbd90482e1f29963f7da76a6456741cc4ace550c4fe2?s=96&d=mm&r=g\",\"caption\":\"Isabella Emilie Pigini Storli\"},\"url\":\"https:\/\/hoyre.no\/nordland\/aktuelt\/author\/m52026796\/\"}]}<\/script>\n<!-- \/ Yoast SEO plugin. -->","yoast_head_json":{"title":"April 2024: H\u00f8yres m\u00f8te med v\u00e5ren - Nordland H\u00f8yre","robots":{"index":"index","follow":"follow","max-snippet":"max-snippet:-1","max-image-preview":"max-image-preview:large","max-video-preview":"max-video-preview:-1"},"canonical":"https:\/\/hoyre.no\/nordland\/aktuelt\/april-2024-varlosning-og-problemlosning-stod-for-tur\/","og_locale":"nb_NO","og_type":"article","og_title":"April 2024: H\u00f8yres m\u00f8te med v\u00e5ren - Nordland H\u00f8yre","og_url":"https:\/\/hoyre.no\/nordland\/aktuelt\/april-2024-varlosning-og-problemlosning-stod-for-tur\/","og_site_name":"Nordland H\u00f8yre","article_published_time":"2024-05-07T15:29:10+00:00","article_modified_time":"2024-05-14T16:58:23+00:00","og_image":[{"url":"https:\/\/hoyre.no\/content\/uploads\/sites\/9\/2024\/05\/e34ba110-d63e-4419-aeab-cbc4f086f798-1024x768.jpeg","type":"","width":"","height":""}],"author":"Isabella Emilie Pigini Storli","twitter_card":"summary_large_image","twitter_misc":{"Skrevet av":"Isabella Emilie Pigini Storli","Ansl. lesetid":"6 minutter"},"schema":{"@context":"https:\/\/schema.org","@graph":[{"@type":"NewsArticle","@id":"https:\/\/hoyre.no\/nordland\/aktuelt\/april-2024-varlosning-og-problemlosning-stod-for-tur\/","url":"https:\/\/hoyre.no\/nordland\/aktuelt\/april-2024-varlosning-og-problemlosning-stod-for-tur\/","name":"April 2024: H\u00f8yres m\u00f8te med v\u00e5ren - Nordland H\u00f8yre","isPartOf":{"@id":"https:\/\/hoyre.no\/nordland\/#website"},"image":{"@id":"https:\/\/hoyre.no\/nordland\/aktuelt\/april-2024-varlosning-og-problemlosning-stod-for-tur\/#primaryimage"},"thumbnailUrl":"https:\/\/hoyre.no\/content\/uploads\/sites\/9\/2024\/05\/e34ba110-d63e-4419-aeab-cbc4f086f798-1024x768.jpeg","datePublished":"2024-05-07T15:29:10+00:00","dateModified":"2024-05-14T16:58:23+00:00","author":{"@id":"https:\/\/hoyre.no\/nordland\/#\/schema\/person\/6f4581f8cbce8649b11dffce4d355a20"},"breadcrumb":{"@id":"https:\/\/hoyre.no\/nordland\/aktuelt\/april-2024-varlosning-og-problemlosning-stod-for-tur\/#breadcrumb"},"inLanguage":"nb-NO","potentialAction":[{"@type":"ReadAction","target":["https:\/\/hoyre.no\/nordland\/aktuelt\/april-2024-varlosning-og-problemlosning-stod-for-tur\/"]}]},{"@type":"ImageObject","inLanguage":"nb-NO","@id":"https:\/\/hoyre.no\/nordland\/aktuelt\/april-2024-varlosning-og-problemlosning-stod-for-tur\/#primaryimage","url":"https:\/\/hoyre.no\/content\/uploads\/sites\/9\/2024\/05\/e34ba110-d63e-4419-aeab-cbc4f086f798-1024x768.jpeg","contentUrl":"https:\/\/hoyre.no\/content\/uploads\/sites\/9\/2024\/05\/e34ba110-d63e-4419-aeab-cbc4f086f798-1024x768.jpeg"},{"@type":"BreadcrumbList","@id":"https:\/\/hoyre.no\/nordland\/aktuelt\/april-2024-varlosning-og-problemlosning-stod-for-tur\/#breadcrumb","itemListElement":[{"@type":"ListItem","position":1,"name":"Til hoyre.no","item":"https:\/\/hoyre.no"},{"@type":"ListItem","position":2,"name":"Hjem","item":"https:\/\/hoyre.no\/nordland\/"},{"@type":"ListItem","position":3,"name":"April 2024: H\u00f8yres m\u00f8te med v\u00e5ren"}]},{"@type":"WebSite","@id":"https:\/\/hoyre.no\/nordland\/#website","url":"https:\/\/hoyre.no\/nordland\/","name":"Nordland H\u00f8yre","description":"Bare enda et H\u00f8yres nettsteder-nettsted","inLanguage":"nb-NO"},{"@type":"Person","@id":"https:\/\/hoyre.no\/nordland\/#\/schema\/person\/6f4581f8cbce8649b11dffce4d355a20","name":"Isabella Emilie Pigini Storli","image":{"@type":"ImageObject","inLanguage":"nb-NO","@id":"https:\/\/hoyre.no\/nordland\/#\/schema\/person\/image\/","url":"https:\/\/secure.gravatar.com\/avatar\/08adee43a03700ba785bdbd90482e1f29963f7da76a6456741cc4ace550c4fe2?s=96&d=mm&r=g","contentUrl":"https:\/\/secure.gravatar.com\/avatar\/08adee43a03700ba785bdbd90482e1f29963f7da76a6456741cc4ace550c4fe2?s=96&d=mm&r=g","caption":"Isabella Emilie Pigini Storli"},"url":"https:\/\/hoyre.no\/nordland\/aktuelt\/author\/m52026796\/"}]}},"distributor_meta":false,"distributor_terms":false,"distributor_media":false,"distributor_original_site_name":"Nordland H\u00f8yre","distributor_original_site_url":"https:\/\/hoyre.no\/nordland","push-errors":false,"_links":{"self":[{"href":"https:\/\/hoyre.no\/nordland\/wp-json\/wp\/v2\/posts\/1455","targetHints":{"allow":["GET"]}}],"collection":[{"href":"https:\/\/hoyre.no\/nordland\/wp-json\/wp\/v2\/posts"}],"about":[{"href":"https:\/\/hoyre.no\/nordland\/wp-json\/wp\/v2\/types\/post"}],"author":[{"embeddable":true,"href":"https:\/\/hoyre.no\/nordland\/wp-json\/wp\/v2\/users\/3547"}],"replies":[{"embeddable":true,"href":"https:\/\/hoyre.no\/nordland\/wp-json\/wp\/v2\/comments?post=1455"}],"version-history":[{"count":9,"href":"https:\/\/hoyre.no\/nordland\/wp-json\/wp\/v2\/posts\/1455\/revisions"}],"predecessor-version":[{"id":1500,"href":"https:\/\/hoyre.no\/nordland\/wp-json\/wp\/v2\/posts\/1455\/revisions\/1500"}],"wp:attachment":[{"href":"https:\/\/hoyre.no\/nordland\/wp-json\/wp\/v2\/media?parent=1455"}],"wp:term":[{"taxonomy":"category","embeddable":true,"href":"https:\/\/hoyre.no\/nordland\/wp-json\/wp\/v2\/category?post=1455"},{"taxonomy":"post_tag","embeddable":true,"href":"https:\/\/hoyre.no\/nordland\/wp-json\/wp\/v2\/post_tag?post=1455"},{"taxonomy":"hoyre-visibility","embeddable":true,"href":"https:\/\/hoyre.no\/nordland\/wp-json\/wp\/v2\/hoyre-visibility?post=1455"},{"taxonomy":"article-type","embeddable":true,"href":"https:\/\/hoyre.no\/nordland\/wp-json\/wp\/v2\/article-type?post=1455"},{"taxonomy":"politician","embeddable":true,"href":"https:\/\/hoyre.no\/nordland\/wp-json\/wp\/v2\/politician?post=1455"}],"curies":[{"name":"wp","href":"https:\/\/api.w.org\/{rel}","templated":true}]}}