{"id":1457,"date":"2024-05-07T16:44:27","date_gmt":"2024-05-07T14:44:27","guid":{"rendered":"https:\/\/hoyre.no\/nordland\/?p=1457"},"modified":"2024-05-07T16:44:28","modified_gmt":"2024-05-07T14:44:28","slug":"nordlandsbanen-og-fylkesvegene-ma-prioriteres","status":"publish","type":"post","link":"https:\/\/hoyre.no\/nordland\/aktuelt\/nordlandsbanen-og-fylkesvegene-ma-prioriteres\/","title":{"rendered":"\u2013 Nordlandsbanen og fylkesvegene m\u00e5 prioriteres"},"content":{"rendered":"\n<p class=\"preamble\">Fylkesr\u00e5d for samferdsel i Nordland, Marianne Dobak Kvensj\u00f8, var klar i sin tale til Stortinget under h\u00f8ringen p\u00e5 Nasjonal transportplan (NTP). \u2013 Nordlandsbanen og fylkesvegene m\u00e5 prioriteres, p\u00e5peker Kvensj\u00f8.<br><a href=\"https:\/\/www.nfk.no\/handlers\/bv.ashx\/i01a1cf13-1569-4d45-a4ba-edb4e72e4682\/w1200\/q43921\/k4062fcf3b2b8\/fylkestinget-oktober-2023-div-42.jpg\"><\/a><\/p>\t\t\t<div class=\"post-meta wp-block teft-byline-wrapper\">\n\t\t\t\t<div class=\"top\">\n\t\t\t\t\t<div class=\"signature\">\n\t\t\t\t\t\t<div class=\"teft-byline\">\n\t\t\t\t\t\t\t\t\t\t\t\t\t\t<div>\n\t\t\t\t\t\t\t\t<h3>H\u00f8yres redaksjon<\/h3>\t\t\t\t\t\t\t\t\n\t\t\t\t\t\t\t\t\t\t\t\t\t\t\t\t\t<span class=\"date\">Sist oppdatert: 7. mai 2024<\/span>\n\t\t\t\t\t\t\t\t\t\t\t\t\t\t\t\t\t\t\t\t\t\t\t\t\t<span class=\"reading-time\" itemprop=\"timeRequired\" content=\"PT5M\"><em>Ca. 5 minutter lesetid<\/em><\/span>\n\t\t\t\t\t\t\t\t\t\t\t\t\t\t\t<\/div>\n\t\t\t\t\t\t<\/div>\n\t\t\t\t\t<\/div>\n\t\t\t\t\t\t<div class=\"sharing\">\n\t\t<a class=\"share-button share-link copy-link\" data-copy=\"https:\/\/hoyre.no\/nordland\/aktuelt\/nordlandsbanen-og-fylkesvegene-ma-prioriteres\/\" target=\"_blank\"><span class=\"screen-reader-text\">Del link<\/span><\/a>\n\t\t<a class=\"share-button share-twitter\" href=\"http:\/\/twitter.com\/share?text=\u2013 Nordlandsbanen og fylkesvegene m\u00e5 prioriteres&#038;url=https:\/\/hoyre.no\/nordland\/aktuelt\/nordlandsbanen-og-fylkesvegene-ma-prioriteres\/&#038;hashtags=Hoyre\" target=\"_blank\"><span class=\"screen-reader-text\">Del p\u00e5 twitter<\/span><\/a>\n\t\t<a class=\"share-button share-facebook\" href=\"https:\/\/www.facebook.com\/sharer\/sharer.php?u=https:\/\/hoyre.no\/nordland\/aktuelt\/nordlandsbanen-og-fylkesvegene-ma-prioriteres\/\" target=\"_blank\"><span class=\"screen-reader-text\">Del p\u00e5 facebook<\/span><\/a>\n\t<\/div>\n\t\t\t\t\t<\/div>\n\t\t\t<\/div>\n\n\t\t\t<figure class=\"hoyre-image-wrapper\"><div class=\"hoyre-image\"><img loading=\"lazy\" decoding=\"async\" width=\"2500\" height=\"1829\" src=\"https:\/\/hoyre.no\/content\/uploads\/sites\/9\/2023\/06\/GettyImages-1359901796-scaled.jpg\" class=\"attachment-scaled size-scaled\" alt=\"\" style=\"object-position: 44% 15%\" srcset=\"https:\/\/hoyre.no\/content\/uploads\/sites\/9\/2023\/06\/GettyImages-1359901796-scaled.jpg 2500w, https:\/\/hoyre.no\/content\/uploads\/sites\/9\/2023\/06\/GettyImages-1359901796-300x219.jpg 300w, https:\/\/hoyre.no\/content\/uploads\/sites\/9\/2023\/06\/GettyImages-1359901796-1024x749.jpg 1024w, https:\/\/hoyre.no\/content\/uploads\/sites\/9\/2023\/06\/GettyImages-1359901796-768x562.jpg 768w, https:\/\/hoyre.no\/content\/uploads\/sites\/9\/2023\/06\/GettyImages-1359901796-1536x1123.jpg 1536w, https:\/\/hoyre.no\/content\/uploads\/sites\/9\/2023\/06\/GettyImages-1359901796-2048x1498.jpg 2048w\" sizes=\"auto, (max-width: 2500px) 100vw, 2500px\" \/><\/div><\/figure>\n\n\n\n\n<p>Nordlandsbanen er Norges lengste jernbanestrekning. Fra 2020 til 2022 ble godstrafikken p\u00e5 Nordlandsbanen doblet fra to til fire daglige godstog hver vei. Veksten tilsvarer 25.000 store vogntog langs E6 og Riksvei 3.<\/p>\n\n\n\n<p>\u2013 Allikevel prioriteres ikke krysningsspor i f\u00f8rste periode av NTP, og kun 300 millioner kroner i andre periode. Det vil si 300 millioner kroner i hele tolv\u00e5rsperioden, noe som utgj\u00f8r 0,3 prosent av jernbaneinvesteringene, p\u00e5peker en tydelig fylkesr\u00e5d for samferdsel i Nordland, Marianne Dobak Kvensj\u00f8.<\/p>\n\n\n\n<h2 class=\"wp-block-heading\">Overbelastet jernbane<\/h2>\n\n\n\n<p>Den positive veksten i nord bidro til at Bane NOR i 2022 erkl\u00e6rte hele korridoren Bod\u00f8 \u2013 Trondheim \u2013 Oslo for overbelastet. Uten nye krysningsspor p\u00e5 Nordlandsbanen blir det ikke plass til flere gods- og persontog.<\/p>\n\n\n\n<p>\u2013 Bane NOR utarbeider reguleringsplan for krysningsspor p\u00e5 Saltfjellet, og planarbeidet forventes ferdig allerede i 2025. Vi ber om at det m\u00e5 bygges minst to nye krysningsspor i f\u00f8rste periode og minst tre krysningsspor tidligst mulig i andre periode av NTP. Dette styrker b\u00e5de gods- og persontransporter som Saltenpendel og etablering Helgelandspendel Trofors &#8211; Mo i Rana, argumenterer Kvensj\u00f8.<\/p>\n\n\n\n<figure class=\"wp-block-image size-large is-resized\"><img loading=\"lazy\" decoding=\"async\" width=\"683\" height=\"1024\" src=\"https:\/\/hoyre.no\/content\/uploads\/sites\/9\/2024\/05\/fylkestinget-oktober-2023-div-42-683x1024.jpg\" alt=\"Foto:Thor-Wiggo Skille\nFylkesr\u00e5dets nestleder og fylkesr\u00e5d for samferdsel, Marianne Dobak Kvensj\u00f8.\" class=\"wp-image-1458\" style=\"aspect-ratio:0.6669921875;width:314px;height:auto\" srcset=\"https:\/\/hoyre.no\/content\/uploads\/sites\/9\/2024\/05\/fylkestinget-oktober-2023-div-42-683x1024.jpg 683w, https:\/\/hoyre.no\/content\/uploads\/sites\/9\/2024\/05\/fylkestinget-oktober-2023-div-42-200x300.jpg 200w, https:\/\/hoyre.no\/content\/uploads\/sites\/9\/2024\/05\/fylkestinget-oktober-2023-div-42-768x1152.jpg 768w, https:\/\/hoyre.no\/content\/uploads\/sites\/9\/2024\/05\/fylkestinget-oktober-2023-div-42-1024x1536.jpg 1024w, https:\/\/hoyre.no\/content\/uploads\/sites\/9\/2024\/05\/fylkestinget-oktober-2023-div-42.jpg 1200w\" sizes=\"auto, (max-width: 683px) 100vw, 683px\" \/><figcaption class=\"wp-element-caption\">Fylkesr\u00e5dets nestleder og fylkesr\u00e5d for samferdsel, Marianne Dobak Kvensj\u00f8. Foto:Thor-Wiggo Skille<\/figcaption><\/figure>\n\n\n\n<h2 class=\"wp-block-heading\">Kyst til marked<\/h2>\n\n\n\n<p>Kvensj\u00f8 p\u00e5peker at det er mye som g\u00e5r bra i Nordland. Det er stor optimisme og et sterkt og voksende n\u00e6ringsliv innenfor de fremtidsn\u00e6ringene regjering og Storting \u00f8nsker \u00e5 satse videre p\u00e5.<\/p>\n\n\n\n<p>\u2013 Verdiskapingen og eksporten fra Nordland er sv\u00e6rt stor, ogs\u00e5 sett i nasjonal m\u00e5lestokk. Da er vi avhengig av god infrastruktur og gode samferdselstilbud. Vi skal trygt og raskt frem, og n\u00e6ringslivet er avhengig av f\u00e5 sine varer fra kyst til markedene, underbygger Kvensj\u00f8.<\/p>\n\n\n\n<h2 class=\"wp-block-heading\">Nytt verdensbilde \u2013 nye behov<\/h2>\n\n\n\n<p>Utvidelsen av NATO, og den nye geopolitiske situasjonen Norge st\u00e5r i, forsterker behovet for satsning p\u00e5 infrastruktur i Nordland, if\u00f8lge fylkesr\u00e5d Kvensj\u00f8.<\/p>\n\n\n\n<p>\u2013 Vi glade for at trinn \u00e9n for E6 Meg\u00e5rden \u2013 M\u00f8rsvikbotn i S\u00f8rfold f\u00e5r oppstart til neste \u00e5r, og videref\u00f8res fra dagens NTP. Men at NTP prioriterer oppstart av andre byggetrinn etter at delstrekningen Meg\u00e5rden &#8211; Sommerset er ferdigstilt, stiller vi oss undrende til, understreker Kvensj\u00f8.<\/p>\n\n\n\n<h2 class=\"wp-block-heading\">S\u00f8rfold og Ulvsv\u00e5gskaret<\/h2>\n\n\n\n<p>Hun mener hele strekningen E6 Meg\u00e5rden \u2013 M\u00f8rsvikbotn b\u00f8r gjennomf\u00f8res i parallelle l\u00f8p, uten opphold.<\/p>\n\n\n\n<p>\u2013 Og ikke minst blir det viktig \u00e5 se E6 Ulvsv\u00e5gskaret i Hamar\u00f8y i sammenheng, for \u00e5 f\u00e5 mer for pengene. Man m\u00e5 sikre en bedre ressursutnyttelse og effektiv utbygging, siden det er kort avstand mellom disse to prosjektene. Her har vi ingen tid \u00e5 miste, p\u00e5peker Kvensj\u00f8.<\/p>\n\n\n\n<h2 class=\"wp-block-heading\">Saltdal<\/h2>\n\n\n\n<p>Og l\u00f8fter ogs\u00e5 fram E6 S\u00f8relva &#8211; Borkamo i Saltdal, et overmodent prosjekt, som er helt klart for byggestart.<\/p>\n\n\n\n<p>\u2013 Vi ser ingen grunn til \u00e5 vente p\u00e5 oppstart til andre periode av NTP, slik det er foresl\u00e5tt, understreker fylkesr\u00e5d Kvensj\u00f8.<\/p>\n\n\n\n<h2 class=\"wp-block-heading\">\u2013 Nordland m\u00e5 prioriteres h\u00f8yere<\/h2>\n\n\n\n<p>Samferdselsr\u00e5d Kvensj\u00f8 viser til at regjeringen sier at samferdselsmidlene skal fordeles mer rettferdig og over hele landet.<\/p>\n\n\n\n<p>\u2013 Det opplever vi ikke \u00e5 v\u00e6re tilfelle. Nordland er tilgodesett med kun 3,3 % av de samlede prosjektene som omtales i transportetatenes investeringsportef\u00f8ljer. Dette p\u00e5 tross av at vi er et av de st\u00f8rste fastlandseksport-fylkene med andel p\u00e5 9,3 prosent. Dette samsvarer d\u00e5rlig med regjeringens og Stortingets ambisjoner for nordomr\u00e5dene, argumenterer Kvensj\u00f8.<\/p>\n\n\n\n<h2 class=\"wp-block-heading\">Vil kompenseres for gr\u00f8nt skifte<\/h2>\n\n\n\n<p>Fylkesr\u00e5d Kvensj\u00f8 dreier raskt over p\u00e5 kystfylket Nordland. Med 21 hurtigb\u00e5tsamband og 23 fergesamband. En rapport fra Menon Economics viser at om Nordland fylkeskommune skal klare \u00e5 m\u00f8te kravene til utslippskutt, gjennom innfasing av utslippsfrie ferjer og hurtigb\u00e5ter, gir dette en betydelig merkostnad.<\/p>\n\n\n\n<p>\u2013 Merkostnaden i ferjesektoren vil v\u00e6re n\u00e6rmere 200 millioner kroner per \u00e5r, mens det for hurtigb\u00e5tsektoren vil ligge p\u00e5 et sted mellom 90 og 460 millioner kroner i \u00e5rlige merkostnader.<\/p>\n\n\n\n<h2 class=\"wp-block-heading\">Klimakuttambisjoner under press<\/h2>\n\n\n\n<p>I 2023 er brutto \u00e5rsbudsjett for ferje- og hurtigb\u00e5t i Nordland fylkeskommune 1.390 millioner kroner.<\/p>\n\n\n\n<p>\u2013 Vi tilpasser innfasingen av det gr\u00f8nne skrifte etter det vi har midler til og f\u00e5r kompensert fra staten. F\u00e5r vi dekket merkostnadene vi har, vil vi klare \u00e5 n\u00e5 ambisjonene fortere. Investeringene og drift av nullutslipp ferje- og hurtigb\u00e5tsamband skal ikke g\u00e5 utover andre tjenestetilbud, p\u00e5peker Kvensj\u00f8.<\/p>\n\n\n\n<h2 class=\"wp-block-heading\">Etterslep p\u00e5 20 milliarder kroner<\/h2>\n\n\n\n<p>Og tar inn fylkesvegene som et siste, viktig moment som innspill til NTP.<\/p>\n\n\n\n<p>\u2013 I Nordland har vi over 4000 km med fylkesvei. Vedlikeholdsetterslepet er beregnet til 19,7 milliarder kroner. Av dette utgj\u00f8r skredsikring rundt 5,3 milliarder kroner. N\u00e6r halvparten av vegnettet v\u00e5rt har d\u00e5rlig standard og m\u00e5 gj\u00f8res noe med. Derfor m\u00e5 det komme en betydelig sterkere, \u00f8remerket satsing p\u00e5 fylkesvei, avslutter fylkesr\u00e5d Marianne Dobak Kvensj\u00f8.<\/p>\n\n\n<div class=\"tags\">\n\t<\/div>\n<div class=\"post-footer alignfull has-background block-editor-block-list__block\" data-align=full>\n\t<div class=\"post-footer-inner\">\n\t\t<h3>Relaterte artikler<\/h3>\n\t\t<div class=\"related-content\"><div class=\"is-card-hoyre\">\n\t<div class=\"teft-card hoyre-teft-card post-teft-card\">\n\t\t<a href=\"https:\/\/hoyre.no\/nordland\/aktuelt\/vi-onsker-dine-innspill\/\" class=\"teft-card__primary-action\">\n\n\t\t\t\t\t<div class=\"teft-card__media teft-card__media--16-9\">\n\t\t\t\t\t\t<img loading=\"lazy\" decoding=\"async\" width=\"768\" height=\"402\" src=\"https:\/\/hoyre.no\/content\/uploads\/sites\/9\/2026\/04\/Dokument-uten-navn-09.02.2026-1-1536x804-1-768x402.png\" class=\"attachment-medium_large size-medium_large\" alt=\"\" srcset=\"https:\/\/hoyre.no\/content\/uploads\/sites\/9\/2026\/04\/Dokument-uten-navn-09.02.2026-1-1536x804-1-768x402.png 768w, https:\/\/hoyre.no\/content\/uploads\/sites\/9\/2026\/04\/Dokument-uten-navn-09.02.2026-1-1536x804-1-300x157.png 300w, https:\/\/hoyre.no\/content\/uploads\/sites\/9\/2026\/04\/Dokument-uten-navn-09.02.2026-1-1536x804-1-1024x536.png 1024w, https:\/\/hoyre.no\/content\/uploads\/sites\/9\/2026\/04\/Dokument-uten-navn-09.02.2026-1-1536x804-1.png 1536w\" sizes=\"auto, (max-width: 768px) 100vw, 768px\" \/>\t\t<\/div>\n\t\t\n\t\t\t<div class=\"teft-card__content-wrapper\">\n\t\t\t\t<div class=\"teft-card__secondary\">\n\t\t\t\t\t\n\t\t\t\t\t\t\t\t<div class=\"teft-card__meta\">\n\t\t\t\t\t\t\t\t\t<span class=\"post-date\">15. apr 2026<\/span>\n\n\t\t\t\t\t\t\t\t\t<span class=\"post-category\">Nominasjonsprosess 2027\/2031<\/span>\t\t\t\t\t\t\t\t<\/div>\n\t\t\t\t\t\t\t\t\t\t\t<\/div>\n\n\t\t\t\t<div class=\"teft-card__primary\">\n\t\t\t\t\t<h2 class=\"teft-card__title\">Vi \u00f8nsker dine innspill!&nbsp;<span class=\"teft-card__primary-title-append\"><\/span><\/h2>\t\t\t\t<\/div>\n\t\t\t<\/div>\n\t\t<\/a>\n\t<\/div>\n\n\t<\/div><div class=\"is-card-hoyre\">\n\t<div class=\"teft-card hoyre-teft-card post-teft-card\">\n\t\t<a href=\"https:\/\/hoyre.no\/nordland\/aktuelt\/sjomatnaeringen-og-prosessindustrien\/\" class=\"teft-card__primary-action\">\n\n\t\t\t<div class=\"teft-card__media teft-card__media--16-9 no-image\"><\/div>\n\t\t\t<div class=\"teft-card__content-wrapper\">\n\t\t\t\t<div class=\"teft-card__secondary\">\n\t\t\t\t\t\n\t\t\t\t\t\t\t\t<div class=\"teft-card__meta\">\n\t\t\t\t\t\t\t\t\t<span class=\"post-date\">20. nov 2025<\/span>\n\n\t\t\t\t\t\t\t\t\t<span class=\"post-category\">Fylkes\u00e5rsm\u00f8te 2025<\/span>\t\t\t\t\t\t\t\t<\/div>\n\t\t\t\t\t\t\t\t\t\t\t<\/div>\n\n\t\t\t\t<div class=\"teft-card__primary\">\n\t\t\t\t\t<h2 class=\"teft-card__title\">Sj\u00f8matn\u00e6ringen og prosessindustrien&nbsp;<span class=\"teft-card__primary-title-append\"><\/span><\/h2>\t\t\t\t<\/div>\n\t\t\t<\/div>\n\t\t<\/a>\n\t<\/div>\n\n\t<\/div><div class=\"is-card-hoyre\">\n\t<div class=\"teft-card hoyre-teft-card post-teft-card\">\n\t\t<a href=\"https:\/\/hoyre.no\/nordland\/aktuelt\/okt-satsning-pa-havforskning\/\" class=\"teft-card__primary-action\">\n\n\t\t\t<div class=\"teft-card__media teft-card__media--16-9 no-image\"><\/div>\n\t\t\t<div class=\"teft-card__content-wrapper\">\n\t\t\t\t<div class=\"teft-card__secondary\">\n\t\t\t\t\t\n\t\t\t\t\t\t\t\t<div class=\"teft-card__meta\">\n\t\t\t\t\t\t\t\t\t<span class=\"post-date\">20. nov 2025<\/span>\n\n\t\t\t\t\t\t\t\t\t<span class=\"post-category\">Fylkes\u00e5rsm\u00f8te 2025<\/span>\t\t\t\t\t\t\t\t<\/div>\n\t\t\t\t\t\t\t\t\t\t\t<\/div>\n\n\t\t\t\t<div class=\"teft-card__primary\">\n\t\t\t\t\t<h2 class=\"teft-card__title\">\u00d8kt satsning p\u00e5 havforskning&nbsp;<span class=\"teft-card__primary-title-append\"><\/span><\/h2>\t\t\t\t<\/div>\n\t\t\t<\/div>\n\t\t<\/a>\n\t<\/div>\n\n\t<\/div><\/div>\t<\/div>\n<\/div>\n","protected":false},"excerpt":{"rendered":"","protected":false},"author":3547,"featured_media":0,"comment_status":"closed","ping_status":"closed","sticky":false,"template":"","format":"standard","meta":{"teft_cards_image_url":"","teft_cards_custom_pretitle":"","teft_cards_image_id":1065,"teft_cards_image_focal_point_x":0.5,"teft_cards_image_focal_point_y":0.5,"teft_cards_title":"","teft_cards_excerpt":"","teft_show_chapters":false,"author_display_name":"","footnotes":""},"category":[1],"post_tag":[],"hoyre-visibility":[],"article-type":[],"politician":[],"class_list":["post-1457","post","type-post","status-publish","format-standard","hentry","category-ukategorisert"],"yoast_head":"<!-- This site is optimized with the Yoast SEO plugin v26.6 - https:\/\/yoast.com\/wordpress\/plugins\/seo\/ -->\n<title>\u2013 Nordlandsbanen og fylkesvegene m\u00e5 prioriteres - Nordland H\u00f8yre<\/title>\n<meta name=\"robots\" content=\"index, follow, max-snippet:-1, max-image-preview:large, max-video-preview:-1\" \/>\n<link rel=\"canonical\" href=\"https:\/\/hoyre.no\/nordland\/aktuelt\/nordlandsbanen-og-fylkesvegene-ma-prioriteres\/\" \/>\n<meta property=\"og:locale\" content=\"nb_NO\" \/>\n<meta property=\"og:type\" content=\"article\" \/>\n<meta property=\"og:title\" content=\"\u2013 Nordlandsbanen og fylkesvegene m\u00e5 prioriteres - Nordland H\u00f8yre\" \/>\n<meta property=\"og:url\" content=\"https:\/\/hoyre.no\/nordland\/aktuelt\/nordlandsbanen-og-fylkesvegene-ma-prioriteres\/\" \/>\n<meta property=\"og:site_name\" content=\"Nordland H\u00f8yre\" \/>\n<meta property=\"article:published_time\" content=\"2024-05-07T14:44:27+00:00\" \/>\n<meta property=\"article:modified_time\" content=\"2024-05-07T14:44:28+00:00\" \/>\n<meta property=\"og:image\" content=\"https:\/\/hoyre.no\/content\/uploads\/sites\/9\/2024\/05\/fylkestinget-oktober-2023-div-42-683x1024.jpg\" \/>\n<meta name=\"author\" content=\"Isabella Emilie Pigini Storli\" \/>\n<meta name=\"twitter:card\" content=\"summary_large_image\" \/>\n<meta name=\"twitter:label1\" content=\"Skrevet av\" \/>\n\t<meta name=\"twitter:data1\" content=\"Isabella Emilie Pigini Storli\" \/>\n\t<meta name=\"twitter:label2\" content=\"Ansl. lesetid\" \/>\n\t<meta name=\"twitter:data2\" content=\"5 minutter\" \/>\n<script type=\"application\/ld+json\" class=\"yoast-schema-graph\">{\"@context\":\"https:\/\/schema.org\",\"@graph\":[{\"@type\":\"NewsArticle\",\"@id\":\"https:\/\/hoyre.no\/nordland\/aktuelt\/nordlandsbanen-og-fylkesvegene-ma-prioriteres\/\",\"url\":\"https:\/\/hoyre.no\/nordland\/aktuelt\/nordlandsbanen-og-fylkesvegene-ma-prioriteres\/\",\"name\":\"\u2013 Nordlandsbanen og fylkesvegene m\u00e5 prioriteres - Nordland H\u00f8yre\",\"isPartOf\":{\"@id\":\"https:\/\/hoyre.no\/nordland\/#website\"},\"image\":{\"@id\":\"https:\/\/hoyre.no\/nordland\/aktuelt\/nordlandsbanen-og-fylkesvegene-ma-prioriteres\/#primaryimage\"},\"thumbnailUrl\":\"https:\/\/hoyre.no\/content\/uploads\/sites\/9\/2024\/05\/fylkestinget-oktober-2023-div-42-683x1024.jpg\",\"datePublished\":\"2024-05-07T14:44:27+00:00\",\"dateModified\":\"2024-05-07T14:44:28+00:00\",\"author\":{\"@id\":\"https:\/\/hoyre.no\/nordland\/#\/schema\/person\/6f4581f8cbce8649b11dffce4d355a20\"},\"breadcrumb\":{\"@id\":\"https:\/\/hoyre.no\/nordland\/aktuelt\/nordlandsbanen-og-fylkesvegene-ma-prioriteres\/#breadcrumb\"},\"inLanguage\":\"nb-NO\",\"potentialAction\":[{\"@type\":\"ReadAction\",\"target\":[\"https:\/\/hoyre.no\/nordland\/aktuelt\/nordlandsbanen-og-fylkesvegene-ma-prioriteres\/\"]}]},{\"@type\":\"ImageObject\",\"inLanguage\":\"nb-NO\",\"@id\":\"https:\/\/hoyre.no\/nordland\/aktuelt\/nordlandsbanen-og-fylkesvegene-ma-prioriteres\/#primaryimage\",\"url\":\"https:\/\/hoyre.no\/content\/uploads\/sites\/9\/2024\/05\/fylkestinget-oktober-2023-div-42-683x1024.jpg\",\"contentUrl\":\"https:\/\/hoyre.no\/content\/uploads\/sites\/9\/2024\/05\/fylkestinget-oktober-2023-div-42-683x1024.jpg\"},{\"@type\":\"BreadcrumbList\",\"@id\":\"https:\/\/hoyre.no\/nordland\/aktuelt\/nordlandsbanen-og-fylkesvegene-ma-prioriteres\/#breadcrumb\",\"itemListElement\":[{\"@type\":\"ListItem\",\"position\":1,\"name\":\"Til hoyre.no\",\"item\":\"https:\/\/hoyre.no\"},{\"@type\":\"ListItem\",\"position\":2,\"name\":\"Hjem\",\"item\":\"https:\/\/hoyre.no\/nordland\/\"},{\"@type\":\"ListItem\",\"position\":3,\"name\":\"\u2013 Nordlandsbanen og fylkesvegene m\u00e5 prioriteres\"}]},{\"@type\":\"WebSite\",\"@id\":\"https:\/\/hoyre.no\/nordland\/#website\",\"url\":\"https:\/\/hoyre.no\/nordland\/\",\"name\":\"Nordland H\u00f8yre\",\"description\":\"Bare enda et H\u00f8yres nettsteder-nettsted\",\"inLanguage\":\"nb-NO\"},{\"@type\":\"Person\",\"@id\":\"https:\/\/hoyre.no\/nordland\/#\/schema\/person\/6f4581f8cbce8649b11dffce4d355a20\",\"name\":\"Isabella Emilie Pigini Storli\",\"image\":{\"@type\":\"ImageObject\",\"inLanguage\":\"nb-NO\",\"@id\":\"https:\/\/hoyre.no\/nordland\/#\/schema\/person\/image\/\",\"url\":\"https:\/\/secure.gravatar.com\/avatar\/08adee43a03700ba785bdbd90482e1f29963f7da76a6456741cc4ace550c4fe2?s=96&d=mm&r=g\",\"contentUrl\":\"https:\/\/secure.gravatar.com\/avatar\/08adee43a03700ba785bdbd90482e1f29963f7da76a6456741cc4ace550c4fe2?s=96&d=mm&r=g\",\"caption\":\"Isabella Emilie Pigini Storli\"},\"url\":\"https:\/\/hoyre.no\/nordland\/aktuelt\/author\/m52026796\/\"}]}<\/script>\n<!-- \/ Yoast SEO plugin. -->","yoast_head_json":{"title":"\u2013 Nordlandsbanen og fylkesvegene m\u00e5 prioriteres - Nordland H\u00f8yre","robots":{"index":"index","follow":"follow","max-snippet":"max-snippet:-1","max-image-preview":"max-image-preview:large","max-video-preview":"max-video-preview:-1"},"canonical":"https:\/\/hoyre.no\/nordland\/aktuelt\/nordlandsbanen-og-fylkesvegene-ma-prioriteres\/","og_locale":"nb_NO","og_type":"article","og_title":"\u2013 Nordlandsbanen og fylkesvegene m\u00e5 prioriteres - Nordland H\u00f8yre","og_url":"https:\/\/hoyre.no\/nordland\/aktuelt\/nordlandsbanen-og-fylkesvegene-ma-prioriteres\/","og_site_name":"Nordland H\u00f8yre","article_published_time":"2024-05-07T14:44:27+00:00","article_modified_time":"2024-05-07T14:44:28+00:00","og_image":[{"url":"https:\/\/hoyre.no\/content\/uploads\/sites\/9\/2024\/05\/fylkestinget-oktober-2023-div-42-683x1024.jpg","type":"","width":"","height":""}],"author":"Isabella Emilie Pigini Storli","twitter_card":"summary_large_image","twitter_misc":{"Skrevet av":"Isabella Emilie Pigini Storli","Ansl. lesetid":"5 minutter"},"schema":{"@context":"https:\/\/schema.org","@graph":[{"@type":"NewsArticle","@id":"https:\/\/hoyre.no\/nordland\/aktuelt\/nordlandsbanen-og-fylkesvegene-ma-prioriteres\/","url":"https:\/\/hoyre.no\/nordland\/aktuelt\/nordlandsbanen-og-fylkesvegene-ma-prioriteres\/","name":"\u2013 Nordlandsbanen og fylkesvegene m\u00e5 prioriteres - Nordland H\u00f8yre","isPartOf":{"@id":"https:\/\/hoyre.no\/nordland\/#website"},"image":{"@id":"https:\/\/hoyre.no\/nordland\/aktuelt\/nordlandsbanen-og-fylkesvegene-ma-prioriteres\/#primaryimage"},"thumbnailUrl":"https:\/\/hoyre.no\/content\/uploads\/sites\/9\/2024\/05\/fylkestinget-oktober-2023-div-42-683x1024.jpg","datePublished":"2024-05-07T14:44:27+00:00","dateModified":"2024-05-07T14:44:28+00:00","author":{"@id":"https:\/\/hoyre.no\/nordland\/#\/schema\/person\/6f4581f8cbce8649b11dffce4d355a20"},"breadcrumb":{"@id":"https:\/\/hoyre.no\/nordland\/aktuelt\/nordlandsbanen-og-fylkesvegene-ma-prioriteres\/#breadcrumb"},"inLanguage":"nb-NO","potentialAction":[{"@type":"ReadAction","target":["https:\/\/hoyre.no\/nordland\/aktuelt\/nordlandsbanen-og-fylkesvegene-ma-prioriteres\/"]}]},{"@type":"ImageObject","inLanguage":"nb-NO","@id":"https:\/\/hoyre.no\/nordland\/aktuelt\/nordlandsbanen-og-fylkesvegene-ma-prioriteres\/#primaryimage","url":"https:\/\/hoyre.no\/content\/uploads\/sites\/9\/2024\/05\/fylkestinget-oktober-2023-div-42-683x1024.jpg","contentUrl":"https:\/\/hoyre.no\/content\/uploads\/sites\/9\/2024\/05\/fylkestinget-oktober-2023-div-42-683x1024.jpg"},{"@type":"BreadcrumbList","@id":"https:\/\/hoyre.no\/nordland\/aktuelt\/nordlandsbanen-og-fylkesvegene-ma-prioriteres\/#breadcrumb","itemListElement":[{"@type":"ListItem","position":1,"name":"Til hoyre.no","item":"https:\/\/hoyre.no"},{"@type":"ListItem","position":2,"name":"Hjem","item":"https:\/\/hoyre.no\/nordland\/"},{"@type":"ListItem","position":3,"name":"\u2013 Nordlandsbanen og fylkesvegene m\u00e5 prioriteres"}]},{"@type":"WebSite","@id":"https:\/\/hoyre.no\/nordland\/#website","url":"https:\/\/hoyre.no\/nordland\/","name":"Nordland H\u00f8yre","description":"Bare enda et H\u00f8yres nettsteder-nettsted","inLanguage":"nb-NO"},{"@type":"Person","@id":"https:\/\/hoyre.no\/nordland\/#\/schema\/person\/6f4581f8cbce8649b11dffce4d355a20","name":"Isabella Emilie Pigini Storli","image":{"@type":"ImageObject","inLanguage":"nb-NO","@id":"https:\/\/hoyre.no\/nordland\/#\/schema\/person\/image\/","url":"https:\/\/secure.gravatar.com\/avatar\/08adee43a03700ba785bdbd90482e1f29963f7da76a6456741cc4ace550c4fe2?s=96&d=mm&r=g","contentUrl":"https:\/\/secure.gravatar.com\/avatar\/08adee43a03700ba785bdbd90482e1f29963f7da76a6456741cc4ace550c4fe2?s=96&d=mm&r=g","caption":"Isabella Emilie Pigini Storli"},"url":"https:\/\/hoyre.no\/nordland\/aktuelt\/author\/m52026796\/"}]}},"distributor_meta":false,"distributor_terms":false,"distributor_media":false,"distributor_original_site_name":"Nordland H\u00f8yre","distributor_original_site_url":"https:\/\/hoyre.no\/nordland","push-errors":false,"_links":{"self":[{"href":"https:\/\/hoyre.no\/nordland\/wp-json\/wp\/v2\/posts\/1457","targetHints":{"allow":["GET"]}}],"collection":[{"href":"https:\/\/hoyre.no\/nordland\/wp-json\/wp\/v2\/posts"}],"about":[{"href":"https:\/\/hoyre.no\/nordland\/wp-json\/wp\/v2\/types\/post"}],"author":[{"embeddable":true,"href":"https:\/\/hoyre.no\/nordland\/wp-json\/wp\/v2\/users\/3547"}],"replies":[{"embeddable":true,"href":"https:\/\/hoyre.no\/nordland\/wp-json\/wp\/v2\/comments?post=1457"}],"version-history":[{"count":1,"href":"https:\/\/hoyre.no\/nordland\/wp-json\/wp\/v2\/posts\/1457\/revisions"}],"predecessor-version":[{"id":1459,"href":"https:\/\/hoyre.no\/nordland\/wp-json\/wp\/v2\/posts\/1457\/revisions\/1459"}],"wp:attachment":[{"href":"https:\/\/hoyre.no\/nordland\/wp-json\/wp\/v2\/media?parent=1457"}],"wp:term":[{"taxonomy":"category","embeddable":true,"href":"https:\/\/hoyre.no\/nordland\/wp-json\/wp\/v2\/category?post=1457"},{"taxonomy":"post_tag","embeddable":true,"href":"https:\/\/hoyre.no\/nordland\/wp-json\/wp\/v2\/post_tag?post=1457"},{"taxonomy":"hoyre-visibility","embeddable":true,"href":"https:\/\/hoyre.no\/nordland\/wp-json\/wp\/v2\/hoyre-visibility?post=1457"},{"taxonomy":"article-type","embeddable":true,"href":"https:\/\/hoyre.no\/nordland\/wp-json\/wp\/v2\/article-type?post=1457"},{"taxonomy":"politician","embeddable":true,"href":"https:\/\/hoyre.no\/nordland\/wp-json\/wp\/v2\/politician?post=1457"}],"curies":[{"name":"wp","href":"https:\/\/api.w.org\/{rel}","templated":true}]}}