{"id":1501,"date":"2024-06-25T15:41:46","date_gmt":"2024-06-25T13:41:46","guid":{"rendered":"https:\/\/hoyre.no\/nordland\/?p=1501"},"modified":"2024-06-25T16:22:26","modified_gmt":"2024-06-25T14:22:26","slug":"manedsbrev-politikernes-hoydepunkter-for-sommerferien","status":"publish","type":"post","link":"https:\/\/hoyre.no\/nordland\/aktuelt\/manedsbrev-politikernes-hoydepunkter-for-sommerferien\/","title":{"rendered":"M\u00e5nedsbrev: Politikernes h\u00f8ydepunkter f\u00f8r sommerferien"},"content":{"rendered":"\n<p class=\"preamble\">Les mer for \u00e5 f\u00e5 et innblikk i hva fylkestingspolitikerne har gjort i l\u00f8pet av mai og juni. <\/p>\t\t\t<div class=\"post-meta wp-block teft-byline-wrapper\">\n\t\t\t\t<div class=\"top\">\n\t\t\t\t\t<div class=\"signature\">\n\t\t\t\t\t\t<div class=\"teft-byline\">\n\t\t\t\t\t\t\t\t\t\t\t\t\t\t<div>\n\t\t\t\t\t\t\t\t<h3>H\u00f8yres redaksjon<\/h3>\t\t\t\t\t\t\t\t\n\t\t\t\t\t\t\t\t\t\t\t\t\t\t\t\t\t<span class=\"date\">Sist oppdatert: 25. juni 2024<\/span>\n\t\t\t\t\t\t\t\t\t\t\t\t\t\t\t\t\t\t\t\t\t\t\t\t\t<span class=\"reading-time\" itemprop=\"timeRequired\" content=\"PT8M\"><em>Ca. 8 minutter lesetid<\/em><\/span>\n\t\t\t\t\t\t\t\t\t\t\t\t\t\t\t<\/div>\n\t\t\t\t\t\t<\/div>\n\t\t\t\t\t<\/div>\n\t\t\t\t\t\t<div class=\"sharing\">\n\t\t<a class=\"share-button share-link copy-link\" data-copy=\"https:\/\/hoyre.no\/nordland\/aktuelt\/manedsbrev-politikernes-hoydepunkter-for-sommerferien\/\" target=\"_blank\"><span class=\"screen-reader-text\">Del link<\/span><\/a>\n\t\t<a class=\"share-button share-twitter\" href=\"http:\/\/twitter.com\/share?text=M\u00e5nedsbrev: Politikernes h\u00f8ydepunkter f\u00f8r sommerferien&#038;url=https:\/\/hoyre.no\/nordland\/aktuelt\/manedsbrev-politikernes-hoydepunkter-for-sommerferien\/&#038;hashtags=Hoyre\" target=\"_blank\"><span class=\"screen-reader-text\">Del p\u00e5 twitter<\/span><\/a>\n\t\t<a class=\"share-button share-facebook\" href=\"https:\/\/www.facebook.com\/sharer\/sharer.php?u=https:\/\/hoyre.no\/nordland\/aktuelt\/manedsbrev-politikernes-hoydepunkter-for-sommerferien\/\" target=\"_blank\"><span class=\"screen-reader-text\">Del p\u00e5 facebook<\/span><\/a>\n\t<\/div>\n\t\t\t\t\t<\/div>\n\t\t\t<\/div>\n\n\t\t\t<figure class=\"hoyre-image-wrapper\"><div class=\"hoyre-image\"><img loading=\"lazy\" decoding=\"async\" width=\"1192\" height=\"816\" src=\"https:\/\/hoyre.no\/content\/uploads\/sites\/9\/2024\/06\/447511192_849156483921302_5717303020436239529_n.jpg\" class=\"attachment-scaled size-scaled\" alt=\"\" style=\"object-position: 49% 15%\" srcset=\"https:\/\/hoyre.no\/content\/uploads\/sites\/9\/2024\/06\/447511192_849156483921302_5717303020436239529_n.jpg 1192w, https:\/\/hoyre.no\/content\/uploads\/sites\/9\/2024\/06\/447511192_849156483921302_5717303020436239529_n-300x205.jpg 300w, https:\/\/hoyre.no\/content\/uploads\/sites\/9\/2024\/06\/447511192_849156483921302_5717303020436239529_n-1024x701.jpg 1024w, https:\/\/hoyre.no\/content\/uploads\/sites\/9\/2024\/06\/447511192_849156483921302_5717303020436239529_n-768x526.jpg 768w\" sizes=\"auto, (max-width: 1192px) 100vw, 1192px\" \/><\/div><figcaption class=\"caption\">Bilde fra Erna Solbergs bes\u00f8k i Svolv\u00e6r sammen med regionens H\u00f8yreordf\u00f8rere<\/figcaption><\/figure>\n\n\n\n\n<p>F\u00f8r \u00e5rets sommerferie stod for tur for fylkestingspolitikerne i Nordland deltok de p\u00e5 en rekke arrangement, i l\u00f8pet av mai og juni bes\u00f8kte flere i fylkestingsgruppen ulike deler av regionen, blant annet:<\/p>\n\n\n\n<ul class=\"wp-block-list\">\n<li>\u00d8ksnes<\/li>\n\n\n\n<li>Mo i Rana<\/li>\n\n\n\n<li>Gildesk\u00e5l<\/li>\n\n\n\n<li>Br\u00f8nn\u00f8ysund <\/li>\n\n\n\n<li>Bes\u00f8ke videreg\u00e5ende skoler<\/li>\n<\/ul>\n\n\n\n<p>Videre kan du lese mer om et utvalg av bes\u00f8kene og erfaringene som fylkestingspolitikerne fikk fra engasjerende diskusjoner og m\u00f8te med et stort spenn av ulike folk. <\/p>\n\n\n\n<h2 class=\"wp-block-heading\">\u00c5rsm\u00f8te i Mo i Rana <\/h2>\n\n\n\n<p>Gruppenestleder Stian Hiis Bergh deltok p\u00e5 Rana H\u00f8yres \u00e5rsm\u00f8te. Det var et fint m\u00f8te hvor medlemmene fikk diskutert mye politikk, som f\u00f8rte til gode innspill p\u00e5 fremtidens l\u00f8sninger til fylkestingsgruppen og programkomiteen i H\u00f8yre. Anita Sollie gikk av som leder og h\u00f8stet velfortjent ros etter en stor innsats for Rana H\u00f8yre over mange \u00e5r.<\/p>\n\n\n\n<h2 class=\"wp-block-heading\">Svolv\u00e6r med Erna Solberg<\/h2>\n\n\n\n<figure class=\"wp-block-image size-large is-resized\"><img loading=\"lazy\" decoding=\"async\" width=\"1024\" height=\"701\" src=\"https:\/\/hoyre.no\/content\/uploads\/sites\/9\/2024\/06\/447511192_849156483921302_5717303020436239529_n-1024x701.jpg\" alt=\"\" class=\"wp-image-1504\" style=\"aspect-ratio:1.4607703281027105;width:521px;height:auto\" srcset=\"https:\/\/hoyre.no\/content\/uploads\/sites\/9\/2024\/06\/447511192_849156483921302_5717303020436239529_n-1024x701.jpg 1024w, https:\/\/hoyre.no\/content\/uploads\/sites\/9\/2024\/06\/447511192_849156483921302_5717303020436239529_n-300x205.jpg 300w, https:\/\/hoyre.no\/content\/uploads\/sites\/9\/2024\/06\/447511192_849156483921302_5717303020436239529_n-768x526.jpg 768w, https:\/\/hoyre.no\/content\/uploads\/sites\/9\/2024\/06\/447511192_849156483921302_5717303020436239529_n.jpg 1192w\" sizes=\"auto, (max-width: 1024px) 100vw, 1024px\" \/><\/figure>\n\n\n\n<p>Erna Solberg var p\u00e5 bes\u00f8k i Lofoten og Vester\u00e5len 30.-31. mai, og i den forbindelse inviterte V\u00e5gan-ordf\u00f8rer Vidar Thom Benjaminsen p\u00e5 hvalbiff. Til stede var en rekke ordf\u00f8rere fra regionen. F\u00f8r ordf\u00f8rerens middag var det flere programposter som var meget interessante \u00e5 v\u00e6re med p\u00e5, spesielt kan bes\u00f8ket p\u00e5 V\u00e5gar Produkter nevnes. Det var utrolig inspirerende \u00e5 se hvordan medarbeiderne p\u00e5 denne VTA-arbeidsplassen skapte et fantastisk fint arbeidsmilj\u00f8 sammen.<\/p>\n\n\n\n<p>Vi \u00f8nsker \u00e5 takke Erna Solberg for at hun tok turen.<\/p>\n\n\n\n<h2 class=\"wp-block-heading\">Veteranarrangement<\/h2>\n\n\n\n<p>8. mai deltok Eivind Holst p\u00e5 Veteranarrangement i Bod\u00f8, med Justisminister Mehl i Bod\u00f8 Domkirke og p\u00e5 R\u00e5dhuset i Bod\u00f8. Ordf\u00f8rer Odd Emil Ingebrigtsen var eksepsjonell vert sammen med statsforvalter og flere representanter for de ulike v\u00e5pengrenene.<\/p>\n\n\n\n<h2 class=\"wp-block-heading\">M\u00f8te med engasjerte elever i Gildesk\u00e5l<\/h2>\n\n\n\n<p>Stian Hiis Bergh og fylkesordf\u00f8rer Eivind Holst bes\u00f8kte \u00e5rsm\u00f8tet til Gildesk\u00e5l H\u00f8yre. Etter m\u00f8tet fikk de omvisning p\u00e5 Mel\u00f8y vgs. avdeling Inndyr og Salmon center. Skolene viser engasjerte elever og for oss blir det en viktig jobb fremover \u00e5 sikre disse elevene jobb innenfor fiske og havbruk i fremtiden.<\/p>\n\n\n\n<h2 class=\"wp-block-heading\">Kleiva og Stokmarknes<\/h2>\n\n\n\n<p>Gruppeleder Stig Tore Skogsholm og fylkesr\u00e5d for utbygging og eiendom Lise R\u00e5nes tok turen til Kleiva naturbruksskole for \u00e5 f\u00e5 et n\u00e6rmere innblikk i skolens utvikling. De fikk omvisning p\u00e5 internatbygget og det som snart skal bli det bl\u00e5 rommet. Det gamle sv\u00f8mmebassenget skal forvandles til et nytt undervisningsrom, skredderskydd for elever som tar steget mot en karriere i havbruksn\u00e6ringen, ogs\u00e5 kjent som de bl\u00e5 n\u00e6ringene. Med dette nye tilbudet blir Kleiva naturbruksskole en enda viktigere arena for fremtidens Nordlendinger.<\/p>\n\n\n\n<p>Det ble ogs\u00e5 anledning til \u00e5 bes\u00f8ke Stokmarknes videreg\u00e5ende skole i Stokmarknes, Hadsel, og Lise fikk pr\u00f8vesitte noen av m\u00f8blene som blir fremstilt av dyktige studenter.<\/p>\n\n\n\n<figure class=\"wp-block-image size-large is-resized\"><img loading=\"lazy\" decoding=\"async\" width=\"1024\" height=\"768\" src=\"https:\/\/hoyre.no\/content\/uploads\/sites\/9\/2024\/06\/cdf03577-478f-410a-b7e1-cfeb41674208-1024x768.jpeg\" alt=\"\" class=\"wp-image-1502\" style=\"aspect-ratio:1.3333333333333333;width:471px;height:auto\" srcset=\"https:\/\/hoyre.no\/content\/uploads\/sites\/9\/2024\/06\/cdf03577-478f-410a-b7e1-cfeb41674208-1024x768.jpeg 1024w, https:\/\/hoyre.no\/content\/uploads\/sites\/9\/2024\/06\/cdf03577-478f-410a-b7e1-cfeb41674208-300x225.jpeg 300w, https:\/\/hoyre.no\/content\/uploads\/sites\/9\/2024\/06\/cdf03577-478f-410a-b7e1-cfeb41674208-768x576.jpeg 768w, https:\/\/hoyre.no\/content\/uploads\/sites\/9\/2024\/06\/cdf03577-478f-410a-b7e1-cfeb41674208.jpeg 1533w\" sizes=\"auto, (max-width: 1024px) 100vw, 1024px\" \/><figcaption class=\"wp-element-caption\">Lise Henriette R\u00e5nes som pr\u00f8vesitter m\u00f8bel fremstilt av studenter<\/figcaption><\/figure>\n\n\n\n<h2 class=\"wp-block-heading\">Henrik Asheims bes\u00f8k i Bod\u00f8<\/h2>\n\n\n\n<figure class=\"wp-block-teft-gallery columns-4 count-5 rows-4 is-cropped is-style-default\"><ul class=\"teft-gallery-grid\"><li class=\"teft-gallery-item \"><figure><a href=\"https:\/\/hoyre.no\/content\/uploads\/sites\/9\/2024\/06\/445095351_842715521004923_2575377874957779166_n.jpg\" data-size=\"2048x1536\"><img loading=\"lazy\" decoding=\"async\" width=\"1024\" height=\"768\" src=\"https:\/\/hoyre.no\/content\/uploads\/sites\/9\/2024\/06\/445095351_842715521004923_2575377874957779166_n-1024x768.jpg\" class=\"attachment-large size-large\" alt=\"\" srcset=\"https:\/\/hoyre.no\/content\/uploads\/sites\/9\/2024\/06\/445095351_842715521004923_2575377874957779166_n-1024x768.jpg 1024w, https:\/\/hoyre.no\/content\/uploads\/sites\/9\/2024\/06\/445095351_842715521004923_2575377874957779166_n-300x225.jpg 300w, https:\/\/hoyre.no\/content\/uploads\/sites\/9\/2024\/06\/445095351_842715521004923_2575377874957779166_n-768x576.jpg 768w, https:\/\/hoyre.no\/content\/uploads\/sites\/9\/2024\/06\/445095351_842715521004923_2575377874957779166_n-1536x1152.jpg 1536w, https:\/\/hoyre.no\/content\/uploads\/sites\/9\/2024\/06\/445095351_842715521004923_2575377874957779166_n.jpg 2048w\" sizes=\"auto, (max-width: 1024px) 100vw, 1024px\" \/ data-full-url=\"https:\/\/hoyre.no\/content\/uploads\/sites\/9\/2024\/06\/445095351_842715521004923_2575377874957779166_n.jpg\" data-id=\"1541\" data-caption=\"1541\"\/><\/a><\/figure><\/li><li class=\"teft-gallery-item \"><figure><a href=\"https:\/\/hoyre.no\/content\/uploads\/sites\/9\/2024\/06\/445029423_842715527671589_4224777871902214529_n.jpg\" data-size=\"2048x1536\"><img loading=\"lazy\" decoding=\"async\" width=\"1024\" height=\"768\" src=\"https:\/\/hoyre.no\/content\/uploads\/sites\/9\/2024\/06\/445029423_842715527671589_4224777871902214529_n-1024x768.jpg\" class=\"attachment-large size-large\" alt=\"\" srcset=\"https:\/\/hoyre.no\/content\/uploads\/sites\/9\/2024\/06\/445029423_842715527671589_4224777871902214529_n-1024x768.jpg 1024w, https:\/\/hoyre.no\/content\/uploads\/sites\/9\/2024\/06\/445029423_842715527671589_4224777871902214529_n-300x225.jpg 300w, https:\/\/hoyre.no\/content\/uploads\/sites\/9\/2024\/06\/445029423_842715527671589_4224777871902214529_n-768x576.jpg 768w, https:\/\/hoyre.no\/content\/uploads\/sites\/9\/2024\/06\/445029423_842715527671589_4224777871902214529_n-1536x1152.jpg 1536w, https:\/\/hoyre.no\/content\/uploads\/sites\/9\/2024\/06\/445029423_842715527671589_4224777871902214529_n.jpg 2048w\" sizes=\"auto, (max-width: 1024px) 100vw, 1024px\" \/ data-full-url=\"https:\/\/hoyre.no\/content\/uploads\/sites\/9\/2024\/06\/445029423_842715527671589_4224777871902214529_n.jpg\" data-id=\"1540\" data-caption=\"1540\"\/><\/a><\/figure><\/li><li class=\"teft-gallery-item \"><figure><a href=\"https:\/\/hoyre.no\/content\/uploads\/sites\/9\/2024\/06\/445364605_842715557671586_1833131713045225040_n.jpg\" data-size=\"2048x1536\"><img loading=\"lazy\" decoding=\"async\" width=\"1024\" height=\"768\" src=\"https:\/\/hoyre.no\/content\/uploads\/sites\/9\/2024\/06\/445364605_842715557671586_1833131713045225040_n-1024x768.jpg\" class=\"attachment-large size-large\" alt=\"\" srcset=\"https:\/\/hoyre.no\/content\/uploads\/sites\/9\/2024\/06\/445364605_842715557671586_1833131713045225040_n-1024x768.jpg 1024w, https:\/\/hoyre.no\/content\/uploads\/sites\/9\/2024\/06\/445364605_842715557671586_1833131713045225040_n-300x225.jpg 300w, https:\/\/hoyre.no\/content\/uploads\/sites\/9\/2024\/06\/445364605_842715557671586_1833131713045225040_n-768x576.jpg 768w, https:\/\/hoyre.no\/content\/uploads\/sites\/9\/2024\/06\/445364605_842715557671586_1833131713045225040_n-1536x1152.jpg 1536w, https:\/\/hoyre.no\/content\/uploads\/sites\/9\/2024\/06\/445364605_842715557671586_1833131713045225040_n.jpg 2048w\" sizes=\"auto, (max-width: 1024px) 100vw, 1024px\" \/ data-full-url=\"https:\/\/hoyre.no\/content\/uploads\/sites\/9\/2024\/06\/445364605_842715557671586_1833131713045225040_n.jpg\" data-id=\"1538\" data-caption=\"1538\"\/><\/a><\/figure><\/li><li class=\"teft-gallery-item \"><figure><a href=\"https:\/\/hoyre.no\/content\/uploads\/sites\/9\/2024\/06\/445004202_842715567671585_7365125237915509061_n.jpg\" data-size=\"1536x2048\"><img loading=\"lazy\" decoding=\"async\" width=\"768\" height=\"1024\" src=\"https:\/\/hoyre.no\/content\/uploads\/sites\/9\/2024\/06\/445004202_842715567671585_7365125237915509061_n-768x1024.jpg\" class=\"attachment-large size-large\" alt=\"\" srcset=\"https:\/\/hoyre.no\/content\/uploads\/sites\/9\/2024\/06\/445004202_842715567671585_7365125237915509061_n-768x1024.jpg 768w, https:\/\/hoyre.no\/content\/uploads\/sites\/9\/2024\/06\/445004202_842715567671585_7365125237915509061_n-225x300.jpg 225w, https:\/\/hoyre.no\/content\/uploads\/sites\/9\/2024\/06\/445004202_842715567671585_7365125237915509061_n-1152x1536.jpg 1152w, https:\/\/hoyre.no\/content\/uploads\/sites\/9\/2024\/06\/445004202_842715567671585_7365125237915509061_n.jpg 1536w\" sizes=\"auto, (max-width: 768px) 100vw, 768px\" \/ data-full-url=\"https:\/\/hoyre.no\/content\/uploads\/sites\/9\/2024\/06\/445004202_842715567671585_7365125237915509061_n.jpg\" data-id=\"1539\" data-caption=\"1539\"\/><\/a><\/figure><\/li><li class=\"teft-gallery-item \"><figure><a href=\"https:\/\/hoyre.no\/content\/uploads\/sites\/9\/2024\/06\/445546140_801381365422090_7165043981216865943_n-1.jpg\" data-size=\"2048x1536\"><img loading=\"lazy\" decoding=\"async\" width=\"1024\" height=\"768\" src=\"https:\/\/hoyre.no\/content\/uploads\/sites\/9\/2024\/06\/445546140_801381365422090_7165043981216865943_n-1-1024x768.jpg\" class=\"attachment-large size-large\" alt=\"\" srcset=\"https:\/\/hoyre.no\/content\/uploads\/sites\/9\/2024\/06\/445546140_801381365422090_7165043981216865943_n-1-1024x768.jpg 1024w, https:\/\/hoyre.no\/content\/uploads\/sites\/9\/2024\/06\/445546140_801381365422090_7165043981216865943_n-1-300x225.jpg 300w, https:\/\/hoyre.no\/content\/uploads\/sites\/9\/2024\/06\/445546140_801381365422090_7165043981216865943_n-1-768x576.jpg 768w, https:\/\/hoyre.no\/content\/uploads\/sites\/9\/2024\/06\/445546140_801381365422090_7165043981216865943_n-1-1536x1152.jpg 1536w, https:\/\/hoyre.no\/content\/uploads\/sites\/9\/2024\/06\/445546140_801381365422090_7165043981216865943_n-1.jpg 2048w\" sizes=\"auto, (max-width: 1024px) 100vw, 1024px\" \/ data-full-url=\"https:\/\/hoyre.no\/content\/uploads\/sites\/9\/2024\/06\/445546140_801381365422090_7165043981216865943_n-1.jpg\" data-id=\"1542\" data-caption=\"1542\"\/><\/a><\/figure><\/li><\/ul><\/figure>\n\n\n\n<p>H\u00f8yres nestleder Henrik Asheim fikk oppleve to fine dager i Bod\u00f8 i mai. Bes\u00f8ket bestod av b\u00e5de medlemsm\u00f8te i <a href=\"https:\/\/www.facebook.com\/bodohoyre?__cft__[0]=AZVURB4omOYXsUhDh8GOKonWbscE0UB7BdOvJO9IFuQeKtV3I1jSWhCnXwKHZgXahmUT4U0-0RHX7T8qaHVX7XC4GSXDQ1paBT4dIL5rHkQERt_1V-bIgvTuRlh9pPpPFxG_ZuvmUs7M3VhAhnNQj7wiZGX9cZSs9JG3MLKiYe0n09aFpAvzolGQUuL4YPzbAqmQvsjDHSGBMXryGFULA2b4&amp;__tn__=-]K-R\">Bod\u00f8 H\u00f8yre<\/a>, frokostm\u00f8te med lokalt n\u00e6ringsliv og informasjon om alt som skjer i den vakre, H\u00f8yre-styrte byen. Bes\u00f8kt Remote Tower hvor de fjernstyrer de flere t\u00e5rn for 11 lufthavner. Bod\u00f8 er ogs\u00e5 involvert i spennende prosjekter p\u00e5 gr\u00f8nn luftfart, og flyplassen brukes som testarena for nye lavutslippsfly. Fylkesr\u00e5dets nestleder og fylkesr\u00e5d for samferdsel Marianne Dobak Kvensj\u00f8 deltok p\u00e5 deler av turen.<\/p>\n\n\n\n<p>Vi \u00f8nsker \u00e5 takke Henrik Asheim for at han tok turen.<\/p>\n\n\n\n<h2 class=\"wp-block-heading\">Nasjonal rassikringsgruppe<\/h2>\n\n\n\n<figure class=\"wp-block-image size-large\"><img loading=\"lazy\" decoding=\"async\" width=\"1024\" height=\"768\" src=\"https:\/\/hoyre.no\/content\/uploads\/sites\/9\/2024\/06\/445412601_10161294015022464_3117956680963851403_n-1024x768.jpg\" alt=\"\" class=\"wp-image-1536\" srcset=\"https:\/\/hoyre.no\/content\/uploads\/sites\/9\/2024\/06\/445412601_10161294015022464_3117956680963851403_n-1024x768.jpg 1024w, https:\/\/hoyre.no\/content\/uploads\/sites\/9\/2024\/06\/445412601_10161294015022464_3117956680963851403_n-300x225.jpg 300w, https:\/\/hoyre.no\/content\/uploads\/sites\/9\/2024\/06\/445412601_10161294015022464_3117956680963851403_n-768x576.jpg 768w, https:\/\/hoyre.no\/content\/uploads\/sites\/9\/2024\/06\/445412601_10161294015022464_3117956680963851403_n-1536x1152.jpg 1536w, https:\/\/hoyre.no\/content\/uploads\/sites\/9\/2024\/06\/445412601_10161294015022464_3117956680963851403_n.jpg 2048w\" sizes=\"auto, (max-width: 1024px) 100vw, 1024px\" \/><\/figure>\n\n\n\n<p>Vi har mye til felles med og kan l\u00e6re mye av Canada. Sammen med resten av Nasjonal rassikringsgruppe, Vegdirektoratet, statens vegvesen og Nye veier har Marianne Dobak Kvensj\u00f8 hatt flere workshops, befaringer og erfaringsdeling med Ministry of Transport and Infrastructure og Parks Canada.<\/p>\n\n\n\n<p>Hun erfarer at det var spennende \u00e5 l\u00e6re mer om hvordan Canadierne tenker helhetlig i sin tiln\u00e6rming til h\u00e5ndtering av naturfarer med tett operasjonsoppf\u00f8lging, tydelig ansvarsfordeling og et sterkt fokus p\u00e5 \u00e5 finne l\u00f8sninger som er \u00abgode nok\u00bb innenfor de \u00f8konomiske rammene som finnes.<\/p>\n\n\n\n<h2 class=\"wp-block-heading\">Bes\u00f8k til Br\u00f8nn\u00f8ysund <\/h2>\n\n\n\n<figure class=\"wp-block-image size-large is-resized\"><img loading=\"lazy\" decoding=\"async\" width=\"1024\" height=\"768\" src=\"https:\/\/hoyre.no\/content\/uploads\/sites\/9\/2024\/06\/IMG_2469-1024x768.jpeg\" alt=\"\" class=\"wp-image-1521\" style=\"aspect-ratio:1.3333333333333333;width:505px;height:auto\" srcset=\"https:\/\/hoyre.no\/content\/uploads\/sites\/9\/2024\/06\/IMG_2469-1024x768.jpeg 1024w, https:\/\/hoyre.no\/content\/uploads\/sites\/9\/2024\/06\/IMG_2469-300x225.jpeg 300w, https:\/\/hoyre.no\/content\/uploads\/sites\/9\/2024\/06\/IMG_2469-768x576.jpeg 768w, https:\/\/hoyre.no\/content\/uploads\/sites\/9\/2024\/06\/IMG_2469-1536x1152.jpeg 1536w, https:\/\/hoyre.no\/content\/uploads\/sites\/9\/2024\/06\/IMG_2469-2048x1536.jpeg 2048w\" sizes=\"auto, (max-width: 1024px) 100vw, 1024px\" \/><\/figure>\n\n\n\n<p>Tore Tver\u00e5mo i Br\u00f8nn\u00f8y H\u00f8yre inviterte fylkesordf\u00f8rer Holst og gruppeleder Skogsholm til Br\u00f8nn\u00f8y, og det var en kjempefin tur hvor man b\u00e5de fikk pr\u00f8ve Tosenveien, bes\u00f8ke Torghatten Aqua og Aquaculture Innovation, samt f\u00e5 en rask omvisning p\u00e5 Br\u00f8nn\u00f8ysundregistrene. For ikke \u00e5 snakke om en tyvtitt p\u00e5 det helt nye bes\u00f8ksanlegget tilknyttet Torghatten!<\/p>\n\n\n\n<h2 class=\"wp-block-heading\">Gladnyhet for Nordland! VM i alpint til Narvik!<\/h2>\n\n\n\n<figure class=\"wp-block-image size-large is-resized\"><img loading=\"lazy\" decoding=\"async\" width=\"768\" height=\"1024\" src=\"https:\/\/hoyre.no\/content\/uploads\/sites\/9\/2024\/06\/446690108_10161301430477464_4194124377522569711_n-1-768x1024.jpg\" alt=\"\" class=\"wp-image-1544\" style=\"aspect-ratio:0.75;width:419px;height:auto\" srcset=\"https:\/\/hoyre.no\/content\/uploads\/sites\/9\/2024\/06\/446690108_10161301430477464_4194124377522569711_n-1-768x1024.jpg 768w, https:\/\/hoyre.no\/content\/uploads\/sites\/9\/2024\/06\/446690108_10161301430477464_4194124377522569711_n-1-225x300.jpg 225w, https:\/\/hoyre.no\/content\/uploads\/sites\/9\/2024\/06\/446690108_10161301430477464_4194124377522569711_n-1.jpg 960w\" sizes=\"auto, (max-width: 768px) 100vw, 768px\" \/><figcaption class=\"wp-element-caption\">F.v Linda Hofstad Helleland, Marianne Dobak Kvensj\u00f8, B\u00e5rd Ludvig Thorheim<\/figcaption><\/figure>\n\n\n\n<p>VM i alpint skal hjem til nord. I juni inviterte regjeringen p\u00e5 fest for VM, Narvik, Nord Norge og Norge. Det er n\u00e5 jobben starter! Vi \u00f8nsker velkommen til Narvik i 2029!<\/p>\n\n\n\n<h2 class=\"wp-block-heading\">Fylkestinget<\/h2>\n\n\n\n<figure class=\"wp-block-image size-full is-resized\"><img loading=\"lazy\" decoding=\"async\" width=\"587\" height=\"783\" src=\"https:\/\/hoyre.no\/content\/uploads\/sites\/9\/2024\/06\/IMG_2582-edited.jpeg\" alt=\"F.v fylkesordf\u00f8rer Eivind Holst, Stortingsrepresentant B\u00e5rd Ludvig Thorheim\" class=\"wp-image-1522\" style=\"aspect-ratio:0.7496807151979565;width:377px;height:auto\" srcset=\"https:\/\/hoyre.no\/content\/uploads\/sites\/9\/2024\/06\/IMG_2582-edited.jpeg 587w, https:\/\/hoyre.no\/content\/uploads\/sites\/9\/2024\/06\/IMG_2582-edited-225x300.jpeg 225w\" sizes=\"auto, (max-width: 587px) 100vw, 587px\" \/><figcaption class=\"wp-element-caption\">F.v fylkesordf\u00f8rer Eivind Holst, Stortingsrepresentant B\u00e5rd Ludvig Thorheim<\/figcaption><\/figure>\n\n\n\n<p>Fylkestinget gikk av stabelen 10.-12. juni.\u00a0 Det ble et hektisk, men produktivt fylkesting hvor vi behandlet viktige saker. Blant annet blir det 50 millioner mer til asfalt i \u00e5r, og vi sikret st\u00f8tte til Nordland Musikkr\u00e5d. Vi behandlet ogs\u00e5 en helhetlig sak om Kleiva naturbruksskole som sikrer at det blir en god satsing p\u00e5 b\u00e5de bl\u00e5 og gr\u00f8nne linjer ved studiestedet.<\/p>\n\n\n\n<p>Fylkestinget ble ogs\u00e5 invitert av Ordf\u00f8rer i Rana til den nye flyplassen som er under bygging. Det er et sv\u00e6rt prosjekt som vi ser frem til blir \u00e5pnet.<\/p>\n\n\n\n<h2 class=\"wp-block-heading\">Sommertur til Skogsholmen<\/h2>\n\n\n\n<p>Gruppeleder Stig Tore Skogsholm fikk muligheten til \u00e5 ta med seg gruppeledere, frikj\u00f8pte og administrasjon til Skogsholmen etter fylkestinget. Det ble noen nydelige dager i utrolige omgivelser og med absolutt maksv\u00e6r. P\u00e5 programmet stod et bes\u00f8k p\u00e5 Vega\u00f8yan Verdensarvsenter med bes\u00f8k fra ordf\u00f8rere\/varaordf\u00f8rere fra Vega, Br\u00f8nn\u00f8y og Vevelstad, \u00f8yhopping i skj\u00e6rg\u00e5rden og folkem\u00f8te p\u00e5 Husv\u00e6r hvor man ble presentert videre for bruplanene som legges der. Folkem\u00f8tet samlet for \u00f8vrig flere mennesker enn \u00f8yene har innbyggere, s\u00e5 engasjementet er enormt. Turen ble avsluttet med bedriftsbes\u00f8k p\u00e5 Mowi og befaringer p\u00e5 Her\u00f8y og D\u00f8nna ledsaget av de respektive ordf\u00f8rere.<\/p>\n\n\n\n<h2 class=\"wp-block-heading\">Bes\u00f8k til Narvik <\/h2>\n\n\n\n<p>Narviks varaordf\u00f8rer Rune \u00d8stergren inviterte posisjonens gruppeledere og frikj\u00f8pte til Narvik, og fra H\u00f8yre deltok Eivind Holst og Stig Tore Skogsholm. Vi fikk et omfattende program med bes\u00f8k p\u00e5 UiT, Skog\u00f8y, Beisfjordveien og hos kommunen, i tillegg til at vi selvf\u00f8lgelig fikk en tur opp gondolen for \u00e5 iaktta det som om f\u00e5 \u00e5r skal bli VM-l\u00f8ypene.<\/p>\n\n\n\n<h2 class=\"wp-block-heading\">Bes\u00f8k til \u00d8ksnes <\/h2>\n\n\n\n<figure class=\"wp-block-image size-full\"><img loading=\"lazy\" decoding=\"async\" width=\"1024\" height=\"768\" src=\"https:\/\/hoyre.no\/content\/uploads\/sites\/9\/2024\/06\/20240621_172227489_iOS.jpg\" alt=\"\" class=\"wp-image-1531\" srcset=\"https:\/\/hoyre.no\/content\/uploads\/sites\/9\/2024\/06\/20240621_172227489_iOS.jpg 1024w, https:\/\/hoyre.no\/content\/uploads\/sites\/9\/2024\/06\/20240621_172227489_iOS-300x225.jpg 300w, https:\/\/hoyre.no\/content\/uploads\/sites\/9\/2024\/06\/20240621_172227489_iOS-768x576.jpg 768w\" sizes=\"auto, (max-width: 1024px) 100vw, 1024px\" \/><figcaption class=\"wp-element-caption\">Bes\u00f8k i Nyksund. f.v Eivind Holst, Stig Tore Skogsholm, Elisabeth S\u00f8rdahl, Lise Henriette R\u00e5nes og Stian Hiis Bergh<\/figcaption><\/figure>\n\n\n\n<p>Siste post p\u00e5 programmet p\u00e5 denne siden av sommeren var et hyggelig bes\u00f8k til \u00e5rsm\u00f8tet til \u00d8ksnes H\u00f8yre. Her deltok hele fire av H\u00f8yres frikj\u00f8pte fra fylket, og det var et veldig trivelig m\u00f8te med medlemmer av lokallaget. Ordf\u00f8rer Elisabeth S\u00f8rdahl var som sine ordf\u00f8rerkolleger et meget godt vertskap, og vi brukte en hel dag p\u00e5 \u00e5 se hva som p\u00e5g\u00e5r i denne innholdsrike kommunen. Meget imponerende var det \u00e5 se at man p\u00e5 Myre har intet mindre enn tre innend\u00f8rs sandvolleyballbaner!<\/p>\n\n\n\n<h2 class=\"wp-block-heading\">H\u00f8yre prioriterer Nord-Norge<\/h2>\n\n\n\n<figure class=\"wp-block-image size-large is-resized\"><img loading=\"lazy\" decoding=\"async\" width=\"795\" height=\"1024\" src=\"https:\/\/hoyre.no\/content\/uploads\/sites\/9\/2024\/06\/448158972_10161314978502464_6738131721796397068_n-795x1024.jpg\" alt=\"\" class=\"wp-image-1547\" style=\"aspect-ratio:0.7763671875;width:316px;height:auto\" srcset=\"https:\/\/hoyre.no\/content\/uploads\/sites\/9\/2024\/06\/448158972_10161314978502464_6738131721796397068_n-795x1024.jpg 795w, https:\/\/hoyre.no\/content\/uploads\/sites\/9\/2024\/06\/448158972_10161314978502464_6738131721796397068_n-233x300.jpg 233w, https:\/\/hoyre.no\/content\/uploads\/sites\/9\/2024\/06\/448158972_10161314978502464_6738131721796397068_n-768x989.jpg 768w, https:\/\/hoyre.no\/content\/uploads\/sites\/9\/2024\/06\/448158972_10161314978502464_6738131721796397068_n.jpg 1179w\" sizes=\"auto, (max-width: 795px) 100vw, 795px\" \/><\/figure>\n\n\n\n<p>Fylkesr\u00e5dets nestleder og fylkesr\u00e5d for samferdsel Marianne Dobak Kvensj\u00f8 har tatt grep og gitt innspill til Nasjonal Transportplan. Videre prioriterer H\u00f8yre Nord-Norge i v\u00e5rt forslag til NTP. Vi vil blant annet gi mer penger til fylkesveier, sikre Narviktunnelen og prioritere rask oppstart for E10 Nappstraumen.<\/p>\n\n\n<div class=\"tags\">\n\t<\/div>\n<div class=\"post-footer alignfull has-background block-editor-block-list__block\" data-align=full>\n\t<div class=\"post-footer-inner\">\n\t\t<h3>Relaterte artikler<\/h3>\n\t\t<div class=\"related-content\"><div class=\"is-card-hoyre\">\n\t<div class=\"teft-card hoyre-teft-card post-teft-card\">\n\t\t<a href=\"https:\/\/hoyre.no\/nordland\/aktuelt\/vi-onsker-dine-innspill\/\" class=\"teft-card__primary-action\">\n\n\t\t\t\t\t<div class=\"teft-card__media teft-card__media--16-9\">\n\t\t\t\t\t\t<img loading=\"lazy\" decoding=\"async\" width=\"768\" height=\"402\" src=\"https:\/\/hoyre.no\/content\/uploads\/sites\/9\/2026\/04\/Dokument-uten-navn-09.02.2026-1-1536x804-1-768x402.png\" class=\"attachment-medium_large size-medium_large\" alt=\"\" srcset=\"https:\/\/hoyre.no\/content\/uploads\/sites\/9\/2026\/04\/Dokument-uten-navn-09.02.2026-1-1536x804-1-768x402.png 768w, https:\/\/hoyre.no\/content\/uploads\/sites\/9\/2026\/04\/Dokument-uten-navn-09.02.2026-1-1536x804-1-300x157.png 300w, https:\/\/hoyre.no\/content\/uploads\/sites\/9\/2026\/04\/Dokument-uten-navn-09.02.2026-1-1536x804-1-1024x536.png 1024w, https:\/\/hoyre.no\/content\/uploads\/sites\/9\/2026\/04\/Dokument-uten-navn-09.02.2026-1-1536x804-1.png 1536w\" sizes=\"auto, (max-width: 768px) 100vw, 768px\" \/>\t\t<\/div>\n\t\t\n\t\t\t<div class=\"teft-card__content-wrapper\">\n\t\t\t\t<div class=\"teft-card__secondary\">\n\t\t\t\t\t\n\t\t\t\t\t\t\t\t<div class=\"teft-card__meta\">\n\t\t\t\t\t\t\t\t\t<span class=\"post-date\">15. apr 2026<\/span>\n\n\t\t\t\t\t\t\t\t\t<span class=\"post-category\">Nominasjonsprosess 2027\/2031<\/span>\t\t\t\t\t\t\t\t<\/div>\n\t\t\t\t\t\t\t\t\t\t\t<\/div>\n\n\t\t\t\t<div class=\"teft-card__primary\">\n\t\t\t\t\t<h2 class=\"teft-card__title\">Vi \u00f8nsker dine innspill!&nbsp;<span class=\"teft-card__primary-title-append\"><\/span><\/h2>\t\t\t\t<\/div>\n\t\t\t<\/div>\n\t\t<\/a>\n\t<\/div>\n\n\t<\/div><div class=\"is-card-hoyre\">\n\t<div class=\"teft-card hoyre-teft-card post-teft-card\">\n\t\t<a href=\"https:\/\/hoyre.no\/nordland\/aktuelt\/sjomatnaeringen-og-prosessindustrien\/\" class=\"teft-card__primary-action\">\n\n\t\t\t<div class=\"teft-card__media teft-card__media--16-9 no-image\"><\/div>\n\t\t\t<div class=\"teft-card__content-wrapper\">\n\t\t\t\t<div class=\"teft-card__secondary\">\n\t\t\t\t\t\n\t\t\t\t\t\t\t\t<div class=\"teft-card__meta\">\n\t\t\t\t\t\t\t\t\t<span class=\"post-date\">20. nov 2025<\/span>\n\n\t\t\t\t\t\t\t\t\t<span class=\"post-category\">Fylkes\u00e5rsm\u00f8te 2025<\/span>\t\t\t\t\t\t\t\t<\/div>\n\t\t\t\t\t\t\t\t\t\t\t<\/div>\n\n\t\t\t\t<div class=\"teft-card__primary\">\n\t\t\t\t\t<h2 class=\"teft-card__title\">Sj\u00f8matn\u00e6ringen og prosessindustrien&nbsp;<span class=\"teft-card__primary-title-append\"><\/span><\/h2>\t\t\t\t<\/div>\n\t\t\t<\/div>\n\t\t<\/a>\n\t<\/div>\n\n\t<\/div><div class=\"is-card-hoyre\">\n\t<div class=\"teft-card hoyre-teft-card post-teft-card\">\n\t\t<a href=\"https:\/\/hoyre.no\/nordland\/aktuelt\/okt-satsning-pa-havforskning\/\" class=\"teft-card__primary-action\">\n\n\t\t\t<div class=\"teft-card__media teft-card__media--16-9 no-image\"><\/div>\n\t\t\t<div class=\"teft-card__content-wrapper\">\n\t\t\t\t<div class=\"teft-card__secondary\">\n\t\t\t\t\t\n\t\t\t\t\t\t\t\t<div class=\"teft-card__meta\">\n\t\t\t\t\t\t\t\t\t<span class=\"post-date\">20. nov 2025<\/span>\n\n\t\t\t\t\t\t\t\t\t<span class=\"post-category\">Fylkes\u00e5rsm\u00f8te 2025<\/span>\t\t\t\t\t\t\t\t<\/div>\n\t\t\t\t\t\t\t\t\t\t\t<\/div>\n\n\t\t\t\t<div class=\"teft-card__primary\">\n\t\t\t\t\t<h2 class=\"teft-card__title\">\u00d8kt satsning p\u00e5 havforskning&nbsp;<span class=\"teft-card__primary-title-append\"><\/span><\/h2>\t\t\t\t<\/div>\n\t\t\t<\/div>\n\t\t<\/a>\n\t<\/div>\n\n\t<\/div><\/div>\t<\/div>\n<\/div>\n\n\n\n<p><\/p>\n","protected":false},"excerpt":{"rendered":"","protected":false},"author":3547,"featured_media":0,"comment_status":"closed","ping_status":"closed","sticky":false,"template":"","format":"standard","meta":{"teft_cards_image_url":"","teft_cards_custom_pretitle":"","teft_cards_image_id":1504,"teft_cards_image_focal_point_x":0.5,"teft_cards_image_focal_point_y":0.5,"teft_cards_title":"","teft_cards_excerpt":"","teft_show_chapters":false,"author_display_name":"Nordland fylkestingsgruppe","footnotes":""},"category":[16],"post_tag":[],"hoyre-visibility":[],"article-type":[],"politician":[],"class_list":["post-1501","post","type-post","status-publish","format-standard","hentry","category-manedsbrev"],"yoast_head":"<!-- This site is optimized with the Yoast SEO plugin v26.6 - https:\/\/yoast.com\/wordpress\/plugins\/seo\/ -->\n<title>M\u00e5nedsbrev: Politikernes h\u00f8ydepunkter f\u00f8r sommerferien - Nordland H\u00f8yre<\/title>\n<meta name=\"robots\" content=\"index, follow, max-snippet:-1, max-image-preview:large, max-video-preview:-1\" \/>\n<link rel=\"canonical\" href=\"https:\/\/hoyre.no\/nordland\/aktuelt\/manedsbrev-politikernes-hoydepunkter-for-sommerferien\/\" \/>\n<meta property=\"og:locale\" content=\"nb_NO\" \/>\n<meta property=\"og:type\" content=\"article\" \/>\n<meta property=\"og:title\" content=\"M\u00e5nedsbrev: Politikernes h\u00f8ydepunkter f\u00f8r sommerferien - Nordland H\u00f8yre\" \/>\n<meta property=\"og:url\" content=\"https:\/\/hoyre.no\/nordland\/aktuelt\/manedsbrev-politikernes-hoydepunkter-for-sommerferien\/\" \/>\n<meta property=\"og:site_name\" content=\"Nordland H\u00f8yre\" \/>\n<meta property=\"article:published_time\" content=\"2024-06-25T13:41:46+00:00\" \/>\n<meta property=\"article:modified_time\" content=\"2024-06-25T14:22:26+00:00\" \/>\n<meta property=\"og:image\" content=\"https:\/\/hoyre.no\/content\/uploads\/sites\/9\/2024\/06\/447511192_849156483921302_5717303020436239529_n-1024x701.jpg\" \/>\n<meta name=\"author\" content=\"Isabella Emilie Pigini Storli\" \/>\n<meta name=\"twitter:card\" content=\"summary_large_image\" \/>\n<meta name=\"twitter:label1\" content=\"Skrevet av\" \/>\n\t<meta name=\"twitter:data1\" content=\"Isabella Emilie Pigini Storli\" \/>\n\t<meta name=\"twitter:label2\" content=\"Ansl. lesetid\" \/>\n\t<meta name=\"twitter:data2\" content=\"9 minutter\" \/>\n<script type=\"application\/ld+json\" class=\"yoast-schema-graph\">{\"@context\":\"https:\/\/schema.org\",\"@graph\":[{\"@type\":\"NewsArticle\",\"@id\":\"https:\/\/hoyre.no\/nordland\/aktuelt\/manedsbrev-politikernes-hoydepunkter-for-sommerferien\/\",\"url\":\"https:\/\/hoyre.no\/nordland\/aktuelt\/manedsbrev-politikernes-hoydepunkter-for-sommerferien\/\",\"name\":\"M\u00e5nedsbrev: Politikernes h\u00f8ydepunkter f\u00f8r sommerferien - Nordland H\u00f8yre\",\"isPartOf\":{\"@id\":\"https:\/\/hoyre.no\/nordland\/#website\"},\"image\":{\"@id\":\"https:\/\/hoyre.no\/nordland\/aktuelt\/manedsbrev-politikernes-hoydepunkter-for-sommerferien\/#primaryimage\"},\"thumbnailUrl\":\"https:\/\/hoyre.no\/content\/uploads\/sites\/9\/2024\/06\/447511192_849156483921302_5717303020436239529_n-1024x701.jpg\",\"datePublished\":\"2024-06-25T13:41:46+00:00\",\"dateModified\":\"2024-06-25T14:22:26+00:00\",\"author\":{\"@id\":\"https:\/\/hoyre.no\/nordland\/#\/schema\/person\/6f4581f8cbce8649b11dffce4d355a20\"},\"breadcrumb\":{\"@id\":\"https:\/\/hoyre.no\/nordland\/aktuelt\/manedsbrev-politikernes-hoydepunkter-for-sommerferien\/#breadcrumb\"},\"inLanguage\":\"nb-NO\",\"potentialAction\":[{\"@type\":\"ReadAction\",\"target\":[\"https:\/\/hoyre.no\/nordland\/aktuelt\/manedsbrev-politikernes-hoydepunkter-for-sommerferien\/\"]}]},{\"@type\":\"ImageObject\",\"inLanguage\":\"nb-NO\",\"@id\":\"https:\/\/hoyre.no\/nordland\/aktuelt\/manedsbrev-politikernes-hoydepunkter-for-sommerferien\/#primaryimage\",\"url\":\"https:\/\/hoyre.no\/content\/uploads\/sites\/9\/2024\/06\/447511192_849156483921302_5717303020436239529_n-1024x701.jpg\",\"contentUrl\":\"https:\/\/hoyre.no\/content\/uploads\/sites\/9\/2024\/06\/447511192_849156483921302_5717303020436239529_n-1024x701.jpg\"},{\"@type\":\"BreadcrumbList\",\"@id\":\"https:\/\/hoyre.no\/nordland\/aktuelt\/manedsbrev-politikernes-hoydepunkter-for-sommerferien\/#breadcrumb\",\"itemListElement\":[{\"@type\":\"ListItem\",\"position\":1,\"name\":\"Til hoyre.no\",\"item\":\"https:\/\/hoyre.no\"},{\"@type\":\"ListItem\",\"position\":2,\"name\":\"Hjem\",\"item\":\"https:\/\/hoyre.no\/nordland\/\"},{\"@type\":\"ListItem\",\"position\":3,\"name\":\"M\u00e5nedsbrev: Politikernes h\u00f8ydepunkter f\u00f8r sommerferien\"}]},{\"@type\":\"WebSite\",\"@id\":\"https:\/\/hoyre.no\/nordland\/#website\",\"url\":\"https:\/\/hoyre.no\/nordland\/\",\"name\":\"Nordland H\u00f8yre\",\"description\":\"Bare enda et H\u00f8yres nettsteder-nettsted\",\"inLanguage\":\"nb-NO\"},{\"@type\":\"Person\",\"@id\":\"https:\/\/hoyre.no\/nordland\/#\/schema\/person\/6f4581f8cbce8649b11dffce4d355a20\",\"name\":\"Isabella Emilie Pigini Storli\",\"image\":{\"@type\":\"ImageObject\",\"inLanguage\":\"nb-NO\",\"@id\":\"https:\/\/hoyre.no\/nordland\/#\/schema\/person\/image\/\",\"url\":\"https:\/\/secure.gravatar.com\/avatar\/08adee43a03700ba785bdbd90482e1f29963f7da76a6456741cc4ace550c4fe2?s=96&d=mm&r=g\",\"contentUrl\":\"https:\/\/secure.gravatar.com\/avatar\/08adee43a03700ba785bdbd90482e1f29963f7da76a6456741cc4ace550c4fe2?s=96&d=mm&r=g\",\"caption\":\"Isabella Emilie Pigini Storli\"},\"url\":\"https:\/\/hoyre.no\/nordland\/aktuelt\/author\/m52026796\/\"}]}<\/script>\n<!-- \/ Yoast SEO plugin. -->","yoast_head_json":{"title":"M\u00e5nedsbrev: Politikernes h\u00f8ydepunkter f\u00f8r sommerferien - Nordland H\u00f8yre","robots":{"index":"index","follow":"follow","max-snippet":"max-snippet:-1","max-image-preview":"max-image-preview:large","max-video-preview":"max-video-preview:-1"},"canonical":"https:\/\/hoyre.no\/nordland\/aktuelt\/manedsbrev-politikernes-hoydepunkter-for-sommerferien\/","og_locale":"nb_NO","og_type":"article","og_title":"M\u00e5nedsbrev: Politikernes h\u00f8ydepunkter f\u00f8r sommerferien - Nordland H\u00f8yre","og_url":"https:\/\/hoyre.no\/nordland\/aktuelt\/manedsbrev-politikernes-hoydepunkter-for-sommerferien\/","og_site_name":"Nordland H\u00f8yre","article_published_time":"2024-06-25T13:41:46+00:00","article_modified_time":"2024-06-25T14:22:26+00:00","og_image":[{"url":"https:\/\/hoyre.no\/content\/uploads\/sites\/9\/2024\/06\/447511192_849156483921302_5717303020436239529_n-1024x701.jpg","type":"","width":"","height":""}],"author":"Isabella Emilie Pigini Storli","twitter_card":"summary_large_image","twitter_misc":{"Skrevet av":"Isabella Emilie Pigini Storli","Ansl. lesetid":"9 minutter"},"schema":{"@context":"https:\/\/schema.org","@graph":[{"@type":"NewsArticle","@id":"https:\/\/hoyre.no\/nordland\/aktuelt\/manedsbrev-politikernes-hoydepunkter-for-sommerferien\/","url":"https:\/\/hoyre.no\/nordland\/aktuelt\/manedsbrev-politikernes-hoydepunkter-for-sommerferien\/","name":"M\u00e5nedsbrev: Politikernes h\u00f8ydepunkter f\u00f8r sommerferien - Nordland H\u00f8yre","isPartOf":{"@id":"https:\/\/hoyre.no\/nordland\/#website"},"image":{"@id":"https:\/\/hoyre.no\/nordland\/aktuelt\/manedsbrev-politikernes-hoydepunkter-for-sommerferien\/#primaryimage"},"thumbnailUrl":"https:\/\/hoyre.no\/content\/uploads\/sites\/9\/2024\/06\/447511192_849156483921302_5717303020436239529_n-1024x701.jpg","datePublished":"2024-06-25T13:41:46+00:00","dateModified":"2024-06-25T14:22:26+00:00","author":{"@id":"https:\/\/hoyre.no\/nordland\/#\/schema\/person\/6f4581f8cbce8649b11dffce4d355a20"},"breadcrumb":{"@id":"https:\/\/hoyre.no\/nordland\/aktuelt\/manedsbrev-politikernes-hoydepunkter-for-sommerferien\/#breadcrumb"},"inLanguage":"nb-NO","potentialAction":[{"@type":"ReadAction","target":["https:\/\/hoyre.no\/nordland\/aktuelt\/manedsbrev-politikernes-hoydepunkter-for-sommerferien\/"]}]},{"@type":"ImageObject","inLanguage":"nb-NO","@id":"https:\/\/hoyre.no\/nordland\/aktuelt\/manedsbrev-politikernes-hoydepunkter-for-sommerferien\/#primaryimage","url":"https:\/\/hoyre.no\/content\/uploads\/sites\/9\/2024\/06\/447511192_849156483921302_5717303020436239529_n-1024x701.jpg","contentUrl":"https:\/\/hoyre.no\/content\/uploads\/sites\/9\/2024\/06\/447511192_849156483921302_5717303020436239529_n-1024x701.jpg"},{"@type":"BreadcrumbList","@id":"https:\/\/hoyre.no\/nordland\/aktuelt\/manedsbrev-politikernes-hoydepunkter-for-sommerferien\/#breadcrumb","itemListElement":[{"@type":"ListItem","position":1,"name":"Til hoyre.no","item":"https:\/\/hoyre.no"},{"@type":"ListItem","position":2,"name":"Hjem","item":"https:\/\/hoyre.no\/nordland\/"},{"@type":"ListItem","position":3,"name":"M\u00e5nedsbrev: Politikernes h\u00f8ydepunkter f\u00f8r sommerferien"}]},{"@type":"WebSite","@id":"https:\/\/hoyre.no\/nordland\/#website","url":"https:\/\/hoyre.no\/nordland\/","name":"Nordland H\u00f8yre","description":"Bare enda et H\u00f8yres nettsteder-nettsted","inLanguage":"nb-NO"},{"@type":"Person","@id":"https:\/\/hoyre.no\/nordland\/#\/schema\/person\/6f4581f8cbce8649b11dffce4d355a20","name":"Isabella Emilie Pigini Storli","image":{"@type":"ImageObject","inLanguage":"nb-NO","@id":"https:\/\/hoyre.no\/nordland\/#\/schema\/person\/image\/","url":"https:\/\/secure.gravatar.com\/avatar\/08adee43a03700ba785bdbd90482e1f29963f7da76a6456741cc4ace550c4fe2?s=96&d=mm&r=g","contentUrl":"https:\/\/secure.gravatar.com\/avatar\/08adee43a03700ba785bdbd90482e1f29963f7da76a6456741cc4ace550c4fe2?s=96&d=mm&r=g","caption":"Isabella Emilie Pigini Storli"},"url":"https:\/\/hoyre.no\/nordland\/aktuelt\/author\/m52026796\/"}]}},"distributor_meta":false,"distributor_terms":false,"distributor_media":false,"distributor_original_site_name":"Nordland H\u00f8yre","distributor_original_site_url":"https:\/\/hoyre.no\/nordland","push-errors":false,"_links":{"self":[{"href":"https:\/\/hoyre.no\/nordland\/wp-json\/wp\/v2\/posts\/1501","targetHints":{"allow":["GET"]}}],"collection":[{"href":"https:\/\/hoyre.no\/nordland\/wp-json\/wp\/v2\/posts"}],"about":[{"href":"https:\/\/hoyre.no\/nordland\/wp-json\/wp\/v2\/types\/post"}],"author":[{"embeddable":true,"href":"https:\/\/hoyre.no\/nordland\/wp-json\/wp\/v2\/users\/3547"}],"replies":[{"embeddable":true,"href":"https:\/\/hoyre.no\/nordland\/wp-json\/wp\/v2\/comments?post=1501"}],"version-history":[{"count":19,"href":"https:\/\/hoyre.no\/nordland\/wp-json\/wp\/v2\/posts\/1501\/revisions"}],"predecessor-version":[{"id":1555,"href":"https:\/\/hoyre.no\/nordland\/wp-json\/wp\/v2\/posts\/1501\/revisions\/1555"}],"wp:attachment":[{"href":"https:\/\/hoyre.no\/nordland\/wp-json\/wp\/v2\/media?parent=1501"}],"wp:term":[{"taxonomy":"category","embeddable":true,"href":"https:\/\/hoyre.no\/nordland\/wp-json\/wp\/v2\/category?post=1501"},{"taxonomy":"post_tag","embeddable":true,"href":"https:\/\/hoyre.no\/nordland\/wp-json\/wp\/v2\/post_tag?post=1501"},{"taxonomy":"hoyre-visibility","embeddable":true,"href":"https:\/\/hoyre.no\/nordland\/wp-json\/wp\/v2\/hoyre-visibility?post=1501"},{"taxonomy":"article-type","embeddable":true,"href":"https:\/\/hoyre.no\/nordland\/wp-json\/wp\/v2\/article-type?post=1501"},{"taxonomy":"politician","embeddable":true,"href":"https:\/\/hoyre.no\/nordland\/wp-json\/wp\/v2\/politician?post=1501"}],"curies":[{"name":"wp","href":"https:\/\/api.w.org\/{rel}","templated":true}]}}