{"id":1557,"date":"2024-07-31T18:14:57","date_gmt":"2024-07-31T16:14:57","guid":{"rendered":"https:\/\/hoyre.no\/nordland\/?p=1557"},"modified":"2024-08-12T15:33:17","modified_gmt":"2024-08-12T13:33:17","slug":"kandidatpresentasjon-for-nominasjon-til-stortingsvalget-2025-nordland-hoyre","status":"publish","type":"post","link":"https:\/\/hoyre.no\/nordland\/aktuelt\/kandidatpresentasjon-for-nominasjon-til-stortingsvalget-2025-nordland-hoyre\/","title":{"rendered":"Kandidatpresentasjon for nominasjon til Stortingsvalget 2025 Nordland H\u00f8yre"},"content":{"rendered":"\n<p class=\"preamble\">I h\u00f8st er det stortingsnominasjon i Nordland H\u00f8yre. Under finner du den alfabetiske listen over valgvillige kandidater. Lokalforeningene har som frist \u00e5 sende inn resultat av pr\u00f8venominasjonen deres innen 6. september<\/p>\t\t\t<div class=\"post-meta wp-block teft-byline-wrapper\">\n\t\t\t\t<div class=\"top\">\n\t\t\t\t\t<div class=\"signature\">\n\t\t\t\t\t\t<div class=\"teft-byline\">\n\t\t\t\t\t\t\t\t\t\t\t\t\t\t<div>\n\t\t\t\t\t\t\t\t<h3>H\u00f8yres redaksjon<\/h3>\t\t\t\t\t\t\t\t\n\t\t\t\t\t\t\t\t\t\t\t\t\t\t\t\t\t<span class=\"date\">Sist oppdatert: 12. august 2024<\/span>\n\t\t\t\t\t\t\t\t\t\t\t\t\t\t\t\t\t\t\t\t\t\t\t\t\t<span class=\"reading-time\" itemprop=\"timeRequired\" content=\"PT34M\"><em>Ca. 34 minutter lesetid<\/em><\/span>\n\t\t\t\t\t\t\t\t\t\t\t\t\t\t\t<\/div>\n\t\t\t\t\t\t<\/div>\n\t\t\t\t\t<\/div>\n\t\t\t\t\t\t<div class=\"sharing\">\n\t\t<a class=\"share-button share-link copy-link\" data-copy=\"https:\/\/hoyre.no\/nordland\/aktuelt\/kandidatpresentasjon-for-nominasjon-til-stortingsvalget-2025-nordland-hoyre\/\" target=\"_blank\"><span class=\"screen-reader-text\">Del link<\/span><\/a>\n\t\t<a class=\"share-button share-twitter\" href=\"http:\/\/twitter.com\/share?text=Kandidatpresentasjon for nominasjon til Stortingsvalget 2025 Nordland H\u00f8yre&#038;url=https:\/\/hoyre.no\/nordland\/aktuelt\/kandidatpresentasjon-for-nominasjon-til-stortingsvalget-2025-nordland-hoyre\/&#038;hashtags=Hoyre\" target=\"_blank\"><span class=\"screen-reader-text\">Del p\u00e5 twitter<\/span><\/a>\n\t\t<a class=\"share-button share-facebook\" href=\"https:\/\/www.facebook.com\/sharer\/sharer.php?u=https:\/\/hoyre.no\/nordland\/aktuelt\/kandidatpresentasjon-for-nominasjon-til-stortingsvalget-2025-nordland-hoyre\/\" target=\"_blank\"><span class=\"screen-reader-text\">Del p\u00e5 facebook<\/span><\/a>\n\t<\/div>\n\t\t\t\t\t<\/div>\n\t\t\t<\/div>\n\n\t\t\t<figure class=\"hoyre-image-wrapper\"><div class=\"hoyre-image\"><img loading=\"lazy\" decoding=\"async\" width=\"2500\" height=\"1667\" src=\"https:\/\/hoyre.no\/content\/uploads\/sites\/9\/2024\/07\/48974310422_27d7dbf704_o-scaled.jpg\" class=\"attachment-scaled size-scaled\" alt=\"\" style=\"object-position: 50% 50%\" srcset=\"https:\/\/hoyre.no\/content\/uploads\/sites\/9\/2024\/07\/48974310422_27d7dbf704_o-scaled.jpg 2500w, https:\/\/hoyre.no\/content\/uploads\/sites\/9\/2024\/07\/48974310422_27d7dbf704_o-300x200.jpg 300w, https:\/\/hoyre.no\/content\/uploads\/sites\/9\/2024\/07\/48974310422_27d7dbf704_o-1024x683.jpg 1024w, https:\/\/hoyre.no\/content\/uploads\/sites\/9\/2024\/07\/48974310422_27d7dbf704_o-768x512.jpg 768w, https:\/\/hoyre.no\/content\/uploads\/sites\/9\/2024\/07\/48974310422_27d7dbf704_o-1536x1024.jpg 1536w, https:\/\/hoyre.no\/content\/uploads\/sites\/9\/2024\/07\/48974310422_27d7dbf704_o-2048x1365.jpg 2048w\" sizes=\"auto, (max-width: 2500px) 100vw, 2500px\" \/><\/div><\/figure>\n\n\n\n\n<p>Her finner du en alfabetisk oversikt og kandidatpresentasjonen over kandidater som er spilt inn og som har stilt seg valgvillig til H\u00f8yres liste for Nordland stortingsvalgdistrikt. <\/p>\n\n\n\n<p>Alle kandidater er innforst\u00e5tt med at informasjonen vil bli offentliggjort. Der det ikke finnes noen informasjon p\u00e5 kandidaten er det fordi det er ikke meldt inn innen oppgitt frist satt av komiteen og fylkesstyret.<\/p>\n\n\n\n<div class=\"wp-block-buttons is-layout-flex wp-block-buttons-is-layout-flex\">\n<div class=\"wp-block-button\"><a class=\"wp-block-button__link wp-element-button\" href=\"https:\/\/hoyre.no\/nordland\/nominasjonsprosessen-til-stortingsvalget-i-2024\/\">Les mer om nominasjonsprosessen ved \u00e5 trykke h her<\/a><\/div>\n<\/div>\n\n\n\n<div class=\"wp-block-teft-file icon-link-block\"><a href=\"https:\/\/hoyre.no\/content\/uploads\/sites\/9\/2024\/07\/Kandidatpresentasjon-for-nominasjon-til-Stortingsvalget-2025-Nordland-Hoyre-2V.pdf\" download><span class=\"file-title\">Du kan laste ned PDF versjon av kandidatoversikten og presentasjonen her<\/span><span class=\"file-name\">Kandidatpresentasjon-for-nominasjon-til-Stortingsvalget-2025-Nordland-Hoyre-2V.pdf [40.1kb]<\/span><\/a><\/div>\n\n\n\n<h2 class=\"wp-block-heading\">Alfabetisk kandidatoversikt:<\/h2>\n\n\n\n<h1 class=\"wp-block-heading\">Kandidatpresentasjoner: <\/h1>\n\n\n\n<figure class=\"wp-block-table\"><table><tbody><tr><td>1<\/td><td>Alexander Tande<\/td><td>B\u00f8<\/td><\/tr><tr><td>2<\/td><td>Andrea Larssen<\/td><td>Br\u00f8nn\u00f8ysund<\/td><\/tr><tr><td>3<\/td><td>Anita Sollie<\/td><td>Rana<\/td><\/tr><tr><td>4<\/td><td>Arne Martin Finstad<\/td><td>Vestv\u00e5g\u00f8y<\/td><\/tr><tr><td>5<\/td><td>Beate B\u00f8 Nilsen<\/td><td>Sortland<\/td><\/tr><tr><td>6<\/td><td>Bj\u00f8rn Helge Hansen<\/td><td>Alstahaug<\/td><\/tr><tr><td>7<\/td><td>Bodil Irene Brattli<\/td><td>Bod\u00f8<\/td><\/tr><tr><td>8<\/td><td>B\u00e5rd Ludvig Thorheim<\/td><td>Bod\u00f8<\/td><\/tr><tr><td>9<\/td><td>Desiree Skjerpen H\u00f8gmo<\/td><td>Vestv\u00e5g\u00f8y<\/td><\/tr><tr><td>10<\/td><td>Einar Benjaminsen<\/td><td>Flakstad<\/td><\/tr><tr><td>11<\/td><td>Eivind Holst<\/td><td>V\u00e5gan<\/td><\/tr><tr><td>12<\/td><td>Elisabeth Grande<\/td><td>Narvik<\/td><\/tr><tr><td>13<\/td><td>Espen Haaland<\/td><td>Rana<\/td><\/tr><tr><td>14<\/td><td>Grete Ellingsen<\/td><td>Sortland<\/td><\/tr><tr><td>15<\/td><td>Hanna Sverdrup<\/td><td>Moskenes<\/td><\/tr><tr><td>16<\/td><td>Jenny Tande<\/td><td>B\u00f8<\/td><\/tr><tr><td>17<\/td><td>Joachim Hjart\u00f8y<\/td><td>Rana<\/td><\/tr><tr><td>18<\/td><td>Kristoffer Dobak Kvensj\u00f8<\/td><td>Narvik<\/td><\/tr><tr><td>19<\/td><td>Lars Erik Lillefloth&nbsp;<\/td><td>Narvik<\/td><\/tr><tr><td>20<\/td><td>Lars Filip Paulsen<\/td><td>Hamar\u00f8y<\/td><\/tr><tr><td>21<\/td><td>Maria Strand Munkhaug&nbsp;<\/td><td>NUH<\/td><\/tr><tr><td>22<\/td><td>Matz Abrahamsen<\/td><td>And\u00f8y<\/td><\/tr><tr><td>23<\/td><td>Odd Emil Ingebrigtsen<\/td><td>Bod\u00f8<\/td><\/tr><tr><td>24<\/td><td>Odd Langvatn<\/td><td>Vefsn<\/td><\/tr><tr><td>25<\/td><td>Reidar Krogstad<\/td><td>Narvik<\/td><\/tr><tr><td>26<\/td><td>Stig Tore Skogsholm<\/td><td>Alstahaug&nbsp;<\/td><\/tr><tr><td>27<\/td><td>Trine Sivertsen Hjortdahl<\/td><td>D\u00f8nna<\/td><\/tr><tr><td>28<\/td><td>Vidar Thom Benjaminsen<\/td><td>V\u00e5gan<\/td><\/tr><\/tbody><\/table><figcaption class=\"wp-element-caption\">Alfabetisk kandidatoversikt over hvem valgvillige kandidater til stortingsnominasjon i Nordland H\u00f8yre<\/figcaption><\/figure>\n\n\n\n<h1 class=\"wp-block-heading\">Alexander Johnsen Tande<\/h1>\n\n\n\n<p>F\u00f8dselsdato: 16.01.1985<\/p>\n\n\n\n<p>Kommuneforening: B\u00f8 i Vester\u00e5len<\/p>\n\n\n\n<p><em>Kandidatpresentasjon hvor du forteller litt om din motivasjon og hvorfor du vil v\u00e6re kandidat:<\/em><\/p>\n\n\n\n<p>Jeg begynte i lokalpolitikken for B\u00f8 h\u00f8yre tilbake i 2019, og er n\u00e5 inne i min andre periode i kommunestyret her. Jeg ble valgt til gruppeleder i 2023 og syns det er en meget interessant oppgave. Gjennom min tid som kommunepolitikker har jeg f\u00e5tt smaken p\u00e5 politikk, og syns det er ekstremt givende og motiverende \u00e5 kunne v\u00e6re med og p\u00e5virke de valg og prosesser i kommunen v\u00e5r. Den jobben som jeg har v\u00e6rt med p\u00e5 \u00e5 gj\u00f8re som lokalpolitiker har gitt mersmak, og det gir meg energi \u00e5 v\u00e6re med i politikken. Det er i utgangspunktet dette som er min hovedmotivasjon for \u00e5 v\u00e6re kandidat til stortingsvalget. Som utdanning har jeg en bachelor i journalistikk, men har arbeidet i det private n\u00e6ringsliv som prosjektleder for en maskinentrepren\u00f8r fra B\u00f8 de siste 12 \u00e5rene. Her har jeg videreutdannet meg innen landm\u00e5ling og teknisk fagskole &#8211; anlegg. Gjennom jobben min har vi hatt prosjekter i store deler av Nordland som har resultert i at jeg har opparbeidet meg et stort kontaktnettverk i bransjen og blant offentlige og private utbyggere. Jeg vil karakterisere meg som en karismatisk, blid, sosial og omgjengelig person. Jeg har alltid interessert meg for politikk, men som nevnt ovenfor er det ikke f\u00f8r de seinere \u00e5r at jeg har v\u00e6rt veldig aktiv, og da lokalt. Det som gir meg ekstra motivasjon er det at man kan f\u00e5 muligheten for \u00e5 gj\u00f8re en innsats for H\u00f8yre nasjonalt og for Norge som nasjon. Det \u00e5 kunne ha en direkte innvirkning og bidra aktivt til \u00e5 utvikle Norge i trygg og god rett retning, spesielt med syn p\u00e5 Nordland og Nord-Norge gj\u00f8r meg motivert og gir meg lyst og \u00f8nske om \u00e5 v\u00e6re kandidat.&nbsp;<\/p>\n\n\n\n<p>Jeg har bred erfaring fra arbeidslivet og v\u00e6rt innom yrker som barnehageassistent, vikarl\u00e6rer skole, taxisj\u00e5f\u00f8r, betongarbeider, kokk og n\u00e5 prosjektleder. I tillegg har jeg hatt flere frivillige verv, f.eks. leder i den lokale fotballklubben Luna, trener barne- og voksenfotball og leder det lokale idrettsr\u00e5det. Jeg mener dette gir meg en bred og god erfaring som jeg kan bruke positivt inn i politikken. I tillegg mener jeg at jeg vil v\u00e6re et friskt pust i det politiske landskap, og spesielt for Nordland. Jeg er ikke redd for \u00e5 uttrykke min mening og mine synspunkter.<\/p>\n\n\n\n<p>Privat er jeg gift og har to barn p\u00e5 6- og 9-\u00e5r og disse st\u00f8tter meg 100% i forhold til et evt. kandidatur. Det at jeg har to barn som skal vokse opp gj\u00f8r at jeg gjerne brenner for saker som ber\u00f8rer barn og unge ekstra. Jeg mener vi har en plikt til \u00e5 legge til rett for \u00e5 gi den neste generasjon de best mulige oppvekstsvilk\u00e5r som er mulig, b\u00e5de lokalt og nasjonalt. Det er v\u00e5rt ansvar som politikkere. I tillegg brenner jeg ekstra for samferdsel og engasjeres gjerne ekstra av saker som ang\u00e5r dette.<\/p>\n\n\n\n<h1 class=\"wp-block-heading\">Andrea Dahl Larssen<\/h1>\n\n\n\n<p>F\u00f8dselsdato: 03.05.1999<\/p>\n\n\n\n<p>Kommuneforening: Br\u00f8nn\u00f8ysund<\/p>\n\n\n\n<p><em>Kandidatpresentasjon hvor du forteller litt om din motivasjon og hvorfor du vil v\u00e6re kandidat:<\/em><\/p>\n\n\n\n<p>Jeg heter Andrea Dahl Larssen og kommer fra Br\u00f8nn\u00f8ysund \u2013 den vakreste kystbyen som finnes. Jeg er oppvokst i Br\u00f8nn\u00f8y, har v\u00e6rt utvekslingsstudent i USA, har studert i England og er n\u00e5 flyttet hjem til Br\u00f8nn\u00f8ysund og jobber ved Br\u00f8nn\u00f8ysundregistrene.<\/p>\n\n\n\n<p>Min interesse for politikk startet da jeg begynte p\u00e5 videreg\u00e5ende, og jeg meldte meg inn i Unge H\u00f8yre i 2015. Etterhvert ble jeg nestleder i Br\u00f8nn\u00f8y Unge H\u00f8yre og deltok p\u00e5 \u00e5rsm\u00f8ter i Nordland H\u00f8yre, Unge H\u00f8yres sommerleir og representerte Nordland p\u00e5 Nord-Norge Konferansen. I 2017 ble jeg valgt inn i arbeidsutvalget for Nordland Unge H\u00f8yre og der fikk jeg ansvar for sosiale medier, planlegging av m\u00f8ter og kursing av medlemmer. I 2021 ble jeg valgt som styremedlem i Br\u00f8nn\u00f8y H\u00f8yre, og jeg ble i 2019 valgt som varamedlem i kommunestyret i Br\u00f8nn\u00f8y.<\/p>\n\n\n\n<p>Fra 2019 til 2022 studerte jeg politikk og internasjonal business ved University of Liverpool, og jeg var derfor ikke s\u00e5 aktiv i lokalpolitikken i denne perioden. Det var ekstra spennende \u00e5 studere politikk i England i disse \u00e5rene for \u00e5 oppleve Brexit og hvilke effekter det hadde i ettertid. Det var sv\u00e6rt spennende \u00e5 l\u00e6re om internasjonal og komparativ politikk samt reflektere over Norges rolle i Europa.<\/p>\n\n\n\n<p>I 2022 flyttet jeg hjem igjen til Br\u00f8nn\u00f8ysund og ble med p\u00e5 planlegging av valget i 2023 som kampanjeansvarlig for Br\u00f8nn\u00f8y H\u00f8yre. Jeg ble da valgt inn i<\/p>\n\n\n\n<p>kommunestyret og begynner \u00e5 bli husvarm der n\u00e5. Oppsummert s\u00e5 er det ikke noe tvil om at jeg trives i politikken og er motivert til \u00e5 gj\u00f8re en god jobb for H\u00f8yre i Nordland.<\/p>\n\n\n\n<p>Jeg var veldig heldig \u00e5 f\u00e5 jobb p\u00e5 Br\u00f8nn\u00f8ysundregistrene og har f\u00e5tt erfart hvilket godt kunnskapsmilj\u00f8 vi har i distriktet. Br\u00f8nn\u00f8ysundregistrene er et bevis p\u00e5 at det er mulig \u00e5 skape gode nasjonale kunnskapsmilj\u00f8 i distriktene. Jeg beundrer min arbeidsplass og alt som Br\u00f8nn\u00f8ysundregistrene f\u00e5r til her \u201cutp\u00e5 landet\u201d. B\u00e5de p\u00e5 Br\u00f8nn\u00f8ysundregistrene og flere plasser i regionen er det fokus p\u00e5 digitalisering. Digitalisering tror jeg blir viktig i \u00e5rene fremover og at det er stort potensial for v\u00e5r landsdel i det perspektivet.<\/p>\n\n\n\n<p>Fraflytting fra bygd til by er et stort problem i Norge i dag, og spesielt i Nordland. Det merkes at nedleggelser av det ene og andre b\u00e6rer preg i samfunnet for oss som velger \u00e5 bosette oss her. Rekruttering er en utfordring, og jeg som jobber p\u00e5 en stor og viktig arbeidsplass merker at det er viktig \u00e5 f\u00e5 de rette ressursene til \u00e5 ville bosette seg i Nordland.<\/p>\n\n\n\n<p>Det er spesielt viktig \u00e5 beholde de arbeidsplassene vi har, og skjerme dem fra \u00e5 eventuelt bli flyttet fra Nordland og til de andre store byene. For min del tror jeg ikke folk velger bort bygdene fordi det er for sm\u00e5 forhold eller for &laquo;d\u00e5rlige&raquo; jobbtilbud. Jeg tror det handler om uvisshet over mulighetene som finnes her i Nordland. Jeg tror det handler om at det er et langt fylke som er dyrt \u00e5 reise fra og til.<\/p>\n\n\n\n<p>Jeg \u00f8nsker \u00e5 fremme Nordland og satse p\u00e5 fylket v\u00e5rt i \u00e5rene fremover. Det er nok mange som kjenner det p\u00e5 kroppen at det er f\u00e6rre og f\u00e6rre som velger \u00e5 bosette seg utenfor de st\u00f8rste byene, og dermed f\u00f8rer det til d\u00e5rligere tilbud for oss som allerede bor her. Min st\u00f8rste motivasjon er nettopp det jeg har beskrevet.<\/p>\n\n\n\n<p>F\u00e5 folket til \u00e5 flytte ut fra storbyene og inn til Nordland! Jeg er opptatt av at de som &laquo;styrer landet&raquo; skal f\u00e5 \u00f8ynene opp for Nordland og se at vi m\u00e5 satse p\u00e5 gode helsetilbud, oppvekst tilbud, psykisk helsetilbud, og gode tilbud for den aldrende befolkningen i samfunnet. Jeg er opptatt av at ingenting skal flyttes vekk fra Nordland og til de st\u00f8rste regionene. For \u00e5 f\u00e5 folk til \u00e5 flytte hit er vi n\u00f8dt til \u00e5 tilby gode tjenester p\u00e5 lik linje, om ikke bedre enn resten av landet. Bolyst og blilyst er det viktigste for Nordland i \u00e5rene fremover.<\/p>\n\n\n\n<p>Min motivasjon til \u00e5 sitte p\u00e5 Stortinget for Nordland H\u00f8yre er drevet av \u00e5 sikre en b\u00e6rekraftig og blomstrende fremtid for v\u00e5rt fylke. Nordland har enorme naturressurser og fantastisk natur og jeg er opptatt av \u00e5 fremme og beskytte disse verdiene og samtidig v\u00e6re fremoverlent og skape nye muligheter i \u00e5rene fremover.<\/p>\n\n\n\n<p>\u00c5 representere Nordland p\u00e5 Stortinget er et stort ansvar, men jeg er klar til \u00e5 ta p\u00e5 meg denne oppgaven med engasjement. Jeg \u00f8nsker \u00e5 v\u00e6re en stemme for v\u00e5rt fylke, jobbe for v\u00e5re interesser og bidra til \u00e5 forme en fremtid hvor Nordland er et fylke folk \u00f8nsker seg til, b\u00e5de i regional og nasjonal sammenheng.<\/p>\n\n\n\n<h1 class=\"wp-block-heading\">Anita Sollie<\/h1>\n\n\n\n<p>F\u00f8dselsdato:19.06.1965<\/p>\n\n\n\n<p>Kommuneforening: Rana<\/p>\n\n\n\n<p><em>Kandidatpresentasjon hvor du forteller litt om din motivasjon og hvorfor du vil v\u00e6re kandidat:<\/em><\/p>\n\n\n\n<p>Jeg er oppfordret om \u00e5 stille meg til disposisjon for nominasjonskomiteen. Jeg trives godt i rollene jeg har i dag, se oversikten under. Det er ok \u00e5 spilles inn, s\u00e5 f\u00e5r fremtiden vise hva som er bra for Nordland H\u00f8yre og meg selv.<\/p>\n\n\n\n<ul class=\"wp-block-list\">\n<li>Varaordf\u00f8rer i 100% stilling, andre periode (plattform med AP)<\/li>\n\n\n\n<li>Kommunestyremedlem, tredje periode<\/li>\n\n\n\n<li>V\u00e6rt leder i Rana H\u00f8yre i 9 \u00e5r<\/li>\n\n\n\n<li>Fylkesstyrerepresentant i Nordland, andre periode<\/li>\n\n\n\n<li>Styreleder KS Nordland fra 2023\/24<\/li>\n\n\n\n<li>Hovedstyret i KS fra 2024 (12 stk)<\/li>\n\n\n\n<li>Medlem av Europar\u00e5det fra 2024 (5 fra Norge, fra H er jeg og leder Gunn Marit Helgesen)<\/li>\n\n\n\n<li>Medlem av en av tre underkomiteer i Europar\u00e5det &#8211; Governance committee fra 2024 (1 fra Norge)<\/li>\n<\/ul>\n\n\n\n<p><\/p>\n\n\n\n<h1 class=\"wp-block-heading\">Arne Martin Finstad<\/h1>\n\n\n\n<p><\/p>\n\n\n\n<h1 class=\"wp-block-heading\">Beate B\u00f8 Nilsen<\/h1>\n\n\n\n<p>F\u00f8dselsdato: 24.09.1965<\/p>\n\n\n\n<p>Kommuneforening: Sortland<\/p>\n\n\n\n<p><em>Kandidatpresentasjon hvor du forteller litt om din motivasjon og hvorfor du vil v\u00e6re kandidat:<\/em><\/p>\n\n\n\n<p>Politikk for meg handler om mennesker og det \u00e5 gj\u00f8re hverdagen og samfunnet vi lever i bedre. Den viktigste oppgaven jeg gj\u00f8r som fylkes- og lokalpolitiker, er \u00e5 v\u00e6re ombud for innbyggerne.<\/p>\n\n\n\n<p>Jeg \u00f8nsker \u00e5 bidra med en politikk som \u00f8ker verdiskapningen i samfunnet og dermed legge til rette for at det blir mer \u00e5 fordele &#8211;&nbsp;&nbsp;et samfunn med \u00f8konomisk velstand og god velferd.<\/p>\n\n\n\n<p>Jeg tror p\u00e5:<\/p>\n\n\n\n<ul class=\"wp-block-list\">\n<li>Skape b\u00e6rekraftige arbeidsplasser<\/li>\n\n\n\n<li>Satse p\u00e5 forskning og utdanning<\/li>\n\n\n\n<li>Se individet, du vet best hva som passer best for deg, se enkeltmennesket fremfor systemet<\/li>\n\n\n\n<li>Styrke fellesskapet n\u00e5r det preges av frihet og ansvar, og n\u00e5r flest mulig beslutninger tas n\u00e6rmest mulig den det gjelder.&nbsp;<\/li>\n\n\n\n<li>Innsatsvilje og skaperkraft styrker fellesskapet.&nbsp;<\/li>\n\n\n\n<li>At hver enkelt av oss som bor her, vil bidra til \u00e5 skape et bedre samfunn for alle<\/li>\n<\/ul>\n\n\n\n<p><\/p>\n\n\n\n<h1 class=\"wp-block-heading\">Bj\u00f8rn Helge Hansen<\/h1>\n\n\n\n<p>F\u00f8dselsdato: 28.09.1946<\/p>\n\n\n\n<p>Kommuneforening: Alstahaug<\/p>\n\n\n\n<p><em>Kandidatpresentasjon hvor du forteller litt om din motivasjon og hvorfor du vil v\u00e6re kandidat:<\/em><\/p>\n\n\n\n<p>Jeg har alltid v\u00e6rt opptatt av og engasjert i det som skjer p\u00e5 alle omr\u00e5der \u2013 b\u00e5de kommunalt, regionalt og p\u00e5 landsbasis. Er n\u00e5 inne i min tredje periode som leder av Nordland Eldrer\u00e5d og er naturlig nok s\u00e6rlig opptatt av eldrepolitiske forhold. Spesielt \u00f8nsker jeg \u00e5 arbeide for at eldre blir sett p\u00e5 som en ressurs og ikke som et problem slik \u00abeldreb\u00f8lgen\u00bb ofte fremstiller oss.<\/p>\n\n\n\n<p>Har ogs\u00e5 lang fartstid som kommunestyrerepresentant i Bod\u00f8, Hemnes og Alstahaug.<\/p>\n\n\n\n<p>Eldre er underrepresentert b\u00e5de i kommunestyrer, fylkesting og storting, og det er derfor naturlig at vi sikres plass h\u00f8yt oppe p\u00e5 listene.<\/p>\n\n\n\n<p>Fullstendig cv kan ettersendes om \u00f8nskelig.<\/p>\n\n\n\n<p>Lykke til med arbeidet<\/p>\n\n\n\n<p>Mvh<\/p>\n\n\n\n<p>Bj\u00f8rn Helge Hansen<\/p>\n\n\n\n<p><\/p>\n\n\n\n<h1 class=\"wp-block-heading\">Bodil Irene Bj\u00f8rnaali Brattli<\/h1>\n\n\n\n<p>F\u00f8dselsdato: 14.01.1957<\/p>\n\n\n\n<p>Kommuneforening: Bod\u00f8<\/p>\n\n\n\n<p><em>Kandidatpresentasjon hvor du forteller litt om din motivasjon og hvorfor du vil v\u00e6re kandidat:<\/em><\/p>\n\n\n\n<p>Jeg er f\u00f8dt og oppvokst p\u00e5 Hemnesberget. I dag bor jeg p\u00e5 landet utenfor Bod\u00f8 etter \u00e5 ha bodd i byen i over 40 \u00e5r. Jeg kjenner fylket godt og er motivert for \u00e5 jobbe til det beste for folk i Nordland og Nordlandssamfunnet. -V\u00e6re med p\u00e5 \u00e5 utvikle fylket inn i framtida. Sikre levekraftige lokalsamfunn ved \u00e5 skape bolyst og livsgrunnlag. Jeg er engasjert i Senior H\u00f8yre og har verv b\u00e5de lokalt og sentralt. Arbeider for at vi skal leve hele livet. Jeg er kone, mor og bestemor. Livet har bydd p\u00e5 store utfordringer og det \u00e5 v\u00e6re p\u00e5r\u00f8rende. Jeg er bl.a. utdannet sivil\u00f8konom med master i \u00f8konomi. De siste \u00e5rene har jeg arbeidet som revisor.&nbsp;<\/p>\n\n\n\n<p>Fra juli 2024 g\u00e5r jeg over til pensjonisttilv\u00e6relsen etter mange \u00e5r i Riksrevisjonen, Telenor og Posten. Arbeidserfaringen har gitt meg god kunnskap om ulike sektorer: helse, samferdsel, forsvar, NAV, utdanning og informasjonsteknologi. I mange \u00e5r har jeg v\u00e6rt tillitsvalgt b\u00e5de lokalt og sentralt. Jeg er samfunnsengasjert og er nestleder i Bod\u00f8 eldrer\u00e5d og medlem av Kontrollutvalget i Bod\u00f8 kommune og vara p\u00e5 Fylket. Viktig at ogs\u00e5 eldre er med i politikken.<\/p>\n\n\n\n<p><\/p>\n\n\n\n<h1 class=\"wp-block-heading\">B\u00e5rd Ludvig Thorheim<\/h1>\n\n\n\n<p>F\u00f8dselsdato: 15.10.1976<\/p>\n\n\n\n<p>Kommuneforening: Bod\u00f8<\/p>\n\n\n\n<p><em>Kandidatpresentasjon hvor du forteller litt om din motivasjon og hvorfor du vil v\u00e6re kandidat:<\/em><\/p>\n\n\n\n<p>Motivasjonen for \u00e5 engasjere meg er det store potensialet som finnes for utvikling, vekst og fremtidstro &#8211; som ikke blir realisert. Det gjelder fremfor alt i Nordland og Nord-Norge, slik jeg ser det. Men ogs\u00e5 Norge. Jeg mener at H\u00f8yre har de rette grunnverdiene for \u00e5 utforme en politikk som tar i bruk de store mulighetene for samfunnsutvikling som finnes.<\/p>\n\n\n\n<p>Litt om meg selv: De siste tre \u00e5rene har jeg hatt den ansvarsfulle rollen med \u00e5 representere Nordland og H\u00f8yre p\u00e5 Stortinget. Jeg er 47 \u00e5r, fra Bod\u00f8, gift og har fire barn. Bakgrunnen min er variert med studier i statsvitenskap, tjeneste i Forsvaret og Utenriksdepartementet b\u00e5de i Norge og utlandet, og en kortere erfaring fra \u00e5 starte en privat bedrift.<\/p>\n\n\n\n<p>Det har v\u00e6rt b\u00e5de \u00e6refullt, krevende og givende \u00e5 arbeide for Nordlands interesser og landets beste p\u00e5 Stortinget. Selv om H\u00f8yre har v\u00e6rt i opposisjon har det v\u00e6rt viktige gjennomslag. Og lokalvalget vitner om et H\u00f8yre i sterk fremvekst i Nordland med mange dyktige spydspisser lokalt og regionalt. Samtidig er det en erkjennelse at politikken p\u00e5 Stortinget er et h\u00e5ndverk som man blir bedre p\u00e5 med mer erfaring. Hvis jeg f\u00e5r tilliten til en periode til, vil jeg ha muligheten til \u00e5 bygge videre p\u00e5 de erfaringene som er opparbeidet. Og jeg skal gj\u00f8re alt i min makt for \u00e5 sikre Nordland H\u00f8yres bidrag til et regjeringsskifte i Norge med en n\u00f8dvendig kursendring i 2025!<\/p>\n\n\n\n<p>Jeg har skrevet mer om b\u00e5de saker jeg er opptatt av og motivasjon for Stortinget i denne kronikken:<\/p>\n\n\n\n<p><a href=\"https:\/\/www.an.no\/kan-jeg-fortsatt-sta-til-tjeneste-for-folk\/o\/5-4-1942497\"><em>Debatt, Valget 2025 | Kan jeg fortsatt st\u00e5 til tjeneste for folk?<\/em><\/a><\/p>\n\n\n\n<p><\/p>\n\n\n\n<h1 class=\"wp-block-heading\">Desir\u00e9e Skjerpen H\u00f8gmo<\/h1>\n\n\n\n<p>F\u00f8dselsdato: 15.01.1979<\/p>\n\n\n\n<p>Kommuneforening: Vestv\u00e5g\u00f8y<\/p>\n\n\n\n<p><em>Kandidatpresentasjon hvor du forteller litt om din motivasjon og hvorfor du vil v\u00e6re kandidat:<\/em><\/p>\n\n\n\n<p>Min motivasjon er at jeg er veldig engasjert b\u00e5de i lokalsamfunnet jeg bor i, men ogs\u00e5 p\u00e5 et overordnet plan. Jeg brenner for barn, unge, idrett og rus\/psykisk helse og tror jeg har noe positivt \u00e5 bidra med p\u00e5 disse feltene. Jeg liker ogs\u00e5 \u00e5 l\u00e6re om nye omr\u00e5der og engasjerer meg fort i ting som kan bidra til at samfunnet vi lever i kan utvikle seg eller bli et bedre sted og bo i for menneskene i det. Jeg er generelt glad i folk og er ett ja-menneske\ud83d\ude01<\/p>\n\n\n\n<p>Jeg er gift, mor til 3, bonusmor til 2. Utdannet spesialsykepleier og har en MBA. Avdelingsleder for Lofoten og Vester\u00e5len DPS og dermed ansatt i NLSH. Styreleder for Vestv\u00e5g\u00f8y ASVO AS.&nbsp;<\/p>\n\n\n\n<p>Turntrener p\u00e5 fritiden og tamburmajor i Vest-Lofoten Paradetropp.<\/p>\n\n\n\n<p><\/p>\n\n\n\n<h1 class=\"wp-block-heading\">Einar Benjaminsen<\/h1>\n\n\n\n<p>F\u00f8dselsdato: 16.08<\/p>\n\n\n\n<p>Kommuneforening: Flakstad<\/p>\n\n\n\n<p><em>Kandidatpresentasjon hvor du forteller litt om din motivasjon og hvorfor du vil v\u00e6re kandidat:<\/em><\/p>\n\n\n\n<p>Har alltid v\u00e6rt interessert i samfunnsutvikling, og det \u00e5 f\u00e5 v\u00e6re med \u00e5 legge til rette for utvikling er en av grunnene til at jeg gikk inn i lokalpolitikken. Det \u00e5 kan gj\u00f8re det samme p\u00e5 et nasjonalt niv\u00e5 ville jeg sett p\u00e5 som et privilegium.<\/p>\n\n\n\n<p><\/p>\n\n\n\n<h1 class=\"wp-block-heading\">Eivind Holst<\/h1>\n\n\n\n<p>F\u00f8dselsdato: 29.04.70<\/p>\n\n\n\n<p>Kommuneforening: V\u00e5gan<\/p>\n\n\n\n<p><em>Kandidatpresentasjon hvor du forteller litt om din motivasjon og hvorfor du vil v\u00e6re kandidat:<\/em><\/p>\n\n\n\n<p>Jeg har v\u00e6rt politisk aktiv siden 2009 da jeg kom inn i styret til V\u00e5gan H\u00f8yre som styremedlem. I 2011 stilte jeg til valg for V\u00e5gan H\u00f8yre og ble Ordf\u00f8rer i V\u00e5gan i perioden 2011-2019. I 2021 ble jeg valgt til fylkesleder i Nordland, og stilte p\u00e5 fylkestingsvalget i 2023. Jeg er i dag fylkesordf\u00f8rer i Nordland, og f\u00e5r hver dag bidra til at Nordland styres p\u00e5 en bedre m\u00e5te.&nbsp;<\/p>\n\n\n\n<p>Jeg vil kunne bidra veldig aktivt i valgkampen siden jeg er heldagspolitiker, og jeg \u00f8nsker \u00e5 bidra aktivt gjennom debatter, leserbrev og p\u00e5 H\u00f8yrearrangementer i hele fylket. Nordland har behov for gode kandidater fra hele fylket for \u00e5 f\u00e5 flere stemmer. Gjennom deltagelse i fylkespolitikken er jeg godt kjent med utviklingsprosjekter i hele fylket, og hvilke tiltak de ulike regionene og kommunene \u00f8nsker seg for \u00e5 f\u00e5 en positiv utvikling.&nbsp;<\/p>\n\n\n\n<p>Jeg tenker ogs\u00e5 at jeg vil bidra positivt som kandidat fra Nordfylket slik at H\u00f8yre i Nordland kan f\u00e5 flest mulig stemmer fra Lofoten, Ofoten og Vester\u00e5len, hvor H\u00f8yre gjennom kommune og fylkestingsvalget i 2023 gjorde det sterkt.&nbsp;<\/p>\n\n\n\n<p><\/p>\n\n\n\n<h1 class=\"wp-block-heading\">Elisabeth Grande<\/h1>\n\n\n\n<p>F\u00f8dt: 05.01.1983<\/p>\n\n\n\n<p>Kommuneforening: Narvik&nbsp;<\/p>\n\n\n\n<p><em>Kandidatpresentasjon hvor du forteller litt om din motivasjon og hvorfor du vil v\u00e6re kandidat:<\/em><\/p>\n\n\n\n<p>Jeg er f\u00f8dt og oppvokst i Narvik by, men har de siste 16 \u00e5rene bodd i Bjerkvik.&nbsp;<\/p>\n\n\n\n<p>Jeg er utdannet fris\u00f8r, og har jobbet som fris\u00f8r i 19 \u00e5r. Jeg har de siste 11 \u00e5rene drevet egen fris\u00f8rsalong, hvor jeg eier 50% av aksjene og har v\u00e6rt daglig leder, og styreleder. Jeg har ogs\u00e5 i min tid i Bjerkvik v\u00e6rt leder for fotball gruppen, og v\u00e6rt sekret\u00e6r i Bjerkvik idrettsforening. Gjennom organisasjonen har jeg tatt lederkurs. Jeg har ogs\u00e5 v\u00e6rt sv\u00f8mmeinstrukt\u00f8r og har kurs som det og livredder.<\/p>\n\n\n\n<p>Min politiske erfaring er bare i sin spede begynnelse, da jeg kom inn i kommunestyre i Narvik h\u00f8sten 2023. Og ble leder av kontrollutvalg p\u00e5 samme tid. Men jeg har store ambisjoner om at dette er starten p\u00e5 en lang fartstid innenfor politikken. Derav ogs\u00e5 grunnen til at jeg n\u00e5 sier ja til \u00e5 st\u00e5 som kandidat.<\/p>\n\n\n\n<p>Min motivasjon er \u00e5 f\u00e5 bidra til mer tilflytting, flere arbeidsplasser, b\u00e5de statlige og private for \u00e5 kunne sikre et b\u00e6rekraftig og attraktivt Nordland. Jeg \u00f8nsker \u00e5 bidra til at Nordland kan sikre gode helse og omsorgstilbud, uansett hvor i fylket man bor. Jeg \u00f8nsker ogs\u00e5 \u00e5 bidra til \u00e5 f\u00e5 bedre infrastruktur og kollektivtilbud, som vil binde fylket bedre sammen, og gj\u00f8re det lettere for folk og komme seg frem. Samme \u00f8nsker jeg \u00e5 bidra til \u00e5 styre skole og utdanningstilbud, da b\u00e5de yrkesfag og h\u00f8yre utdanning. Dette er ogs\u00e5 en hjertesak for meg og spesielt da yrkesfag, da dette er noe vi sliter ekstra med \u00e5 rekruttere til.<\/p>\n\n\n\n<p>Min visjon for Nordland er \u00e5 skape bli og bolyst, med at det skal v\u00e6re et attraktivt sted \u00e5 bo og utdanne seg og jobbe, med flere yrende lokalsamfunn, og et mangfoldig og b\u00e6rekraftig n\u00e6ringsliv, og en r\u00e5 natur vi kan nyte godt av i mange generasjoner.<\/p>\n\n\n\n<p>Med dette \u00f8nsker jeg at dere vurdere meg som kandidat til nominasjonslisten, og \u00f8nsker dere ogs\u00e5 lykke til med det videre arbeidet\ud83d\ude0a<\/p>\n\n\n\n<p><\/p>\n\n\n\n<h1 class=\"wp-block-heading\">Espen Haaland<\/h1>\n\n\n\n<p>F\u00f8dselsdato: 11.10.1970<\/p>\n\n\n\n<p>Kommuneforening: Rana<\/p>\n\n\n\n<p><em>Kandidatpresentasjon hvor du forteller litt om din motivasjon og hvorfor du vil v\u00e6re kandidat:<\/em><\/p>\n\n\n\n<p>Jobber til daglig som konsernsjef i Haaland-konsernet. Et selskap med ca 400 ansatte, og med avdelinger i store deler av Nordland fylke. Selskapet har tre divisjoner, en innenfor tekniske entrepriser i bygg og anlegg, en innen eiendom og en innen turisme. Omsetter i 2024 for ca 650 mill.<\/p>\n\n\n\n<p>Jeg er en sv\u00e6rt samfunnsengasjert person som \u00f8nsker \u00e5 bidra til utvikling av samfunnet vi lever i.<\/p>\n\n\n\n<p>Jeg har 12 \u00e5rs erfaring fra lokalpolitikken, hvorav 8 \u00e5r som gruppeleder for H\u00f8yre. B\u00e5de i posisjon og i opposisjon.&nbsp;<\/p>\n\n\n\n<p>Har v\u00e6rt styreleder i NHO Nordland de siste fem \u00e5rene, til jeg gikk av i mai 2024.<\/p>\n\n\n\n<p>Dersom jeg kan v\u00e6re til hjelp for partiet, er jeg villig til \u00e5 gj\u00f8re en jobb for fellesskapet.<\/p>\n\n\n\n<p><\/p>\n\n\n\n<h1 class=\"wp-block-heading\">Grete Ellingsen&nbsp;<\/h1>\n\n\n\n<p>F\u00f8dselsdato: 20.01.1976&nbsp;&nbsp;&nbsp;&nbsp;&nbsp;&nbsp;&nbsp;&nbsp;&nbsp;&nbsp;&nbsp;<\/p>\n\n\n\n<p>Kommuneforening: Sortland<\/p>\n\n\n\n<p><em>Kandidatpresentasjon hvor du forteller litt om din motivasjon og hvorfor du vil v\u00e6re kandidat:<\/em><\/p>\n\n\n\n<p>Jeg \u00f8nsker \u00e5 v\u00e6re kandidat for Nordland H\u00f8yre ved stortingsvalget 2025-2028.&nbsp;&nbsp;Min motivasjon er \u00e5 jobbe for \u00e5 ivareta fylket og landsdelens interesser i overordnet nasjonal politikk. Nordomr\u00e5dene har v\u00e6rt og er H\u00f8yre i regjering sitt viktigste satsingsomr\u00e5de. Det betyr et ekstra fokus p\u00e5 at Nordland b\u00f8r ha en stemme fra nord som er tydelig p\u00e5 feltene n\u00e6ring, kunnskap, samferdsel og infrastruktur, milj\u00f8vern, sikkerhet og beredskap, og forsvar. Det b\u00f8r ogs\u00e5 v\u00e6re en tydelig stemme som ivaretar at det utvikles en helthetlig nordomr\u00e5depolitikk som gir landsdelen muligheter gjennom planverk til \u00e5 utvikle kommunenes n\u00e6ringspotensial enda mer.<\/p>\n\n\n\n<p><\/p>\n\n\n\n<h1 class=\"wp-block-heading\">Hanna Mathilde Sverdrup<\/h1>\n\n\n\n<p>F\u00f8dselsdato: 24.01.1990<\/p>\n\n\n\n<p>Kommuneforening: Moskenes<\/p>\n\n\n\n<p><em>Kandidatpresentasjon hvor du forteller litt om din motivasjon og hvorfor du vil v\u00e6re kandidat:<\/em><\/p>\n\n\n\n<p>Som oppvokst Lofotv\u00e6ring med litt lopper i blodet har jeg f\u00e5tt en ganske variert arbeidserfaring, fra fiskebruk, barnehage til flyt\u00e5rn. Det er i politikken jeg har funnet meg mest til rette av alle plasser, variasjonen i saker, problemstillinger og hvordan man hele tiden ser nye m\u00e5ter p\u00e5 hvordan ting henger sammen er utrolig spennende. Det er et felt man aldri blir utl\u00e6rt, men heller m\u00e5 finne l\u00f8sninger b\u00e5de p\u00e5 kort og lang sikt.<\/p>\n\n\n\n<p>Jeg ble med i lokalpolitikken i 2019 og ble valgt inn i formannskapet og som gruppeleder, fra h\u00f8sten 2023 har jeg v\u00e6rt ordf\u00f8rer. En ting er sikkert &#8211; politikk blir bare mer og mer spennende.&nbsp;<\/p>\n\n\n\n<p>Mine politiske hjertesaker er fiskeri, folkehelse og infrastruktur, men ved \u00e5 vokse opp og bo p\u00e5 b\u00e5de sm\u00e5 og store steder kjenner man noen innen de fleste felt og har l\u00e6rt hvor viktig det er \u00e5 lytte til fagfolk i alle ledd for \u00e5 virkelig forst\u00e5 situasjonen og finne de beste l\u00f8sningene.<\/p>\n\n\n\n<p>Rettferdighet er en kampsak, noe som sikkert vises gjennom diverse medieoppslag s\u00e5 er jeg ikke redd for \u00e5 st\u00e5 i en storm eller to s\u00e5 lenge saken er viktig.<\/p>\n\n\n\n<p>\u00c5 kunne bidra p\u00e5 nasjonalt niv\u00e5 ville v\u00e6rt en stor \u00e6re og jeg stiller meg gjerne til disposisjon for valgkomiteen i Nordland H\u00f8yre.&nbsp;<\/p>\n\n\n\n<p>Med h\u00e5pefull hilsen<\/p>\n\n\n\n<p>Hanna Sverdrup<\/p>\n\n\n\n<p><\/p>\n\n\n\n<h1 class=\"wp-block-heading\">Jenny Tande<\/h1>\n\n\n\n<p><\/p>\n\n\n\n<h1 class=\"wp-block-heading\">Joachim Hjart\u00f8y<\/h1>\n\n\n\n<p><\/p>\n\n\n\n<h1 class=\"wp-block-heading\">Kristoffer Dobak Kvensj\u00f8<\/h1>\n\n\n\n<p>F\u00f8dselsdato: 18.03.2005<\/p>\n\n\n\n<p>Kommuneforening: Narvik&nbsp;<\/p>\n\n\n\n<p><em>Kandidatpresentasjon hvor du forteller litt om din motivasjon og hvorfor du vil v\u00e6re kandidat:<\/em><\/p>\n\n\n\n<p>Jeg \u00f8nsker \u00e5 stille til Stortinget fordi jeg \u00f8nsker \u00e5 gj\u00f8re en forskjell i samfunnet jeg lever i dag. Jeg er veldig motivert til \u00e5 stille.<\/p>\n\n\n\n<h1 class=\"wp-block-heading\">Lars Erik Lillefloth<\/h1>\n\n\n\n<p>F\u00f8dselsdato: 11.02.1977&nbsp;<\/p>\n\n\n\n<p>Kommuneforening: Narvik&nbsp;<\/p>\n\n\n\n<p><em>Min motivasjon og hvorfor jeg vil v\u00e6re kandidat:&nbsp;<\/em><\/p>\n\n\n\n<ul class=\"wp-block-list\">\n<li>F\u00f8rst og fremst vil jeg bidra til at landet f\u00e5r en ny regjering&nbsp;<\/li>\n\n\n\n<li>Jeg tror og mener jeg har noe \u00e5 bidra med for at vi skal kunne klare det&nbsp;<\/li>\n\n\n\n<li>Mitt engasjement i H\u00f8yre strekker seg tilbake til rundt 1992-93 da jeg engasjerte meg i Unge H\u00f8yre og Europeisk Ungdom&nbsp;<\/li>\n\n\n\n<li>Jeg kom inn som kommunestyrerepresentant i Stj\u00f8rdal i 1995&nbsp;<\/li>\n\n\n\n<li>Jeg har v\u00e6rt kommunestyrerepresentant i flere perioder i Narvik og sittet som vara fylkestingsrepresentant i Nordland 2015-19&nbsp;<\/li>\n\n\n\n<li>Jeg var ordf\u00f8rerkandidat for H\u00f8yre i Narvik i 2023 og fikk nesten like mange personstemmer som sittende ordf\u00f8rer fra Ap gjennom flere perioder \u2013 Narvik H\u00f8yre \u00f8kte partioppslutningen med rundt 10 % i 2023-valget&nbsp;<\/li>\n\n\n\n<li>Jeg sitter n\u00e5 som kommunestyremedlem i Narvik og har allerede, sammen med mine partikollegaer, i denne perioden gjennomf\u00f8rt mange punkter i v\u00e5rt valgprogram, selv om vi er i \u201copposisjon\u201d. Blant annet har vi f\u00e5tt flertall for at det i Narvik for f\u00f8rste gang skal utredes konkurranseutsetting i omsorgssektoren&nbsp;<\/li>\n\n\n\n<li>Jeg kjenner offentlig sektor sv\u00e6rt godt gjennom b\u00e5de politiske verv og mange \u00e5rs arbeidserfaring fra stat, kommune og fylke&nbsp;<\/li>\n\n\n\n<li>Jeg er utdannet jurist fra UiT i 2005&nbsp;<\/li>\n\n\n\n<li>Jeg har alltid v\u00e6rt engasjert i frivilligheten, n\u00e5 f\u00f8rst og fremst som barnefotballtrener&nbsp;<\/li>\n\n\n\n<li>Jeg \u00f8nsker \u00e5 bidra til et bl\u00e5ere samfunn; hvor enkeltmenneskets verdi, valgfrihet og det private initiativ verdsettes h\u00f8yt&nbsp;<\/li>\n\n\n\n<li>Jeg mener H\u00f8yre har de beste l\u00f8sningene innenfor blant annet helse, skole, forsvar og beredskap \u2013 og det mener jeg at jeg var med \u00e5 sette h\u00f8yt p\u00e5 dagsorden i siste valgkamp. Det mener jeg at vi skal kunne klare igjen og jeg \u00f8nsker \u00e5 v\u00e6re med \u00e5 bidra.<\/li>\n<\/ul>\n\n\n\n<p><\/p>\n\n\n\n<h1 class=\"wp-block-heading\">Lars Filip Paulsen<\/h1>\n\n\n\n<p>F\u00f8dselsdato: 12.08.1979<\/p>\n\n\n\n<p>Kommuneforening: Hamar\u00f8y<\/p>\n\n\n\n<p><em>Kandidatpresentasjon hvor du forteller litt om din motivasjon og hvorfor du vil v\u00e6re kandidat:<\/em><\/p>\n\n\n\n<p>Min motivasjon for \u00e5 stille som kandidat for H\u00f8yre i Stortingsvalget 2025 er drevet av et sterkt \u00f8nske om \u00e5 bidra til positiv endring og videreutvikling av v\u00e5re lokalsamfunn og fylke. Jeg har en bred erfaring innen politikk, organisasjonsarbeid og offentlig forvaltning som gj\u00f8r at jeg har jeg f\u00e5tt innsikt i de mange av de utfordringene og mulighetene vi i Nordland st\u00e5r overfor.<\/p>\n\n\n\n<p>Som stortingskandidat \u00f8nsker jeg \u00e5 arbeide for sterkere lokalsamfunn med bedre infrastruktur, h\u00f8yere kvalitet i skolene, og innovative helsetjenester. Jeg er ogs\u00e5 opptatt av samisk samfunnsliv, samt det \u00e5 sikre at politiske beslutninger fremmer en gr\u00f8nnere og mer b\u00e6rekraftig fremtid.<\/p>\n\n\n\n<p><\/p>\n\n\n\n<h1 class=\"wp-block-heading\">Maria Strand Munkhaug<\/h1>\n\n\n\n<p>F\u00f8dselsdato:<\/p>\n\n\n\n<p>Kommuneforening: Nordland Unge H\u00f8yre<\/p>\n\n\n\n<p><em>Kandidatpresentasjon hvor du forteller litt om din motivasjon og hvorfor du vil v\u00e6re kandidat:<\/em><\/p>\n\n\n\n<p>Mitt navn er Maria Strand Munkhaug, og jeg stiller meg til disposisjon til stortingsvalget.&nbsp;<\/p>\n\n\n\n<p>Med erfaring som leder av Komit\u00e9 for utdanning og kompetanse p\u00e5 fylkestinget, fylkesleder for Nordland Unge H\u00f8yre og sentralstyremedlem i Unge H\u00f8yre er jeg klar for \u00e5 bruke min kompetanse som kandidat til Stortinget.&nbsp;<\/p>\n\n\n\n<p>Jeg \u00f8nsker \u00e5 v\u00e6re en stortingskandidat som tenker visjon\u00e6rt og langsiktig for H\u00f8yre i den kommende perioden. Det er s\u00e6rlig tre omr\u00e5der jeg brenner for som kandidat til Stortinget:&nbsp;<\/p>\n\n\n\n<p>Dagens energipolitikk stanser utviklingen og fremtidens klimakutt. I dag har vi en energipolitikk som i stor grad ikke legger til rette for nok kraftproduksjon. Jeg \u00f8nsker \u00e5 v\u00e6re en stortingskandidat som st\u00e5r for at vi m\u00e5 t\u00f8rre \u00e5 ta vanskelige beslutninger n\u00e5r det kommer til energiutbygging. Energipolitikken skal v\u00e6re til det beste for industrien og utviklingen i Nordland.&nbsp;<\/p>\n\n\n\n<p>En utdanningspolitikk som setter s\u00f8kelys p\u00e5 de reelle utfordringene i skolen. Norsk skole preges av h\u00f8yere frav\u00e6r, et fall i skoleresultater og et l\u00e6reryrke som er mindre attraktivt og sliter med \u00e5 h\u00e5ndtere en mer urolig elevmasse. Vi er n\u00f8dt til \u00e5 skape nye ideer og bedre l\u00f8sninger for norsk skole.&nbsp;<\/p>\n\n\n\n<p>Fremtidens samfunn i nord. Nord-Norge er preget av lave f\u00f8dselstall og en befolkning som stadig blir eldre. Samtidig har vi en politikk med overforbruk av offentlige midler. Resultatet er et samfunn vil slite med \u00e5 opprettholde dagens velferdstjenester og et stort press p\u00e5 arbeidstakere som vil kjenne et \u00f8kende skattetrykk. Som stortingskandidat vil jeg jobbe for \u00e5 skape et fremtidig Nordland med h\u00f8yere f\u00f8dselstall og et attraktivt samfunn som folk vil bo, bli og leve i.&nbsp;<\/p>\n\n\n\n<p>Jeg er mer enn motivert til \u00e5 p\u00e5virke politikken i Norge nasjonalt. Som stortingskandidat \u00f8nsker jeg \u00e5 m\u00f8te valgkampen med masse energi, drivkraft og synlighet for Nordland H\u00f8yre. Jeg h\u00e5per p\u00e5 tilliten til \u00e5 v\u00e6re stortingskandidat for Nordland H\u00f8yre til stortingsvalget, og vil kjempe dag og natt for valgseier i 2025. Jeg vet at Nordland kan veldig mye bedre med Nordland H\u00f8yre sterkt representert p\u00e5 Stortinget.<\/p>\n\n\n\n<p><\/p>\n\n\n\n<h1 class=\"wp-block-heading\">Matz Abrahamsen<\/h1>\n\n\n\n<p><\/p>\n\n\n\n<h1 class=\"wp-block-heading\">Odd Emil Ingebrigtsen<\/h1>\n\n\n\n<p><\/p>\n\n\n\n<h1 class=\"wp-block-heading\">Odd Langvatn<\/h1>\n\n\n\n<p>F\u00f8dselsdato: 20.04.1963&nbsp;<\/p>\n\n\n\n<p>Kommuneforening:&nbsp;Vefsn<\/p>\n\n\n\n<p><em>Kandidatpresentasjon hvor du forteller litt om din motivasjon og hvorfor du vil v\u00e6re kandidat:<\/em><\/p>\n\n\n\n<p>Jeg er sterkt motivert til \u00e5 v\u00e6re Stortingskandidat for Nordland H\u00f8yre i perioden 2025-2029.<\/p>\n\n\n\n<p>Jeg har v\u00e6rt politisk aktiv i lang tid, og er inne i min 5 kommunestyreperiode i Vefsn. Her har jeg v\u00e6re leder av kontrollutvalget i 2 perioder, er medlem av Formannskapet i denne periode og er gruppeleder for Vefsn H\u00f8yre.<\/p>\n\n\n\n<p>Vi gjorde tidenes beste valg i Vefsn i 2023, med en framgang fra 11,2% oppslutning i 2019 til 27,8% i 2023, noe som viser at med meg som ordf\u00f8rerkandidat klarte vi \u00e5 engasjere velgerne bedre enn noen gang tidligere.&nbsp;<\/p>\n\n\n\n<p>Min yrkesbakgrunn er i all hovedsak fra Luftfarten hvor jeg har jobbet siden 1986, i SAS, Thai Airways og fra 1993 i Wider\u00f8e i ulike lederroller. N\u00e5v\u00e6rende rolle er som direkt\u00f8r for Customer Care, med ansvar for selskapets kundekontakt\/kommunikasjon. I tillegg har jeg sammen med min ektefelle Jelena drevet kj\u00f8tt og melkeproduksjon p\u00e5 min hjemg\u00e5rd i Vefsn i perioden 1995-2014, hvor vi gikk over til mer g\u00e5rdsturismerettet virksomhet med hester og utleie av husv\u00e6re.<\/p>\n\n\n\n<p>Jeg er fortsatt aktivt tjenestegj\u00f8rende i Forsvaret p\u00e5 42 \u00e5ret, n\u00e5 i en frivilligkontrakt som Liaisionoffiser i HV14 med majors grad, hvor jeg har et stort engasjement for Totalforsvarsarbeidet og Sivil\/Milit\u00e6rt samarbeide i fredstid og krise\/krigsscenarier.&nbsp;<\/p>\n\n\n\n<p>I n\u00e5v\u00e6rende periode er jeg innvalgt som fast representant p\u00e5 Fylkestinget for H\u00f8yre, og er medlem av Samferdselskomiteen. I forrige periode var jeg fast medlem av Kontrollutvalget for Fylkestinget.<\/p>\n\n\n\n<p>Om jeg blir valgt som kandidat for Nordland H\u00f8yre i perioden 2025-2029 vil jeg ta med meg engasjement, erfaring og et betydelig nettverk innen n\u00e6ringsliv og politiske kretser.<\/p>\n\n\n\n<p><\/p>\n\n\n\n<h1 class=\"wp-block-heading\">Reidar Krogstad<\/h1>\n\n\n\n<p>F\u00f8dselsdato: 21.09.1983&nbsp;<\/p>\n\n\n\n<p>Kommuneforening:&nbsp;Narvik&nbsp;<\/p>\n\n\n\n<p><em>Kandidatpresentasjon hvor du forteller litt om din motivasjon og hvorfor du vil v\u00e6re kandidat:<\/em><\/p>\n\n\n\n<p>Utdannet offiser i Forsvaret, operativ tjeneste i nesten 20 \u00e5r f\u00f8r n\u00e5v\u00e6rende jobb som seksjonssjef i Grensedivisjonen \/ Tolletaten. Har opparbeidet meg god helhetsoversikt over samfunnets funksjoner og spesielt innen totalforsvaret og statlig beredskap. Har sett behovet for mer offensiv politikk, mer gjennomf\u00f8ringsevne og mindre byr\u00e5krati.&nbsp;<\/p>\n\n\n\n<p>Jeg har et \u00f8nske om \u00e5 v\u00e6re med \u00e5 forme fremtiden i landet v\u00e5rt. Jeg har stor tro p\u00e5 den politikken H\u00f8yre f\u00f8rer og vil bidra for at denne skal f\u00e5 st\u00f8rre betydning i den krevende tiden Norge og Europa st\u00e5r foran. Jeg er Nord-Norge-patriot og vil jobbe for at landsdelen skal f\u00e5 st\u00f8rre plass p\u00e5 den politiske dagsorden.<\/p>\n\n\n\n<p><\/p>\n\n\n\n<h1 class=\"wp-block-heading\">Stig Tore Skogsholm<\/h1>\n\n\n\n<p>F\u00f8dselsdato: 22.12.1977<\/p>\n\n\n\n<p>Kommuneforening:&nbsp;Alstahaug&nbsp;<\/p>\n\n\n\n<p><em>Kandidatpresentasjon hvor du forteller litt om din motivasjon og hvorfor du vil v\u00e6re kandidat:<\/em><\/p>\n\n\n\n<p>Jeg har v\u00e6rt medlem av H\u00f8yre siden 2010, og har v\u00e6rt folkevalgt siden 2011 \u2013 tre perioder i kommunestyret, og i gang med min tredje periode p\u00e5 fylkestinget. Jeg har f\u00e5tt mange muligheter gjennom mitt engasjement i H\u00f8yre, og liker \u00e5 ta utfordringene som kommer. I dag har jeg en rolle som gruppeleder for H\u00f8yre og for posisjonen, og jeg mener at jeg har bidratt positivt til at vi har et godt samarbeid i posisjonen i Nordland, preget av godt hum\u00f8r, gjensidig respekt og stor takh\u00f8yde. Det blir meg fortalt at samarbeidsklimaet i posisjonen er betydelig enklere i dag enn det har v\u00e6rt med tidligere konstellasjoner, og jeg tror vi i H\u00f8yre fortjener en stor del av \u00e6ren for dette.<\/p>\n\n\n\n<p>Jeg har ogs\u00e5 holdt tak i ganske mange saker som har hatt betydning over de senere \u00e5rene, og har den siste tiden koordinert mye av den samlede fylkeskommunale meningsytringen knyttet til f.eks PCI-saken.<\/p>\n\n\n\n<p>Det er vanskelig for meg \u00e5 si nei til \u00e5 bidra til en stortingsvalgliste, ettersom dette jo er det aller st\u00f8rste tillitsvervet man kan ha p\u00e5 vegne av H\u00f8yre i Nordland. Jeg tror ogs\u00e5 at jeg kan ha en viss st\u00f8tte hos v\u00e5re velgere, b\u00e5de p\u00e5 Helgeland og blant dem som har fulgt med p\u00e5 hva vi har bidratt med fra fylkestinget over de senere \u00e5rene, ikke minst gjennom de mange bes\u00f8k jeg har v\u00e6rt med p\u00e5 rundt omkring i hele fylket, som ogs\u00e5 har v\u00e6rt med p\u00e5 \u00e5 gj\u00f8re kontaktnettet mitt relativt stort. I l\u00f8pet av de tre siste ukene alene har jeg som gruppeleder bes\u00f8kt ni av 10 regionsentre i Nordland, og siden vi overtok posisjonen har jeg og de \u00f8vrige frikj\u00f8pte p\u00e5 fylkestinget bes\u00f8kt alle \u00e5rsm\u00f8tene vi har blitt invitert til, og ellers reist rundt i fylket i stor utstrekning.<\/p>\n\n\n\n<p>Jeg er opptatt av at listen vi ender opp med skal ha en god balanse og representasjon fra hele fylket, og jeg tror dette er sv\u00e6rt viktig hvis vi vil sikre bred st\u00f8tte fra hele fylket. Dersom jeg f\u00e5r tillit til \u00e5 representere p\u00e5 vegne av s\u00f8rfylket, vil det v\u00e6re en \u00e6re.<\/p>\n\n\n\n<p>Jeg har stor arbeidskapasitet, og har en alminnelig god innsikt i mange politiske utfordringer som er relevante i Nordland. Spesielt innenfor samferdsel er det behov for sterkere stemmer fra nord, og der kan jeg definitivt bidra. Min faglige bakgrunn b\u00e5de innenfor maritim sektor og spesielt innen datasikkerhet innbiller jeg meg at ogs\u00e5 kan v\u00e6re nyttig \u00e5 ha.<\/p>\n\n\n\n<p>\u00d8nsker avslutningsvis nominasjonskomiteen lykke til med arbeidet, og jeg ser frem til \u00e5 arbeide for at vi skal gj\u00f8re et kjempevalg i 2025. Vi har mange dyktige kandidater fra hele fylket, og jeg tror vi vil f\u00e5 en meget solid liste vi kan ta med oss inn i en sv\u00e6rt viktig valgkamp.<\/p>\n\n\n\n<p><\/p>\n\n\n\n<h1 class=\"wp-block-heading\">Trine Sivertsen Hjortdahl<\/h1>\n\n\n\n<p>F\u00f8dselsdato:31.01.1982<\/p>\n\n\n\n<p>Kommuneforening: D\u00f8nna kommune<\/p>\n\n\n\n<p><em>Kandidatpresentasjon hvor du forteller litt om din motivasjon og hvorfor du vil v\u00e6re kandidat:<\/em><\/p>\n\n\n\n<p>Mitt navn er Trine Sivertsen Hjortdahl, og det er en \u00e6re \u00e5 f\u00e5 lov til \u00e5 kunne stille seg disponibel som stortingskandidat for H\u00f8yre p\u00e5 Nordlandsbenken. Gjennom mange \u00e5r har jeg v\u00e6rt engasjert i politikken, spesielt gjennom mitt arbeid i D\u00f8nna H\u00f8yre. Jeg \u00f8nsker \u00e5 ta med min erfaring og dedikasjon til nasjonalt niv\u00e5, for \u00e5 bidra at H\u00f8yres verdier og politikk fortsetter \u00e5 styrke v\u00e5rt samfunn.<\/p>\n\n\n\n<p>Jeg har en lang og stolt fartstid i D\u00f8nna H\u00f8yre, hvor jeg har hatt muligheten til \u00e5 bidra til v\u00e5r lokalsamfunns utvikling. Jeg har tidligere v\u00e6rt varaordf\u00f8rer i D\u00f8nna Kommune, en rolle som har gitt meg verdifull innsikt i de utfordringene og mulighetene som finnes i kommunalpolitikken. Jeg har ogs\u00e5 v\u00e6rt, og er jeg foreningsleder, hvor jeg fortsetter \u00e5 jobbe for bedre l\u00f8sninger og sterkere fellesskap. I kommunevalget 2023, var det et sterkt \u00f8nske fra nominasjonskomiteen og partigruppa om at jeg skulle v\u00e6re ordf\u00f8rerkandidat for D\u00f8nna H\u00f8yre. Av private \u00e5rsaker kunne jeg dessverre ikke stille da, men jeg stilte meg disponibel til listens sisteplass. Listen v\u00e5r ble satt med to kumulerte, og med meg p\u00e5 siste plass p\u00e5 listen. Valgdagen kom, og oppgj\u00f8rets time ville det slik at jeg kom inn som 1.kandidat for D\u00f8nna H\u00f8yre, og fast plass i kommunestyret og formannskapet.<\/p>\n\n\n\n<p>Som politiker er jeg drevet av et sterkt \u00f8nske om \u00e5 skape et bedre samfunn for alle. Verdier m\u00e5 skapes for de kan fordeles. Jeg tror p\u00e5 individuell frihet, ansvar, og at alle skal ha muligheten til \u00e5 lykkes. H\u00f8yre har alltid st\u00e5tt for en balansert og fremtidsrettet politikk, og jeg er stolt over \u00e5 v\u00e6re en del av dette partiet.<\/p>\n\n\n\n<p>Dersom komiteen velger \u00e5 innstille meg, og jeg skulle v\u00e6re s\u00e5 heldig komme inn p\u00e5 Stortinget, vil mine politiske tanker v\u00e6re:<\/p>\n\n\n\n<ul class=\"wp-block-list\">\n<li>Det er viktig \u00e5 sikre at alle barn og unge f\u00e5r en god utdanning som gir dem muligheter i livet. Jeg har jobbet som l\u00e6rer i ungdomsskolen i mange \u00e5r, og er i dag assisterende rektor ved D\u00f8nna barne- og ungdomsskole.&nbsp;<\/li>\n\n\n\n<li>\u00c5 fremme vekst og innovasjon i n\u00e6ringslivet er viktig, slik at vi kan skape flere arbeidsplasser og sikre \u00f8konomisk b\u00e6rekraft. Har selv erfaring fra \u00e5 v\u00e6re selvstendig n\u00e6ringsdrivende, og p\u00e5 bes\u00f8k i bedrifter som politiker, og som varaordf\u00f8rer, tilegnet meg kunnskap om utfordringer og potensialet p\u00e5 noen omr\u00e5der. N\u00e6ringslivet i Nordland har stort potensial, og jeg \u00f8nsker \u00e5 fremme vekst og innovasjon i regionen. Ved \u00e5 st\u00f8tte lokale bedrifter, tilrettelegge for gr\u00fcndere, og investere i teknologi og b\u00e6rekraftige l\u00f8sninger, kan vi skape nye arbeidsplasser og sikre \u00f8konomisk fremgang. En sterk n\u00e6ringsutvikling vil bidra til \u00e5 styrke hele Nordlandsamfunnet. Videre er st\u00f8tte til tiltak som balanserer \u00f8konomisk vekst med milj\u00f8messig b\u00e6rekraft hotspot.<\/li>\n\n\n\n<li>Arbeide for et helsevesen som gir alle tilgang til gode helsetjenester n\u00e5r de trenger det er ogs\u00e5 viktig i langstrakte Nordland.<\/li>\n\n\n\n<li>S\u00e5 kommer vi ikke forbi tema samferdsel i Nordland. Som potensiell stortingskandidat vil jeg, kunne f\u00e5 lov til \u00e5 arbeide for \u00e5 forbedre samferdselen i Nordland. Effektiv og p\u00e5litelig infrastruktur er av stor betydning for b\u00e5de innbyggere og n\u00e6ringsliv. Jeg vil jobbe for bedre veier, hyppigere fergeavganger, og en sterkere satsing p\u00e5 kollektivtransport for \u00e5 knytte regionen tettere sammen og gj\u00f8re hverdagen enklere for alle.<\/li>\n<\/ul>\n\n\n\n<p>Jeg bringer med meg en solid erfaring fra lokalpolitikken, kombinert med en sterk tro p\u00e5 H\u00f8yres politikk og verdier. Min tid som varaordf\u00f8rer i D\u00f8nna har l\u00e6rt meg viktigheten av samarbeid og dialog, og som foreningsleder har jeg sett hvordan engasjement og ledelse kan gj\u00f8re en forskjell.<\/p>\n\n\n\n<p>Jeg er klar til \u00e5 jobbe hardt for v\u00e5re felles m\u00e5l og interesser p\u00e5 Stortinget. Sammen kan vi bygge et bedre Norge for fremtiden.<\/p>\n\n\n\n<p>Med vennlig hilsen,&nbsp;&nbsp;<\/p>\n\n\n\n<p>Trine Sivertsen Hjortdahl<\/p>\n\n\n<div class=\"tags\">\n\t<\/div>\n<div class=\"post-footer alignfull has-background block-editor-block-list__block\" data-align=full>\n\t<div class=\"post-footer-inner\">\n\t\t<h3>Relaterte artikler<\/h3>\n\t\t<div class=\"related-content\"><div class=\"is-card-hoyre\">\n\t<div class=\"teft-card hoyre-teft-card post-teft-card\">\n\t\t<a href=\"https:\/\/hoyre.no\/nordland\/aktuelt\/vi-onsker-dine-innspill\/\" class=\"teft-card__primary-action\">\n\n\t\t\t\t\t<div class=\"teft-card__media teft-card__media--16-9\">\n\t\t\t\t\t\t<img loading=\"lazy\" decoding=\"async\" width=\"768\" height=\"402\" src=\"https:\/\/hoyre.no\/content\/uploads\/sites\/9\/2026\/04\/Dokument-uten-navn-09.02.2026-1-1536x804-1-768x402.png\" class=\"attachment-medium_large size-medium_large\" alt=\"\" srcset=\"https:\/\/hoyre.no\/content\/uploads\/sites\/9\/2026\/04\/Dokument-uten-navn-09.02.2026-1-1536x804-1-768x402.png 768w, https:\/\/hoyre.no\/content\/uploads\/sites\/9\/2026\/04\/Dokument-uten-navn-09.02.2026-1-1536x804-1-300x157.png 300w, https:\/\/hoyre.no\/content\/uploads\/sites\/9\/2026\/04\/Dokument-uten-navn-09.02.2026-1-1536x804-1-1024x536.png 1024w, https:\/\/hoyre.no\/content\/uploads\/sites\/9\/2026\/04\/Dokument-uten-navn-09.02.2026-1-1536x804-1.png 1536w\" sizes=\"auto, (max-width: 768px) 100vw, 768px\" \/>\t\t<\/div>\n\t\t\n\t\t\t<div class=\"teft-card__content-wrapper\">\n\t\t\t\t<div class=\"teft-card__secondary\">\n\t\t\t\t\t\n\t\t\t\t\t\t\t\t<div class=\"teft-card__meta\">\n\t\t\t\t\t\t\t\t\t<span class=\"post-date\">15. apr 2026<\/span>\n\n\t\t\t\t\t\t\t\t\t<span class=\"post-category\">Nominasjonsprosess 2027\/2031<\/span>\t\t\t\t\t\t\t\t<\/div>\n\t\t\t\t\t\t\t\t\t\t\t<\/div>\n\n\t\t\t\t<div class=\"teft-card__primary\">\n\t\t\t\t\t<h2 class=\"teft-card__title\">Vi \u00f8nsker dine innspill!&nbsp;<span class=\"teft-card__primary-title-append\"><\/span><\/h2>\t\t\t\t<\/div>\n\t\t\t<\/div>\n\t\t<\/a>\n\t<\/div>\n\n\t<\/div><div class=\"is-card-hoyre\">\n\t<div class=\"teft-card hoyre-teft-card post-teft-card\">\n\t\t<a href=\"https:\/\/hoyre.no\/nordland\/aktuelt\/sjomatnaeringen-og-prosessindustrien\/\" class=\"teft-card__primary-action\">\n\n\t\t\t<div class=\"teft-card__media teft-card__media--16-9 no-image\"><\/div>\n\t\t\t<div class=\"teft-card__content-wrapper\">\n\t\t\t\t<div class=\"teft-card__secondary\">\n\t\t\t\t\t\n\t\t\t\t\t\t\t\t<div class=\"teft-card__meta\">\n\t\t\t\t\t\t\t\t\t<span class=\"post-date\">20. nov 2025<\/span>\n\n\t\t\t\t\t\t\t\t\t<span class=\"post-category\">Fylkes\u00e5rsm\u00f8te 2025<\/span>\t\t\t\t\t\t\t\t<\/div>\n\t\t\t\t\t\t\t\t\t\t\t<\/div>\n\n\t\t\t\t<div class=\"teft-card__primary\">\n\t\t\t\t\t<h2 class=\"teft-card__title\">Sj\u00f8matn\u00e6ringen og prosessindustrien&nbsp;<span class=\"teft-card__primary-title-append\"><\/span><\/h2>\t\t\t\t<\/div>\n\t\t\t<\/div>\n\t\t<\/a>\n\t<\/div>\n\n\t<\/div><div class=\"is-card-hoyre\">\n\t<div class=\"teft-card hoyre-teft-card post-teft-card\">\n\t\t<a href=\"https:\/\/hoyre.no\/nordland\/aktuelt\/okt-satsning-pa-havforskning\/\" class=\"teft-card__primary-action\">\n\n\t\t\t<div class=\"teft-card__media teft-card__media--16-9 no-image\"><\/div>\n\t\t\t<div class=\"teft-card__content-wrapper\">\n\t\t\t\t<div class=\"teft-card__secondary\">\n\t\t\t\t\t\n\t\t\t\t\t\t\t\t<div class=\"teft-card__meta\">\n\t\t\t\t\t\t\t\t\t<span class=\"post-date\">20. nov 2025<\/span>\n\n\t\t\t\t\t\t\t\t\t<span class=\"post-category\">Fylkes\u00e5rsm\u00f8te 2025<\/span>\t\t\t\t\t\t\t\t<\/div>\n\t\t\t\t\t\t\t\t\t\t\t<\/div>\n\n\t\t\t\t<div class=\"teft-card__primary\">\n\t\t\t\t\t<h2 class=\"teft-card__title\">\u00d8kt satsning p\u00e5 havforskning&nbsp;<span class=\"teft-card__primary-title-append\"><\/span><\/h2>\t\t\t\t<\/div>\n\t\t\t<\/div>\n\t\t<\/a>\n\t<\/div>\n\n\t<\/div><\/div>\t<\/div>\n<\/div>\n","protected":false},"excerpt":{"rendered":"","protected":false},"author":486,"featured_media":0,"comment_status":"closed","ping_status":"closed","sticky":false,"template":"","format":"standard","meta":{"teft_cards_image_url":"","teft_cards_custom_pretitle":"","teft_cards_image_id":1566,"teft_cards_image_focal_point_x":0.5,"teft_cards_image_focal_point_y":0.5,"teft_cards_title":"","teft_cards_excerpt":"","teft_show_chapters":true,"author_display_name":"","footnotes":""},"category":[15],"post_tag":[],"hoyre-visibility":[],"article-type":[],"politician":[],"class_list":["post-1557","post","type-post","status-publish","format-standard","hentry","category-nominasjon-2024"],"yoast_head":"<!-- This site is optimized with the Yoast SEO plugin v26.6 - https:\/\/yoast.com\/wordpress\/plugins\/seo\/ -->\n<title>Kandidatpresentasjon for nominasjon til Stortingsvalget 2025 Nordland H\u00f8yre - Nordland H\u00f8yre<\/title>\n<meta name=\"robots\" content=\"index, follow, max-snippet:-1, max-image-preview:large, max-video-preview:-1\" \/>\n<link rel=\"canonical\" href=\"https:\/\/hoyre.no\/nordland\/aktuelt\/kandidatpresentasjon-for-nominasjon-til-stortingsvalget-2025-nordland-hoyre\/\" \/>\n<meta property=\"og:locale\" content=\"nb_NO\" \/>\n<meta property=\"og:type\" content=\"article\" \/>\n<meta property=\"og:title\" content=\"Kandidatpresentasjon for nominasjon til Stortingsvalget 2025 Nordland H\u00f8yre - Nordland H\u00f8yre\" \/>\n<meta property=\"og:url\" content=\"https:\/\/hoyre.no\/nordland\/aktuelt\/kandidatpresentasjon-for-nominasjon-til-stortingsvalget-2025-nordland-hoyre\/\" \/>\n<meta property=\"og:site_name\" content=\"Nordland H\u00f8yre\" \/>\n<meta property=\"article:published_time\" content=\"2024-07-31T16:14:57+00:00\" \/>\n<meta property=\"article:modified_time\" content=\"2024-08-12T13:33:17+00:00\" \/>\n<meta property=\"og:image\" content=\"https:\/\/hoyre.no\/content\/uploads\/sites\/9\/2022\/11\/Hoyres-logo.png\" \/>\n\t<meta property=\"og:image:width\" content=\"1000\" \/>\n\t<meta property=\"og:image:height\" content=\"1000\" \/>\n\t<meta property=\"og:image:type\" content=\"image\/png\" \/>\n<meta name=\"author\" content=\"Trine Bjarmann-Simonsen\" \/>\n<meta name=\"twitter:card\" content=\"summary_large_image\" \/>\n<meta name=\"twitter:label1\" content=\"Skrevet av\" \/>\n\t<meta name=\"twitter:data1\" content=\"Trine Bjarmann-Simonsen\" \/>\n\t<meta name=\"twitter:label2\" content=\"Ansl. lesetid\" \/>\n\t<meta name=\"twitter:data2\" content=\"33 minutter\" \/>\n<script type=\"application\/ld+json\" class=\"yoast-schema-graph\">{\"@context\":\"https:\/\/schema.org\",\"@graph\":[{\"@type\":\"NewsArticle\",\"@id\":\"https:\/\/hoyre.no\/nordland\/aktuelt\/kandidatpresentasjon-for-nominasjon-til-stortingsvalget-2025-nordland-hoyre\/\",\"url\":\"https:\/\/hoyre.no\/nordland\/aktuelt\/kandidatpresentasjon-for-nominasjon-til-stortingsvalget-2025-nordland-hoyre\/\",\"name\":\"Kandidatpresentasjon for nominasjon til Stortingsvalget 2025 Nordland H\u00f8yre - Nordland H\u00f8yre\",\"isPartOf\":{\"@id\":\"https:\/\/hoyre.no\/nordland\/#website\"},\"datePublished\":\"2024-07-31T16:14:57+00:00\",\"dateModified\":\"2024-08-12T13:33:17+00:00\",\"author\":{\"@id\":\"https:\/\/hoyre.no\/nordland\/#\/schema\/person\/92ade4534463b949ac4576d990e2e90d\"},\"breadcrumb\":{\"@id\":\"https:\/\/hoyre.no\/nordland\/aktuelt\/kandidatpresentasjon-for-nominasjon-til-stortingsvalget-2025-nordland-hoyre\/#breadcrumb\"},\"inLanguage\":\"nb-NO\",\"potentialAction\":[{\"@type\":\"ReadAction\",\"target\":[\"https:\/\/hoyre.no\/nordland\/aktuelt\/kandidatpresentasjon-for-nominasjon-til-stortingsvalget-2025-nordland-hoyre\/\"]}]},{\"@type\":\"BreadcrumbList\",\"@id\":\"https:\/\/hoyre.no\/nordland\/aktuelt\/kandidatpresentasjon-for-nominasjon-til-stortingsvalget-2025-nordland-hoyre\/#breadcrumb\",\"itemListElement\":[{\"@type\":\"ListItem\",\"position\":1,\"name\":\"Til hoyre.no\",\"item\":\"https:\/\/hoyre.no\"},{\"@type\":\"ListItem\",\"position\":2,\"name\":\"Hjem\",\"item\":\"https:\/\/hoyre.no\/nordland\/\"},{\"@type\":\"ListItem\",\"position\":3,\"name\":\"Kandidatpresentasjon for nominasjon til Stortingsvalget 2025 Nordland H\u00f8yre\"}]},{\"@type\":\"WebSite\",\"@id\":\"https:\/\/hoyre.no\/nordland\/#website\",\"url\":\"https:\/\/hoyre.no\/nordland\/\",\"name\":\"Nordland H\u00f8yre\",\"description\":\"Bare enda et H\u00f8yres nettsteder-nettsted\",\"inLanguage\":\"nb-NO\"},{\"@type\":\"Person\",\"@id\":\"https:\/\/hoyre.no\/nordland\/#\/schema\/person\/92ade4534463b949ac4576d990e2e90d\",\"name\":\"Trine Bjarmann-Simonsen\",\"image\":{\"@type\":\"ImageObject\",\"inLanguage\":\"nb-NO\",\"@id\":\"https:\/\/hoyre.no\/nordland\/#\/schema\/person\/image\/\",\"url\":\"https:\/\/secure.gravatar.com\/avatar\/68c6b9d56fbc8433876d2a253b83217428d48efa386223a475b109d0ef4387e1?s=96&d=mm&r=g\",\"contentUrl\":\"https:\/\/secure.gravatar.com\/avatar\/68c6b9d56fbc8433876d2a253b83217428d48efa386223a475b109d0ef4387e1?s=96&d=mm&r=g\",\"caption\":\"Trine Bjarmann-Simonsen\"},\"url\":\"https:\/\/hoyre.no\/nordland\/aktuelt\/author\/m51507242\/\"}]}<\/script>\n<!-- \/ Yoast SEO plugin. -->","yoast_head_json":{"title":"Kandidatpresentasjon for nominasjon til Stortingsvalget 2025 Nordland H\u00f8yre - Nordland H\u00f8yre","robots":{"index":"index","follow":"follow","max-snippet":"max-snippet:-1","max-image-preview":"max-image-preview:large","max-video-preview":"max-video-preview:-1"},"canonical":"https:\/\/hoyre.no\/nordland\/aktuelt\/kandidatpresentasjon-for-nominasjon-til-stortingsvalget-2025-nordland-hoyre\/","og_locale":"nb_NO","og_type":"article","og_title":"Kandidatpresentasjon for nominasjon til Stortingsvalget 2025 Nordland H\u00f8yre - Nordland H\u00f8yre","og_url":"https:\/\/hoyre.no\/nordland\/aktuelt\/kandidatpresentasjon-for-nominasjon-til-stortingsvalget-2025-nordland-hoyre\/","og_site_name":"Nordland H\u00f8yre","article_published_time":"2024-07-31T16:14:57+00:00","article_modified_time":"2024-08-12T13:33:17+00:00","og_image":[{"width":1000,"height":1000,"url":"https:\/\/hoyre.no\/content\/uploads\/sites\/9\/2022\/11\/Hoyres-logo.png","type":"image\/png"}],"author":"Trine Bjarmann-Simonsen","twitter_card":"summary_large_image","twitter_misc":{"Skrevet av":"Trine Bjarmann-Simonsen","Ansl. lesetid":"33 minutter"},"schema":{"@context":"https:\/\/schema.org","@graph":[{"@type":"NewsArticle","@id":"https:\/\/hoyre.no\/nordland\/aktuelt\/kandidatpresentasjon-for-nominasjon-til-stortingsvalget-2025-nordland-hoyre\/","url":"https:\/\/hoyre.no\/nordland\/aktuelt\/kandidatpresentasjon-for-nominasjon-til-stortingsvalget-2025-nordland-hoyre\/","name":"Kandidatpresentasjon for nominasjon til Stortingsvalget 2025 Nordland H\u00f8yre - Nordland H\u00f8yre","isPartOf":{"@id":"https:\/\/hoyre.no\/nordland\/#website"},"datePublished":"2024-07-31T16:14:57+00:00","dateModified":"2024-08-12T13:33:17+00:00","author":{"@id":"https:\/\/hoyre.no\/nordland\/#\/schema\/person\/92ade4534463b949ac4576d990e2e90d"},"breadcrumb":{"@id":"https:\/\/hoyre.no\/nordland\/aktuelt\/kandidatpresentasjon-for-nominasjon-til-stortingsvalget-2025-nordland-hoyre\/#breadcrumb"},"inLanguage":"nb-NO","potentialAction":[{"@type":"ReadAction","target":["https:\/\/hoyre.no\/nordland\/aktuelt\/kandidatpresentasjon-for-nominasjon-til-stortingsvalget-2025-nordland-hoyre\/"]}]},{"@type":"BreadcrumbList","@id":"https:\/\/hoyre.no\/nordland\/aktuelt\/kandidatpresentasjon-for-nominasjon-til-stortingsvalget-2025-nordland-hoyre\/#breadcrumb","itemListElement":[{"@type":"ListItem","position":1,"name":"Til hoyre.no","item":"https:\/\/hoyre.no"},{"@type":"ListItem","position":2,"name":"Hjem","item":"https:\/\/hoyre.no\/nordland\/"},{"@type":"ListItem","position":3,"name":"Kandidatpresentasjon for nominasjon til Stortingsvalget 2025 Nordland H\u00f8yre"}]},{"@type":"WebSite","@id":"https:\/\/hoyre.no\/nordland\/#website","url":"https:\/\/hoyre.no\/nordland\/","name":"Nordland H\u00f8yre","description":"Bare enda et H\u00f8yres nettsteder-nettsted","inLanguage":"nb-NO"},{"@type":"Person","@id":"https:\/\/hoyre.no\/nordland\/#\/schema\/person\/92ade4534463b949ac4576d990e2e90d","name":"Trine Bjarmann-Simonsen","image":{"@type":"ImageObject","inLanguage":"nb-NO","@id":"https:\/\/hoyre.no\/nordland\/#\/schema\/person\/image\/","url":"https:\/\/secure.gravatar.com\/avatar\/68c6b9d56fbc8433876d2a253b83217428d48efa386223a475b109d0ef4387e1?s=96&d=mm&r=g","contentUrl":"https:\/\/secure.gravatar.com\/avatar\/68c6b9d56fbc8433876d2a253b83217428d48efa386223a475b109d0ef4387e1?s=96&d=mm&r=g","caption":"Trine Bjarmann-Simonsen"},"url":"https:\/\/hoyre.no\/nordland\/aktuelt\/author\/m51507242\/"}]}},"distributor_meta":false,"distributor_terms":false,"distributor_media":false,"distributor_original_site_name":"Nordland H\u00f8yre","distributor_original_site_url":"https:\/\/hoyre.no\/nordland","push-errors":false,"_links":{"self":[{"href":"https:\/\/hoyre.no\/nordland\/wp-json\/wp\/v2\/posts\/1557","targetHints":{"allow":["GET"]}}],"collection":[{"href":"https:\/\/hoyre.no\/nordland\/wp-json\/wp\/v2\/posts"}],"about":[{"href":"https:\/\/hoyre.no\/nordland\/wp-json\/wp\/v2\/types\/post"}],"author":[{"embeddable":true,"href":"https:\/\/hoyre.no\/nordland\/wp-json\/wp\/v2\/users\/486"}],"replies":[{"embeddable":true,"href":"https:\/\/hoyre.no\/nordland\/wp-json\/wp\/v2\/comments?post=1557"}],"version-history":[{"count":16,"href":"https:\/\/hoyre.no\/nordland\/wp-json\/wp\/v2\/posts\/1557\/revisions"}],"predecessor-version":[{"id":1579,"href":"https:\/\/hoyre.no\/nordland\/wp-json\/wp\/v2\/posts\/1557\/revisions\/1579"}],"wp:attachment":[{"href":"https:\/\/hoyre.no\/nordland\/wp-json\/wp\/v2\/media?parent=1557"}],"wp:term":[{"taxonomy":"category","embeddable":true,"href":"https:\/\/hoyre.no\/nordland\/wp-json\/wp\/v2\/category?post=1557"},{"taxonomy":"post_tag","embeddable":true,"href":"https:\/\/hoyre.no\/nordland\/wp-json\/wp\/v2\/post_tag?post=1557"},{"taxonomy":"hoyre-visibility","embeddable":true,"href":"https:\/\/hoyre.no\/nordland\/wp-json\/wp\/v2\/hoyre-visibility?post=1557"},{"taxonomy":"article-type","embeddable":true,"href":"https:\/\/hoyre.no\/nordland\/wp-json\/wp\/v2\/article-type?post=1557"},{"taxonomy":"politician","embeddable":true,"href":"https:\/\/hoyre.no\/nordland\/wp-json\/wp\/v2\/politician?post=1557"}],"curies":[{"name":"wp","href":"https:\/\/api.w.org\/{rel}","templated":true}]}}