{"id":1655,"date":"2024-10-04T14:24:44","date_gmt":"2024-10-04T12:24:44","guid":{"rendered":"https:\/\/hoyre.no\/nordland\/?p=1655"},"modified":"2024-11-10T19:10:05","modified_gmt":"2024-11-10T18:10:05","slug":"nominasjonskomiteens-i-nordland-hoyre-har-lagt-frem-sitt-listeforslag","status":"publish","type":"post","link":"https:\/\/hoyre.no\/nordland\/aktuelt\/nominasjonskomiteens-i-nordland-hoyre-har-lagt-frem-sitt-listeforslag\/","title":{"rendered":"Nominasjonskomiteens innstilling er klar"},"content":{"rendered":"\n<p class=\"preamble\">I forbindelse med stortingsvalget 2025, presenterer Nordland H\u00f8yres nominasjonskomite sin enstemmige innstilling p\u00e5 15 kandidater.<\/p>\t\t\t<div class=\"post-meta wp-block teft-byline-wrapper\">\n\t\t\t\t<div class=\"top\">\n\t\t\t\t\t<div class=\"signature\">\n\t\t\t\t\t\t<div class=\"teft-byline\">\n\t\t\t\t\t\t\t\t\t\t\t\t\t\t<div>\n\t\t\t\t\t\t\t\t<h3>H\u00f8yres redaksjon<\/h3>\t\t\t\t\t\t\t\t\n\t\t\t\t\t\t\t\t\t\t\t\t\t\t\t\t\t<span class=\"date\">Sist oppdatert: 10. november 2024<\/span>\n\t\t\t\t\t\t\t\t\t\t\t\t\t\t\t\t\t\t\t\t\t\t\t\t\t<span class=\"reading-time\" itemprop=\"timeRequired\" content=\"PT3M\"><em>Ca. 3 minutter lesetid<\/em><\/span>\n\t\t\t\t\t\t\t\t\t\t\t\t\t\t\t<\/div>\n\t\t\t\t\t\t<\/div>\n\t\t\t\t\t<\/div>\n\t\t\t\t\t\t<div class=\"sharing\">\n\t\t<a class=\"share-button share-link copy-link\" data-copy=\"https:\/\/hoyre.no\/nordland\/aktuelt\/nominasjonskomiteens-i-nordland-hoyre-har-lagt-frem-sitt-listeforslag\/\" target=\"_blank\"><span class=\"screen-reader-text\">Del link<\/span><\/a>\n\t\t<a class=\"share-button share-twitter\" href=\"http:\/\/twitter.com\/share?text=Nominasjonskomiteens innstilling er klar&#038;url=https:\/\/hoyre.no\/nordland\/aktuelt\/nominasjonskomiteens-i-nordland-hoyre-har-lagt-frem-sitt-listeforslag\/&#038;hashtags=Hoyre\" target=\"_blank\"><span class=\"screen-reader-text\">Del p\u00e5 twitter<\/span><\/a>\n\t\t<a class=\"share-button share-facebook\" href=\"https:\/\/www.facebook.com\/sharer\/sharer.php?u=https:\/\/hoyre.no\/nordland\/aktuelt\/nominasjonskomiteens-i-nordland-hoyre-har-lagt-frem-sitt-listeforslag\/\" target=\"_blank\"><span class=\"screen-reader-text\">Del p\u00e5 facebook<\/span><\/a>\n\t<\/div>\n\t\t\t\t\t<\/div>\n\t\t\t<\/div>\n\n\t\t\t<figure class=\"hoyre-image-wrapper\"><div class=\"hoyre-image\"><img loading=\"lazy\" decoding=\"async\" width=\"2500\" height=\"1667\" src=\"https:\/\/hoyre.no\/content\/uploads\/sites\/9\/2024\/07\/48974317152_31063e182d_o-scaled.jpg\" class=\"attachment-scaled size-scaled\" alt=\"\" style=\"object-position: 39% 20%\" srcset=\"https:\/\/hoyre.no\/content\/uploads\/sites\/9\/2024\/07\/48974317152_31063e182d_o-scaled.jpg 2500w, https:\/\/hoyre.no\/content\/uploads\/sites\/9\/2024\/07\/48974317152_31063e182d_o-300x200.jpg 300w, https:\/\/hoyre.no\/content\/uploads\/sites\/9\/2024\/07\/48974317152_31063e182d_o-1024x683.jpg 1024w, https:\/\/hoyre.no\/content\/uploads\/sites\/9\/2024\/07\/48974317152_31063e182d_o-768x512.jpg 768w, https:\/\/hoyre.no\/content\/uploads\/sites\/9\/2024\/07\/48974317152_31063e182d_o-1536x1024.jpg 1536w, https:\/\/hoyre.no\/content\/uploads\/sites\/9\/2024\/07\/48974317152_31063e182d_o-2048x1365.jpg 2048w\" sizes=\"auto, (max-width: 2500px) 100vw, 2500px\" \/><\/div><figcaption class=\"caption\">Foto: Stortinget<\/figcaption><\/figure>\n\n\n\n\n<p>Nominasjonskomiteen har siden februar jobbet med sitt listeforslag i forbindelse med neste \u00e5rs stortingsvalg. N\u00e5 er innstillingen klar.<\/p>\n\n\n\n<p>Joakim Sennesvik, som har ledet nominasjonskomiteen er sv\u00e6rt forn\u00f8yd med innstillingen:<\/p>\n\n\n\n<p><strong>-Vi har veldig mange dyktige kandidater, og er sv\u00e6rt forn\u00f8yd med \u00e5 presentere en liste med en god sammensetning av ulik kompetanse og erfaring.&nbsp;<\/strong><\/p>\n\n\n\n<p>Nominasjonskomiteen for Nordland H\u00f8yre har siden mars arbeidet grundig med listeforslaget, om arbeidet sier Sennesvik:<\/p>\n\n\n\n<p>&#8211; Vi har hatt en lang, grundig og \u00e5pen prosess, hvor vi har g\u00e5tt bredt ut b\u00e5de i og utenfor partiet for \u00e5 f\u00e5 r\u00e5d om gode kandidater. Medlemmene v\u00e5re har kommet med r\u00e5d gjennom r\u00e5dgivende uravstemning og lokalforeningene har pekt retning gjennom pr\u00f8venominasjoner.&nbsp;<\/p>\n\n\n\n<p>Ang\u00e5ende toppen av listen legger Joakim Sennesvik til, <\/p>\n\n\n\n<p>-N\u00e5r det gjelder toppen av lista har det v\u00e6rt en unison st\u00f8tte til B\u00e5rd Ludvig Thorheim. B\u00e5de medlemmene i Nordland H\u00f8yre og nominasjonskomiteen synes han har gjort en utmerket jobb som stortingsrepresentant, og vi er glade for at han \u00f8nsker fire nye \u00e5r i arbeid for Nordland p\u00e5 stortinget.&nbsp;<\/p>\n\n\n\n<p>Han fortsetter,<\/p>\n\n\n\n<p>&#8211; H\u00f8yre sikter mot \u00e5 f\u00e5 inn minst to stortingsrepresentanter fra Nordland etter valget neste h\u00f8st. P\u00e5 andreplass p\u00e5 lista har nominasjonskomiteen foresl\u00e5tt Anita Sollie. Anita har opparbeidet seg solid politisk erfaring blant annet som varaordf\u00f8rer i Rana siden 2019, fylkestingsrepresentant og leder av KS Nordland.&nbsp;<\/p>\n\n\n\n<p>Sennesvik avslutter med en optimistisk f\u00f8lelse av listen:<\/p>\n\n\n\n<p>-Vi skulle gjerne hatt plass til flere p\u00e5 lista. Det har v\u00e6rt et luksusproblem at vi har hatt s\u00e5 mange dyktige kandidater \u00e5 velge mellom. Vi f\u00f8ler oss trygg p\u00e5 at H\u00f8yre med denne listen har et godt utgangspunkt for \u00e5 gj\u00f8re et godt valg i Nordland.&nbsp;<\/p>\n\n\n\n<h2 class=\"wp-block-heading\">Nominasjonskomiteens innstilling:<\/h2>\n\n\n\n<figure class=\"wp-block-table\"><table><tbody><tr><td><strong>1.<\/strong><\/td><td>B\u00e5rd Ludvig Thorheim<\/td><td>Bod\u00f8<\/td><\/tr><tr><td><strong>2.&nbsp;<\/strong><\/td><td>Anita Sollie<\/td><td>Rana<\/td><\/tr><tr><td><strong>3.<\/strong><\/td><td>Eivind Holst<\/td><td>V\u00e5gan<\/td><\/tr><tr><td><strong>4.<\/strong><\/td><td>Maria Strand Munkhaug<\/td><td>Unge H\u00f8yre<\/td><\/tr><tr><td><strong>5.<\/strong><\/td><td>Lars Erik Lillefloth<\/td><td>Narvik<\/td><\/tr><tr><td><strong>6.<\/strong><\/td><td>Trine Sivertsen Hjortdahl<\/td><td>D\u00f8nna<\/td><\/tr><tr><td><strong>7.<\/strong><\/td><td>Matz Abrahamsen<\/td><td>And\u00f8y<\/td><\/tr><tr><td><strong>8.<\/strong><\/td><td>Bodil Bj\u00f8rnaali Brattli<\/td><td>Bod\u00f8<\/td><\/tr><tr><td><strong>9.<\/strong><\/td><td>Stig Tore Skogsholm<\/td><td>Alstahaug<\/td><\/tr><tr><td><strong>10.<\/strong><\/td><td>Desir\u00e9e Skjerpen H\u00f8gmo<\/td><td>Vestv\u00e5g\u00f8y<\/td><\/tr><tr><td><strong>11.<\/strong><\/td><td>Lars Filip Paulsen<\/td><td>Hamar\u00f8y<\/td><\/tr><tr><td><strong>12.<\/strong><\/td><td>Andrea Dahl Larssen<\/td><td>Br\u00f8nn\u00f8y<\/td><\/tr><tr><td><strong>13.<\/strong><\/td><td>Odd Langvatn<\/td><td>Vefsn<\/td><\/tr><tr><td><strong>14.<\/strong><\/td><td>Grete Ellingsen<\/td><td>Sortland<\/td><\/tr><tr><td><strong>15.<\/strong><\/td><td>Odd Emil Ingebrigtsen<\/td><td>Bod\u00f8<\/td><\/tr><\/tbody><\/table><\/figure>\n\n\n\n<p>Nordland H\u00f8yres fylkesstyre oppnevnte nominasjonskomit\u00e9 den 7. februar 2024.&nbsp;best\u00e5ende av:<\/p>\n\n\n\n<ul class=\"wp-block-list\">\n<li><a href=\"https:\/\/hoyre.no\/personprofiler\/joakim-sennesvik\/\">Joakim Sennesvik,<\/a>&nbsp;Bod\u00f8 H\u00f8yre \u2013&nbsp;<strong>leder<\/strong><\/li>\n\n\n\n<li><a href=\"https:\/\/hoyre.no\/personprofiler\/trine-remman\/\">Trine Remman,<\/a>&nbsp;Narvik H\u00f8yre \u2013 nestleder&nbsp;<\/li>\n\n\n\n<li><a href=\"https:\/\/hoyre.no\/personprofiler\/lena-breivik\/\">Lena Breivik,<\/a>&nbsp;Bod\u00f8 H\u00f8yre&nbsp;\u2013 medlem<\/li>\n\n\n\n<li><a href=\"https:\/\/hoyre.no\/personprofiler\/reidar-samuelsen-2\/\">Reidar Samuelsen,<\/a>&nbsp;Vestv\u00e5g\u00f8y H\u00f8yre \u2013 medlem<\/li>\n\n\n\n<li><a href=\"https:\/\/hoyre.no\/personprofiler\/tore-tveramo\/\">Tore Tver\u00e5mo,<\/a>Br\u00f8nn\u00f8y H\u00f8yre \u2013 medlem<\/li>\n\n\n\n<li><a href=\"https:\/\/hoyre.no\/personprofiler\/christine-trones\/\">Christine Trones,<\/a>&nbsp;Hemnes H\u00f8yre \u2013 medlem<\/li>\n\n\n\n<li>Sander Vangen, Nordland Unge H\u00f8yre \u2013 medlem<\/li>\n<\/ul>\n\n\n\n<ul class=\"wp-block-list\">\n<li><a href=\"https:\/\/hoyre.no\/personprofiler\/hakon-lund\/\">H\u00e5kon Lund,<\/a>&nbsp;Lur\u00f8y H\u00f8yre \u2013 vara<\/li>\n\n\n\n<li><a href=\"https:\/\/hoyre.no\/personprofiler\/anita-lill-sollie\/\">Anita Sollie,<\/a>\u00a0Rana H\u00f8yre \u2013 vara                                                                                               (trakk seg fra prosessen og har ikke deltatt p\u00e5 noen m\u00f8ter i komiteen)<\/li>\n<\/ul>\n\n\n\n<h3 class=\"wp-block-heading\">Kontaktperson for uttalelser:<\/h3>\n\n\n\n<p>Leder av nominasjonskomiteen Joakim Sennesvik, <a href=\"tel:92043456\">(+47) 92 04 34 56<\/a>, <a href=\"mailto:joakimsennesvik@gmail.com\">joakimsennesvik@gmail.com<\/a><\/p>\n\n\n\n<p><strong>Nordland H\u00f8yres stortingsvalgsliste velges av nominasjonsm\u00f8te den 2. november i Bod\u00f8 p\u00e5 Scandic Hotel Havet.<\/strong><\/p>\n\n\n<div class=\"tags\">\n\t<\/div>\n<div class=\"post-footer alignfull has-background block-editor-block-list__block\" data-align=full>\n\t<div class=\"post-footer-inner\">\n\t\t<h3>Relaterte artikler<\/h3>\n\t\t<div class=\"related-content\"><div class=\"is-card-hoyre\">\n\t<div class=\"teft-card hoyre-teft-card post-teft-card\">\n\t\t<a href=\"https:\/\/hoyre.no\/nordland\/aktuelt\/vi-onsker-dine-innspill\/\" class=\"teft-card__primary-action\">\n\n\t\t\t\t\t<div class=\"teft-card__media teft-card__media--16-9\">\n\t\t\t\t\t\t<img loading=\"lazy\" decoding=\"async\" width=\"768\" height=\"402\" src=\"https:\/\/hoyre.no\/content\/uploads\/sites\/9\/2026\/04\/Dokument-uten-navn-09.02.2026-1-1536x804-1-768x402.png\" class=\"attachment-medium_large size-medium_large\" alt=\"\" srcset=\"https:\/\/hoyre.no\/content\/uploads\/sites\/9\/2026\/04\/Dokument-uten-navn-09.02.2026-1-1536x804-1-768x402.png 768w, https:\/\/hoyre.no\/content\/uploads\/sites\/9\/2026\/04\/Dokument-uten-navn-09.02.2026-1-1536x804-1-300x157.png 300w, https:\/\/hoyre.no\/content\/uploads\/sites\/9\/2026\/04\/Dokument-uten-navn-09.02.2026-1-1536x804-1-1024x536.png 1024w, https:\/\/hoyre.no\/content\/uploads\/sites\/9\/2026\/04\/Dokument-uten-navn-09.02.2026-1-1536x804-1.png 1536w\" sizes=\"auto, (max-width: 768px) 100vw, 768px\" \/>\t\t<\/div>\n\t\t\n\t\t\t<div class=\"teft-card__content-wrapper\">\n\t\t\t\t<div class=\"teft-card__secondary\">\n\t\t\t\t\t\n\t\t\t\t\t\t\t\t<div class=\"teft-card__meta\">\n\t\t\t\t\t\t\t\t\t<span class=\"post-date\">15. apr 2026<\/span>\n\n\t\t\t\t\t\t\t\t\t<span class=\"post-category\">Nominasjonsprosess 2027\/2031<\/span>\t\t\t\t\t\t\t\t<\/div>\n\t\t\t\t\t\t\t\t\t\t\t<\/div>\n\n\t\t\t\t<div class=\"teft-card__primary\">\n\t\t\t\t\t<h2 class=\"teft-card__title\">Vi \u00f8nsker dine innspill!&nbsp;<span class=\"teft-card__primary-title-append\"><\/span><\/h2>\t\t\t\t<\/div>\n\t\t\t<\/div>\n\t\t<\/a>\n\t<\/div>\n\n\t<\/div><div class=\"is-card-hoyre\">\n\t<div class=\"teft-card hoyre-teft-card post-teft-card\">\n\t\t<a href=\"https:\/\/hoyre.no\/nordland\/aktuelt\/sjomatnaeringen-og-prosessindustrien\/\" class=\"teft-card__primary-action\">\n\n\t\t\t<div class=\"teft-card__media teft-card__media--16-9 no-image\"><\/div>\n\t\t\t<div class=\"teft-card__content-wrapper\">\n\t\t\t\t<div class=\"teft-card__secondary\">\n\t\t\t\t\t\n\t\t\t\t\t\t\t\t<div class=\"teft-card__meta\">\n\t\t\t\t\t\t\t\t\t<span class=\"post-date\">20. nov 2025<\/span>\n\n\t\t\t\t\t\t\t\t\t<span class=\"post-category\">Fylkes\u00e5rsm\u00f8te 2025<\/span>\t\t\t\t\t\t\t\t<\/div>\n\t\t\t\t\t\t\t\t\t\t\t<\/div>\n\n\t\t\t\t<div class=\"teft-card__primary\">\n\t\t\t\t\t<h2 class=\"teft-card__title\">Sj\u00f8matn\u00e6ringen og prosessindustrien&nbsp;<span class=\"teft-card__primary-title-append\"><\/span><\/h2>\t\t\t\t<\/div>\n\t\t\t<\/div>\n\t\t<\/a>\n\t<\/div>\n\n\t<\/div><div class=\"is-card-hoyre\">\n\t<div class=\"teft-card hoyre-teft-card post-teft-card\">\n\t\t<a href=\"https:\/\/hoyre.no\/nordland\/aktuelt\/okt-satsning-pa-havforskning\/\" class=\"teft-card__primary-action\">\n\n\t\t\t<div class=\"teft-card__media teft-card__media--16-9 no-image\"><\/div>\n\t\t\t<div class=\"teft-card__content-wrapper\">\n\t\t\t\t<div class=\"teft-card__secondary\">\n\t\t\t\t\t\n\t\t\t\t\t\t\t\t<div class=\"teft-card__meta\">\n\t\t\t\t\t\t\t\t\t<span class=\"post-date\">20. nov 2025<\/span>\n\n\t\t\t\t\t\t\t\t\t<span class=\"post-category\">Fylkes\u00e5rsm\u00f8te 2025<\/span>\t\t\t\t\t\t\t\t<\/div>\n\t\t\t\t\t\t\t\t\t\t\t<\/div>\n\n\t\t\t\t<div class=\"teft-card__primary\">\n\t\t\t\t\t<h2 class=\"teft-card__title\">\u00d8kt satsning p\u00e5 havforskning&nbsp;<span class=\"teft-card__primary-title-append\"><\/span><\/h2>\t\t\t\t<\/div>\n\t\t\t<\/div>\n\t\t<\/a>\n\t<\/div>\n\n\t<\/div><\/div>\t<\/div>\n<\/div>\n","protected":false},"excerpt":{"rendered":"","protected":false},"author":3547,"featured_media":0,"comment_status":"closed","ping_status":"closed","sticky":false,"template":"","format":"standard","meta":{"teft_cards_image_url":"","teft_cards_custom_pretitle":"","teft_cards_image_id":1565,"teft_cards_image_focal_point_x":0.5,"teft_cards_image_focal_point_y":0.5,"teft_cards_title":"","teft_cards_excerpt":"","teft_show_chapters":false,"author_display_name":"Nordland H\u00f8yre","footnotes":""},"category":[15],"post_tag":[],"hoyre-visibility":[],"article-type":[],"politician":[],"class_list":["post-1655","post","type-post","status-publish","format-standard","hentry","category-nominasjon-2024"],"yoast_head":"<!-- This site is optimized with the Yoast SEO plugin v26.6 - https:\/\/yoast.com\/wordpress\/plugins\/seo\/ -->\n<title>Nominasjonskomiteens innstilling er klar - Nordland H\u00f8yre<\/title>\n<meta name=\"robots\" content=\"index, follow, max-snippet:-1, max-image-preview:large, max-video-preview:-1\" \/>\n<link rel=\"canonical\" href=\"https:\/\/hoyre.no\/nordland\/aktuelt\/nominasjonskomiteens-i-nordland-hoyre-har-lagt-frem-sitt-listeforslag\/\" \/>\n<meta property=\"og:locale\" content=\"nb_NO\" \/>\n<meta property=\"og:type\" content=\"article\" \/>\n<meta property=\"og:title\" content=\"Nominasjonskomiteens innstilling er klar - Nordland H\u00f8yre\" \/>\n<meta property=\"og:url\" content=\"https:\/\/hoyre.no\/nordland\/aktuelt\/nominasjonskomiteens-i-nordland-hoyre-har-lagt-frem-sitt-listeforslag\/\" \/>\n<meta property=\"og:site_name\" content=\"Nordland H\u00f8yre\" \/>\n<meta property=\"article:published_time\" content=\"2024-10-04T12:24:44+00:00\" \/>\n<meta property=\"article:modified_time\" content=\"2024-11-10T18:10:05+00:00\" \/>\n<meta property=\"og:image\" content=\"https:\/\/hoyre.no\/content\/uploads\/sites\/9\/2022\/11\/Hoyres-logo.png\" \/>\n\t<meta property=\"og:image:width\" content=\"1000\" \/>\n\t<meta property=\"og:image:height\" content=\"1000\" \/>\n\t<meta property=\"og:image:type\" content=\"image\/png\" \/>\n<meta name=\"author\" content=\"Isabella Emilie Pigini Storli\" \/>\n<meta name=\"twitter:card\" content=\"summary_large_image\" \/>\n<meta name=\"twitter:label1\" content=\"Skrevet av\" \/>\n\t<meta name=\"twitter:data1\" content=\"Isabella Emilie Pigini Storli\" \/>\n\t<meta name=\"twitter:label2\" content=\"Ansl. lesetid\" \/>\n\t<meta name=\"twitter:data2\" content=\"3 minutter\" \/>\n<script type=\"application\/ld+json\" class=\"yoast-schema-graph\">{\"@context\":\"https:\/\/schema.org\",\"@graph\":[{\"@type\":\"NewsArticle\",\"@id\":\"https:\/\/hoyre.no\/nordland\/aktuelt\/nominasjonskomiteens-i-nordland-hoyre-har-lagt-frem-sitt-listeforslag\/\",\"url\":\"https:\/\/hoyre.no\/nordland\/aktuelt\/nominasjonskomiteens-i-nordland-hoyre-har-lagt-frem-sitt-listeforslag\/\",\"name\":\"Nominasjonskomiteens innstilling er klar - Nordland H\u00f8yre\",\"isPartOf\":{\"@id\":\"https:\/\/hoyre.no\/nordland\/#website\"},\"datePublished\":\"2024-10-04T12:24:44+00:00\",\"dateModified\":\"2024-11-10T18:10:05+00:00\",\"author\":{\"@id\":\"https:\/\/hoyre.no\/nordland\/#\/schema\/person\/6f4581f8cbce8649b11dffce4d355a20\"},\"breadcrumb\":{\"@id\":\"https:\/\/hoyre.no\/nordland\/aktuelt\/nominasjonskomiteens-i-nordland-hoyre-har-lagt-frem-sitt-listeforslag\/#breadcrumb\"},\"inLanguage\":\"nb-NO\",\"potentialAction\":[{\"@type\":\"ReadAction\",\"target\":[\"https:\/\/hoyre.no\/nordland\/aktuelt\/nominasjonskomiteens-i-nordland-hoyre-har-lagt-frem-sitt-listeforslag\/\"]}]},{\"@type\":\"BreadcrumbList\",\"@id\":\"https:\/\/hoyre.no\/nordland\/aktuelt\/nominasjonskomiteens-i-nordland-hoyre-har-lagt-frem-sitt-listeforslag\/#breadcrumb\",\"itemListElement\":[{\"@type\":\"ListItem\",\"position\":1,\"name\":\"Til hoyre.no\",\"item\":\"https:\/\/hoyre.no\"},{\"@type\":\"ListItem\",\"position\":2,\"name\":\"Hjem\",\"item\":\"https:\/\/hoyre.no\/nordland\/\"},{\"@type\":\"ListItem\",\"position\":3,\"name\":\"Nominasjonskomiteens innstilling er klar\"}]},{\"@type\":\"WebSite\",\"@id\":\"https:\/\/hoyre.no\/nordland\/#website\",\"url\":\"https:\/\/hoyre.no\/nordland\/\",\"name\":\"Nordland H\u00f8yre\",\"description\":\"Bare enda et H\u00f8yres nettsteder-nettsted\",\"inLanguage\":\"nb-NO\"},{\"@type\":\"Person\",\"@id\":\"https:\/\/hoyre.no\/nordland\/#\/schema\/person\/6f4581f8cbce8649b11dffce4d355a20\",\"name\":\"Isabella Emilie Pigini Storli\",\"image\":{\"@type\":\"ImageObject\",\"inLanguage\":\"nb-NO\",\"@id\":\"https:\/\/hoyre.no\/nordland\/#\/schema\/person\/image\/\",\"url\":\"https:\/\/secure.gravatar.com\/avatar\/08adee43a03700ba785bdbd90482e1f29963f7da76a6456741cc4ace550c4fe2?s=96&d=mm&r=g\",\"contentUrl\":\"https:\/\/secure.gravatar.com\/avatar\/08adee43a03700ba785bdbd90482e1f29963f7da76a6456741cc4ace550c4fe2?s=96&d=mm&r=g\",\"caption\":\"Isabella Emilie Pigini Storli\"},\"url\":\"https:\/\/hoyre.no\/nordland\/aktuelt\/author\/m52026796\/\"}]}<\/script>\n<!-- \/ Yoast SEO plugin. -->","yoast_head_json":{"title":"Nominasjonskomiteens innstilling er klar - Nordland H\u00f8yre","robots":{"index":"index","follow":"follow","max-snippet":"max-snippet:-1","max-image-preview":"max-image-preview:large","max-video-preview":"max-video-preview:-1"},"canonical":"https:\/\/hoyre.no\/nordland\/aktuelt\/nominasjonskomiteens-i-nordland-hoyre-har-lagt-frem-sitt-listeforslag\/","og_locale":"nb_NO","og_type":"article","og_title":"Nominasjonskomiteens innstilling er klar - Nordland H\u00f8yre","og_url":"https:\/\/hoyre.no\/nordland\/aktuelt\/nominasjonskomiteens-i-nordland-hoyre-har-lagt-frem-sitt-listeforslag\/","og_site_name":"Nordland H\u00f8yre","article_published_time":"2024-10-04T12:24:44+00:00","article_modified_time":"2024-11-10T18:10:05+00:00","og_image":[{"width":1000,"height":1000,"url":"https:\/\/hoyre.no\/content\/uploads\/sites\/9\/2022\/11\/Hoyres-logo.png","type":"image\/png"}],"author":"Isabella Emilie Pigini Storli","twitter_card":"summary_large_image","twitter_misc":{"Skrevet av":"Isabella Emilie Pigini Storli","Ansl. lesetid":"3 minutter"},"schema":{"@context":"https:\/\/schema.org","@graph":[{"@type":"NewsArticle","@id":"https:\/\/hoyre.no\/nordland\/aktuelt\/nominasjonskomiteens-i-nordland-hoyre-har-lagt-frem-sitt-listeforslag\/","url":"https:\/\/hoyre.no\/nordland\/aktuelt\/nominasjonskomiteens-i-nordland-hoyre-har-lagt-frem-sitt-listeforslag\/","name":"Nominasjonskomiteens innstilling er klar - Nordland H\u00f8yre","isPartOf":{"@id":"https:\/\/hoyre.no\/nordland\/#website"},"datePublished":"2024-10-04T12:24:44+00:00","dateModified":"2024-11-10T18:10:05+00:00","author":{"@id":"https:\/\/hoyre.no\/nordland\/#\/schema\/person\/6f4581f8cbce8649b11dffce4d355a20"},"breadcrumb":{"@id":"https:\/\/hoyre.no\/nordland\/aktuelt\/nominasjonskomiteens-i-nordland-hoyre-har-lagt-frem-sitt-listeforslag\/#breadcrumb"},"inLanguage":"nb-NO","potentialAction":[{"@type":"ReadAction","target":["https:\/\/hoyre.no\/nordland\/aktuelt\/nominasjonskomiteens-i-nordland-hoyre-har-lagt-frem-sitt-listeforslag\/"]}]},{"@type":"BreadcrumbList","@id":"https:\/\/hoyre.no\/nordland\/aktuelt\/nominasjonskomiteens-i-nordland-hoyre-har-lagt-frem-sitt-listeforslag\/#breadcrumb","itemListElement":[{"@type":"ListItem","position":1,"name":"Til hoyre.no","item":"https:\/\/hoyre.no"},{"@type":"ListItem","position":2,"name":"Hjem","item":"https:\/\/hoyre.no\/nordland\/"},{"@type":"ListItem","position":3,"name":"Nominasjonskomiteens innstilling er klar"}]},{"@type":"WebSite","@id":"https:\/\/hoyre.no\/nordland\/#website","url":"https:\/\/hoyre.no\/nordland\/","name":"Nordland H\u00f8yre","description":"Bare enda et H\u00f8yres nettsteder-nettsted","inLanguage":"nb-NO"},{"@type":"Person","@id":"https:\/\/hoyre.no\/nordland\/#\/schema\/person\/6f4581f8cbce8649b11dffce4d355a20","name":"Isabella Emilie Pigini Storli","image":{"@type":"ImageObject","inLanguage":"nb-NO","@id":"https:\/\/hoyre.no\/nordland\/#\/schema\/person\/image\/","url":"https:\/\/secure.gravatar.com\/avatar\/08adee43a03700ba785bdbd90482e1f29963f7da76a6456741cc4ace550c4fe2?s=96&d=mm&r=g","contentUrl":"https:\/\/secure.gravatar.com\/avatar\/08adee43a03700ba785bdbd90482e1f29963f7da76a6456741cc4ace550c4fe2?s=96&d=mm&r=g","caption":"Isabella Emilie Pigini Storli"},"url":"https:\/\/hoyre.no\/nordland\/aktuelt\/author\/m52026796\/"}]}},"distributor_meta":false,"distributor_terms":false,"distributor_media":false,"distributor_original_site_name":"Nordland H\u00f8yre","distributor_original_site_url":"https:\/\/hoyre.no\/nordland","push-errors":false,"_links":{"self":[{"href":"https:\/\/hoyre.no\/nordland\/wp-json\/wp\/v2\/posts\/1655","targetHints":{"allow":["GET"]}}],"collection":[{"href":"https:\/\/hoyre.no\/nordland\/wp-json\/wp\/v2\/posts"}],"about":[{"href":"https:\/\/hoyre.no\/nordland\/wp-json\/wp\/v2\/types\/post"}],"author":[{"embeddable":true,"href":"https:\/\/hoyre.no\/nordland\/wp-json\/wp\/v2\/users\/3547"}],"replies":[{"embeddable":true,"href":"https:\/\/hoyre.no\/nordland\/wp-json\/wp\/v2\/comments?post=1655"}],"version-history":[{"count":10,"href":"https:\/\/hoyre.no\/nordland\/wp-json\/wp\/v2\/posts\/1655\/revisions"}],"predecessor-version":[{"id":1671,"href":"https:\/\/hoyre.no\/nordland\/wp-json\/wp\/v2\/posts\/1655\/revisions\/1671"}],"wp:attachment":[{"href":"https:\/\/hoyre.no\/nordland\/wp-json\/wp\/v2\/media?parent=1655"}],"wp:term":[{"taxonomy":"category","embeddable":true,"href":"https:\/\/hoyre.no\/nordland\/wp-json\/wp\/v2\/category?post=1655"},{"taxonomy":"post_tag","embeddable":true,"href":"https:\/\/hoyre.no\/nordland\/wp-json\/wp\/v2\/post_tag?post=1655"},{"taxonomy":"hoyre-visibility","embeddable":true,"href":"https:\/\/hoyre.no\/nordland\/wp-json\/wp\/v2\/hoyre-visibility?post=1655"},{"taxonomy":"article-type","embeddable":true,"href":"https:\/\/hoyre.no\/nordland\/wp-json\/wp\/v2\/article-type?post=1655"},{"taxonomy":"politician","embeddable":true,"href":"https:\/\/hoyre.no\/nordland\/wp-json\/wp\/v2\/politician?post=1655"}],"curies":[{"name":"wp","href":"https:\/\/api.w.org\/{rel}","templated":true}]}}