{"id":1804,"date":"2024-11-02T18:57:40","date_gmt":"2024-11-02T17:57:40","guid":{"rendered":"https:\/\/hoyre.no\/nordland\/?p=1804"},"modified":"2025-03-21T14:37:05","modified_gmt":"2025-03-21T13:37:05","slug":"nordland-hoyre-har-nominert-kandidater-til-stortingsvalget-2025","status":"publish","type":"post","link":"https:\/\/hoyre.no\/nordland\/aktuelt\/nordland-hoyre-har-nominert-kandidater-til-stortingsvalget-2025\/","title":{"rendered":"Nordland H\u00f8yre har nominert kandidater til stortingsvalget 2025"},"content":{"rendered":"\n<p class=\"preamble\">Nordland H\u00f8yre avholdt l\u00f8rdag 2. november sitt  nominasjonsm\u00f8te til stortingsvalget 2025, listen med 15 navn ble valgt. M\u00f8tet fant sted p\u00e5 Scandic Havet i Bod\u00f8.<\/p>\t\t\t<div class=\"post-meta wp-block teft-byline-wrapper\">\n\t\t\t\t<div class=\"top\">\n\t\t\t\t\t<div class=\"signature\">\n\t\t\t\t\t\t<div class=\"teft-byline\">\n\t\t\t\t\t\t\t\t\t\t\t\t\t\t<div>\n\t\t\t\t\t\t\t\t<h3>H\u00f8yres redaksjon<\/h3>\t\t\t\t\t\t\t\t\n\t\t\t\t\t\t\t\t\t\t\t\t\t\t\t\t\t<span class=\"date\">Sist oppdatert: 21. mars 2025<\/span>\n\t\t\t\t\t\t\t\t\t\t\t\t\t\t\t\t\t\t\t\t\t\t\t\t\t<span class=\"reading-time\" itemprop=\"timeRequired\" content=\"PT3M\"><em>Ca. 3 minutter lesetid<\/em><\/span>\n\t\t\t\t\t\t\t\t\t\t\t\t\t\t\t<\/div>\n\t\t\t\t\t\t<\/div>\n\t\t\t\t\t<\/div>\n\t\t\t\t\t\t<div class=\"sharing\">\n\t\t<a class=\"share-button share-link copy-link\" data-copy=\"https:\/\/hoyre.no\/nordland\/aktuelt\/nordland-hoyre-har-nominert-kandidater-til-stortingsvalget-2025\/\" target=\"_blank\"><span class=\"screen-reader-text\">Del link<\/span><\/a>\n\t\t<a class=\"share-button share-twitter\" href=\"http:\/\/twitter.com\/share?text=Nordland H\u00f8yre har nominert kandidater til stortingsvalget 2025&#038;url=https:\/\/hoyre.no\/nordland\/aktuelt\/nordland-hoyre-har-nominert-kandidater-til-stortingsvalget-2025\/&#038;hashtags=Hoyre\" target=\"_blank\"><span class=\"screen-reader-text\">Del p\u00e5 twitter<\/span><\/a>\n\t\t<a class=\"share-button share-facebook\" href=\"https:\/\/www.facebook.com\/sharer\/sharer.php?u=https:\/\/hoyre.no\/nordland\/aktuelt\/nordland-hoyre-har-nominert-kandidater-til-stortingsvalget-2025\/\" target=\"_blank\"><span class=\"screen-reader-text\">Del p\u00e5 facebook<\/span><\/a>\n\t<\/div>\n\t\t\t\t\t<\/div>\n\t\t\t<\/div>\n\n\t\t\t<figure class=\"hoyre-image-wrapper\"><div class=\"hoyre-image\"><img loading=\"lazy\" decoding=\"async\" width=\"2500\" height=\"1667\" src=\"https:\/\/hoyre.no\/content\/uploads\/sites\/9\/2024\/11\/Nominasjon-4-scaled.jpg\" class=\"attachment-scaled size-scaled\" alt=\"\" style=\"object-position: 32% 27%\" srcset=\"https:\/\/hoyre.no\/content\/uploads\/sites\/9\/2024\/11\/Nominasjon-4-scaled.jpg 2500w, https:\/\/hoyre.no\/content\/uploads\/sites\/9\/2024\/11\/Nominasjon-4-300x200.jpg 300w, https:\/\/hoyre.no\/content\/uploads\/sites\/9\/2024\/11\/Nominasjon-4-1024x683.jpg 1024w, https:\/\/hoyre.no\/content\/uploads\/sites\/9\/2024\/11\/Nominasjon-4-768x512.jpg 768w, https:\/\/hoyre.no\/content\/uploads\/sites\/9\/2024\/11\/Nominasjon-4-1536x1024.jpg 1536w, https:\/\/hoyre.no\/content\/uploads\/sites\/9\/2024\/11\/Nominasjon-4-2048x1365.jpg 2048w\" sizes=\"auto, (max-width: 2500px) 100vw, 2500px\" \/><\/div><figcaption class=\"caption\">f.v Odd Emil Ingebrigtsen, Trine Sivertsen Hjortdahl, Bodil Brattli, Matz Abrahamsen, Grete Ellingsen, Odd Langvatn, Lars Filip Paulsen, Lars Erik Lillefloth, Desir\u00e9e Skjerpen H\u00f8gmo, Stig Tore Skogsholm, Eivind Holst, B\u00e5rd Ludvig Thorheim, Anita Sollie, Maria Strand Munkhaug<\/figcaption><\/figure>\n\n\n\n\n<p>I dag avholdt Nordland H\u00f8yre sitt nominasjonsm\u00f8te, og Nordland H\u00f8yres enstemmige innstilling p\u00e5 15 ulike kandidater til stortingsvalgliste 2025-2029 ble enstemmig valgt.<\/p>\n\n\n\n<p>Marianne Dobak Kvensj\u00f8 og Jonny Finstad ledet nominasjonsm\u00f8te igjennom sakslisten. Det var 82 stemmeberettigede til stede i salen, samt observat\u00f8rer.<\/p>\n\n\n\n<p>Nominasjonskomiteens leder, Joakim Sennesvik presenterte komiteens innstilling f\u00f8r det ble \u00e5pent for debatt og votering.<\/p>\n\n\n\n<p>B\u00e5rd Ludvig Thorheim ble valgt som f\u00f8rstekandidat, Thorheim sitter for tiden i energi- og milj\u00f8komiteen p\u00e5 Stortinget. Ang\u00e5ende valget sier han f\u00f8lgende,<\/p>\n\n\n\n<blockquote class=\"wp-block-quote is-layout-flow wp-block-quote-is-layout-flow\">\n<p>Vi skal gi Nordland og landet en ny kurs. Vi trenger vekst i \u00f8konomien, at helsek\u00f8er g\u00e5r ned og antall politifolk opp. Vi er et godt lag som n\u00e5 skal treffe folk i hele fylket og sammen lage bedre l\u00f8sninger p\u00e5 fremtidens utfordringer.<\/p>\n<\/blockquote>\n\n\n\n<p><\/p>\n\n\n\n<p>Til andreplassen ble varaordf\u00f8rer i Rana kommune og fylkestingsrepresentant Anita Sollie valgt.<\/p>\n\n\n\n<blockquote class=\"wp-block-quote is-layout-flow wp-block-quote-is-layout-flow\">\n<p>Jeg vil takke alle h\u00f8yrefolk i Nordland for tilliten. Det er ekstra stas at jeg ble enstemmig valgt til andreplassen p\u00e5 stortingslisten. Jeg skal gj\u00f8re mitt beste med \u00e5 sette Nordland p\u00e5 kartet p\u00e5 Stortinget. Men da m\u00e5 nok velgere stemme p\u00e5 H\u00f8yre om 10 m\u00e5neder.<\/p>\n<\/blockquote>\n\n\n\n<p>Sittende fylkesordf\u00f8rer Eivind Holst ble valgt til H\u00f8yres tredjeplass<\/p>\n\n\n\n<figure class=\"wp-block-image size-large\"><img loading=\"lazy\" decoding=\"async\" width=\"1024\" height=\"683\" src=\"https:\/\/hoyre.no\/content\/uploads\/sites\/9\/2024\/11\/Nominasjon-1-1024x683.jpg\" alt=\"\" class=\"wp-image-1809\" srcset=\"https:\/\/hoyre.no\/content\/uploads\/sites\/9\/2024\/11\/Nominasjon-1-1024x683.jpg 1024w, https:\/\/hoyre.no\/content\/uploads\/sites\/9\/2024\/11\/Nominasjon-1-300x200.jpg 300w, https:\/\/hoyre.no\/content\/uploads\/sites\/9\/2024\/11\/Nominasjon-1-768x512.jpg 768w, https:\/\/hoyre.no\/content\/uploads\/sites\/9\/2024\/11\/Nominasjon-1-1536x1024.jpg 1536w, https:\/\/hoyre.no\/content\/uploads\/sites\/9\/2024\/11\/Nominasjon-1-2048x1365.jpg 2048w\" sizes=\"auto, (max-width: 1024px) 100vw, 1024px\" \/><\/figure>\n\n\n\n<blockquote class=\"wp-block-quote is-layout-flow wp-block-quote-is-layout-flow\">\n<p>Jeg er stolt over \u00e5 bli vist stor tillit fra H\u00f8yre i Nordland gjennom \u00e5 bli nominert som tredjekandidat til stortingsvalglisten i 2025.\u00a0Nordland trenger stortingsrepresentanter som kjemper for at satsningene som kommende regjeringer skal gjennomf\u00f8re ivaretar Nordland, og behov befolkningen langs kysten har! Beste m\u00e5ten \u00e5 p\u00e5virke politikken til en fremtidig borgerlig regjering, er \u00e5 velge s\u00e5 mange stortingsrepresentanter som mulig fra de borgerlige partiene i Nordland!<\/p>\n<\/blockquote>\n\n\n\n<figure class=\"wp-block-image size-large\"><img loading=\"lazy\" decoding=\"async\" width=\"1024\" height=\"683\" src=\"https:\/\/hoyre.no\/content\/uploads\/sites\/9\/2024\/11\/Nominasjon-3-1024x683.jpg\" alt=\"\" class=\"wp-image-1811\" style=\"aspect-ratio:3\/2;object-fit:cover\" srcset=\"https:\/\/hoyre.no\/content\/uploads\/sites\/9\/2024\/11\/Nominasjon-3-1024x683.jpg 1024w, https:\/\/hoyre.no\/content\/uploads\/sites\/9\/2024\/11\/Nominasjon-3-300x200.jpg 300w, https:\/\/hoyre.no\/content\/uploads\/sites\/9\/2024\/11\/Nominasjon-3-768x512.jpg 768w, https:\/\/hoyre.no\/content\/uploads\/sites\/9\/2024\/11\/Nominasjon-3-1536x1024.jpg 1536w, https:\/\/hoyre.no\/content\/uploads\/sites\/9\/2024\/11\/Nominasjon-3-2048x1365.jpg 2048w\" sizes=\"auto, (max-width: 1024px) 100vw, 1024px\" \/><\/figure>\n\n\n\n<p>Maria Strand Munkhaug ble valgt som Nordland H\u00f8yres ungdomskandidat og fikk fjerdeplassen p\u00e5 listen.<\/p>\n\n\n\n<blockquote class=\"wp-block-quote is-layout-flow wp-block-quote-is-layout-flow\">\n<p>Det er veldig \u00e6refullt \u00e5 f\u00e5 tilliten fra Nordland H\u00f8yre til \u00e5 v\u00e6re deres stortingskandidat i 2025. Jeg gleder meg til en valgkamp der vi skal jobbe for regjeringsskifte og et bl\u00e5tt Nordland. Vi har utfordringer i Norge som krever politikere som tar ansvar, det ansvaret er jeg klar til \u00e5 ta, skriver Munkhaug.<\/p>\n<\/blockquote>\n\n\n\n<p>Den enstemmige stortingsvalglisten som ble valgt p\u00e5 nominasjonsm\u00f8tet ser slik ut:<\/p>\n\n\n\n<figure class=\"wp-block-table\"><table><tbody><tr><td><strong>1.<\/strong><\/td><td>B\u00e5rd Ludvig Thorheim<\/td><td>Bod\u00f8<\/td><\/tr><tr><td><strong>2.&nbsp;<\/strong><\/td><td>Anita Sollie<\/td><td>Rana<\/td><\/tr><tr><td><strong>3.<\/strong><\/td><td>Eivind Holst<\/td><td>V\u00e5gan<\/td><\/tr><tr><td><strong>4.<\/strong><\/td><td>Maria Strand Munkhaug<\/td><td>Unge H\u00f8yre<\/td><\/tr><tr><td><strong>5.<\/strong><\/td><td>Lars Erik Lillefloth<\/td><td>Narvik<\/td><\/tr><tr><td><strong>6.<\/strong><\/td><td>Trine Sivertsen Hjortdahl<\/td><td>D\u00f8nna<\/td><\/tr><tr><td><strong>7.<\/strong><\/td><td>Matz Abrahamsen<\/td><td>And\u00f8y<\/td><\/tr><tr><td><strong>8.<\/strong><\/td><td>Bodil Bj\u00f8rnaali Brattli<\/td><td>Bod\u00f8<\/td><\/tr><tr><td><strong>9.<\/strong><\/td><td>Stig Tore Skogsholm<\/td><td>Alstahaug<\/td><\/tr><tr><td><strong>10.<\/strong><\/td><td>Desir\u00e9e Skjerpen H\u00f8gmo<\/td><td>Vestv\u00e5g\u00f8y<\/td><\/tr><tr><td><strong>11.<\/strong><\/td><td>Lars Filip Paulsen<\/td><td>Hamar\u00f8y<\/td><\/tr><tr><td><strong>12.<\/strong><\/td><td>Andrea Dahl Larssen<\/td><td>Br\u00f8nn\u00f8y<\/td><\/tr><tr><td><strong>13.<\/strong><\/td><td>Odd Langvatn<\/td><td>Vefsn<\/td><\/tr><tr><td><strong>14.<\/strong><\/td><td>Grete Ellingsen<\/td><td>Sortland<\/td><\/tr><tr><td><strong>15.<\/strong><\/td><td>Odd Emil Ingebrigtsen<\/td><td>Bod\u00f8<\/td><\/tr><\/tbody><\/table><\/figure>\n\n\n<div class=\"tags\">\n\t<\/div>\n<div class=\"post-footer alignfull has-background block-editor-block-list__block\" data-align=full>\n\t<div class=\"post-footer-inner\">\n\t\t<h3>Relaterte artikler<\/h3>\n\t\t<div class=\"related-content\"><div class=\"is-card-hoyre\">\n\t<div class=\"teft-card hoyre-teft-card post-teft-card\">\n\t\t<a href=\"https:\/\/hoyre.no\/nordland\/aktuelt\/vi-onsker-dine-innspill\/\" class=\"teft-card__primary-action\">\n\n\t\t\t\t\t<div class=\"teft-card__media teft-card__media--16-9\">\n\t\t\t\t\t\t<img loading=\"lazy\" decoding=\"async\" width=\"768\" height=\"402\" src=\"https:\/\/hoyre.no\/content\/uploads\/sites\/9\/2026\/04\/Dokument-uten-navn-09.02.2026-1-1536x804-1-768x402.png\" class=\"attachment-medium_large size-medium_large\" alt=\"\" srcset=\"https:\/\/hoyre.no\/content\/uploads\/sites\/9\/2026\/04\/Dokument-uten-navn-09.02.2026-1-1536x804-1-768x402.png 768w, https:\/\/hoyre.no\/content\/uploads\/sites\/9\/2026\/04\/Dokument-uten-navn-09.02.2026-1-1536x804-1-300x157.png 300w, https:\/\/hoyre.no\/content\/uploads\/sites\/9\/2026\/04\/Dokument-uten-navn-09.02.2026-1-1536x804-1-1024x536.png 1024w, https:\/\/hoyre.no\/content\/uploads\/sites\/9\/2026\/04\/Dokument-uten-navn-09.02.2026-1-1536x804-1.png 1536w\" sizes=\"auto, (max-width: 768px) 100vw, 768px\" \/>\t\t<\/div>\n\t\t\n\t\t\t<div class=\"teft-card__content-wrapper\">\n\t\t\t\t<div class=\"teft-card__secondary\">\n\t\t\t\t\t\n\t\t\t\t\t\t\t\t<div class=\"teft-card__meta\">\n\t\t\t\t\t\t\t\t\t<span class=\"post-date\">15. apr 2026<\/span>\n\n\t\t\t\t\t\t\t\t\t<span class=\"post-category\">Nominasjonsprosess 2027\/2031<\/span>\t\t\t\t\t\t\t\t<\/div>\n\t\t\t\t\t\t\t\t\t\t\t<\/div>\n\n\t\t\t\t<div class=\"teft-card__primary\">\n\t\t\t\t\t<h2 class=\"teft-card__title\">Vi \u00f8nsker dine innspill!&nbsp;<span class=\"teft-card__primary-title-append\"><\/span><\/h2>\t\t\t\t<\/div>\n\t\t\t<\/div>\n\t\t<\/a>\n\t<\/div>\n\n\t<\/div><div class=\"is-card-hoyre\">\n\t<div class=\"teft-card hoyre-teft-card post-teft-card\">\n\t\t<a href=\"https:\/\/hoyre.no\/nordland\/aktuelt\/sjomatnaeringen-og-prosessindustrien\/\" class=\"teft-card__primary-action\">\n\n\t\t\t<div class=\"teft-card__media teft-card__media--16-9 no-image\"><\/div>\n\t\t\t<div class=\"teft-card__content-wrapper\">\n\t\t\t\t<div class=\"teft-card__secondary\">\n\t\t\t\t\t\n\t\t\t\t\t\t\t\t<div class=\"teft-card__meta\">\n\t\t\t\t\t\t\t\t\t<span class=\"post-date\">20. nov 2025<\/span>\n\n\t\t\t\t\t\t\t\t\t<span class=\"post-category\">Fylkes\u00e5rsm\u00f8te 2025<\/span>\t\t\t\t\t\t\t\t<\/div>\n\t\t\t\t\t\t\t\t\t\t\t<\/div>\n\n\t\t\t\t<div class=\"teft-card__primary\">\n\t\t\t\t\t<h2 class=\"teft-card__title\">Sj\u00f8matn\u00e6ringen og prosessindustrien&nbsp;<span class=\"teft-card__primary-title-append\"><\/span><\/h2>\t\t\t\t<\/div>\n\t\t\t<\/div>\n\t\t<\/a>\n\t<\/div>\n\n\t<\/div><div class=\"is-card-hoyre\">\n\t<div class=\"teft-card hoyre-teft-card post-teft-card\">\n\t\t<a href=\"https:\/\/hoyre.no\/nordland\/aktuelt\/okt-satsning-pa-havforskning\/\" class=\"teft-card__primary-action\">\n\n\t\t\t<div class=\"teft-card__media teft-card__media--16-9 no-image\"><\/div>\n\t\t\t<div class=\"teft-card__content-wrapper\">\n\t\t\t\t<div class=\"teft-card__secondary\">\n\t\t\t\t\t\n\t\t\t\t\t\t\t\t<div class=\"teft-card__meta\">\n\t\t\t\t\t\t\t\t\t<span class=\"post-date\">20. nov 2025<\/span>\n\n\t\t\t\t\t\t\t\t\t<span class=\"post-category\">Fylkes\u00e5rsm\u00f8te 2025<\/span>\t\t\t\t\t\t\t\t<\/div>\n\t\t\t\t\t\t\t\t\t\t\t<\/div>\n\n\t\t\t\t<div class=\"teft-card__primary\">\n\t\t\t\t\t<h2 class=\"teft-card__title\">\u00d8kt satsning p\u00e5 havforskning&nbsp;<span class=\"teft-card__primary-title-append\"><\/span><\/h2>\t\t\t\t<\/div>\n\t\t\t<\/div>\n\t\t<\/a>\n\t<\/div>\n\n\t<\/div><\/div>\t<\/div>\n<\/div>\n","protected":false},"excerpt":{"rendered":"","protected":false},"author":486,"featured_media":0,"comment_status":"closed","ping_status":"closed","sticky":false,"template":"","format":"standard","meta":{"teft_cards_image_url":"","teft_cards_custom_pretitle":"","teft_cards_image_id":1811,"teft_cards_image_focal_point_x":0.5,"teft_cards_image_focal_point_y":0.5,"teft_cards_title":"","teft_cards_excerpt":"","teft_show_chapters":false,"author_display_name":"","footnotes":""},"category":[15,20],"post_tag":[],"hoyre-visibility":[],"article-type":[],"politician":[],"class_list":["post-1804","post","type-post","status-publish","format-standard","hentry","category-nominasjon-2024","category-valg-2025"],"yoast_head":"<!-- This site is optimized with the Yoast SEO plugin v26.6 - https:\/\/yoast.com\/wordpress\/plugins\/seo\/ -->\n<title>Nordland H\u00f8yre har nominert kandidater til stortingsvalget 2025 - Nordland H\u00f8yre<\/title>\n<meta name=\"robots\" content=\"index, follow, max-snippet:-1, max-image-preview:large, max-video-preview:-1\" \/>\n<link rel=\"canonical\" href=\"https:\/\/hoyre.no\/nordland\/aktuelt\/nordland-hoyre-har-nominert-kandidater-til-stortingsvalget-2025\/\" \/>\n<meta property=\"og:locale\" content=\"nb_NO\" \/>\n<meta property=\"og:type\" content=\"article\" \/>\n<meta property=\"og:title\" content=\"Nordland H\u00f8yre har nominert kandidater til stortingsvalget 2025 - Nordland H\u00f8yre\" \/>\n<meta property=\"og:url\" content=\"https:\/\/hoyre.no\/nordland\/aktuelt\/nordland-hoyre-har-nominert-kandidater-til-stortingsvalget-2025\/\" \/>\n<meta property=\"og:site_name\" content=\"Nordland H\u00f8yre\" \/>\n<meta property=\"article:published_time\" content=\"2024-11-02T17:57:40+00:00\" \/>\n<meta property=\"article:modified_time\" content=\"2025-03-21T13:37:05+00:00\" \/>\n<meta property=\"og:image\" content=\"https:\/\/hoyre.no\/content\/uploads\/sites\/9\/2024\/11\/Nominasjon-1-1024x683.jpg\" \/>\n<meta name=\"author\" content=\"Trine Bjarmann-Simonsen\" \/>\n<meta name=\"twitter:card\" content=\"summary_large_image\" \/>\n<meta name=\"twitter:label1\" content=\"Skrevet av\" \/>\n\t<meta name=\"twitter:data1\" content=\"Trine Bjarmann-Simonsen\" \/>\n\t<meta name=\"twitter:label2\" content=\"Ansl. lesetid\" \/>\n\t<meta name=\"twitter:data2\" content=\"2 minutter\" \/>\n<script type=\"application\/ld+json\" class=\"yoast-schema-graph\">{\"@context\":\"https:\/\/schema.org\",\"@graph\":[{\"@type\":\"NewsArticle\",\"@id\":\"https:\/\/hoyre.no\/nordland\/aktuelt\/nordland-hoyre-har-nominert-kandidater-til-stortingsvalget-2025\/\",\"url\":\"https:\/\/hoyre.no\/nordland\/aktuelt\/nordland-hoyre-har-nominert-kandidater-til-stortingsvalget-2025\/\",\"name\":\"Nordland H\u00f8yre har nominert kandidater til stortingsvalget 2025 - Nordland H\u00f8yre\",\"isPartOf\":{\"@id\":\"https:\/\/hoyre.no\/nordland\/#website\"},\"image\":{\"@id\":\"https:\/\/hoyre.no\/nordland\/aktuelt\/nordland-hoyre-har-nominert-kandidater-til-stortingsvalget-2025\/#primaryimage\"},\"thumbnailUrl\":\"https:\/\/hoyre.no\/content\/uploads\/sites\/9\/2024\/11\/Nominasjon-1-1024x683.jpg\",\"datePublished\":\"2024-11-02T17:57:40+00:00\",\"dateModified\":\"2025-03-21T13:37:05+00:00\",\"author\":{\"@id\":\"https:\/\/hoyre.no\/nordland\/#\/schema\/person\/92ade4534463b949ac4576d990e2e90d\"},\"breadcrumb\":{\"@id\":\"https:\/\/hoyre.no\/nordland\/aktuelt\/nordland-hoyre-har-nominert-kandidater-til-stortingsvalget-2025\/#breadcrumb\"},\"inLanguage\":\"nb-NO\",\"potentialAction\":[{\"@type\":\"ReadAction\",\"target\":[\"https:\/\/hoyre.no\/nordland\/aktuelt\/nordland-hoyre-har-nominert-kandidater-til-stortingsvalget-2025\/\"]}]},{\"@type\":\"ImageObject\",\"inLanguage\":\"nb-NO\",\"@id\":\"https:\/\/hoyre.no\/nordland\/aktuelt\/nordland-hoyre-har-nominert-kandidater-til-stortingsvalget-2025\/#primaryimage\",\"url\":\"https:\/\/hoyre.no\/content\/uploads\/sites\/9\/2024\/11\/Nominasjon-1-1024x683.jpg\",\"contentUrl\":\"https:\/\/hoyre.no\/content\/uploads\/sites\/9\/2024\/11\/Nominasjon-1-1024x683.jpg\"},{\"@type\":\"BreadcrumbList\",\"@id\":\"https:\/\/hoyre.no\/nordland\/aktuelt\/nordland-hoyre-har-nominert-kandidater-til-stortingsvalget-2025\/#breadcrumb\",\"itemListElement\":[{\"@type\":\"ListItem\",\"position\":1,\"name\":\"Til hoyre.no\",\"item\":\"https:\/\/hoyre.no\"},{\"@type\":\"ListItem\",\"position\":2,\"name\":\"Hjem\",\"item\":\"https:\/\/hoyre.no\/nordland\/\"},{\"@type\":\"ListItem\",\"position\":3,\"name\":\"Nordland H\u00f8yre har nominert kandidater til stortingsvalget 2025\"}]},{\"@type\":\"WebSite\",\"@id\":\"https:\/\/hoyre.no\/nordland\/#website\",\"url\":\"https:\/\/hoyre.no\/nordland\/\",\"name\":\"Nordland H\u00f8yre\",\"description\":\"Bare enda et H\u00f8yres nettsteder-nettsted\",\"inLanguage\":\"nb-NO\"},{\"@type\":\"Person\",\"@id\":\"https:\/\/hoyre.no\/nordland\/#\/schema\/person\/92ade4534463b949ac4576d990e2e90d\",\"name\":\"Trine Bjarmann-Simonsen\",\"image\":{\"@type\":\"ImageObject\",\"inLanguage\":\"nb-NO\",\"@id\":\"https:\/\/hoyre.no\/nordland\/#\/schema\/person\/image\/\",\"url\":\"https:\/\/secure.gravatar.com\/avatar\/68c6b9d56fbc8433876d2a253b83217428d48efa386223a475b109d0ef4387e1?s=96&d=mm&r=g\",\"contentUrl\":\"https:\/\/secure.gravatar.com\/avatar\/68c6b9d56fbc8433876d2a253b83217428d48efa386223a475b109d0ef4387e1?s=96&d=mm&r=g\",\"caption\":\"Trine Bjarmann-Simonsen\"},\"url\":\"https:\/\/hoyre.no\/nordland\/aktuelt\/author\/m51507242\/\"}]}<\/script>\n<!-- \/ Yoast SEO plugin. -->","yoast_head_json":{"title":"Nordland H\u00f8yre har nominert kandidater til stortingsvalget 2025 - Nordland H\u00f8yre","robots":{"index":"index","follow":"follow","max-snippet":"max-snippet:-1","max-image-preview":"max-image-preview:large","max-video-preview":"max-video-preview:-1"},"canonical":"https:\/\/hoyre.no\/nordland\/aktuelt\/nordland-hoyre-har-nominert-kandidater-til-stortingsvalget-2025\/","og_locale":"nb_NO","og_type":"article","og_title":"Nordland H\u00f8yre har nominert kandidater til stortingsvalget 2025 - Nordland H\u00f8yre","og_url":"https:\/\/hoyre.no\/nordland\/aktuelt\/nordland-hoyre-har-nominert-kandidater-til-stortingsvalget-2025\/","og_site_name":"Nordland H\u00f8yre","article_published_time":"2024-11-02T17:57:40+00:00","article_modified_time":"2025-03-21T13:37:05+00:00","og_image":[{"url":"https:\/\/hoyre.no\/content\/uploads\/sites\/9\/2024\/11\/Nominasjon-1-1024x683.jpg","type":"","width":"","height":""}],"author":"Trine Bjarmann-Simonsen","twitter_card":"summary_large_image","twitter_misc":{"Skrevet av":"Trine Bjarmann-Simonsen","Ansl. lesetid":"2 minutter"},"schema":{"@context":"https:\/\/schema.org","@graph":[{"@type":"NewsArticle","@id":"https:\/\/hoyre.no\/nordland\/aktuelt\/nordland-hoyre-har-nominert-kandidater-til-stortingsvalget-2025\/","url":"https:\/\/hoyre.no\/nordland\/aktuelt\/nordland-hoyre-har-nominert-kandidater-til-stortingsvalget-2025\/","name":"Nordland H\u00f8yre har nominert kandidater til stortingsvalget 2025 - Nordland H\u00f8yre","isPartOf":{"@id":"https:\/\/hoyre.no\/nordland\/#website"},"image":{"@id":"https:\/\/hoyre.no\/nordland\/aktuelt\/nordland-hoyre-har-nominert-kandidater-til-stortingsvalget-2025\/#primaryimage"},"thumbnailUrl":"https:\/\/hoyre.no\/content\/uploads\/sites\/9\/2024\/11\/Nominasjon-1-1024x683.jpg","datePublished":"2024-11-02T17:57:40+00:00","dateModified":"2025-03-21T13:37:05+00:00","author":{"@id":"https:\/\/hoyre.no\/nordland\/#\/schema\/person\/92ade4534463b949ac4576d990e2e90d"},"breadcrumb":{"@id":"https:\/\/hoyre.no\/nordland\/aktuelt\/nordland-hoyre-har-nominert-kandidater-til-stortingsvalget-2025\/#breadcrumb"},"inLanguage":"nb-NO","potentialAction":[{"@type":"ReadAction","target":["https:\/\/hoyre.no\/nordland\/aktuelt\/nordland-hoyre-har-nominert-kandidater-til-stortingsvalget-2025\/"]}]},{"@type":"ImageObject","inLanguage":"nb-NO","@id":"https:\/\/hoyre.no\/nordland\/aktuelt\/nordland-hoyre-har-nominert-kandidater-til-stortingsvalget-2025\/#primaryimage","url":"https:\/\/hoyre.no\/content\/uploads\/sites\/9\/2024\/11\/Nominasjon-1-1024x683.jpg","contentUrl":"https:\/\/hoyre.no\/content\/uploads\/sites\/9\/2024\/11\/Nominasjon-1-1024x683.jpg"},{"@type":"BreadcrumbList","@id":"https:\/\/hoyre.no\/nordland\/aktuelt\/nordland-hoyre-har-nominert-kandidater-til-stortingsvalget-2025\/#breadcrumb","itemListElement":[{"@type":"ListItem","position":1,"name":"Til hoyre.no","item":"https:\/\/hoyre.no"},{"@type":"ListItem","position":2,"name":"Hjem","item":"https:\/\/hoyre.no\/nordland\/"},{"@type":"ListItem","position":3,"name":"Nordland H\u00f8yre har nominert kandidater til stortingsvalget 2025"}]},{"@type":"WebSite","@id":"https:\/\/hoyre.no\/nordland\/#website","url":"https:\/\/hoyre.no\/nordland\/","name":"Nordland H\u00f8yre","description":"Bare enda et H\u00f8yres nettsteder-nettsted","inLanguage":"nb-NO"},{"@type":"Person","@id":"https:\/\/hoyre.no\/nordland\/#\/schema\/person\/92ade4534463b949ac4576d990e2e90d","name":"Trine Bjarmann-Simonsen","image":{"@type":"ImageObject","inLanguage":"nb-NO","@id":"https:\/\/hoyre.no\/nordland\/#\/schema\/person\/image\/","url":"https:\/\/secure.gravatar.com\/avatar\/68c6b9d56fbc8433876d2a253b83217428d48efa386223a475b109d0ef4387e1?s=96&d=mm&r=g","contentUrl":"https:\/\/secure.gravatar.com\/avatar\/68c6b9d56fbc8433876d2a253b83217428d48efa386223a475b109d0ef4387e1?s=96&d=mm&r=g","caption":"Trine Bjarmann-Simonsen"},"url":"https:\/\/hoyre.no\/nordland\/aktuelt\/author\/m51507242\/"}]}},"distributor_meta":false,"distributor_terms":false,"distributor_media":false,"distributor_original_site_name":"Nordland H\u00f8yre","distributor_original_site_url":"https:\/\/hoyre.no\/nordland","push-errors":false,"_links":{"self":[{"href":"https:\/\/hoyre.no\/nordland\/wp-json\/wp\/v2\/posts\/1804","targetHints":{"allow":["GET"]}}],"collection":[{"href":"https:\/\/hoyre.no\/nordland\/wp-json\/wp\/v2\/posts"}],"about":[{"href":"https:\/\/hoyre.no\/nordland\/wp-json\/wp\/v2\/types\/post"}],"author":[{"embeddable":true,"href":"https:\/\/hoyre.no\/nordland\/wp-json\/wp\/v2\/users\/486"}],"replies":[{"embeddable":true,"href":"https:\/\/hoyre.no\/nordland\/wp-json\/wp\/v2\/comments?post=1804"}],"version-history":[{"count":2,"href":"https:\/\/hoyre.no\/nordland\/wp-json\/wp\/v2\/posts\/1804\/revisions"}],"predecessor-version":[{"id":2137,"href":"https:\/\/hoyre.no\/nordland\/wp-json\/wp\/v2\/posts\/1804\/revisions\/2137"}],"wp:attachment":[{"href":"https:\/\/hoyre.no\/nordland\/wp-json\/wp\/v2\/media?parent=1804"}],"wp:term":[{"taxonomy":"category","embeddable":true,"href":"https:\/\/hoyre.no\/nordland\/wp-json\/wp\/v2\/category?post=1804"},{"taxonomy":"post_tag","embeddable":true,"href":"https:\/\/hoyre.no\/nordland\/wp-json\/wp\/v2\/post_tag?post=1804"},{"taxonomy":"hoyre-visibility","embeddable":true,"href":"https:\/\/hoyre.no\/nordland\/wp-json\/wp\/v2\/hoyre-visibility?post=1804"},{"taxonomy":"article-type","embeddable":true,"href":"https:\/\/hoyre.no\/nordland\/wp-json\/wp\/v2\/article-type?post=1804"},{"taxonomy":"politician","embeddable":true,"href":"https:\/\/hoyre.no\/nordland\/wp-json\/wp\/v2\/politician?post=1804"}],"curies":[{"name":"wp","href":"https:\/\/api.w.org\/{rel}","templated":true}]}}