{"id":1856,"date":"2024-11-14T11:05:52","date_gmt":"2024-11-14T10:05:52","guid":{"rendered":"https:\/\/hoyre.no\/nordland\/?p=1856"},"modified":"2024-11-14T11:08:17","modified_gmt":"2024-11-14T10:08:17","slug":"bruker-pengene-pa-skole-kollektivtrafikk-og-veg","status":"publish","type":"post","link":"https:\/\/hoyre.no\/nordland\/aktuelt\/bruker-pengene-pa-skole-kollektivtrafikk-og-veg\/","title":{"rendered":"Bruker pengene p\u00e5 skole, kollektivtrafikk og veg"},"content":{"rendered":"\n<p class=\"preamble\">Pengebruken p\u00e5 buss, b\u00e5t og ferje i Nordland \u00f8ker kraftig de kommende \u00e5rene. Fylkesr\u00e5det skal bruke 178 millioner kroner mer i \u00e5r enn i fjor, og pengene g\u00e5r til kollektiv, veg og utdanning. Andre deler av fylkeskommunen m\u00e5 belage seg p\u00e5 kutt for \u00e5 f\u00e5 budsjettene til \u00e5 g\u00e5 rundt.\u00a0<\/p>\t\t\t<div class=\"post-meta wp-block teft-byline-wrapper\">\n\t\t\t\t<div class=\"top\">\n\t\t\t\t\t<div class=\"signature\">\n\t\t\t\t\t\t<div class=\"teft-byline\">\n\t\t\t\t\t\t\t\t\t\t\t\t\t\t<div>\n\t\t\t\t\t\t\t\t<h3>H\u00f8yres redaksjon<\/h3>\t\t\t\t\t\t\t\t\n\t\t\t\t\t\t\t\t\t\t\t\t\t\t\t\t\t<span class=\"date\">Sist oppdatert: 14. november 2024<\/span>\n\t\t\t\t\t\t\t\t\t\t\t\t\t\t\t\t\t\t\t\t\t\t\t\t\t<span class=\"reading-time\" itemprop=\"timeRequired\" content=\"PT4M\"><em>Ca. 4 minutter lesetid<\/em><\/span>\n\t\t\t\t\t\t\t\t\t\t\t\t\t\t\t<\/div>\n\t\t\t\t\t\t<\/div>\n\t\t\t\t\t<\/div>\n\t\t\t\t\t\t<div class=\"sharing\">\n\t\t<a class=\"share-button share-link copy-link\" data-copy=\"https:\/\/hoyre.no\/nordland\/aktuelt\/bruker-pengene-pa-skole-kollektivtrafikk-og-veg\/\" target=\"_blank\"><span class=\"screen-reader-text\">Del link<\/span><\/a>\n\t\t<a class=\"share-button share-twitter\" href=\"http:\/\/twitter.com\/share?text=Bruker pengene p\u00e5 skole, kollektivtrafikk og veg&#038;url=https:\/\/hoyre.no\/nordland\/aktuelt\/bruker-pengene-pa-skole-kollektivtrafikk-og-veg\/&#038;hashtags=Hoyre\" target=\"_blank\"><span class=\"screen-reader-text\">Del p\u00e5 twitter<\/span><\/a>\n\t\t<a class=\"share-button share-facebook\" href=\"https:\/\/www.facebook.com\/sharer\/sharer.php?u=https:\/\/hoyre.no\/nordland\/aktuelt\/bruker-pengene-pa-skole-kollektivtrafikk-og-veg\/\" target=\"_blank\"><span class=\"screen-reader-text\">Del p\u00e5 facebook<\/span><\/a>\n\t<\/div>\n\t\t\t\t\t<\/div>\n\t\t\t<\/div>\n\n\t\t\t<figure class=\"hoyre-image-wrapper\"><div class=\"hoyre-image\"><img loading=\"lazy\" decoding=\"async\" width=\"1200\" height=\"518\" src=\"https:\/\/hoyre.no\/content\/uploads\/sites\/9\/2024\/11\/fylkesra_det_i_nordland-3.jpg\" class=\"attachment-scaled size-scaled\" alt=\"\" style=\"object-position: 50% 50%\" srcset=\"https:\/\/hoyre.no\/content\/uploads\/sites\/9\/2024\/11\/fylkesra_det_i_nordland-3.jpg 1200w, https:\/\/hoyre.no\/content\/uploads\/sites\/9\/2024\/11\/fylkesra_det_i_nordland-3-300x130.jpg 300w, https:\/\/hoyre.no\/content\/uploads\/sites\/9\/2024\/11\/fylkesra_det_i_nordland-3-1024x442.jpg 1024w, https:\/\/hoyre.no\/content\/uploads\/sites\/9\/2024\/11\/fylkesra_det_i_nordland-3-768x332.jpg 768w\" sizes=\"auto, (max-width: 1200px) 100vw, 1200px\" \/><\/div><figcaption class=\"caption\">Fylkesr\u00e5det i Nordland, Arne Ivar Mikalsen, Joakim Sennesvik, Marianne Dobak Kvensj\u00f8, Bj\u00f8rn Larsen, Lise Henriette R\u00e5nes, Svein \u00d8ien Eggesvik, Aina Nilsen har presentert sitt forslag til budsjett for 2025 og \u00f8konomiplan 2025-2028. Fotograf: Thor-Wiggo Skille<\/figcaption><\/figure>\n\n\n\n\n<p>\u2013 Vi ser i andre fylker og kommuner over hele landet at skoler blir lagt ned, og det skjer store ferjekutt. I Nordland legger vi ikke ned noen skoler, tvert imot bygger vi nye skolebygg og oppgraderer andre skoler. Vi har snart de meste moderne videreg\u00e5ende skolene i hele Norge, sier fylkesr\u00e5d for finans og organisasjon, Aina Nilsen.\u00a0\u00a0<\/p>\n\n\n\n<p><strong>Fylkesveg, utdanning og kollektiv<\/strong><strong>&nbsp;<\/strong><\/p>\n\n\n\n<p>\u2013 Det er ingen tvil om at vi har en klar retning i politikken v\u00e5r. 85 % av budsjettet v\u00e5rt p\u00e5 8,7 milliarder kroner blir brukt p\u00e5 skole, fylkesveg, kollektivtrafikk og eiendom. Vi skal fortsette \u00e5 kutte i utgifter til administrasjon og politisk styring av fylkeskommunen, slik at enda mer av pengene g\u00e5r til tjenester til innbyggerne i Nordland, konstaterer Nilsen. Samtidig peker hun p\u00e5 den enorme kostnadsveksten p\u00e5 samferdsel. Siden 2021 har kostnadene vokst med over 400 millioner kroner bare p\u00e5 b\u00e5t, ferje og buss. Og den galoppen ser ut til \u00e5 fortsette i de 4 neste \u00e5rene.&nbsp;&nbsp;&nbsp;<\/p>\n\n\n\n<p>\u2013 Vi frykter en \u00f8kning p\u00e5 opp mot 900 millioner kroner mellom 2021 og 2028, og de utgiftene f\u00e5r vi ikke fullt ut kompensert for, sier Nilsen.\u00a0<\/p>\n\n\n\n<h2 class=\"wp-block-heading\">M\u00e5 kuttes i drift&nbsp;<\/h2>\n\n\n\n<p>Den enorme kostnads- og prisveksten ser fylkeskommunen ogs\u00e5 p\u00e5 omr\u00e5der som drift og utbygging av fylkesveg og eiendom. S\u00e5 selv om inntektene g\u00e5r sakte, men sikkert oppover, springer utgiftene rimelig raskt fra, if\u00f8lge Nilsen.&nbsp;<\/p>\n\n\n\n<p>\u2013 Med den verdenssituasjonen som er, er prisveksten enorm. P\u00e5 enkelte omr\u00e5der over 30 prosent. Selv om skoler skjermes, og vi aldri f\u00f8r har brukt like mye penger p\u00e5 kollektivtrafikk, s\u00e5 holder det ikke \u00e5 bare kutte i administrasjon. Vi har derfor dessverre m\u00e5ttet kutte i noen hurtigb\u00e5ttilbud. Vi forst\u00e5r veldig godt at det smerter, b\u00e5de for reisende, ansatte og selskap, men vi ser ingen andre utveger, sier fylkesr\u00e5den. Enkelte kommuner og fylkeskommuner bruker av fondene sine for \u00e5 dekke kostnader for drift. Det er ikke en retning fylkeskommunen \u00f8nsker \u00e5 g\u00e5 i, if\u00f8lge Nilsen.&nbsp;&nbsp;<\/p>\n\n\n\n<p>\u2013 Nei, \u00e5 bruke mye fra fond for \u00e5 f\u00e5 det til \u00e5 g\u00e5 rundt i det daglige er ikke b\u00e6rekraftig \u00f8konomi. Da g\u00e5r vi p\u00e5 en smell om f\u00e5 \u00e5r, og det g\u00e5r ikke&nbsp;<\/p>\n\n\n\n<h2 class=\"wp-block-heading\">Samfunnsutvikler&nbsp;<\/h2>\n\n\n\n<p>Midt i en utfordrende \u00f8konomi er Nilsen og resten av fylkesr\u00e5det opptatt av \u00e5 bidra som samfunnsutvikler over hele Nordland. Ved siden av utdanning, fylkesveg og kollektiv er det dette fylkesr\u00e5det vil bruke penger p\u00e5 i hele fylket.&nbsp;&nbsp;<br>\u2013 N\u00e5r vi gir penger til verdensarvsenteret p\u00e5 Vega, til Hamsunsenteret, til stadion for Glimt og til samfunnsutviklingsmidler som er mulig \u00e5 s\u00f8ke p\u00e5, s\u00e5 tar vi rollen v\u00e5r som samfunnsutvikler p\u00e5 alvor. Det som ikke er statlige oppgaver m\u00e5 vi i fylkeskommunen ta ansvar for i samarbeid med kommunene. Vi har en rekke st\u00f8rre og mindre tiltak i budsjettet som skal komme hele Nordland til gode, selv om pengene g\u00e5r til form\u00e5l som er plassert lokalt. M\u00e5let v\u00e5rt er at hele Nordland skal v\u00e6re preget av optimisme, vekst og bolyst, avslutter Nilsen.<\/p>\n\n\n\n<p>Fylkesr\u00e5dets forslag til budsjett skal endelig behandles i fylkestinget i desember.&nbsp;<\/p>\n\n\n\n<p><a href=\"https:\/\/pub.framsikt.net\/2025\/nordlandfk\/bm-2025-%C3%B8konomiplan_2025_2028\">Hele budsjettet for 2025 og \u00f8konomiplanen for 2025-2028 finner du her:<\/a><\/p>\n\n\n<div class=\"tags\">\n\t<\/div>\n<div class=\"post-footer alignfull has-background block-editor-block-list__block\" data-align=full>\n\t<div class=\"post-footer-inner\">\n\t\t<h3>Relaterte artikler<\/h3>\n\t\t<div class=\"related-content\"><div class=\"is-card-hoyre\">\n\t<div class=\"teft-card hoyre-teft-card post-teft-card\">\n\t\t<a href=\"https:\/\/hoyre.no\/nordland\/aktuelt\/vi-onsker-dine-innspill\/\" class=\"teft-card__primary-action\">\n\n\t\t\t\t\t<div class=\"teft-card__media teft-card__media--16-9\">\n\t\t\t\t\t\t<img loading=\"lazy\" decoding=\"async\" width=\"768\" height=\"402\" src=\"https:\/\/hoyre.no\/content\/uploads\/sites\/9\/2026\/04\/Dokument-uten-navn-09.02.2026-1-1536x804-1-768x402.png\" class=\"attachment-medium_large size-medium_large\" alt=\"\" srcset=\"https:\/\/hoyre.no\/content\/uploads\/sites\/9\/2026\/04\/Dokument-uten-navn-09.02.2026-1-1536x804-1-768x402.png 768w, https:\/\/hoyre.no\/content\/uploads\/sites\/9\/2026\/04\/Dokument-uten-navn-09.02.2026-1-1536x804-1-300x157.png 300w, https:\/\/hoyre.no\/content\/uploads\/sites\/9\/2026\/04\/Dokument-uten-navn-09.02.2026-1-1536x804-1-1024x536.png 1024w, https:\/\/hoyre.no\/content\/uploads\/sites\/9\/2026\/04\/Dokument-uten-navn-09.02.2026-1-1536x804-1.png 1536w\" sizes=\"auto, (max-width: 768px) 100vw, 768px\" \/>\t\t<\/div>\n\t\t\n\t\t\t<div class=\"teft-card__content-wrapper\">\n\t\t\t\t<div class=\"teft-card__secondary\">\n\t\t\t\t\t\n\t\t\t\t\t\t\t\t<div class=\"teft-card__meta\">\n\t\t\t\t\t\t\t\t\t<span class=\"post-date\">15. apr 2026<\/span>\n\n\t\t\t\t\t\t\t\t\t<span class=\"post-category\">Nominasjonsprosess 2027\/2031<\/span>\t\t\t\t\t\t\t\t<\/div>\n\t\t\t\t\t\t\t\t\t\t\t<\/div>\n\n\t\t\t\t<div class=\"teft-card__primary\">\n\t\t\t\t\t<h2 class=\"teft-card__title\">Vi \u00f8nsker dine innspill!&nbsp;<span class=\"teft-card__primary-title-append\"><\/span><\/h2>\t\t\t\t<\/div>\n\t\t\t<\/div>\n\t\t<\/a>\n\t<\/div>\n\n\t<\/div><div class=\"is-card-hoyre\">\n\t<div class=\"teft-card hoyre-teft-card post-teft-card\">\n\t\t<a href=\"https:\/\/hoyre.no\/nordland\/aktuelt\/sjomatnaeringen-og-prosessindustrien\/\" class=\"teft-card__primary-action\">\n\n\t\t\t<div class=\"teft-card__media teft-card__media--16-9 no-image\"><\/div>\n\t\t\t<div class=\"teft-card__content-wrapper\">\n\t\t\t\t<div class=\"teft-card__secondary\">\n\t\t\t\t\t\n\t\t\t\t\t\t\t\t<div class=\"teft-card__meta\">\n\t\t\t\t\t\t\t\t\t<span class=\"post-date\">20. nov 2025<\/span>\n\n\t\t\t\t\t\t\t\t\t<span class=\"post-category\">Fylkes\u00e5rsm\u00f8te 2025<\/span>\t\t\t\t\t\t\t\t<\/div>\n\t\t\t\t\t\t\t\t\t\t\t<\/div>\n\n\t\t\t\t<div class=\"teft-card__primary\">\n\t\t\t\t\t<h2 class=\"teft-card__title\">Sj\u00f8matn\u00e6ringen og prosessindustrien&nbsp;<span class=\"teft-card__primary-title-append\"><\/span><\/h2>\t\t\t\t<\/div>\n\t\t\t<\/div>\n\t\t<\/a>\n\t<\/div>\n\n\t<\/div><div class=\"is-card-hoyre\">\n\t<div class=\"teft-card hoyre-teft-card post-teft-card\">\n\t\t<a href=\"https:\/\/hoyre.no\/nordland\/aktuelt\/okt-satsning-pa-havforskning\/\" class=\"teft-card__primary-action\">\n\n\t\t\t<div class=\"teft-card__media teft-card__media--16-9 no-image\"><\/div>\n\t\t\t<div class=\"teft-card__content-wrapper\">\n\t\t\t\t<div class=\"teft-card__secondary\">\n\t\t\t\t\t\n\t\t\t\t\t\t\t\t<div class=\"teft-card__meta\">\n\t\t\t\t\t\t\t\t\t<span class=\"post-date\">20. nov 2025<\/span>\n\n\t\t\t\t\t\t\t\t\t<span class=\"post-category\">Fylkes\u00e5rsm\u00f8te 2025<\/span>\t\t\t\t\t\t\t\t<\/div>\n\t\t\t\t\t\t\t\t\t\t\t<\/div>\n\n\t\t\t\t<div class=\"teft-card__primary\">\n\t\t\t\t\t<h2 class=\"teft-card__title\">\u00d8kt satsning p\u00e5 havforskning&nbsp;<span class=\"teft-card__primary-title-append\"><\/span><\/h2>\t\t\t\t<\/div>\n\t\t\t<\/div>\n\t\t<\/a>\n\t<\/div>\n\n\t<\/div><\/div>\t<\/div>\n<\/div>\n","protected":false},"excerpt":{"rendered":"","protected":false},"author":486,"featured_media":0,"comment_status":"closed","ping_status":"closed","sticky":false,"template":"","format":"standard","meta":{"teft_cards_image_url":"","teft_cards_custom_pretitle":"","teft_cards_image_id":1857,"teft_cards_image_focal_point_x":0.5,"teft_cards_image_focal_point_y":0.5,"teft_cards_title":"","teft_cards_excerpt":"","teft_show_chapters":false,"author_display_name":"","footnotes":""},"category":[1],"post_tag":[],"hoyre-visibility":[],"article-type":[],"politician":[],"class_list":["post-1856","post","type-post","status-publish","format-standard","hentry","category-ukategorisert"],"yoast_head":"<!-- This site is optimized with the Yoast SEO plugin v26.6 - https:\/\/yoast.com\/wordpress\/plugins\/seo\/ -->\n<title>Bruker pengene p\u00e5 skole, kollektivtrafikk og veg - Nordland H\u00f8yre<\/title>\n<meta name=\"robots\" content=\"index, follow, max-snippet:-1, max-image-preview:large, max-video-preview:-1\" \/>\n<link rel=\"canonical\" href=\"https:\/\/hoyre.no\/nordland\/aktuelt\/bruker-pengene-pa-skole-kollektivtrafikk-og-veg\/\" \/>\n<meta property=\"og:locale\" content=\"nb_NO\" \/>\n<meta property=\"og:type\" content=\"article\" \/>\n<meta property=\"og:title\" content=\"Bruker pengene p\u00e5 skole, kollektivtrafikk og veg - Nordland H\u00f8yre\" \/>\n<meta property=\"og:url\" content=\"https:\/\/hoyre.no\/nordland\/aktuelt\/bruker-pengene-pa-skole-kollektivtrafikk-og-veg\/\" \/>\n<meta property=\"og:site_name\" content=\"Nordland H\u00f8yre\" \/>\n<meta property=\"article:published_time\" content=\"2024-11-14T10:05:52+00:00\" \/>\n<meta property=\"article:modified_time\" content=\"2024-11-14T10:08:17+00:00\" \/>\n<meta property=\"og:image\" content=\"https:\/\/hoyre.no\/content\/uploads\/sites\/9\/2022\/11\/Hoyres-logo.png\" \/>\n\t<meta property=\"og:image:width\" content=\"1000\" \/>\n\t<meta property=\"og:image:height\" content=\"1000\" \/>\n\t<meta property=\"og:image:type\" content=\"image\/png\" \/>\n<meta name=\"author\" content=\"Trine Bjarmann-Simonsen\" \/>\n<meta name=\"twitter:card\" content=\"summary_large_image\" \/>\n<meta name=\"twitter:label1\" content=\"Skrevet av\" \/>\n\t<meta name=\"twitter:data1\" content=\"Trine Bjarmann-Simonsen\" \/>\n\t<meta name=\"twitter:label2\" content=\"Ansl. lesetid\" \/>\n\t<meta name=\"twitter:data2\" content=\"4 minutter\" \/>\n<script type=\"application\/ld+json\" class=\"yoast-schema-graph\">{\"@context\":\"https:\/\/schema.org\",\"@graph\":[{\"@type\":\"NewsArticle\",\"@id\":\"https:\/\/hoyre.no\/nordland\/aktuelt\/bruker-pengene-pa-skole-kollektivtrafikk-og-veg\/\",\"url\":\"https:\/\/hoyre.no\/nordland\/aktuelt\/bruker-pengene-pa-skole-kollektivtrafikk-og-veg\/\",\"name\":\"Bruker pengene p\u00e5 skole, kollektivtrafikk og veg - Nordland H\u00f8yre\",\"isPartOf\":{\"@id\":\"https:\/\/hoyre.no\/nordland\/#website\"},\"datePublished\":\"2024-11-14T10:05:52+00:00\",\"dateModified\":\"2024-11-14T10:08:17+00:00\",\"author\":{\"@id\":\"https:\/\/hoyre.no\/nordland\/#\/schema\/person\/92ade4534463b949ac4576d990e2e90d\"},\"breadcrumb\":{\"@id\":\"https:\/\/hoyre.no\/nordland\/aktuelt\/bruker-pengene-pa-skole-kollektivtrafikk-og-veg\/#breadcrumb\"},\"inLanguage\":\"nb-NO\",\"potentialAction\":[{\"@type\":\"ReadAction\",\"target\":[\"https:\/\/hoyre.no\/nordland\/aktuelt\/bruker-pengene-pa-skole-kollektivtrafikk-og-veg\/\"]}]},{\"@type\":\"BreadcrumbList\",\"@id\":\"https:\/\/hoyre.no\/nordland\/aktuelt\/bruker-pengene-pa-skole-kollektivtrafikk-og-veg\/#breadcrumb\",\"itemListElement\":[{\"@type\":\"ListItem\",\"position\":1,\"name\":\"Til hoyre.no\",\"item\":\"https:\/\/hoyre.no\"},{\"@type\":\"ListItem\",\"position\":2,\"name\":\"Hjem\",\"item\":\"https:\/\/hoyre.no\/nordland\/\"},{\"@type\":\"ListItem\",\"position\":3,\"name\":\"Bruker pengene p\u00e5 skole, kollektivtrafikk og veg\"}]},{\"@type\":\"WebSite\",\"@id\":\"https:\/\/hoyre.no\/nordland\/#website\",\"url\":\"https:\/\/hoyre.no\/nordland\/\",\"name\":\"Nordland H\u00f8yre\",\"description\":\"Bare enda et H\u00f8yres nettsteder-nettsted\",\"inLanguage\":\"nb-NO\"},{\"@type\":\"Person\",\"@id\":\"https:\/\/hoyre.no\/nordland\/#\/schema\/person\/92ade4534463b949ac4576d990e2e90d\",\"name\":\"Trine Bjarmann-Simonsen\",\"image\":{\"@type\":\"ImageObject\",\"inLanguage\":\"nb-NO\",\"@id\":\"https:\/\/hoyre.no\/nordland\/#\/schema\/person\/image\/\",\"url\":\"https:\/\/secure.gravatar.com\/avatar\/68c6b9d56fbc8433876d2a253b83217428d48efa386223a475b109d0ef4387e1?s=96&d=mm&r=g\",\"contentUrl\":\"https:\/\/secure.gravatar.com\/avatar\/68c6b9d56fbc8433876d2a253b83217428d48efa386223a475b109d0ef4387e1?s=96&d=mm&r=g\",\"caption\":\"Trine Bjarmann-Simonsen\"},\"url\":\"https:\/\/hoyre.no\/nordland\/aktuelt\/author\/m51507242\/\"}]}<\/script>\n<!-- \/ Yoast SEO plugin. -->","yoast_head_json":{"title":"Bruker pengene p\u00e5 skole, kollektivtrafikk og veg - Nordland H\u00f8yre","robots":{"index":"index","follow":"follow","max-snippet":"max-snippet:-1","max-image-preview":"max-image-preview:large","max-video-preview":"max-video-preview:-1"},"canonical":"https:\/\/hoyre.no\/nordland\/aktuelt\/bruker-pengene-pa-skole-kollektivtrafikk-og-veg\/","og_locale":"nb_NO","og_type":"article","og_title":"Bruker pengene p\u00e5 skole, kollektivtrafikk og veg - Nordland H\u00f8yre","og_url":"https:\/\/hoyre.no\/nordland\/aktuelt\/bruker-pengene-pa-skole-kollektivtrafikk-og-veg\/","og_site_name":"Nordland H\u00f8yre","article_published_time":"2024-11-14T10:05:52+00:00","article_modified_time":"2024-11-14T10:08:17+00:00","og_image":[{"width":1000,"height":1000,"url":"https:\/\/hoyre.no\/content\/uploads\/sites\/9\/2022\/11\/Hoyres-logo.png","type":"image\/png"}],"author":"Trine Bjarmann-Simonsen","twitter_card":"summary_large_image","twitter_misc":{"Skrevet av":"Trine Bjarmann-Simonsen","Ansl. lesetid":"4 minutter"},"schema":{"@context":"https:\/\/schema.org","@graph":[{"@type":"NewsArticle","@id":"https:\/\/hoyre.no\/nordland\/aktuelt\/bruker-pengene-pa-skole-kollektivtrafikk-og-veg\/","url":"https:\/\/hoyre.no\/nordland\/aktuelt\/bruker-pengene-pa-skole-kollektivtrafikk-og-veg\/","name":"Bruker pengene p\u00e5 skole, kollektivtrafikk og veg - Nordland H\u00f8yre","isPartOf":{"@id":"https:\/\/hoyre.no\/nordland\/#website"},"datePublished":"2024-11-14T10:05:52+00:00","dateModified":"2024-11-14T10:08:17+00:00","author":{"@id":"https:\/\/hoyre.no\/nordland\/#\/schema\/person\/92ade4534463b949ac4576d990e2e90d"},"breadcrumb":{"@id":"https:\/\/hoyre.no\/nordland\/aktuelt\/bruker-pengene-pa-skole-kollektivtrafikk-og-veg\/#breadcrumb"},"inLanguage":"nb-NO","potentialAction":[{"@type":"ReadAction","target":["https:\/\/hoyre.no\/nordland\/aktuelt\/bruker-pengene-pa-skole-kollektivtrafikk-og-veg\/"]}]},{"@type":"BreadcrumbList","@id":"https:\/\/hoyre.no\/nordland\/aktuelt\/bruker-pengene-pa-skole-kollektivtrafikk-og-veg\/#breadcrumb","itemListElement":[{"@type":"ListItem","position":1,"name":"Til hoyre.no","item":"https:\/\/hoyre.no"},{"@type":"ListItem","position":2,"name":"Hjem","item":"https:\/\/hoyre.no\/nordland\/"},{"@type":"ListItem","position":3,"name":"Bruker pengene p\u00e5 skole, kollektivtrafikk og veg"}]},{"@type":"WebSite","@id":"https:\/\/hoyre.no\/nordland\/#website","url":"https:\/\/hoyre.no\/nordland\/","name":"Nordland H\u00f8yre","description":"Bare enda et H\u00f8yres nettsteder-nettsted","inLanguage":"nb-NO"},{"@type":"Person","@id":"https:\/\/hoyre.no\/nordland\/#\/schema\/person\/92ade4534463b949ac4576d990e2e90d","name":"Trine Bjarmann-Simonsen","image":{"@type":"ImageObject","inLanguage":"nb-NO","@id":"https:\/\/hoyre.no\/nordland\/#\/schema\/person\/image\/","url":"https:\/\/secure.gravatar.com\/avatar\/68c6b9d56fbc8433876d2a253b83217428d48efa386223a475b109d0ef4387e1?s=96&d=mm&r=g","contentUrl":"https:\/\/secure.gravatar.com\/avatar\/68c6b9d56fbc8433876d2a253b83217428d48efa386223a475b109d0ef4387e1?s=96&d=mm&r=g","caption":"Trine Bjarmann-Simonsen"},"url":"https:\/\/hoyre.no\/nordland\/aktuelt\/author\/m51507242\/"}]}},"distributor_meta":false,"distributor_terms":false,"distributor_media":false,"distributor_original_site_name":"Nordland H\u00f8yre","distributor_original_site_url":"https:\/\/hoyre.no\/nordland","push-errors":false,"_links":{"self":[{"href":"https:\/\/hoyre.no\/nordland\/wp-json\/wp\/v2\/posts\/1856","targetHints":{"allow":["GET"]}}],"collection":[{"href":"https:\/\/hoyre.no\/nordland\/wp-json\/wp\/v2\/posts"}],"about":[{"href":"https:\/\/hoyre.no\/nordland\/wp-json\/wp\/v2\/types\/post"}],"author":[{"embeddable":true,"href":"https:\/\/hoyre.no\/nordland\/wp-json\/wp\/v2\/users\/486"}],"replies":[{"embeddable":true,"href":"https:\/\/hoyre.no\/nordland\/wp-json\/wp\/v2\/comments?post=1856"}],"version-history":[{"count":2,"href":"https:\/\/hoyre.no\/nordland\/wp-json\/wp\/v2\/posts\/1856\/revisions"}],"predecessor-version":[{"id":1859,"href":"https:\/\/hoyre.no\/nordland\/wp-json\/wp\/v2\/posts\/1856\/revisions\/1859"}],"wp:attachment":[{"href":"https:\/\/hoyre.no\/nordland\/wp-json\/wp\/v2\/media?parent=1856"}],"wp:term":[{"taxonomy":"category","embeddable":true,"href":"https:\/\/hoyre.no\/nordland\/wp-json\/wp\/v2\/category?post=1856"},{"taxonomy":"post_tag","embeddable":true,"href":"https:\/\/hoyre.no\/nordland\/wp-json\/wp\/v2\/post_tag?post=1856"},{"taxonomy":"hoyre-visibility","embeddable":true,"href":"https:\/\/hoyre.no\/nordland\/wp-json\/wp\/v2\/hoyre-visibility?post=1856"},{"taxonomy":"article-type","embeddable":true,"href":"https:\/\/hoyre.no\/nordland\/wp-json\/wp\/v2\/article-type?post=1856"},{"taxonomy":"politician","embeddable":true,"href":"https:\/\/hoyre.no\/nordland\/wp-json\/wp\/v2\/politician?post=1856"}],"curies":[{"name":"wp","href":"https:\/\/api.w.org\/{rel}","templated":true}]}}