{"id":1863,"date":"2024-12-16T17:43:54","date_gmt":"2024-12-16T16:43:54","guid":{"rendered":"https:\/\/hoyre.no\/nordland\/?p=1863"},"modified":"2025-03-20T16:24:40","modified_gmt":"2025-03-20T15:24:40","slug":"hoyre-vil-ha-en-integreringspolitikk-tilpasset-individet-ikke-systemet","status":"publish","type":"post","link":"https:\/\/hoyre.no\/nordland\/aktuelt\/hoyre-vil-ha-en-integreringspolitikk-tilpasset-individet-ikke-systemet\/","title":{"rendered":"H\u00f8yre vil ha en integreringspolitikk tilpasset individet, ikke systemet"},"content":{"rendered":"\n<p class=\"preamble\">Da Erna Solberg var kommunalminister, innf\u00f8rte H\u00f8yre introduksjonsprogrammet. Og da H\u00f8yre\u00a0satt i regjering, gjennomf\u00f8rte Jan Tore Sanner som kunnskaps- og integreringsminister et stort integreringsl\u00f8ft. I et h\u00f8ringssvar som n\u00e5 skal til Arbeids- og inkluderingsdepartementet understreker fylkestinget i Nordland viktigheten av fleksibilitet i introduksjonsprogrammet.<\/p>\t\t\t<div class=\"post-meta wp-block teft-byline-wrapper\">\n\t\t\t\t<div class=\"top\">\n\t\t\t\t\t<div class=\"signature\">\n\t\t\t\t\t\t<div class=\"teft-byline\">\n\t\t\t\t\t\t\t\t\t\t\t\t\t\t<div>\n\t\t\t\t\t\t\t\t<h3>H\u00f8yres redaksjon<\/h3>\t\t\t\t\t\t\t\t\n\t\t\t\t\t\t\t\t\t\t\t\t\t\t\t\t\t<span class=\"date\">Sist oppdatert: 20. mars 2025<\/span>\n\t\t\t\t\t\t\t\t\t\t\t\t\t\t\t\t\t\t\t\t\t\t\t\t\t<span class=\"reading-time\" itemprop=\"timeRequired\" content=\"PT2M\"><em>Ca. 2 minutter lesetid<\/em><\/span>\n\t\t\t\t\t\t\t\t\t\t\t\t\t\t\t<\/div>\n\t\t\t\t\t\t<\/div>\n\t\t\t\t\t<\/div>\n\t\t\t\t\t\t<div class=\"sharing\">\n\t\t<a class=\"share-button share-link copy-link\" data-copy=\"https:\/\/hoyre.no\/nordland\/aktuelt\/hoyre-vil-ha-en-integreringspolitikk-tilpasset-individet-ikke-systemet\/\" target=\"_blank\"><span class=\"screen-reader-text\">Del link<\/span><\/a>\n\t\t<a class=\"share-button share-twitter\" href=\"http:\/\/twitter.com\/share?text=H\u00f8yre vil ha en integreringspolitikk tilpasset individet, ikke systemet&#038;url=https:\/\/hoyre.no\/nordland\/aktuelt\/hoyre-vil-ha-en-integreringspolitikk-tilpasset-individet-ikke-systemet\/&#038;hashtags=Hoyre\" target=\"_blank\"><span class=\"screen-reader-text\">Del p\u00e5 twitter<\/span><\/a>\n\t\t<a class=\"share-button share-facebook\" href=\"https:\/\/www.facebook.com\/sharer\/sharer.php?u=https:\/\/hoyre.no\/nordland\/aktuelt\/hoyre-vil-ha-en-integreringspolitikk-tilpasset-individet-ikke-systemet\/\" target=\"_blank\"><span class=\"screen-reader-text\">Del p\u00e5 facebook<\/span><\/a>\n\t<\/div>\n\t\t\t\t\t<\/div>\n\t\t\t<\/div>\n\n\t\t\t<figure class=\"hoyre-image-wrapper\"><div class=\"hoyre-image\"><img loading=\"lazy\" decoding=\"async\" width=\"2500\" height=\"1762\" src=\"https:\/\/hoyre.no\/content\/uploads\/sites\/9\/2024\/12\/TSHASIEPSHoyre-scaled.jpg\" class=\"attachment-scaled size-scaled\" alt=\"\" style=\"object-position: 50% 50%\" srcset=\"https:\/\/hoyre.no\/content\/uploads\/sites\/9\/2024\/12\/TSHASIEPSHoyre-scaled.jpg 2500w, https:\/\/hoyre.no\/content\/uploads\/sites\/9\/2024\/12\/TSHASIEPSHoyre-300x211.jpg 300w, https:\/\/hoyre.no\/content\/uploads\/sites\/9\/2024\/12\/TSHASIEPSHoyre-1024x722.jpg 1024w, https:\/\/hoyre.no\/content\/uploads\/sites\/9\/2024\/12\/TSHASIEPSHoyre-768x541.jpg 768w, https:\/\/hoyre.no\/content\/uploads\/sites\/9\/2024\/12\/TSHASIEPSHoyre-1536x1083.jpg 1536w, https:\/\/hoyre.no\/content\/uploads\/sites\/9\/2024\/12\/TSHASIEPSHoyre-2048x1444.jpg 2048w\" sizes=\"auto, (max-width: 2500px) 100vw, 2500px\" \/><\/div><figcaption class=\"caption\"><em>f.v. Trine Sivertsen Hjortdahl, Anita Sollie, Isabella Emilie Pigini Storli<\/em><\/figcaption><\/figure>\n\n\n\n<p><\/p>\n\n\n\n\n<p>Vi mener at de nye tiltakene vil hjelpe flere \u00e5 l\u00e6re seg norsk og delta i arbeidslivet.&nbsp;<\/p>\n\n\n\n<ul class=\"wp-block-list\">\n<li>Innvandrere i Norge er en mangfoldig gruppe som kommer hit av ulike \u00e5rsaker \u2013 arbeid, kj\u00e6rlighet, studier eller som flyktninger. Det er derfor avgj\u00f8rende at integreringstiltakene\u00a0\u00a0 gjenspeiler det mangfoldet, vi m\u00e5 aldri tro at integrering\u00a0er noe \u00abone-size-fits-all\u00bb, sier Anita Sollie<\/li>\n<\/ul>\n\n\n\n<p>Det haster med \u00e5 f\u00e5 p\u00e5 plass bedre l\u00f8sninger tilpasset den enkelte, det mener H\u00f8yre er et tydelig signal fra h\u00f8ringssvaret.&nbsp;<\/p>\n\n\n\n<ul class=\"wp-block-list\">\n<li>Alle mennesker som innvandrer til Norge, skal bli en del av det norske samfunnet. Da trenger vi integreringstilbud tilpasset hver enkelt og som passer dagens arbeidsliv. Sier Trine Sivertsen Hjortdahl fra H\u00f8yre<\/li>\n<\/ul>\n\n\n\n<p>Nye endringer i integreringsloven legger opp til mer fleksible og arbeidsrettede tiltak, blant annet ved \u00e5 utvide m\u00e5lgruppen for introduksjonsprogrammet. Dette inkluderer personer over 55 \u00e5r, samt \u00f8kt fokus p\u00e5 formell kompetanse og bedre tilpasning til individuelle behov.<\/p>\n\n\n\n<ul class=\"wp-block-list\">\n<li>Integrering handler ikke bare om \u00e5 l\u00e6re norsk, men om \u00e5 gi mennesker verkt\u00f8yene de trenger for \u00e5 bli en del av arbeidslivet og samfunnet. Vi m\u00e5 styrke arbeidsrettede tiltak og legge til rette for at alle f\u00e5r like muligheter til \u00e5 bidra, sier Isabella Emilie Pigini Storli fra H\u00f8yre.<\/li>\n\n\n\n<li>Dette er en investering i fremtiden. Vi m\u00e5 sikre at de som kommer til Norge, uavhengig av bakgrunn, f\u00e5r mulighet til \u00e5 delta i samfunnet p\u00e5 en meningsfull m\u00e5te, sier Trine Sivertsen Hjortdahl.<\/li>\n<\/ul>\n\n\n\n<p>Fylkestinget \u00f8nsker ogs\u00e5 et mer mangfoldig samarbeid p\u00e5 tvers av stat og frivillighet, etter forslag fra H\u00f8yre.<\/p>\n\n\n\n<ul class=\"wp-block-list\">\n<li>Samtidig vet vi at frivillige organisasjoner er en viktig partner og et supplement i integreringsprosessen. Derfor ber vi n\u00e5 staten sikre st\u00f8tte til frivillige organisasjoner som bidrar til integrering gjennom en m\u00e5lrettet s\u00f8knadsordning<\/li>\n<\/ul>\n\n\n\n<p>Endringene reflekterer et \u00f8nske om bedre integrering og b\u00e6rekraftig samfunnsutvikling, der b\u00e5de deltakerne og lokalsamfunnene vinner. H\u00f8yre mener dette er avgj\u00f8rende for \u00e5 sikre like muligheter for alle<\/p>\n\n\n<div class=\"tags\">\n\t<\/div>\n<div class=\"post-footer alignfull has-background block-editor-block-list__block\" data-align=full>\n\t<div class=\"post-footer-inner\">\n\t\t<h3>Relaterte artikler<\/h3>\n\t\t<div class=\"related-content\"><div class=\"is-card-hoyre\">\n\t<div class=\"teft-card hoyre-teft-card post-teft-card\">\n\t\t<a href=\"https:\/\/hoyre.no\/nordland\/aktuelt\/vi-onsker-dine-innspill\/\" class=\"teft-card__primary-action\">\n\n\t\t\t\t\t<div class=\"teft-card__media teft-card__media--16-9\">\n\t\t\t\t\t\t<img loading=\"lazy\" decoding=\"async\" width=\"768\" height=\"402\" src=\"https:\/\/hoyre.no\/content\/uploads\/sites\/9\/2026\/04\/Dokument-uten-navn-09.02.2026-1-1536x804-1-768x402.png\" class=\"attachment-medium_large size-medium_large\" alt=\"\" srcset=\"https:\/\/hoyre.no\/content\/uploads\/sites\/9\/2026\/04\/Dokument-uten-navn-09.02.2026-1-1536x804-1-768x402.png 768w, https:\/\/hoyre.no\/content\/uploads\/sites\/9\/2026\/04\/Dokument-uten-navn-09.02.2026-1-1536x804-1-300x157.png 300w, https:\/\/hoyre.no\/content\/uploads\/sites\/9\/2026\/04\/Dokument-uten-navn-09.02.2026-1-1536x804-1-1024x536.png 1024w, https:\/\/hoyre.no\/content\/uploads\/sites\/9\/2026\/04\/Dokument-uten-navn-09.02.2026-1-1536x804-1.png 1536w\" sizes=\"auto, (max-width: 768px) 100vw, 768px\" \/>\t\t<\/div>\n\t\t\n\t\t\t<div class=\"teft-card__content-wrapper\">\n\t\t\t\t<div class=\"teft-card__secondary\">\n\t\t\t\t\t\n\t\t\t\t\t\t\t\t<div class=\"teft-card__meta\">\n\t\t\t\t\t\t\t\t\t<span class=\"post-date\">15. apr 2026<\/span>\n\n\t\t\t\t\t\t\t\t\t<span class=\"post-category\">Nominasjonsprosess 2027\/2031<\/span>\t\t\t\t\t\t\t\t<\/div>\n\t\t\t\t\t\t\t\t\t\t\t<\/div>\n\n\t\t\t\t<div class=\"teft-card__primary\">\n\t\t\t\t\t<h2 class=\"teft-card__title\">Vi \u00f8nsker dine innspill!&nbsp;<span class=\"teft-card__primary-title-append\"><\/span><\/h2>\t\t\t\t<\/div>\n\t\t\t<\/div>\n\t\t<\/a>\n\t<\/div>\n\n\t<\/div><div class=\"is-card-hoyre\">\n\t<div class=\"teft-card hoyre-teft-card post-teft-card\">\n\t\t<a href=\"https:\/\/hoyre.no\/nordland\/aktuelt\/sjomatnaeringen-og-prosessindustrien\/\" class=\"teft-card__primary-action\">\n\n\t\t\t<div class=\"teft-card__media teft-card__media--16-9 no-image\"><\/div>\n\t\t\t<div class=\"teft-card__content-wrapper\">\n\t\t\t\t<div class=\"teft-card__secondary\">\n\t\t\t\t\t\n\t\t\t\t\t\t\t\t<div class=\"teft-card__meta\">\n\t\t\t\t\t\t\t\t\t<span class=\"post-date\">20. nov 2025<\/span>\n\n\t\t\t\t\t\t\t\t\t<span class=\"post-category\">Fylkes\u00e5rsm\u00f8te 2025<\/span>\t\t\t\t\t\t\t\t<\/div>\n\t\t\t\t\t\t\t\t\t\t\t<\/div>\n\n\t\t\t\t<div class=\"teft-card__primary\">\n\t\t\t\t\t<h2 class=\"teft-card__title\">Sj\u00f8matn\u00e6ringen og prosessindustrien&nbsp;<span class=\"teft-card__primary-title-append\"><\/span><\/h2>\t\t\t\t<\/div>\n\t\t\t<\/div>\n\t\t<\/a>\n\t<\/div>\n\n\t<\/div><div class=\"is-card-hoyre\">\n\t<div class=\"teft-card hoyre-teft-card post-teft-card\">\n\t\t<a href=\"https:\/\/hoyre.no\/nordland\/aktuelt\/okt-satsning-pa-havforskning\/\" class=\"teft-card__primary-action\">\n\n\t\t\t<div class=\"teft-card__media teft-card__media--16-9 no-image\"><\/div>\n\t\t\t<div class=\"teft-card__content-wrapper\">\n\t\t\t\t<div class=\"teft-card__secondary\">\n\t\t\t\t\t\n\t\t\t\t\t\t\t\t<div class=\"teft-card__meta\">\n\t\t\t\t\t\t\t\t\t<span class=\"post-date\">20. nov 2025<\/span>\n\n\t\t\t\t\t\t\t\t\t<span class=\"post-category\">Fylkes\u00e5rsm\u00f8te 2025<\/span>\t\t\t\t\t\t\t\t<\/div>\n\t\t\t\t\t\t\t\t\t\t\t<\/div>\n\n\t\t\t\t<div class=\"teft-card__primary\">\n\t\t\t\t\t<h2 class=\"teft-card__title\">\u00d8kt satsning p\u00e5 havforskning&nbsp;<span class=\"teft-card__primary-title-append\"><\/span><\/h2>\t\t\t\t<\/div>\n\t\t\t<\/div>\n\t\t<\/a>\n\t<\/div>\n\n\t<\/div><\/div>\t<\/div>\n<\/div>\n","protected":false},"excerpt":{"rendered":"","protected":false},"author":3547,"featured_media":0,"comment_status":"closed","ping_status":"closed","sticky":false,"template":"","format":"standard","meta":{"teft_cards_image_url":"","teft_cards_custom_pretitle":"","teft_cards_image_id":1864,"teft_cards_image_focal_point_x":0.5,"teft_cards_image_focal_point_y":0.5,"teft_cards_title":"","teft_cards_excerpt":"","teft_show_chapters":false,"author_display_name":"","footnotes":""},"category":[23],"post_tag":[],"hoyre-visibility":[],"article-type":[],"politician":[],"class_list":["post-1863","post","type-post","status-publish","format-standard","hentry","category-fylkesting-2025"],"yoast_head":"<!-- This site is optimized with the Yoast SEO plugin v26.6 - https:\/\/yoast.com\/wordpress\/plugins\/seo\/ -->\n<title>H\u00f8yre vil ha en integreringspolitikk tilpasset individet, ikke systemet - Nordland H\u00f8yre<\/title>\n<meta name=\"robots\" content=\"index, follow, max-snippet:-1, max-image-preview:large, max-video-preview:-1\" \/>\n<link rel=\"canonical\" href=\"https:\/\/hoyre.no\/nordland\/aktuelt\/hoyre-vil-ha-en-integreringspolitikk-tilpasset-individet-ikke-systemet\/\" \/>\n<meta property=\"og:locale\" content=\"nb_NO\" \/>\n<meta property=\"og:type\" content=\"article\" \/>\n<meta property=\"og:title\" content=\"H\u00f8yre vil ha en integreringspolitikk tilpasset individet, ikke systemet - Nordland H\u00f8yre\" \/>\n<meta property=\"og:url\" content=\"https:\/\/hoyre.no\/nordland\/aktuelt\/hoyre-vil-ha-en-integreringspolitikk-tilpasset-individet-ikke-systemet\/\" \/>\n<meta property=\"og:site_name\" content=\"Nordland H\u00f8yre\" \/>\n<meta property=\"article:published_time\" content=\"2024-12-16T16:43:54+00:00\" \/>\n<meta property=\"article:modified_time\" content=\"2025-03-20T15:24:40+00:00\" \/>\n<meta property=\"og:image\" content=\"https:\/\/hoyre.no\/content\/uploads\/sites\/9\/2022\/11\/Hoyres-logo.png\" \/>\n\t<meta property=\"og:image:width\" content=\"1000\" \/>\n\t<meta property=\"og:image:height\" content=\"1000\" \/>\n\t<meta property=\"og:image:type\" content=\"image\/png\" \/>\n<meta name=\"author\" content=\"Isabella Emilie Pigini Storli\" \/>\n<meta name=\"twitter:card\" content=\"summary_large_image\" \/>\n<meta name=\"twitter:label1\" content=\"Skrevet av\" \/>\n\t<meta name=\"twitter:data1\" content=\"Isabella Emilie Pigini Storli\" \/>\n\t<meta name=\"twitter:label2\" content=\"Ansl. lesetid\" \/>\n\t<meta name=\"twitter:data2\" content=\"3 minutter\" \/>\n<script type=\"application\/ld+json\" class=\"yoast-schema-graph\">{\"@context\":\"https:\/\/schema.org\",\"@graph\":[{\"@type\":\"NewsArticle\",\"@id\":\"https:\/\/hoyre.no\/nordland\/aktuelt\/hoyre-vil-ha-en-integreringspolitikk-tilpasset-individet-ikke-systemet\/\",\"url\":\"https:\/\/hoyre.no\/nordland\/aktuelt\/hoyre-vil-ha-en-integreringspolitikk-tilpasset-individet-ikke-systemet\/\",\"name\":\"H\u00f8yre vil ha en integreringspolitikk tilpasset individet, ikke systemet - Nordland H\u00f8yre\",\"isPartOf\":{\"@id\":\"https:\/\/hoyre.no\/nordland\/#website\"},\"datePublished\":\"2024-12-16T16:43:54+00:00\",\"dateModified\":\"2025-03-20T15:24:40+00:00\",\"author\":{\"@id\":\"https:\/\/hoyre.no\/nordland\/#\/schema\/person\/6f4581f8cbce8649b11dffce4d355a20\"},\"breadcrumb\":{\"@id\":\"https:\/\/hoyre.no\/nordland\/aktuelt\/hoyre-vil-ha-en-integreringspolitikk-tilpasset-individet-ikke-systemet\/#breadcrumb\"},\"inLanguage\":\"nb-NO\",\"potentialAction\":[{\"@type\":\"ReadAction\",\"target\":[\"https:\/\/hoyre.no\/nordland\/aktuelt\/hoyre-vil-ha-en-integreringspolitikk-tilpasset-individet-ikke-systemet\/\"]}]},{\"@type\":\"BreadcrumbList\",\"@id\":\"https:\/\/hoyre.no\/nordland\/aktuelt\/hoyre-vil-ha-en-integreringspolitikk-tilpasset-individet-ikke-systemet\/#breadcrumb\",\"itemListElement\":[{\"@type\":\"ListItem\",\"position\":1,\"name\":\"Til hoyre.no\",\"item\":\"https:\/\/hoyre.no\"},{\"@type\":\"ListItem\",\"position\":2,\"name\":\"Hjem\",\"item\":\"https:\/\/hoyre.no\/nordland\/\"},{\"@type\":\"ListItem\",\"position\":3,\"name\":\"H\u00f8yre vil ha en integreringspolitikk tilpasset individet, ikke systemet\"}]},{\"@type\":\"WebSite\",\"@id\":\"https:\/\/hoyre.no\/nordland\/#website\",\"url\":\"https:\/\/hoyre.no\/nordland\/\",\"name\":\"Nordland H\u00f8yre\",\"description\":\"Bare enda et H\u00f8yres nettsteder-nettsted\",\"inLanguage\":\"nb-NO\"},{\"@type\":\"Person\",\"@id\":\"https:\/\/hoyre.no\/nordland\/#\/schema\/person\/6f4581f8cbce8649b11dffce4d355a20\",\"name\":\"Isabella Emilie Pigini Storli\",\"image\":{\"@type\":\"ImageObject\",\"inLanguage\":\"nb-NO\",\"@id\":\"https:\/\/hoyre.no\/nordland\/#\/schema\/person\/image\/\",\"url\":\"https:\/\/secure.gravatar.com\/avatar\/08adee43a03700ba785bdbd90482e1f29963f7da76a6456741cc4ace550c4fe2?s=96&d=mm&r=g\",\"contentUrl\":\"https:\/\/secure.gravatar.com\/avatar\/08adee43a03700ba785bdbd90482e1f29963f7da76a6456741cc4ace550c4fe2?s=96&d=mm&r=g\",\"caption\":\"Isabella Emilie Pigini Storli\"},\"url\":\"https:\/\/hoyre.no\/nordland\/aktuelt\/author\/m52026796\/\"}]}<\/script>\n<!-- \/ Yoast SEO plugin. -->","yoast_head_json":{"title":"H\u00f8yre vil ha en integreringspolitikk tilpasset individet, ikke systemet - Nordland H\u00f8yre","robots":{"index":"index","follow":"follow","max-snippet":"max-snippet:-1","max-image-preview":"max-image-preview:large","max-video-preview":"max-video-preview:-1"},"canonical":"https:\/\/hoyre.no\/nordland\/aktuelt\/hoyre-vil-ha-en-integreringspolitikk-tilpasset-individet-ikke-systemet\/","og_locale":"nb_NO","og_type":"article","og_title":"H\u00f8yre vil ha en integreringspolitikk tilpasset individet, ikke systemet - Nordland H\u00f8yre","og_url":"https:\/\/hoyre.no\/nordland\/aktuelt\/hoyre-vil-ha-en-integreringspolitikk-tilpasset-individet-ikke-systemet\/","og_site_name":"Nordland H\u00f8yre","article_published_time":"2024-12-16T16:43:54+00:00","article_modified_time":"2025-03-20T15:24:40+00:00","og_image":[{"width":1000,"height":1000,"url":"https:\/\/hoyre.no\/content\/uploads\/sites\/9\/2022\/11\/Hoyres-logo.png","type":"image\/png"}],"author":"Isabella Emilie Pigini Storli","twitter_card":"summary_large_image","twitter_misc":{"Skrevet av":"Isabella Emilie Pigini Storli","Ansl. lesetid":"3 minutter"},"schema":{"@context":"https:\/\/schema.org","@graph":[{"@type":"NewsArticle","@id":"https:\/\/hoyre.no\/nordland\/aktuelt\/hoyre-vil-ha-en-integreringspolitikk-tilpasset-individet-ikke-systemet\/","url":"https:\/\/hoyre.no\/nordland\/aktuelt\/hoyre-vil-ha-en-integreringspolitikk-tilpasset-individet-ikke-systemet\/","name":"H\u00f8yre vil ha en integreringspolitikk tilpasset individet, ikke systemet - Nordland H\u00f8yre","isPartOf":{"@id":"https:\/\/hoyre.no\/nordland\/#website"},"datePublished":"2024-12-16T16:43:54+00:00","dateModified":"2025-03-20T15:24:40+00:00","author":{"@id":"https:\/\/hoyre.no\/nordland\/#\/schema\/person\/6f4581f8cbce8649b11dffce4d355a20"},"breadcrumb":{"@id":"https:\/\/hoyre.no\/nordland\/aktuelt\/hoyre-vil-ha-en-integreringspolitikk-tilpasset-individet-ikke-systemet\/#breadcrumb"},"inLanguage":"nb-NO","potentialAction":[{"@type":"ReadAction","target":["https:\/\/hoyre.no\/nordland\/aktuelt\/hoyre-vil-ha-en-integreringspolitikk-tilpasset-individet-ikke-systemet\/"]}]},{"@type":"BreadcrumbList","@id":"https:\/\/hoyre.no\/nordland\/aktuelt\/hoyre-vil-ha-en-integreringspolitikk-tilpasset-individet-ikke-systemet\/#breadcrumb","itemListElement":[{"@type":"ListItem","position":1,"name":"Til hoyre.no","item":"https:\/\/hoyre.no"},{"@type":"ListItem","position":2,"name":"Hjem","item":"https:\/\/hoyre.no\/nordland\/"},{"@type":"ListItem","position":3,"name":"H\u00f8yre vil ha en integreringspolitikk tilpasset individet, ikke systemet"}]},{"@type":"WebSite","@id":"https:\/\/hoyre.no\/nordland\/#website","url":"https:\/\/hoyre.no\/nordland\/","name":"Nordland H\u00f8yre","description":"Bare enda et H\u00f8yres nettsteder-nettsted","inLanguage":"nb-NO"},{"@type":"Person","@id":"https:\/\/hoyre.no\/nordland\/#\/schema\/person\/6f4581f8cbce8649b11dffce4d355a20","name":"Isabella Emilie Pigini Storli","image":{"@type":"ImageObject","inLanguage":"nb-NO","@id":"https:\/\/hoyre.no\/nordland\/#\/schema\/person\/image\/","url":"https:\/\/secure.gravatar.com\/avatar\/08adee43a03700ba785bdbd90482e1f29963f7da76a6456741cc4ace550c4fe2?s=96&d=mm&r=g","contentUrl":"https:\/\/secure.gravatar.com\/avatar\/08adee43a03700ba785bdbd90482e1f29963f7da76a6456741cc4ace550c4fe2?s=96&d=mm&r=g","caption":"Isabella Emilie Pigini Storli"},"url":"https:\/\/hoyre.no\/nordland\/aktuelt\/author\/m52026796\/"}]}},"distributor_meta":false,"distributor_terms":false,"distributor_media":false,"distributor_original_site_name":"Nordland H\u00f8yre","distributor_original_site_url":"https:\/\/hoyre.no\/nordland","push-errors":false,"_links":{"self":[{"href":"https:\/\/hoyre.no\/nordland\/wp-json\/wp\/v2\/posts\/1863","targetHints":{"allow":["GET"]}}],"collection":[{"href":"https:\/\/hoyre.no\/nordland\/wp-json\/wp\/v2\/posts"}],"about":[{"href":"https:\/\/hoyre.no\/nordland\/wp-json\/wp\/v2\/types\/post"}],"author":[{"embeddable":true,"href":"https:\/\/hoyre.no\/nordland\/wp-json\/wp\/v2\/users\/3547"}],"replies":[{"embeddable":true,"href":"https:\/\/hoyre.no\/nordland\/wp-json\/wp\/v2\/comments?post=1863"}],"version-history":[{"count":1,"href":"https:\/\/hoyre.no\/nordland\/wp-json\/wp\/v2\/posts\/1863\/revisions"}],"predecessor-version":[{"id":1865,"href":"https:\/\/hoyre.no\/nordland\/wp-json\/wp\/v2\/posts\/1863\/revisions\/1865"}],"wp:attachment":[{"href":"https:\/\/hoyre.no\/nordland\/wp-json\/wp\/v2\/media?parent=1863"}],"wp:term":[{"taxonomy":"category","embeddable":true,"href":"https:\/\/hoyre.no\/nordland\/wp-json\/wp\/v2\/category?post=1863"},{"taxonomy":"post_tag","embeddable":true,"href":"https:\/\/hoyre.no\/nordland\/wp-json\/wp\/v2\/post_tag?post=1863"},{"taxonomy":"hoyre-visibility","embeddable":true,"href":"https:\/\/hoyre.no\/nordland\/wp-json\/wp\/v2\/hoyre-visibility?post=1863"},{"taxonomy":"article-type","embeddable":true,"href":"https:\/\/hoyre.no\/nordland\/wp-json\/wp\/v2\/article-type?post=1863"},{"taxonomy":"politician","embeddable":true,"href":"https:\/\/hoyre.no\/nordland\/wp-json\/wp\/v2\/politician?post=1863"}],"curies":[{"name":"wp","href":"https:\/\/api.w.org\/{rel}","templated":true}]}}