{"id":187,"date":"2017-07-25T22:00:00","date_gmt":"2017-07-25T20:00:00","guid":{"rendered":"https:\/\/hoyre.no\/nordland\/aktuelt\/hvem-i-nordland-skal\/"},"modified":"2017-07-25T22:00:00","modified_gmt":"2017-07-25T20:00:00","slug":"hvem-i-nordland-skal","status":"publish","type":"post","link":"https:\/\/hoyre.no\/nordland\/aktuelt\/hvem-i-nordland-skal\/","title":{"rendered":"Hvem i Nordland skal betale skatte\u00f8kningene dine, Gahr St\u00f8re?"},"content":{"rendered":"<p class=\"preamble\">Arbeiderpartiet og Jonas Gahr St\u00f8re har lovet \u00e5 \u00f8ke skatteniv\u00e5et med 15 milliarder kroner dersom de vinner valget. For Nordlands vedkommende betyr det 500 millioner kroner mindre til l\u00f8nnsmottakere, pensjonister og bedrifter. Hvem skal betale?<\/p>\t\t\t<div class=\"post-meta wp-block teft-byline-wrapper\">\n\t\t\t\t<div class=\"top\">\n\t\t\t\t\t<div class=\"signature\">\n\t\t\t\t\t\t<div class=\"teft-byline\">\n\t\t\t\t\t\t\t\t\t\t\t\t\t\t<div>\n\t\t\t\t\t\t\t\t<h3>H\u00f8yres redaksjon<\/h3>\t\t\t\t\t\t\t\t\n\t\t\t\t\t\t\t\t\t\t\t\t\t\t\t\t\t<span class=\"date\">Sist oppdatert: 25. juli 2017<\/span>\n\t\t\t\t\t\t\t\t\t\t\t\t\t\t\t\t\t\t\t\t\t\t\t\t\t<span class=\"reading-time\" itemprop=\"timeRequired\" content=\"PT3M\"><em>Ca. 3 minutter lesetid<\/em><\/span>\n\t\t\t\t\t\t\t\t\t\t\t\t\t\t\t<\/div>\n\t\t\t\t\t\t<\/div>\n\t\t\t\t\t<\/div>\n\t\t\t\t\t\t<div class=\"sharing\">\n\t\t<a class=\"share-button share-link copy-link\" data-copy=\"https:\/\/hoyre.no\/nordland\/aktuelt\/hvem-i-nordland-skal\/\" target=\"_blank\"><span class=\"screen-reader-text\">Del link<\/span><\/a>\n\t\t<a class=\"share-button share-twitter\" href=\"http:\/\/twitter.com\/share?text=Hvem i Nordland skal betale skatte\u00f8kningene dine, Gahr St\u00f8re?&#038;url=https:\/\/hoyre.no\/nordland\/aktuelt\/hvem-i-nordland-skal\/&#038;hashtags=Hoyre\" target=\"_blank\"><span class=\"screen-reader-text\">Del p\u00e5 twitter<\/span><\/a>\n\t\t<a class=\"share-button share-facebook\" href=\"https:\/\/www.facebook.com\/sharer\/sharer.php?u=https:\/\/hoyre.no\/nordland\/aktuelt\/hvem-i-nordland-skal\/\" target=\"_blank\"><span class=\"screen-reader-text\">Del p\u00e5 facebook<\/span><\/a>\n\t<\/div>\n\t\t\t\t\t<\/div>\n\t\t\t<\/div>\n\n\t\t\t<figure class=\"hoyre-image-wrapper\"><div class=\"hoyre-image\"><img loading=\"lazy\" decoding=\"async\" width=\"960\" height=\"960\" src=\"https:\/\/hoyre.no\/content\/uploads\/sites\/9\/2020\/11\/daniel-1.jpg\" class=\"attachment-scaled size-scaled\" alt=\"\" style=\"object-position: 50% 50%\" srcset=\"https:\/\/hoyre.no\/content\/uploads\/sites\/9\/2020\/11\/daniel-1.jpg 960w, https:\/\/hoyre.no\/content\/uploads\/sites\/9\/2020\/11\/daniel-1-300x300.jpg 300w, https:\/\/hoyre.no\/content\/uploads\/sites\/9\/2020\/11\/daniel-1-150x150.jpg 150w, https:\/\/hoyre.no\/content\/uploads\/sites\/9\/2020\/11\/daniel-1-768x768.jpg 768w\" sizes=\"auto, (max-width: 960px) 100vw, 960px\" \/><\/div><\/figure><div id=\"hoyre-old-article-content-wrapper\"><p>Arbeiderpartiet snakker varmt om at \u00f8kt skatt skal finansiere mer velferd. Samtidig glemmer de at arbeidsplassene de skattlegger er den viktigste faktoren for velferd. <\/p><p><strong>En positiv utvikling <\/strong><\/p><p>H\u00f8yre har styrt Norge trygt gjennom en krevende tid med det verste oljeprisfallet p\u00e5 30 \u00e5r og flyktningkrise. Det har v\u00e6rt en t\u00f8ff periode, men n\u00e5 g\u00e5r ledigheten ned og veksten opp. For selv om regjeringen har redusert skatteniv\u00e5et, har statens inntekter fra skattene \u00f8kt. Dette gir en tydelig indikasjon p\u00e5 at regjeringens skattelettelser har v\u00e6rt vekstskapende. Det siste Nordland trenger n\u00e5 er en skatte- og avgifts\u00f8kning p\u00e5 500 millioner kroner. Disse skatte\u00f8kningene truer den positive utviklingen vi n\u00e5 ser blant bedriftene og i arbeidsmarkedet.<\/p><p><strong>Hvem f\u00e5r regningen?<\/strong><\/p><p>I stedet for \u00e5 tappe Nordland for verdier i hundremillionersklassen, er dette penger som kunne ha blitt brukt til \u00e5 kj\u00f8pe flere varer, tjenester eller brukes til investeringer i nye arbeidsplasser. Er det bedriftene som skal f\u00e5 skatteregningen, Gahr St\u00f8re?I stedet for \u00e5 \u00f8ke skattene vil H\u00f8yre gj\u00f8re norskeide bedrifter enda mer konkurransedyktige. Denne perioden har vi blant annet gjennomf\u00f8rt forenklinger som har spart norsk n\u00e6ringsliv for 10 milliarder kroner. I neste periode skal vi forenkle og digitalisere slik at n\u00e6ringslivet sparer nye 10 milliarder. Vi skal ogs\u00e5 arbeide for \u00e5 avvikle den s\u00e6rnorske formuesskatten gradvis, for dem som invester i norskeide arbeidsplasser. Dagens formueskatt inneb\u00e6rer en urettferdig konkurransefordel for utenlandske eiere som slipper \u00e5 betale formuesskatt.<\/p><p><strong>Skape mer, ikke skatte mer<\/strong><\/p><p>H\u00f8yre vil har flere jobber som bidrar til statsbudsjettet, ikke jobber som lever av statsbudsjettet. Derfor m\u00e5 vi s\u00f8rge for at de flinke bedriftene i Nordland kan skape mer og ikke skatte mer, slik Arbeiderpartiet vil. Hvis ikke bedriftene skal betale skatteregningen, er det kanskje pensjonistene? For en ukes tid tilbake lanserte Arbeiderpartiet sitt nye pensjonsforslag som skulle gi pensjonistene noen hundrelapper mer i \u00e5ret. Samtidig skrev Arbeiderpartiet p\u00e5 egne nettsider at \u00abendringene ikke forventes \u00e5 ha \u00f8konomiske konsekvenser over tid\u00bb. Det er vanskelig \u00e5 f\u00e5 dette regnestykket til \u00e5 g\u00e5 opp. Dersom pensjonistene skal f\u00e5 mer, men staten ikke skal betale, m\u00e5 jo det bety at utgiftene hentes inn p\u00e5 andre m\u00e5ter. Sannsynligvis skyldes det at skatten for pensjonistene ogs\u00e5 vil g\u00e5 opp med Arbeiderpartiet i regjering. Dermed g\u00e5r vinningen opp i spinningen. Det er store muligheter for at pensjonistene kommer d\u00e5rligere ut med Arbeiderpartiets forslag.<\/p><p><strong>Mer skatt \u00e5 betale for alle<\/strong><\/p><p>Hvis ikke pensjonistene eller bedriftene skal betale, er det kanskje l\u00f8nnsmottakerne som f\u00e5r regningen? Det er en d\u00e5rlig prioritering om Arbeiderpartiet \u00f8nsker flere mennesker i jobb. Sannsynligvis skal alle betale mer skatt med Arbeiderpartiet. Det betyr at l\u00f8nnsmottakere, pensjonister og bedriftseiere i Nordland betale over 500 millioner kroner i mer skatter og avgifter hvert \u00e5r. Det er hverken et n\u00f8dvendig eller konstruktivt bidrag til \u00e5 skape flere arbeidsplasser. Arbeiderpartiet burde visst bedre. <\/p><p><br \/><\/p><p><br \/><\/p><\/div>\n<div class=\"tags\">\n\t<\/div>\n<div class=\"post-footer alignfull has-background block-editor-block-list__block\" data-align=full>\n\t<div class=\"post-footer-inner\">\n\t\t<h3>Relaterte artikler<\/h3>\n\t\t<div class=\"related-content\"><div class=\"is-card-hoyre\">\n\t<div class=\"teft-card hoyre-teft-card post-teft-card\">\n\t\t<a href=\"https:\/\/hoyre.no\/nordland\/aktuelt\/vi-onsker-dine-innspill\/\" class=\"teft-card__primary-action\">\n\n\t\t\t\t\t<div class=\"teft-card__media teft-card__media--16-9\">\n\t\t\t\t\t\t<img loading=\"lazy\" decoding=\"async\" width=\"768\" height=\"402\" src=\"https:\/\/hoyre.no\/content\/uploads\/sites\/9\/2026\/04\/Dokument-uten-navn-09.02.2026-1-1536x804-1-768x402.png\" class=\"attachment-medium_large size-medium_large\" alt=\"\" srcset=\"https:\/\/hoyre.no\/content\/uploads\/sites\/9\/2026\/04\/Dokument-uten-navn-09.02.2026-1-1536x804-1-768x402.png 768w, https:\/\/hoyre.no\/content\/uploads\/sites\/9\/2026\/04\/Dokument-uten-navn-09.02.2026-1-1536x804-1-300x157.png 300w, https:\/\/hoyre.no\/content\/uploads\/sites\/9\/2026\/04\/Dokument-uten-navn-09.02.2026-1-1536x804-1-1024x536.png 1024w, https:\/\/hoyre.no\/content\/uploads\/sites\/9\/2026\/04\/Dokument-uten-navn-09.02.2026-1-1536x804-1.png 1536w\" sizes=\"auto, (max-width: 768px) 100vw, 768px\" \/>\t\t<\/div>\n\t\t\n\t\t\t<div class=\"teft-card__content-wrapper\">\n\t\t\t\t<div class=\"teft-card__secondary\">\n\t\t\t\t\t\n\t\t\t\t\t\t\t\t<div class=\"teft-card__meta\">\n\t\t\t\t\t\t\t\t\t<span class=\"post-date\">15. apr 2026<\/span>\n\n\t\t\t\t\t\t\t\t\t<span class=\"post-category\">Nominasjonsprosess 2027\/2031<\/span>\t\t\t\t\t\t\t\t<\/div>\n\t\t\t\t\t\t\t\t\t\t\t<\/div>\n\n\t\t\t\t<div class=\"teft-card__primary\">\n\t\t\t\t\t<h2 class=\"teft-card__title\">Vi \u00f8nsker dine innspill!&nbsp;<span class=\"teft-card__primary-title-append\"><\/span><\/h2>\t\t\t\t<\/div>\n\t\t\t<\/div>\n\t\t<\/a>\n\t<\/div>\n\n\t<\/div><div class=\"is-card-hoyre\">\n\t<div class=\"teft-card hoyre-teft-card post-teft-card\">\n\t\t<a href=\"https:\/\/hoyre.no\/nordland\/aktuelt\/sjomatnaeringen-og-prosessindustrien\/\" class=\"teft-card__primary-action\">\n\n\t\t\t<div class=\"teft-card__media teft-card__media--16-9 no-image\"><\/div>\n\t\t\t<div class=\"teft-card__content-wrapper\">\n\t\t\t\t<div class=\"teft-card__secondary\">\n\t\t\t\t\t\n\t\t\t\t\t\t\t\t<div class=\"teft-card__meta\">\n\t\t\t\t\t\t\t\t\t<span class=\"post-date\">20. nov 2025<\/span>\n\n\t\t\t\t\t\t\t\t\t<span class=\"post-category\">Fylkes\u00e5rsm\u00f8te 2025<\/span>\t\t\t\t\t\t\t\t<\/div>\n\t\t\t\t\t\t\t\t\t\t\t<\/div>\n\n\t\t\t\t<div class=\"teft-card__primary\">\n\t\t\t\t\t<h2 class=\"teft-card__title\">Sj\u00f8matn\u00e6ringen og prosessindustrien&nbsp;<span class=\"teft-card__primary-title-append\"><\/span><\/h2>\t\t\t\t<\/div>\n\t\t\t<\/div>\n\t\t<\/a>\n\t<\/div>\n\n\t<\/div><div class=\"is-card-hoyre\">\n\t<div class=\"teft-card hoyre-teft-card post-teft-card\">\n\t\t<a href=\"https:\/\/hoyre.no\/nordland\/aktuelt\/okt-satsning-pa-havforskning\/\" class=\"teft-card__primary-action\">\n\n\t\t\t<div class=\"teft-card__media teft-card__media--16-9 no-image\"><\/div>\n\t\t\t<div class=\"teft-card__content-wrapper\">\n\t\t\t\t<div class=\"teft-card__secondary\">\n\t\t\t\t\t\n\t\t\t\t\t\t\t\t<div class=\"teft-card__meta\">\n\t\t\t\t\t\t\t\t\t<span class=\"post-date\">20. nov 2025<\/span>\n\n\t\t\t\t\t\t\t\t\t<span class=\"post-category\">Fylkes\u00e5rsm\u00f8te 2025<\/span>\t\t\t\t\t\t\t\t<\/div>\n\t\t\t\t\t\t\t\t\t\t\t<\/div>\n\n\t\t\t\t<div class=\"teft-card__primary\">\n\t\t\t\t\t<h2 class=\"teft-card__title\">\u00d8kt satsning p\u00e5 havforskning&nbsp;<span class=\"teft-card__primary-title-append\"><\/span><\/h2>\t\t\t\t<\/div>\n\t\t\t<\/div>\n\t\t<\/a>\n\t<\/div>\n\n\t<\/div><\/div>\t<\/div>\n<\/div>\n","protected":false},"excerpt":{"rendered":"","protected":false},"author":0,"featured_media":0,"comment_status":"closed","ping_status":"closed","sticky":false,"template":"","format":"standard","meta":{"teft_cards_image_url":"https:\/\/hoyre.no\/content\/uploads\/sites\/9\/2020\/11\/daniel-1.jpg","teft_cards_custom_pretitle":"","teft_cards_image_id":186,"teft_cards_image_focal_point_x":0,"teft_cards_image_focal_point_y":0,"teft_cards_title":"","teft_cards_excerpt":"","teft_show_chapters":false,"author_display_name":"Av: Daniel Skjevik-Aasberg, stortingskandidat Nordland H\u00f8yre","footnotes":""},"category":[1],"post_tag":[],"hoyre-visibility":[],"article-type":[],"politician":[],"class_list":["post-187","post","type-post","status-publish","format-standard","hentry","category-ukategorisert"],"yoast_head":"<!-- This site is optimized with the Yoast SEO plugin v26.6 - https:\/\/yoast.com\/wordpress\/plugins\/seo\/ -->\n<title>Hvem i Nordland skal betale skatte\u00f8kningene dine, Gahr St\u00f8re? - Nordland H\u00f8yre<\/title>\n<meta name=\"robots\" content=\"index, follow, max-snippet:-1, max-image-preview:large, max-video-preview:-1\" \/>\n<link rel=\"canonical\" href=\"https:\/\/hoyre.no\/nordland\/aktuelt\/hvem-i-nordland-skal\/\" \/>\n<meta property=\"og:locale\" content=\"nb_NO\" \/>\n<meta property=\"og:type\" content=\"article\" \/>\n<meta property=\"og:title\" content=\"Hvem i Nordland skal betale skatte\u00f8kningene dine, Gahr St\u00f8re? - Nordland H\u00f8yre\" \/>\n<meta property=\"og:url\" content=\"https:\/\/hoyre.no\/nordland\/aktuelt\/hvem-i-nordland-skal\/\" \/>\n<meta property=\"og:site_name\" content=\"Nordland H\u00f8yre\" \/>\n<meta property=\"article:published_time\" content=\"2017-07-25T20:00:00+00:00\" \/>\n<meta property=\"og:image\" content=\"https:\/\/hoyre.no\/content\/uploads\/sites\/9\/2022\/11\/Hoyres-logo.png\" \/>\n\t<meta property=\"og:image:width\" content=\"1000\" \/>\n\t<meta property=\"og:image:height\" content=\"1000\" \/>\n\t<meta property=\"og:image:type\" content=\"image\/png\" \/>\n<meta name=\"twitter:card\" content=\"summary_large_image\" \/>\n<meta name=\"twitter:label1\" content=\"Ansl. lesetid\" \/>\n\t<meta name=\"twitter:data1\" content=\"3 minutter\" \/>\n<script type=\"application\/ld+json\" class=\"yoast-schema-graph\">{\"@context\":\"https:\/\/schema.org\",\"@graph\":[{\"@type\":\"NewsArticle\",\"@id\":\"https:\/\/hoyre.no\/nordland\/aktuelt\/hvem-i-nordland-skal\/\",\"url\":\"https:\/\/hoyre.no\/nordland\/aktuelt\/hvem-i-nordland-skal\/\",\"name\":\"Hvem i Nordland skal betale skatte\u00f8kningene dine, Gahr St\u00f8re? - Nordland H\u00f8yre\",\"isPartOf\":{\"@id\":\"https:\/\/hoyre.no\/nordland\/#website\"},\"datePublished\":\"2017-07-25T20:00:00+00:00\",\"author\":{\"@id\":\"\"},\"breadcrumb\":{\"@id\":\"https:\/\/hoyre.no\/nordland\/aktuelt\/hvem-i-nordland-skal\/#breadcrumb\"},\"inLanguage\":\"nb-NO\",\"potentialAction\":[{\"@type\":\"ReadAction\",\"target\":[\"https:\/\/hoyre.no\/nordland\/aktuelt\/hvem-i-nordland-skal\/\"]}]},{\"@type\":\"BreadcrumbList\",\"@id\":\"https:\/\/hoyre.no\/nordland\/aktuelt\/hvem-i-nordland-skal\/#breadcrumb\",\"itemListElement\":[{\"@type\":\"ListItem\",\"position\":1,\"name\":\"Til hoyre.no\",\"item\":\"https:\/\/hoyre.no\"},{\"@type\":\"ListItem\",\"position\":2,\"name\":\"Hjem\",\"item\":\"https:\/\/hoyre.no\/nordland\/\"},{\"@type\":\"ListItem\",\"position\":3,\"name\":\"Hvem i Nordland skal betale skatte\u00f8kningene dine, Gahr St\u00f8re?\"}]},{\"@type\":\"WebSite\",\"@id\":\"https:\/\/hoyre.no\/nordland\/#website\",\"url\":\"https:\/\/hoyre.no\/nordland\/\",\"name\":\"Nordland H\u00f8yre\",\"description\":\"Bare enda et H\u00f8yres nettsteder-nettsted\",\"inLanguage\":\"nb-NO\"}]}<\/script>\n<!-- \/ Yoast SEO plugin. -->","yoast_head_json":{"title":"Hvem i Nordland skal betale skatte\u00f8kningene dine, Gahr St\u00f8re? - Nordland H\u00f8yre","robots":{"index":"index","follow":"follow","max-snippet":"max-snippet:-1","max-image-preview":"max-image-preview:large","max-video-preview":"max-video-preview:-1"},"canonical":"https:\/\/hoyre.no\/nordland\/aktuelt\/hvem-i-nordland-skal\/","og_locale":"nb_NO","og_type":"article","og_title":"Hvem i Nordland skal betale skatte\u00f8kningene dine, Gahr St\u00f8re? - Nordland H\u00f8yre","og_url":"https:\/\/hoyre.no\/nordland\/aktuelt\/hvem-i-nordland-skal\/","og_site_name":"Nordland H\u00f8yre","article_published_time":"2017-07-25T20:00:00+00:00","og_image":[{"width":1000,"height":1000,"url":"https:\/\/hoyre.no\/content\/uploads\/sites\/9\/2022\/11\/Hoyres-logo.png","type":"image\/png"}],"twitter_card":"summary_large_image","twitter_misc":{"Ansl. lesetid":"3 minutter"},"schema":{"@context":"https:\/\/schema.org","@graph":[{"@type":"NewsArticle","@id":"https:\/\/hoyre.no\/nordland\/aktuelt\/hvem-i-nordland-skal\/","url":"https:\/\/hoyre.no\/nordland\/aktuelt\/hvem-i-nordland-skal\/","name":"Hvem i Nordland skal betale skatte\u00f8kningene dine, Gahr St\u00f8re? - Nordland H\u00f8yre","isPartOf":{"@id":"https:\/\/hoyre.no\/nordland\/#website"},"datePublished":"2017-07-25T20:00:00+00:00","author":{"@id":""},"breadcrumb":{"@id":"https:\/\/hoyre.no\/nordland\/aktuelt\/hvem-i-nordland-skal\/#breadcrumb"},"inLanguage":"nb-NO","potentialAction":[{"@type":"ReadAction","target":["https:\/\/hoyre.no\/nordland\/aktuelt\/hvem-i-nordland-skal\/"]}]},{"@type":"BreadcrumbList","@id":"https:\/\/hoyre.no\/nordland\/aktuelt\/hvem-i-nordland-skal\/#breadcrumb","itemListElement":[{"@type":"ListItem","position":1,"name":"Til hoyre.no","item":"https:\/\/hoyre.no"},{"@type":"ListItem","position":2,"name":"Hjem","item":"https:\/\/hoyre.no\/nordland\/"},{"@type":"ListItem","position":3,"name":"Hvem i Nordland skal betale skatte\u00f8kningene dine, Gahr St\u00f8re?"}]},{"@type":"WebSite","@id":"https:\/\/hoyre.no\/nordland\/#website","url":"https:\/\/hoyre.no\/nordland\/","name":"Nordland H\u00f8yre","description":"Bare enda et H\u00f8yres nettsteder-nettsted","inLanguage":"nb-NO"}]}},"distributor_meta":false,"distributor_terms":false,"distributor_media":false,"distributor_original_site_name":"Nordland H\u00f8yre","distributor_original_site_url":"https:\/\/hoyre.no\/nordland","push-errors":false,"_links":{"self":[{"href":"https:\/\/hoyre.no\/nordland\/wp-json\/wp\/v2\/posts\/187","targetHints":{"allow":["GET"]}}],"collection":[{"href":"https:\/\/hoyre.no\/nordland\/wp-json\/wp\/v2\/posts"}],"about":[{"href":"https:\/\/hoyre.no\/nordland\/wp-json\/wp\/v2\/types\/post"}],"replies":[{"embeddable":true,"href":"https:\/\/hoyre.no\/nordland\/wp-json\/wp\/v2\/comments?post=187"}],"version-history":[{"count":0,"href":"https:\/\/hoyre.no\/nordland\/wp-json\/wp\/v2\/posts\/187\/revisions"}],"wp:attachment":[{"href":"https:\/\/hoyre.no\/nordland\/wp-json\/wp\/v2\/media?parent=187"}],"wp:term":[{"taxonomy":"category","embeddable":true,"href":"https:\/\/hoyre.no\/nordland\/wp-json\/wp\/v2\/category?post=187"},{"taxonomy":"post_tag","embeddable":true,"href":"https:\/\/hoyre.no\/nordland\/wp-json\/wp\/v2\/post_tag?post=187"},{"taxonomy":"hoyre-visibility","embeddable":true,"href":"https:\/\/hoyre.no\/nordland\/wp-json\/wp\/v2\/hoyre-visibility?post=187"},{"taxonomy":"article-type","embeddable":true,"href":"https:\/\/hoyre.no\/nordland\/wp-json\/wp\/v2\/article-type?post=187"},{"taxonomy":"politician","embeddable":true,"href":"https:\/\/hoyre.no\/nordland\/wp-json\/wp\/v2\/politician?post=187"}],"curies":[{"name":"wp","href":"https:\/\/api.w.org\/{rel}","templated":true}]}}