{"id":1870,"date":"2025-01-03T14:30:59","date_gmt":"2025-01-03T13:30:59","guid":{"rendered":"https:\/\/hoyre.no\/nordland\/?p=1870"},"modified":"2025-01-03T14:33:31","modified_gmt":"2025-01-03T13:33:31","slug":"velferd-ma-skapes-og-vaere-til-for-dem-som-trenger-den-mest","status":"publish","type":"post","link":"https:\/\/hoyre.no\/nordland\/aktuelt\/velferd-ma-skapes-og-vaere-til-for-dem-som-trenger-den-mest\/","title":{"rendered":"Velferd m\u00e5 skapes \u2013 og v\u00e6re til for dem som trenger den mest"},"content":{"rendered":"\n<p class=\"preamble\">Mulighetene i Nordland er grensel\u00f8se, men holdes tilbake av St\u00f8re-regjeringens politikk. Det vil H\u00f8yre gj\u00f8re noe med.<\/p>\t\t\t<div class=\"post-meta wp-block teft-byline-wrapper\">\n\t\t\t\t<div class=\"top\">\n\t\t\t\t\t<div class=\"signature\">\n\t\t\t\t\t\t<div class=\"teft-byline\">\n\t\t\t\t\t\t\t\t\t\t\t\t\t\t<div>\n\t\t\t\t\t\t\t\t<h3>H\u00f8yres redaksjon<\/h3>\t\t\t\t\t\t\t\t\n\t\t\t\t\t\t\t\t\t\t\t\t\t\t\t\t\t<span class=\"date\">Sist oppdatert: 3. januar 2025<\/span>\n\t\t\t\t\t\t\t\t\t\t\t\t\t\t\t\t\t\t\t\t\t\t\t\t\t<span class=\"reading-time\" itemprop=\"timeRequired\" content=\"PT4M\"><em>Ca. 4 minutter lesetid<\/em><\/span>\n\t\t\t\t\t\t\t\t\t\t\t\t\t\t\t<\/div>\n\t\t\t\t\t\t<\/div>\n\t\t\t\t\t<\/div>\n\t\t\t\t\t\t<div class=\"sharing\">\n\t\t<a class=\"share-button share-link copy-link\" data-copy=\"https:\/\/hoyre.no\/nordland\/aktuelt\/velferd-ma-skapes-og-vaere-til-for-dem-som-trenger-den-mest\/\" target=\"_blank\"><span class=\"screen-reader-text\">Del link<\/span><\/a>\n\t\t<a class=\"share-button share-twitter\" href=\"http:\/\/twitter.com\/share?text=Velferd m\u00e5 skapes \u2013 og v\u00e6re til for dem som trenger den mest&#038;url=https:\/\/hoyre.no\/nordland\/aktuelt\/velferd-ma-skapes-og-vaere-til-for-dem-som-trenger-den-mest\/&#038;hashtags=Hoyre\" target=\"_blank\"><span class=\"screen-reader-text\">Del p\u00e5 twitter<\/span><\/a>\n\t\t<a class=\"share-button share-facebook\" href=\"https:\/\/www.facebook.com\/sharer\/sharer.php?u=https:\/\/hoyre.no\/nordland\/aktuelt\/velferd-ma-skapes-og-vaere-til-for-dem-som-trenger-den-mest\/\" target=\"_blank\"><span class=\"screen-reader-text\">Del p\u00e5 facebook<\/span><\/a>\n\t<\/div>\n\t\t\t\t\t<\/div>\n\t\t\t<\/div>\n\n\t\t\t<figure class=\"hoyre-image-wrapper\"><div class=\"hoyre-image\"><img loading=\"lazy\" decoding=\"async\" width=\"1080\" height=\"1080\" src=\"https:\/\/hoyre.no\/content\/uploads\/sites\/9\/2025\/01\/photo-collage.png.png\" class=\"attachment-scaled size-scaled\" alt=\"Erna Solberg, B\u00e5rd Ludvig Thorheim\" style=\"object-position: 50% 9%\" srcset=\"https:\/\/hoyre.no\/content\/uploads\/sites\/9\/2025\/01\/photo-collage.png.png 1080w, https:\/\/hoyre.no\/content\/uploads\/sites\/9\/2025\/01\/photo-collage.png-300x300.png 300w, https:\/\/hoyre.no\/content\/uploads\/sites\/9\/2025\/01\/photo-collage.png-1024x1024.png 1024w, https:\/\/hoyre.no\/content\/uploads\/sites\/9\/2025\/01\/photo-collage.png-150x150.png 150w, https:\/\/hoyre.no\/content\/uploads\/sites\/9\/2025\/01\/photo-collage.png-768x768.png 768w\" sizes=\"auto, (max-width: 1080px) 100vw, 1080px\" \/><\/div><figcaption class=\"caption\">Partileder Erna Solberg H\u00f8yres toppkandidat for Nordland, B\u00e5rd Ludvig Thorheim.<\/figcaption><\/figure>\n\n\n\n\n<p><\/p>\n\n\n\n<p>Av <em>Erna Solberg (partileder i H\u00f8yre) og B\u00e5rd Ludvig Thorheim (stortingsrepresentant og toppkandidat for Nordland H\u00f8yre)<\/em><\/p>\n\n\n\n<p>Ved et \u00e5rsskifte er det naturlig \u00e5 gj\u00f8re opp status og stake ut en ny kurs. I Nordland er mulighetene grensel\u00f8se for \u00e5 skape morgendagens jobber, velferd og velstand. Dessverre utnyttes ikke mulighetene godt nok i dag.<\/p>\n\n\n\n<p>Da St\u00f8re og Vedum forhandlet frem regjeringsplattformen h\u00f8sten 2021, var folks optimisme for egen \u00f8konomi den h\u00f8yeste siden f\u00f8r finanskrisen, if\u00f8lge Forbrukertillitsunders\u00f8kelsen (CCI) fra Opinion.<\/p>\n\n\n\n<p>Selv om mye fremdeles g\u00e5r godt i Norge, opplever mange at det er tr\u00e5ere n\u00e5. Fremtidsutsiktene blant unge har bleknet. Enkelte som er i full jobb merker at det knapt er penger igjen p\u00e5 konto etter at matinnkj\u00f8p og renter er betalt. Det f\u00f8les urettferdig. Skal ikke en l\u00f8nn v\u00e6re til \u00e5 leve av?<\/p>\n\n\n\n<p>Sammenlignet med andre land har St\u00f8re-regjeringens finanspolitikk bidratt lite til \u00e5 f\u00e5 inflasjon og renter raskt ned. Rentekutt vil komme i Norge ogs\u00e5, men vi henger etter v\u00e5re n\u00e6rmeste naboland.<\/p>\n\n\n\n<p>St\u00f8re-regjeringen har ogs\u00e5 dratt inn hele 120 milliarder kroner mer i skatt. Samtidig har helsek\u00f8ene blitt lengre, resultatene i skolen g\u00e5r ned, og det blir f\u00e6rre politifolk i gatene.<\/p>\n\n\n\n<p><strong>Vi mener landet trenger en ny kurs, og v\u00e5r prioritering er tydelig: Skattene skal ned b\u00e5de for folk og bedrifter. Vi skal l\u00f8se de grunnleggende offentlige oppgavene mer effektivt, og velferden skal v\u00e6re mest til for dem som trenger det mest.\u00a0<\/strong><\/p>\n\n\n\n<p>Derfor har H\u00f8yre foresl\u00e5tt \u00e5tte ganger mer skattelette enn St\u00f8re-regjeringen for dem med en middels inntekt. S\u00e6rlig de med de laveste inntektene kommer styrket ut av H\u00f8yres alternativ. En vanlig familie sitter igjen med 7000 kroner mer enn de gj\u00f8r med dagens regjering. Men like viktig er skattelettene for pensjonister og enslige. Det betyr mye for dem som kjenner det \u00f8kte prisniv\u00e5et hardest p\u00e5 kroppen.<\/p>\n\n\n\n<p><strong>Ogs\u00e5 for bedriftene v\u00e5re m\u00e5 m\u00e5let v\u00e6re \u00e5 f\u00e5 optimismen tilbake. Nordland er blant de aller st\u00f8rste eksportfylkene i landet, men har et enda st\u00f8rre potensial. Det er viktig for hele Norge at mulighetene i Nordland tas i bruk fullt ut.<\/strong><\/p>\n\n\n\n<p>Det viktigste for \u00e5 styrke et mangfoldig n\u00e6ringsliv og lokale bedrifter i Nordland, er \u00e5 fjerne formuesskatten p\u00e5 arbeidende kapital. Det tradisjonsrike verftet Skarvik i Lofoten forteller oss hva dette handler om: De tynges ned av en s\u00e6rnorsk skatt som utenlandske bedrifter slipper. Med 50 dyktige arbeidsfolk driver de vedlikehold og reparasjoner p\u00e5 fiskefl\u00e5ten, ferger og Kystvaktens skip. Etter at St\u00f8re-regjeringen doblet eierbeskatningen, sliter de med \u00e5 utvikle seg.<\/p>\n\n\n\n<h2 class=\"wp-block-heading\">Distriktspolitikk som virker<\/h2>\n\n\n\n<p>Nordland har mange slike bedrifter innen fiske, havbruk og reiseliv, fra Br\u00f8nn\u00f8ysund i s\u00f8r til And\u00f8ya i nord. Dette er bedrifter som \u00f8nsker \u00e5 skape flere og spennende jobber. Med H\u00f8yre i regjering vil de oppleve politikere som heier dem frem heller enn \u00e5 skatte dem ned. Vi vil kutte skjemaveldet b\u00e5de i privat og offentlig sektor slik at vi kan skape mer. Det vet vi er distriktspolitikk som virker.<\/p>\n\n\n\n<p>Dr\u00f8mmen b\u00f8r ogs\u00e5 v\u00e6re en industriutvikling i Nord-Norge som vi har sett gir befolknings\u00f8kning over grensen i Nord-Sverige. Men industribedriftene i Nord-Salten, Narvik, Mel\u00f8y, Mo i Rana, Mosj\u00f8en og Sandnessj\u00f8en stagnerer p\u00e5 grunn av manglende tilgang p\u00e5 kraftnettet. Byr\u00e5kratiske konsesjonsprosesser g\u00e5r i st\u00e5, nye kraftprosjekter stopper opp og k\u00f8en for nettilgang bare \u00f8ker. Her vil H\u00f8yre f\u00e5 fortgang p\u00e5 utviklingen.<\/p>\n\n\n\n<p><strong>N\u00e5r folk og bedrifter strever med \u00f8konomien og mange sliter med \u00e5 se den politiske retningen for landet, er det viktig for oss \u00e5 si: Velferden m\u00e5 skapes \u2013 og v\u00e6re mest til for dem som trenger det mest.<\/strong><\/p>\n\n\n\n<p>H\u00f8yre har politikken som skal til for \u00e5 skape flere verdier. Og vi har politikken for \u00e5 fordele bedre slik det blir \u00f8kt velferd, velstand og trygghet til alle.<\/p>\n\n\n\n<p>I Nordland kan vi omsette denne politikken i praksis \u2013 og gjenreise en optimisme og fremtidstro for hva vi kan f\u00e5 til sammen.<\/p>\n\n\n<div class=\"tags\">\n\t\t<div class=\"wp-block-tag-cloud\">\n\t\t\t\t\t<a href=\"https:\/\/hoyre.no\/nordland\/aktuelt\/tag\/bard-ludvig-thorheim\/\" class=\"tag-cloud-link\">B\u00e5rd Ludvig Thorheim<\/a>\n\t\t\t\t\t<a href=\"https:\/\/hoyre.no\/nordland\/aktuelt\/tag\/erna-solberg\/\" class=\"tag-cloud-link\">Erna Solberg<\/a>\n\t\t\t\t\t<a href=\"https:\/\/hoyre.no\/nordland\/aktuelt\/tag\/nordland\/\" class=\"tag-cloud-link\">Nordland<\/a>\n\t\t\t<\/div>\n\t<\/div>\n<div class=\"post-footer alignfull has-background block-editor-block-list__block\" data-align=full>\n\t<div class=\"post-footer-inner\">\n\t\t<h3>Relaterte artikler<\/h3>\n\t\t<div class=\"related-content\"><div class=\"is-card-hoyre\">\n\t<div class=\"teft-card hoyre-teft-card post-teft-card\">\n\t\t<a href=\"https:\/\/hoyre.no\/nordland\/aktuelt\/vi-onsker-dine-innspill\/\" class=\"teft-card__primary-action\">\n\n\t\t\t\t\t<div class=\"teft-card__media teft-card__media--16-9\">\n\t\t\t\t\t\t<img loading=\"lazy\" decoding=\"async\" width=\"768\" height=\"402\" src=\"https:\/\/hoyre.no\/content\/uploads\/sites\/9\/2026\/04\/Dokument-uten-navn-09.02.2026-1-1536x804-1-768x402.png\" class=\"attachment-medium_large size-medium_large\" alt=\"\" srcset=\"https:\/\/hoyre.no\/content\/uploads\/sites\/9\/2026\/04\/Dokument-uten-navn-09.02.2026-1-1536x804-1-768x402.png 768w, https:\/\/hoyre.no\/content\/uploads\/sites\/9\/2026\/04\/Dokument-uten-navn-09.02.2026-1-1536x804-1-300x157.png 300w, https:\/\/hoyre.no\/content\/uploads\/sites\/9\/2026\/04\/Dokument-uten-navn-09.02.2026-1-1536x804-1-1024x536.png 1024w, https:\/\/hoyre.no\/content\/uploads\/sites\/9\/2026\/04\/Dokument-uten-navn-09.02.2026-1-1536x804-1.png 1536w\" sizes=\"auto, (max-width: 768px) 100vw, 768px\" \/>\t\t<\/div>\n\t\t\n\t\t\t<div class=\"teft-card__content-wrapper\">\n\t\t\t\t<div class=\"teft-card__secondary\">\n\t\t\t\t\t\n\t\t\t\t\t\t\t\t<div class=\"teft-card__meta\">\n\t\t\t\t\t\t\t\t\t<span class=\"post-date\">15. apr 2026<\/span>\n\n\t\t\t\t\t\t\t\t\t<span class=\"post-category\">Nominasjonsprosess 2027\/2031<\/span>\t\t\t\t\t\t\t\t<\/div>\n\t\t\t\t\t\t\t\t\t\t\t<\/div>\n\n\t\t\t\t<div class=\"teft-card__primary\">\n\t\t\t\t\t<h2 class=\"teft-card__title\">Vi \u00f8nsker dine innspill!&nbsp;<span class=\"teft-card__primary-title-append\"><\/span><\/h2>\t\t\t\t<\/div>\n\t\t\t<\/div>\n\t\t<\/a>\n\t<\/div>\n\n\t<\/div><div class=\"is-card-hoyre\">\n\t<div class=\"teft-card hoyre-teft-card post-teft-card\">\n\t\t<a href=\"https:\/\/hoyre.no\/nordland\/aktuelt\/sjomatnaeringen-og-prosessindustrien\/\" class=\"teft-card__primary-action\">\n\n\t\t\t<div class=\"teft-card__media teft-card__media--16-9 no-image\"><\/div>\n\t\t\t<div class=\"teft-card__content-wrapper\">\n\t\t\t\t<div class=\"teft-card__secondary\">\n\t\t\t\t\t\n\t\t\t\t\t\t\t\t<div class=\"teft-card__meta\">\n\t\t\t\t\t\t\t\t\t<span class=\"post-date\">20. nov 2025<\/span>\n\n\t\t\t\t\t\t\t\t\t<span class=\"post-category\">Fylkes\u00e5rsm\u00f8te 2025<\/span>\t\t\t\t\t\t\t\t<\/div>\n\t\t\t\t\t\t\t\t\t\t\t<\/div>\n\n\t\t\t\t<div class=\"teft-card__primary\">\n\t\t\t\t\t<h2 class=\"teft-card__title\">Sj\u00f8matn\u00e6ringen og prosessindustrien&nbsp;<span class=\"teft-card__primary-title-append\"><\/span><\/h2>\t\t\t\t<\/div>\n\t\t\t<\/div>\n\t\t<\/a>\n\t<\/div>\n\n\t<\/div><div class=\"is-card-hoyre\">\n\t<div class=\"teft-card hoyre-teft-card post-teft-card\">\n\t\t<a href=\"https:\/\/hoyre.no\/nordland\/aktuelt\/okt-satsning-pa-havforskning\/\" class=\"teft-card__primary-action\">\n\n\t\t\t<div class=\"teft-card__media teft-card__media--16-9 no-image\"><\/div>\n\t\t\t<div class=\"teft-card__content-wrapper\">\n\t\t\t\t<div class=\"teft-card__secondary\">\n\t\t\t\t\t\n\t\t\t\t\t\t\t\t<div class=\"teft-card__meta\">\n\t\t\t\t\t\t\t\t\t<span class=\"post-date\">20. nov 2025<\/span>\n\n\t\t\t\t\t\t\t\t\t<span class=\"post-category\">Fylkes\u00e5rsm\u00f8te 2025<\/span>\t\t\t\t\t\t\t\t<\/div>\n\t\t\t\t\t\t\t\t\t\t\t<\/div>\n\n\t\t\t\t<div class=\"teft-card__primary\">\n\t\t\t\t\t<h2 class=\"teft-card__title\">\u00d8kt satsning p\u00e5 havforskning&nbsp;<span class=\"teft-card__primary-title-append\"><\/span><\/h2>\t\t\t\t<\/div>\n\t\t\t<\/div>\n\t\t<\/a>\n\t<\/div>\n\n\t<\/div><\/div>\t<\/div>\n<\/div>\n","protected":false},"excerpt":{"rendered":"","protected":false},"author":51320,"featured_media":0,"comment_status":"closed","ping_status":"closed","sticky":false,"template":"","format":"standard","meta":{"teft_cards_image_url":"","teft_cards_custom_pretitle":"","teft_cards_image_id":1880,"teft_cards_image_focal_point_x":0.5,"teft_cards_image_focal_point_y":0.32,"teft_cards_title":"\u2013 Nordland har et enormt potensial, men holdes tilbake av dagens politikk","teft_cards_excerpt":"","teft_show_chapters":false,"author_display_name":"","footnotes":""},"category":[1],"post_tag":[22,21,10],"hoyre-visibility":[],"article-type":[],"politician":[],"class_list":["post-1870","post","type-post","status-publish","format-standard","hentry","category-ukategorisert","tag-bard-ludvig-thorheim","tag-erna-solberg","tag-nordland"],"yoast_head":"<!-- This site is optimized with the Yoast SEO plugin v26.6 - https:\/\/yoast.com\/wordpress\/plugins\/seo\/ -->\n<title>Velferd m\u00e5 skapes \u2013 og v\u00e6re til for dem som trenger den mest - Nordland H\u00f8yre<\/title>\n<meta name=\"robots\" content=\"index, follow, max-snippet:-1, max-image-preview:large, max-video-preview:-1\" \/>\n<link rel=\"canonical\" href=\"https:\/\/hoyre.no\/nordland\/aktuelt\/velferd-ma-skapes-og-vaere-til-for-dem-som-trenger-den-mest\/\" \/>\n<meta property=\"og:locale\" content=\"nb_NO\" \/>\n<meta property=\"og:type\" content=\"article\" \/>\n<meta property=\"og:title\" content=\"Velferd m\u00e5 skapes \u2013 og v\u00e6re til for dem som trenger den mest - Nordland H\u00f8yre\" \/>\n<meta property=\"og:url\" content=\"https:\/\/hoyre.no\/nordland\/aktuelt\/velferd-ma-skapes-og-vaere-til-for-dem-som-trenger-den-mest\/\" \/>\n<meta property=\"og:site_name\" content=\"Nordland H\u00f8yre\" \/>\n<meta property=\"article:published_time\" content=\"2025-01-03T13:30:59+00:00\" \/>\n<meta property=\"article:modified_time\" content=\"2025-01-03T13:33:31+00:00\" \/>\n<meta property=\"og:image\" content=\"https:\/\/hoyre.no\/content\/uploads\/sites\/9\/2022\/11\/Hoyres-logo.png\" \/>\n\t<meta property=\"og:image:width\" content=\"1000\" \/>\n\t<meta property=\"og:image:height\" content=\"1000\" \/>\n\t<meta property=\"og:image:type\" content=\"image\/png\" \/>\n<meta name=\"author\" content=\"Cecilie Tofteng\" \/>\n<meta name=\"twitter:card\" content=\"summary_large_image\" \/>\n<meta name=\"twitter:label1\" content=\"Skrevet av\" \/>\n\t<meta name=\"twitter:data1\" content=\"Cecilie Tofteng\" \/>\n\t<meta name=\"twitter:label2\" content=\"Ansl. lesetid\" \/>\n\t<meta name=\"twitter:data2\" content=\"4 minutter\" \/>\n<script type=\"application\/ld+json\" class=\"yoast-schema-graph\">{\"@context\":\"https:\/\/schema.org\",\"@graph\":[{\"@type\":\"NewsArticle\",\"@id\":\"https:\/\/hoyre.no\/nordland\/aktuelt\/velferd-ma-skapes-og-vaere-til-for-dem-som-trenger-den-mest\/\",\"url\":\"https:\/\/hoyre.no\/nordland\/aktuelt\/velferd-ma-skapes-og-vaere-til-for-dem-som-trenger-den-mest\/\",\"name\":\"Velferd m\u00e5 skapes \u2013 og v\u00e6re til for dem som trenger den mest - Nordland H\u00f8yre\",\"isPartOf\":{\"@id\":\"https:\/\/hoyre.no\/nordland\/#website\"},\"datePublished\":\"2025-01-03T13:30:59+00:00\",\"dateModified\":\"2025-01-03T13:33:31+00:00\",\"author\":{\"@id\":\"https:\/\/hoyre.no\/nordland\/#\/schema\/person\/0bf433749e315dcb10f0af58dd183b2a\"},\"breadcrumb\":{\"@id\":\"https:\/\/hoyre.no\/nordland\/aktuelt\/velferd-ma-skapes-og-vaere-til-for-dem-som-trenger-den-mest\/#breadcrumb\"},\"inLanguage\":\"nb-NO\",\"potentialAction\":[{\"@type\":\"ReadAction\",\"target\":[\"https:\/\/hoyre.no\/nordland\/aktuelt\/velferd-ma-skapes-og-vaere-til-for-dem-som-trenger-den-mest\/\"]}]},{\"@type\":\"BreadcrumbList\",\"@id\":\"https:\/\/hoyre.no\/nordland\/aktuelt\/velferd-ma-skapes-og-vaere-til-for-dem-som-trenger-den-mest\/#breadcrumb\",\"itemListElement\":[{\"@type\":\"ListItem\",\"position\":1,\"name\":\"Til hoyre.no\",\"item\":\"https:\/\/hoyre.no\"},{\"@type\":\"ListItem\",\"position\":2,\"name\":\"Hjem\",\"item\":\"https:\/\/hoyre.no\/nordland\/\"},{\"@type\":\"ListItem\",\"position\":3,\"name\":\"Velferd m\u00e5 skapes \u2013 og v\u00e6re til for dem som trenger den mest\"}]},{\"@type\":\"WebSite\",\"@id\":\"https:\/\/hoyre.no\/nordland\/#website\",\"url\":\"https:\/\/hoyre.no\/nordland\/\",\"name\":\"Nordland H\u00f8yre\",\"description\":\"Bare enda et H\u00f8yres nettsteder-nettsted\",\"inLanguage\":\"nb-NO\"},{\"@type\":\"Person\",\"@id\":\"https:\/\/hoyre.no\/nordland\/#\/schema\/person\/0bf433749e315dcb10f0af58dd183b2a\",\"name\":\"Cecilie Tofteng\",\"image\":{\"@type\":\"ImageObject\",\"inLanguage\":\"nb-NO\",\"@id\":\"https:\/\/hoyre.no\/nordland\/#\/schema\/person\/image\/\",\"url\":\"https:\/\/secure.gravatar.com\/avatar\/694d56caca63f6821e9843b24b8c7aba0cb29dd0c5ef0ea904de3cebe07ae31d?s=96&d=mm&r=g\",\"contentUrl\":\"https:\/\/secure.gravatar.com\/avatar\/694d56caca63f6821e9843b24b8c7aba0cb29dd0c5ef0ea904de3cebe07ae31d?s=96&d=mm&r=g\",\"caption\":\"Cecilie Tofteng\"},\"url\":\"https:\/\/hoyre.no\/nordland\/aktuelt\/author\/m60000393\/\"}]}<\/script>\n<!-- \/ Yoast SEO plugin. -->","yoast_head_json":{"title":"Velferd m\u00e5 skapes \u2013 og v\u00e6re til for dem som trenger den mest - Nordland H\u00f8yre","robots":{"index":"index","follow":"follow","max-snippet":"max-snippet:-1","max-image-preview":"max-image-preview:large","max-video-preview":"max-video-preview:-1"},"canonical":"https:\/\/hoyre.no\/nordland\/aktuelt\/velferd-ma-skapes-og-vaere-til-for-dem-som-trenger-den-mest\/","og_locale":"nb_NO","og_type":"article","og_title":"Velferd m\u00e5 skapes \u2013 og v\u00e6re til for dem som trenger den mest - Nordland H\u00f8yre","og_url":"https:\/\/hoyre.no\/nordland\/aktuelt\/velferd-ma-skapes-og-vaere-til-for-dem-som-trenger-den-mest\/","og_site_name":"Nordland H\u00f8yre","article_published_time":"2025-01-03T13:30:59+00:00","article_modified_time":"2025-01-03T13:33:31+00:00","og_image":[{"width":1000,"height":1000,"url":"https:\/\/hoyre.no\/content\/uploads\/sites\/9\/2022\/11\/Hoyres-logo.png","type":"image\/png"}],"author":"Cecilie Tofteng","twitter_card":"summary_large_image","twitter_misc":{"Skrevet av":"Cecilie Tofteng","Ansl. lesetid":"4 minutter"},"schema":{"@context":"https:\/\/schema.org","@graph":[{"@type":"NewsArticle","@id":"https:\/\/hoyre.no\/nordland\/aktuelt\/velferd-ma-skapes-og-vaere-til-for-dem-som-trenger-den-mest\/","url":"https:\/\/hoyre.no\/nordland\/aktuelt\/velferd-ma-skapes-og-vaere-til-for-dem-som-trenger-den-mest\/","name":"Velferd m\u00e5 skapes \u2013 og v\u00e6re til for dem som trenger den mest - Nordland H\u00f8yre","isPartOf":{"@id":"https:\/\/hoyre.no\/nordland\/#website"},"datePublished":"2025-01-03T13:30:59+00:00","dateModified":"2025-01-03T13:33:31+00:00","author":{"@id":"https:\/\/hoyre.no\/nordland\/#\/schema\/person\/0bf433749e315dcb10f0af58dd183b2a"},"breadcrumb":{"@id":"https:\/\/hoyre.no\/nordland\/aktuelt\/velferd-ma-skapes-og-vaere-til-for-dem-som-trenger-den-mest\/#breadcrumb"},"inLanguage":"nb-NO","potentialAction":[{"@type":"ReadAction","target":["https:\/\/hoyre.no\/nordland\/aktuelt\/velferd-ma-skapes-og-vaere-til-for-dem-som-trenger-den-mest\/"]}]},{"@type":"BreadcrumbList","@id":"https:\/\/hoyre.no\/nordland\/aktuelt\/velferd-ma-skapes-og-vaere-til-for-dem-som-trenger-den-mest\/#breadcrumb","itemListElement":[{"@type":"ListItem","position":1,"name":"Til hoyre.no","item":"https:\/\/hoyre.no"},{"@type":"ListItem","position":2,"name":"Hjem","item":"https:\/\/hoyre.no\/nordland\/"},{"@type":"ListItem","position":3,"name":"Velferd m\u00e5 skapes \u2013 og v\u00e6re til for dem som trenger den mest"}]},{"@type":"WebSite","@id":"https:\/\/hoyre.no\/nordland\/#website","url":"https:\/\/hoyre.no\/nordland\/","name":"Nordland H\u00f8yre","description":"Bare enda et H\u00f8yres nettsteder-nettsted","inLanguage":"nb-NO"},{"@type":"Person","@id":"https:\/\/hoyre.no\/nordland\/#\/schema\/person\/0bf433749e315dcb10f0af58dd183b2a","name":"Cecilie Tofteng","image":{"@type":"ImageObject","inLanguage":"nb-NO","@id":"https:\/\/hoyre.no\/nordland\/#\/schema\/person\/image\/","url":"https:\/\/secure.gravatar.com\/avatar\/694d56caca63f6821e9843b24b8c7aba0cb29dd0c5ef0ea904de3cebe07ae31d?s=96&d=mm&r=g","contentUrl":"https:\/\/secure.gravatar.com\/avatar\/694d56caca63f6821e9843b24b8c7aba0cb29dd0c5ef0ea904de3cebe07ae31d?s=96&d=mm&r=g","caption":"Cecilie Tofteng"},"url":"https:\/\/hoyre.no\/nordland\/aktuelt\/author\/m60000393\/"}]}},"distributor_meta":false,"distributor_terms":false,"distributor_media":false,"distributor_original_site_name":"Nordland H\u00f8yre","distributor_original_site_url":"https:\/\/hoyre.no\/nordland","push-errors":false,"_links":{"self":[{"href":"https:\/\/hoyre.no\/nordland\/wp-json\/wp\/v2\/posts\/1870","targetHints":{"allow":["GET"]}}],"collection":[{"href":"https:\/\/hoyre.no\/nordland\/wp-json\/wp\/v2\/posts"}],"about":[{"href":"https:\/\/hoyre.no\/nordland\/wp-json\/wp\/v2\/types\/post"}],"author":[{"embeddable":true,"href":"https:\/\/hoyre.no\/nordland\/wp-json\/wp\/v2\/users\/51320"}],"replies":[{"embeddable":true,"href":"https:\/\/hoyre.no\/nordland\/wp-json\/wp\/v2\/comments?post=1870"}],"version-history":[{"count":10,"href":"https:\/\/hoyre.no\/nordland\/wp-json\/wp\/v2\/posts\/1870\/revisions"}],"predecessor-version":[{"id":2140,"href":"https:\/\/hoyre.no\/nordland\/wp-json\/wp\/v2\/posts\/1870\/revisions\/2140"}],"wp:attachment":[{"href":"https:\/\/hoyre.no\/nordland\/wp-json\/wp\/v2\/media?parent=1870"}],"wp:term":[{"taxonomy":"category","embeddable":true,"href":"https:\/\/hoyre.no\/nordland\/wp-json\/wp\/v2\/category?post=1870"},{"taxonomy":"post_tag","embeddable":true,"href":"https:\/\/hoyre.no\/nordland\/wp-json\/wp\/v2\/post_tag?post=1870"},{"taxonomy":"hoyre-visibility","embeddable":true,"href":"https:\/\/hoyre.no\/nordland\/wp-json\/wp\/v2\/hoyre-visibility?post=1870"},{"taxonomy":"article-type","embeddable":true,"href":"https:\/\/hoyre.no\/nordland\/wp-json\/wp\/v2\/article-type?post=1870"},{"taxonomy":"politician","embeddable":true,"href":"https:\/\/hoyre.no\/nordland\/wp-json\/wp\/v2\/politician?post=1870"}],"curies":[{"name":"wp","href":"https:\/\/api.w.org\/{rel}","templated":true}]}}