{"id":2007,"date":"2025-03-22T15:11:04","date_gmt":"2025-03-22T14:11:04","guid":{"rendered":"https:\/\/hoyre.no\/nordland\/?p=2007"},"modified":"2025-03-22T15:21:16","modified_gmt":"2025-03-22T14:21:16","slug":"i-en-urolig-verden-avhenger-vi-av-a-ha-usa-og-nato-med-pa-laget","status":"publish","type":"post","link":"https:\/\/hoyre.no\/nordland\/aktuelt\/i-en-urolig-verden-avhenger-vi-av-a-ha-usa-og-nato-med-pa-laget\/","title":{"rendered":"&#8211; I en urolig verden avhenger vi av \u00e5 ha USA og NATO med p\u00e5 laget"},"content":{"rendered":"\n<p class=\"preamble\">Her kan du lese nestleder i Nordland Unge H\u00f8yre, Jesper Johansen Ovesen, sitt innlegg i programdebatten under H\u00f8yres landsm\u00f8te 2025.<\/p>\t\t\t<div class=\"post-meta wp-block teft-byline-wrapper\">\n\t\t\t\t<div class=\"top\">\n\t\t\t\t\t<div class=\"signature\">\n\t\t\t\t\t\t<div class=\"teft-byline\">\n\t\t\t\t\t\t\t\t\t\t\t\t\t\t<div>\n\t\t\t\t\t\t\t\t<h3>H\u00f8yres redaksjon<\/h3>\t\t\t\t\t\t\t\t\n\t\t\t\t\t\t\t\t\t\t\t\t\t\t\t\t\t<span class=\"date\">Sist oppdatert: 22. mars 2025<\/span>\n\t\t\t\t\t\t\t\t\t\t\t\t\t\t\t\t\t\t\t\t\t\t\t\t\t<span class=\"reading-time\" itemprop=\"timeRequired\" content=\"PT2M\"><em>Ca. 2 minutter lesetid<\/em><\/span>\n\t\t\t\t\t\t\t\t\t\t\t\t\t\t\t<\/div>\n\t\t\t\t\t\t<\/div>\n\t\t\t\t\t<\/div>\n\t\t\t\t\t\t<div class=\"sharing\">\n\t\t<a class=\"share-button share-link copy-link\" data-copy=\"https:\/\/hoyre.no\/nordland\/aktuelt\/i-en-urolig-verden-avhenger-vi-av-a-ha-usa-og-nato-med-pa-laget\/\" target=\"_blank\"><span class=\"screen-reader-text\">Del link<\/span><\/a>\n\t\t<a class=\"share-button share-twitter\" href=\"http:\/\/twitter.com\/share?text=&#8211; I en urolig verden avhenger vi av \u00e5 ha USA og NATO med p\u00e5 laget&#038;url=https:\/\/hoyre.no\/nordland\/aktuelt\/i-en-urolig-verden-avhenger-vi-av-a-ha-usa-og-nato-med-pa-laget\/&#038;hashtags=Hoyre\" target=\"_blank\"><span class=\"screen-reader-text\">Del p\u00e5 twitter<\/span><\/a>\n\t\t<a class=\"share-button share-facebook\" href=\"https:\/\/www.facebook.com\/sharer\/sharer.php?u=https:\/\/hoyre.no\/nordland\/aktuelt\/i-en-urolig-verden-avhenger-vi-av-a-ha-usa-og-nato-med-pa-laget\/\" target=\"_blank\"><span class=\"screen-reader-text\">Del p\u00e5 facebook<\/span><\/a>\n\t<\/div>\n\t\t\t\t\t<\/div>\n\t\t\t<\/div>\n\n\t\t\t<figure class=\"hoyre-image-wrapper\"><div class=\"hoyre-image\"><img loading=\"lazy\" decoding=\"async\" width=\"2500\" height=\"1667\" src=\"https:\/\/hoyre.no\/content\/uploads\/sites\/9\/2025\/03\/JSP-scaled.jpg\" class=\"attachment-scaled size-scaled\" alt=\"\" style=\"object-position: 50% 50%\" srcset=\"https:\/\/hoyre.no\/content\/uploads\/sites\/9\/2025\/03\/JSP-scaled.jpg 2500w, https:\/\/hoyre.no\/content\/uploads\/sites\/9\/2025\/03\/JSP-300x200.jpg 300w, https:\/\/hoyre.no\/content\/uploads\/sites\/9\/2025\/03\/JSP-1024x683.jpg 1024w, https:\/\/hoyre.no\/content\/uploads\/sites\/9\/2025\/03\/JSP-768x512.jpg 768w, https:\/\/hoyre.no\/content\/uploads\/sites\/9\/2025\/03\/JSP-1536x1024.jpg 1536w, https:\/\/hoyre.no\/content\/uploads\/sites\/9\/2025\/03\/JSP-2048x1365.jpg 2048w\" sizes=\"auto, (max-width: 2500px) 100vw, 2500px\" \/><\/div><figcaption class=\"caption\">Jesper Johansen Ovesen, <em>bildet er til fritt redaksjonelt bruk<\/em><\/figcaption><\/figure>\n\n\n\n\n<p>Dirigenter, kj\u00e6re landsm\u00f8te.<\/p>\n\n\n\n<p>Det siste jeg vil, det er at en autorit\u00e6r russisk diktator skal bestemme v\u00e5r sikkerhetspolitikk. For sp\u00f8r du meg, s\u00e5 er det kun Norge som skal bestemme over utenriks- og sikkerhetspolitikken vi f\u00f8rer.<\/p>\n\n\n\n<p>Fordi n\u00e5r autorit\u00e6re krefter er p\u00e5 frammarsj, n\u00e5r stormaktrivaliseringen \u00f8ker og n\u00e5r demokratiske verdier st\u00e5r p\u00e5 spil, da er ikke tiden inne for \u00e5 v\u00e6re naive.<\/p>\n\n\n\n<p>I en urolig verden avhenger vi av \u00e5 ha USA og NATO med p\u00e5 laget. For selv med Trump ved roret i USA, vil NATO alltid v\u00e6re Norges viktigste sikkerhetsgaranti. Den sikkerhetspolitiske situasjonen krever ogs\u00e5 at vi t\u00f8rr \u00e5 se p\u00e5 nye tiltak for \u00e5 styrke v\u00e5rt forsvar og handlekraft.<\/p>\n\n\n\n<p>Landsm\u00f8te, nye tider krever ny politikk.<\/p>\n\n\n\n<p>Vi m\u00e5 t\u00f8rre \u00e5 utfordre hvordan Norge driver sikkerhetspolitikken opp mot NATO. Tiden er overmoden for \u00e5 revurdere Norges selvp\u00e5lagte restriksjoner i NATO.<\/p>\n\n\n\n<p>For meg er det helt feil at vi skal beholde restriksjoner som i respekt til det autorit\u00e6re Russland sier at det ikke skal finnes Nato-baser p\u00e5 norsk jord, og at Nato-\u00f8velser ikke kan skje n\u00e6rt grensen til Russland i \u00d8st-Finnmark.<\/p>\n\n\n\n<p>Landsm\u00f8te, nye tider krever at vi sier nei til restriksjoner som henger tilbake i fortida, og som begrenser sikkerheten v\u00e5r i frykt mot autorit\u00e6re krefter.<\/p>\n\n\n\n<p>Jeg sier derfor ja til NATO-baser p\u00e5 norsk jord.<\/p>\n\n\n\n<p>Jeg sier ja til at NATO skulle kunne \u00f8ve i \u00d8st-Finnmark.<\/p>\n\n\n\n<p>Jeg sier ja til at vi p\u00e5 best mulig m\u00e5te skulle kunne forsvare Norges sikkerhet, demokratiske verdier og levesett.<\/p>\n\n\n\n<p>S\u00e5 kj\u00e6re landsm\u00f8te, stem for at Norge skal bestemme over egen sikkerhetspolitikk. Stem for forslagsnummer 31.<\/p>\n\n\n\n<p>Takk.<\/p>\n\n\n\n<h2 class=\"wp-block-heading\" id=\"h-se-andre-innlegg-fra-nordland-hoyre-pa-hlm-2025\">Se andre innlegg fra Nordland H\u00f8yre p\u00e5 HLM 2025<\/h2>\n\n\n\n<div class=\"wp-block-teft-cards alignwide teft-cards-grid default-size-4\"><div class=\"teft-cards-item has-4-columns is-card-hoyre\">\n\t<div class=\"teft-card hoyre-teft-card post-teft-card\">\n\t\t<a href=\"https:\/\/hoyre.no\/nordland\/aktuelt\/har-vi-styrken-til-a-forsvare-oss\/\" class=\"teft-card__primary-action\">\n\n\t\t\t\t\t<div class=\"teft-card__media teft-card__media--16-9\">\n\t\t\t\t\t\t<img loading=\"lazy\" decoding=\"async\" width=\"768\" height=\"512\" src=\"https:\/\/hoyre.no\/content\/uploads\/sites\/9\/2025\/03\/BLTHLM-768x512.jpg\" class=\"attachment-medium_large size-medium_large\" alt=\"\" srcset=\"https:\/\/hoyre.no\/content\/uploads\/sites\/9\/2025\/03\/BLTHLM-768x512.jpg 768w, https:\/\/hoyre.no\/content\/uploads\/sites\/9\/2025\/03\/BLTHLM-300x200.jpg 300w, https:\/\/hoyre.no\/content\/uploads\/sites\/9\/2025\/03\/BLTHLM-1024x683.jpg 1024w, https:\/\/hoyre.no\/content\/uploads\/sites\/9\/2025\/03\/BLTHLM-1536x1024.jpg 1536w, https:\/\/hoyre.no\/content\/uploads\/sites\/9\/2025\/03\/BLTHLM-2048x1365.jpg 2048w\" sizes=\"auto, (max-width: 768px) 100vw, 768px\" \/>\t\t<\/div>\n\t\t\n\t\t\t<div class=\"teft-card__content-wrapper\">\n\t\t\t\t<div class=\"teft-card__secondary\">\n\t\t\t\t\t\n\t\t\t\t\t\t\t\t<div class=\"teft-card__meta\">\n\t\t\t\t\t\t\t\t\t<span class=\"post-date\">22. mar 2025<\/span>\n\n\t\t\t\t\t\t\t\t\t<span class=\"post-category\">H\u00f8yres Landsm\u00f8te 2025<\/span>\t\t\t\t\t\t\t\t<\/div>\n\t\t\t\t\t\t\t\t\t\t\t<\/div>\n\n\t\t\t\t<div class=\"teft-card__primary\">\n\t\t\t\t\t<h2 class=\"teft-card__title\">Har vi styrken til \u00e5 forsvare oss?&nbsp;<span class=\"teft-card__primary-title-append\"><\/span><\/h2>\t\t\t\t<\/div>\n\t\t\t<\/div>\n\t\t<\/a>\n\t<\/div>\n\n\t<\/div>\n\n<div class=\"teft-cards-item has-4-columns is-card-hoyre\">\n\t<div class=\"teft-card hoyre-teft-card post-teft-card\">\n\t\t<a href=\"https:\/\/hoyre.no\/nordland\/aktuelt\/prioriterer-vi-alt-prioriterer-vi-ingenting\/\" class=\"teft-card__primary-action\">\n\n\t\t\t\t\t<div class=\"teft-card__media teft-card__media--16-9\">\n\t\t\t\t\t\t<img loading=\"lazy\" decoding=\"async\" width=\"768\" height=\"512\" src=\"https:\/\/hoyre.no\/content\/uploads\/sites\/9\/2025\/03\/485083683_3005095856304648_8441913499106475228_n-768x512.jpg\" class=\"attachment-medium_large size-medium_large\" alt=\"\" srcset=\"https:\/\/hoyre.no\/content\/uploads\/sites\/9\/2025\/03\/485083683_3005095856304648_8441913499106475228_n-768x512.jpg 768w, https:\/\/hoyre.no\/content\/uploads\/sites\/9\/2025\/03\/485083683_3005095856304648_8441913499106475228_n-300x200.jpg 300w, https:\/\/hoyre.no\/content\/uploads\/sites\/9\/2025\/03\/485083683_3005095856304648_8441913499106475228_n-1024x683.jpg 1024w, https:\/\/hoyre.no\/content\/uploads\/sites\/9\/2025\/03\/485083683_3005095856304648_8441913499106475228_n-1536x1024.jpg 1536w, https:\/\/hoyre.no\/content\/uploads\/sites\/9\/2025\/03\/485083683_3005095856304648_8441913499106475228_n-2048x1365.jpg 2048w\" sizes=\"auto, (max-width: 768px) 100vw, 768px\" \/>\t\t<\/div>\n\t\t\n\t\t\t<div class=\"teft-card__content-wrapper\">\n\t\t\t\t<div class=\"teft-card__secondary\">\n\t\t\t\t\t\n\t\t\t\t\t\t\t\t<div class=\"teft-card__meta\">\n\t\t\t\t\t\t\t\t\t<span class=\"post-date\">22. mar 2025<\/span>\n\n\t\t\t\t\t\t\t\t\t<span class=\"post-category\">H\u00f8yres Landsm\u00f8te 2025<\/span>\t\t\t\t\t\t\t\t<\/div>\n\t\t\t\t\t\t\t\t\t\t\t<\/div>\n\n\t\t\t\t<div class=\"teft-card__primary\">\n\t\t\t\t\t<h2 class=\"teft-card__title\">Prioriterer vi alt, prioriterer vi ingenting&nbsp;<span class=\"teft-card__primary-title-append\"><\/span><\/h2>\t\t\t\t<\/div>\n\t\t\t<\/div>\n\t\t<\/a>\n\t<\/div>\n\n\t<\/div>\n\n<div class=\"teft-cards-item has-4-columns is-card-hoyre\">\n\t<div class=\"teft-card hoyre-teft-card post-teft-card\">\n\t\t<a href=\"https:\/\/hoyre.no\/nordland\/aktuelt\/her-er-det-berre-a-peise-pa-som-vi-sier-i-nord\/\" class=\"teft-card__primary-action\">\n\n\t\t\t\t\t<div class=\"teft-card__media teft-card__media--16-9\">\n\t\t\t\t\t\t<img loading=\"lazy\" decoding=\"async\" width=\"768\" height=\"512\" src=\"https:\/\/hoyre.no\/content\/uploads\/sites\/9\/2025\/03\/OEG12-2-768x512.jpg\" class=\"attachment-medium_large size-medium_large\" alt=\"\" srcset=\"https:\/\/hoyre.no\/content\/uploads\/sites\/9\/2025\/03\/OEG12-2-768x512.jpg 768w, https:\/\/hoyre.no\/content\/uploads\/sites\/9\/2025\/03\/OEG12-2-300x200.jpg 300w, https:\/\/hoyre.no\/content\/uploads\/sites\/9\/2025\/03\/OEG12-2-1024x683.jpg 1024w, https:\/\/hoyre.no\/content\/uploads\/sites\/9\/2025\/03\/OEG12-2-1536x1024.jpg 1536w, https:\/\/hoyre.no\/content\/uploads\/sites\/9\/2025\/03\/OEG12-2-2048x1365.jpg 2048w\" sizes=\"auto, (max-width: 768px) 100vw, 768px\" \/>\t\t<\/div>\n\t\t\n\t\t\t<div class=\"teft-card__content-wrapper\">\n\t\t\t\t<div class=\"teft-card__secondary\">\n\t\t\t\t\t\n\t\t\t\t\t\t\t\t<div class=\"teft-card__meta\">\n\t\t\t\t\t\t\t\t\t<span class=\"post-date\">21. mar 2025<\/span>\n\n\t\t\t\t\t\t\t\t\t<span class=\"post-category\">H\u00f8yres Landsm\u00f8te 2025<\/span>\t\t\t\t\t\t\t\t<\/div>\n\t\t\t\t\t\t\t\t\t\t\t<\/div>\n\n\t\t\t\t<div class=\"teft-card__primary\">\n\t\t\t\t\t<h2 class=\"teft-card__title\">Her er det berre \u00ab\u00e5 peise p\u00e5\u00bb som vi sier i nord&nbsp;<span class=\"teft-card__primary-title-append\"><\/span><\/h2>\t\t\t\t<\/div>\n\t\t\t<\/div>\n\t\t<\/a>\n\t<\/div>\n\n\t<\/div>\n\n<div class=\"teft-cards-item has-4-columns is-card-hoyre\">\n\t<div class=\"teft-card hoyre-teft-card post-teft-card\">\n\t\t<a href=\"https:\/\/hoyre.no\/nordland\/aktuelt\/alle-trenger-nordlendinger-men-det-gjor-ogsa-nord-norge\/\" class=\"teft-card__primary-action\">\n\n\t\t\t\t\t<div class=\"teft-card__media teft-card__media--16-9\">\n\t\t\t\t\t\t<img loading=\"lazy\" decoding=\"async\" width=\"768\" height=\"512\" src=\"https:\/\/hoyre.no\/content\/uploads\/sites\/9\/2025\/03\/IMG_1445-768x512.jpeg\" class=\"attachment-medium_large size-medium_large\" alt=\"\" srcset=\"https:\/\/hoyre.no\/content\/uploads\/sites\/9\/2025\/03\/IMG_1445-768x512.jpeg 768w, https:\/\/hoyre.no\/content\/uploads\/sites\/9\/2025\/03\/IMG_1445-300x200.jpeg 300w, https:\/\/hoyre.no\/content\/uploads\/sites\/9\/2025\/03\/IMG_1445-1024x683.jpeg 1024w, https:\/\/hoyre.no\/content\/uploads\/sites\/9\/2025\/03\/IMG_1445-1536x1024.jpeg 1536w, https:\/\/hoyre.no\/content\/uploads\/sites\/9\/2025\/03\/IMG_1445-2048x1365.jpeg 2048w\" sizes=\"auto, (max-width: 768px) 100vw, 768px\" \/>\t\t<\/div>\n\t\t\n\t\t\t<div class=\"teft-card__content-wrapper\">\n\t\t\t\t<div class=\"teft-card__secondary\">\n\t\t\t\t\t\n\t\t\t\t\t\t\t\t<div class=\"teft-card__meta\">\n\t\t\t\t\t\t\t\t\t<span class=\"post-date\">21. mar 2025<\/span>\n\n\t\t\t\t\t\t\t\t\t<span class=\"post-category\">H\u00f8yres Landsm\u00f8te 2025<\/span>\t\t\t\t\t\t\t\t<\/div>\n\t\t\t\t\t\t\t\t\t\t\t<\/div>\n\n\t\t\t\t<div class=\"teft-card__primary\">\n\t\t\t\t\t<h2 class=\"teft-card__title\">Alle trenger nordlendinger, men det gj\u00f8r ogs\u00e5 Nord-Norge!&nbsp;<span class=\"teft-card__primary-title-append\"><\/span><\/h2>\t\t\t\t<\/div>\n\t\t\t<\/div>\n\t\t<\/a>\n\t<\/div>\n\n\t<\/div>\n\n<div class=\"teft-cards-item has-4-columns is-card-hoyre\">\n\t<div class=\"teft-card hoyre-teft-card post-teft-card\">\n\t\t<a href=\"https:\/\/hoyre.no\/nordland\/aktuelt\/i-nord-er-fly-en-nodvendighetsvare\/\" class=\"teft-card__primary-action\">\n\n\t\t\t\t\t<div class=\"teft-card__media teft-card__media--16-9\">\n\t\t\t\t\t\t<img loading=\"lazy\" decoding=\"async\" width=\"768\" height=\"512\" src=\"https:\/\/hoyre.no\/content\/uploads\/sites\/9\/2025\/03\/IMG_1445-768x512.jpeg\" class=\"attachment-medium_large size-medium_large\" alt=\"\" srcset=\"https:\/\/hoyre.no\/content\/uploads\/sites\/9\/2025\/03\/IMG_1445-768x512.jpeg 768w, https:\/\/hoyre.no\/content\/uploads\/sites\/9\/2025\/03\/IMG_1445-300x200.jpeg 300w, https:\/\/hoyre.no\/content\/uploads\/sites\/9\/2025\/03\/IMG_1445-1024x683.jpeg 1024w, https:\/\/hoyre.no\/content\/uploads\/sites\/9\/2025\/03\/IMG_1445-1536x1024.jpeg 1536w, https:\/\/hoyre.no\/content\/uploads\/sites\/9\/2025\/03\/IMG_1445-2048x1365.jpeg 2048w\" sizes=\"auto, (max-width: 768px) 100vw, 768px\" \/>\t\t<\/div>\n\t\t\n\t\t\t<div class=\"teft-card__content-wrapper\">\n\t\t\t\t<div class=\"teft-card__secondary\">\n\t\t\t\t\t\n\t\t\t\t\t\t\t\t<div class=\"teft-card__meta\">\n\t\t\t\t\t\t\t\t\t<span class=\"post-date\">21. mar 2025<\/span>\n\n\t\t\t\t\t\t\t\t\t<span class=\"post-category\">H\u00f8yres Landsm\u00f8te 2025<\/span>\t\t\t\t\t\t\t\t<\/div>\n\t\t\t\t\t\t\t\t\t\t\t<\/div>\n\n\t\t\t\t<div class=\"teft-card__primary\">\n\t\t\t\t\t<h2 class=\"teft-card__title\">I Nord er fly en n\u00f8dvendighetsvare&nbsp;<span class=\"teft-card__primary-title-append\"><\/span><\/h2>\t\t\t\t<\/div>\n\t\t\t<\/div>\n\t\t<\/a>\n\t<\/div>\n\n\t<\/div>\n\n<div class=\"teft-cards-item has-4-columns is-card-hoyre\">\n\t<div class=\"teft-card hoyre-teft-card post-teft-card\">\n\t\t<a href=\"https:\/\/hoyre.no\/nordland\/aktuelt\/vi-ma-senke-skattene-aller-mest-for-de-som-har-minst\/\" class=\"teft-card__primary-action\">\n\n\t\t\t\t\t<div class=\"teft-card__media teft-card__media--16-9\">\n\t\t\t\t\t\t<img loading=\"lazy\" decoding=\"async\" width=\"768\" height=\"512\" src=\"https:\/\/hoyre.no\/content\/uploads\/sites\/9\/2025\/03\/IMG_2315-768x512.jpg\" class=\"attachment-medium_large size-medium_large\" alt=\"\" srcset=\"https:\/\/hoyre.no\/content\/uploads\/sites\/9\/2025\/03\/IMG_2315-768x512.jpg 768w, https:\/\/hoyre.no\/content\/uploads\/sites\/9\/2025\/03\/IMG_2315-300x200.jpg 300w, https:\/\/hoyre.no\/content\/uploads\/sites\/9\/2025\/03\/IMG_2315-1024x683.jpg 1024w, https:\/\/hoyre.no\/content\/uploads\/sites\/9\/2025\/03\/IMG_2315-1536x1024.jpg 1536w, https:\/\/hoyre.no\/content\/uploads\/sites\/9\/2025\/03\/IMG_2315-2048x1365.jpg 2048w\" sizes=\"auto, (max-width: 768px) 100vw, 768px\" \/>\t\t<\/div>\n\t\t\n\t\t\t<div class=\"teft-card__content-wrapper\">\n\t\t\t\t<div class=\"teft-card__secondary\">\n\t\t\t\t\t\n\t\t\t\t\t\t\t\t<div class=\"teft-card__meta\">\n\t\t\t\t\t\t\t\t\t<span class=\"post-date\">21. mar 2025<\/span>\n\n\t\t\t\t\t\t\t\t\t<span class=\"post-category\">H\u00f8yres Landsm\u00f8te 2025<\/span>\t\t\t\t\t\t\t\t<\/div>\n\t\t\t\t\t\t\t\t\t\t\t<\/div>\n\n\t\t\t\t<div class=\"teft-card__primary\">\n\t\t\t\t\t<h2 class=\"teft-card__title\">Vi m\u00e5 senke skattene aller mest for de som har minst&nbsp;<span class=\"teft-card__primary-title-append\"><\/span><\/h2>\t\t\t\t<\/div>\n\t\t\t<\/div>\n\t\t<\/a>\n\t<\/div>\n\n\t<\/div>\n\n<div class=\"teft-cards-item has-4-columns is-card-hoyre\">\n\t<div class=\"teft-card hoyre-teft-card post-teft-card\">\n\t\t<a href=\"https:\/\/hoyre.no\/nordland\/aktuelt\/skape-mer-skatte-mindre-og-styre-mindre\/\" class=\"teft-card__primary-action\">\n\n\t\t\t\t\t<div class=\"teft-card__media teft-card__media--16-9\">\n\t\t\t\t\t\t<img loading=\"lazy\" decoding=\"async\" width=\"768\" height=\"512\" src=\"https:\/\/hoyre.no\/content\/uploads\/sites\/9\/2025\/03\/IMG_2298-768x512.jpg\" class=\"attachment-medium_large size-medium_large\" alt=\"\" srcset=\"https:\/\/hoyre.no\/content\/uploads\/sites\/9\/2025\/03\/IMG_2298-768x512.jpg 768w, https:\/\/hoyre.no\/content\/uploads\/sites\/9\/2025\/03\/IMG_2298-300x200.jpg 300w, https:\/\/hoyre.no\/content\/uploads\/sites\/9\/2025\/03\/IMG_2298-1024x683.jpg 1024w, https:\/\/hoyre.no\/content\/uploads\/sites\/9\/2025\/03\/IMG_2298-1536x1024.jpg 1536w, https:\/\/hoyre.no\/content\/uploads\/sites\/9\/2025\/03\/IMG_2298-2048x1365.jpg 2048w\" sizes=\"auto, (max-width: 768px) 100vw, 768px\" \/>\t\t<\/div>\n\t\t\n\t\t\t<div class=\"teft-card__content-wrapper\">\n\t\t\t\t<div class=\"teft-card__secondary\">\n\t\t\t\t\t\n\t\t\t\t\t\t\t\t<div class=\"teft-card__meta\">\n\t\t\t\t\t\t\t\t\t<span class=\"post-date\">21. mar 2025<\/span>\n\n\t\t\t\t\t\t\t\t\t<span class=\"post-category\">H\u00f8yres Landsm\u00f8te 2025<\/span>\t\t\t\t\t\t\t\t<\/div>\n\t\t\t\t\t\t\t\t\t\t\t<\/div>\n\n\t\t\t\t<div class=\"teft-card__primary\">\n\t\t\t\t\t<h2 class=\"teft-card__title\">Skape mer, skatte mindre og styre mindre&nbsp;<span class=\"teft-card__primary-title-append\"><\/span><\/h2>\t\t\t\t<\/div>\n\t\t\t<\/div>\n\t\t<\/a>\n\t<\/div>\n\n\t<\/div>\n\n<div class=\"teft-cards-item has-4-columns is-card-hoyre\">\n\t<div class=\"teft-card hoyre-teft-card post-teft-card\">\n\t\t<a href=\"https:\/\/hoyre.no\/nordland\/aktuelt\/arbeid-gir-trygghet-og-selvstendighet-men-folk-flytter-og-tjenester-sentraliseres\/\" class=\"teft-card__primary-action\">\n\n\t\t\t\t\t<div class=\"teft-card__media teft-card__media--16-9\">\n\t\t\t\t\t\t<img loading=\"lazy\" decoding=\"async\" width=\"768\" height=\"512\" src=\"https:\/\/hoyre.no\/content\/uploads\/sites\/9\/2025\/03\/IMG_1724-768x512.jpg\" class=\"attachment-medium_large size-medium_large\" alt=\"\" srcset=\"https:\/\/hoyre.no\/content\/uploads\/sites\/9\/2025\/03\/IMG_1724-768x512.jpg 768w, https:\/\/hoyre.no\/content\/uploads\/sites\/9\/2025\/03\/IMG_1724-300x200.jpg 300w, https:\/\/hoyre.no\/content\/uploads\/sites\/9\/2025\/03\/IMG_1724-1024x683.jpg 1024w, https:\/\/hoyre.no\/content\/uploads\/sites\/9\/2025\/03\/IMG_1724-1536x1024.jpg 1536w, https:\/\/hoyre.no\/content\/uploads\/sites\/9\/2025\/03\/IMG_1724-2048x1365.jpg 2048w\" sizes=\"auto, (max-width: 768px) 100vw, 768px\" \/>\t\t<\/div>\n\t\t\n\t\t\t<div class=\"teft-card__content-wrapper\">\n\t\t\t\t<div class=\"teft-card__secondary\">\n\t\t\t\t\t\n\t\t\t\t\t\t\t\t<div class=\"teft-card__meta\">\n\t\t\t\t\t\t\t\t\t<span class=\"post-date\">21. mar 2025<\/span>\n\n\t\t\t\t\t\t\t\t\t<span class=\"post-category\">H\u00f8yres Landsm\u00f8te 2025<\/span>\t\t\t\t\t\t\t\t<\/div>\n\t\t\t\t\t\t\t\t\t\t\t<\/div>\n\n\t\t\t\t<div class=\"teft-card__primary\">\n\t\t\t\t\t<h2 class=\"teft-card__title\">Arbeid gir trygghet og selvstendighet, men folk flytter, og tjenester sentraliseres.&nbsp;<span class=\"teft-card__primary-title-append\"><\/span><\/h2>\t\t\t\t<\/div>\n\t\t\t<\/div>\n\t\t<\/a>\n\t<\/div>\n\n\t<\/div>\n\n<div class=\"teft-cards-item has-4-columns is-card-hoyre\">\n\t<div class=\"teft-card hoyre-teft-card post-teft-card\">\n\t\t<a href=\"https:\/\/hoyre.no\/nordland\/aktuelt\/det-er-lonnsomt-med-folk-i-distriktet\/\" class=\"teft-card__primary-action\">\n\n\t\t\t\t\t<div class=\"teft-card__media teft-card__media--16-9\">\n\t\t\t\t\t\t<img loading=\"lazy\" decoding=\"async\" width=\"768\" height=\"512\" src=\"https:\/\/hoyre.no\/content\/uploads\/sites\/9\/2025\/03\/IMG_1435f-768x512.jpeg\" class=\"attachment-medium_large size-medium_large\" alt=\"\" srcset=\"https:\/\/hoyre.no\/content\/uploads\/sites\/9\/2025\/03\/IMG_1435f-768x512.jpeg 768w, https:\/\/hoyre.no\/content\/uploads\/sites\/9\/2025\/03\/IMG_1435f-300x200.jpeg 300w, https:\/\/hoyre.no\/content\/uploads\/sites\/9\/2025\/03\/IMG_1435f-1024x683.jpeg 1024w, https:\/\/hoyre.no\/content\/uploads\/sites\/9\/2025\/03\/IMG_1435f-1536x1024.jpeg 1536w, https:\/\/hoyre.no\/content\/uploads\/sites\/9\/2025\/03\/IMG_1435f-2048x1365.jpeg 2048w\" sizes=\"auto, (max-width: 768px) 100vw, 768px\" \/>\t\t<\/div>\n\t\t\n\t\t\t<div class=\"teft-card__content-wrapper\">\n\t\t\t\t<div class=\"teft-card__secondary\">\n\t\t\t\t\t\n\t\t\t\t\t\t\t\t<div class=\"teft-card__meta\">\n\t\t\t\t\t\t\t\t\t<span class=\"post-date\">20. mar 2025<\/span>\n\n\t\t\t\t\t\t\t\t\t<span class=\"post-category\">H\u00f8yres Landsm\u00f8te 2025<\/span>\t\t\t\t\t\t\t\t<\/div>\n\t\t\t\t\t\t\t\t\t\t\t<\/div>\n\n\t\t\t\t<div class=\"teft-card__primary\">\n\t\t\t\t\t<h2 class=\"teft-card__title\">\u2013 Det er l\u00f8nnsomt med folk i distriktet&nbsp;<span class=\"teft-card__primary-title-append\"><\/span><\/h2>\t\t\t\t<\/div>\n\t\t\t<\/div>\n\t\t<\/a>\n\t<\/div>\n\n\t<\/div>\n\n<div class=\"teft-cards-item has-4-columns is-card-hoyre\">\n\t<div class=\"teft-card hoyre-teft-card post-teft-card\">\n\t\t<a href=\"https:\/\/hoyre.no\/nordland\/aktuelt\/den-nye-geopolitiske-situasjonen-og-ikke-minst-utvidelsen-av-nato-understreker-behovet-for-okt-satsing-pa-infrastruktur-i-nord\/\" class=\"teft-card__primary-action\">\n\n\t\t\t\t\t<div class=\"teft-card__media teft-card__media--16-9\">\n\t\t\t\t\t\t<img loading=\"lazy\" decoding=\"async\" width=\"768\" height=\"512\" src=\"https:\/\/hoyre.no\/content\/uploads\/sites\/9\/2025\/03\/IMG_1418-768x512.jpeg\" class=\"attachment-medium_large size-medium_large\" alt=\"\" srcset=\"https:\/\/hoyre.no\/content\/uploads\/sites\/9\/2025\/03\/IMG_1418-768x512.jpeg 768w, https:\/\/hoyre.no\/content\/uploads\/sites\/9\/2025\/03\/IMG_1418-300x200.jpeg 300w, https:\/\/hoyre.no\/content\/uploads\/sites\/9\/2025\/03\/IMG_1418-1024x683.jpeg 1024w, https:\/\/hoyre.no\/content\/uploads\/sites\/9\/2025\/03\/IMG_1418-1536x1024.jpeg 1536w, https:\/\/hoyre.no\/content\/uploads\/sites\/9\/2025\/03\/IMG_1418-2048x1365.jpeg 2048w\" sizes=\"auto, (max-width: 768px) 100vw, 768px\" \/>\t\t<\/div>\n\t\t\n\t\t\t<div class=\"teft-card__content-wrapper\">\n\t\t\t\t<div class=\"teft-card__secondary\">\n\t\t\t\t\t\n\t\t\t\t\t\t\t\t<div class=\"teft-card__meta\">\n\t\t\t\t\t\t\t\t\t<span class=\"post-date\">20. mar 2025<\/span>\n\n\t\t\t\t\t\t\t\t\t<span class=\"post-category\">H\u00f8yres Landsm\u00f8te 2025<\/span>\t\t\t\t\t\t\t\t<\/div>\n\t\t\t\t\t\t\t\t\t\t\t<\/div>\n\n\t\t\t\t<div class=\"teft-card__primary\">\n\t\t\t\t\t<h2 class=\"teft-card__title\">Den nye geopolitiske situasjonen, og ikke minst utvidelsen av NATO, understreker behovet for \u00f8kt satsing p\u00e5 infrastruktur i nord.\u00a0&nbsp;<span class=\"teft-card__primary-title-append\"><\/span><\/h2>\t\t\t\t<\/div>\n\t\t\t<\/div>\n\t\t<\/a>\n\t<\/div>\n\n\t<\/div>\n\n<div class=\"teft-cards-item has-4-columns is-card-hoyre\">\n\t<div class=\"teft-card hoyre-teft-card page-teft-card\">\n\t\t<a href=\"https:\/\/hoyre.no\/nordland\/nyheter-fra-nordland-hoyre-under-landsmotet-2025\/\" class=\"teft-card__primary-action\">\n\n\t\t\t\t\t<div class=\"teft-card__media teft-card__media--16-9\">\n\t\t\t\t\t\t<img loading=\"lazy\" decoding=\"async\" width=\"768\" height=\"512\" src=\"https:\/\/hoyre.no\/content\/uploads\/sites\/9\/2025\/03\/HLM25-foto-Hans-Kristian-Thorbjornsen-1360-768x512.jpg\" class=\"attachment-medium_large size-medium_large\" alt=\"\" srcset=\"https:\/\/hoyre.no\/content\/uploads\/sites\/9\/2025\/03\/HLM25-foto-Hans-Kristian-Thorbjornsen-1360-768x512.jpg 768w, https:\/\/hoyre.no\/content\/uploads\/sites\/9\/2025\/03\/HLM25-foto-Hans-Kristian-Thorbjornsen-1360-300x200.jpg 300w, https:\/\/hoyre.no\/content\/uploads\/sites\/9\/2025\/03\/HLM25-foto-Hans-Kristian-Thorbjornsen-1360-1024x683.jpg 1024w, https:\/\/hoyre.no\/content\/uploads\/sites\/9\/2025\/03\/HLM25-foto-Hans-Kristian-Thorbjornsen-1360-1536x1025.jpg 1536w, https:\/\/hoyre.no\/content\/uploads\/sites\/9\/2025\/03\/HLM25-foto-Hans-Kristian-Thorbjornsen-1360-2048x1366.jpg 2048w\" sizes=\"auto, (max-width: 768px) 100vw, 768px\" \/>\t\t<\/div>\n\t\t\n\t\t\t<div class=\"teft-card__content-wrapper\">\n\t\t\t\t<div class=\"teft-card__secondary\">\n\t\t\t\t\t\t\t\t\t<\/div>\n\n\t\t\t\t<div class=\"teft-card__primary\">\n\t\t\t\t\t<h2 class=\"teft-card__title\">Nyheter fra Nordland H\u00f8yre under landsm\u00f8tet 2025&nbsp;<span class=\"teft-card__primary-title-append\"><\/span><\/h2>\t\t\t\t<\/div>\n\t\t\t<\/div>\n\t\t<\/a>\n\t<\/div>\n\n\t<\/div>\n\n<div class=\"teft-cards-item has-4-columns is-card-hoyre\">\n\t<div class=\"teft-card hoyre-teft-card post-teft-card\">\n\t\t<a href=\"https:\/\/hoyre.no\/nordland\/aktuelt\/hlm\/\" class=\"teft-card__primary-action\">\n\n\t\t\t\t\t<div class=\"teft-card__media teft-card__media--16-9\">\n\t\t\t\t\t\t<img loading=\"lazy\" decoding=\"async\" width=\"768\" height=\"512\" src=\"https:\/\/hoyre.no\/content\/uploads\/sites\/9\/2025\/03\/IMG_1403-768x512.jpeg\" class=\"attachment-medium_large size-medium_large\" alt=\"\" srcset=\"https:\/\/hoyre.no\/content\/uploads\/sites\/9\/2025\/03\/IMG_1403-768x512.jpeg 768w, https:\/\/hoyre.no\/content\/uploads\/sites\/9\/2025\/03\/IMG_1403-300x200.jpeg 300w, https:\/\/hoyre.no\/content\/uploads\/sites\/9\/2025\/03\/IMG_1403-1024x683.jpeg 1024w, https:\/\/hoyre.no\/content\/uploads\/sites\/9\/2025\/03\/IMG_1403-1536x1024.jpeg 1536w, https:\/\/hoyre.no\/content\/uploads\/sites\/9\/2025\/03\/IMG_1403-2048x1365.jpeg 2048w\" sizes=\"auto, (max-width: 768px) 100vw, 768px\" \/>\t\t<\/div>\n\t\t\n\t\t\t<div class=\"teft-card__content-wrapper\">\n\t\t\t\t<div class=\"teft-card__secondary\">\n\t\t\t\t\t\n\t\t\t\t\t\t\t\t<div class=\"teft-card__meta\">\n\t\t\t\t\t\t\t\t\t<span class=\"post-date\">20. mar 2025<\/span>\n\n\t\t\t\t\t\t\t\t\t<span class=\"post-category\">H\u00f8yres Landsm\u00f8te 2025<\/span>\t\t\t\t\t\t\t\t<\/div>\n\t\t\t\t\t\t\t\t\t\t\t<\/div>\n\n\t\t\t\t<div class=\"teft-card__primary\">\n\t\t\t\t\t<h2 class=\"teft-card__title\">Mer kraft og nett, i hele landet&nbsp;<span class=\"teft-card__primary-title-append\"><\/span><\/h2>\t\t\t\t<\/div>\n\t\t\t<\/div>\n\t\t<\/a>\n\t<\/div>\n\n\t<\/div><\/div>\n\n\n<div class=\"tags\">\n\t<\/div>\n<div class=\"post-footer alignfull has-background block-editor-block-list__block\" data-align=full>\n\t<div class=\"post-footer-inner\">\n\t\t<h3>Relaterte artikler<\/h3>\n\t\t<div class=\"related-content\"><div class=\"is-card-hoyre\">\n\t<div class=\"teft-card hoyre-teft-card post-teft-card\">\n\t\t<a href=\"https:\/\/hoyre.no\/nordland\/aktuelt\/vi-onsker-dine-innspill\/\" class=\"teft-card__primary-action\">\n\n\t\t\t\t\t<div class=\"teft-card__media teft-card__media--16-9\">\n\t\t\t\t\t\t<img loading=\"lazy\" decoding=\"async\" width=\"768\" height=\"402\" src=\"https:\/\/hoyre.no\/content\/uploads\/sites\/9\/2026\/04\/Dokument-uten-navn-09.02.2026-1-1536x804-1-768x402.png\" class=\"attachment-medium_large size-medium_large\" alt=\"\" srcset=\"https:\/\/hoyre.no\/content\/uploads\/sites\/9\/2026\/04\/Dokument-uten-navn-09.02.2026-1-1536x804-1-768x402.png 768w, https:\/\/hoyre.no\/content\/uploads\/sites\/9\/2026\/04\/Dokument-uten-navn-09.02.2026-1-1536x804-1-300x157.png 300w, https:\/\/hoyre.no\/content\/uploads\/sites\/9\/2026\/04\/Dokument-uten-navn-09.02.2026-1-1536x804-1-1024x536.png 1024w, https:\/\/hoyre.no\/content\/uploads\/sites\/9\/2026\/04\/Dokument-uten-navn-09.02.2026-1-1536x804-1.png 1536w\" sizes=\"auto, (max-width: 768px) 100vw, 768px\" \/>\t\t<\/div>\n\t\t\n\t\t\t<div class=\"teft-card__content-wrapper\">\n\t\t\t\t<div class=\"teft-card__secondary\">\n\t\t\t\t\t\n\t\t\t\t\t\t\t\t<div class=\"teft-card__meta\">\n\t\t\t\t\t\t\t\t\t<span class=\"post-date\">15. apr 2026<\/span>\n\n\t\t\t\t\t\t\t\t\t<span class=\"post-category\">Nominasjonsprosess 2027\/2031<\/span>\t\t\t\t\t\t\t\t<\/div>\n\t\t\t\t\t\t\t\t\t\t\t<\/div>\n\n\t\t\t\t<div class=\"teft-card__primary\">\n\t\t\t\t\t<h2 class=\"teft-card__title\">Vi \u00f8nsker dine innspill!&nbsp;<span class=\"teft-card__primary-title-append\"><\/span><\/h2>\t\t\t\t<\/div>\n\t\t\t<\/div>\n\t\t<\/a>\n\t<\/div>\n\n\t<\/div><div class=\"is-card-hoyre\">\n\t<div class=\"teft-card hoyre-teft-card post-teft-card\">\n\t\t<a href=\"https:\/\/hoyre.no\/nordland\/aktuelt\/sjomatnaeringen-og-prosessindustrien\/\" class=\"teft-card__primary-action\">\n\n\t\t\t<div class=\"teft-card__media teft-card__media--16-9 no-image\"><\/div>\n\t\t\t<div class=\"teft-card__content-wrapper\">\n\t\t\t\t<div class=\"teft-card__secondary\">\n\t\t\t\t\t\n\t\t\t\t\t\t\t\t<div class=\"teft-card__meta\">\n\t\t\t\t\t\t\t\t\t<span class=\"post-date\">20. nov 2025<\/span>\n\n\t\t\t\t\t\t\t\t\t<span class=\"post-category\">Fylkes\u00e5rsm\u00f8te 2025<\/span>\t\t\t\t\t\t\t\t<\/div>\n\t\t\t\t\t\t\t\t\t\t\t<\/div>\n\n\t\t\t\t<div class=\"teft-card__primary\">\n\t\t\t\t\t<h2 class=\"teft-card__title\">Sj\u00f8matn\u00e6ringen og prosessindustrien&nbsp;<span class=\"teft-card__primary-title-append\"><\/span><\/h2>\t\t\t\t<\/div>\n\t\t\t<\/div>\n\t\t<\/a>\n\t<\/div>\n\n\t<\/div><div class=\"is-card-hoyre\">\n\t<div class=\"teft-card hoyre-teft-card post-teft-card\">\n\t\t<a href=\"https:\/\/hoyre.no\/nordland\/aktuelt\/okt-satsning-pa-havforskning\/\" class=\"teft-card__primary-action\">\n\n\t\t\t<div class=\"teft-card__media teft-card__media--16-9 no-image\"><\/div>\n\t\t\t<div class=\"teft-card__content-wrapper\">\n\t\t\t\t<div class=\"teft-card__secondary\">\n\t\t\t\t\t\n\t\t\t\t\t\t\t\t<div class=\"teft-card__meta\">\n\t\t\t\t\t\t\t\t\t<span class=\"post-date\">20. nov 2025<\/span>\n\n\t\t\t\t\t\t\t\t\t<span class=\"post-category\">Fylkes\u00e5rsm\u00f8te 2025<\/span>\t\t\t\t\t\t\t\t<\/div>\n\t\t\t\t\t\t\t\t\t\t\t<\/div>\n\n\t\t\t\t<div class=\"teft-card__primary\">\n\t\t\t\t\t<h2 class=\"teft-card__title\">\u00d8kt satsning p\u00e5 havforskning&nbsp;<span class=\"teft-card__primary-title-append\"><\/span><\/h2>\t\t\t\t<\/div>\n\t\t\t<\/div>\n\t\t<\/a>\n\t<\/div>\n\n\t<\/div><\/div>\t<\/div>\n<\/div>\n","protected":false},"excerpt":{"rendered":"","protected":false},"author":3547,"featured_media":0,"comment_status":"closed","ping_status":"closed","sticky":false,"template":"","format":"standard","meta":{"teft_cards_image_url":"","teft_cards_custom_pretitle":"","teft_cards_image_id":2011,"teft_cards_image_focal_point_x":0.5,"teft_cards_image_focal_point_y":0.5,"teft_cards_title":"","teft_cards_excerpt":"","teft_show_chapters":false,"author_display_name":"","footnotes":""},"category":[24],"post_tag":[],"hoyre-visibility":[],"article-type":[],"politician":[],"class_list":["post-2007","post","type-post","status-publish","format-standard","hentry","category-hoyres-landsmote-2025"],"yoast_head":"<!-- This site is optimized with the Yoast SEO plugin v26.6 - https:\/\/yoast.com\/wordpress\/plugins\/seo\/ -->\n<title>- I en urolig verden avhenger vi av \u00e5 ha USA og NATO med p\u00e5 laget - Nordland H\u00f8yre<\/title>\n<meta name=\"robots\" content=\"index, follow, max-snippet:-1, max-image-preview:large, max-video-preview:-1\" \/>\n<link rel=\"canonical\" href=\"https:\/\/hoyre.no\/nordland\/aktuelt\/i-en-urolig-verden-avhenger-vi-av-a-ha-usa-og-nato-med-pa-laget\/\" \/>\n<meta property=\"og:locale\" content=\"nb_NO\" \/>\n<meta property=\"og:type\" content=\"article\" \/>\n<meta property=\"og:title\" content=\"- I en urolig verden avhenger vi av \u00e5 ha USA og NATO med p\u00e5 laget - Nordland H\u00f8yre\" \/>\n<meta property=\"og:url\" content=\"https:\/\/hoyre.no\/nordland\/aktuelt\/i-en-urolig-verden-avhenger-vi-av-a-ha-usa-og-nato-med-pa-laget\/\" \/>\n<meta property=\"og:site_name\" content=\"Nordland H\u00f8yre\" \/>\n<meta property=\"article:published_time\" content=\"2025-03-22T14:11:04+00:00\" \/>\n<meta property=\"article:modified_time\" content=\"2025-03-22T14:21:16+00:00\" \/>\n<meta property=\"og:image\" content=\"https:\/\/hoyre.no\/content\/uploads\/sites\/9\/2022\/11\/Hoyres-logo.png\" \/>\n\t<meta property=\"og:image:width\" content=\"1000\" \/>\n\t<meta property=\"og:image:height\" content=\"1000\" \/>\n\t<meta property=\"og:image:type\" content=\"image\/png\" \/>\n<meta name=\"author\" content=\"Isabella Emilie Pigini Storli\" \/>\n<meta name=\"twitter:card\" content=\"summary_large_image\" \/>\n<meta name=\"twitter:label1\" content=\"Skrevet av\" \/>\n\t<meta name=\"twitter:data1\" content=\"Isabella Emilie Pigini Storli\" \/>\n\t<meta name=\"twitter:label2\" content=\"Ansl. lesetid\" \/>\n\t<meta name=\"twitter:data2\" content=\"2 minutter\" \/>\n<script type=\"application\/ld+json\" class=\"yoast-schema-graph\">{\"@context\":\"https:\/\/schema.org\",\"@graph\":[{\"@type\":\"NewsArticle\",\"@id\":\"https:\/\/hoyre.no\/nordland\/aktuelt\/i-en-urolig-verden-avhenger-vi-av-a-ha-usa-og-nato-med-pa-laget\/\",\"url\":\"https:\/\/hoyre.no\/nordland\/aktuelt\/i-en-urolig-verden-avhenger-vi-av-a-ha-usa-og-nato-med-pa-laget\/\",\"name\":\"- I en urolig verden avhenger vi av \u00e5 ha USA og NATO med p\u00e5 laget - Nordland H\u00f8yre\",\"isPartOf\":{\"@id\":\"https:\/\/hoyre.no\/nordland\/#website\"},\"datePublished\":\"2025-03-22T14:11:04+00:00\",\"dateModified\":\"2025-03-22T14:21:16+00:00\",\"author\":{\"@id\":\"https:\/\/hoyre.no\/nordland\/#\/schema\/person\/6f4581f8cbce8649b11dffce4d355a20\"},\"breadcrumb\":{\"@id\":\"https:\/\/hoyre.no\/nordland\/aktuelt\/i-en-urolig-verden-avhenger-vi-av-a-ha-usa-og-nato-med-pa-laget\/#breadcrumb\"},\"inLanguage\":\"nb-NO\",\"potentialAction\":[{\"@type\":\"ReadAction\",\"target\":[\"https:\/\/hoyre.no\/nordland\/aktuelt\/i-en-urolig-verden-avhenger-vi-av-a-ha-usa-og-nato-med-pa-laget\/\"]}]},{\"@type\":\"BreadcrumbList\",\"@id\":\"https:\/\/hoyre.no\/nordland\/aktuelt\/i-en-urolig-verden-avhenger-vi-av-a-ha-usa-og-nato-med-pa-laget\/#breadcrumb\",\"itemListElement\":[{\"@type\":\"ListItem\",\"position\":1,\"name\":\"Til hoyre.no\",\"item\":\"https:\/\/hoyre.no\"},{\"@type\":\"ListItem\",\"position\":2,\"name\":\"Hjem\",\"item\":\"https:\/\/hoyre.no\/nordland\/\"},{\"@type\":\"ListItem\",\"position\":3,\"name\":\"&#8211; I en urolig verden avhenger vi av \u00e5 ha USA og NATO med p\u00e5 laget\"}]},{\"@type\":\"WebSite\",\"@id\":\"https:\/\/hoyre.no\/nordland\/#website\",\"url\":\"https:\/\/hoyre.no\/nordland\/\",\"name\":\"Nordland H\u00f8yre\",\"description\":\"Bare enda et H\u00f8yres nettsteder-nettsted\",\"inLanguage\":\"nb-NO\"},{\"@type\":\"Person\",\"@id\":\"https:\/\/hoyre.no\/nordland\/#\/schema\/person\/6f4581f8cbce8649b11dffce4d355a20\",\"name\":\"Isabella Emilie Pigini Storli\",\"image\":{\"@type\":\"ImageObject\",\"inLanguage\":\"nb-NO\",\"@id\":\"https:\/\/hoyre.no\/nordland\/#\/schema\/person\/image\/\",\"url\":\"https:\/\/secure.gravatar.com\/avatar\/08adee43a03700ba785bdbd90482e1f29963f7da76a6456741cc4ace550c4fe2?s=96&d=mm&r=g\",\"contentUrl\":\"https:\/\/secure.gravatar.com\/avatar\/08adee43a03700ba785bdbd90482e1f29963f7da76a6456741cc4ace550c4fe2?s=96&d=mm&r=g\",\"caption\":\"Isabella Emilie Pigini Storli\"},\"url\":\"https:\/\/hoyre.no\/nordland\/aktuelt\/author\/m52026796\/\"}]}<\/script>\n<!-- \/ Yoast SEO plugin. -->","yoast_head_json":{"title":"- I en urolig verden avhenger vi av \u00e5 ha USA og NATO med p\u00e5 laget - Nordland H\u00f8yre","robots":{"index":"index","follow":"follow","max-snippet":"max-snippet:-1","max-image-preview":"max-image-preview:large","max-video-preview":"max-video-preview:-1"},"canonical":"https:\/\/hoyre.no\/nordland\/aktuelt\/i-en-urolig-verden-avhenger-vi-av-a-ha-usa-og-nato-med-pa-laget\/","og_locale":"nb_NO","og_type":"article","og_title":"- I en urolig verden avhenger vi av \u00e5 ha USA og NATO med p\u00e5 laget - Nordland H\u00f8yre","og_url":"https:\/\/hoyre.no\/nordland\/aktuelt\/i-en-urolig-verden-avhenger-vi-av-a-ha-usa-og-nato-med-pa-laget\/","og_site_name":"Nordland H\u00f8yre","article_published_time":"2025-03-22T14:11:04+00:00","article_modified_time":"2025-03-22T14:21:16+00:00","og_image":[{"width":1000,"height":1000,"url":"https:\/\/hoyre.no\/content\/uploads\/sites\/9\/2022\/11\/Hoyres-logo.png","type":"image\/png"}],"author":"Isabella Emilie Pigini Storli","twitter_card":"summary_large_image","twitter_misc":{"Skrevet av":"Isabella Emilie Pigini Storli","Ansl. lesetid":"2 minutter"},"schema":{"@context":"https:\/\/schema.org","@graph":[{"@type":"NewsArticle","@id":"https:\/\/hoyre.no\/nordland\/aktuelt\/i-en-urolig-verden-avhenger-vi-av-a-ha-usa-og-nato-med-pa-laget\/","url":"https:\/\/hoyre.no\/nordland\/aktuelt\/i-en-urolig-verden-avhenger-vi-av-a-ha-usa-og-nato-med-pa-laget\/","name":"- I en urolig verden avhenger vi av \u00e5 ha USA og NATO med p\u00e5 laget - Nordland H\u00f8yre","isPartOf":{"@id":"https:\/\/hoyre.no\/nordland\/#website"},"datePublished":"2025-03-22T14:11:04+00:00","dateModified":"2025-03-22T14:21:16+00:00","author":{"@id":"https:\/\/hoyre.no\/nordland\/#\/schema\/person\/6f4581f8cbce8649b11dffce4d355a20"},"breadcrumb":{"@id":"https:\/\/hoyre.no\/nordland\/aktuelt\/i-en-urolig-verden-avhenger-vi-av-a-ha-usa-og-nato-med-pa-laget\/#breadcrumb"},"inLanguage":"nb-NO","potentialAction":[{"@type":"ReadAction","target":["https:\/\/hoyre.no\/nordland\/aktuelt\/i-en-urolig-verden-avhenger-vi-av-a-ha-usa-og-nato-med-pa-laget\/"]}]},{"@type":"BreadcrumbList","@id":"https:\/\/hoyre.no\/nordland\/aktuelt\/i-en-urolig-verden-avhenger-vi-av-a-ha-usa-og-nato-med-pa-laget\/#breadcrumb","itemListElement":[{"@type":"ListItem","position":1,"name":"Til hoyre.no","item":"https:\/\/hoyre.no"},{"@type":"ListItem","position":2,"name":"Hjem","item":"https:\/\/hoyre.no\/nordland\/"},{"@type":"ListItem","position":3,"name":"&#8211; I en urolig verden avhenger vi av \u00e5 ha USA og NATO med p\u00e5 laget"}]},{"@type":"WebSite","@id":"https:\/\/hoyre.no\/nordland\/#website","url":"https:\/\/hoyre.no\/nordland\/","name":"Nordland H\u00f8yre","description":"Bare enda et H\u00f8yres nettsteder-nettsted","inLanguage":"nb-NO"},{"@type":"Person","@id":"https:\/\/hoyre.no\/nordland\/#\/schema\/person\/6f4581f8cbce8649b11dffce4d355a20","name":"Isabella Emilie Pigini Storli","image":{"@type":"ImageObject","inLanguage":"nb-NO","@id":"https:\/\/hoyre.no\/nordland\/#\/schema\/person\/image\/","url":"https:\/\/secure.gravatar.com\/avatar\/08adee43a03700ba785bdbd90482e1f29963f7da76a6456741cc4ace550c4fe2?s=96&d=mm&r=g","contentUrl":"https:\/\/secure.gravatar.com\/avatar\/08adee43a03700ba785bdbd90482e1f29963f7da76a6456741cc4ace550c4fe2?s=96&d=mm&r=g","caption":"Isabella Emilie Pigini Storli"},"url":"https:\/\/hoyre.no\/nordland\/aktuelt\/author\/m52026796\/"}]}},"distributor_meta":false,"distributor_terms":false,"distributor_media":false,"distributor_original_site_name":"Nordland H\u00f8yre","distributor_original_site_url":"https:\/\/hoyre.no\/nordland","push-errors":false,"_links":{"self":[{"href":"https:\/\/hoyre.no\/nordland\/wp-json\/wp\/v2\/posts\/2007","targetHints":{"allow":["GET"]}}],"collection":[{"href":"https:\/\/hoyre.no\/nordland\/wp-json\/wp\/v2\/posts"}],"about":[{"href":"https:\/\/hoyre.no\/nordland\/wp-json\/wp\/v2\/types\/post"}],"author":[{"embeddable":true,"href":"https:\/\/hoyre.no\/nordland\/wp-json\/wp\/v2\/users\/3547"}],"replies":[{"embeddable":true,"href":"https:\/\/hoyre.no\/nordland\/wp-json\/wp\/v2\/comments?post=2007"}],"version-history":[{"count":1,"href":"https:\/\/hoyre.no\/nordland\/wp-json\/wp\/v2\/posts\/2007\/revisions"}],"predecessor-version":[{"id":2015,"href":"https:\/\/hoyre.no\/nordland\/wp-json\/wp\/v2\/posts\/2007\/revisions\/2015"}],"wp:attachment":[{"href":"https:\/\/hoyre.no\/nordland\/wp-json\/wp\/v2\/media?parent=2007"}],"wp:term":[{"taxonomy":"category","embeddable":true,"href":"https:\/\/hoyre.no\/nordland\/wp-json\/wp\/v2\/category?post=2007"},{"taxonomy":"post_tag","embeddable":true,"href":"https:\/\/hoyre.no\/nordland\/wp-json\/wp\/v2\/post_tag?post=2007"},{"taxonomy":"hoyre-visibility","embeddable":true,"href":"https:\/\/hoyre.no\/nordland\/wp-json\/wp\/v2\/hoyre-visibility?post=2007"},{"taxonomy":"article-type","embeddable":true,"href":"https:\/\/hoyre.no\/nordland\/wp-json\/wp\/v2\/article-type?post=2007"},{"taxonomy":"politician","embeddable":true,"href":"https:\/\/hoyre.no\/nordland\/wp-json\/wp\/v2\/politician?post=2007"}],"curies":[{"name":"wp","href":"https:\/\/api.w.org\/{rel}","templated":true}]}}