{"id":201,"date":"2020-03-18T23:00:00","date_gmt":"2020-03-18T22:00:00","guid":{"rendered":"https:\/\/hoyre.no\/nordland\/aktuelt\/kai_skal_lede_nominasjonsarbeidet_i_nordland_hoyre\/"},"modified":"2020-03-18T23:00:00","modified_gmt":"2020-03-18T22:00:00","slug":"kai_skal_lede_nominasjonsarbeidet_i_nordland_hoyre","status":"publish","type":"post","link":"https:\/\/hoyre.no\/nordland\/aktuelt\/kai_skal_lede_nominasjonsarbeidet_i_nordland_hoyre\/","title":{"rendered":"Kai skal lede nominasjonsarbeidet i Nordland H\u00f8yre"},"content":{"rendered":"<p class=\"preamble\">Fylkesstyret i Nordland H\u00f8yre har nedsatt nominasjonskomiteen som skal arbeide frem forslag til stortingsvalgliste for H\u00f8yre i 2021. Komiteen skal ledes av Kai Henriksen fra Rana.<\/p>\t\t\t<div class=\"post-meta wp-block teft-byline-wrapper\">\n\t\t\t\t<div class=\"top\">\n\t\t\t\t\t<div class=\"signature\">\n\t\t\t\t\t\t<div class=\"teft-byline\">\n\t\t\t\t\t\t\t\t\t\t\t\t\t\t<div>\n\t\t\t\t\t\t\t\t<h3>H\u00f8yres redaksjon<\/h3>\t\t\t\t\t\t\t\t\n\t\t\t\t\t\t\t\t\t\t\t\t\t\t\t\t\t<span class=\"date\">Sist oppdatert: 18. mars 2020<\/span>\n\t\t\t\t\t\t\t\t\t\t\t\t\t\t\t\t\t\t\t\t\t\t\t\t\t<span class=\"reading-time\" itemprop=\"timeRequired\" content=\"PT2M\"><em>Ca. 2 minutter lesetid<\/em><\/span>\n\t\t\t\t\t\t\t\t\t\t\t\t\t\t\t<\/div>\n\t\t\t\t\t\t<\/div>\n\t\t\t\t\t<\/div>\n\t\t\t\t\t\t<div class=\"sharing\">\n\t\t<a class=\"share-button share-link copy-link\" data-copy=\"https:\/\/hoyre.no\/nordland\/aktuelt\/kai_skal_lede_nominasjonsarbeidet_i_nordland_hoyre\/\" target=\"_blank\"><span class=\"screen-reader-text\">Del link<\/span><\/a>\n\t\t<a class=\"share-button share-twitter\" href=\"http:\/\/twitter.com\/share?text=Kai skal lede nominasjonsarbeidet i Nordland H\u00f8yre&#038;url=https:\/\/hoyre.no\/nordland\/aktuelt\/kai_skal_lede_nominasjonsarbeidet_i_nordland_hoyre\/&#038;hashtags=Hoyre\" target=\"_blank\"><span class=\"screen-reader-text\">Del p\u00e5 twitter<\/span><\/a>\n\t\t<a class=\"share-button share-facebook\" href=\"https:\/\/www.facebook.com\/sharer\/sharer.php?u=https:\/\/hoyre.no\/nordland\/aktuelt\/kai_skal_lede_nominasjonsarbeidet_i_nordland_hoyre\/\" target=\"_blank\"><span class=\"screen-reader-text\">Del p\u00e5 facebook<\/span><\/a>\n\t<\/div>\n\t\t\t\t\t<\/div>\n\t\t\t<\/div>\n\n\t\t\t<figure class=\"hoyre-image-wrapper\"><div class=\"hoyre-image\"><img loading=\"lazy\" decoding=\"async\" width=\"972\" height=\"547\" src=\"https:\/\/hoyre.no\/content\/uploads\/sites\/9\/2020\/11\/kai_henriksen_573685_16x9.jpg\" class=\"attachment-scaled size-scaled\" alt=\"\" style=\"object-position: 50% 50%\" srcset=\"https:\/\/hoyre.no\/content\/uploads\/sites\/9\/2020\/11\/kai_henriksen_573685_16x9.jpg 972w, https:\/\/hoyre.no\/content\/uploads\/sites\/9\/2020\/11\/kai_henriksen_573685_16x9-300x169.jpg 300w, https:\/\/hoyre.no\/content\/uploads\/sites\/9\/2020\/11\/kai_henriksen_573685_16x9-768x432.jpg 768w\" sizes=\"auto, (max-width: 972px) 100vw, 972px\" \/><\/div><\/figure><div id=\"hoyre-old-article-content-wrapper\"><p>  Kai Henriksen fra Rana ble av fylkesstyret valgt som leder av nominasjonskomiteen til Nordland H\u00f8yre. <\/p><p>Her er hele komiteen: <br \/><\/p><ol><li>Leder: Kai Henriksen, Rana<\/li><li>Medlem: Paul Birger Torgnes, Br\u00f8nn\u00f8y<\/li><li>Medlem: Liv Bente Kristoffersen, Bod\u00f8<\/li><li>Medlem: Ronny Borge, Fauske<\/li><li>Medlem: Grete Ellingsen, Sortland<\/li><li>Medlem: Marianne Dobak Kvensj\u00f8, Narvik<\/li><li>Medlem: Gitte \u00d8g\u00e5rd, Unge H\u00f8yre<\/li><\/ol><p>Kai Henriksen har lang fartstid i partiet, og har blant annet v\u00e6rt ordf\u00f8rer i Rana og gruppeleder for fylkestingsgruppen. <\/p><p>-Jeg takker for tilliten partiet har gitt meg, og ser frem til en ryddig nominasjonsprosess der alle medlemmer av Nordland H\u00f8yre f\u00e5r gode muligheter til \u00e5 fremme sine kandidater, sier lederen av nominasjonskomiteen, Kai Henriksen. <\/p><p>Fylkesstyret vedtok ogs\u00e5 f\u00f8lgende fremdriftsplan for nominasjonsprosessen:<\/p><p><\/p><table border=\"1\" cellspacing=\"0\" cellpadding=\"0\" width=\"601\"><tbody><tr><th scope=\"col\">Frist\/datoer<\/th><th scope=\"col\">Hva<\/th><\/tr><tr><td width=\"82\" nowrap=\"\" valign=\"top\"><p>30. april<\/p><\/td><td width=\"265\" nowrap=\"\" valign=\"top\"><p>Sittende representanter og vararepresentanter foresp\u00f8rres og svarer p\u00e5 om de \u00f8nsker gjenvalg<\/p><\/td><\/tr><tr><td width=\"82\" nowrap=\"\" valign=\"top\"><p>01.mai<\/p><\/td><td width=\"265\" nowrap=\"\" valign=\"top\"><p>Svarene fra sittende representanter\/vararepresentanter offentliggj\u00f8res p\u00e5 nettsidene<\/p><\/td><\/tr><tr><td width=\"82\" nowrap=\"\" valign=\"top\"><p>15. mai-15. juni<\/p><\/td><td width=\"265\" nowrap=\"\" valign=\"top\"><p>Medlemmer i Nordland H\u00f8yre gis mulighet til \u00e5 komme med innspill p\u00e5 kandidater<\/p><\/td><\/tr><tr><td width=\"82\" nowrap=\"\" valign=\"top\"><p>20.jun<\/p><\/td><td width=\"265\" nowrap=\"\" valign=\"top\"><p>Avklaring p\u00e5 om foresl\u00e5tte personer \u00f8nsker \u00e5 v\u00e6re kandidater<\/p><\/td><\/tr><tr><td width=\"82\" nowrap=\"\" valign=\"top\"><p>20.jun<\/p><\/td><td width=\"265\" nowrap=\"\" valign=\"top\"><p>Alfabetisk liste over innspilte kandidater som \u00f8nsker \u00e5 v\u00e6re kandidater presenteres<\/p><\/td><\/tr><tr><td width=\"82\" nowrap=\"\" valign=\"top\"><p>Innen 20. sept<\/p><\/td><td width=\"265\" nowrap=\"\" valign=\"top\"><p>Pr\u00f8venominasjon\/valg av delegater til nominasjonsm\u00f8tet<\/p><\/td><\/tr><tr><td width=\"82\" nowrap=\"\" valign=\"top\"><p>20.-27. sept<\/p><\/td><td width=\"265\" nowrap=\"\" valign=\"top\"><p>R\u00e5dgivende avstemming blant Nordland H\u00f8yres medlemmer<\/p><\/td><\/tr><tr><td width=\"82\" nowrap=\"\" valign=\"top\"><p>09.okt<\/p><\/td><td width=\"265\" nowrap=\"\" valign=\"top\"><p>Frist for innkalling til nominasjonsm\u00f8tet<\/p><\/td><\/tr><tr><td width=\"82\" nowrap=\"\" valign=\"top\"><p>23.okt<\/p><\/td><td width=\"265\" nowrap=\"\" valign=\"top\"><p>Frist for \u00e5 levere innstilling p\u00e5 listeforslaget<\/p><\/td><\/tr><tr><td width=\"82\" nowrap=\"\" valign=\"top\"><p>7.-8. november<\/p><\/td><td width=\"265\" nowrap=\"\" valign=\"top\"><p>Nominasjonsm\u00f8te i Bod\u00f8<\/p><\/td><\/tr><\/tbody><\/table><p><br \/><\/p><\/div>\n<div class=\"tags\">\n\t<\/div>\n<div class=\"post-footer alignfull has-background block-editor-block-list__block\" data-align=full>\n\t<div class=\"post-footer-inner\">\n\t\t<h3>Relaterte artikler<\/h3>\n\t\t<div class=\"related-content\"><div class=\"is-card-hoyre\">\n\t<div class=\"teft-card hoyre-teft-card post-teft-card\">\n\t\t<a href=\"https:\/\/hoyre.no\/nordland\/aktuelt\/vi-onsker-dine-innspill\/\" class=\"teft-card__primary-action\">\n\n\t\t\t\t\t<div class=\"teft-card__media teft-card__media--16-9\">\n\t\t\t\t\t\t<img loading=\"lazy\" decoding=\"async\" width=\"768\" height=\"402\" src=\"https:\/\/hoyre.no\/content\/uploads\/sites\/9\/2026\/04\/Dokument-uten-navn-09.02.2026-1-1536x804-1-768x402.png\" class=\"attachment-medium_large size-medium_large\" alt=\"\" srcset=\"https:\/\/hoyre.no\/content\/uploads\/sites\/9\/2026\/04\/Dokument-uten-navn-09.02.2026-1-1536x804-1-768x402.png 768w, https:\/\/hoyre.no\/content\/uploads\/sites\/9\/2026\/04\/Dokument-uten-navn-09.02.2026-1-1536x804-1-300x157.png 300w, https:\/\/hoyre.no\/content\/uploads\/sites\/9\/2026\/04\/Dokument-uten-navn-09.02.2026-1-1536x804-1-1024x536.png 1024w, https:\/\/hoyre.no\/content\/uploads\/sites\/9\/2026\/04\/Dokument-uten-navn-09.02.2026-1-1536x804-1.png 1536w\" sizes=\"auto, (max-width: 768px) 100vw, 768px\" \/>\t\t<\/div>\n\t\t\n\t\t\t<div class=\"teft-card__content-wrapper\">\n\t\t\t\t<div class=\"teft-card__secondary\">\n\t\t\t\t\t\n\t\t\t\t\t\t\t\t<div class=\"teft-card__meta\">\n\t\t\t\t\t\t\t\t\t<span class=\"post-date\">15. apr 2026<\/span>\n\n\t\t\t\t\t\t\t\t\t<span class=\"post-category\">Nominasjonsprosess 2027\/2031<\/span>\t\t\t\t\t\t\t\t<\/div>\n\t\t\t\t\t\t\t\t\t\t\t<\/div>\n\n\t\t\t\t<div class=\"teft-card__primary\">\n\t\t\t\t\t<h2 class=\"teft-card__title\">Vi \u00f8nsker dine innspill!&nbsp;<span class=\"teft-card__primary-title-append\"><\/span><\/h2>\t\t\t\t<\/div>\n\t\t\t<\/div>\n\t\t<\/a>\n\t<\/div>\n\n\t<\/div><div class=\"is-card-hoyre\">\n\t<div class=\"teft-card hoyre-teft-card post-teft-card\">\n\t\t<a href=\"https:\/\/hoyre.no\/nordland\/aktuelt\/sjomatnaeringen-og-prosessindustrien\/\" class=\"teft-card__primary-action\">\n\n\t\t\t<div class=\"teft-card__media teft-card__media--16-9 no-image\"><\/div>\n\t\t\t<div class=\"teft-card__content-wrapper\">\n\t\t\t\t<div class=\"teft-card__secondary\">\n\t\t\t\t\t\n\t\t\t\t\t\t\t\t<div class=\"teft-card__meta\">\n\t\t\t\t\t\t\t\t\t<span class=\"post-date\">20. nov 2025<\/span>\n\n\t\t\t\t\t\t\t\t\t<span class=\"post-category\">Fylkes\u00e5rsm\u00f8te 2025<\/span>\t\t\t\t\t\t\t\t<\/div>\n\t\t\t\t\t\t\t\t\t\t\t<\/div>\n\n\t\t\t\t<div class=\"teft-card__primary\">\n\t\t\t\t\t<h2 class=\"teft-card__title\">Sj\u00f8matn\u00e6ringen og prosessindustrien&nbsp;<span class=\"teft-card__primary-title-append\"><\/span><\/h2>\t\t\t\t<\/div>\n\t\t\t<\/div>\n\t\t<\/a>\n\t<\/div>\n\n\t<\/div><div class=\"is-card-hoyre\">\n\t<div class=\"teft-card hoyre-teft-card post-teft-card\">\n\t\t<a href=\"https:\/\/hoyre.no\/nordland\/aktuelt\/okt-satsning-pa-havforskning\/\" class=\"teft-card__primary-action\">\n\n\t\t\t<div class=\"teft-card__media teft-card__media--16-9 no-image\"><\/div>\n\t\t\t<div class=\"teft-card__content-wrapper\">\n\t\t\t\t<div class=\"teft-card__secondary\">\n\t\t\t\t\t\n\t\t\t\t\t\t\t\t<div class=\"teft-card__meta\">\n\t\t\t\t\t\t\t\t\t<span class=\"post-date\">20. nov 2025<\/span>\n\n\t\t\t\t\t\t\t\t\t<span class=\"post-category\">Fylkes\u00e5rsm\u00f8te 2025<\/span>\t\t\t\t\t\t\t\t<\/div>\n\t\t\t\t\t\t\t\t\t\t\t<\/div>\n\n\t\t\t\t<div class=\"teft-card__primary\">\n\t\t\t\t\t<h2 class=\"teft-card__title\">\u00d8kt satsning p\u00e5 havforskning&nbsp;<span class=\"teft-card__primary-title-append\"><\/span><\/h2>\t\t\t\t<\/div>\n\t\t\t<\/div>\n\t\t<\/a>\n\t<\/div>\n\n\t<\/div><\/div>\t<\/div>\n<\/div>\n","protected":false},"excerpt":{"rendered":"","protected":false},"author":0,"featured_media":0,"comment_status":"closed","ping_status":"closed","sticky":false,"template":"","format":"standard","meta":{"teft_cards_image_url":"https:\/\/hoyre.no\/content\/uploads\/sites\/9\/2020\/11\/kai_henriksen_573685_16x9.jpg","teft_cards_custom_pretitle":"","teft_cards_image_id":200,"teft_cards_image_focal_point_x":0,"teft_cards_image_focal_point_y":0,"teft_cards_title":"","teft_cards_excerpt":"","teft_show_chapters":false,"author_display_name":"Nordland H\u00f8yre","footnotes":""},"category":[1],"post_tag":[],"hoyre-visibility":[],"article-type":[],"politician":[],"class_list":["post-201","post","type-post","status-publish","format-standard","hentry","category-ukategorisert"],"yoast_head":"<!-- This site is optimized with the Yoast SEO plugin v26.6 - https:\/\/yoast.com\/wordpress\/plugins\/seo\/ -->\n<title>Kai skal lede nominasjonsarbeidet i Nordland H\u00f8yre - Nordland H\u00f8yre<\/title>\n<meta name=\"robots\" content=\"index, follow, max-snippet:-1, max-image-preview:large, max-video-preview:-1\" \/>\n<link rel=\"canonical\" href=\"https:\/\/hoyre.no\/nordland\/aktuelt\/kai_skal_lede_nominasjonsarbeidet_i_nordland_hoyre\/\" \/>\n<meta property=\"og:locale\" content=\"nb_NO\" \/>\n<meta property=\"og:type\" content=\"article\" \/>\n<meta property=\"og:title\" content=\"Kai skal lede nominasjonsarbeidet i Nordland H\u00f8yre - Nordland H\u00f8yre\" \/>\n<meta property=\"og:url\" content=\"https:\/\/hoyre.no\/nordland\/aktuelt\/kai_skal_lede_nominasjonsarbeidet_i_nordland_hoyre\/\" \/>\n<meta property=\"og:site_name\" content=\"Nordland H\u00f8yre\" \/>\n<meta property=\"article:published_time\" content=\"2020-03-18T22:00:00+00:00\" \/>\n<meta property=\"og:image\" content=\"https:\/\/hoyre.no\/content\/uploads\/sites\/9\/2022\/11\/Hoyres-logo.png\" \/>\n\t<meta property=\"og:image:width\" content=\"1000\" \/>\n\t<meta property=\"og:image:height\" content=\"1000\" \/>\n\t<meta property=\"og:image:type\" content=\"image\/png\" \/>\n<meta name=\"twitter:card\" content=\"summary_large_image\" \/>\n<meta name=\"twitter:label1\" content=\"Ansl. lesetid\" \/>\n\t<meta name=\"twitter:data1\" content=\"1 minutt\" \/>\n<script type=\"application\/ld+json\" class=\"yoast-schema-graph\">{\"@context\":\"https:\/\/schema.org\",\"@graph\":[{\"@type\":\"NewsArticle\",\"@id\":\"https:\/\/hoyre.no\/nordland\/aktuelt\/kai_skal_lede_nominasjonsarbeidet_i_nordland_hoyre\/\",\"url\":\"https:\/\/hoyre.no\/nordland\/aktuelt\/kai_skal_lede_nominasjonsarbeidet_i_nordland_hoyre\/\",\"name\":\"Kai skal lede nominasjonsarbeidet i Nordland H\u00f8yre - Nordland H\u00f8yre\",\"isPartOf\":{\"@id\":\"https:\/\/hoyre.no\/nordland\/#website\"},\"datePublished\":\"2020-03-18T22:00:00+00:00\",\"author\":{\"@id\":\"\"},\"breadcrumb\":{\"@id\":\"https:\/\/hoyre.no\/nordland\/aktuelt\/kai_skal_lede_nominasjonsarbeidet_i_nordland_hoyre\/#breadcrumb\"},\"inLanguage\":\"nb-NO\",\"potentialAction\":[{\"@type\":\"ReadAction\",\"target\":[\"https:\/\/hoyre.no\/nordland\/aktuelt\/kai_skal_lede_nominasjonsarbeidet_i_nordland_hoyre\/\"]}]},{\"@type\":\"BreadcrumbList\",\"@id\":\"https:\/\/hoyre.no\/nordland\/aktuelt\/kai_skal_lede_nominasjonsarbeidet_i_nordland_hoyre\/#breadcrumb\",\"itemListElement\":[{\"@type\":\"ListItem\",\"position\":1,\"name\":\"Til hoyre.no\",\"item\":\"https:\/\/hoyre.no\"},{\"@type\":\"ListItem\",\"position\":2,\"name\":\"Hjem\",\"item\":\"https:\/\/hoyre.no\/nordland\/\"},{\"@type\":\"ListItem\",\"position\":3,\"name\":\"Kai skal lede nominasjonsarbeidet i Nordland H\u00f8yre\"}]},{\"@type\":\"WebSite\",\"@id\":\"https:\/\/hoyre.no\/nordland\/#website\",\"url\":\"https:\/\/hoyre.no\/nordland\/\",\"name\":\"Nordland H\u00f8yre\",\"description\":\"Bare enda et H\u00f8yres nettsteder-nettsted\",\"inLanguage\":\"nb-NO\"}]}<\/script>\n<!-- \/ Yoast SEO plugin. -->","yoast_head_json":{"title":"Kai skal lede nominasjonsarbeidet i Nordland H\u00f8yre - Nordland H\u00f8yre","robots":{"index":"index","follow":"follow","max-snippet":"max-snippet:-1","max-image-preview":"max-image-preview:large","max-video-preview":"max-video-preview:-1"},"canonical":"https:\/\/hoyre.no\/nordland\/aktuelt\/kai_skal_lede_nominasjonsarbeidet_i_nordland_hoyre\/","og_locale":"nb_NO","og_type":"article","og_title":"Kai skal lede nominasjonsarbeidet i Nordland H\u00f8yre - Nordland H\u00f8yre","og_url":"https:\/\/hoyre.no\/nordland\/aktuelt\/kai_skal_lede_nominasjonsarbeidet_i_nordland_hoyre\/","og_site_name":"Nordland H\u00f8yre","article_published_time":"2020-03-18T22:00:00+00:00","og_image":[{"width":1000,"height":1000,"url":"https:\/\/hoyre.no\/content\/uploads\/sites\/9\/2022\/11\/Hoyres-logo.png","type":"image\/png"}],"twitter_card":"summary_large_image","twitter_misc":{"Ansl. lesetid":"1 minutt"},"schema":{"@context":"https:\/\/schema.org","@graph":[{"@type":"NewsArticle","@id":"https:\/\/hoyre.no\/nordland\/aktuelt\/kai_skal_lede_nominasjonsarbeidet_i_nordland_hoyre\/","url":"https:\/\/hoyre.no\/nordland\/aktuelt\/kai_skal_lede_nominasjonsarbeidet_i_nordland_hoyre\/","name":"Kai skal lede nominasjonsarbeidet i Nordland H\u00f8yre - Nordland H\u00f8yre","isPartOf":{"@id":"https:\/\/hoyre.no\/nordland\/#website"},"datePublished":"2020-03-18T22:00:00+00:00","author":{"@id":""},"breadcrumb":{"@id":"https:\/\/hoyre.no\/nordland\/aktuelt\/kai_skal_lede_nominasjonsarbeidet_i_nordland_hoyre\/#breadcrumb"},"inLanguage":"nb-NO","potentialAction":[{"@type":"ReadAction","target":["https:\/\/hoyre.no\/nordland\/aktuelt\/kai_skal_lede_nominasjonsarbeidet_i_nordland_hoyre\/"]}]},{"@type":"BreadcrumbList","@id":"https:\/\/hoyre.no\/nordland\/aktuelt\/kai_skal_lede_nominasjonsarbeidet_i_nordland_hoyre\/#breadcrumb","itemListElement":[{"@type":"ListItem","position":1,"name":"Til hoyre.no","item":"https:\/\/hoyre.no"},{"@type":"ListItem","position":2,"name":"Hjem","item":"https:\/\/hoyre.no\/nordland\/"},{"@type":"ListItem","position":3,"name":"Kai skal lede nominasjonsarbeidet i Nordland H\u00f8yre"}]},{"@type":"WebSite","@id":"https:\/\/hoyre.no\/nordland\/#website","url":"https:\/\/hoyre.no\/nordland\/","name":"Nordland H\u00f8yre","description":"Bare enda et H\u00f8yres nettsteder-nettsted","inLanguage":"nb-NO"}]}},"distributor_meta":false,"distributor_terms":false,"distributor_media":false,"distributor_original_site_name":"Nordland H\u00f8yre","distributor_original_site_url":"https:\/\/hoyre.no\/nordland","push-errors":false,"_links":{"self":[{"href":"https:\/\/hoyre.no\/nordland\/wp-json\/wp\/v2\/posts\/201","targetHints":{"allow":["GET"]}}],"collection":[{"href":"https:\/\/hoyre.no\/nordland\/wp-json\/wp\/v2\/posts"}],"about":[{"href":"https:\/\/hoyre.no\/nordland\/wp-json\/wp\/v2\/types\/post"}],"replies":[{"embeddable":true,"href":"https:\/\/hoyre.no\/nordland\/wp-json\/wp\/v2\/comments?post=201"}],"version-history":[{"count":0,"href":"https:\/\/hoyre.no\/nordland\/wp-json\/wp\/v2\/posts\/201\/revisions"}],"wp:attachment":[{"href":"https:\/\/hoyre.no\/nordland\/wp-json\/wp\/v2\/media?parent=201"}],"wp:term":[{"taxonomy":"category","embeddable":true,"href":"https:\/\/hoyre.no\/nordland\/wp-json\/wp\/v2\/category?post=201"},{"taxonomy":"post_tag","embeddable":true,"href":"https:\/\/hoyre.no\/nordland\/wp-json\/wp\/v2\/post_tag?post=201"},{"taxonomy":"hoyre-visibility","embeddable":true,"href":"https:\/\/hoyre.no\/nordland\/wp-json\/wp\/v2\/hoyre-visibility?post=201"},{"taxonomy":"article-type","embeddable":true,"href":"https:\/\/hoyre.no\/nordland\/wp-json\/wp\/v2\/article-type?post=201"},{"taxonomy":"politician","embeddable":true,"href":"https:\/\/hoyre.no\/nordland\/wp-json\/wp\/v2\/politician?post=201"}],"curies":[{"name":"wp","href":"https:\/\/api.w.org\/{rel}","templated":true}]}}