{"id":222,"date":"2018-05-08T22:00:00","date_gmt":"2018-05-08T20:00:00","guid":{"rendered":"https:\/\/hoyre.no\/nordland\/aktuelt\/nominasjon_til_fylkestingsvalget_2019_1\/"},"modified":"2018-05-08T22:00:00","modified_gmt":"2018-05-08T20:00:00","slug":"nominasjon_til_fylkestingsvalget_2019_1","status":"publish","type":"post","link":"https:\/\/hoyre.no\/nordland\/aktuelt\/nominasjon_til_fylkestingsvalget_2019_1\/","title":{"rendered":"Nominasjon til fylkestingsvalget 2019"},"content":{"rendered":"<p class=\"preamble\">Er du, eller vet du om noen som er en god kandidat?<\/p>\t\t\t<div class=\"post-meta wp-block teft-byline-wrapper\">\n\t\t\t\t<div class=\"top\">\n\t\t\t\t\t<div class=\"signature\">\n\t\t\t\t\t\t<div class=\"teft-byline\">\n\t\t\t\t\t\t\t\t\t\t\t\t\t\t<div>\n\t\t\t\t\t\t\t\t<h3>H\u00f8yres redaksjon<\/h3>\t\t\t\t\t\t\t\t\n\t\t\t\t\t\t\t\t\t\t\t\t\t\t\t\t\t<span class=\"date\">Sist oppdatert: 8. mai 2018<\/span>\n\t\t\t\t\t\t\t\t\t\t\t\t\t\t\t\t\t\t\t\t\t\t\t\t\t<span class=\"reading-time\" itemprop=\"timeRequired\" content=\"PT4M\"><em>Ca. 4 minutter lesetid<\/em><\/span>\n\t\t\t\t\t\t\t\t\t\t\t\t\t\t\t<\/div>\n\t\t\t\t\t\t<\/div>\n\t\t\t\t\t<\/div>\n\t\t\t\t\t\t<div class=\"sharing\">\n\t\t<a class=\"share-button share-link copy-link\" data-copy=\"https:\/\/hoyre.no\/nordland\/aktuelt\/nominasjon_til_fylkestingsvalget_2019_1\/\" target=\"_blank\"><span class=\"screen-reader-text\">Del link<\/span><\/a>\n\t\t<a class=\"share-button share-twitter\" href=\"http:\/\/twitter.com\/share?text=Nominasjon til fylkestingsvalget 2019&#038;url=https:\/\/hoyre.no\/nordland\/aktuelt\/nominasjon_til_fylkestingsvalget_2019_1\/&#038;hashtags=Hoyre\" target=\"_blank\"><span class=\"screen-reader-text\">Del p\u00e5 twitter<\/span><\/a>\n\t\t<a class=\"share-button share-facebook\" href=\"https:\/\/www.facebook.com\/sharer\/sharer.php?u=https:\/\/hoyre.no\/nordland\/aktuelt\/nominasjon_til_fylkestingsvalget_2019_1\/\" target=\"_blank\"><span class=\"screen-reader-text\">Del p\u00e5 facebook<\/span><\/a>\n\t<\/div>\n\t\t\t\t\t<\/div>\n\t\t\t<\/div>\n\n\t\t\t<figure class=\"hoyre-image-wrapper\"><div class=\"hoyre-image\"><img loading=\"lazy\" decoding=\"async\" width=\"942\" height=\"628\" src=\"https:\/\/hoyre.no\/content\/uploads\/sites\/9\/2020\/11\/fylkestingsgruppen_2-1.jpg\" class=\"attachment-scaled size-scaled\" alt=\"\" style=\"object-position: 50% 50%\" srcset=\"https:\/\/hoyre.no\/content\/uploads\/sites\/9\/2020\/11\/fylkestingsgruppen_2-1.jpg 942w, https:\/\/hoyre.no\/content\/uploads\/sites\/9\/2020\/11\/fylkestingsgruppen_2-1-300x200.jpg 300w, https:\/\/hoyre.no\/content\/uploads\/sites\/9\/2020\/11\/fylkestingsgruppen_2-1-768x512.jpg 768w\" sizes=\"auto, (max-width: 942px) 100vw, 942px\" \/><\/div><\/figure><div id=\"hoyre-old-article-content-wrapper\"><p>  Dyktige, engasjerte, reflekterte og kunnskapsrike kandidater er en forutsetning for at Nordland H\u00f8yre skal ha en sterk og klar stemme i fylkestinget. Nordland H\u00f8yre er p\u00e5 utkikk etter de rette menneskene som \u00f8nsker \u00e5 profilere partiets politikk i Nordland fylkesting i perioden 2019 \u2013 2023. Vi er p\u00e5 utkikk etter personer av alle kj\u00f8nn, i alle samfunnslag, og med alle typer erfaringer. Kort sagt oppfordrer vi alle som er interessert eller som vet om noen som kan v\u00e6re interessert om \u00e5 melde seg.<\/p><p>Det legges opp til en omfattende nominasjonsprosess hvor alle som \u00f8nsker det kan nominere kandidater til listen. I tillegg vil det gjennomf\u00f8res pr\u00f8venominasjoner i lokalforeningene, og medlemmene f\u00e5r anledning til \u00e5 gjennomf\u00f8re digital urnominasjon. <\/p><p>Pr\u00f8venominasjonen og urnominasjonen er begge r\u00e5dgivende for nominasjonskomiteen. I forkant av urnominasjonen og pr\u00f8venominasjonen vil kandidatpresentasjoner av kandidatene som lar seg nominere offentliggj\u00f8res. Retningslinjene for urnominasjon, og pr\u00f8venominasjon vil offentliggj\u00f8res i forbindelse om gjennomf\u00f8ringen.<\/p><p>Nominasjonsm\u00f8tet er berammet til 3. -4. november 2018 i Bod\u00f8.<\/p><p><b>Nominasjonskomiteen best\u00e5r av:<\/b><\/p><p>Leder: Christine Trones, <a href=\"mailto:Christine.Trones@hemnes.kommune.no\">Christine.Trones@hemnes.kommune.no<\/a>, 47679230<br \/> Nestleder: Tore Nys\u00e6ter, <a href=\"mailto:tore.nysaeter@narvik.kommune.no\">tore.nysaeter@narvik.kommune.no<\/a>, 95985431<br \/> Medlem: Christine Klippenv\u00e5g Nordg\u00e5rd, <a href=\"mailto:christinekn@icloud.com\">christinekn@icloud.com<\/a>, 91642348<br \/> Medlem: Turid Willumstad,  <a href=\"mailto:turid.willumstad@sbnett.no\">turid.willumstad@sbnett.no<\/a>, 47275894<br \/> Medlem: Roar Wessel-Olsen, <a href=\"mailto:onkelwessel@hotmail.com\">onkelwessel@hotmail.com<\/a>, 40230041<br \/> Medlem: Solveig Svendsen, <a href=\"mailto:solveigsvendsen61@gmail.com\">solveigsvendsen61@gmail.com<\/a>, 90064984<br \/> Medlem UH: Mathias Lauritzen,  <a href=\"mailto:mathlau1993@gmail.com\">mathlau1993@gmail.com<\/a>, 96227444<\/p><p><b>Sittende representanter i fylkestingsgruppen har gitt f\u00f8lgende svar til nominasjonskomiteen p\u00e5 hvorvidt de \u00f8nsker gjenvalg eller ikke:  <\/b><\/p><p><strong>F\u00f8lgende representanter \u00f8nsker re-nominasjon:<\/strong><\/p><p>Beate B\u00f8 Nilsen<br \/>Vidar Iversen<br \/>Kjell Zahl<br \/>Stian Hiis Berg<br \/>Marius Hansen<br \/>Joakim Sennesvik<br \/>Marianne Kvensj\u00f8<br \/>Kai Henriksen<br \/>Elisabeth \u00c5sjord Sire<br \/>Stig Tore Skogsholm <\/p><p><strong>F\u00f8lgende representanter \u00f8nsker ikke re-nominasjon:<\/strong><\/p><p>Turid Willumstad<br \/>Bente Anita Sol\u00e5s<br \/>Daniel Bjarmann Simonsen.   <\/p><p><strong>Ikkesvart <\/strong><\/p><p>Katrine Laukholm <\/p><p><b><a href=\"https:\/\/hoyreinordnorge.wufoo.eu\/forms\/za5derv1nu2tqo\/\">Her kan du foresl\u00e5 kandidater til Nordland H\u00f8yresfylkestingsliste. <\/a><\/b><\/p><p>Sp\u00f8rsm\u00e5l og innspill kan ogs\u00e5 gis direkte til nominasjonskomiteens leder Christine Trones p\u00e5 mobil:  47679230, eller e-post: <a href=\"mailto:Christine.Trones@hemnes.kommune.no\">Christine.Trones@hemnes.kommune.no<\/a>.<\/p><p><br \/><\/p><p><b>Nordland H\u00f8yres nominasjonsprosess:<\/b><\/p><table border=\"0\" cellspacing=\"0\" cellpadding=\"0\"><tbody><tr><td width=\"70\" valign=\"top\"><p>Dato<\/p><\/td><td width=\"52\" valign=\"top\"><p>Tid<\/p><\/td><td width=\"46\" valign=\"top\"><p>Sted<\/p><\/td><td width=\"223\" valign=\"top\"><p>Sak<\/p><\/td><td width=\"93\" valign=\"top\"><p>Frist<\/p><\/td><td width=\"136\" valign=\"top\"><p>Ansvar<\/p><\/td><\/tr><tr><td width=\"70\" valign=\"top\"><p>Mai<\/p><\/td><td width=\"52\" valign=\"top\"><p><\/p><\/td><td width=\"46\" valign=\"top\"><p><\/p><\/td><td width=\"223\" valign=\"top\"><p>Konstituerende m\u00f8te for komiteen: <\/p><p>Dato for nominasjonsm\u00f8te.<\/p><p>Dato tidlig nominasjon av 1. kandidat?<\/p><p><\/p><p>Datoplan for nominasjonsprosessen offentliggj\u00f8res.<\/p><\/td><td width=\"93\" valign=\"top\"><p>14 dager etter at komiteen er utnevnt<\/p><\/td><td width=\"136\" valign=\"top\"><p>Nominasjonskomiteen<\/p><p><\/p><p><\/p><p><\/p><p><\/p><p>HNNK<\/p><\/td><\/tr><tr><td width=\"70\" valign=\"top\"><p>Mai<\/p><\/td><td width=\"52\" valign=\"top\"><p><\/p><\/td><td width=\"46\" valign=\"top\"><p><\/p><\/td><td width=\"223\" valign=\"top\"><p>Sittende representanter og vararep tilskrives med sp\u00f8rsm\u00e5l om de \u00f8nsker gjenvalg: <\/p><p>&#8211; Rett etter konstituerende m\u00f8te<\/p><p>&#8211; Svar bekjentgj\u00f8res p\u00e5 nettsiden<\/p><\/td><td width=\"93\" valign=\"top\"><p>Min 14 dagers svarfrist<\/p><\/td><td width=\"136\" valign=\"top\"><p>Leder av nominasjonskomiteen<\/p><p><\/p><p><\/p><p>HNNK<\/p><\/td><\/tr><tr><td width=\"70\" valign=\"top\"><p>Mai<\/p><\/td><td width=\"52\" valign=\"top\"><p><\/p><\/td><td width=\"46\" valign=\"top\"><p><\/p><\/td><td width=\"223\" valign=\"top\"><p>Sende ut elektronisk brev til alle medlemmer med oppfordring til \u00e5 komme med navneforslag til listen.<\/p><\/td><td width=\"93\" valign=\"top\"><p><\/p><\/td><td width=\"136\" valign=\"top\"><p>Leder av nominasjonskomiteen<\/p><p>\/ HNNK<\/p><\/td><\/tr><tr><td width=\"70\" valign=\"top\"><p>Mai<\/p><\/td><td width=\"52\" valign=\"top\"><p><\/p><\/td><td width=\"46\" valign=\"top\"><p><\/p><\/td><td width=\"223\" valign=\"top\"><p>Offentlig oppfordring om \u00e5 komme med navneforslag til listen via nettsider.<\/p><\/td><td width=\"93\" valign=\"top\"><p><\/p><\/td><td width=\"136\" valign=\"top\"><p>Leder av nominasjonskomiteen<\/p><p>\/ HNNK<\/p><\/td><\/tr><tr><td width=\"70\" valign=\"top\"><p>Mai-Okt<\/p><\/td><td width=\"52\" valign=\"top\"><p><\/p><\/td><td width=\"46\" valign=\"top\"><p><\/p><\/td><td width=\"223\" valign=\"top\"><p>Nominasjonskomiteen arbeider selv frem forslag p\u00e5 aktuelle kandidater.<\/p><\/td><td width=\"93\" valign=\"top\"><p><\/p><\/td><td width=\"136\" valign=\"top\"><p>Leder av nominasjonskomiteen<\/p><\/td><\/tr><tr><td width=\"70\" valign=\"top\"><p>Juli<\/p><\/td><td width=\"52\" valign=\"top\"><p><\/p><\/td><td width=\"46\" valign=\"top\"><p><\/p><\/td><td width=\"223\" valign=\"top\"><p>Aktuelle kandidater fyller ut kandidatpresentasjon <\/p><\/td><td width=\"93\" valign=\"top\"><p><\/p><\/td><td width=\"136\" valign=\"top\"><p>Den enkelte kandidat<\/p><\/td><\/tr><tr><td width=\"70\" valign=\"top\"><p>August-sept<\/p><\/td><td width=\"52\" valign=\"top\"><p><\/p><\/td><td width=\"46\" valign=\"top\"><p><\/p><\/td><td width=\"223\" valign=\"top\"><p>Pr\u00f8venominasjon <\/p><\/td><td width=\"93\" valign=\"top\"><p><\/p><\/td><td width=\"136\" valign=\"top\"><p>Lokalforeningene<\/p><\/td><\/tr><tr><td width=\"70\" valign=\"top\"><p>September <\/p><\/td><td width=\"52\" valign=\"top\"><p><\/p><\/td><td width=\"46\" valign=\"top\"><p><\/p><\/td><td width=\"223\" valign=\"top\"><p>Urnominasjon- resultatene offentliggj\u00f8res etter pr\u00f8venominasjonen er avsluttet<\/p><\/td><td width=\"93\" valign=\"top\"><p><\/p><\/td><td width=\"136\" valign=\"top\"><p>Leder av nominasjonskomiteen\/ HNNK<\/p><\/td><\/tr><tr><td width=\"70\" valign=\"top\"><p>Sept-okt<\/p><\/td><td width=\"52\" valign=\"top\"><p><\/p><\/td><td width=\"46\" valign=\"top\"><p><\/p><\/td><td width=\"223\" valign=\"top\"><p>Avklarer med foresl\u00e5tte personer om de \u00f8nsker \u00e5 v\u00e6re kandidater. <\/p><\/td><td width=\"93\" valign=\"top\"><p><\/p><\/td><td width=\"136\" valign=\"top\"><p>Leder av nominasjonskomiteen<\/p><\/td><\/tr><tr><td width=\"70\" valign=\"top\"><p>Sept-okt<\/p><\/td><td width=\"52\" valign=\"top\"><p><\/p><\/td><td width=\"46\" valign=\"top\"><p><\/p><\/td><td width=\"223\" valign=\"top\"><p>Intervjuer med aktuelle kandidater gjennomf\u00f8res. <\/p><\/td><td width=\"93\" valign=\"top\"><p><\/p><\/td><td width=\"136\" valign=\"top\"><p>Leder av nominasjonskomiteen<\/p><\/td><\/tr><tr><td width=\"70\" valign=\"top\"><p>Oktober <\/p><\/td><td width=\"52\" valign=\"top\"><p><\/p><\/td><td width=\"46\" valign=\"top\"><p><\/p><\/td><td width=\"223\" valign=\"top\"><p>Innkalling, tid og sted for nominasjonsm\u00f8te.<\/p><p>Sendes delegater p\u00e5 e-post og offentliggj\u00f8res p\u00e5 nettsider.<\/p><\/td><td width=\"93\" valign=\"top\"><p><\/p><\/td><td width=\"136\" valign=\"top\"><p>Leder av nominasjonskomiteen<\/p><p>\/ HNNK<\/p><\/td><\/tr><tr><td width=\"70\" valign=\"top\"><p>Oktober<\/p><\/td><td width=\"52\" valign=\"top\"><p><\/p><\/td><td width=\"46\" valign=\"top\"><p><\/p><\/td><td width=\"223\" valign=\"top\"><p>Endelig prioritert liste offentliggj\u00f8res senest 14 dager f\u00f8r nominasjonsm\u00f8tet:<\/p><p>Legges ut p\u00e5 nettsider og og sendes til listekandidatene og medlemmene<\/p><\/td><td width=\"93\" valign=\"top\"><p><\/p><\/td><td width=\"136\" valign=\"top\"><p>Leder av nominasjonskomiteen<\/p><p><\/p><p><\/p><p>HNNK<\/p><\/td><\/tr><tr><td width=\"70\" valign=\"top\"><p>Oktober<\/p><\/td><td width=\"52\" valign=\"top\"><p><\/p><\/td><td width=\"46\" valign=\"top\"><p><\/p><\/td><td width=\"223\" valign=\"top\"><p>Alle kandidater undertegner kandidatavtale.<\/p><\/td><td width=\"93\" valign=\"top\"><p>F\u00f8r nom.m\u00f8te. <\/p><\/td><td width=\"136\" valign=\"top\"><p>Leder av nominasjonskomiteen<\/p><\/td><\/tr><tr><td width=\"70\" valign=\"top\"><p>November<\/p><\/td><td width=\"52\" valign=\"top\"><p><\/p><\/td><td width=\"46\" valign=\"top\"><p><\/p><\/td><td width=\"223\" valign=\"top\"><p>Nominasjonsm\u00f8tet gjennomf\u00f8res senest innen 1. desember<\/p><\/td><td width=\"93\" valign=\"top\"><p><\/p><\/td><td width=\"136\" valign=\"top\"><p>Fylkesstyret\/HNNK<\/p><\/td><\/tr><tr><td width=\"70\" valign=\"top\"><p>Mars<\/p><\/td><td width=\"52\" valign=\"top\"><p><\/p><\/td><td width=\"46\" valign=\"top\"><p><\/p><\/td><td width=\"223\" valign=\"top\"><p>Tillitsvalgte for listen s\u00f8rger for at den blir innlevert, stemplet og godkjent av fylkesvalgstyret innen fristen!<\/p><\/td><td width=\"93\" valign=\"top\"><p>1. mars 2019<\/p><\/td><td width=\"136\" valign=\"top\"><p>Tillitsvalgte\/HNNK<\/p><\/td><\/tr><\/tbody><\/table><p><br \/><\/p><\/div>\n<div class=\"tags\">\n\t<\/div>\n<div class=\"post-footer alignfull has-background block-editor-block-list__block\" data-align=full>\n\t<div class=\"post-footer-inner\">\n\t\t<h3>Relaterte artikler<\/h3>\n\t\t<div class=\"related-content\"><div class=\"is-card-hoyre\">\n\t<div class=\"teft-card hoyre-teft-card post-teft-card\">\n\t\t<a href=\"https:\/\/hoyre.no\/nordland\/aktuelt\/vi-onsker-dine-innspill\/\" class=\"teft-card__primary-action\">\n\n\t\t\t\t\t<div class=\"teft-card__media teft-card__media--16-9\">\n\t\t\t\t\t\t<img loading=\"lazy\" decoding=\"async\" width=\"768\" height=\"402\" src=\"https:\/\/hoyre.no\/content\/uploads\/sites\/9\/2026\/04\/Dokument-uten-navn-09.02.2026-1-1536x804-1-768x402.png\" class=\"attachment-medium_large size-medium_large\" alt=\"\" srcset=\"https:\/\/hoyre.no\/content\/uploads\/sites\/9\/2026\/04\/Dokument-uten-navn-09.02.2026-1-1536x804-1-768x402.png 768w, https:\/\/hoyre.no\/content\/uploads\/sites\/9\/2026\/04\/Dokument-uten-navn-09.02.2026-1-1536x804-1-300x157.png 300w, https:\/\/hoyre.no\/content\/uploads\/sites\/9\/2026\/04\/Dokument-uten-navn-09.02.2026-1-1536x804-1-1024x536.png 1024w, https:\/\/hoyre.no\/content\/uploads\/sites\/9\/2026\/04\/Dokument-uten-navn-09.02.2026-1-1536x804-1.png 1536w\" sizes=\"auto, (max-width: 768px) 100vw, 768px\" \/>\t\t<\/div>\n\t\t\n\t\t\t<div class=\"teft-card__content-wrapper\">\n\t\t\t\t<div class=\"teft-card__secondary\">\n\t\t\t\t\t\n\t\t\t\t\t\t\t\t<div class=\"teft-card__meta\">\n\t\t\t\t\t\t\t\t\t<span class=\"post-date\">15. apr 2026<\/span>\n\n\t\t\t\t\t\t\t\t\t<span class=\"post-category\">Nominasjonsprosess 2027\/2031<\/span>\t\t\t\t\t\t\t\t<\/div>\n\t\t\t\t\t\t\t\t\t\t\t<\/div>\n\n\t\t\t\t<div class=\"teft-card__primary\">\n\t\t\t\t\t<h2 class=\"teft-card__title\">Vi \u00f8nsker dine innspill!&nbsp;<span class=\"teft-card__primary-title-append\"><\/span><\/h2>\t\t\t\t<\/div>\n\t\t\t<\/div>\n\t\t<\/a>\n\t<\/div>\n\n\t<\/div><div class=\"is-card-hoyre\">\n\t<div class=\"teft-card hoyre-teft-card post-teft-card\">\n\t\t<a href=\"https:\/\/hoyre.no\/nordland\/aktuelt\/sjomatnaeringen-og-prosessindustrien\/\" class=\"teft-card__primary-action\">\n\n\t\t\t<div class=\"teft-card__media teft-card__media--16-9 no-image\"><\/div>\n\t\t\t<div class=\"teft-card__content-wrapper\">\n\t\t\t\t<div class=\"teft-card__secondary\">\n\t\t\t\t\t\n\t\t\t\t\t\t\t\t<div class=\"teft-card__meta\">\n\t\t\t\t\t\t\t\t\t<span class=\"post-date\">20. nov 2025<\/span>\n\n\t\t\t\t\t\t\t\t\t<span class=\"post-category\">Fylkes\u00e5rsm\u00f8te 2025<\/span>\t\t\t\t\t\t\t\t<\/div>\n\t\t\t\t\t\t\t\t\t\t\t<\/div>\n\n\t\t\t\t<div class=\"teft-card__primary\">\n\t\t\t\t\t<h2 class=\"teft-card__title\">Sj\u00f8matn\u00e6ringen og prosessindustrien&nbsp;<span class=\"teft-card__primary-title-append\"><\/span><\/h2>\t\t\t\t<\/div>\n\t\t\t<\/div>\n\t\t<\/a>\n\t<\/div>\n\n\t<\/div><div class=\"is-card-hoyre\">\n\t<div class=\"teft-card hoyre-teft-card post-teft-card\">\n\t\t<a href=\"https:\/\/hoyre.no\/nordland\/aktuelt\/okt-satsning-pa-havforskning\/\" class=\"teft-card__primary-action\">\n\n\t\t\t<div class=\"teft-card__media teft-card__media--16-9 no-image\"><\/div>\n\t\t\t<div class=\"teft-card__content-wrapper\">\n\t\t\t\t<div class=\"teft-card__secondary\">\n\t\t\t\t\t\n\t\t\t\t\t\t\t\t<div class=\"teft-card__meta\">\n\t\t\t\t\t\t\t\t\t<span class=\"post-date\">20. nov 2025<\/span>\n\n\t\t\t\t\t\t\t\t\t<span class=\"post-category\">Fylkes\u00e5rsm\u00f8te 2025<\/span>\t\t\t\t\t\t\t\t<\/div>\n\t\t\t\t\t\t\t\t\t\t\t<\/div>\n\n\t\t\t\t<div class=\"teft-card__primary\">\n\t\t\t\t\t<h2 class=\"teft-card__title\">\u00d8kt satsning p\u00e5 havforskning&nbsp;<span class=\"teft-card__primary-title-append\"><\/span><\/h2>\t\t\t\t<\/div>\n\t\t\t<\/div>\n\t\t<\/a>\n\t<\/div>\n\n\t<\/div><\/div>\t<\/div>\n<\/div>\n","protected":false},"excerpt":{"rendered":"","protected":false},"author":0,"featured_media":0,"comment_status":"closed","ping_status":"closed","sticky":false,"template":"","format":"standard","meta":{"teft_cards_image_url":"https:\/\/hoyre.no\/content\/uploads\/sites\/9\/2020\/11\/fylkestingsgruppen_2-1.jpg","teft_cards_custom_pretitle":"","teft_cards_image_id":221,"teft_cards_image_focal_point_x":0,"teft_cards_image_focal_point_y":0,"teft_cards_title":"","teft_cards_excerpt":"","teft_show_chapters":false,"author_display_name":"","footnotes":""},"category":[1],"post_tag":[],"hoyre-visibility":[],"article-type":[],"politician":[],"class_list":["post-222","post","type-post","status-publish","format-standard","hentry","category-ukategorisert"],"yoast_head":"<!-- This site is optimized with the Yoast SEO plugin v26.6 - https:\/\/yoast.com\/wordpress\/plugins\/seo\/ -->\n<title>Nominasjon til fylkestingsvalget 2019 - Nordland H\u00f8yre<\/title>\n<meta name=\"robots\" content=\"index, follow, max-snippet:-1, max-image-preview:large, max-video-preview:-1\" \/>\n<link rel=\"canonical\" href=\"https:\/\/hoyre.no\/nordland\/aktuelt\/nominasjon_til_fylkestingsvalget_2019_1\/\" \/>\n<meta property=\"og:locale\" content=\"nb_NO\" \/>\n<meta property=\"og:type\" content=\"article\" \/>\n<meta property=\"og:title\" content=\"Nominasjon til fylkestingsvalget 2019 - Nordland H\u00f8yre\" \/>\n<meta property=\"og:url\" content=\"https:\/\/hoyre.no\/nordland\/aktuelt\/nominasjon_til_fylkestingsvalget_2019_1\/\" \/>\n<meta property=\"og:site_name\" content=\"Nordland H\u00f8yre\" \/>\n<meta property=\"article:published_time\" content=\"2018-05-08T20:00:00+00:00\" \/>\n<meta property=\"og:image\" content=\"https:\/\/hoyre.no\/content\/uploads\/sites\/9\/2022\/11\/Hoyres-logo.png\" \/>\n\t<meta property=\"og:image:width\" content=\"1000\" \/>\n\t<meta property=\"og:image:height\" content=\"1000\" \/>\n\t<meta property=\"og:image:type\" content=\"image\/png\" \/>\n<meta name=\"twitter:card\" content=\"summary_large_image\" \/>\n<meta name=\"twitter:label1\" content=\"Ansl. lesetid\" \/>\n\t<meta name=\"twitter:data1\" content=\"3 minutter\" \/>\n<script type=\"application\/ld+json\" class=\"yoast-schema-graph\">{\"@context\":\"https:\/\/schema.org\",\"@graph\":[{\"@type\":\"NewsArticle\",\"@id\":\"https:\/\/hoyre.no\/nordland\/aktuelt\/nominasjon_til_fylkestingsvalget_2019_1\/\",\"url\":\"https:\/\/hoyre.no\/nordland\/aktuelt\/nominasjon_til_fylkestingsvalget_2019_1\/\",\"name\":\"Nominasjon til fylkestingsvalget 2019 - Nordland H\u00f8yre\",\"isPartOf\":{\"@id\":\"https:\/\/hoyre.no\/nordland\/#website\"},\"datePublished\":\"2018-05-08T20:00:00+00:00\",\"author\":{\"@id\":\"\"},\"breadcrumb\":{\"@id\":\"https:\/\/hoyre.no\/nordland\/aktuelt\/nominasjon_til_fylkestingsvalget_2019_1\/#breadcrumb\"},\"inLanguage\":\"nb-NO\",\"potentialAction\":[{\"@type\":\"ReadAction\",\"target\":[\"https:\/\/hoyre.no\/nordland\/aktuelt\/nominasjon_til_fylkestingsvalget_2019_1\/\"]}]},{\"@type\":\"BreadcrumbList\",\"@id\":\"https:\/\/hoyre.no\/nordland\/aktuelt\/nominasjon_til_fylkestingsvalget_2019_1\/#breadcrumb\",\"itemListElement\":[{\"@type\":\"ListItem\",\"position\":1,\"name\":\"Til hoyre.no\",\"item\":\"https:\/\/hoyre.no\"},{\"@type\":\"ListItem\",\"position\":2,\"name\":\"Hjem\",\"item\":\"https:\/\/hoyre.no\/nordland\/\"},{\"@type\":\"ListItem\",\"position\":3,\"name\":\"Nominasjon til fylkestingsvalget 2019\"}]},{\"@type\":\"WebSite\",\"@id\":\"https:\/\/hoyre.no\/nordland\/#website\",\"url\":\"https:\/\/hoyre.no\/nordland\/\",\"name\":\"Nordland H\u00f8yre\",\"description\":\"Bare enda et H\u00f8yres nettsteder-nettsted\",\"inLanguage\":\"nb-NO\"}]}<\/script>\n<!-- \/ Yoast SEO plugin. -->","yoast_head_json":{"title":"Nominasjon til fylkestingsvalget 2019 - Nordland H\u00f8yre","robots":{"index":"index","follow":"follow","max-snippet":"max-snippet:-1","max-image-preview":"max-image-preview:large","max-video-preview":"max-video-preview:-1"},"canonical":"https:\/\/hoyre.no\/nordland\/aktuelt\/nominasjon_til_fylkestingsvalget_2019_1\/","og_locale":"nb_NO","og_type":"article","og_title":"Nominasjon til fylkestingsvalget 2019 - Nordland H\u00f8yre","og_url":"https:\/\/hoyre.no\/nordland\/aktuelt\/nominasjon_til_fylkestingsvalget_2019_1\/","og_site_name":"Nordland H\u00f8yre","article_published_time":"2018-05-08T20:00:00+00:00","og_image":[{"width":1000,"height":1000,"url":"https:\/\/hoyre.no\/content\/uploads\/sites\/9\/2022\/11\/Hoyres-logo.png","type":"image\/png"}],"twitter_card":"summary_large_image","twitter_misc":{"Ansl. lesetid":"3 minutter"},"schema":{"@context":"https:\/\/schema.org","@graph":[{"@type":"NewsArticle","@id":"https:\/\/hoyre.no\/nordland\/aktuelt\/nominasjon_til_fylkestingsvalget_2019_1\/","url":"https:\/\/hoyre.no\/nordland\/aktuelt\/nominasjon_til_fylkestingsvalget_2019_1\/","name":"Nominasjon til fylkestingsvalget 2019 - Nordland H\u00f8yre","isPartOf":{"@id":"https:\/\/hoyre.no\/nordland\/#website"},"datePublished":"2018-05-08T20:00:00+00:00","author":{"@id":""},"breadcrumb":{"@id":"https:\/\/hoyre.no\/nordland\/aktuelt\/nominasjon_til_fylkestingsvalget_2019_1\/#breadcrumb"},"inLanguage":"nb-NO","potentialAction":[{"@type":"ReadAction","target":["https:\/\/hoyre.no\/nordland\/aktuelt\/nominasjon_til_fylkestingsvalget_2019_1\/"]}]},{"@type":"BreadcrumbList","@id":"https:\/\/hoyre.no\/nordland\/aktuelt\/nominasjon_til_fylkestingsvalget_2019_1\/#breadcrumb","itemListElement":[{"@type":"ListItem","position":1,"name":"Til hoyre.no","item":"https:\/\/hoyre.no"},{"@type":"ListItem","position":2,"name":"Hjem","item":"https:\/\/hoyre.no\/nordland\/"},{"@type":"ListItem","position":3,"name":"Nominasjon til fylkestingsvalget 2019"}]},{"@type":"WebSite","@id":"https:\/\/hoyre.no\/nordland\/#website","url":"https:\/\/hoyre.no\/nordland\/","name":"Nordland H\u00f8yre","description":"Bare enda et H\u00f8yres nettsteder-nettsted","inLanguage":"nb-NO"}]}},"distributor_meta":false,"distributor_terms":false,"distributor_media":false,"distributor_original_site_name":"Nordland H\u00f8yre","distributor_original_site_url":"https:\/\/hoyre.no\/nordland","push-errors":false,"_links":{"self":[{"href":"https:\/\/hoyre.no\/nordland\/wp-json\/wp\/v2\/posts\/222","targetHints":{"allow":["GET"]}}],"collection":[{"href":"https:\/\/hoyre.no\/nordland\/wp-json\/wp\/v2\/posts"}],"about":[{"href":"https:\/\/hoyre.no\/nordland\/wp-json\/wp\/v2\/types\/post"}],"replies":[{"embeddable":true,"href":"https:\/\/hoyre.no\/nordland\/wp-json\/wp\/v2\/comments?post=222"}],"version-history":[{"count":0,"href":"https:\/\/hoyre.no\/nordland\/wp-json\/wp\/v2\/posts\/222\/revisions"}],"wp:attachment":[{"href":"https:\/\/hoyre.no\/nordland\/wp-json\/wp\/v2\/media?parent=222"}],"wp:term":[{"taxonomy":"category","embeddable":true,"href":"https:\/\/hoyre.no\/nordland\/wp-json\/wp\/v2\/category?post=222"},{"taxonomy":"post_tag","embeddable":true,"href":"https:\/\/hoyre.no\/nordland\/wp-json\/wp\/v2\/post_tag?post=222"},{"taxonomy":"hoyre-visibility","embeddable":true,"href":"https:\/\/hoyre.no\/nordland\/wp-json\/wp\/v2\/hoyre-visibility?post=222"},{"taxonomy":"article-type","embeddable":true,"href":"https:\/\/hoyre.no\/nordland\/wp-json\/wp\/v2\/article-type?post=222"},{"taxonomy":"politician","embeddable":true,"href":"https:\/\/hoyre.no\/nordland\/wp-json\/wp\/v2\/politician?post=222"}],"curies":[{"name":"wp","href":"https:\/\/api.w.org\/{rel}","templated":true}]}}