{"id":2455,"date":"2026-08-31T05:23:18","date_gmt":"2026-08-31T03:23:18","guid":{"rendered":"https:\/\/hoyre.no\/nordland\/?p=2455"},"modified":"2026-08-31T05:37:12","modified_gmt":"2026-08-31T03:37:12","slug":"nordland-hoyres-alfabetiske-liste-over-valgvillige-kandidater-til-fylkestingsvalget-2027","status":"publish","type":"post","link":"https:\/\/hoyre.no\/nordland\/aktuelt\/nordland-hoyres-alfabetiske-liste-over-valgvillige-kandidater-til-fylkestingsvalget-2027\/","title":{"rendered":"Nordland H\u00f8yres alfabetiske liste over valgvillige kandidater til Fylkestingsvalget 2027"},"content":{"rendered":"\n<p class=\"preamble\">Under finner du en alfabetisk oversikt over foresl\u00e5tte, valgvillige kandidater til Nordland H\u00f8yres fylkestingsvalgliste for perioden 2027-2031.<\/p>\t\t\t<div class=\"post-meta wp-block teft-byline-wrapper\">\n\t\t\t\t<div class=\"top\">\n\t\t\t\t\t<div class=\"signature\">\n\t\t\t\t\t\t<div class=\"teft-byline\">\n\t\t\t\t\t\t\t\t\t\t\t\t\t\t<div>\n\t\t\t\t\t\t\t\t<h3>H\u00f8yres redaksjon<\/h3>\t\t\t\t\t\t\t\t\n\t\t\t\t\t\t\t\t\t\t\t\t\t\t\t\t\t<span class=\"date\">Sist oppdatert: 31. august 2026<\/span>\n\t\t\t\t\t\t\t\t\t\t\t\t\t\t\t\t\t\t\t\t\t\t\t\t\t<span class=\"reading-time\" itemprop=\"timeRequired\" content=\"PT1M\"><em>Ca. 1 minutter lesetid<\/em><\/span>\n\t\t\t\t\t\t\t\t\t\t\t\t\t\t\t<\/div>\n\t\t\t\t\t\t<\/div>\n\t\t\t\t\t<\/div>\n\t\t\t\t\t\t<div class=\"sharing\">\n\t\t<a class=\"share-button share-link copy-link\" data-copy=\"https:\/\/hoyre.no\/nordland\/aktuelt\/nordland-hoyres-alfabetiske-liste-over-valgvillige-kandidater-til-fylkestingsvalget-2027\/\" target=\"_blank\"><span class=\"screen-reader-text\">Del link<\/span><\/a>\n\t\t<a class=\"share-button share-twitter\" href=\"http:\/\/twitter.com\/share?text=Nordland H\u00f8yres alfabetiske liste over valgvillige kandidater til Fylkestingsvalget 2027&#038;url=https:\/\/hoyre.no\/nordland\/aktuelt\/nordland-hoyres-alfabetiske-liste-over-valgvillige-kandidater-til-fylkestingsvalget-2027\/&#038;hashtags=Hoyre\" target=\"_blank\"><span class=\"screen-reader-text\">Del p\u00e5 twitter<\/span><\/a>\n\t\t<a class=\"share-button share-facebook\" href=\"https:\/\/www.facebook.com\/sharer\/sharer.php?u=https:\/\/hoyre.no\/nordland\/aktuelt\/nordland-hoyres-alfabetiske-liste-over-valgvillige-kandidater-til-fylkestingsvalget-2027\/\" target=\"_blank\"><span class=\"screen-reader-text\">Del p\u00e5 facebook<\/span><\/a>\n\t<\/div>\n\t\t\t\t\t<\/div>\n\t\t\t<\/div>\n\n\t\t\t<figure class=\"hoyre-image-wrapper\"><div class=\"hoyre-image\"><img loading=\"lazy\" decoding=\"async\" width=\"2048\" height=\"1153\" src=\"https:\/\/hoyre.no\/content\/uploads\/sites\/9\/2024\/09\/urnomn.jpg\" class=\"attachment-scaled size-scaled\" alt=\"\" style=\"object-position: 50% 50%\" srcset=\"https:\/\/hoyre.no\/content\/uploads\/sites\/9\/2024\/09\/urnomn.jpg 2048w, https:\/\/hoyre.no\/content\/uploads\/sites\/9\/2024\/09\/urnomn-300x169.jpg 300w, https:\/\/hoyre.no\/content\/uploads\/sites\/9\/2024\/09\/urnomn-1024x577.jpg 1024w, https:\/\/hoyre.no\/content\/uploads\/sites\/9\/2024\/09\/urnomn-768x432.jpg 768w, https:\/\/hoyre.no\/content\/uploads\/sites\/9\/2024\/09\/urnomn-1536x865.jpg 1536w\" sizes=\"auto, (max-width: 2048px) 100vw, 2048px\" \/><\/div><\/figure>\n\n\n\n\n<h4 class=\"wp-block-heading\">Nordland H\u00f8yres fylkestingsvalgliste 2027-2031<\/h4>\n\n\n\n<p class=\"wp-block-paragraph\">Nedenfor f\u00f8lger en alfabetisk navneliste over valgvillige kandidater til Nordland H\u00f8yres fylkestingsvalgliste 2027-2031.<\/p>\n\n\n\n<p class=\"wp-block-paragraph\">Som medlem i H\u00f8yre kan du v\u00e6re med og bestemme hvem som skal representere H\u00f8yre i ditt valgdistrikt ved \u00e5 delta i medlemmenes r\u00e5dgivende urnominasjon&nbsp;og p\u00e5 et r\u00e5dgivende pr\u00f8venominasjonsm\u00f8te i din forening \u2013 les mer&nbsp;om nominasjonsprosessen og datoplan <strong><a href=\"https:\/\/hoyre.no\/nordland\/2254-2\/\" data-type=\"link\" data-id=\"https:\/\/hoyre.no\/nordland\/2254-2\/\">her<\/a><\/strong>. <\/p>\n\n\n\n<h4 class=\"wp-block-heading\"><strong>Valgvillige kandidater i alfabetisk rekkef\u00f8lge<\/strong><\/h4>\n\n\n\n<figure class=\"wp-block-table\"><table class=\"has-fixed-layout\"><thead><tr><th><strong>Fornavn<\/strong><\/th><th><strong>Etternavn<\/strong><\/th><th><strong>Kommune\/forening<\/strong><\/th><th><strong>F\u00f8dsels\u00e5r<\/strong><\/th><\/tr><\/thead><tbody><tr><td>Anita<\/td><td>Sollie<\/td><td>Rana<\/td><td>1965<\/td><\/tr><tr><td>Beate<\/td><td>B\u00f8 Nilsen<\/td><td>Sortland<\/td><td>1965<\/td><\/tr><tr><td>Bodil<\/td><td>Bj\u00f8rnaali Brattli<\/td><td>Bod\u00f8<\/td><td>1957<\/td><\/tr><tr><td>Einar<\/td><td>Benjaminsen<\/td><td>Flakstad<\/td><td>1982<\/td><\/tr><tr><td>Eivind<\/td><td>Holst<\/td><td>V\u00e5gan<\/td><td>1970<\/td><\/tr><tr><td>Eli-Janne<\/td><td>Larsen<\/td><td>V\u00e5gan<\/td><td>1970<\/td><\/tr><tr><td>Ella<\/td><td>\u00c5land<\/td><td>Vestv\u00e5g\u00f8y<\/td><td>2005<\/td><\/tr><tr><td>Espen<\/td><td>Viklem Eidum<\/td><td>Narvik<\/td><td>1965<\/td><\/tr><tr><td>Hans Petter<\/td><td>Horsgaard<\/td><td>Bod\u00f8<\/td><td>1973<\/td><\/tr><tr><td>Isabella Emilie<\/td><td>Pigini Storli<\/td><td>Bod\u00f8<\/td><td>2001<\/td><\/tr><tr><td>Jarle<\/td><td>Vang<\/td><td>Alstahaug<\/td><td><\/td><\/tr><tr><td>Jesper<\/td><td>Ovesen<\/td><td>\u00d8ksnes<\/td><td>2007<\/td><\/tr><tr><td>Jim<\/td><td>Simonsen Jenssen<\/td><td>Bod\u00f8<\/td><td>1995<\/td><\/tr><tr><td>Joachim<\/td><td>Hjart\u00f8y<\/td><td>Rana<\/td><td>1988<\/td><\/tr><tr><td>Joakim<\/td><td>Sennesvik<\/td><td>Bod\u00f8<\/td><td>1992<\/td><\/tr><tr><td>John Arne<\/td><td>Warholm<\/td><td>Br\u00f8nn\u00f8y<\/td><td>1953<\/td><\/tr><tr><td>Jonny<\/td><td>Finstad<\/td><td>Vestv\u00e5g\u00f8y<\/td><td>1966<\/td><\/tr><tr><td>Kristian<\/td><td>Dahl-Johansen<\/td><td>Vestv\u00e5g\u00f8y<\/td><td>1988<\/td><\/tr><tr><td>Lars Filip<\/td><td>Paulsen<\/td><td>Hamar\u00f8y<\/td><td>1979<\/td><\/tr><tr><td>Malin<\/td><td>Lynghaug<\/td><td>Vefsn<\/td><td>1990<\/td><\/tr><tr><td>Mari<\/td><td>Pr\u00e6steng<\/td><td>Rana<\/td><td>1973<\/td><\/tr><tr><td>Marianne<\/td><td>Dobak Kvensj\u00f8<\/td><td>Narvik<\/td><td>1980<\/td><\/tr><tr><td>Odd<\/td><td>Langvatn<\/td><td>Vefsn<\/td><td>1963<\/td><\/tr><tr><td>Reidar<\/td><td>Krogstad<\/td><td>Narvik<\/td><td>1983<\/td><\/tr><tr><td>Sandra Lorenze<\/td><td>Vestnes<\/td><td>Bod\u00f8<\/td><td>2005<\/td><\/tr><tr><td>Stig Tore<\/td><td>Skogsholm<\/td><td>Alstahaug<\/td><td>1977<\/td><\/tr><tr><td>Sture<\/td><td>Pedersen<\/td><td>B\u00f8<\/td><td>1956<\/td><\/tr><tr><td>Trine<\/td><td>Remman<\/td><td>Narvik<\/td><td>1980<\/td><\/tr><tr><td>Vidar<\/td><td>Benjaminsen<\/td><td>V\u00e5gan<\/td><td>1985<\/td><\/tr><tr><td>Vivian<\/td><td>Ramsland<\/td><td>Narvik<\/td><td>1973<\/td><\/tr><\/tbody><\/table><\/figure>\n\n\n\n<h4 class=\"wp-block-heading\">Sp\u00f8rsm\u00e5l?<\/h4>\n\n\n\n<p class=\"wp-block-paragraph\">Er det noe du lurer p\u00e5 i forbindelse med nominasjonen, kontakt:<\/p>\n\n\n\n<div class=\"wp-block-hoyre-contacts alignwide\"><div class=\"hoyre-contacts__inner\">\n<div class=\"wp-block-hoyre-contact alignwide\"><div class=\"hoyre-contact__inner\"><h3 class=\"title\">Espen Andre Rokkan<\/h3><span class=\"position\">Leder av nominasjonskomiteen<\/span><br \/><a class=\"phone\" href=\"tel:934 97 420\">934 97 420<\/a><br \/><a class=\"email\" href=\"mailto:Espen@pbl.no\">Espen@pbl.no<\/a><\/div><\/div>\n\n\n\n<div class=\"wp-block-hoyre-contact alignwide\"><div class=\"hoyre-contact__inner\"><h3 class=\"title\">Trine Bjarmann-Simonsen<\/h3><span class=\"position\">Fylkessekret\u00e6r<\/span><br \/><a class=\"phone\" href=\"tel:938 00 454\">938 00 454<\/a><br \/><a class=\"email\" href=\"mailto:trine.bjarmann-simonsen@hoyre.no\">trine.bjarmann-simonsen@hoyre.no<\/a><\/div><\/div>\n<\/div><\/div>\n\n\n<div class=\"tags\">\n\t<\/div>\n<div class=\"post-footer alignfull has-background block-editor-block-list__block\" data-align=full>\n\t<div class=\"post-footer-inner\">\n\t\t<h3>Relaterte artikler<\/h3>\n\t\t<div class=\"related-content\"><div class=\"is-card-hoyre\">\n\t<div class=\"teft-card hoyre-teft-card post-teft-card\">\n\t\t<a href=\"https:\/\/hoyre.no\/nordland\/aktuelt\/slik-far-du-stemmerett-ved-fylkestings-nominasjonen\/\" class=\"teft-card__primary-action\">\n\n\t\t\t\t\t<div class=\"teft-card__media teft-card__media--16-9\">\n\t\t\t\t\t\t<img loading=\"lazy\" decoding=\"async\" width=\"768\" height=\"432\" src=\"https:\/\/hoyre.no\/content\/uploads\/sites\/9\/2024\/09\/urnomn-768x432.jpg\" class=\"attachment-medium_large size-medium_large\" alt=\"\" srcset=\"https:\/\/hoyre.no\/content\/uploads\/sites\/9\/2024\/09\/urnomn-768x432.jpg 768w, https:\/\/hoyre.no\/content\/uploads\/sites\/9\/2024\/09\/urnomn-300x169.jpg 300w, https:\/\/hoyre.no\/content\/uploads\/sites\/9\/2024\/09\/urnomn-1024x577.jpg 1024w, https:\/\/hoyre.no\/content\/uploads\/sites\/9\/2024\/09\/urnomn-1536x865.jpg 1536w, https:\/\/hoyre.no\/content\/uploads\/sites\/9\/2024\/09\/urnomn.jpg 2048w\" sizes=\"auto, (max-width: 768px) 100vw, 768px\" \/>\t\t<\/div>\n\t\t\n\t\t\t<div class=\"teft-card__content-wrapper\">\n\t\t\t\t<div class=\"teft-card__secondary\">\n\t\t\t\t\t\n\t\t\t\t\t\t\t\t<div class=\"teft-card__meta\">\n\t\t\t\t\t\t\t\t\t<span class=\"post-date\">31. aug 2026<\/span>\n\n\t\t\t\t\t\t\t\t\t<span class=\"post-category\">Nominasjonsprosess 2027\/2031<\/span>\t\t\t\t\t\t\t\t<\/div>\n\t\t\t\t\t\t\t\t\t\t\t<\/div>\n\n\t\t\t\t<div class=\"teft-card__primary\">\n\t\t\t\t\t<h2 class=\"teft-card__title\">Slik f\u00e5r du stemmerett ved fylkestings-nominasjonen&nbsp;<span class=\"teft-card__primary-title-append\"><\/span><\/h2>\t\t\t\t<\/div>\n\t\t\t<\/div>\n\t\t<\/a>\n\t<\/div>\n\n\t<\/div><div class=\"is-card-hoyre\">\n\t<div class=\"teft-card hoyre-teft-card post-teft-card\">\n\t\t<a href=\"https:\/\/hoyre.no\/nordland\/aktuelt\/nominasjon-disse-onsker-gjenvalg-til-fylkestingslisten\/\" class=\"teft-card__primary-action\">\n\n\t\t\t\t\t<div class=\"teft-card__media teft-card__media--16-9\">\n\t\t\t\t\t\t<img loading=\"lazy\" decoding=\"async\" width=\"768\" height=\"512\" src=\"https:\/\/hoyre.no\/content\/uploads\/sites\/9\/2024\/03\/Hoyre-i-Nordland-fylkesting-2-1-768x512.jpg\" class=\"attachment-medium_large size-medium_large\" alt=\"\" srcset=\"https:\/\/hoyre.no\/content\/uploads\/sites\/9\/2024\/03\/Hoyre-i-Nordland-fylkesting-2-1-768x512.jpg 768w, https:\/\/hoyre.no\/content\/uploads\/sites\/9\/2024\/03\/Hoyre-i-Nordland-fylkesting-2-1-300x200.jpg 300w, https:\/\/hoyre.no\/content\/uploads\/sites\/9\/2024\/03\/Hoyre-i-Nordland-fylkesting-2-1-1024x683.jpg 1024w, https:\/\/hoyre.no\/content\/uploads\/sites\/9\/2024\/03\/Hoyre-i-Nordland-fylkesting-2-1-1536x1024.jpg 1536w, https:\/\/hoyre.no\/content\/uploads\/sites\/9\/2024\/03\/Hoyre-i-Nordland-fylkesting-2-1-2048x1365.jpg 2048w\" sizes=\"auto, (max-width: 768px) 100vw, 768px\" \/>\t\t<\/div>\n\t\t\n\t\t\t<div class=\"teft-card__content-wrapper\">\n\t\t\t\t<div class=\"teft-card__secondary\">\n\t\t\t\t\t\n\t\t\t\t\t\t\t\t<div class=\"teft-card__meta\">\n\t\t\t\t\t\t\t\t\t<span class=\"post-date\">15. mai 2026<\/span>\n\n\t\t\t\t\t\t\t\t\t<span class=\"post-category\">Nominasjonsprosess 2027\/2031<\/span>\t\t\t\t\t\t\t\t<\/div>\n\t\t\t\t\t\t\t\t\t\t\t<\/div>\n\n\t\t\t\t<div class=\"teft-card__primary\">\n\t\t\t\t\t<h2 class=\"teft-card__title\">Nominasjon &#8211; Disse \u00f8nsker gjenvalg til fylkestingslisten&nbsp;<span class=\"teft-card__primary-title-append\"><\/span><\/h2>\t\t\t\t<\/div>\n\t\t\t<\/div>\n\t\t<\/a>\n\t<\/div>\n\n\t<\/div><div class=\"is-card-hoyre\">\n\t<div class=\"teft-card hoyre-teft-card post-teft-card\">\n\t\t<a href=\"https:\/\/hoyre.no\/nordland\/aktuelt\/vi-onsker-dine-innspill\/\" class=\"teft-card__primary-action\">\n\n\t\t\t\t\t<div class=\"teft-card__media teft-card__media--16-9\">\n\t\t\t\t\t\t<img loading=\"lazy\" decoding=\"async\" width=\"768\" height=\"402\" src=\"https:\/\/hoyre.no\/content\/uploads\/sites\/9\/2026\/04\/Dokument-uten-navn-09.02.2026-1-1536x804-1-768x402.png\" class=\"attachment-medium_large size-medium_large\" alt=\"\" srcset=\"https:\/\/hoyre.no\/content\/uploads\/sites\/9\/2026\/04\/Dokument-uten-navn-09.02.2026-1-1536x804-1-768x402.png 768w, https:\/\/hoyre.no\/content\/uploads\/sites\/9\/2026\/04\/Dokument-uten-navn-09.02.2026-1-1536x804-1-300x157.png 300w, https:\/\/hoyre.no\/content\/uploads\/sites\/9\/2026\/04\/Dokument-uten-navn-09.02.2026-1-1536x804-1-1024x536.png 1024w, https:\/\/hoyre.no\/content\/uploads\/sites\/9\/2026\/04\/Dokument-uten-navn-09.02.2026-1-1536x804-1.png 1536w\" sizes=\"auto, (max-width: 768px) 100vw, 768px\" \/>\t\t<\/div>\n\t\t\n\t\t\t<div class=\"teft-card__content-wrapper\">\n\t\t\t\t<div class=\"teft-card__secondary\">\n\t\t\t\t\t\n\t\t\t\t\t\t\t\t<div class=\"teft-card__meta\">\n\t\t\t\t\t\t\t\t\t<span class=\"post-date\">15. apr 2026<\/span>\n\n\t\t\t\t\t\t\t\t\t<span class=\"post-category\">Nominasjonsprosess 2027\/2031<\/span>\t\t\t\t\t\t\t\t<\/div>\n\t\t\t\t\t\t\t\t\t\t\t<\/div>\n\n\t\t\t\t<div class=\"teft-card__primary\">\n\t\t\t\t\t<h2 class=\"teft-card__title\">Vi \u00f8nsker dine innspill!&nbsp;<span class=\"teft-card__primary-title-append\"><\/span><\/h2>\t\t\t\t<\/div>\n\t\t\t<\/div>\n\t\t<\/a>\n\t<\/div>\n\n\t<\/div><\/div>\t<\/div>\n<\/div>\n","protected":false},"excerpt":{"rendered":"","protected":false},"author":3547,"featured_media":0,"comment_status":"closed","ping_status":"closed","sticky":false,"template":"","format":"standard","meta":{"teft_cards_image_url":"","teft_cards_custom_pretitle":"","teft_cards_image_id":2460,"teft_cards_image_focal_point_x":0.5,"teft_cards_image_focal_point_y":0.5,"teft_cards_title":"","teft_cards_excerpt":"","teft_show_chapters":false,"author_display_name":"","footnotes":""},"category":[31],"post_tag":[],"hoyre-visibility":[],"article-type":[],"politician":[],"class_list":["post-2455","post","type-post","status-publish","format-standard","hentry","category-nominasjonsprosess-2027-2031"],"yoast_head":"<!-- This site is optimized with the Yoast SEO plugin v28.2 - https:\/\/yoast.com\/product\/yoast-seo-wordpress\/ -->\n<title>Nordland H\u00f8yres alfabetiske liste over valgvillige kandidater til Fylkestingsvalget 2027 - Nordland H\u00f8yre<\/title>\n<meta name=\"robots\" content=\"index, follow, max-snippet:-1, max-image-preview:large, max-video-preview:-1\" \/>\n<link rel=\"canonical\" href=\"https:\/\/hoyre.no\/nordland\/aktuelt\/nordland-hoyres-alfabetiske-liste-over-valgvillige-kandidater-til-fylkestingsvalget-2027\/\" \/>\n<meta property=\"og:locale\" content=\"nb_NO\" \/>\n<meta property=\"og:type\" content=\"article\" \/>\n<meta property=\"og:title\" content=\"Nordland H\u00f8yres alfabetiske liste over valgvillige kandidater til Fylkestingsvalget 2027 - Nordland H\u00f8yre\" \/>\n<meta property=\"og:url\" content=\"https:\/\/hoyre.no\/nordland\/aktuelt\/nordland-hoyres-alfabetiske-liste-over-valgvillige-kandidater-til-fylkestingsvalget-2027\/\" \/>\n<meta property=\"og:site_name\" content=\"Nordland H\u00f8yre\" \/>\n<meta property=\"article:published_time\" content=\"2026-08-31T03:23:18+00:00\" \/>\n<meta property=\"article:modified_time\" content=\"2026-08-31T03:37:12+00:00\" \/>\n<meta property=\"og:image\" content=\"https:\/\/hoyre.no\/content\/uploads\/sites\/9\/2026\/04\/Dokument-uten-navn-09.02.2026-1-1536x804-1-1024x536.png\" \/>\n<meta name=\"author\" content=\"Isabella Emilie Pigini Storli\" \/>\n<meta name=\"twitter:card\" content=\"summary_large_image\" \/>\n<meta name=\"twitter:label1\" content=\"Skrevet av\" \/>\n\t<meta name=\"twitter:data1\" content=\"Isabella Emilie Pigini Storli\" \/>\n\t<meta name=\"twitter:label2\" content=\"Ansl. lesetid\" \/>\n\t<meta name=\"twitter:data2\" content=\"2 minutter\" \/>\n<script type=\"application\/ld+json\" class=\"yoast-schema-graph\">{\"@context\":\"https:\\\/\\\/schema.org\",\"@graph\":[{\"@type\":\"Article\",\"@id\":\"https:\\\/\\\/hoyre.no\\\/nordland\\\/aktuelt\\\/nordland-hoyres-alfabetiske-liste-over-valgvillige-kandidater-til-fylkestingsvalget-2027\\\/#article\",\"isPartOf\":{\"@id\":\"https:\\\/\\\/hoyre.no\\\/nordland\\\/aktuelt\\\/nordland-hoyres-alfabetiske-liste-over-valgvillige-kandidater-til-fylkestingsvalget-2027\\\/\"},\"author\":{\"name\":\"Isabella Emilie Pigini Storli\",\"@id\":\"https:\\\/\\\/hoyre.no\\\/nordland\\\/#\\\/schema\\\/person\\\/6f4581f8cbce8649b11dffce4d355a20\"},\"headline\":\"Nordland H\u00f8yres alfabetiske liste over valgvillige kandidater til Fylkestingsvalget 2027\",\"datePublished\":\"2026-08-31T03:23:18+00:00\",\"dateModified\":\"2026-08-31T03:37:12+00:00\",\"mainEntityOfPage\":{\"@id\":\"https:\\\/\\\/hoyre.no\\\/nordland\\\/aktuelt\\\/nordland-hoyres-alfabetiske-liste-over-valgvillige-kandidater-til-fylkestingsvalget-2027\\\/\"},\"wordCount\":272,\"articleSection\":[\"Nominasjonsprosess 2027\\\/2031\"],\"inLanguage\":\"nb-NO\"},{\"@type\":\"NewsArticle\",\"@id\":\"https:\\\/\\\/hoyre.no\\\/nordland\\\/aktuelt\\\/nordland-hoyres-alfabetiske-liste-over-valgvillige-kandidater-til-fylkestingsvalget-2027\\\/\",\"url\":\"https:\\\/\\\/hoyre.no\\\/nordland\\\/aktuelt\\\/nordland-hoyres-alfabetiske-liste-over-valgvillige-kandidater-til-fylkestingsvalget-2027\\\/\",\"name\":\"Nordland H\u00f8yres alfabetiske liste over valgvillige kandidater til Fylkestingsvalget 2027 - Nordland H\u00f8yre\",\"isPartOf\":{\"@id\":\"https:\\\/\\\/hoyre.no\\\/nordland\\\/#website\"},\"datePublished\":\"2026-08-31T03:23:18+00:00\",\"dateModified\":\"2026-08-31T03:37:12+00:00\",\"author\":{\"@id\":\"https:\\\/\\\/hoyre.no\\\/nordland\\\/#\\\/schema\\\/person\\\/6f4581f8cbce8649b11dffce4d355a20\"},\"breadcrumb\":{\"@id\":\"https:\\\/\\\/hoyre.no\\\/nordland\\\/aktuelt\\\/nordland-hoyres-alfabetiske-liste-over-valgvillige-kandidater-til-fylkestingsvalget-2027\\\/#breadcrumb\"},\"inLanguage\":\"nb-NO\",\"potentialAction\":[{\"@type\":\"ReadAction\",\"target\":[\"https:\\\/\\\/hoyre.no\\\/nordland\\\/aktuelt\\\/nordland-hoyres-alfabetiske-liste-over-valgvillige-kandidater-til-fylkestingsvalget-2027\\\/\"]}]},{\"@type\":\"BreadcrumbList\",\"@id\":\"https:\\\/\\\/hoyre.no\\\/nordland\\\/aktuelt\\\/nordland-hoyres-alfabetiske-liste-over-valgvillige-kandidater-til-fylkestingsvalget-2027\\\/#breadcrumb\",\"itemListElement\":[{\"@type\":\"ListItem\",\"position\":1,\"name\":\"Til hoyre.no\",\"item\":\"https:\\\/\\\/hoyre.no\"},{\"@type\":\"ListItem\",\"position\":2,\"name\":\"Hjem\",\"item\":\"https:\\\/\\\/hoyre.no\\\/nordland\\\/\"},{\"@type\":\"ListItem\",\"position\":3,\"name\":\"Nordland H\u00f8yres alfabetiske liste over valgvillige kandidater til Fylkestingsvalget 2027\"}]},{\"@type\":\"WebSite\",\"@id\":\"https:\\\/\\\/hoyre.no\\\/nordland\\\/#website\",\"url\":\"https:\\\/\\\/hoyre.no\\\/nordland\\\/\",\"name\":\"Nordland H\u00f8yre\",\"description\":\"Bare enda et H\u00f8yres nettsteder-nettsted\",\"inLanguage\":\"nb-NO\"},{\"@type\":\"Person\",\"@id\":\"https:\\\/\\\/hoyre.no\\\/nordland\\\/#\\\/schema\\\/person\\\/6f4581f8cbce8649b11dffce4d355a20\",\"name\":\"Isabella Emilie Pigini Storli\",\"image\":{\"@type\":\"ImageObject\",\"inLanguage\":\"nb-NO\",\"@id\":\"https:\\\/\\\/secure.gravatar.com\\\/avatar\\\/beecc8b982e31852db9c3a35b9876e79cf1ca01c01e2c2824e6c0f6e531ebbf9?s=96&d=mm&r=g\",\"url\":\"https:\\\/\\\/secure.gravatar.com\\\/avatar\\\/beecc8b982e31852db9c3a35b9876e79cf1ca01c01e2c2824e6c0f6e531ebbf9?s=96&d=mm&r=g\",\"contentUrl\":\"https:\\\/\\\/secure.gravatar.com\\\/avatar\\\/beecc8b982e31852db9c3a35b9876e79cf1ca01c01e2c2824e6c0f6e531ebbf9?s=96&d=mm&r=g\",\"caption\":\"Isabella Emilie Pigini Storli\"},\"url\":\"https:\\\/\\\/hoyre.no\\\/nordland\\\/aktuelt\\\/author\\\/m52026796\\\/\"}]}<\/script>\n<!-- \/ Yoast SEO plugin. -->","yoast_head_json":{"title":"Nordland H\u00f8yres alfabetiske liste over valgvillige kandidater til Fylkestingsvalget 2027 - Nordland H\u00f8yre","robots":{"index":"index","follow":"follow","max-snippet":"max-snippet:-1","max-image-preview":"max-image-preview:large","max-video-preview":"max-video-preview:-1"},"canonical":"https:\/\/hoyre.no\/nordland\/aktuelt\/nordland-hoyres-alfabetiske-liste-over-valgvillige-kandidater-til-fylkestingsvalget-2027\/","og_locale":"nb_NO","og_type":"article","og_title":"Nordland H\u00f8yres alfabetiske liste over valgvillige kandidater til Fylkestingsvalget 2027 - Nordland H\u00f8yre","og_url":"https:\/\/hoyre.no\/nordland\/aktuelt\/nordland-hoyres-alfabetiske-liste-over-valgvillige-kandidater-til-fylkestingsvalget-2027\/","og_site_name":"Nordland H\u00f8yre","article_published_time":"2026-08-31T03:23:18+00:00","article_modified_time":"2026-08-31T03:37:12+00:00","og_image":[{"url":"https:\/\/hoyre.no\/content\/uploads\/sites\/9\/2026\/04\/Dokument-uten-navn-09.02.2026-1-1536x804-1-1024x536.png","width":"","height":"","type":""}],"author":"Isabella Emilie Pigini Storli","twitter_card":"summary_large_image","twitter_misc":{"Skrevet av":"Isabella Emilie Pigini Storli","Ansl. lesetid":"2 minutter"},"schema":{"@context":"https:\/\/schema.org","@graph":[{"@type":"Article","@id":"https:\/\/hoyre.no\/nordland\/aktuelt\/nordland-hoyres-alfabetiske-liste-over-valgvillige-kandidater-til-fylkestingsvalget-2027\/#article","isPartOf":{"@id":"https:\/\/hoyre.no\/nordland\/aktuelt\/nordland-hoyres-alfabetiske-liste-over-valgvillige-kandidater-til-fylkestingsvalget-2027\/"},"author":{"name":"Isabella Emilie Pigini Storli","@id":"https:\/\/hoyre.no\/nordland\/#\/schema\/person\/6f4581f8cbce8649b11dffce4d355a20"},"headline":"Nordland H\u00f8yres alfabetiske liste over valgvillige kandidater til Fylkestingsvalget 2027","datePublished":"2026-08-31T03:23:18+00:00","dateModified":"2026-08-31T03:37:12+00:00","mainEntityOfPage":{"@id":"https:\/\/hoyre.no\/nordland\/aktuelt\/nordland-hoyres-alfabetiske-liste-over-valgvillige-kandidater-til-fylkestingsvalget-2027\/"},"wordCount":272,"articleSection":["Nominasjonsprosess 2027\/2031"],"inLanguage":"nb-NO"},{"@type":"NewsArticle","@id":"https:\/\/hoyre.no\/nordland\/aktuelt\/nordland-hoyres-alfabetiske-liste-over-valgvillige-kandidater-til-fylkestingsvalget-2027\/","url":"https:\/\/hoyre.no\/nordland\/aktuelt\/nordland-hoyres-alfabetiske-liste-over-valgvillige-kandidater-til-fylkestingsvalget-2027\/","name":"Nordland H\u00f8yres alfabetiske liste over valgvillige kandidater til Fylkestingsvalget 2027 - Nordland H\u00f8yre","isPartOf":{"@id":"https:\/\/hoyre.no\/nordland\/#website"},"datePublished":"2026-08-31T03:23:18+00:00","dateModified":"2026-08-31T03:37:12+00:00","author":{"@id":"https:\/\/hoyre.no\/nordland\/#\/schema\/person\/6f4581f8cbce8649b11dffce4d355a20"},"breadcrumb":{"@id":"https:\/\/hoyre.no\/nordland\/aktuelt\/nordland-hoyres-alfabetiske-liste-over-valgvillige-kandidater-til-fylkestingsvalget-2027\/#breadcrumb"},"inLanguage":"nb-NO","potentialAction":[{"@type":"ReadAction","target":["https:\/\/hoyre.no\/nordland\/aktuelt\/nordland-hoyres-alfabetiske-liste-over-valgvillige-kandidater-til-fylkestingsvalget-2027\/"]}]},{"@type":"BreadcrumbList","@id":"https:\/\/hoyre.no\/nordland\/aktuelt\/nordland-hoyres-alfabetiske-liste-over-valgvillige-kandidater-til-fylkestingsvalget-2027\/#breadcrumb","itemListElement":[{"@type":"ListItem","position":1,"name":"Til hoyre.no","item":"https:\/\/hoyre.no"},{"@type":"ListItem","position":2,"name":"Hjem","item":"https:\/\/hoyre.no\/nordland\/"},{"@type":"ListItem","position":3,"name":"Nordland H\u00f8yres alfabetiske liste over valgvillige kandidater til Fylkestingsvalget 2027"}]},{"@type":"WebSite","@id":"https:\/\/hoyre.no\/nordland\/#website","url":"https:\/\/hoyre.no\/nordland\/","name":"Nordland H\u00f8yre","description":"Bare enda et H\u00f8yres nettsteder-nettsted","inLanguage":"nb-NO"},{"@type":"Person","@id":"https:\/\/hoyre.no\/nordland\/#\/schema\/person\/6f4581f8cbce8649b11dffce4d355a20","name":"Isabella Emilie Pigini Storli","image":{"@type":"ImageObject","inLanguage":"nb-NO","@id":"https:\/\/secure.gravatar.com\/avatar\/beecc8b982e31852db9c3a35b9876e79cf1ca01c01e2c2824e6c0f6e531ebbf9?s=96&d=mm&r=g","url":"https:\/\/secure.gravatar.com\/avatar\/beecc8b982e31852db9c3a35b9876e79cf1ca01c01e2c2824e6c0f6e531ebbf9?s=96&d=mm&r=g","contentUrl":"https:\/\/secure.gravatar.com\/avatar\/beecc8b982e31852db9c3a35b9876e79cf1ca01c01e2c2824e6c0f6e531ebbf9?s=96&d=mm&r=g","caption":"Isabella Emilie Pigini Storli"},"url":"https:\/\/hoyre.no\/nordland\/aktuelt\/author\/m52026796\/"}]}},"distributor_meta":false,"distributor_terms":false,"distributor_media":false,"distributor_original_site_name":"Nordland H\u00f8yre","distributor_original_site_url":"https:\/\/hoyre.no\/nordland","push-errors":false,"_links":{"self":[{"href":"https:\/\/hoyre.no\/nordland\/wp-json\/wp\/v2\/posts\/2455","targetHints":{"allow":["GET"]}}],"collection":[{"href":"https:\/\/hoyre.no\/nordland\/wp-json\/wp\/v2\/posts"}],"about":[{"href":"https:\/\/hoyre.no\/nordland\/wp-json\/wp\/v2\/types\/post"}],"author":[{"embeddable":true,"href":"https:\/\/hoyre.no\/nordland\/wp-json\/wp\/v2\/users\/3547"}],"replies":[{"embeddable":true,"href":"https:\/\/hoyre.no\/nordland\/wp-json\/wp\/v2\/comments?post=2455"}],"version-history":[{"count":2,"href":"https:\/\/hoyre.no\/nordland\/wp-json\/wp\/v2\/posts\/2455\/revisions"}],"predecessor-version":[{"id":2464,"href":"https:\/\/hoyre.no\/nordland\/wp-json\/wp\/v2\/posts\/2455\/revisions\/2464"}],"wp:attachment":[{"href":"https:\/\/hoyre.no\/nordland\/wp-json\/wp\/v2\/media?parent=2455"}],"wp:term":[{"taxonomy":"category","embeddable":true,"href":"https:\/\/hoyre.no\/nordland\/wp-json\/wp\/v2\/category?post=2455"},{"taxonomy":"post_tag","embeddable":true,"href":"https:\/\/hoyre.no\/nordland\/wp-json\/wp\/v2\/post_tag?post=2455"},{"taxonomy":"hoyre-visibility","embeddable":true,"href":"https:\/\/hoyre.no\/nordland\/wp-json\/wp\/v2\/hoyre-visibility?post=2455"},{"taxonomy":"article-type","embeddable":true,"href":"https:\/\/hoyre.no\/nordland\/wp-json\/wp\/v2\/article-type?post=2455"},{"taxonomy":"politician","embeddable":true,"href":"https:\/\/hoyre.no\/nordland\/wp-json\/wp\/v2\/politician?post=2455"}],"curies":[{"name":"wp","href":"https:\/\/api.w.org\/{rel}","templated":true}]}}