{"id":2457,"date":"2026-08-31T05:34:56","date_gmt":"2026-08-31T03:34:56","guid":{"rendered":"https:\/\/hoyre.no\/nordland\/?p=2457"},"modified":"2026-08-31T05:34:56","modified_gmt":"2026-08-31T03:34:56","slug":"slik-far-du-stemmerett-ved-fylkestings-nominasjonen","status":"publish","type":"post","link":"https:\/\/hoyre.no\/nordland\/aktuelt\/slik-far-du-stemmerett-ved-fylkestings-nominasjonen\/","title":{"rendered":"Slik f\u00e5r du stemmerett ved fylkestings-nominasjonen"},"content":{"rendered":"\n<p class=\"preamble\">Denne h\u00f8sten er det nominasjon av kandidater til Nordland H\u00f8yres fylkestingsvalgliste 2027-2031. Som medlem i H\u00f8yre er du invitert til \u00e5 gi din mening!<\/p>\t\t\t<div class=\"post-meta wp-block teft-byline-wrapper\">\n\t\t\t\t<div class=\"top\">\n\t\t\t\t\t<div class=\"signature\">\n\t\t\t\t\t\t<div class=\"teft-byline\">\n\t\t\t\t\t\t\t\t\t\t\t\t\t\t<div>\n\t\t\t\t\t\t\t\t<h3>H\u00f8yres redaksjon<\/h3>\t\t\t\t\t\t\t\t\n\t\t\t\t\t\t\t\t\t\t\t\t\t\t\t\t\t<span class=\"date\">Sist oppdatert: 31. august 2026<\/span>\n\t\t\t\t\t\t\t\t\t\t\t\t\t\t\t\t\t\t\t\t\t\t\t\t\t<span class=\"reading-time\" itemprop=\"timeRequired\" content=\"PT3M\"><em>Ca. 3 minutter lesetid<\/em><\/span>\n\t\t\t\t\t\t\t\t\t\t\t\t\t\t\t<\/div>\n\t\t\t\t\t\t<\/div>\n\t\t\t\t\t<\/div>\n\t\t\t\t\t\t<div class=\"sharing\">\n\t\t<a class=\"share-button share-link copy-link\" data-copy=\"https:\/\/hoyre.no\/nordland\/aktuelt\/slik-far-du-stemmerett-ved-fylkestings-nominasjonen\/\" target=\"_blank\"><span class=\"screen-reader-text\">Del link<\/span><\/a>\n\t\t<a class=\"share-button share-twitter\" href=\"http:\/\/twitter.com\/share?text=Slik f\u00e5r du stemmerett ved fylkestings-nominasjonen&#038;url=https:\/\/hoyre.no\/nordland\/aktuelt\/slik-far-du-stemmerett-ved-fylkestings-nominasjonen\/&#038;hashtags=Hoyre\" target=\"_blank\"><span class=\"screen-reader-text\">Del p\u00e5 twitter<\/span><\/a>\n\t\t<a class=\"share-button share-facebook\" href=\"https:\/\/www.facebook.com\/sharer\/sharer.php?u=https:\/\/hoyre.no\/nordland\/aktuelt\/slik-far-du-stemmerett-ved-fylkestings-nominasjonen\/\" target=\"_blank\"><span class=\"screen-reader-text\">Del p\u00e5 facebook<\/span><\/a>\n\t<\/div>\n\t\t\t\t\t<\/div>\n\t\t\t<\/div>\n\n\t\t\t<figure class=\"hoyre-image-wrapper\"><div class=\"hoyre-image\"><img loading=\"lazy\" decoding=\"async\" width=\"2048\" height=\"1153\" src=\"https:\/\/hoyre.no\/content\/uploads\/sites\/9\/2024\/09\/urnomn.jpg\" class=\"attachment-scaled size-scaled\" alt=\"\" style=\"object-position: 50% 50%\" srcset=\"https:\/\/hoyre.no\/content\/uploads\/sites\/9\/2024\/09\/urnomn.jpg 2048w, https:\/\/hoyre.no\/content\/uploads\/sites\/9\/2024\/09\/urnomn-300x169.jpg 300w, https:\/\/hoyre.no\/content\/uploads\/sites\/9\/2024\/09\/urnomn-1024x577.jpg 1024w, https:\/\/hoyre.no\/content\/uploads\/sites\/9\/2024\/09\/urnomn-768x432.jpg 768w, https:\/\/hoyre.no\/content\/uploads\/sites\/9\/2024\/09\/urnomn-1536x865.jpg 1536w\" sizes=\"auto, (max-width: 2048px) 100vw, 2048px\" \/><\/div><\/figure>\n\n\n\n\n<h4 class=\"wp-block-heading\"><strong>Datoplan og nominasjonsprosess<\/strong><\/h4>\n\n\n\n<p class=\"wp-block-paragraph\">Nordland H\u00f8yres fylkesstyre har vedtatt en datoplan for nominasjonsprosessen. Den forklarer prosessen fra start til m\u00e5l og er nyttig \u00e5 lese gjennom for \u00e5 f\u00e5 oversikt. Du finner den\u00a0<a href=\"https:\/\/hoyre.no\/nordland\/2254-2\/#:~:text=Nominasjonskomiteens%20datoplan\" data-type=\"link\" data-id=\"https:\/\/hoyre.no\/nordland\/2254-2\/#:~:text=Nominasjonskomiteens%20datoplan\"><strong>her<\/strong><\/a>.<\/p>\n\n\n\n<h4 class=\"wp-block-heading\"><strong>Hvordan kan du gi din mening?<\/strong><\/h4>\n\n\n\n<p class=\"wp-block-paragraph\">Som medlem i H\u00f8yre kan du v\u00e6re med \u00e5 gi din mening om hvem som skal representere H\u00f8yre p\u00e5 Fylkestinget i neste periode, ved \u00e5 delta i medlemmenes r\u00e5dgivende urnominasjon og p\u00e5 et r\u00e5dgivende pr\u00f8venominasjonsm\u00f8te i din forening. Nedenfor f\u00f8lger en n\u00e6rmere forklaring, samt litt informasjon om hva du selv m\u00e5 ha orden p\u00e5 for \u00e5 delta.<\/p>\n\n\n\n<h4 class=\"wp-block-heading\"><strong>R\u00e5dgivende urnominasjon<\/strong><\/h4>\n\n\n\n<p class=\"wp-block-paragraph\">I l\u00f8pet av uke 36 vil alle medlemmer med stemmerett motta en SMS fra Nordland H\u00f8yre hvor de f\u00e5r anledning til \u00e5 prioritere valgvillige kandidater i et elektronisk skjema. Svarfristen er satt til innen utgangen av 6. september. For \u00e5 ha stemmerett m\u00e5 du ha v\u00e6rt medlem i minst fire uker og ha betalt kontingent, samt ha stemmerett ved det valget i det valgdistriktet det nomineres til.<\/p>\n\n\n\n<h4 class=\"wp-block-heading\"><strong>R\u00e5dgivende pr\u00f8venominasjon<\/strong><\/h4>\n\n\n\n<p class=\"wp-block-paragraph\">Din forening skal i perioden uke 35 arrangere et medlemsm\u00f8te hvor foreningen rangerer de valgvillige kandidatene i prioritert rekkef\u00f8lge. Resultatet sendes nominasjonskomiteen innen utgangen av 30. august som foreningens r\u00e5dgivende forslag. For \u00e5 ha stemmerett p\u00e5 m\u00f8tet m\u00e5 du ha v\u00e6rt medlem i minst fire uker og ha betalt kontingent, samt ha stemmerett ved det valget og i det valgdistriktet det nomineres til. P\u00e5 pr\u00f8venominasjonsm\u00f8tet skal foreningen ogs\u00e5 velge sine delegater til Nordland H\u00f8yres nominasjonsm\u00f8te 7. november hvor den endelige fylkestingsvalglisten vedtas.<\/p>\n\n\n\n<h4 class=\"wp-block-heading\"><strong>Hvem kan du stemme p\u00e5?<\/strong><\/h4>\n\n\n\n<p class=\"wp-block-paragraph\"><strong><a href=\"https:\/\/hoyre.no\/nordland\/aktuelt\/nordland-hoyres-alfabetiske-liste-over-valgvillige-kandidater-til-fylkestingsvalget-2027\/\" data-type=\"link\" data-id=\"https:\/\/hoyre.no\/nordland\/aktuelt\/nordland-hoyres-alfabetiske-liste-over-valgvillige-kandidater-til-fylkestingsvalget-2027\/\">Her<\/a><\/strong>\u00a0finner du en alfabetisk oversikt over valgvillige kandidater.<\/p>\n\n\n\n<h4 class=\"wp-block-heading\"><strong>Hva er ditt ansvar?<\/strong><\/h4>\n\n\n\n<p class=\"wp-block-paragraph\">Medlemmer er selv ansvarlig for at det er registrert riktig kontaktinformasjon i H\u00f8yres medlemsregister, for \u00e5 f\u00e5 tilsendt r\u00e5dgivende urnominasjon og innkalling til pr\u00f8venominasjonsm\u00f8tet. Du kan sende endringer til\u00a0<a href=\"mailto:register@hoyre.no\">register@hoyre.no<\/a>\u00a0med <a href=\"mailto:nordland@hoyre.no\">nordland@hoyre.no<\/a> i kopi for registrering, eller du kan selv endre i din profil n\u00e5r du er innlogget p\u00e5\u00a0<a href=\"https:\/\/hoyre.membersite.no\/Home\/MyProfile\">Mitt H\u00f8yre<\/a>.<\/p>\n\n\n\n<h4 class=\"wp-block-heading\"><strong>Er det noe du lurer p\u00e5 i forbindelse med nominasjonen, kontakt:<\/strong><\/h4>\n\n\n\n<div class=\"wp-block-hoyre-contacts alignwide\"><div class=\"hoyre-contacts__inner\">\n<div class=\"wp-block-hoyre-contact alignwide\"><div class=\"hoyre-contact__inner\"><h3 class=\"title\">Espen Andre Rokkan<\/h3><span class=\"position\">Leder av nominasjonskomiteen<\/span><br \/><a class=\"phone\" href=\"tel:934 97 420\">934 97 420<\/a><br \/><a class=\"email\" href=\"mailto:Espen@pbl.no\">Espen@pbl.no<\/a><\/div><\/div>\n\n\n\n<div class=\"wp-block-hoyre-contact alignwide\"><div class=\"hoyre-contact__inner\"><h3 class=\"title\">Trine Bjarmann-Simonsen<\/h3><span class=\"position\">Fylkessekret\u00e6r<\/span><br \/><a class=\"phone\" href=\"tel:938 00 454\">938 00 454<\/a><br \/><a class=\"email\" href=\"mailto:trine.bjarmann-simonsen@hoyre.no\">trine.bjarmann-simonsen@hoyre.no<\/a><\/div><\/div>\n<\/div><\/div>\n\n\n<div class=\"tags\">\n\t<\/div>\n<div class=\"post-footer alignfull has-background block-editor-block-list__block\" data-align=full>\n\t<div class=\"post-footer-inner\">\n\t\t<h3>Relaterte artikler<\/h3>\n\t\t<div class=\"related-content\"><div class=\"is-card-hoyre\">\n\t<div class=\"teft-card hoyre-teft-card post-teft-card\">\n\t\t<a href=\"https:\/\/hoyre.no\/nordland\/aktuelt\/nordland-hoyres-alfabetiske-liste-over-valgvillige-kandidater-til-fylkestingsvalget-2027\/\" class=\"teft-card__primary-action\">\n\n\t\t\t\t\t<div class=\"teft-card__media teft-card__media--16-9\">\n\t\t\t\t\t\t<img loading=\"lazy\" decoding=\"async\" width=\"768\" height=\"402\" src=\"https:\/\/hoyre.no\/content\/uploads\/sites\/9\/2026\/08\/Add-a-heading-768x402.jpg\" class=\"attachment-medium_large size-medium_large\" alt=\"\" srcset=\"https:\/\/hoyre.no\/content\/uploads\/sites\/9\/2026\/08\/Add-a-heading-768x402.jpg 768w, https:\/\/hoyre.no\/content\/uploads\/sites\/9\/2026\/08\/Add-a-heading-300x157.jpg 300w, https:\/\/hoyre.no\/content\/uploads\/sites\/9\/2026\/08\/Add-a-heading-1024x536.jpg 1024w, https:\/\/hoyre.no\/content\/uploads\/sites\/9\/2026\/08\/Add-a-heading-1536x804.jpg 1536w, https:\/\/hoyre.no\/content\/uploads\/sites\/9\/2026\/08\/Add-a-heading-2048x1072.jpg 2048w\" sizes=\"auto, (max-width: 768px) 100vw, 768px\" \/>\t\t<\/div>\n\t\t\n\t\t\t<div class=\"teft-card__content-wrapper\">\n\t\t\t\t<div class=\"teft-card__secondary\">\n\t\t\t\t\t\n\t\t\t\t\t\t\t\t<div class=\"teft-card__meta\">\n\t\t\t\t\t\t\t\t\t<span class=\"post-date\">31. aug 2026<\/span>\n\n\t\t\t\t\t\t\t\t\t<span class=\"post-category\">Nominasjonsprosess 2027\/2031<\/span>\t\t\t\t\t\t\t\t<\/div>\n\t\t\t\t\t\t\t\t\t\t\t<\/div>\n\n\t\t\t\t<div class=\"teft-card__primary\">\n\t\t\t\t\t<h2 class=\"teft-card__title\">Nordland H\u00f8yres alfabetiske liste over valgvillige kandidater til Fylkestingsvalget 2027&nbsp;<span class=\"teft-card__primary-title-append\"><\/span><\/h2>\t\t\t\t<\/div>\n\t\t\t<\/div>\n\t\t<\/a>\n\t<\/div>\n\n\t<\/div><div class=\"is-card-hoyre\">\n\t<div class=\"teft-card hoyre-teft-card post-teft-card\">\n\t\t<a href=\"https:\/\/hoyre.no\/nordland\/aktuelt\/nominasjon-disse-onsker-gjenvalg-til-fylkestingslisten\/\" class=\"teft-card__primary-action\">\n\n\t\t\t\t\t<div class=\"teft-card__media teft-card__media--16-9\">\n\t\t\t\t\t\t<img loading=\"lazy\" decoding=\"async\" width=\"768\" height=\"512\" src=\"https:\/\/hoyre.no\/content\/uploads\/sites\/9\/2024\/03\/Hoyre-i-Nordland-fylkesting-2-1-768x512.jpg\" class=\"attachment-medium_large size-medium_large\" alt=\"\" srcset=\"https:\/\/hoyre.no\/content\/uploads\/sites\/9\/2024\/03\/Hoyre-i-Nordland-fylkesting-2-1-768x512.jpg 768w, https:\/\/hoyre.no\/content\/uploads\/sites\/9\/2024\/03\/Hoyre-i-Nordland-fylkesting-2-1-300x200.jpg 300w, https:\/\/hoyre.no\/content\/uploads\/sites\/9\/2024\/03\/Hoyre-i-Nordland-fylkesting-2-1-1024x683.jpg 1024w, https:\/\/hoyre.no\/content\/uploads\/sites\/9\/2024\/03\/Hoyre-i-Nordland-fylkesting-2-1-1536x1024.jpg 1536w, https:\/\/hoyre.no\/content\/uploads\/sites\/9\/2024\/03\/Hoyre-i-Nordland-fylkesting-2-1-2048x1365.jpg 2048w\" sizes=\"auto, (max-width: 768px) 100vw, 768px\" \/>\t\t<\/div>\n\t\t\n\t\t\t<div class=\"teft-card__content-wrapper\">\n\t\t\t\t<div class=\"teft-card__secondary\">\n\t\t\t\t\t\n\t\t\t\t\t\t\t\t<div class=\"teft-card__meta\">\n\t\t\t\t\t\t\t\t\t<span class=\"post-date\">15. mai 2026<\/span>\n\n\t\t\t\t\t\t\t\t\t<span class=\"post-category\">Nominasjonsprosess 2027\/2031<\/span>\t\t\t\t\t\t\t\t<\/div>\n\t\t\t\t\t\t\t\t\t\t\t<\/div>\n\n\t\t\t\t<div class=\"teft-card__primary\">\n\t\t\t\t\t<h2 class=\"teft-card__title\">Nominasjon &#8211; Disse \u00f8nsker gjenvalg til fylkestingslisten&nbsp;<span class=\"teft-card__primary-title-append\"><\/span><\/h2>\t\t\t\t<\/div>\n\t\t\t<\/div>\n\t\t<\/a>\n\t<\/div>\n\n\t<\/div><div class=\"is-card-hoyre\">\n\t<div class=\"teft-card hoyre-teft-card post-teft-card\">\n\t\t<a href=\"https:\/\/hoyre.no\/nordland\/aktuelt\/vi-onsker-dine-innspill\/\" class=\"teft-card__primary-action\">\n\n\t\t\t\t\t<div class=\"teft-card__media teft-card__media--16-9\">\n\t\t\t\t\t\t<img loading=\"lazy\" decoding=\"async\" width=\"768\" height=\"402\" src=\"https:\/\/hoyre.no\/content\/uploads\/sites\/9\/2026\/04\/Dokument-uten-navn-09.02.2026-1-1536x804-1-768x402.png\" class=\"attachment-medium_large size-medium_large\" alt=\"\" srcset=\"https:\/\/hoyre.no\/content\/uploads\/sites\/9\/2026\/04\/Dokument-uten-navn-09.02.2026-1-1536x804-1-768x402.png 768w, https:\/\/hoyre.no\/content\/uploads\/sites\/9\/2026\/04\/Dokument-uten-navn-09.02.2026-1-1536x804-1-300x157.png 300w, https:\/\/hoyre.no\/content\/uploads\/sites\/9\/2026\/04\/Dokument-uten-navn-09.02.2026-1-1536x804-1-1024x536.png 1024w, https:\/\/hoyre.no\/content\/uploads\/sites\/9\/2026\/04\/Dokument-uten-navn-09.02.2026-1-1536x804-1.png 1536w\" sizes=\"auto, (max-width: 768px) 100vw, 768px\" \/>\t\t<\/div>\n\t\t\n\t\t\t<div class=\"teft-card__content-wrapper\">\n\t\t\t\t<div class=\"teft-card__secondary\">\n\t\t\t\t\t\n\t\t\t\t\t\t\t\t<div class=\"teft-card__meta\">\n\t\t\t\t\t\t\t\t\t<span class=\"post-date\">15. apr 2026<\/span>\n\n\t\t\t\t\t\t\t\t\t<span class=\"post-category\">Nominasjonsprosess 2027\/2031<\/span>\t\t\t\t\t\t\t\t<\/div>\n\t\t\t\t\t\t\t\t\t\t\t<\/div>\n\n\t\t\t\t<div class=\"teft-card__primary\">\n\t\t\t\t\t<h2 class=\"teft-card__title\">Vi \u00f8nsker dine innspill!&nbsp;<span class=\"teft-card__primary-title-append\"><\/span><\/h2>\t\t\t\t<\/div>\n\t\t\t<\/div>\n\t\t<\/a>\n\t<\/div>\n\n\t<\/div><\/div>\t<\/div>\n<\/div>\n","protected":false},"excerpt":{"rendered":"","protected":false},"author":3547,"featured_media":0,"comment_status":"closed","ping_status":"closed","sticky":false,"template":"","format":"standard","meta":{"teft_cards_image_url":"","teft_cards_custom_pretitle":"","teft_cards_image_id":1640,"teft_cards_image_focal_point_x":0.5,"teft_cards_image_focal_point_y":0.5,"teft_cards_title":"","teft_cards_excerpt":"","teft_show_chapters":false,"author_display_name":"","footnotes":""},"category":[31],"post_tag":[],"hoyre-visibility":[],"article-type":[],"politician":[],"class_list":["post-2457","post","type-post","status-publish","format-standard","hentry","category-nominasjonsprosess-2027-2031"],"yoast_head":"<!-- This site is optimized with the Yoast SEO plugin v28.2 - https:\/\/yoast.com\/product\/yoast-seo-wordpress\/ -->\n<title>Slik f\u00e5r du stemmerett ved fylkestings-nominasjonen - Nordland H\u00f8yre<\/title>\n<meta name=\"robots\" content=\"index, follow, max-snippet:-1, max-image-preview:large, max-video-preview:-1\" \/>\n<link rel=\"canonical\" href=\"https:\/\/hoyre.no\/nordland\/aktuelt\/slik-far-du-stemmerett-ved-fylkestings-nominasjonen\/\" \/>\n<meta property=\"og:locale\" content=\"nb_NO\" \/>\n<meta property=\"og:type\" content=\"article\" \/>\n<meta property=\"og:title\" content=\"Slik f\u00e5r du stemmerett ved fylkestings-nominasjonen - Nordland H\u00f8yre\" \/>\n<meta property=\"og:url\" content=\"https:\/\/hoyre.no\/nordland\/aktuelt\/slik-far-du-stemmerett-ved-fylkestings-nominasjonen\/\" \/>\n<meta property=\"og:site_name\" content=\"Nordland H\u00f8yre\" \/>\n<meta property=\"article:published_time\" content=\"2026-08-31T03:34:56+00:00\" \/>\n<meta property=\"og:image\" content=\"https:\/\/hoyre.no\/content\/uploads\/sites\/9\/2026\/04\/Dokument-uten-navn-09.02.2026-1-1536x804-1-1024x536.png\" \/>\n<meta name=\"author\" content=\"Isabella Emilie Pigini Storli\" \/>\n<meta name=\"twitter:card\" content=\"summary_large_image\" \/>\n<meta name=\"twitter:label1\" content=\"Skrevet av\" \/>\n\t<meta name=\"twitter:data1\" content=\"Isabella Emilie Pigini Storli\" \/>\n\t<meta name=\"twitter:label2\" content=\"Ansl. lesetid\" \/>\n\t<meta name=\"twitter:data2\" content=\"3 minutter\" \/>\n<script type=\"application\/ld+json\" class=\"yoast-schema-graph\">{\"@context\":\"https:\\\/\\\/schema.org\",\"@graph\":[{\"@type\":\"Article\",\"@id\":\"https:\\\/\\\/hoyre.no\\\/nordland\\\/aktuelt\\\/slik-far-du-stemmerett-ved-fylkestings-nominasjonen\\\/#article\",\"isPartOf\":{\"@id\":\"https:\\\/\\\/hoyre.no\\\/nordland\\\/aktuelt\\\/slik-far-du-stemmerett-ved-fylkestings-nominasjonen\\\/\"},\"author\":{\"name\":\"Isabella Emilie Pigini Storli\",\"@id\":\"https:\\\/\\\/hoyre.no\\\/nordland\\\/#\\\/schema\\\/person\\\/6f4581f8cbce8649b11dffce4d355a20\"},\"headline\":\"Slik f\u00e5r du stemmerett ved fylkestings-nominasjonen\",\"datePublished\":\"2026-08-31T03:34:56+00:00\",\"mainEntityOfPage\":{\"@id\":\"https:\\\/\\\/hoyre.no\\\/nordland\\\/aktuelt\\\/slik-far-du-stemmerett-ved-fylkestings-nominasjonen\\\/\"},\"wordCount\":416,\"articleSection\":[\"Nominasjonsprosess 2027\\\/2031\"],\"inLanguage\":\"nb-NO\"},{\"@type\":\"NewsArticle\",\"@id\":\"https:\\\/\\\/hoyre.no\\\/nordland\\\/aktuelt\\\/slik-far-du-stemmerett-ved-fylkestings-nominasjonen\\\/\",\"url\":\"https:\\\/\\\/hoyre.no\\\/nordland\\\/aktuelt\\\/slik-far-du-stemmerett-ved-fylkestings-nominasjonen\\\/\",\"name\":\"Slik f\u00e5r du stemmerett ved fylkestings-nominasjonen - Nordland H\u00f8yre\",\"isPartOf\":{\"@id\":\"https:\\\/\\\/hoyre.no\\\/nordland\\\/#website\"},\"datePublished\":\"2026-08-31T03:34:56+00:00\",\"author\":{\"@id\":\"https:\\\/\\\/hoyre.no\\\/nordland\\\/#\\\/schema\\\/person\\\/6f4581f8cbce8649b11dffce4d355a20\"},\"breadcrumb\":{\"@id\":\"https:\\\/\\\/hoyre.no\\\/nordland\\\/aktuelt\\\/slik-far-du-stemmerett-ved-fylkestings-nominasjonen\\\/#breadcrumb\"},\"inLanguage\":\"nb-NO\",\"potentialAction\":[{\"@type\":\"ReadAction\",\"target\":[\"https:\\\/\\\/hoyre.no\\\/nordland\\\/aktuelt\\\/slik-far-du-stemmerett-ved-fylkestings-nominasjonen\\\/\"]}]},{\"@type\":\"BreadcrumbList\",\"@id\":\"https:\\\/\\\/hoyre.no\\\/nordland\\\/aktuelt\\\/slik-far-du-stemmerett-ved-fylkestings-nominasjonen\\\/#breadcrumb\",\"itemListElement\":[{\"@type\":\"ListItem\",\"position\":1,\"name\":\"Til hoyre.no\",\"item\":\"https:\\\/\\\/hoyre.no\"},{\"@type\":\"ListItem\",\"position\":2,\"name\":\"Hjem\",\"item\":\"https:\\\/\\\/hoyre.no\\\/nordland\\\/\"},{\"@type\":\"ListItem\",\"position\":3,\"name\":\"Slik f\u00e5r du stemmerett ved fylkestings-nominasjonen\"}]},{\"@type\":\"WebSite\",\"@id\":\"https:\\\/\\\/hoyre.no\\\/nordland\\\/#website\",\"url\":\"https:\\\/\\\/hoyre.no\\\/nordland\\\/\",\"name\":\"Nordland H\u00f8yre\",\"description\":\"Bare enda et H\u00f8yres nettsteder-nettsted\",\"inLanguage\":\"nb-NO\"},{\"@type\":\"Person\",\"@id\":\"https:\\\/\\\/hoyre.no\\\/nordland\\\/#\\\/schema\\\/person\\\/6f4581f8cbce8649b11dffce4d355a20\",\"name\":\"Isabella Emilie Pigini Storli\",\"image\":{\"@type\":\"ImageObject\",\"inLanguage\":\"nb-NO\",\"@id\":\"https:\\\/\\\/secure.gravatar.com\\\/avatar\\\/beecc8b982e31852db9c3a35b9876e79cf1ca01c01e2c2824e6c0f6e531ebbf9?s=96&d=mm&r=g\",\"url\":\"https:\\\/\\\/secure.gravatar.com\\\/avatar\\\/beecc8b982e31852db9c3a35b9876e79cf1ca01c01e2c2824e6c0f6e531ebbf9?s=96&d=mm&r=g\",\"contentUrl\":\"https:\\\/\\\/secure.gravatar.com\\\/avatar\\\/beecc8b982e31852db9c3a35b9876e79cf1ca01c01e2c2824e6c0f6e531ebbf9?s=96&d=mm&r=g\",\"caption\":\"Isabella Emilie Pigini Storli\"},\"url\":\"https:\\\/\\\/hoyre.no\\\/nordland\\\/aktuelt\\\/author\\\/m52026796\\\/\"}]}<\/script>\n<!-- \/ Yoast SEO plugin. -->","yoast_head_json":{"title":"Slik f\u00e5r du stemmerett ved fylkestings-nominasjonen - Nordland H\u00f8yre","robots":{"index":"index","follow":"follow","max-snippet":"max-snippet:-1","max-image-preview":"max-image-preview:large","max-video-preview":"max-video-preview:-1"},"canonical":"https:\/\/hoyre.no\/nordland\/aktuelt\/slik-far-du-stemmerett-ved-fylkestings-nominasjonen\/","og_locale":"nb_NO","og_type":"article","og_title":"Slik f\u00e5r du stemmerett ved fylkestings-nominasjonen - Nordland H\u00f8yre","og_url":"https:\/\/hoyre.no\/nordland\/aktuelt\/slik-far-du-stemmerett-ved-fylkestings-nominasjonen\/","og_site_name":"Nordland H\u00f8yre","article_published_time":"2026-08-31T03:34:56+00:00","og_image":[{"url":"https:\/\/hoyre.no\/content\/uploads\/sites\/9\/2026\/04\/Dokument-uten-navn-09.02.2026-1-1536x804-1-1024x536.png","width":"","height":"","type":""}],"author":"Isabella Emilie Pigini Storli","twitter_card":"summary_large_image","twitter_misc":{"Skrevet av":"Isabella Emilie Pigini Storli","Ansl. lesetid":"3 minutter"},"schema":{"@context":"https:\/\/schema.org","@graph":[{"@type":"Article","@id":"https:\/\/hoyre.no\/nordland\/aktuelt\/slik-far-du-stemmerett-ved-fylkestings-nominasjonen\/#article","isPartOf":{"@id":"https:\/\/hoyre.no\/nordland\/aktuelt\/slik-far-du-stemmerett-ved-fylkestings-nominasjonen\/"},"author":{"name":"Isabella Emilie Pigini Storli","@id":"https:\/\/hoyre.no\/nordland\/#\/schema\/person\/6f4581f8cbce8649b11dffce4d355a20"},"headline":"Slik f\u00e5r du stemmerett ved fylkestings-nominasjonen","datePublished":"2026-08-31T03:34:56+00:00","mainEntityOfPage":{"@id":"https:\/\/hoyre.no\/nordland\/aktuelt\/slik-far-du-stemmerett-ved-fylkestings-nominasjonen\/"},"wordCount":416,"articleSection":["Nominasjonsprosess 2027\/2031"],"inLanguage":"nb-NO"},{"@type":"NewsArticle","@id":"https:\/\/hoyre.no\/nordland\/aktuelt\/slik-far-du-stemmerett-ved-fylkestings-nominasjonen\/","url":"https:\/\/hoyre.no\/nordland\/aktuelt\/slik-far-du-stemmerett-ved-fylkestings-nominasjonen\/","name":"Slik f\u00e5r du stemmerett ved fylkestings-nominasjonen - Nordland H\u00f8yre","isPartOf":{"@id":"https:\/\/hoyre.no\/nordland\/#website"},"datePublished":"2026-08-31T03:34:56+00:00","author":{"@id":"https:\/\/hoyre.no\/nordland\/#\/schema\/person\/6f4581f8cbce8649b11dffce4d355a20"},"breadcrumb":{"@id":"https:\/\/hoyre.no\/nordland\/aktuelt\/slik-far-du-stemmerett-ved-fylkestings-nominasjonen\/#breadcrumb"},"inLanguage":"nb-NO","potentialAction":[{"@type":"ReadAction","target":["https:\/\/hoyre.no\/nordland\/aktuelt\/slik-far-du-stemmerett-ved-fylkestings-nominasjonen\/"]}]},{"@type":"BreadcrumbList","@id":"https:\/\/hoyre.no\/nordland\/aktuelt\/slik-far-du-stemmerett-ved-fylkestings-nominasjonen\/#breadcrumb","itemListElement":[{"@type":"ListItem","position":1,"name":"Til hoyre.no","item":"https:\/\/hoyre.no"},{"@type":"ListItem","position":2,"name":"Hjem","item":"https:\/\/hoyre.no\/nordland\/"},{"@type":"ListItem","position":3,"name":"Slik f\u00e5r du stemmerett ved fylkestings-nominasjonen"}]},{"@type":"WebSite","@id":"https:\/\/hoyre.no\/nordland\/#website","url":"https:\/\/hoyre.no\/nordland\/","name":"Nordland H\u00f8yre","description":"Bare enda et H\u00f8yres nettsteder-nettsted","inLanguage":"nb-NO"},{"@type":"Person","@id":"https:\/\/hoyre.no\/nordland\/#\/schema\/person\/6f4581f8cbce8649b11dffce4d355a20","name":"Isabella Emilie Pigini Storli","image":{"@type":"ImageObject","inLanguage":"nb-NO","@id":"https:\/\/secure.gravatar.com\/avatar\/beecc8b982e31852db9c3a35b9876e79cf1ca01c01e2c2824e6c0f6e531ebbf9?s=96&d=mm&r=g","url":"https:\/\/secure.gravatar.com\/avatar\/beecc8b982e31852db9c3a35b9876e79cf1ca01c01e2c2824e6c0f6e531ebbf9?s=96&d=mm&r=g","contentUrl":"https:\/\/secure.gravatar.com\/avatar\/beecc8b982e31852db9c3a35b9876e79cf1ca01c01e2c2824e6c0f6e531ebbf9?s=96&d=mm&r=g","caption":"Isabella Emilie Pigini Storli"},"url":"https:\/\/hoyre.no\/nordland\/aktuelt\/author\/m52026796\/"}]}},"distributor_meta":false,"distributor_terms":false,"distributor_media":false,"distributor_original_site_name":"Nordland H\u00f8yre","distributor_original_site_url":"https:\/\/hoyre.no\/nordland","push-errors":false,"_links":{"self":[{"href":"https:\/\/hoyre.no\/nordland\/wp-json\/wp\/v2\/posts\/2457","targetHints":{"allow":["GET"]}}],"collection":[{"href":"https:\/\/hoyre.no\/nordland\/wp-json\/wp\/v2\/posts"}],"about":[{"href":"https:\/\/hoyre.no\/nordland\/wp-json\/wp\/v2\/types\/post"}],"author":[{"embeddable":true,"href":"https:\/\/hoyre.no\/nordland\/wp-json\/wp\/v2\/users\/3547"}],"replies":[{"embeddable":true,"href":"https:\/\/hoyre.no\/nordland\/wp-json\/wp\/v2\/comments?post=2457"}],"version-history":[{"count":1,"href":"https:\/\/hoyre.no\/nordland\/wp-json\/wp\/v2\/posts\/2457\/revisions"}],"predecessor-version":[{"id":2462,"href":"https:\/\/hoyre.no\/nordland\/wp-json\/wp\/v2\/posts\/2457\/revisions\/2462"}],"wp:attachment":[{"href":"https:\/\/hoyre.no\/nordland\/wp-json\/wp\/v2\/media?parent=2457"}],"wp:term":[{"taxonomy":"category","embeddable":true,"href":"https:\/\/hoyre.no\/nordland\/wp-json\/wp\/v2\/category?post=2457"},{"taxonomy":"post_tag","embeddable":true,"href":"https:\/\/hoyre.no\/nordland\/wp-json\/wp\/v2\/post_tag?post=2457"},{"taxonomy":"hoyre-visibility","embeddable":true,"href":"https:\/\/hoyre.no\/nordland\/wp-json\/wp\/v2\/hoyre-visibility?post=2457"},{"taxonomy":"article-type","embeddable":true,"href":"https:\/\/hoyre.no\/nordland\/wp-json\/wp\/v2\/article-type?post=2457"},{"taxonomy":"politician","embeddable":true,"href":"https:\/\/hoyre.no\/nordland\/wp-json\/wp\/v2\/politician?post=2457"}],"curies":[{"name":"wp","href":"https:\/\/api.w.org\/{rel}","templated":true}]}}